{"id":9996,"date":"2026-08-27T16:53:02","date_gmt":"2026-08-27T15:53:02","guid":{"rendered":"https:\/\/www.smedemokrati.sk\/?p=9996"},"modified":"2026-08-27T16:53:03","modified_gmt":"2026-08-27T15:53:03","slug":"za-vypnuty-system-etcs-musi-minister-raz-vyvodit-zodpovednost","status":"publish","type":"post","link":"https:\/\/www.smedemokrati.sk\/sv\/za-vypnuty-system-etcs-musi-minister-raz-vyvodit-zodpovednost\/","title":{"rendered":"Za vypnut\u00fd syst\u00e9m ETCS mus\u00ed minister R\u00e1\u017e vyvodi\u0165 zodpovednos\u0165"},"content":{"rendered":"<div id=\"fb-root\"><\/div>\n\n<p class=\"wp-block-paragraph\"><strong>Aj dne\u0161n\u00e1 mimoriadna udalos\u0165 na \u017eelezni\u010dnej stanici v Trnave pripomenula, \u017ee na hlavnom \u017eelezni\u010dnom koridore je u\u017e nieko\u013eko mesiacov vypnut\u00fd eur\u00f3psky zabezpe\u010dovac\u00ed syst\u00e9m ETCS. Ten poskytuje ru\u0161\u0148ovodi\u010dovi inform\u00e1cie o situ\u00e1cii na trati a predstavuje \u010fal\u0161iu bezpe\u010dnostn\u00fa poistku v pr\u00edpade \u013eudskej chyby. Dopravn\u00fd \u00farad u\u017e sk\u00f4r upozornil, \u017ee nevyu\u017e\u00edvanie bezpe\u010dnostn\u00e9ho syst\u00e9mu m\u00f4\u017ee predstavova\u0165 zv\u00fd\u0161en\u00e9 bezpe\u010dnostn\u00e9 riziko pre cestuj\u00facich.<\/strong><\/p>\n\n\n\n<p class=\"wp-block-paragraph\">\u201e<em>Dnes e\u0161te nevieme a nem\u00f4\u017eeme tvrdi\u0165, \u017ee vypnut\u00e9 ETCS sp\u00f4sobilo mimoriadnu udalos\u0165 v Trnave alebo \u017ee by jej v tomto konkr\u00e9tnom pr\u00edpade zabr\u00e1nilo. To mus\u00ed uk\u00e1za\u0165 vy\u0161etrovanie. Vieme v\u0161ak nie\u010do in\u00e9: \u0161t\u00e1t na jednej z najd\u00f4le\u017eitej\u0161\u00edch trat\u00ed na Slovensku u\u017e cel\u00e9 mesiace nem\u00e1 v prev\u00e1dzke bezpe\u010dnostn\u00fd syst\u00e9m, do ktor\u00e9ho investoval desiatky mili\u00f3nov eur. A teraz sa ukazuje, \u017ee d\u00f4vodom nie je zd\u013ahav\u00e9 rozhodovanie eur\u00f3pskej agent\u00fary, ale nezvl\u00e1dnut\u00fd postup slovensk\u00fdch in\u0161tit\u00faci\u00ed,<\/em>\u201c vysvet\u013euje podpredseda Demokratov Michal Ki\u010da.<\/p>\n\n\n\n<p class=\"wp-block-paragraph\">\u017dSR p\u00f4vodne pre Denn\u00edk N vysvet\u013eovali, \u017ee op\u00e4tovn\u00e9mu zapnutiu ETCS br\u00e1ni schva\u013eovac\u00ed proces na eur\u00f3pskej \u00farovni a \u010dakaj\u00fa na vyjadrenie Eur\u00f3pskej \u017eelezni\u010dnej agent\u00fary ERA. Samotn\u00e1 ERA v\u0161ak uviedla, \u017ee od slovenskej strany neeviduje aktu\u00e1lnu \u017eiados\u0165 o schv\u00e1lenie tra\u0165ov\u00fdch zariaden\u00ed s\u00favisiacich s moderniz\u00e1ciou ETCS na \u00faseku Bratislava \u2013 \u017dilina. Pod\u013ea agent\u00fary mali \u017eeleznice o pr\u00edslu\u0161n\u00e9 pos\u00fadenie po\u017eiada\u0165 e\u0161te pred vyhl\u00e1sen\u00edm tendra na dod\u00e1vate\u013ea. \u017dSR n\u00e1sledne priznali, \u017ee s ERA prebehli iba \u00fastne rokovania a p\u00edsomn\u00e1 \u017eiados\u0165 sa e\u0161te len pripravuje.<\/p>\n\n\n\n<p class=\"wp-block-paragraph\">\u201e<em>Je to hanba nielen na slovenskej, ale aj eur\u00f3pskej \u00farovni. Ministerstvo dopravy, \u017dSR a Dopravn\u00fd \u00farad, teda in\u0161tit\u00facie toho ist\u00e9ho \u0161t\u00e1tu, si medzi sebou vysvet\u013euj\u00fa, kto mal koho a kedy kontaktova\u0165. V\u00fdsledkom je, \u017ee bezpe\u010dnostn\u00fd syst\u00e9m za desiatky mili\u00f3nov eur je vypnut\u00fd, bezpe\u010dnos\u0165 cestuj\u00facich je ohrozen\u00e1, sp\u00f4sobuje im me\u0161kania a nikto zatia\u013e nenesie zodpovednos\u0165<\/em>,\u201c dop\u013a\u0148a Ki\u010da.<\/p>\n\n\n\n<p class=\"wp-block-paragraph\">\u017dSR u\u017e sk\u00f4r dopravcom avizovali, \u017ee ETCS m\u00f4\u017ee zosta\u0165 mimo prev\u00e1dzky a\u017e do konca roka. Ru\u0161\u0148ovodi\u010di upozor\u0148ovali, \u017ee pri vypnutom syst\u00e9me nemaj\u00fa na palubn\u00fdch pr\u00edstrojoch inform\u00e1cie, ktor\u00e9 im ETCS poskytuje a pri pochyben\u00ed im ch\u00fdba jedna z technologick\u00fdch bezpe\u010dnostn\u00fdch poistiek. Osobitne upozor\u0148ovali na prich\u00e1dzaj\u00facu jese\u0148, hmly a zhor\u0161en\u00fa vidite\u013enos\u0165 n\u00e1vestidiel.<\/p>\n\n\n\n<p class=\"wp-block-paragraph\">\u201e<em>Minister dopravy Jozef R\u00e1\u017e by mal verejnosti bez \u010fal\u0161ieho prehadzovania zodpovednosti vysvetli\u0165 tri veci: kto zodpovedal za v\u010dasn\u00e9 vybavenie povolen\u00ed, pre\u010do nebola ERA osloven\u00e1 form\u00e1lnou \u017eiados\u0165ou sk\u00f4r a kedy bude ETCS na tomto koridore op\u00e4\u0165 plne k dispoz\u00edcii. Bezpe\u010dnos\u0165 cestuj\u00facich nem\u00f4\u017ee z\u00e1visie\u0165 od toho, \u010di si jednotliv\u00e9 \u00farady medzi sebou v\u010das po\u0161l\u00fa papiere. Minister by sa nemal venova\u0165 kandidat\u00fare na prim\u00e1tora, ale jeho aktu\u00e1lnej funkcii, za ktor\u00fa je platen\u00fd z verejn\u00fdch pe\u0148az\u00ed. \u017diadame, aby situ\u00e1ciu rie\u0161il a vyvodil zodpovednos\u0165,<\/em>\u201c uzavrel Michal Ki\u010da.<\/p>\n\n\n<div id=\"fb-root\"><\/div><script async defer crossorigin=\"anonymous\" src=\"https:\/\/connect.facebook.net\/sk_SK\/sdk.js#xfbml=1&version=v18.0\"><\/script><div class=\"fb-video\" data-href=\"https:\/\/fb.watch\/Jg3GAyv02W\/?\" data-width=\"560\" data-show-text=\"false\"><blockquote cite=\"https:\/\/fb.watch\/Jg3GAyv02W\/?\" class=\"fb-xfbml-parse-ignore\"><a href=\"https:\/\/fb.watch\/Jg3GAyv02W\/?\">Video<\/a><\/blockquote><\/div>\n","protected":false},"excerpt":{"rendered":"<p>Aj dne\u0161n\u00e1 mimoriadna udalos\u0165 na \u017eelezni\u010dnej stanici v Trnave pripomenula, \u017ee na hlavnom \u017eelezni\u010dnom koridore je u\u017e nieko\u013eko mesiacov vypnut\u00fd eur\u00f3psky zabezpe\u010dovac\u00ed syst\u00e9m ETCS. Ten poskytuje ru\u0161\u0148ovodi\u010dovi inform\u00e1cie o situ\u00e1cii na trati a predstavuje \u010fal\u0161iu bezpe\u010dnostn\u00fa poistku v pr\u00edpade \u013eudskej chyby. Dopravn\u00fd \u00farad u\u017e sk\u00f4r upozornil, \u017ee nevyu\u017e\u00edvanie bezpe\u010dnostn\u00e9ho syst\u00e9mu m\u00f4\u017ee predstavova\u0165 zv\u00fd\u0161en\u00e9 bezpe\u010dnostn\u00e9 riziko [&hellip;]<\/p>\n","protected":false},"author":13,"featured_media":4722,"comment_status":"closed","ping_status":"closed","sticky":false,"template":"","format":"standard","meta":{"_acf_changed":false,"ngg_post_thumbnail":0,"footnotes":""},"categories":[4],"tags":[],"class_list":["post-9996","post","type-post","status-publish","format-standard","has-post-thumbnail","hentry","category-tlacove-spravy"],"acf":[],"yoast_head":"<!-- This site is optimized with the Yoast SEO plugin v28.3 - https:\/\/yoast.com\/product\/yoast-seo-wordpress\/ -->\n<title>Za vypnut\u00fd syst\u00e9m ETCS mus\u00ed minister R\u00e1\u017e vyvodi\u0165 zodpovednos\u0165<\/title>\n<meta name=\"robots\" content=\"index, follow, max-snippet:-1, max-image-preview:large, max-video-preview:-1\" \/>\n<link rel=\"canonical\" href=\"https:\/\/www.smedemokrati.sk\/sv\/za-vypnuty-system-etcs-musi-minister-raz-vyvodit-zodpovednost\/\" \/>\n<meta property=\"og:locale\" content=\"sv_SE\" \/>\n<meta property=\"og:locale:alternate\" content=\"en_US\" \/>\n<meta property=\"og:locale:alternate\" content=\"cs_CZ\" \/>\n<meta property=\"og:locale:alternate\" content=\"hu_HU\" \/>\n<meta property=\"og:locale:alternate\" content=\"sk_SK\" \/>\n<meta property=\"og:type\" content=\"article\" \/>\n<meta property=\"og:title\" content=\"Za vypnut\u00fd syst\u00e9m ETCS mus\u00ed minister R\u00e1\u017e vyvodi\u0165 zodpovednos\u0165\" \/>\n<meta property=\"og:description\" content=\"Aj dne\u0161n\u00e1 mimoriadna udalos\u0165 na \u017eelezni\u010dnej stanici v Trnave pripomenula, \u017ee na hlavnom \u017eelezni\u010dnom koridore je u\u017e nieko\u013eko mesiacov vypnut\u00fd eur\u00f3psky zabezpe\u010dovac\u00ed syst\u00e9m ETCS. Ten poskytuje ru\u0161\u0148ovodi\u010dovi inform\u00e1cie o situ\u00e1cii na trati a predstavuje \u010fal\u0161iu bezpe\u010dnostn\u00fa poistku v pr\u00edpade \u013eudskej chyby. Dopravn\u00fd \u00farad u\u017e sk\u00f4r upozornil, \u017ee nevyu\u017e\u00edvanie bezpe\u010dnostn\u00e9ho syst\u00e9mu m\u00f4\u017ee predstavova\u0165 zv\u00fd\u0161en\u00e9 bezpe\u010dnostn\u00e9 riziko [&hellip;]\" \/>\n<meta property=\"og:url\" content=\"https:\/\/www.smedemokrati.sk\/sv\/za-vypnuty-system-etcs-musi-minister-raz-vyvodit-zodpovednost\/\" \/>\n<meta property=\"og:site_name\" content=\"Smedemokrati.sk\" \/>\n<meta property=\"article:publisher\" content=\"https:\/\/www.facebook.com\/smedemokrati2023\" \/>\n<meta property=\"article:published_time\" content=\"2026-08-27T15:53:02+00:00\" \/>\n<meta property=\"article:modified_time\" content=\"2026-08-27T15:53:03+00:00\" \/>\n<meta property=\"og:image\" content=\"https:\/\/www.smedemokrati.sk\/wp-content\/uploads\/2024\/07\/Kica-vyzyva-vladu.jpg\" \/>\n\t<meta property=\"og:image:width\" content=\"900\" \/>\n\t<meta property=\"og:image:height\" content=\"598\" \/>\n\t<meta property=\"og:image:type\" content=\"image\/jpeg\" \/>\n<meta name=\"author\" content=\"miro.sopko\" \/>\n<meta name=\"twitter:card\" content=\"summary_large_image\" \/>\n<meta name=\"twitter:label1\" content=\"Skriven av\" \/>\n\t<meta name=\"twitter:data1\" content=\"miro.sopko\" \/>\n\t<meta name=\"twitter:label2\" content=\"Ber\u00e4knad l\u00e4stid\" \/>\n\t<meta name=\"twitter:data2\" content=\"3 minuter\" \/>\n<script type=\"application\/ld+json\" class=\"yoast-schema-graph\">{\"@context\":\"https:\\\/\\\/schema.org\",\"@graph\":[{\"@type\":\"Article\",\"@id\":\"https:\\\/\\\/www.smedemokrati.sk\\\/za-vypnuty-system-etcs-musi-minister-raz-vyvodit-zodpovednost\\\/#article\",\"isPartOf\":{\"@id\":\"https:\\\/\\\/www.smedemokrati.sk\\\/za-vypnuty-system-etcs-musi-minister-raz-vyvodit-zodpovednost\\\/\"},\"author\":{\"name\":\"miro.sopko\",\"@id\":\"https:\\\/\\\/www.smedemokrati.sk\\\/#\\\/schema\\\/person\\\/21f147c88d605aa7ded900e1e7c344ba\"},\"headline\":\"Za vypnut\u00fd syst\u00e9m ETCS mus\u00ed minister R\u00e1\u017e vyvodi\u0165 zodpovednos\u0165\",\"datePublished\":\"2026-08-27T15:53:02+00:00\",\"dateModified\":\"2026-08-27T15:53:03+00:00\",\"mainEntityOfPage\":{\"@id\":\"https:\\\/\\\/www.smedemokrati.sk\\\/za-vypnuty-system-etcs-musi-minister-raz-vyvodit-zodpovednost\\\/\"},\"wordCount\":559,\"publisher\":{\"@id\":\"https:\\\/\\\/www.smedemokrati.sk\\\/#organization\"},\"image\":{\"@id\":\"https:\\\/\\\/www.smedemokrati.sk\\\/za-vypnuty-system-etcs-musi-minister-raz-vyvodit-zodpovednost\\\/#primaryimage\"},\"thumbnailUrl\":\"https:\\\/\\\/www.smedemokrati.sk\\\/wp-content\\\/uploads\\\/2024\\\/07\\\/Kica-vyzyva-vladu.jpg\",\"articleSection\":[\"Tla\u010dov\u00e9 spr\u00e1vy\"],\"inLanguage\":\"sv-SE\"},{\"@type\":\"WebPage\",\"@id\":\"https:\\\/\\\/www.smedemokrati.sk\\\/za-vypnuty-system-etcs-musi-minister-raz-vyvodit-zodpovednost\\\/\",\"url\":\"https:\\\/\\\/www.smedemokrati.sk\\\/za-vypnuty-system-etcs-musi-minister-raz-vyvodit-zodpovednost\\\/\",\"name\":\"Za vypnut\u00fd syst\u00e9m ETCS mus\u00ed minister R\u00e1\u017e vyvodi\u0165 zodpovednos\u0165\",\"isPartOf\":{\"@id\":\"https:\\\/\\\/www.smedemokrati.sk\\\/#website\"},\"primaryImageOfPage\":{\"@id\":\"https:\\\/\\\/www.smedemokrati.sk\\\/za-vypnuty-system-etcs-musi-minister-raz-vyvodit-zodpovednost\\\/#primaryimage\"},\"image\":{\"@id\":\"https:\\\/\\\/www.smedemokrati.sk\\\/za-vypnuty-system-etcs-musi-minister-raz-vyvodit-zodpovednost\\\/#primaryimage\"},\"thumbnailUrl\":\"https:\\\/\\\/www.smedemokrati.sk\\\/wp-content\\\/uploads\\\/2024\\\/07\\\/Kica-vyzyva-vladu.jpg\",\"datePublished\":\"2026-08-27T15:53:02+00:00\",\"dateModified\":\"2026-08-27T15:53:03+00:00\",\"breadcrumb\":{\"@id\":\"https:\\\/\\\/www.smedemokrati.sk\\\/za-vypnuty-system-etcs-musi-minister-raz-vyvodit-zodpovednost\\\/#breadcrumb\"},\"inLanguage\":\"sv-SE\",\"potentialAction\":[{\"@type\":\"ReadAction\",\"target\":[\"https:\\\/\\\/www.smedemokrati.sk\\\/za-vypnuty-system-etcs-musi-minister-raz-vyvodit-zodpovednost\\\/\"]}]},{\"@type\":\"ImageObject\",\"inLanguage\":\"sv-SE\",\"@id\":\"https:\\\/\\\/www.smedemokrati.sk\\\/za-vypnuty-system-etcs-musi-minister-raz-vyvodit-zodpovednost\\\/#primaryimage\",\"url\":\"https:\\\/\\\/www.smedemokrati.sk\\\/wp-content\\\/uploads\\\/2024\\\/07\\\/Kica-vyzyva-vladu.jpg\",\"contentUrl\":\"https:\\\/\\\/www.smedemokrati.sk\\\/wp-content\\\/uploads\\\/2024\\\/07\\\/Kica-vyzyva-vladu.jpg\",\"width\":900,\"height\":598},{\"@type\":\"BreadcrumbList\",\"@id\":\"https:\\\/\\\/www.smedemokrati.sk\\\/za-vypnuty-system-etcs-musi-minister-raz-vyvodit-zodpovednost\\\/#breadcrumb\",\"itemListElement\":[{\"@type\":\"ListItem\",\"position\":1,\"name\":\"Domovsk\u00e1 str\u00e1nka\",\"item\":\"https:\\\/\\\/www.smedemokrati.sk\\\/\"},{\"@type\":\"ListItem\",\"position\":2,\"name\":\"Za vypnut\u00fd syst\u00e9m ETCS mus\u00ed minister R\u00e1\u017e vyvodi\u0165 zodpovednos\u0165\"}]},{\"@type\":\"WebSite\",\"@id\":\"https:\\\/\\\/www.smedemokrati.sk\\\/#website\",\"url\":\"https:\\\/\\\/www.smedemokrati.sk\\\/\",\"name\":\"Smedemokrati.sk\",\"description\":\"Demokracia a slu\u0161nos\u0165 zv\u00ed\u0165az\u00ed\",\"publisher\":{\"@id\":\"https:\\\/\\\/www.smedemokrati.sk\\\/#organization\"},\"potentialAction\":[{\"@type\":\"SearchAction\",\"target\":{\"@type\":\"EntryPoint\",\"urlTemplate\":\"https:\\\/\\\/www.smedemokrati.sk\\\/?s={search_term_string}\"},\"query-input\":{\"@type\":\"PropertyValueSpecification\",\"valueRequired\":true,\"valueName\":\"search_term_string\"}}],\"inLanguage\":\"sv-SE\"},{\"@type\":\"Organization\",\"@id\":\"https:\\\/\\\/www.smedemokrati.sk\\\/#organization\",\"name\":\"Smedemokrati.sk\",\"url\":\"https:\\\/\\\/www.smedemokrati.sk\\\/\",\"logo\":{\"@type\":\"ImageObject\",\"inLanguage\":\"sv-SE\",\"@id\":\"https:\\\/\\\/www.smedemokrati.sk\\\/#\\\/schema\\\/logo\\\/image\\\/\",\"url\":\"https:\\\/\\\/www.smedemokrati.sk\\\/wp-content\\\/uploads\\\/2023\\\/04\\\/ff.002.jpeg\",\"contentUrl\":\"https:\\\/\\\/www.smedemokrati.sk\\\/wp-content\\\/uploads\\\/2023\\\/04\\\/ff.002.jpeg\",\"width\":640,\"height\":480,\"caption\":\"Smedemokrati.sk\"},\"image\":{\"@id\":\"https:\\\/\\\/www.smedemokrati.sk\\\/#\\\/schema\\\/logo\\\/image\\\/\"},\"sameAs\":[\"https:\\\/\\\/www.facebook.com\\\/smedemokrati2023\"]},{\"@type\":\"Person\",\"@id\":\"https:\\\/\\\/www.smedemokrati.sk\\\/#\\\/schema\\\/person\\\/21f147c88d605aa7ded900e1e7c344ba\",\"name\":\"miro.sopko\",\"image\":{\"@type\":\"ImageObject\",\"inLanguage\":\"sv-SE\",\"@id\":\"https:\\\/\\\/secure.gravatar.com\\\/avatar\\\/267e4a36f704376c109afe3a78740c1f5dd8675a2180a908699e7863c9247606?s=96&d=mm&r=g\",\"url\":\"https:\\\/\\\/secure.gravatar.com\\\/avatar\\\/267e4a36f704376c109afe3a78740c1f5dd8675a2180a908699e7863c9247606?s=96&d=mm&r=g\",\"contentUrl\":\"https:\\\/\\\/secure.gravatar.com\\\/avatar\\\/267e4a36f704376c109afe3a78740c1f5dd8675a2180a908699e7863c9247606?s=96&d=mm&r=g\",\"caption\":\"miro.sopko\"},\"url\":\"https:\\\/\\\/www.smedemokrati.sk\\\/sv\\\/author\\\/miro-sopko\\\/\"}]}<\/script>\n<!-- \/ Yoast SEO plugin. -->","yoast_head_json":{"title":"Za vypnut\u00fd syst\u00e9m ETCS mus\u00ed minister R\u00e1\u017e vyvodi\u0165 zodpovednos\u0165","robots":{"index":"index","follow":"follow","max-snippet":"max-snippet:-1","max-image-preview":"max-image-preview:large","max-video-preview":"max-video-preview:-1"},"canonical":"https:\/\/www.smedemokrati.sk\/sv\/za-vypnuty-system-etcs-musi-minister-raz-vyvodit-zodpovednost\/","og_locale":"sv_SE","og_type":"article","og_title":"[:sk]Za vypnut\u00fd syst\u00e9m ETCS mus\u00ed minister R\u00e1\u017e vyvodi\u0165 zodpovednos\u0165[:] - Smedemokrati.sk","og_description":"Aj dne\u0161n\u00e1 mimoriadna udalos\u0165 na \u017eelezni\u010dnej stanici v Trnave pripomenula, \u017ee na hlavnom \u017eelezni\u010dnom koridore je u\u017e nieko\u013eko mesiacov vypnut\u00fd eur\u00f3psky zabezpe\u010dovac\u00ed syst\u00e9m ETCS. Ten poskytuje ru\u0161\u0148ovodi\u010dovi inform\u00e1cie o situ\u00e1cii na trati a predstavuje \u010fal\u0161iu bezpe\u010dnostn\u00fa poistku v pr\u00edpade \u013eudskej chyby. Dopravn\u00fd \u00farad u\u017e sk\u00f4r upozornil, \u017ee nevyu\u017e\u00edvanie bezpe\u010dnostn\u00e9ho syst\u00e9mu m\u00f4\u017ee predstavova\u0165 zv\u00fd\u0161en\u00e9 bezpe\u010dnostn\u00e9 riziko [&hellip;]","og_url":"https:\/\/www.smedemokrati.sk\/sv\/za-vypnuty-system-etcs-musi-minister-raz-vyvodit-zodpovednost\/","og_site_name":"Smedemokrati.sk","article_publisher":"https:\/\/www.facebook.com\/smedemokrati2023","article_published_time":"2026-08-27T15:53:02+00:00","article_modified_time":"2026-08-27T15:53:03+00:00","og_image":[{"width":900,"height":598,"url":"https:\/\/www.smedemokrati.sk\/wp-content\/uploads\/2024\/07\/Kica-vyzyva-vladu.jpg","type":"image\/jpeg"}],"author":"miro.sopko","twitter_card":"summary_large_image","twitter_misc":{"Skriven av":"miro.sopko","Ber\u00e4knad l\u00e4stid":"3 minuter"},"schema":{"@context":"https:\/\/schema.org","@graph":[{"@type":"Article","@id":"https:\/\/www.smedemokrati.sk\/za-vypnuty-system-etcs-musi-minister-raz-vyvodit-zodpovednost\/#article","isPartOf":{"@id":"https:\/\/www.smedemokrati.sk\/za-vypnuty-system-etcs-musi-minister-raz-vyvodit-zodpovednost\/"},"author":{"name":"miro.sopko","@id":"https:\/\/www.smedemokrati.sk\/#\/schema\/person\/21f147c88d605aa7ded900e1e7c344ba"},"headline":"Za vypnut\u00fd syst\u00e9m ETCS mus\u00ed minister R\u00e1\u017e vyvodi\u0165 zodpovednos\u0165","datePublished":"2026-08-27T15:53:02+00:00","dateModified":"2026-08-27T15:53:03+00:00","mainEntityOfPage":{"@id":"https:\/\/www.smedemokrati.sk\/za-vypnuty-system-etcs-musi-minister-raz-vyvodit-zodpovednost\/"},"wordCount":559,"publisher":{"@id":"https:\/\/www.smedemokrati.sk\/#organization"},"image":{"@id":"https:\/\/www.smedemokrati.sk\/za-vypnuty-system-etcs-musi-minister-raz-vyvodit-zodpovednost\/#primaryimage"},"thumbnailUrl":"https:\/\/www.smedemokrati.sk\/wp-content\/uploads\/2024\/07\/Kica-vyzyva-vladu.jpg","articleSection":["Tla\u010dov\u00e9 spr\u00e1vy"],"inLanguage":"sv-SE"},{"@type":"WebPage","@id":"https:\/\/www.smedemokrati.sk\/za-vypnuty-system-etcs-musi-minister-raz-vyvodit-zodpovednost\/","url":"https:\/\/www.smedemokrati.sk\/za-vypnuty-system-etcs-musi-minister-raz-vyvodit-zodpovednost\/","name":"Za vypnut\u00fd syst\u00e9m ETCS mus\u00ed minister R\u00e1\u017e vyvodi\u0165 zodpovednos\u0165","isPartOf":{"@id":"https:\/\/www.smedemokrati.sk\/#website"},"primaryImageOfPage":{"@id":"https:\/\/www.smedemokrati.sk\/za-vypnuty-system-etcs-musi-minister-raz-vyvodit-zodpovednost\/#primaryimage"},"image":{"@id":"https:\/\/www.smedemokrati.sk\/za-vypnuty-system-etcs-musi-minister-raz-vyvodit-zodpovednost\/#primaryimage"},"thumbnailUrl":"https:\/\/www.smedemokrati.sk\/wp-content\/uploads\/2024\/07\/Kica-vyzyva-vladu.jpg","datePublished":"2026-08-27T15:53:02+00:00","dateModified":"2026-08-27T15:53:03+00:00","breadcrumb":{"@id":"https:\/\/www.smedemokrati.sk\/za-vypnuty-system-etcs-musi-minister-raz-vyvodit-zodpovednost\/#breadcrumb"},"inLanguage":"sv-SE","potentialAction":[{"@type":"ReadAction","target":["https:\/\/www.smedemokrati.sk\/za-vypnuty-system-etcs-musi-minister-raz-vyvodit-zodpovednost\/"]}]},{"@type":"ImageObject","inLanguage":"sv-SE","@id":"https:\/\/www.smedemokrati.sk\/za-vypnuty-system-etcs-musi-minister-raz-vyvodit-zodpovednost\/#primaryimage","url":"https:\/\/www.smedemokrati.sk\/wp-content\/uploads\/2024\/07\/Kica-vyzyva-vladu.jpg","contentUrl":"https:\/\/www.smedemokrati.sk\/wp-content\/uploads\/2024\/07\/Kica-vyzyva-vladu.jpg","width":900,"height":598},{"@type":"BreadcrumbList","@id":"https:\/\/www.smedemokrati.sk\/za-vypnuty-system-etcs-musi-minister-raz-vyvodit-zodpovednost\/#breadcrumb","itemListElement":[{"@type":"ListItem","position":1,"name":"Domovsk\u00e1 str\u00e1nka","item":"https:\/\/www.smedemokrati.sk\/"},{"@type":"ListItem","position":2,"name":"Za vypnut\u00fd syst\u00e9m ETCS mus\u00ed minister R\u00e1\u017e vyvodi\u0165 zodpovednos\u0165"}]},{"@type":"WebSite","@id":"https:\/\/www.smedemokrati.sk\/#website","url":"https:\/\/www.smedemokrati.sk\/","name":"Smedemokrati.sk","description":"Demokracia a slu\u0161nos\u0165 zv\u00ed\u0165az\u00ed","publisher":{"@id":"https:\/\/www.smedemokrati.sk\/#organization"},"potentialAction":[{"@type":"SearchAction","target":{"@type":"EntryPoint","urlTemplate":"https:\/\/www.smedemokrati.sk\/?s={search_term_string}"},"query-input":{"@type":"PropertyValueSpecification","valueRequired":true,"valueName":"search_term_string"}}],"inLanguage":"sv-SE"},{"@type":"Organization","@id":"https:\/\/www.smedemokrati.sk\/#organization","name":"Smedemokrati.sk","url":"https:\/\/www.smedemokrati.sk\/","logo":{"@type":"ImageObject","inLanguage":"sv-SE","@id":"https:\/\/www.smedemokrati.sk\/#\/schema\/logo\/image\/","url":"https:\/\/www.smedemokrati.sk\/wp-content\/uploads\/2023\/04\/ff.002.jpeg","contentUrl":"https:\/\/www.smedemokrati.sk\/wp-content\/uploads\/2023\/04\/ff.002.jpeg","width":640,"height":480,"caption":"Smedemokrati.sk"},"image":{"@id":"https:\/\/www.smedemokrati.sk\/#\/schema\/logo\/image\/"},"sameAs":["https:\/\/www.facebook.com\/smedemokrati2023"]},{"@type":"Person","@id":"https:\/\/www.smedemokrati.sk\/#\/schema\/person\/21f147c88d605aa7ded900e1e7c344ba","name":"miro.sopko","image":{"@type":"ImageObject","inLanguage":"sv-SE","@id":"https:\/\/secure.gravatar.com\/avatar\/267e4a36f704376c109afe3a78740c1f5dd8675a2180a908699e7863c9247606?s=96&d=mm&r=g","url":"https:\/\/secure.gravatar.com\/avatar\/267e4a36f704376c109afe3a78740c1f5dd8675a2180a908699e7863c9247606?s=96&d=mm&r=g","contentUrl":"https:\/\/secure.gravatar.com\/avatar\/267e4a36f704376c109afe3a78740c1f5dd8675a2180a908699e7863c9247606?s=96&d=mm&r=g","caption":"miro.sopko"},"url":"https:\/\/www.smedemokrati.sk\/sv\/author\/miro-sopko\/"}]}},"_links":{"self":[{"href":"https:\/\/www.smedemokrati.sk\/sv\/wp-json\/wp\/v2\/posts\/9996","targetHints":{"allow":["GET"]}}],"collection":[{"href":"https:\/\/www.smedemokrati.sk\/sv\/wp-json\/wp\/v2\/posts"}],"about":[{"href":"https:\/\/www.smedemokrati.sk\/sv\/wp-json\/wp\/v2\/types\/post"}],"author":[{"embeddable":true,"href":"https:\/\/www.smedemokrati.sk\/sv\/wp-json\/wp\/v2\/users\/13"}],"replies":[{"embeddable":true,"href":"https:\/\/www.smedemokrati.sk\/sv\/wp-json\/wp\/v2\/comments?post=9996"}],"version-history":[{"count":1,"href":"https:\/\/www.smedemokrati.sk\/sv\/wp-json\/wp\/v2\/posts\/9996\/revisions"}],"predecessor-version":[{"id":9997,"href":"https:\/\/www.smedemokrati.sk\/sv\/wp-json\/wp\/v2\/posts\/9996\/revisions\/9997"}],"wp:featuredmedia":[{"embeddable":true,"href":"https:\/\/www.smedemokrati.sk\/sv\/wp-json\/wp\/v2\/media\/4722"}],"wp:attachment":[{"href":"https:\/\/www.smedemokrati.sk\/sv\/wp-json\/wp\/v2\/media?parent=9996"}],"wp:term":[{"taxonomy":"category","embeddable":true,"href":"https:\/\/www.smedemokrati.sk\/sv\/wp-json\/wp\/v2\/categories?post=9996"},{"taxonomy":"post_tag","embeddable":true,"href":"https:\/\/www.smedemokrati.sk\/sv\/wp-json\/wp\/v2\/tags?post=9996"}],"curies":[{"name":"wp","href":"https:\/\/api.w.org\/{rel}","templated":true}]}}