{"id":976,"date":"2023-05-23T14:26:49","date_gmt":"2023-05-23T12:26:49","guid":{"rendered":"https:\/\/www.smedemokrati.sk\/?p=976"},"modified":"2023-05-26T08:31:06","modified_gmt":"2023-05-26T06:31:06","slug":"heger-sebectvo-v-parlamente-opat-zvitazilo","status":"publish","type":"post","link":"https:\/\/www.smedemokrati.sk\/sv\/heger-sebectvo-v-parlamente-opat-zvitazilo\/","title":{"rendered":"Heger: \u201eSebectvo v parlamente op\u00e4\u0165 zv\u00ed\u0165azilo.\u201c"},"content":{"rendered":"<div id=\"fb-root\"><\/div>\n\n<p>\u201eV\u0161etci <strong>okrem poslancov za stranu Demokrati<\/strong> dnes v parlamente \u017eia\u013e <strong>za\u0165ali<\/strong> odhadom <strong>sekeru 600 mili\u00f3nov eur.<\/strong> Je to maxim\u00e1lne nezodpovedn\u00e9, ka\u017ed\u00fd r\u00e1d rozd\u00e1va, ale zodpovedn\u00fd \u010dlovek mus\u00ed poveda\u0165 z \u010doho. Op\u00e4\u0165 raz to zaplatia \u013eudia zo svojich dan\u00ed. Bude n\u00e1m to ch\u00fdba\u0165 pri obnove nemocn\u00edc, \u0161k\u00f4lok \u010di pri stavbe ciest.&nbsp;<br>A \u0161peci\u00e1lne som prekvapen\u00fd, \u017ee sa <strong>do kampa\u0148ovej rozd\u00e1va\u010dky zapojila aj SaSka<\/strong>, ktor\u00e1 o sebe hovorila ako o strane rozpo\u010dtovej zodpovednosti, nepochopite\u013en\u00e9&#8230; <strong>a rovnako O\u013eano Igora Matovi\u010da<\/strong>, ktor\u00fd odsudzoval ka\u017ed\u00fd nekryt\u00fd n\u00e1vrh.<br><strong>Dnes<\/strong>, \u017eia\u013e, <strong>zv\u00ed\u0165azili populisti<\/strong>, ktor\u00ed sa sebecky rozhodli nah\u00e1\u0148a\u0165 popularitu pred vo\u013ebami a ignorova\u0165, \u010do to sprav\u00ed z bud\u00facnos\u0165ou verejn\u00fdch financi\u00ed.&nbsp;<br>Som r\u00e1d, \u017ee sa n\u00e1m podarilo uchr\u00e1ni\u0165 815 mili\u00f3nov z pl\u00e1nu obnovy, aspo\u0148 tu zv\u00ed\u0165azil zdrav\u00fd rozum.\u201c<\/p>\n","protected":false},"excerpt":{"rendered":"<p>\u201eV\u0161etci okrem poslancov za stranu Demokrati dnes v parlamente \u017eia\u013e za\u0165ali odhadom sekeru 600 mili\u00f3nov eur. Je to maxim\u00e1lne nezodpovedn\u00e9, ka\u017ed\u00fd r\u00e1d rozd\u00e1va, ale zodpovedn\u00fd \u010dlovek mus\u00ed poveda\u0165 z \u010doho. Op\u00e4\u0165 raz to zaplatia \u013eudia zo svojich dan\u00ed. Bude n\u00e1m to ch\u00fdba\u0165 pri obnove nemocn\u00edc, \u0161k\u00f4lok \u010di pri stavbe ciest.&nbsp;A \u0161peci\u00e1lne som prekvapen\u00fd, \u017ee sa [&hellip;]<\/p>\n","protected":false},"author":7,"featured_media":977,"comment_status":"closed","ping_status":"closed","sticky":false,"template":"","format":"standard","meta":{"_acf_changed":false,"ngg_post_thumbnail":0,"footnotes":""},"categories":[4],"tags":[],"class_list":["post-976","post","type-post","status-publish","format-standard","has-post-thumbnail","hentry","category-tlacove-spravy"],"acf":[],"yoast_head":"<!-- This site is optimized with the Yoast SEO plugin v27.2 - https:\/\/yoast.com\/product\/yoast-seo-wordpress\/ -->\n<title>Heger: \u201eSebectvo v parlamente op\u00e4\u0165 zv\u00ed\u0165azilo.\u201c - Smedemokrati.sk<\/title>\n<meta name=\"robots\" content=\"index, follow, max-snippet:-1, max-image-preview:large, max-video-preview:-1\" \/>\n<link rel=\"canonical\" href=\"https:\/\/www.smedemokrati.sk\/sv\/heger-sebectvo-v-parlamente-opat-zvitazilo\/\" \/>\n<meta property=\"og:locale\" content=\"sv_SE\" \/>\n<meta property=\"og:locale:alternate\" content=\"en_US\" \/>\n<meta property=\"og:locale:alternate\" content=\"cs_CZ\" \/>\n<meta property=\"og:locale:alternate\" content=\"hu_HU\" \/>\n<meta property=\"og:locale:alternate\" content=\"sk_SK\" \/>\n<meta property=\"og:type\" content=\"article\" \/>\n<meta property=\"og:title\" content=\"Heger: \u201eSebectvo v parlamente op\u00e4\u0165 zv\u00ed\u0165azilo.\u201c - Smedemokrati.sk\" \/>\n<meta property=\"og:description\" content=\"\u201eV\u0161etci okrem poslancov za stranu Demokrati dnes v parlamente \u017eia\u013e za\u0165ali odhadom sekeru 600 mili\u00f3nov eur. Je to maxim\u00e1lne nezodpovedn\u00e9, ka\u017ed\u00fd r\u00e1d rozd\u00e1va, ale zodpovedn\u00fd \u010dlovek mus\u00ed poveda\u0165 z \u010doho. Op\u00e4\u0165 raz to zaplatia \u013eudia zo svojich dan\u00ed. Bude n\u00e1m to ch\u00fdba\u0165 pri obnove nemocn\u00edc, \u0161k\u00f4lok \u010di pri stavbe ciest.&nbsp;A \u0161peci\u00e1lne som prekvapen\u00fd, \u017ee sa [&hellip;]\" \/>\n<meta property=\"og:url\" content=\"https:\/\/www.smedemokrati.sk\/sv\/heger-sebectvo-v-parlamente-opat-zvitazilo\/\" \/>\n<meta property=\"og:site_name\" content=\"Smedemokrati.sk\" \/>\n<meta property=\"article:publisher\" content=\"https:\/\/www.facebook.com\/smedemokrati2023\" \/>\n<meta property=\"article:published_time\" content=\"2023-05-23T12:26:49+00:00\" \/>\n<meta property=\"article:modified_time\" content=\"2023-05-26T06:31:06+00:00\" \/>\n<meta property=\"og:image\" content=\"https:\/\/www.smedemokrati.sk\/wp-content\/uploads\/2023\/05\/347389476_1392744451267095_3919071499713921655_n.jpg\" \/>\n\t<meta property=\"og:image:width\" content=\"1920\" \/>\n\t<meta property=\"og:image:height\" content=\"1277\" \/>\n\t<meta property=\"og:image:type\" content=\"image\/jpeg\" \/>\n<meta name=\"author\" content=\"Tom\u00e1\u0161 Koppl\" \/>\n<meta name=\"twitter:card\" content=\"summary_large_image\" \/>\n<meta name=\"twitter:label1\" content=\"Skriven av\" \/>\n\t<meta name=\"twitter:data1\" content=\"Tom\u00e1\u0161 Koppl\" \/>\n\t<meta name=\"twitter:label2\" content=\"Ber\u00e4knad l\u00e4stid\" \/>\n\t<meta name=\"twitter:data2\" content=\"1 minut\" \/>\n<script type=\"application\/ld+json\" class=\"yoast-schema-graph\">{\"@context\":\"https:\/\/schema.org\",\"@graph\":[{\"@type\":\"Article\",\"@id\":\"https:\/\/www.smedemokrati.sk\/heger-sebectvo-v-parlamente-opat-zvitazilo\/#article\",\"isPartOf\":{\"@id\":\"https:\/\/www.smedemokrati.sk\/heger-sebectvo-v-parlamente-opat-zvitazilo\/\"},\"author\":{\"name\":\"Tom\u00e1\u0161 Koppl\",\"@id\":\"https:\/\/www.smedemokrati.sk\/#\/schema\/person\/c60720f4b9955b3c1ed222ebd1fbbc7c\"},\"headline\":\"Heger: \u201eSebectvo v parlamente op\u00e4\u0165 zv\u00ed\u0165azilo.\u201c\",\"datePublished\":\"2023-05-23T12:26:49+00:00\",\"dateModified\":\"2023-05-26T06:31:06+00:00\",\"mainEntityOfPage\":{\"@id\":\"https:\/\/www.smedemokrati.sk\/heger-sebectvo-v-parlamente-opat-zvitazilo\/\"},\"wordCount\":160,\"publisher\":{\"@id\":\"https:\/\/www.smedemokrati.sk\/#organization\"},\"image\":{\"@id\":\"https:\/\/www.smedemokrati.sk\/heger-sebectvo-v-parlamente-opat-zvitazilo\/#primaryimage\"},\"thumbnailUrl\":\"https:\/\/www.smedemokrati.sk\/wp-content\/uploads\/2023\/05\/347389476_1392744451267095_3919071499713921655_n.jpg\",\"articleSection\":[\"Tla\u010dov\u00e9 spr\u00e1vy\"],\"inLanguage\":\"sv-SE\"},{\"@type\":\"WebPage\",\"@id\":\"https:\/\/www.smedemokrati.sk\/heger-sebectvo-v-parlamente-opat-zvitazilo\/\",\"url\":\"https:\/\/www.smedemokrati.sk\/heger-sebectvo-v-parlamente-opat-zvitazilo\/\",\"name\":\"Heger: \u201eSebectvo v parlamente op\u00e4\u0165 zv\u00ed\u0165azilo.\u201c - Smedemokrati.sk\",\"isPartOf\":{\"@id\":\"https:\/\/www.smedemokrati.sk\/#website\"},\"primaryImageOfPage\":{\"@id\":\"https:\/\/www.smedemokrati.sk\/heger-sebectvo-v-parlamente-opat-zvitazilo\/#primaryimage\"},\"image\":{\"@id\":\"https:\/\/www.smedemokrati.sk\/heger-sebectvo-v-parlamente-opat-zvitazilo\/#primaryimage\"},\"thumbnailUrl\":\"https:\/\/www.smedemokrati.sk\/wp-content\/uploads\/2023\/05\/347389476_1392744451267095_3919071499713921655_n.jpg\",\"datePublished\":\"2023-05-23T12:26:49+00:00\",\"dateModified\":\"2023-05-26T06:31:06+00:00\",\"breadcrumb\":{\"@id\":\"https:\/\/www.smedemokrati.sk\/heger-sebectvo-v-parlamente-opat-zvitazilo\/#breadcrumb\"},\"inLanguage\":\"sv-SE\",\"potentialAction\":[{\"@type\":\"ReadAction\",\"target\":[\"https:\/\/www.smedemokrati.sk\/heger-sebectvo-v-parlamente-opat-zvitazilo\/\"]}]},{\"@type\":\"ImageObject\",\"inLanguage\":\"sv-SE\",\"@id\":\"https:\/\/www.smedemokrati.sk\/heger-sebectvo-v-parlamente-opat-zvitazilo\/#primaryimage\",\"url\":\"https:\/\/www.smedemokrati.sk\/wp-content\/uploads\/2023\/05\/347389476_1392744451267095_3919071499713921655_n.jpg\",\"contentUrl\":\"https:\/\/www.smedemokrati.sk\/wp-content\/uploads\/2023\/05\/347389476_1392744451267095_3919071499713921655_n.jpg\",\"width\":1920,\"height\":1277},{\"@type\":\"BreadcrumbList\",\"@id\":\"https:\/\/www.smedemokrati.sk\/heger-sebectvo-v-parlamente-opat-zvitazilo\/#breadcrumb\",\"itemListElement\":[{\"@type\":\"ListItem\",\"position\":1,\"name\":\"Domovsk\u00e1 str\u00e1nka\",\"item\":\"https:\/\/www.smedemokrati.sk\/\"},{\"@type\":\"ListItem\",\"position\":2,\"name\":\"Heger: \u201eSebectvo v parlamente op\u00e4\u0165 zv\u00ed\u0165azilo.\u201c\"}]},{\"@type\":\"WebSite\",\"@id\":\"https:\/\/www.smedemokrati.sk\/#website\",\"url\":\"https:\/\/www.smedemokrati.sk\/\",\"name\":\"Smedemokrati.sk\",\"description\":\"Demokracia a slu\u0161nos\u0165 zv\u00ed\u0165az\u00ed\",\"publisher\":{\"@id\":\"https:\/\/www.smedemokrati.sk\/#organization\"},\"potentialAction\":[{\"@type\":\"SearchAction\",\"target\":{\"@type\":\"EntryPoint\",\"urlTemplate\":\"https:\/\/www.smedemokrati.sk\/?s={search_term_string}\"},\"query-input\":{\"@type\":\"PropertyValueSpecification\",\"valueRequired\":true,\"valueName\":\"search_term_string\"}}],\"inLanguage\":\"sv-SE\"},{\"@type\":\"Organization\",\"@id\":\"https:\/\/www.smedemokrati.sk\/#organization\",\"name\":\"Smedemokrati.sk\",\"url\":\"https:\/\/www.smedemokrati.sk\/\",\"logo\":{\"@type\":\"ImageObject\",\"inLanguage\":\"sv-SE\",\"@id\":\"https:\/\/www.smedemokrati.sk\/#\/schema\/logo\/image\/\",\"url\":\"https:\/\/www.smedemokrati.sk\/wp-content\/uploads\/2023\/04\/ff.002.jpeg\",\"contentUrl\":\"https:\/\/www.smedemokrati.sk\/wp-content\/uploads\/2023\/04\/ff.002.jpeg\",\"width\":640,\"height\":480,\"caption\":\"Smedemokrati.sk\"},\"image\":{\"@id\":\"https:\/\/www.smedemokrati.sk\/#\/schema\/logo\/image\/\"},\"sameAs\":[\"https:\/\/www.facebook.com\/smedemokrati2023\"]},{\"@type\":\"Person\",\"@id\":\"https:\/\/www.smedemokrati.sk\/#\/schema\/person\/c60720f4b9955b3c1ed222ebd1fbbc7c\",\"name\":\"Tom\u00e1\u0161 Koppl\",\"image\":{\"@type\":\"ImageObject\",\"inLanguage\":\"sv-SE\",\"@id\":\"https:\/\/secure.gravatar.com\/avatar\/8dfa38373c5e39821baf74c8e867a6f12e12c6dab6559aa999d10703b0b1c4ce?s=96&d=mm&r=g\",\"url\":\"https:\/\/secure.gravatar.com\/avatar\/8dfa38373c5e39821baf74c8e867a6f12e12c6dab6559aa999d10703b0b1c4ce?s=96&d=mm&r=g\",\"contentUrl\":\"https:\/\/secure.gravatar.com\/avatar\/8dfa38373c5e39821baf74c8e867a6f12e12c6dab6559aa999d10703b0b1c4ce?s=96&d=mm&r=g\",\"caption\":\"Tom\u00e1\u0161 Koppl\"},\"url\":\"https:\/\/www.smedemokrati.sk\/sv\/author\/tomaskoppl\/\"}]}<\/script>\n<!-- \/ Yoast SEO plugin. -->","yoast_head_json":{"title":"Heger: \u201eSebectvo v parlamente op\u00e4\u0165 zv\u00ed\u0165azilo.\u201c - Smedemokrati.sk","robots":{"index":"index","follow":"follow","max-snippet":"max-snippet:-1","max-image-preview":"max-image-preview:large","max-video-preview":"max-video-preview:-1"},"canonical":"https:\/\/www.smedemokrati.sk\/sv\/heger-sebectvo-v-parlamente-opat-zvitazilo\/","og_locale":"sv_SE","og_type":"article","og_title":"Heger: \u201eSebectvo v parlamente op\u00e4\u0165 zv\u00ed\u0165azilo.\u201c - Smedemokrati.sk","og_description":"\u201eV\u0161etci okrem poslancov za stranu Demokrati dnes v parlamente \u017eia\u013e za\u0165ali odhadom sekeru 600 mili\u00f3nov eur. Je to maxim\u00e1lne nezodpovedn\u00e9, ka\u017ed\u00fd r\u00e1d rozd\u00e1va, ale zodpovedn\u00fd \u010dlovek mus\u00ed poveda\u0165 z \u010doho. Op\u00e4\u0165 raz to zaplatia \u013eudia zo svojich dan\u00ed. Bude n\u00e1m to ch\u00fdba\u0165 pri obnove nemocn\u00edc, \u0161k\u00f4lok \u010di pri stavbe ciest.&nbsp;A \u0161peci\u00e1lne som prekvapen\u00fd, \u017ee sa [&hellip;]","og_url":"https:\/\/www.smedemokrati.sk\/sv\/heger-sebectvo-v-parlamente-opat-zvitazilo\/","og_site_name":"Smedemokrati.sk","article_publisher":"https:\/\/www.facebook.com\/smedemokrati2023","article_published_time":"2023-05-23T12:26:49+00:00","article_modified_time":"2023-05-26T06:31:06+00:00","og_image":[{"width":1920,"height":1277,"url":"https:\/\/www.smedemokrati.sk\/wp-content\/uploads\/2023\/05\/347389476_1392744451267095_3919071499713921655_n.jpg","type":"image\/jpeg"}],"author":"Tom\u00e1\u0161 Koppl","twitter_card":"summary_large_image","twitter_misc":{"Skriven av":"Tom\u00e1\u0161 Koppl","Ber\u00e4knad l\u00e4stid":"1 minut"},"schema":{"@context":"https:\/\/schema.org","@graph":[{"@type":"Article","@id":"https:\/\/www.smedemokrati.sk\/heger-sebectvo-v-parlamente-opat-zvitazilo\/#article","isPartOf":{"@id":"https:\/\/www.smedemokrati.sk\/heger-sebectvo-v-parlamente-opat-zvitazilo\/"},"author":{"name":"Tom\u00e1\u0161 Koppl","@id":"https:\/\/www.smedemokrati.sk\/#\/schema\/person\/c60720f4b9955b3c1ed222ebd1fbbc7c"},"headline":"Heger: \u201eSebectvo v parlamente op\u00e4\u0165 zv\u00ed\u0165azilo.\u201c","datePublished":"2023-05-23T12:26:49+00:00","dateModified":"2023-05-26T06:31:06+00:00","mainEntityOfPage":{"@id":"https:\/\/www.smedemokrati.sk\/heger-sebectvo-v-parlamente-opat-zvitazilo\/"},"wordCount":160,"publisher":{"@id":"https:\/\/www.smedemokrati.sk\/#organization"},"image":{"@id":"https:\/\/www.smedemokrati.sk\/heger-sebectvo-v-parlamente-opat-zvitazilo\/#primaryimage"},"thumbnailUrl":"https:\/\/www.smedemokrati.sk\/wp-content\/uploads\/2023\/05\/347389476_1392744451267095_3919071499713921655_n.jpg","articleSection":["Tla\u010dov\u00e9 spr\u00e1vy"],"inLanguage":"sv-SE"},{"@type":"WebPage","@id":"https:\/\/www.smedemokrati.sk\/heger-sebectvo-v-parlamente-opat-zvitazilo\/","url":"https:\/\/www.smedemokrati.sk\/heger-sebectvo-v-parlamente-opat-zvitazilo\/","name":"Heger: \u201eSebectvo v parlamente op\u00e4\u0165 zv\u00ed\u0165azilo.\u201c - Smedemokrati.sk","isPartOf":{"@id":"https:\/\/www.smedemokrati.sk\/#website"},"primaryImageOfPage":{"@id":"https:\/\/www.smedemokrati.sk\/heger-sebectvo-v-parlamente-opat-zvitazilo\/#primaryimage"},"image":{"@id":"https:\/\/www.smedemokrati.sk\/heger-sebectvo-v-parlamente-opat-zvitazilo\/#primaryimage"},"thumbnailUrl":"https:\/\/www.smedemokrati.sk\/wp-content\/uploads\/2023\/05\/347389476_1392744451267095_3919071499713921655_n.jpg","datePublished":"2023-05-23T12:26:49+00:00","dateModified":"2023-05-26T06:31:06+00:00","breadcrumb":{"@id":"https:\/\/www.smedemokrati.sk\/heger-sebectvo-v-parlamente-opat-zvitazilo\/#breadcrumb"},"inLanguage":"sv-SE","potentialAction":[{"@type":"ReadAction","target":["https:\/\/www.smedemokrati.sk\/heger-sebectvo-v-parlamente-opat-zvitazilo\/"]}]},{"@type":"ImageObject","inLanguage":"sv-SE","@id":"https:\/\/www.smedemokrati.sk\/heger-sebectvo-v-parlamente-opat-zvitazilo\/#primaryimage","url":"https:\/\/www.smedemokrati.sk\/wp-content\/uploads\/2023\/05\/347389476_1392744451267095_3919071499713921655_n.jpg","contentUrl":"https:\/\/www.smedemokrati.sk\/wp-content\/uploads\/2023\/05\/347389476_1392744451267095_3919071499713921655_n.jpg","width":1920,"height":1277},{"@type":"BreadcrumbList","@id":"https:\/\/www.smedemokrati.sk\/heger-sebectvo-v-parlamente-opat-zvitazilo\/#breadcrumb","itemListElement":[{"@type":"ListItem","position":1,"name":"Domovsk\u00e1 str\u00e1nka","item":"https:\/\/www.smedemokrati.sk\/"},{"@type":"ListItem","position":2,"name":"Heger: \u201eSebectvo v parlamente op\u00e4\u0165 zv\u00ed\u0165azilo.\u201c"}]},{"@type":"WebSite","@id":"https:\/\/www.smedemokrati.sk\/#website","url":"https:\/\/www.smedemokrati.sk\/","name":"Smedemokrati.sk","description":"Demokracia a slu\u0161nos\u0165 zv\u00ed\u0165az\u00ed","publisher":{"@id":"https:\/\/www.smedemokrati.sk\/#organization"},"potentialAction":[{"@type":"SearchAction","target":{"@type":"EntryPoint","urlTemplate":"https:\/\/www.smedemokrati.sk\/?s={search_term_string}"},"query-input":{"@type":"PropertyValueSpecification","valueRequired":true,"valueName":"search_term_string"}}],"inLanguage":"sv-SE"},{"@type":"Organization","@id":"https:\/\/www.smedemokrati.sk\/#organization","name":"Smedemokrati.sk","url":"https:\/\/www.smedemokrati.sk\/","logo":{"@type":"ImageObject","inLanguage":"sv-SE","@id":"https:\/\/www.smedemokrati.sk\/#\/schema\/logo\/image\/","url":"https:\/\/www.smedemokrati.sk\/wp-content\/uploads\/2023\/04\/ff.002.jpeg","contentUrl":"https:\/\/www.smedemokrati.sk\/wp-content\/uploads\/2023\/04\/ff.002.jpeg","width":640,"height":480,"caption":"Smedemokrati.sk"},"image":{"@id":"https:\/\/www.smedemokrati.sk\/#\/schema\/logo\/image\/"},"sameAs":["https:\/\/www.facebook.com\/smedemokrati2023"]},{"@type":"Person","@id":"https:\/\/www.smedemokrati.sk\/#\/schema\/person\/c60720f4b9955b3c1ed222ebd1fbbc7c","name":"Tom\u00e1\u0161 Koppl","image":{"@type":"ImageObject","inLanguage":"sv-SE","@id":"https:\/\/secure.gravatar.com\/avatar\/8dfa38373c5e39821baf74c8e867a6f12e12c6dab6559aa999d10703b0b1c4ce?s=96&d=mm&r=g","url":"https:\/\/secure.gravatar.com\/avatar\/8dfa38373c5e39821baf74c8e867a6f12e12c6dab6559aa999d10703b0b1c4ce?s=96&d=mm&r=g","contentUrl":"https:\/\/secure.gravatar.com\/avatar\/8dfa38373c5e39821baf74c8e867a6f12e12c6dab6559aa999d10703b0b1c4ce?s=96&d=mm&r=g","caption":"Tom\u00e1\u0161 Koppl"},"url":"https:\/\/www.smedemokrati.sk\/sv\/author\/tomaskoppl\/"}]}},"_links":{"self":[{"href":"https:\/\/www.smedemokrati.sk\/sv\/wp-json\/wp\/v2\/posts\/976","targetHints":{"allow":["GET"]}}],"collection":[{"href":"https:\/\/www.smedemokrati.sk\/sv\/wp-json\/wp\/v2\/posts"}],"about":[{"href":"https:\/\/www.smedemokrati.sk\/sv\/wp-json\/wp\/v2\/types\/post"}],"author":[{"embeddable":true,"href":"https:\/\/www.smedemokrati.sk\/sv\/wp-json\/wp\/v2\/users\/7"}],"replies":[{"embeddable":true,"href":"https:\/\/www.smedemokrati.sk\/sv\/wp-json\/wp\/v2\/comments?post=976"}],"version-history":[{"count":2,"href":"https:\/\/www.smedemokrati.sk\/sv\/wp-json\/wp\/v2\/posts\/976\/revisions"}],"predecessor-version":[{"id":979,"href":"https:\/\/www.smedemokrati.sk\/sv\/wp-json\/wp\/v2\/posts\/976\/revisions\/979"}],"wp:featuredmedia":[{"embeddable":true,"href":"https:\/\/www.smedemokrati.sk\/sv\/wp-json\/wp\/v2\/media\/977"}],"wp:attachment":[{"href":"https:\/\/www.smedemokrati.sk\/sv\/wp-json\/wp\/v2\/media?parent=976"}],"wp:term":[{"taxonomy":"category","embeddable":true,"href":"https:\/\/www.smedemokrati.sk\/sv\/wp-json\/wp\/v2\/categories?post=976"},{"taxonomy":"post_tag","embeddable":true,"href":"https:\/\/www.smedemokrati.sk\/sv\/wp-json\/wp\/v2\/tags?post=976"}],"curies":[{"name":"wp","href":"https:\/\/api.w.org\/{rel}","templated":true}]}}