{"id":9275,"date":"2026-04-29T16:54:07","date_gmt":"2026-04-29T15:54:07","guid":{"rendered":"https:\/\/www.smedemokrati.sk\/?p=9275"},"modified":"2026-04-29T16:54:08","modified_gmt":"2026-04-29T15:54:08","slug":"ficov-boj-za-svojich-ludi-ohrozuje-prosperitu-slovenska","status":"publish","type":"post","link":"https:\/\/www.smedemokrati.sk\/sv\/ficov-boj-za-svojich-ludi-ohrozuje-prosperitu-slovenska\/","title":{"rendered":"Ficov boj za svojich \u013eud\u00ed ohrozuje prosperitu Slovenska"},"content":{"rendered":"<div id=\"fb-root\"><\/div>\n\n<p><strong>Demokrati vn\u00edmaj\u00fa dne\u0161n\u00fa jednozna\u010dn\u00fa v\u00fdzvu Eur\u00f3pskeho parlamentu na pozastavenie eurofondov Slovensku ako drah\u00fa vizitku Ficovi. Ten obetoval v mene z\u00e1chrany svojich \u013eud\u00ed prosperitu Slovensku. Odmietame koali\u010dn\u00fa interpret\u00e1ciu, \u017ee ide o opozi\u010dn\u00fd boj &#8211; na zlyh\u00e1vanie pri vy\u0161etrovan\u00ed korupcie pouk\u00e1zal aj gener\u00e1lny prokur\u00e1tor. Vyz\u00fdvame Roberta Fica, aby vykonal v\u0161etky kroky pre odvr\u00e1tenie hrozby pozastavenia mili\u00e1rd z eur\u00f3pskych prostriedkov.\u00a0<\/strong><\/p>\n\n\n\n<p>Zru\u0161enie NAKA a \u0161peci\u00e1lnej prokurat\u00fary, amnestie pre st\u00edhanie korupcie ale aj kauza penzi\u00f3ny s\u00fa zodpovednos\u0165ou Roberta Fica a jeho vl\u00e1dnej dru\u017einy. \u201e<em>Eur\u00f3psky parlament ako z\u00e1stupca da\u0148ov\u00fdch poplatn\u00edkov, ktor\u00ed sa na eurofondy pre Slovensko skladaj\u00fa, sa u\u017e odmietol ne\u010dinne pozera\u0165 na rozklad pr\u00e1vneho \u0161t\u00e1tu a neschopnos\u0165 bojova\u0165 s korupciou. Ficovi ide v prvom rade o z\u00e1chranu seba a svojich \u013eud\u00ed, preto mu boli \u013eahostajn\u00e9 upozornenia, \u017ee hazarduje s na\u0161ou bud\u00facnos\u0165ou. Napokon, drviv\u00e1 v\u00e4\u010d\u0161ina verejn\u00fdch invest\u00edci\u00ed je financovan\u00e1 pr\u00e1ve z eur\u00f3pskych zdrojov,<\/em>\u201d uviedol Juraj \u0160eliga, podpredseda Demokratov.<\/p>\n\n\n\n<p>Napriek tomu, \u017ee sa jedn\u00e1 zatia\u013e len o v\u00fdzvu Eur\u00f3pskeho parlamentu komisii, u\u017e teraz doch\u00e1dza k v\u00fdrazn\u00e9mu zhor\u0161eniu postavenia Slovenska. V tejto proced\u00fare by sme sa ocitli ako druh\u00e1 \u010dlensk\u00e1 krajina po Ma\u010farsku. Nevieme, \u010di si to Fico uvedomuje, ale t\u00fdm, \u017ee stratil spojenca v podobe Orb\u00e1na, sa u\u017e nem\u00f4\u017ee spolieha\u0165 na \u00fastupky zo strany Eur\u00f3pskej komisie ako doteraz, ke\u010f\u017ee s vydieran\u00edm \u010dlensk\u00fdch \u0161t\u00e1tov ostal s\u00e1m.\u00a0 \u201e<em>Predpoklad\u00e1me, \u017ee komisia bude v tomto pr\u00edpade kona\u0165 r\u00fdchlej\u0161ie a razantnej\u0161ie ako v pr\u00edpade Ma\u010farska. Vl\u00e1da bude musie\u0165 investova\u0165 obrovsk\u00fa energiu, aby t\u00fato hrozbu odvr\u00e1tila a t\u00e1 jej bude ch\u00fdba\u0165 pri obhajobe na\u0161ich z\u00e1ujmov v pr\u00edpade pl\u00e1nu obnovy, bud\u00faceho eurofondov\u00e9ho obdobia \u010di obhajobe akredit\u00e1cie PPA. Ak komisia prist\u00fapi k form\u00e1lnej proced\u00fare, Slovensku hroz\u00ed obrovsk\u00e1 ekonomick\u00e1 kr\u00edza &#8211; e\u0161te viac by sa spomalil hospod\u00e1rsky rast mo\u017eno a\u017e s vidinou recesie. U\u017e teraz sa e\u0161te viac oslabuje d\u00f4veryhodnos\u0165 Slovenska pre investorov. A verejn\u00e9 invest\u00edcie do nemocn\u00edc, \u0161k\u00f4l, dopravnej infra\u0161trukt\u00fary, vlastne prakticky do v\u0161etk\u00e9ho, by sa bu\u010f preru\u0161ili alebo museli financova\u0165 v\u00fdlu\u010dne zo \u0161t\u00e1tneho rozpo\u010dtu, \u010do je v s\u00fa\u010dasnom stave zadl\u017eenia neudr\u017eate\u013en\u00e9. A na bud\u00face invest\u00edcie m\u00f4\u017eeme \u00faplne zabudn\u00fa\u0165. Toto v\u0161etko by sa dotklo samozrejme aj voli\u010dov vl\u00e1dnej koal\u00edcie,<\/em>\u201d vysvet\u013euje Michal Ki\u010da, podpredseda Demokratov<\/p>\n\n\n\n<p>Vl\u00e1da nem\u00e1 in\u00fa mo\u017enos\u0165 ako vyvin\u00fa\u0165 maxim\u00e1lne \u00fasilie, ako tento scen\u00e1r odvr\u00e1ti\u0165. \u201e<em>Preto ho vyz\u00fdvame, aby namiesto \u00fatokov a paranoidn\u00e9ho obvi\u0148ovania kadekoho zabezpe\u010dil \u00fapln\u00fa obnovu pr\u00e1vneho \u0161t\u00e1tu na Slovensku a kone\u010dne prist\u00fapil k efekt\u00edvnemu boju proti korupcii, vr\u00e1tane obnovenia \u0161pecializovan\u00fdch org\u00e1nov boja proti korupcii. V opa\u010dnom pr\u00edpade bude plne zodpoveda\u0165 za hospod\u00e1rske \u0161kody, ktor\u00e9 by Slovensku vznikli, ak by komisia vyhovela v\u00fdzve Eur\u00f3pskeho parlamentu a form\u00e1lnu proced\u00faru aj spustila,<\/em>\u201d uzavrel Juraj \u0160eliga.<\/p>\n","protected":false},"excerpt":{"rendered":"<p>Demokrati vn\u00edmaj\u00fa dne\u0161n\u00fa jednozna\u010dn\u00fa v\u00fdzvu Eur\u00f3pskeho parlamentu na pozastavenie eurofondov Slovensku ako drah\u00fa vizitku Ficovi. Ten obetoval v mene z\u00e1chrany svojich \u013eud\u00ed prosperitu Slovensku. Odmietame koali\u010dn\u00fa interpret\u00e1ciu, \u017ee ide o opozi\u010dn\u00fd boj &#8211; na zlyh\u00e1vanie pri vy\u0161etrovan\u00ed korupcie pouk\u00e1zal aj gener\u00e1lny prokur\u00e1tor. Vyz\u00fdvame Roberta Fica, aby vykonal v\u0161etky kroky pre odvr\u00e1tenie hrozby pozastavenia mili\u00e1rd z [&hellip;]<\/p>\n","protected":false},"author":13,"featured_media":8853,"comment_status":"closed","ping_status":"closed","sticky":false,"template":"","format":"standard","meta":{"_acf_changed":false,"ngg_post_thumbnail":0,"footnotes":""},"categories":[4],"tags":[],"class_list":["post-9275","post","type-post","status-publish","format-standard","has-post-thumbnail","hentry","category-tlacove-spravy"],"acf":[],"yoast_head":"<!-- This site is optimized with the Yoast SEO plugin v27.2 - https:\/\/yoast.com\/product\/yoast-seo-wordpress\/ -->\n<title>Ficov boj za svojich \u013eud\u00ed ohrozuje prosperitu Slovenska<\/title>\n<meta name=\"robots\" content=\"index, follow, max-snippet:-1, max-image-preview:large, max-video-preview:-1\" \/>\n<link rel=\"canonical\" href=\"https:\/\/www.smedemokrati.sk\/sv\/ficov-boj-za-svojich-ludi-ohrozuje-prosperitu-slovenska\/\" \/>\n<meta property=\"og:locale\" content=\"sv_SE\" \/>\n<meta property=\"og:locale:alternate\" content=\"en_US\" \/>\n<meta property=\"og:locale:alternate\" content=\"cs_CZ\" \/>\n<meta property=\"og:locale:alternate\" content=\"hu_HU\" \/>\n<meta property=\"og:locale:alternate\" content=\"sk_SK\" \/>\n<meta property=\"og:type\" content=\"article\" \/>\n<meta property=\"og:title\" content=\"Ficov boj za svojich \u013eud\u00ed ohrozuje prosperitu Slovenska\" \/>\n<meta property=\"og:description\" content=\"Demokrati vn\u00edmaj\u00fa dne\u0161n\u00fa jednozna\u010dn\u00fa v\u00fdzvu Eur\u00f3pskeho parlamentu na pozastavenie eurofondov Slovensku ako drah\u00fa vizitku Ficovi. Ten obetoval v mene z\u00e1chrany svojich \u013eud\u00ed prosperitu Slovensku. Odmietame koali\u010dn\u00fa interpret\u00e1ciu, \u017ee ide o opozi\u010dn\u00fd boj &#8211; na zlyh\u00e1vanie pri vy\u0161etrovan\u00ed korupcie pouk\u00e1zal aj gener\u00e1lny prokur\u00e1tor. Vyz\u00fdvame Roberta Fica, aby vykonal v\u0161etky kroky pre odvr\u00e1tenie hrozby pozastavenia mili\u00e1rd z [&hellip;]\" \/>\n<meta property=\"og:url\" content=\"https:\/\/www.smedemokrati.sk\/sv\/ficov-boj-za-svojich-ludi-ohrozuje-prosperitu-slovenska\/\" \/>\n<meta property=\"og:site_name\" content=\"Smedemokrati.sk\" \/>\n<meta property=\"article:publisher\" content=\"https:\/\/www.facebook.com\/smedemokrati2023\" \/>\n<meta property=\"article:published_time\" content=\"2026-04-29T15:54:07+00:00\" \/>\n<meta property=\"article:modified_time\" content=\"2026-04-29T15:54:08+00:00\" \/>\n<meta property=\"og:image\" content=\"https:\/\/www.smedemokrati.sk\/wp-content\/uploads\/2026\/02\/vlada-malinec-taraba.jpg\" \/>\n\t<meta property=\"og:image:width\" content=\"1280\" \/>\n\t<meta property=\"og:image:height\" content=\"720\" \/>\n\t<meta property=\"og:image:type\" content=\"image\/jpeg\" \/>\n<meta name=\"author\" content=\"miro.sopko\" \/>\n<meta name=\"twitter:card\" content=\"summary_large_image\" \/>\n<meta name=\"twitter:label1\" content=\"Skriven av\" \/>\n\t<meta name=\"twitter:data1\" content=\"miro.sopko\" \/>\n\t<meta name=\"twitter:label2\" content=\"Ber\u00e4knad l\u00e4stid\" \/>\n\t<meta name=\"twitter:data2\" content=\"3 minuter\" \/>\n<script type=\"application\/ld+json\" class=\"yoast-schema-graph\">{\"@context\":\"https:\/\/schema.org\",\"@graph\":[{\"@type\":\"Article\",\"@id\":\"https:\/\/www.smedemokrati.sk\/ficov-boj-za-svojich-ludi-ohrozuje-prosperitu-slovenska\/#article\",\"isPartOf\":{\"@id\":\"https:\/\/www.smedemokrati.sk\/ficov-boj-za-svojich-ludi-ohrozuje-prosperitu-slovenska\/\"},\"author\":{\"name\":\"miro.sopko\",\"@id\":\"https:\/\/www.smedemokrati.sk\/#\/schema\/person\/21f147c88d605aa7ded900e1e7c344ba\"},\"headline\":\"Ficov boj za svojich \u013eud\u00ed ohrozuje prosperitu Slovenska\",\"datePublished\":\"2026-04-29T15:54:07+00:00\",\"dateModified\":\"2026-04-29T15:54:08+00:00\",\"mainEntityOfPage\":{\"@id\":\"https:\/\/www.smedemokrati.sk\/ficov-boj-za-svojich-ludi-ohrozuje-prosperitu-slovenska\/\"},\"wordCount\":558,\"publisher\":{\"@id\":\"https:\/\/www.smedemokrati.sk\/#organization\"},\"image\":{\"@id\":\"https:\/\/www.smedemokrati.sk\/ficov-boj-za-svojich-ludi-ohrozuje-prosperitu-slovenska\/#primaryimage\"},\"thumbnailUrl\":\"https:\/\/www.smedemokrati.sk\/wp-content\/uploads\/2026\/02\/vlada-malinec-taraba.jpg\",\"articleSection\":[\"Tla\u010dov\u00e9 spr\u00e1vy\"],\"inLanguage\":\"sv-SE\"},{\"@type\":\"WebPage\",\"@id\":\"https:\/\/www.smedemokrati.sk\/ficov-boj-za-svojich-ludi-ohrozuje-prosperitu-slovenska\/\",\"url\":\"https:\/\/www.smedemokrati.sk\/ficov-boj-za-svojich-ludi-ohrozuje-prosperitu-slovenska\/\",\"name\":\"Ficov boj za svojich \u013eud\u00ed ohrozuje prosperitu Slovenska\",\"isPartOf\":{\"@id\":\"https:\/\/www.smedemokrati.sk\/#website\"},\"primaryImageOfPage\":{\"@id\":\"https:\/\/www.smedemokrati.sk\/ficov-boj-za-svojich-ludi-ohrozuje-prosperitu-slovenska\/#primaryimage\"},\"image\":{\"@id\":\"https:\/\/www.smedemokrati.sk\/ficov-boj-za-svojich-ludi-ohrozuje-prosperitu-slovenska\/#primaryimage\"},\"thumbnailUrl\":\"https:\/\/www.smedemokrati.sk\/wp-content\/uploads\/2026\/02\/vlada-malinec-taraba.jpg\",\"datePublished\":\"2026-04-29T15:54:07+00:00\",\"dateModified\":\"2026-04-29T15:54:08+00:00\",\"breadcrumb\":{\"@id\":\"https:\/\/www.smedemokrati.sk\/ficov-boj-za-svojich-ludi-ohrozuje-prosperitu-slovenska\/#breadcrumb\"},\"inLanguage\":\"sv-SE\",\"potentialAction\":[{\"@type\":\"ReadAction\",\"target\":[\"https:\/\/www.smedemokrati.sk\/ficov-boj-za-svojich-ludi-ohrozuje-prosperitu-slovenska\/\"]}]},{\"@type\":\"ImageObject\",\"inLanguage\":\"sv-SE\",\"@id\":\"https:\/\/www.smedemokrati.sk\/ficov-boj-za-svojich-ludi-ohrozuje-prosperitu-slovenska\/#primaryimage\",\"url\":\"https:\/\/www.smedemokrati.sk\/wp-content\/uploads\/2026\/02\/vlada-malinec-taraba.jpg\",\"contentUrl\":\"https:\/\/www.smedemokrati.sk\/wp-content\/uploads\/2026\/02\/vlada-malinec-taraba.jpg\",\"width\":1280,\"height\":720},{\"@type\":\"BreadcrumbList\",\"@id\":\"https:\/\/www.smedemokrati.sk\/ficov-boj-za-svojich-ludi-ohrozuje-prosperitu-slovenska\/#breadcrumb\",\"itemListElement\":[{\"@type\":\"ListItem\",\"position\":1,\"name\":\"Domovsk\u00e1 str\u00e1nka\",\"item\":\"https:\/\/www.smedemokrati.sk\/\"},{\"@type\":\"ListItem\",\"position\":2,\"name\":\"Ficov boj za svojich \u013eud\u00ed ohrozuje prosperitu Slovenska\"}]},{\"@type\":\"WebSite\",\"@id\":\"https:\/\/www.smedemokrati.sk\/#website\",\"url\":\"https:\/\/www.smedemokrati.sk\/\",\"name\":\"Smedemokrati.sk\",\"description\":\"Demokracia a slu\u0161nos\u0165 zv\u00ed\u0165az\u00ed\",\"publisher\":{\"@id\":\"https:\/\/www.smedemokrati.sk\/#organization\"},\"potentialAction\":[{\"@type\":\"SearchAction\",\"target\":{\"@type\":\"EntryPoint\",\"urlTemplate\":\"https:\/\/www.smedemokrati.sk\/?s={search_term_string}\"},\"query-input\":{\"@type\":\"PropertyValueSpecification\",\"valueRequired\":true,\"valueName\":\"search_term_string\"}}],\"inLanguage\":\"sv-SE\"},{\"@type\":\"Organization\",\"@id\":\"https:\/\/www.smedemokrati.sk\/#organization\",\"name\":\"Smedemokrati.sk\",\"url\":\"https:\/\/www.smedemokrati.sk\/\",\"logo\":{\"@type\":\"ImageObject\",\"inLanguage\":\"sv-SE\",\"@id\":\"https:\/\/www.smedemokrati.sk\/#\/schema\/logo\/image\/\",\"url\":\"https:\/\/www.smedemokrati.sk\/wp-content\/uploads\/2023\/04\/ff.002.jpeg\",\"contentUrl\":\"https:\/\/www.smedemokrati.sk\/wp-content\/uploads\/2023\/04\/ff.002.jpeg\",\"width\":640,\"height\":480,\"caption\":\"Smedemokrati.sk\"},\"image\":{\"@id\":\"https:\/\/www.smedemokrati.sk\/#\/schema\/logo\/image\/\"},\"sameAs\":[\"https:\/\/www.facebook.com\/smedemokrati2023\"]},{\"@type\":\"Person\",\"@id\":\"https:\/\/www.smedemokrati.sk\/#\/schema\/person\/21f147c88d605aa7ded900e1e7c344ba\",\"name\":\"miro.sopko\",\"image\":{\"@type\":\"ImageObject\",\"inLanguage\":\"sv-SE\",\"@id\":\"https:\/\/secure.gravatar.com\/avatar\/267e4a36f704376c109afe3a78740c1f5dd8675a2180a908699e7863c9247606?s=96&d=mm&r=g\",\"url\":\"https:\/\/secure.gravatar.com\/avatar\/267e4a36f704376c109afe3a78740c1f5dd8675a2180a908699e7863c9247606?s=96&d=mm&r=g\",\"contentUrl\":\"https:\/\/secure.gravatar.com\/avatar\/267e4a36f704376c109afe3a78740c1f5dd8675a2180a908699e7863c9247606?s=96&d=mm&r=g\",\"caption\":\"miro.sopko\"},\"url\":\"https:\/\/www.smedemokrati.sk\/sv\/author\/miro-sopko\/\"}]}<\/script>\n<!-- \/ Yoast SEO plugin. -->","yoast_head_json":{"title":"Ficov boj za svojich \u013eud\u00ed ohrozuje prosperitu Slovenska","robots":{"index":"index","follow":"follow","max-snippet":"max-snippet:-1","max-image-preview":"max-image-preview:large","max-video-preview":"max-video-preview:-1"},"canonical":"https:\/\/www.smedemokrati.sk\/sv\/ficov-boj-za-svojich-ludi-ohrozuje-prosperitu-slovenska\/","og_locale":"sv_SE","og_type":"article","og_title":"[:sk]Ficov boj za svojich \u013eud\u00ed ohrozuje prosperitu Slovenska[:] - Smedemokrati.sk","og_description":"Demokrati vn\u00edmaj\u00fa dne\u0161n\u00fa jednozna\u010dn\u00fa v\u00fdzvu Eur\u00f3pskeho parlamentu na pozastavenie eurofondov Slovensku ako drah\u00fa vizitku Ficovi. Ten obetoval v mene z\u00e1chrany svojich \u013eud\u00ed prosperitu Slovensku. Odmietame koali\u010dn\u00fa interpret\u00e1ciu, \u017ee ide o opozi\u010dn\u00fd boj &#8211; na zlyh\u00e1vanie pri vy\u0161etrovan\u00ed korupcie pouk\u00e1zal aj gener\u00e1lny prokur\u00e1tor. Vyz\u00fdvame Roberta Fica, aby vykonal v\u0161etky kroky pre odvr\u00e1tenie hrozby pozastavenia mili\u00e1rd z [&hellip;]","og_url":"https:\/\/www.smedemokrati.sk\/sv\/ficov-boj-za-svojich-ludi-ohrozuje-prosperitu-slovenska\/","og_site_name":"Smedemokrati.sk","article_publisher":"https:\/\/www.facebook.com\/smedemokrati2023","article_published_time":"2026-04-29T15:54:07+00:00","article_modified_time":"2026-04-29T15:54:08+00:00","og_image":[{"width":1280,"height":720,"url":"https:\/\/www.smedemokrati.sk\/wp-content\/uploads\/2026\/02\/vlada-malinec-taraba.jpg","type":"image\/jpeg"}],"author":"miro.sopko","twitter_card":"summary_large_image","twitter_misc":{"Skriven av":"miro.sopko","Ber\u00e4knad l\u00e4stid":"3 minuter"},"schema":{"@context":"https:\/\/schema.org","@graph":[{"@type":"Article","@id":"https:\/\/www.smedemokrati.sk\/ficov-boj-za-svojich-ludi-ohrozuje-prosperitu-slovenska\/#article","isPartOf":{"@id":"https:\/\/www.smedemokrati.sk\/ficov-boj-za-svojich-ludi-ohrozuje-prosperitu-slovenska\/"},"author":{"name":"miro.sopko","@id":"https:\/\/www.smedemokrati.sk\/#\/schema\/person\/21f147c88d605aa7ded900e1e7c344ba"},"headline":"Ficov boj za svojich \u013eud\u00ed ohrozuje prosperitu Slovenska","datePublished":"2026-04-29T15:54:07+00:00","dateModified":"2026-04-29T15:54:08+00:00","mainEntityOfPage":{"@id":"https:\/\/www.smedemokrati.sk\/ficov-boj-za-svojich-ludi-ohrozuje-prosperitu-slovenska\/"},"wordCount":558,"publisher":{"@id":"https:\/\/www.smedemokrati.sk\/#organization"},"image":{"@id":"https:\/\/www.smedemokrati.sk\/ficov-boj-za-svojich-ludi-ohrozuje-prosperitu-slovenska\/#primaryimage"},"thumbnailUrl":"https:\/\/www.smedemokrati.sk\/wp-content\/uploads\/2026\/02\/vlada-malinec-taraba.jpg","articleSection":["Tla\u010dov\u00e9 spr\u00e1vy"],"inLanguage":"sv-SE"},{"@type":"WebPage","@id":"https:\/\/www.smedemokrati.sk\/ficov-boj-za-svojich-ludi-ohrozuje-prosperitu-slovenska\/","url":"https:\/\/www.smedemokrati.sk\/ficov-boj-za-svojich-ludi-ohrozuje-prosperitu-slovenska\/","name":"Ficov boj za svojich \u013eud\u00ed ohrozuje prosperitu Slovenska","isPartOf":{"@id":"https:\/\/www.smedemokrati.sk\/#website"},"primaryImageOfPage":{"@id":"https:\/\/www.smedemokrati.sk\/ficov-boj-za-svojich-ludi-ohrozuje-prosperitu-slovenska\/#primaryimage"},"image":{"@id":"https:\/\/www.smedemokrati.sk\/ficov-boj-za-svojich-ludi-ohrozuje-prosperitu-slovenska\/#primaryimage"},"thumbnailUrl":"https:\/\/www.smedemokrati.sk\/wp-content\/uploads\/2026\/02\/vlada-malinec-taraba.jpg","datePublished":"2026-04-29T15:54:07+00:00","dateModified":"2026-04-29T15:54:08+00:00","breadcrumb":{"@id":"https:\/\/www.smedemokrati.sk\/ficov-boj-za-svojich-ludi-ohrozuje-prosperitu-slovenska\/#breadcrumb"},"inLanguage":"sv-SE","potentialAction":[{"@type":"ReadAction","target":["https:\/\/www.smedemokrati.sk\/ficov-boj-za-svojich-ludi-ohrozuje-prosperitu-slovenska\/"]}]},{"@type":"ImageObject","inLanguage":"sv-SE","@id":"https:\/\/www.smedemokrati.sk\/ficov-boj-za-svojich-ludi-ohrozuje-prosperitu-slovenska\/#primaryimage","url":"https:\/\/www.smedemokrati.sk\/wp-content\/uploads\/2026\/02\/vlada-malinec-taraba.jpg","contentUrl":"https:\/\/www.smedemokrati.sk\/wp-content\/uploads\/2026\/02\/vlada-malinec-taraba.jpg","width":1280,"height":720},{"@type":"BreadcrumbList","@id":"https:\/\/www.smedemokrati.sk\/ficov-boj-za-svojich-ludi-ohrozuje-prosperitu-slovenska\/#breadcrumb","itemListElement":[{"@type":"ListItem","position":1,"name":"Domovsk\u00e1 str\u00e1nka","item":"https:\/\/www.smedemokrati.sk\/"},{"@type":"ListItem","position":2,"name":"Ficov boj za svojich \u013eud\u00ed ohrozuje prosperitu Slovenska"}]},{"@type":"WebSite","@id":"https:\/\/www.smedemokrati.sk\/#website","url":"https:\/\/www.smedemokrati.sk\/","name":"Smedemokrati.sk","description":"Demokracia a slu\u0161nos\u0165 zv\u00ed\u0165az\u00ed","publisher":{"@id":"https:\/\/www.smedemokrati.sk\/#organization"},"potentialAction":[{"@type":"SearchAction","target":{"@type":"EntryPoint","urlTemplate":"https:\/\/www.smedemokrati.sk\/?s={search_term_string}"},"query-input":{"@type":"PropertyValueSpecification","valueRequired":true,"valueName":"search_term_string"}}],"inLanguage":"sv-SE"},{"@type":"Organization","@id":"https:\/\/www.smedemokrati.sk\/#organization","name":"Smedemokrati.sk","url":"https:\/\/www.smedemokrati.sk\/","logo":{"@type":"ImageObject","inLanguage":"sv-SE","@id":"https:\/\/www.smedemokrati.sk\/#\/schema\/logo\/image\/","url":"https:\/\/www.smedemokrati.sk\/wp-content\/uploads\/2023\/04\/ff.002.jpeg","contentUrl":"https:\/\/www.smedemokrati.sk\/wp-content\/uploads\/2023\/04\/ff.002.jpeg","width":640,"height":480,"caption":"Smedemokrati.sk"},"image":{"@id":"https:\/\/www.smedemokrati.sk\/#\/schema\/logo\/image\/"},"sameAs":["https:\/\/www.facebook.com\/smedemokrati2023"]},{"@type":"Person","@id":"https:\/\/www.smedemokrati.sk\/#\/schema\/person\/21f147c88d605aa7ded900e1e7c344ba","name":"miro.sopko","image":{"@type":"ImageObject","inLanguage":"sv-SE","@id":"https:\/\/secure.gravatar.com\/avatar\/267e4a36f704376c109afe3a78740c1f5dd8675a2180a908699e7863c9247606?s=96&d=mm&r=g","url":"https:\/\/secure.gravatar.com\/avatar\/267e4a36f704376c109afe3a78740c1f5dd8675a2180a908699e7863c9247606?s=96&d=mm&r=g","contentUrl":"https:\/\/secure.gravatar.com\/avatar\/267e4a36f704376c109afe3a78740c1f5dd8675a2180a908699e7863c9247606?s=96&d=mm&r=g","caption":"miro.sopko"},"url":"https:\/\/www.smedemokrati.sk\/sv\/author\/miro-sopko\/"}]}},"_links":{"self":[{"href":"https:\/\/www.smedemokrati.sk\/sv\/wp-json\/wp\/v2\/posts\/9275","targetHints":{"allow":["GET"]}}],"collection":[{"href":"https:\/\/www.smedemokrati.sk\/sv\/wp-json\/wp\/v2\/posts"}],"about":[{"href":"https:\/\/www.smedemokrati.sk\/sv\/wp-json\/wp\/v2\/types\/post"}],"author":[{"embeddable":true,"href":"https:\/\/www.smedemokrati.sk\/sv\/wp-json\/wp\/v2\/users\/13"}],"replies":[{"embeddable":true,"href":"https:\/\/www.smedemokrati.sk\/sv\/wp-json\/wp\/v2\/comments?post=9275"}],"version-history":[{"count":1,"href":"https:\/\/www.smedemokrati.sk\/sv\/wp-json\/wp\/v2\/posts\/9275\/revisions"}],"predecessor-version":[{"id":9276,"href":"https:\/\/www.smedemokrati.sk\/sv\/wp-json\/wp\/v2\/posts\/9275\/revisions\/9276"}],"wp:featuredmedia":[{"embeddable":true,"href":"https:\/\/www.smedemokrati.sk\/sv\/wp-json\/wp\/v2\/media\/8853"}],"wp:attachment":[{"href":"https:\/\/www.smedemokrati.sk\/sv\/wp-json\/wp\/v2\/media?parent=9275"}],"wp:term":[{"taxonomy":"category","embeddable":true,"href":"https:\/\/www.smedemokrati.sk\/sv\/wp-json\/wp\/v2\/categories?post=9275"},{"taxonomy":"post_tag","embeddable":true,"href":"https:\/\/www.smedemokrati.sk\/sv\/wp-json\/wp\/v2\/tags?post=9275"}],"curies":[{"name":"wp","href":"https:\/\/api.w.org\/{rel}","templated":true}]}}