{"id":9271,"date":"2026-04-29T13:01:24","date_gmt":"2026-04-29T12:01:24","guid":{"rendered":"https:\/\/www.smedemokrati.sk\/?p=9271"},"modified":"2026-04-29T13:01:25","modified_gmt":"2026-04-29T12:01:25","slug":"fico-chce-od-opozicie-bianko-sek-na-nemocnice-najprv-nech-vlada-zabezpeci-peniaze","status":"publish","type":"post","link":"https:\/\/www.smedemokrati.sk\/sv\/fico-chce-od-opozicie-bianko-sek-na-nemocnice-najprv-nech-vlada-zabezpeci-peniaze\/","title":{"rendered":"Fico chce od opoz\u00edcie \u201ebianko \u0161ek\u201c na nemocnice. Najprv nech vl\u00e1da zabezpe\u010d\u00ed peniaze"},"content":{"rendered":"<div id=\"fb-root\"><\/div>\n\n<p><strong>Demokrati odmietaj\u00fa podp\u00edsa\u0165 vl\u00e1de \u201ema\u010dku vo vreci\u201c pri dostavbe nemocn\u00edc. Vl\u00e1da Roberta Fica pod\u013ea nich \u017eiada od opoz\u00edcie verejn\u00fd z\u00e1v\u00e4zok dokon\u010di\u0165 nemocnice, no sama nevie garantova\u0165 financovanie projektov ani dodr\u017eanie term\u00ednov.<\/strong><\/p>\n\n\n\n<p>Podpredseda Demokratov Eduard Heger pripomenul, \u017ee to bola jeho vl\u00e1da, ktor\u00e1 pre slovensk\u00e9 zdravotn\u00edctvo zabezpe\u010dila z Pl\u00e1nu obnovy E\u00da 1,2 miliardy eur, dnes u\u017e nav\u00fd\u0161en\u00fdch na 1,4 miliardy eur. Pr\u00e1ve v\u010faka t\u00fdmto peniazom sa dnes stavia 13 nemocn\u00edc po celom Slovensku.<\/p>\n\n\n\n<p>Najv\u00e4\u010d\u0161ie a finan\u010dne najn\u00e1ro\u010dnej\u0161ie projekty s\u00fa N\u00e1rodn\u00e1 univerzitn\u00e1 nemocnica Bratislava \u2013 Vajnory, Univerzitn\u00e1 nemocnica Martin, Fakultn\u00e1 nemocnica Bansk\u00e1 Bystrica a Vojensk\u00e1 nemocnica Pre\u0161ov. Na ich dokon\u010denie v\u0161ak bude nad r\u00e1mec Pl\u00e1nu obnovy E\u00da potrebn\u00fdch e\u0161te pribli\u017ene 1,8 miliardy eur z verejn\u00fdch zdrojov.<\/p>\n\n\n\n<p>Expert Demokratov pre zdravotn\u00edctvo Viliam Novotn\u00fd upozor\u0148uje, \u017ee vl\u00e1da \u017eiada podpis pod z\u00e1v\u00e4zok, hoci 12 z 13 nemocn\u00edc m\u00e1 by\u0165 pod\u013ea pl\u00e1nov odovzdan\u00fdch u\u017e v roku 2027, teda e\u0161te pred riadnym term\u00ednom parlamentn\u00fdch volieb.<\/p>\n\n\n\n<p><em>\u201eChc\u00fa od n\u00e1s z\u00e1v\u00e4zok, \u017ee pr\u00eddeme prestrihn\u00fa\u0165 p\u00e1sky? To radi urob\u00edme. Ale vyzer\u00e1 to tak, \u017ee vl\u00e1da nest\u00edha plni\u0165 term\u00edny z Pl\u00e1nu obnovy E\u00da a sna\u017e\u00ed sa hodi\u0165 nedokon\u010den\u00e9 a nedofinancovan\u00e9 projekty na bud\u00facu vl\u00e1du. To je \u010dist\u00e1 \u201ema\u010dka vo vreci\u201c,&nbsp;<\/em>vyhl\u00e1sil Viliam Novotn\u00fd.<\/p>\n\n\n\n<p>Pod\u013ea Karla Hirmana, kandid\u00e1ta Demokratov na predsedu Ko\u0161ick\u00e9ho samospr\u00e1vneho kraja, je neprijate\u013en\u00e9, aby Ficova vl\u00e1da minula 1,4 miliardy eur zabezpe\u010den\u00fdch Hegerovou vl\u00e1dou a z\u00e1rove\u0148 nechala novej vl\u00e1de \u00fa\u010det vo v\u00fd\u0161ke \u010fal\u0161\u00edch 1,8 miliardy eur.<\/p>\n\n\n\n<p><em>\u201eFicova vl\u00e1da m\u00e1 drzos\u0165 min\u00fa\u0165 peniaze pripraven\u00e9 pre zdravotn\u00edctvo a potom od opoz\u00edcie \u017eiada\u0165 \u201ebianko \u0161ek\u201c na ich dostavbu. To je nezodpovedn\u00e9 a neobh\u00e1jite\u013en\u00e9,\u201c<\/em>&nbsp;uviedol Hirman.<\/p>\n\n\n\n<p>Demokrati preto vyz\u00fdvaj\u00fa vl\u00e1du, aby e\u0161te teraz pripravila 1,8 miliardy eur v rozpo\u010dte na rok 2027 na dokon\u010denie nemocn\u00edc a z\u00e1rove\u0148 predlo\u017eila verejnosti jasn\u00fd odpo\u010det stavu v\u00fdstavby a \u010derpania financi\u00ed.<\/p>\n\n\n\n<p><em>\u201eNajprv nech vl\u00e1da zabezpe\u010d\u00ed peniaze pre nemocnice tak, ako sme to urobili my. A\u017e potom sa m\u00f4\u017eeme verejne zaviaza\u0165, \u017ee ich dostaviame,\u201c<\/em>&nbsp;uzavrel Eduard Heger.<\/p>\n\n\n<div id=\"fb-root\"><\/div><script async defer crossorigin=\"anonymous\" src=\"https:\/\/connect.facebook.net\/sk_SK\/sdk.js#xfbml=1&version=v18.0\"><\/script><div class=\"fb-video\" data-href=\"https:\/\/www.facebook.com\/100091567669287\/videos\/4458114781100305\" data-width=\"560\" data-show-text=\"false\"><blockquote cite=\"https:\/\/www.facebook.com\/100091567669287\/videos\/4458114781100305\" class=\"fb-xfbml-parse-ignore\"><a href=\"https:\/\/www.facebook.com\/100091567669287\/videos\/4458114781100305\">Video<\/a><\/blockquote><\/div>\n","protected":false},"excerpt":{"rendered":"<p>Demokrati odmietaj\u00fa podp\u00edsa\u0165 vl\u00e1de \u201ema\u010dku vo vreci\u201c pri dostavbe nemocn\u00edc. Vl\u00e1da Roberta Fica pod\u013ea nich \u017eiada od opoz\u00edcie verejn\u00fd z\u00e1v\u00e4zok dokon\u010di\u0165 nemocnice, no sama nevie garantova\u0165 financovanie projektov ani dodr\u017eanie term\u00ednov. Podpredseda Demokratov Eduard Heger pripomenul, \u017ee to bola jeho vl\u00e1da, ktor\u00e1 pre slovensk\u00e9 zdravotn\u00edctvo zabezpe\u010dila z Pl\u00e1nu obnovy E\u00da 1,2 miliardy eur, dnes u\u017e [&hellip;]<\/p>\n","protected":false},"author":13,"featured_media":9272,"comment_status":"closed","ping_status":"closed","sticky":false,"template":"","format":"standard","meta":{"_acf_changed":false,"ngg_post_thumbnail":0,"footnotes":""},"categories":[4],"tags":[],"class_list":["post-9271","post","type-post","status-publish","format-standard","has-post-thumbnail","hentry","category-tlacove-spravy"],"acf":[],"yoast_head":"<!-- This site is optimized with the Yoast SEO plugin v27.2 - https:\/\/yoast.com\/product\/yoast-seo-wordpress\/ -->\n<title>Fico chce od opoz\u00edcie \u201ebianko \u0161ek\u201c na nemocnice. Najprv nech vl\u00e1da zabezpe\u010d\u00ed peniaze<\/title>\n<meta name=\"robots\" content=\"index, follow, max-snippet:-1, max-image-preview:large, max-video-preview:-1\" \/>\n<link rel=\"canonical\" href=\"https:\/\/www.smedemokrati.sk\/sv\/fico-chce-od-opozicie-bianko-sek-na-nemocnice-najprv-nech-vlada-zabezpeci-peniaze\/\" \/>\n<meta property=\"og:locale\" content=\"sv_SE\" \/>\n<meta property=\"og:locale:alternate\" content=\"en_US\" \/>\n<meta property=\"og:locale:alternate\" content=\"cs_CZ\" \/>\n<meta property=\"og:locale:alternate\" content=\"hu_HU\" \/>\n<meta property=\"og:locale:alternate\" content=\"sk_SK\" \/>\n<meta property=\"og:type\" content=\"article\" \/>\n<meta property=\"og:title\" content=\"Fico chce od opoz\u00edcie \u201ebianko \u0161ek\u201c na nemocnice. Najprv nech vl\u00e1da zabezpe\u010d\u00ed peniaze\" \/>\n<meta property=\"og:description\" content=\"Demokrati odmietaj\u00fa podp\u00edsa\u0165 vl\u00e1de \u201ema\u010dku vo vreci\u201c pri dostavbe nemocn\u00edc. Vl\u00e1da Roberta Fica pod\u013ea nich \u017eiada od opoz\u00edcie verejn\u00fd z\u00e1v\u00e4zok dokon\u010di\u0165 nemocnice, no sama nevie garantova\u0165 financovanie projektov ani dodr\u017eanie term\u00ednov. Podpredseda Demokratov Eduard Heger pripomenul, \u017ee to bola jeho vl\u00e1da, ktor\u00e1 pre slovensk\u00e9 zdravotn\u00edctvo zabezpe\u010dila z Pl\u00e1nu obnovy E\u00da 1,2 miliardy eur, dnes u\u017e [&hellip;]\" \/>\n<meta property=\"og:url\" content=\"https:\/\/www.smedemokrati.sk\/sv\/fico-chce-od-opozicie-bianko-sek-na-nemocnice-najprv-nech-vlada-zabezpeci-peniaze\/\" \/>\n<meta property=\"og:site_name\" content=\"Smedemokrati.sk\" \/>\n<meta property=\"article:publisher\" content=\"https:\/\/www.facebook.com\/smedemokrati2023\" \/>\n<meta property=\"article:published_time\" content=\"2026-04-29T12:01:24+00:00\" \/>\n<meta property=\"article:modified_time\" content=\"2026-04-29T12:01:25+00:00\" \/>\n<meta property=\"og:image\" content=\"https:\/\/www.smedemokrati.sk\/wp-content\/uploads\/2026\/04\/bianco-sek.jpg\" \/>\n\t<meta property=\"og:image:width\" content=\"1280\" \/>\n\t<meta property=\"og:image:height\" content=\"720\" \/>\n\t<meta property=\"og:image:type\" content=\"image\/jpeg\" \/>\n<meta name=\"author\" content=\"miro.sopko\" \/>\n<meta name=\"twitter:card\" content=\"summary_large_image\" \/>\n<meta name=\"twitter:label1\" content=\"Skriven av\" \/>\n\t<meta name=\"twitter:data1\" content=\"miro.sopko\" \/>\n\t<meta name=\"twitter:label2\" content=\"Ber\u00e4knad l\u00e4stid\" \/>\n\t<meta name=\"twitter:data2\" content=\"2 minuter\" \/>\n<script type=\"application\/ld+json\" class=\"yoast-schema-graph\">{\"@context\":\"https:\/\/schema.org\",\"@graph\":[{\"@type\":\"Article\",\"@id\":\"https:\/\/www.smedemokrati.sk\/fico-chce-od-opozicie-bianko-sek-na-nemocnice-najprv-nech-vlada-zabezpeci-peniaze\/#article\",\"isPartOf\":{\"@id\":\"https:\/\/www.smedemokrati.sk\/fico-chce-od-opozicie-bianko-sek-na-nemocnice-najprv-nech-vlada-zabezpeci-peniaze\/\"},\"author\":{\"name\":\"miro.sopko\",\"@id\":\"https:\/\/www.smedemokrati.sk\/#\/schema\/person\/21f147c88d605aa7ded900e1e7c344ba\"},\"headline\":\"Fico chce od opoz\u00edcie \u201ebianko \u0161ek\u201c na nemocnice. Najprv nech vl\u00e1da zabezpe\u010d\u00ed peniaze\",\"datePublished\":\"2026-04-29T12:01:24+00:00\",\"dateModified\":\"2026-04-29T12:01:25+00:00\",\"mainEntityOfPage\":{\"@id\":\"https:\/\/www.smedemokrati.sk\/fico-chce-od-opozicie-bianko-sek-na-nemocnice-najprv-nech-vlada-zabezpeci-peniaze\/\"},\"wordCount\":417,\"publisher\":{\"@id\":\"https:\/\/www.smedemokrati.sk\/#organization\"},\"image\":{\"@id\":\"https:\/\/www.smedemokrati.sk\/fico-chce-od-opozicie-bianko-sek-na-nemocnice-najprv-nech-vlada-zabezpeci-peniaze\/#primaryimage\"},\"thumbnailUrl\":\"https:\/\/www.smedemokrati.sk\/wp-content\/uploads\/2026\/04\/bianco-sek.jpg\",\"articleSection\":[\"Tla\u010dov\u00e9 spr\u00e1vy\"],\"inLanguage\":\"sv-SE\"},{\"@type\":\"WebPage\",\"@id\":\"https:\/\/www.smedemokrati.sk\/fico-chce-od-opozicie-bianko-sek-na-nemocnice-najprv-nech-vlada-zabezpeci-peniaze\/\",\"url\":\"https:\/\/www.smedemokrati.sk\/fico-chce-od-opozicie-bianko-sek-na-nemocnice-najprv-nech-vlada-zabezpeci-peniaze\/\",\"name\":\"Fico chce od opoz\u00edcie \u201ebianko \u0161ek\u201c na nemocnice. Najprv nech vl\u00e1da zabezpe\u010d\u00ed peniaze\",\"isPartOf\":{\"@id\":\"https:\/\/www.smedemokrati.sk\/#website\"},\"primaryImageOfPage\":{\"@id\":\"https:\/\/www.smedemokrati.sk\/fico-chce-od-opozicie-bianko-sek-na-nemocnice-najprv-nech-vlada-zabezpeci-peniaze\/#primaryimage\"},\"image\":{\"@id\":\"https:\/\/www.smedemokrati.sk\/fico-chce-od-opozicie-bianko-sek-na-nemocnice-najprv-nech-vlada-zabezpeci-peniaze\/#primaryimage\"},\"thumbnailUrl\":\"https:\/\/www.smedemokrati.sk\/wp-content\/uploads\/2026\/04\/bianco-sek.jpg\",\"datePublished\":\"2026-04-29T12:01:24+00:00\",\"dateModified\":\"2026-04-29T12:01:25+00:00\",\"breadcrumb\":{\"@id\":\"https:\/\/www.smedemokrati.sk\/fico-chce-od-opozicie-bianko-sek-na-nemocnice-najprv-nech-vlada-zabezpeci-peniaze\/#breadcrumb\"},\"inLanguage\":\"sv-SE\",\"potentialAction\":[{\"@type\":\"ReadAction\",\"target\":[\"https:\/\/www.smedemokrati.sk\/fico-chce-od-opozicie-bianko-sek-na-nemocnice-najprv-nech-vlada-zabezpeci-peniaze\/\"]}]},{\"@type\":\"ImageObject\",\"inLanguage\":\"sv-SE\",\"@id\":\"https:\/\/www.smedemokrati.sk\/fico-chce-od-opozicie-bianko-sek-na-nemocnice-najprv-nech-vlada-zabezpeci-peniaze\/#primaryimage\",\"url\":\"https:\/\/www.smedemokrati.sk\/wp-content\/uploads\/2026\/04\/bianco-sek.jpg\",\"contentUrl\":\"https:\/\/www.smedemokrati.sk\/wp-content\/uploads\/2026\/04\/bianco-sek.jpg\",\"width\":1280,\"height\":720},{\"@type\":\"BreadcrumbList\",\"@id\":\"https:\/\/www.smedemokrati.sk\/fico-chce-od-opozicie-bianko-sek-na-nemocnice-najprv-nech-vlada-zabezpeci-peniaze\/#breadcrumb\",\"itemListElement\":[{\"@type\":\"ListItem\",\"position\":1,\"name\":\"Domovsk\u00e1 str\u00e1nka\",\"item\":\"https:\/\/www.smedemokrati.sk\/\"},{\"@type\":\"ListItem\",\"position\":2,\"name\":\"Fico chce od opoz\u00edcie \u201ebianko \u0161ek\u201c na nemocnice. Najprv nech vl\u00e1da zabezpe\u010d\u00ed peniaze\"}]},{\"@type\":\"WebSite\",\"@id\":\"https:\/\/www.smedemokrati.sk\/#website\",\"url\":\"https:\/\/www.smedemokrati.sk\/\",\"name\":\"Smedemokrati.sk\",\"description\":\"Demokracia a slu\u0161nos\u0165 zv\u00ed\u0165az\u00ed\",\"publisher\":{\"@id\":\"https:\/\/www.smedemokrati.sk\/#organization\"},\"potentialAction\":[{\"@type\":\"SearchAction\",\"target\":{\"@type\":\"EntryPoint\",\"urlTemplate\":\"https:\/\/www.smedemokrati.sk\/?s={search_term_string}\"},\"query-input\":{\"@type\":\"PropertyValueSpecification\",\"valueRequired\":true,\"valueName\":\"search_term_string\"}}],\"inLanguage\":\"sv-SE\"},{\"@type\":\"Organization\",\"@id\":\"https:\/\/www.smedemokrati.sk\/#organization\",\"name\":\"Smedemokrati.sk\",\"url\":\"https:\/\/www.smedemokrati.sk\/\",\"logo\":{\"@type\":\"ImageObject\",\"inLanguage\":\"sv-SE\",\"@id\":\"https:\/\/www.smedemokrati.sk\/#\/schema\/logo\/image\/\",\"url\":\"https:\/\/www.smedemokrati.sk\/wp-content\/uploads\/2023\/04\/ff.002.jpeg\",\"contentUrl\":\"https:\/\/www.smedemokrati.sk\/wp-content\/uploads\/2023\/04\/ff.002.jpeg\",\"width\":640,\"height\":480,\"caption\":\"Smedemokrati.sk\"},\"image\":{\"@id\":\"https:\/\/www.smedemokrati.sk\/#\/schema\/logo\/image\/\"},\"sameAs\":[\"https:\/\/www.facebook.com\/smedemokrati2023\"]},{\"@type\":\"Person\",\"@id\":\"https:\/\/www.smedemokrati.sk\/#\/schema\/person\/21f147c88d605aa7ded900e1e7c344ba\",\"name\":\"miro.sopko\",\"image\":{\"@type\":\"ImageObject\",\"inLanguage\":\"sv-SE\",\"@id\":\"https:\/\/secure.gravatar.com\/avatar\/267e4a36f704376c109afe3a78740c1f5dd8675a2180a908699e7863c9247606?s=96&d=mm&r=g\",\"url\":\"https:\/\/secure.gravatar.com\/avatar\/267e4a36f704376c109afe3a78740c1f5dd8675a2180a908699e7863c9247606?s=96&d=mm&r=g\",\"contentUrl\":\"https:\/\/secure.gravatar.com\/avatar\/267e4a36f704376c109afe3a78740c1f5dd8675a2180a908699e7863c9247606?s=96&d=mm&r=g\",\"caption\":\"miro.sopko\"},\"url\":\"https:\/\/www.smedemokrati.sk\/sv\/author\/miro-sopko\/\"}]}<\/script>\n<!-- \/ Yoast SEO plugin. -->","yoast_head_json":{"title":"Fico chce od opoz\u00edcie \u201ebianko \u0161ek\u201c na nemocnice. Najprv nech vl\u00e1da zabezpe\u010d\u00ed peniaze","robots":{"index":"index","follow":"follow","max-snippet":"max-snippet:-1","max-image-preview":"max-image-preview:large","max-video-preview":"max-video-preview:-1"},"canonical":"https:\/\/www.smedemokrati.sk\/sv\/fico-chce-od-opozicie-bianko-sek-na-nemocnice-najprv-nech-vlada-zabezpeci-peniaze\/","og_locale":"sv_SE","og_type":"article","og_title":"[:sk]Fico chce od opoz\u00edcie \u201ebianko \u0161ek\u201c na nemocnice. Najprv nech vl\u00e1da zabezpe\u010d\u00ed peniaze[:] - Smedemokrati.sk","og_description":"Demokrati odmietaj\u00fa podp\u00edsa\u0165 vl\u00e1de \u201ema\u010dku vo vreci\u201c pri dostavbe nemocn\u00edc. Vl\u00e1da Roberta Fica pod\u013ea nich \u017eiada od opoz\u00edcie verejn\u00fd z\u00e1v\u00e4zok dokon\u010di\u0165 nemocnice, no sama nevie garantova\u0165 financovanie projektov ani dodr\u017eanie term\u00ednov. Podpredseda Demokratov Eduard Heger pripomenul, \u017ee to bola jeho vl\u00e1da, ktor\u00e1 pre slovensk\u00e9 zdravotn\u00edctvo zabezpe\u010dila z Pl\u00e1nu obnovy E\u00da 1,2 miliardy eur, dnes u\u017e [&hellip;]","og_url":"https:\/\/www.smedemokrati.sk\/sv\/fico-chce-od-opozicie-bianko-sek-na-nemocnice-najprv-nech-vlada-zabezpeci-peniaze\/","og_site_name":"Smedemokrati.sk","article_publisher":"https:\/\/www.facebook.com\/smedemokrati2023","article_published_time":"2026-04-29T12:01:24+00:00","article_modified_time":"2026-04-29T12:01:25+00:00","og_image":[{"width":1280,"height":720,"url":"https:\/\/www.smedemokrati.sk\/wp-content\/uploads\/2026\/04\/bianco-sek.jpg","type":"image\/jpeg"}],"author":"miro.sopko","twitter_card":"summary_large_image","twitter_misc":{"Skriven av":"miro.sopko","Ber\u00e4knad l\u00e4stid":"2 minuter"},"schema":{"@context":"https:\/\/schema.org","@graph":[{"@type":"Article","@id":"https:\/\/www.smedemokrati.sk\/fico-chce-od-opozicie-bianko-sek-na-nemocnice-najprv-nech-vlada-zabezpeci-peniaze\/#article","isPartOf":{"@id":"https:\/\/www.smedemokrati.sk\/fico-chce-od-opozicie-bianko-sek-na-nemocnice-najprv-nech-vlada-zabezpeci-peniaze\/"},"author":{"name":"miro.sopko","@id":"https:\/\/www.smedemokrati.sk\/#\/schema\/person\/21f147c88d605aa7ded900e1e7c344ba"},"headline":"Fico chce od opoz\u00edcie \u201ebianko \u0161ek\u201c na nemocnice. Najprv nech vl\u00e1da zabezpe\u010d\u00ed peniaze","datePublished":"2026-04-29T12:01:24+00:00","dateModified":"2026-04-29T12:01:25+00:00","mainEntityOfPage":{"@id":"https:\/\/www.smedemokrati.sk\/fico-chce-od-opozicie-bianko-sek-na-nemocnice-najprv-nech-vlada-zabezpeci-peniaze\/"},"wordCount":417,"publisher":{"@id":"https:\/\/www.smedemokrati.sk\/#organization"},"image":{"@id":"https:\/\/www.smedemokrati.sk\/fico-chce-od-opozicie-bianko-sek-na-nemocnice-najprv-nech-vlada-zabezpeci-peniaze\/#primaryimage"},"thumbnailUrl":"https:\/\/www.smedemokrati.sk\/wp-content\/uploads\/2026\/04\/bianco-sek.jpg","articleSection":["Tla\u010dov\u00e9 spr\u00e1vy"],"inLanguage":"sv-SE"},{"@type":"WebPage","@id":"https:\/\/www.smedemokrati.sk\/fico-chce-od-opozicie-bianko-sek-na-nemocnice-najprv-nech-vlada-zabezpeci-peniaze\/","url":"https:\/\/www.smedemokrati.sk\/fico-chce-od-opozicie-bianko-sek-na-nemocnice-najprv-nech-vlada-zabezpeci-peniaze\/","name":"Fico chce od opoz\u00edcie \u201ebianko \u0161ek\u201c na nemocnice. Najprv nech vl\u00e1da zabezpe\u010d\u00ed peniaze","isPartOf":{"@id":"https:\/\/www.smedemokrati.sk\/#website"},"primaryImageOfPage":{"@id":"https:\/\/www.smedemokrati.sk\/fico-chce-od-opozicie-bianko-sek-na-nemocnice-najprv-nech-vlada-zabezpeci-peniaze\/#primaryimage"},"image":{"@id":"https:\/\/www.smedemokrati.sk\/fico-chce-od-opozicie-bianko-sek-na-nemocnice-najprv-nech-vlada-zabezpeci-peniaze\/#primaryimage"},"thumbnailUrl":"https:\/\/www.smedemokrati.sk\/wp-content\/uploads\/2026\/04\/bianco-sek.jpg","datePublished":"2026-04-29T12:01:24+00:00","dateModified":"2026-04-29T12:01:25+00:00","breadcrumb":{"@id":"https:\/\/www.smedemokrati.sk\/fico-chce-od-opozicie-bianko-sek-na-nemocnice-najprv-nech-vlada-zabezpeci-peniaze\/#breadcrumb"},"inLanguage":"sv-SE","potentialAction":[{"@type":"ReadAction","target":["https:\/\/www.smedemokrati.sk\/fico-chce-od-opozicie-bianko-sek-na-nemocnice-najprv-nech-vlada-zabezpeci-peniaze\/"]}]},{"@type":"ImageObject","inLanguage":"sv-SE","@id":"https:\/\/www.smedemokrati.sk\/fico-chce-od-opozicie-bianko-sek-na-nemocnice-najprv-nech-vlada-zabezpeci-peniaze\/#primaryimage","url":"https:\/\/www.smedemokrati.sk\/wp-content\/uploads\/2026\/04\/bianco-sek.jpg","contentUrl":"https:\/\/www.smedemokrati.sk\/wp-content\/uploads\/2026\/04\/bianco-sek.jpg","width":1280,"height":720},{"@type":"BreadcrumbList","@id":"https:\/\/www.smedemokrati.sk\/fico-chce-od-opozicie-bianko-sek-na-nemocnice-najprv-nech-vlada-zabezpeci-peniaze\/#breadcrumb","itemListElement":[{"@type":"ListItem","position":1,"name":"Domovsk\u00e1 str\u00e1nka","item":"https:\/\/www.smedemokrati.sk\/"},{"@type":"ListItem","position":2,"name":"Fico chce od opoz\u00edcie \u201ebianko \u0161ek\u201c na nemocnice. Najprv nech vl\u00e1da zabezpe\u010d\u00ed peniaze"}]},{"@type":"WebSite","@id":"https:\/\/www.smedemokrati.sk\/#website","url":"https:\/\/www.smedemokrati.sk\/","name":"Smedemokrati.sk","description":"Demokracia a slu\u0161nos\u0165 zv\u00ed\u0165az\u00ed","publisher":{"@id":"https:\/\/www.smedemokrati.sk\/#organization"},"potentialAction":[{"@type":"SearchAction","target":{"@type":"EntryPoint","urlTemplate":"https:\/\/www.smedemokrati.sk\/?s={search_term_string}"},"query-input":{"@type":"PropertyValueSpecification","valueRequired":true,"valueName":"search_term_string"}}],"inLanguage":"sv-SE"},{"@type":"Organization","@id":"https:\/\/www.smedemokrati.sk\/#organization","name":"Smedemokrati.sk","url":"https:\/\/www.smedemokrati.sk\/","logo":{"@type":"ImageObject","inLanguage":"sv-SE","@id":"https:\/\/www.smedemokrati.sk\/#\/schema\/logo\/image\/","url":"https:\/\/www.smedemokrati.sk\/wp-content\/uploads\/2023\/04\/ff.002.jpeg","contentUrl":"https:\/\/www.smedemokrati.sk\/wp-content\/uploads\/2023\/04\/ff.002.jpeg","width":640,"height":480,"caption":"Smedemokrati.sk"},"image":{"@id":"https:\/\/www.smedemokrati.sk\/#\/schema\/logo\/image\/"},"sameAs":["https:\/\/www.facebook.com\/smedemokrati2023"]},{"@type":"Person","@id":"https:\/\/www.smedemokrati.sk\/#\/schema\/person\/21f147c88d605aa7ded900e1e7c344ba","name":"miro.sopko","image":{"@type":"ImageObject","inLanguage":"sv-SE","@id":"https:\/\/secure.gravatar.com\/avatar\/267e4a36f704376c109afe3a78740c1f5dd8675a2180a908699e7863c9247606?s=96&d=mm&r=g","url":"https:\/\/secure.gravatar.com\/avatar\/267e4a36f704376c109afe3a78740c1f5dd8675a2180a908699e7863c9247606?s=96&d=mm&r=g","contentUrl":"https:\/\/secure.gravatar.com\/avatar\/267e4a36f704376c109afe3a78740c1f5dd8675a2180a908699e7863c9247606?s=96&d=mm&r=g","caption":"miro.sopko"},"url":"https:\/\/www.smedemokrati.sk\/sv\/author\/miro-sopko\/"}]}},"_links":{"self":[{"href":"https:\/\/www.smedemokrati.sk\/sv\/wp-json\/wp\/v2\/posts\/9271","targetHints":{"allow":["GET"]}}],"collection":[{"href":"https:\/\/www.smedemokrati.sk\/sv\/wp-json\/wp\/v2\/posts"}],"about":[{"href":"https:\/\/www.smedemokrati.sk\/sv\/wp-json\/wp\/v2\/types\/post"}],"author":[{"embeddable":true,"href":"https:\/\/www.smedemokrati.sk\/sv\/wp-json\/wp\/v2\/users\/13"}],"replies":[{"embeddable":true,"href":"https:\/\/www.smedemokrati.sk\/sv\/wp-json\/wp\/v2\/comments?post=9271"}],"version-history":[{"count":1,"href":"https:\/\/www.smedemokrati.sk\/sv\/wp-json\/wp\/v2\/posts\/9271\/revisions"}],"predecessor-version":[{"id":9273,"href":"https:\/\/www.smedemokrati.sk\/sv\/wp-json\/wp\/v2\/posts\/9271\/revisions\/9273"}],"wp:featuredmedia":[{"embeddable":true,"href":"https:\/\/www.smedemokrati.sk\/sv\/wp-json\/wp\/v2\/media\/9272"}],"wp:attachment":[{"href":"https:\/\/www.smedemokrati.sk\/sv\/wp-json\/wp\/v2\/media?parent=9271"}],"wp:term":[{"taxonomy":"category","embeddable":true,"href":"https:\/\/www.smedemokrati.sk\/sv\/wp-json\/wp\/v2\/categories?post=9271"},{"taxonomy":"post_tag","embeddable":true,"href":"https:\/\/www.smedemokrati.sk\/sv\/wp-json\/wp\/v2\/tags?post=9271"}],"curies":[{"name":"wp","href":"https:\/\/api.w.org\/{rel}","templated":true}]}}