{"id":9263,"date":"2026-04-28T12:11:53","date_gmt":"2026-04-28T11:11:53","guid":{"rendered":"https:\/\/www.smedemokrati.sk\/?p=9263"},"modified":"2026-04-28T12:14:01","modified_gmt":"2026-04-28T11:14:01","slug":"taraba-a-ani-urady-nesmu-kryt-spalovnu-v-bratislave-na-ukor-zdravia-ludi","status":"publish","type":"post","link":"https:\/\/www.smedemokrati.sk\/sv\/taraba-a-ani-urady-nesmu-kryt-spalovnu-v-bratislave-na-ukor-zdravia-ludi\/","title":{"rendered":"Taraba a ani \u00farady nesm\u00fa kry\u0165 spa\u013eov\u0148u v Bratislave na \u00fakor zdravia \u013eud\u00ed"},"content":{"rendered":"<div id=\"fb-root\"><\/div>\n\n<p><strong>Demokrati sa obracaj\u00fa na prokurat\u00faru, aby presk\u00famala postup Region\u00e1lneho \u00faradu verejn\u00e9ho zdravotn\u00edctva v Bratislave (R\u00daVZ) pri z\u00e1mere novej spa\u013eovne v rafin\u00e9rii Slovnaft a jeho stanoviska z apr\u00edla 2025. Z\u00e1rove\u0148 vyz\u00fdvaj\u00fa Ministerstvo \u017eivotn\u00e9ho prostredia SR, aby zabezpe\u010dilo nov\u00e9 a aktu\u00e1lne pos\u00fadenie dopadov na zdravie obyvate\u013eov a kvalitu ovzdu\u0161ia, ke\u010f\u017ee s\u00fa\u010dasn\u00e9 stanovisko pova\u017euj\u00fa za nedostato\u010dn\u00e9 a postaven\u00e9 na neaktu\u00e1lnej metodike.<\/strong><\/p>\n\n\n\n<p><em>\u201eNa Slovensku ka\u017edoro\u010dne zomiera mno\u017estvo \u013eud\u00ed aj v d\u00f4sledku zlej kvality ovzdu\u0161ia. O to v\u00e1\u017enej\u0161ie je, \u017ee pri projekte novej spa\u013eovne \u00farady ignoruj\u00fa spr\u00eds\u0148uj\u00face eur\u00f3pske limity aj re\u00e1lny stav ovzdu\u0161ia. Obraciame sa preto na prokurat\u00faru s podnetom na presk\u00famanie z\u00e1konnosti z\u00e1v\u00e4zn\u00e9ho stanoviska R\u00daVZ a aj na ministerstvo s po\u017eiadavkou na zabezpe\u010denie jeho dopracovania, preto\u017ee stanovisko R\u00daVZ je nedostato\u010dn\u00e9 a neobh\u00e1jite\u013en\u00e9 a doch\u00e1dza k poru\u0161eniu princ\u00edpu predbe\u017enej opatrnosti, ktor\u00fd je pri ochrane zdravia \u013eud\u00ed k\u013e\u00fa\u010dov\u00fd,\u201c&nbsp;<\/em>uviedol podpredseda Demokratov a enviroexpert Michal Ki\u010da.<\/p>\n\n\n\n<p>\u201e<em>Nech\u00e1peme, z \u010doho vych\u00e1dza \u00farad verejn\u00e9ho zdravotn\u00edctva, ke\u010f tvrd\u00ed, \u017ee nehrozia \u017eiadne rizik\u00e1. Odbor ochrany ovzdu\u0161ia u\u017e dnes upozor\u0148uje na prekra\u010dovan\u00e9 limity a E\u00da ich e\u0161te v novej smernici z roku 2024 spr\u00eds\u0148uje. Taraba m\u00e1 povinnos\u0165 zabezpe\u010di\u0165 riadne a \u00fapln\u00e9 pos\u00fadenie vplyvov vr\u00e1tane kvality ovzdu\u0161ia a zdravia \u013eud\u00ed. Ak to neurob\u00ed, op\u00e4\u0165 bude st\u00e1\u0165 na strane lobistov, nie ob\u010danov,<\/em>\u201c dodal Ki\u010da.<\/p>\n\n\n\n<p>Demokrati z\u00e1rove\u0148 upozor\u0148uj\u00fa na rozpor medzi stanoviskom R\u00daVZ, ktor\u00fd tvrd\u00ed, \u017ee nehrozia zdravotn\u00e9 rizik\u00e1 a odborn\u00fdmi stanoviskami, ktor\u00e9 hovoria o prekra\u010dovan\u00ed limitov a nevhodnom umiestnen\u00ed z\u00e1meru. \u201e<em>U\u017e dnes s\u00fa pod\u013ea odboru glob\u00e1lnej ochrany ovzdu\u0161ia envirorezortu v Bratislave prekra\u010dovan\u00e9 denn\u00e9, ro\u010dn\u00e9 alebo hodinov\u00e9 limity vo viacer\u00fdch lokalit\u00e1ch a pri viacer\u00fdch zne\u010dis\u0165uj\u00facich l\u00e1tkach. Najviac znepokojuj\u00face s\u00fa oxidy dus\u00edka, PM10 a fotochemick\u00fd smog, ktor\u00fd je ve\u013emi z\u00e1va\u017en\u00fd najm\u00e4 pre alergikov a astmatikov. Aj hlavn\u00e1 odborn\u00ed\u010dka ministerstva zdravotn\u00edctva pre pneumol\u00f3giu a ftizeol\u00f3giu sa verejne vyjadrila proti spa\u013eovni, kv\u00f4li dopadom na alergikov a astmatikov,<\/em>\u201d vysvet\u013euje Ki\u010da.\u00a0<\/p>\n\n\n\n<p>Okresn\u00fd predseda Demokratov Mat\u00fa\u0161 Grzn\u00e1r pripom\u00edna, \u017ee viac ako 100 tis\u00edc \u013eud\u00ed v Bratislave zast\u00fapen\u00ed svojimi poslancami v \u017eupnom a mestskom zastupite\u013estve, ako aj miestnych zastupite\u013estv\u00e1ch Petr\u017ealky, Ru\u017einova, Vrakune a Podunajsk\u00fdch Biskup\u00edc sa jednozna\u010dne vyjadrilo proti novej spa\u013eovni CEZO Slovnaft. \u201e<em>Pet\u00edciu podp\u00edsalo viac ako 20-tis\u00edc \u013eud\u00ed. Viac ako 100 tis\u00edc \u013eud\u00ed v Bratislave zast\u00fapen\u00ed svojimi poslancami v \u017eupnom a mestskom zastupite\u013estve, ako aj miestnych zastupite\u013estv\u00e1ch Petr\u017ealky, Ru\u017einova, Vrakune a Podunajsk\u00fdch Biskup\u00edc sa jednozna\u010dne vyjadrilo proti novej spa\u013eovni v Slovnafte,<\/em>\u201d dop\u013a\u0148a Grzn\u00e1r.\u00a0<\/p>\n\n\n\n<p>\u201e<em>Bratislava u\u017e jednu spa\u013eov\u0148u m\u00e1 a t\u00e1 navy\u0161e roz\u0161iruje svoje kapacity. \u010eal\u0161ia spa\u013eov\u0148a v \u00fazem\u00ed, kde s\u00fa u\u017e dnes prekra\u010dovan\u00e9 limity zne\u010distenia, je nezodpovedn\u00e9 rozhodnutie. Verejn\u00fd tlak mus\u00ed pokra\u010dova\u0165, preto\u017ee ide o zdravie \u013eud\u00ed a kvalitu \u017eivota v celom meste,<\/em>\u201c uzavrel Mat\u00fa\u0161 Grzn\u00e1r.<\/p>\n\n\n\n<figure class=\"wp-block-embed is-type-video is-provider-youtube wp-block-embed-youtube wp-embed-aspect-16-9 wp-has-aspect-ratio\"><div class=\"wp-block-embed__wrapper\">\n<iframe title=\"Live: P\u00e1n Taraba, chr\u00e1\u0148te verejn\u00fd z\u00e1ujem! Pri Slovnafte aj pri zon\u00e1ci\u00e1ch n\u00e1rodn\u00fdch parkov\" width=\"500\" height=\"281\" src=\"https:\/\/www.youtube.com\/embed\/70qNP05HEx4?feature=oembed\" frameborder=\"0\" allow=\"accelerometer; autoplay; clipboard-write; encrypted-media; gyroscope; picture-in-picture; web-share\" referrerpolicy=\"strict-origin-when-cross-origin\" allowfullscreen><\/iframe>\n<\/div><\/figure>\n","protected":false},"excerpt":{"rendered":"<p>Demokrati sa obracaj\u00fa na prokurat\u00faru, aby presk\u00famala postup Region\u00e1lneho \u00faradu verejn\u00e9ho zdravotn\u00edctva v Bratislave (R\u00daVZ) pri z\u00e1mere novej spa\u013eovne v rafin\u00e9rii Slovnaft a jeho stanoviska z apr\u00edla 2025. Z\u00e1rove\u0148 vyz\u00fdvaj\u00fa Ministerstvo \u017eivotn\u00e9ho prostredia SR, aby zabezpe\u010dilo nov\u00e9 a aktu\u00e1lne pos\u00fadenie dopadov na zdravie obyvate\u013eov a kvalitu ovzdu\u0161ia, ke\u010f\u017ee s\u00fa\u010dasn\u00e9 stanovisko pova\u017euj\u00fa za nedostato\u010dn\u00e9 a postaven\u00e9 [&hellip;]<\/p>\n","protected":false},"author":13,"featured_media":9266,"comment_status":"closed","ping_status":"closed","sticky":false,"template":"","format":"standard","meta":{"_acf_changed":false,"ngg_post_thumbnail":0,"footnotes":""},"categories":[4],"tags":[],"class_list":["post-9263","post","type-post","status-publish","format-standard","has-post-thumbnail","hentry","category-tlacove-spravy"],"acf":[],"yoast_head":"<!-- This site is optimized with the Yoast SEO plugin v27.2 - https:\/\/yoast.com\/product\/yoast-seo-wordpress\/ -->\n<title>Taraba a ani \u00farady nesm\u00fa kry\u0165 spa\u013eov\u0148u v Bratislave na \u00fakor zdravia \u013eud\u00ed<\/title>\n<meta name=\"robots\" content=\"index, follow, max-snippet:-1, max-image-preview:large, max-video-preview:-1\" \/>\n<link rel=\"canonical\" href=\"https:\/\/www.smedemokrati.sk\/sv\/taraba-a-ani-urady-nesmu-kryt-spalovnu-v-bratislave-na-ukor-zdravia-ludi\/\" \/>\n<meta property=\"og:locale\" content=\"sv_SE\" \/>\n<meta property=\"og:locale:alternate\" content=\"en_US\" \/>\n<meta property=\"og:locale:alternate\" content=\"cs_CZ\" \/>\n<meta property=\"og:locale:alternate\" content=\"hu_HU\" \/>\n<meta property=\"og:locale:alternate\" content=\"sk_SK\" \/>\n<meta property=\"og:type\" content=\"article\" \/>\n<meta property=\"og:title\" content=\"Taraba a ani \u00farady nesm\u00fa kry\u0165 spa\u013eov\u0148u v Bratislave na \u00fakor zdravia \u013eud\u00ed\" \/>\n<meta property=\"og:description\" content=\"Demokrati sa obracaj\u00fa na prokurat\u00faru, aby presk\u00famala postup Region\u00e1lneho \u00faradu verejn\u00e9ho zdravotn\u00edctva v Bratislave (R\u00daVZ) pri z\u00e1mere novej spa\u013eovne v rafin\u00e9rii Slovnaft a jeho stanoviska z apr\u00edla 2025. Z\u00e1rove\u0148 vyz\u00fdvaj\u00fa Ministerstvo \u017eivotn\u00e9ho prostredia SR, aby zabezpe\u010dilo nov\u00e9 a aktu\u00e1lne pos\u00fadenie dopadov na zdravie obyvate\u013eov a kvalitu ovzdu\u0161ia, ke\u010f\u017ee s\u00fa\u010dasn\u00e9 stanovisko pova\u017euj\u00fa za nedostato\u010dn\u00e9 a postaven\u00e9 [&hellip;]\" \/>\n<meta property=\"og:url\" content=\"https:\/\/www.smedemokrati.sk\/sv\/taraba-a-ani-urady-nesmu-kryt-spalovnu-v-bratislave-na-ukor-zdravia-ludi\/\" \/>\n<meta property=\"og:site_name\" content=\"Smedemokrati.sk\" \/>\n<meta property=\"article:publisher\" content=\"https:\/\/www.facebook.com\/smedemokrati2023\" \/>\n<meta property=\"article:published_time\" content=\"2026-04-28T11:11:53+00:00\" \/>\n<meta property=\"article:modified_time\" content=\"2026-04-28T11:14:01+00:00\" \/>\n<meta property=\"og:image\" content=\"https:\/\/www.smedemokrati.sk\/wp-content\/uploads\/2026\/04\/684242328_1301589012189363_2142313976052988768_n.jpg\" \/>\n\t<meta property=\"og:image:width\" content=\"1280\" \/>\n\t<meta property=\"og:image:height\" content=\"720\" \/>\n\t<meta property=\"og:image:type\" content=\"image\/jpeg\" \/>\n<meta name=\"author\" content=\"miro.sopko\" \/>\n<meta name=\"twitter:card\" content=\"summary_large_image\" \/>\n<meta name=\"twitter:label1\" content=\"Skriven av\" \/>\n\t<meta name=\"twitter:data1\" content=\"miro.sopko\" \/>\n\t<meta name=\"twitter:label2\" content=\"Ber\u00e4knad l\u00e4stid\" \/>\n\t<meta name=\"twitter:data2\" content=\"3 minuter\" \/>\n<script type=\"application\/ld+json\" class=\"yoast-schema-graph\">{\"@context\":\"https:\/\/schema.org\",\"@graph\":[{\"@type\":\"Article\",\"@id\":\"https:\/\/www.smedemokrati.sk\/taraba-a-ani-urady-nesmu-kryt-spalovnu-v-bratislave-na-ukor-zdravia-ludi\/#article\",\"isPartOf\":{\"@id\":\"https:\/\/www.smedemokrati.sk\/taraba-a-ani-urady-nesmu-kryt-spalovnu-v-bratislave-na-ukor-zdravia-ludi\/\"},\"author\":{\"name\":\"miro.sopko\",\"@id\":\"https:\/\/www.smedemokrati.sk\/#\/schema\/person\/21f147c88d605aa7ded900e1e7c344ba\"},\"headline\":\"Taraba a ani \u00farady nesm\u00fa kry\u0165 spa\u013eov\u0148u v Bratislave na \u00fakor zdravia \u013eud\u00ed\",\"datePublished\":\"2026-04-28T11:11:53+00:00\",\"dateModified\":\"2026-04-28T11:14:01+00:00\",\"mainEntityOfPage\":{\"@id\":\"https:\/\/www.smedemokrati.sk\/taraba-a-ani-urady-nesmu-kryt-spalovnu-v-bratislave-na-ukor-zdravia-ludi\/\"},\"wordCount\":582,\"publisher\":{\"@id\":\"https:\/\/www.smedemokrati.sk\/#organization\"},\"image\":{\"@id\":\"https:\/\/www.smedemokrati.sk\/taraba-a-ani-urady-nesmu-kryt-spalovnu-v-bratislave-na-ukor-zdravia-ludi\/#primaryimage\"},\"thumbnailUrl\":\"https:\/\/www.smedemokrati.sk\/wp-content\/uploads\/2026\/04\/684242328_1301589012189363_2142313976052988768_n.jpg\",\"articleSection\":[\"Tla\u010dov\u00e9 spr\u00e1vy\"],\"inLanguage\":\"sv-SE\"},{\"@type\":\"WebPage\",\"@id\":\"https:\/\/www.smedemokrati.sk\/taraba-a-ani-urady-nesmu-kryt-spalovnu-v-bratislave-na-ukor-zdravia-ludi\/\",\"url\":\"https:\/\/www.smedemokrati.sk\/taraba-a-ani-urady-nesmu-kryt-spalovnu-v-bratislave-na-ukor-zdravia-ludi\/\",\"name\":\"Taraba a ani \u00farady nesm\u00fa kry\u0165 spa\u013eov\u0148u v Bratislave na \u00fakor zdravia \u013eud\u00ed\",\"isPartOf\":{\"@id\":\"https:\/\/www.smedemokrati.sk\/#website\"},\"primaryImageOfPage\":{\"@id\":\"https:\/\/www.smedemokrati.sk\/taraba-a-ani-urady-nesmu-kryt-spalovnu-v-bratislave-na-ukor-zdravia-ludi\/#primaryimage\"},\"image\":{\"@id\":\"https:\/\/www.smedemokrati.sk\/taraba-a-ani-urady-nesmu-kryt-spalovnu-v-bratislave-na-ukor-zdravia-ludi\/#primaryimage\"},\"thumbnailUrl\":\"https:\/\/www.smedemokrati.sk\/wp-content\/uploads\/2026\/04\/684242328_1301589012189363_2142313976052988768_n.jpg\",\"datePublished\":\"2026-04-28T11:11:53+00:00\",\"dateModified\":\"2026-04-28T11:14:01+00:00\",\"breadcrumb\":{\"@id\":\"https:\/\/www.smedemokrati.sk\/taraba-a-ani-urady-nesmu-kryt-spalovnu-v-bratislave-na-ukor-zdravia-ludi\/#breadcrumb\"},\"inLanguage\":\"sv-SE\",\"potentialAction\":[{\"@type\":\"ReadAction\",\"target\":[\"https:\/\/www.smedemokrati.sk\/taraba-a-ani-urady-nesmu-kryt-spalovnu-v-bratislave-na-ukor-zdravia-ludi\/\"]}]},{\"@type\":\"ImageObject\",\"inLanguage\":\"sv-SE\",\"@id\":\"https:\/\/www.smedemokrati.sk\/taraba-a-ani-urady-nesmu-kryt-spalovnu-v-bratislave-na-ukor-zdravia-ludi\/#primaryimage\",\"url\":\"https:\/\/www.smedemokrati.sk\/wp-content\/uploads\/2026\/04\/684242328_1301589012189363_2142313976052988768_n.jpg\",\"contentUrl\":\"https:\/\/www.smedemokrati.sk\/wp-content\/uploads\/2026\/04\/684242328_1301589012189363_2142313976052988768_n.jpg\",\"width\":1280,\"height\":720},{\"@type\":\"BreadcrumbList\",\"@id\":\"https:\/\/www.smedemokrati.sk\/taraba-a-ani-urady-nesmu-kryt-spalovnu-v-bratislave-na-ukor-zdravia-ludi\/#breadcrumb\",\"itemListElement\":[{\"@type\":\"ListItem\",\"position\":1,\"name\":\"Domovsk\u00e1 str\u00e1nka\",\"item\":\"https:\/\/www.smedemokrati.sk\/\"},{\"@type\":\"ListItem\",\"position\":2,\"name\":\"Taraba a ani \u00farady nesm\u00fa kry\u0165 spa\u013eov\u0148u v Bratislave na \u00fakor zdravia \u013eud\u00ed\"}]},{\"@type\":\"WebSite\",\"@id\":\"https:\/\/www.smedemokrati.sk\/#website\",\"url\":\"https:\/\/www.smedemokrati.sk\/\",\"name\":\"Smedemokrati.sk\",\"description\":\"Demokracia a slu\u0161nos\u0165 zv\u00ed\u0165az\u00ed\",\"publisher\":{\"@id\":\"https:\/\/www.smedemokrati.sk\/#organization\"},\"potentialAction\":[{\"@type\":\"SearchAction\",\"target\":{\"@type\":\"EntryPoint\",\"urlTemplate\":\"https:\/\/www.smedemokrati.sk\/?s={search_term_string}\"},\"query-input\":{\"@type\":\"PropertyValueSpecification\",\"valueRequired\":true,\"valueName\":\"search_term_string\"}}],\"inLanguage\":\"sv-SE\"},{\"@type\":\"Organization\",\"@id\":\"https:\/\/www.smedemokrati.sk\/#organization\",\"name\":\"Smedemokrati.sk\",\"url\":\"https:\/\/www.smedemokrati.sk\/\",\"logo\":{\"@type\":\"ImageObject\",\"inLanguage\":\"sv-SE\",\"@id\":\"https:\/\/www.smedemokrati.sk\/#\/schema\/logo\/image\/\",\"url\":\"https:\/\/www.smedemokrati.sk\/wp-content\/uploads\/2023\/04\/ff.002.jpeg\",\"contentUrl\":\"https:\/\/www.smedemokrati.sk\/wp-content\/uploads\/2023\/04\/ff.002.jpeg\",\"width\":640,\"height\":480,\"caption\":\"Smedemokrati.sk\"},\"image\":{\"@id\":\"https:\/\/www.smedemokrati.sk\/#\/schema\/logo\/image\/\"},\"sameAs\":[\"https:\/\/www.facebook.com\/smedemokrati2023\"]},{\"@type\":\"Person\",\"@id\":\"https:\/\/www.smedemokrati.sk\/#\/schema\/person\/21f147c88d605aa7ded900e1e7c344ba\",\"name\":\"miro.sopko\",\"image\":{\"@type\":\"ImageObject\",\"inLanguage\":\"sv-SE\",\"@id\":\"https:\/\/secure.gravatar.com\/avatar\/267e4a36f704376c109afe3a78740c1f5dd8675a2180a908699e7863c9247606?s=96&d=mm&r=g\",\"url\":\"https:\/\/secure.gravatar.com\/avatar\/267e4a36f704376c109afe3a78740c1f5dd8675a2180a908699e7863c9247606?s=96&d=mm&r=g\",\"contentUrl\":\"https:\/\/secure.gravatar.com\/avatar\/267e4a36f704376c109afe3a78740c1f5dd8675a2180a908699e7863c9247606?s=96&d=mm&r=g\",\"caption\":\"miro.sopko\"},\"url\":\"https:\/\/www.smedemokrati.sk\/sv\/author\/miro-sopko\/\"}]}<\/script>\n<!-- \/ Yoast SEO plugin. -->","yoast_head_json":{"title":"Taraba a ani \u00farady nesm\u00fa kry\u0165 spa\u013eov\u0148u v Bratislave na \u00fakor zdravia \u013eud\u00ed","robots":{"index":"index","follow":"follow","max-snippet":"max-snippet:-1","max-image-preview":"max-image-preview:large","max-video-preview":"max-video-preview:-1"},"canonical":"https:\/\/www.smedemokrati.sk\/sv\/taraba-a-ani-urady-nesmu-kryt-spalovnu-v-bratislave-na-ukor-zdravia-ludi\/","og_locale":"sv_SE","og_type":"article","og_title":"[:sk]Taraba a ani \u00farady nesm\u00fa kry\u0165 spa\u013eov\u0148u v Bratislave na \u00fakor zdravia \u013eud\u00ed[:] - Smedemokrati.sk","og_description":"Demokrati sa obracaj\u00fa na prokurat\u00faru, aby presk\u00famala postup Region\u00e1lneho \u00faradu verejn\u00e9ho zdravotn\u00edctva v Bratislave (R\u00daVZ) pri z\u00e1mere novej spa\u013eovne v rafin\u00e9rii Slovnaft a jeho stanoviska z apr\u00edla 2025. Z\u00e1rove\u0148 vyz\u00fdvaj\u00fa Ministerstvo \u017eivotn\u00e9ho prostredia SR, aby zabezpe\u010dilo nov\u00e9 a aktu\u00e1lne pos\u00fadenie dopadov na zdravie obyvate\u013eov a kvalitu ovzdu\u0161ia, ke\u010f\u017ee s\u00fa\u010dasn\u00e9 stanovisko pova\u017euj\u00fa za nedostato\u010dn\u00e9 a postaven\u00e9 [&hellip;]","og_url":"https:\/\/www.smedemokrati.sk\/sv\/taraba-a-ani-urady-nesmu-kryt-spalovnu-v-bratislave-na-ukor-zdravia-ludi\/","og_site_name":"Smedemokrati.sk","article_publisher":"https:\/\/www.facebook.com\/smedemokrati2023","article_published_time":"2026-04-28T11:11:53+00:00","article_modified_time":"2026-04-28T11:14:01+00:00","og_image":[{"width":1280,"height":720,"url":"https:\/\/www.smedemokrati.sk\/wp-content\/uploads\/2026\/04\/684242328_1301589012189363_2142313976052988768_n.jpg","type":"image\/jpeg"}],"author":"miro.sopko","twitter_card":"summary_large_image","twitter_misc":{"Skriven av":"miro.sopko","Ber\u00e4knad l\u00e4stid":"3 minuter"},"schema":{"@context":"https:\/\/schema.org","@graph":[{"@type":"Article","@id":"https:\/\/www.smedemokrati.sk\/taraba-a-ani-urady-nesmu-kryt-spalovnu-v-bratislave-na-ukor-zdravia-ludi\/#article","isPartOf":{"@id":"https:\/\/www.smedemokrati.sk\/taraba-a-ani-urady-nesmu-kryt-spalovnu-v-bratislave-na-ukor-zdravia-ludi\/"},"author":{"name":"miro.sopko","@id":"https:\/\/www.smedemokrati.sk\/#\/schema\/person\/21f147c88d605aa7ded900e1e7c344ba"},"headline":"Taraba a ani \u00farady nesm\u00fa kry\u0165 spa\u013eov\u0148u v Bratislave na \u00fakor zdravia \u013eud\u00ed","datePublished":"2026-04-28T11:11:53+00:00","dateModified":"2026-04-28T11:14:01+00:00","mainEntityOfPage":{"@id":"https:\/\/www.smedemokrati.sk\/taraba-a-ani-urady-nesmu-kryt-spalovnu-v-bratislave-na-ukor-zdravia-ludi\/"},"wordCount":582,"publisher":{"@id":"https:\/\/www.smedemokrati.sk\/#organization"},"image":{"@id":"https:\/\/www.smedemokrati.sk\/taraba-a-ani-urady-nesmu-kryt-spalovnu-v-bratislave-na-ukor-zdravia-ludi\/#primaryimage"},"thumbnailUrl":"https:\/\/www.smedemokrati.sk\/wp-content\/uploads\/2026\/04\/684242328_1301589012189363_2142313976052988768_n.jpg","articleSection":["Tla\u010dov\u00e9 spr\u00e1vy"],"inLanguage":"sv-SE"},{"@type":"WebPage","@id":"https:\/\/www.smedemokrati.sk\/taraba-a-ani-urady-nesmu-kryt-spalovnu-v-bratislave-na-ukor-zdravia-ludi\/","url":"https:\/\/www.smedemokrati.sk\/taraba-a-ani-urady-nesmu-kryt-spalovnu-v-bratislave-na-ukor-zdravia-ludi\/","name":"Taraba a ani \u00farady nesm\u00fa kry\u0165 spa\u013eov\u0148u v Bratislave na \u00fakor zdravia \u013eud\u00ed","isPartOf":{"@id":"https:\/\/www.smedemokrati.sk\/#website"},"primaryImageOfPage":{"@id":"https:\/\/www.smedemokrati.sk\/taraba-a-ani-urady-nesmu-kryt-spalovnu-v-bratislave-na-ukor-zdravia-ludi\/#primaryimage"},"image":{"@id":"https:\/\/www.smedemokrati.sk\/taraba-a-ani-urady-nesmu-kryt-spalovnu-v-bratislave-na-ukor-zdravia-ludi\/#primaryimage"},"thumbnailUrl":"https:\/\/www.smedemokrati.sk\/wp-content\/uploads\/2026\/04\/684242328_1301589012189363_2142313976052988768_n.jpg","datePublished":"2026-04-28T11:11:53+00:00","dateModified":"2026-04-28T11:14:01+00:00","breadcrumb":{"@id":"https:\/\/www.smedemokrati.sk\/taraba-a-ani-urady-nesmu-kryt-spalovnu-v-bratislave-na-ukor-zdravia-ludi\/#breadcrumb"},"inLanguage":"sv-SE","potentialAction":[{"@type":"ReadAction","target":["https:\/\/www.smedemokrati.sk\/taraba-a-ani-urady-nesmu-kryt-spalovnu-v-bratislave-na-ukor-zdravia-ludi\/"]}]},{"@type":"ImageObject","inLanguage":"sv-SE","@id":"https:\/\/www.smedemokrati.sk\/taraba-a-ani-urady-nesmu-kryt-spalovnu-v-bratislave-na-ukor-zdravia-ludi\/#primaryimage","url":"https:\/\/www.smedemokrati.sk\/wp-content\/uploads\/2026\/04\/684242328_1301589012189363_2142313976052988768_n.jpg","contentUrl":"https:\/\/www.smedemokrati.sk\/wp-content\/uploads\/2026\/04\/684242328_1301589012189363_2142313976052988768_n.jpg","width":1280,"height":720},{"@type":"BreadcrumbList","@id":"https:\/\/www.smedemokrati.sk\/taraba-a-ani-urady-nesmu-kryt-spalovnu-v-bratislave-na-ukor-zdravia-ludi\/#breadcrumb","itemListElement":[{"@type":"ListItem","position":1,"name":"Domovsk\u00e1 str\u00e1nka","item":"https:\/\/www.smedemokrati.sk\/"},{"@type":"ListItem","position":2,"name":"Taraba a ani \u00farady nesm\u00fa kry\u0165 spa\u013eov\u0148u v Bratislave na \u00fakor zdravia \u013eud\u00ed"}]},{"@type":"WebSite","@id":"https:\/\/www.smedemokrati.sk\/#website","url":"https:\/\/www.smedemokrati.sk\/","name":"Smedemokrati.sk","description":"Demokracia a slu\u0161nos\u0165 zv\u00ed\u0165az\u00ed","publisher":{"@id":"https:\/\/www.smedemokrati.sk\/#organization"},"potentialAction":[{"@type":"SearchAction","target":{"@type":"EntryPoint","urlTemplate":"https:\/\/www.smedemokrati.sk\/?s={search_term_string}"},"query-input":{"@type":"PropertyValueSpecification","valueRequired":true,"valueName":"search_term_string"}}],"inLanguage":"sv-SE"},{"@type":"Organization","@id":"https:\/\/www.smedemokrati.sk\/#organization","name":"Smedemokrati.sk","url":"https:\/\/www.smedemokrati.sk\/","logo":{"@type":"ImageObject","inLanguage":"sv-SE","@id":"https:\/\/www.smedemokrati.sk\/#\/schema\/logo\/image\/","url":"https:\/\/www.smedemokrati.sk\/wp-content\/uploads\/2023\/04\/ff.002.jpeg","contentUrl":"https:\/\/www.smedemokrati.sk\/wp-content\/uploads\/2023\/04\/ff.002.jpeg","width":640,"height":480,"caption":"Smedemokrati.sk"},"image":{"@id":"https:\/\/www.smedemokrati.sk\/#\/schema\/logo\/image\/"},"sameAs":["https:\/\/www.facebook.com\/smedemokrati2023"]},{"@type":"Person","@id":"https:\/\/www.smedemokrati.sk\/#\/schema\/person\/21f147c88d605aa7ded900e1e7c344ba","name":"miro.sopko","image":{"@type":"ImageObject","inLanguage":"sv-SE","@id":"https:\/\/secure.gravatar.com\/avatar\/267e4a36f704376c109afe3a78740c1f5dd8675a2180a908699e7863c9247606?s=96&d=mm&r=g","url":"https:\/\/secure.gravatar.com\/avatar\/267e4a36f704376c109afe3a78740c1f5dd8675a2180a908699e7863c9247606?s=96&d=mm&r=g","contentUrl":"https:\/\/secure.gravatar.com\/avatar\/267e4a36f704376c109afe3a78740c1f5dd8675a2180a908699e7863c9247606?s=96&d=mm&r=g","caption":"miro.sopko"},"url":"https:\/\/www.smedemokrati.sk\/sv\/author\/miro-sopko\/"}]}},"_links":{"self":[{"href":"https:\/\/www.smedemokrati.sk\/sv\/wp-json\/wp\/v2\/posts\/9263","targetHints":{"allow":["GET"]}}],"collection":[{"href":"https:\/\/www.smedemokrati.sk\/sv\/wp-json\/wp\/v2\/posts"}],"about":[{"href":"https:\/\/www.smedemokrati.sk\/sv\/wp-json\/wp\/v2\/types\/post"}],"author":[{"embeddable":true,"href":"https:\/\/www.smedemokrati.sk\/sv\/wp-json\/wp\/v2\/users\/13"}],"replies":[{"embeddable":true,"href":"https:\/\/www.smedemokrati.sk\/sv\/wp-json\/wp\/v2\/comments?post=9263"}],"version-history":[{"count":1,"href":"https:\/\/www.smedemokrati.sk\/sv\/wp-json\/wp\/v2\/posts\/9263\/revisions"}],"predecessor-version":[{"id":9265,"href":"https:\/\/www.smedemokrati.sk\/sv\/wp-json\/wp\/v2\/posts\/9263\/revisions\/9265"}],"wp:featuredmedia":[{"embeddable":true,"href":"https:\/\/www.smedemokrati.sk\/sv\/wp-json\/wp\/v2\/media\/9266"}],"wp:attachment":[{"href":"https:\/\/www.smedemokrati.sk\/sv\/wp-json\/wp\/v2\/media?parent=9263"}],"wp:term":[{"taxonomy":"category","embeddable":true,"href":"https:\/\/www.smedemokrati.sk\/sv\/wp-json\/wp\/v2\/categories?post=9263"},{"taxonomy":"post_tag","embeddable":true,"href":"https:\/\/www.smedemokrati.sk\/sv\/wp-json\/wp\/v2\/tags?post=9263"}],"curies":[{"name":"wp","href":"https:\/\/api.w.org\/{rel}","templated":true}]}}