{"id":9186,"date":"2026-04-14T16:01:46","date_gmt":"2026-04-14T15:01:46","guid":{"rendered":"https:\/\/www.smedemokrati.sk\/?p=9186"},"modified":"2026-04-14T16:01:47","modified_gmt":"2026-04-14T15:01:47","slug":"tarabov-rezort-utrzil-legislativne-fiasko-a-nepomaha-ludom","status":"publish","type":"post","link":"https:\/\/www.smedemokrati.sk\/sv\/tarabov-rezort-utrzil-legislativne-fiasko-a-nepomaha-ludom\/","title":{"rendered":"Tarabov rezort utr\u017eil legislat\u00edvne fiasko a nepom\u00e1ha \u013eu\u010fom"},"content":{"rendered":"<div id=\"fb-root\"><\/div>\n\n<p><strong>Vlajkov\u00e1 lo\u010f ministra Tarabu, nov\u00fd z\u00e1kon o Environment\u00e1lnom fonde, sa pot\u00e1pa. V\u00fdbor pre p\u00f4dohospod\u00e1rstvo a \u017eivotn\u00e9 prostredie schv\u00e1lil pozme\u0148uj\u00faci n\u00e1vrh, ktor\u00fdm z neho vykuchal k\u013e\u00fa\u010dov\u00e9 Tarabove z\u00e1mery. Minister na druhej strane nie je schopn\u00fd predlo\u017ei\u0165 legislat\u00edvu, ktor\u00fa jeho rezort s\u013euboval a predstavovala by skuto\u010dn\u00fa pomoc \u013eu\u010fom. Demokrati si splnili dom\u00e1cu \u00falohu za neschopn\u00e9ho ministra a n\u00e1vrhy z\u00e1konov predlo\u017eili u\u017e na t\u00fato sch\u00f4dzu n\u00e1rodnej rady.\u00a0<\/strong><\/p>\n\n\n\n<p>Prv\u00fd krok k zo\u0161t\u00e1tneniu odpadov\u00e9ho hospod\u00e1rstva, obrovsk\u00e1 moc nad miliardami z envirofondu \u010di platenie pok\u00fat pre poru\u0161enie pr\u00e1va E\u00da, to v\u0161etko Taraba v koal\u00edcii nedok\u00e1zal presadi\u0165. \u201e<em>Z\u00e1kon o envirofonde predkladal v skr\u00e1tenom legislat\u00edvnom konan\u00ed, av\u0161ak odkladal ho zo sch\u00f4dze na sch\u00f4dzu. Po mas\u00edvnej kritike podnikate\u013esk\u00fdch zv\u00e4zov, odboru parlamentnej legislat\u00edvy a aj Demokratov tak zo z\u00e1kona ost\u00e1va v podstate zbyto\u010dn\u00e1 legislat\u00edva, ktor\u00e1 nepom\u00e1ha \u013eu\u010fom. Sme radi, \u017ee aj na\u0161e argumenty proti naj\u0161kodlivej\u0161\u00edm \u010dastiam n\u00e1vrhu presved\u010dili dokonca aj ostatn\u00fdch koali\u010dn\u00fdch poslancov,<\/em>\u201d uv\u00e1dza podpredseda Demokratov Michal Ki\u010da.\u00a0<\/p>\n\n\n\n<p>Taraba absol\u00fatne zlyh\u00e1va aj v in\u00fdch oblastiach. Do dne\u0161n\u00e9ho d\u0148a nepredlo\u017eil do parlamentu legislat\u00edvu, ktor\u00e1 by op\u00e4tovne umo\u017enila zdru\u017eeniam miest a obc\u00ed \u010derpa\u0165 desiatky mili\u00f3nov eur na budovanie vodovodov a kanaliz\u00e1cii, \u010do im znemo\u017enil samotn\u00fd Taraba na jese\u0148 minul\u00e9ho roku. Ki\u010da vysvet\u013euje, \u017ee Taraba napriek s\u013eubom o oprave z\u00e1kona v\u0161ak nespravil ni\u010d, preto sme do parlamentu v spolupr\u00e1ci s poslancom NR SR \u013d. Galkom novelu predlo\u017eili my. Vyz\u00fdvame jednak Tarabu ako aj ostatn\u00fdch poslancov koal\u00edcie, aby si tento n\u00e1vrh osvojili a pomohli samospr\u00e1vam.<\/p>\n\n\n\n<p>\u201e<em>Taraba doteraz nepresadil ani legislat\u00edvu, ktor\u00e1 by zabezpe\u010dila pokra\u010dovanie sch\u00e9my Obnov dom po skon\u010den\u00ed pl\u00e1nu obnovy z Moderniza\u010dn\u00e9ho fondu, hoci tak s\u013euboval. \u013dudia na Slovensku tak st\u00e1le nevedia, \u010di si bud\u00fa m\u00f4c\u0165 zatep\u013eovan\u00edm rodinn\u00fdch domov zni\u017eova\u0165 n\u00e1klady na energie,<\/em>\u201d uv\u00e1dza Michal Ki\u010da.<\/p>\n\n\n\n<p>Demokrati namiesto Filipa Kuffu napokon pripravili a predlo\u017eili novelu z\u00e1kona o ochrane pr\u00edrody a krajiny, ktor\u00e1 by zabr\u00e1nila hrozbe privatiz\u00e1cie \u0161t\u00e1tnych pozemkov v n\u00e1rodn\u00fdch parkoch. T\u00fa toti\u017e m\u00f4\u017ee zv\u00fd\u0161i\u0165 o\u010dak\u00e1van\u00e9 schv\u00e1lenie zon\u00e1ci\u00ed. Kuffa z\u00e1kon s\u00edce s\u013euboval, ale v parlamente rovnako ni\u010d nie je.&nbsp;<\/p>\n\n\n\n<p>\u201e<em>Duo Taraba s Kuffom m\u00ed\u0148aj\u00fa energiu na \u0161kodliv\u00e9 n\u00e1pady, no pre be\u017en\u00fdch \u013eud\u00ed nerobia ni\u010d a rie\u0161enia pre zlep\u0161enie \u017eivota \u013eud\u00ed a ochranu verejn\u00e9ho z\u00e1ujmu mus\u00ed prin\u00e1\u0161a\u0165 opoz\u00edcia. Ke\u010f u\u017e nedok\u00e1\u017eu svoje s\u013euby plni\u0165 sami, vyz\u00fdvame ich, aby si osvojili aspo\u0148 rie\u0161enia, ktor\u00e9 sme pripravili namiesto nich. Samospr\u00e1vy a \u013eudia \u010dakaj\u00fa,<\/em>\u201d uzavrel Michal\u00a0 Ki\u010da.\u00a0<\/p>\n","protected":false},"excerpt":{"rendered":"<p>Vlajkov\u00e1 lo\u010f ministra Tarabu, nov\u00fd z\u00e1kon o Environment\u00e1lnom fonde, sa pot\u00e1pa. V\u00fdbor pre p\u00f4dohospod\u00e1rstvo a \u017eivotn\u00e9 prostredie schv\u00e1lil pozme\u0148uj\u00faci n\u00e1vrh, ktor\u00fdm z neho vykuchal k\u013e\u00fa\u010dov\u00e9 Tarabove z\u00e1mery. Minister na druhej strane nie je schopn\u00fd predlo\u017ei\u0165 legislat\u00edvu, ktor\u00fa jeho rezort s\u013euboval a predstavovala by skuto\u010dn\u00fa pomoc \u013eu\u010fom. Demokrati si splnili dom\u00e1cu \u00falohu za neschopn\u00e9ho ministra a [&hellip;]<\/p>\n","protected":false},"author":13,"featured_media":385,"comment_status":"closed","ping_status":"closed","sticky":false,"template":"","format":"standard","meta":{"_acf_changed":false,"ngg_post_thumbnail":0,"footnotes":""},"categories":[4],"tags":[],"class_list":["post-9186","post","type-post","status-publish","format-standard","has-post-thumbnail","hentry","category-tlacove-spravy"],"acf":[],"yoast_head":"<!-- This site is optimized with the Yoast SEO plugin v27.2 - https:\/\/yoast.com\/product\/yoast-seo-wordpress\/ -->\n<title>Tarabov rezort utr\u017eil legislat\u00edvne fiasko a nepom\u00e1ha \u013eu\u010fom<\/title>\n<meta name=\"robots\" content=\"index, follow, max-snippet:-1, max-image-preview:large, max-video-preview:-1\" \/>\n<link rel=\"canonical\" href=\"https:\/\/www.smedemokrati.sk\/sv\/tarabov-rezort-utrzil-legislativne-fiasko-a-nepomaha-ludom\/\" \/>\n<meta property=\"og:locale\" content=\"sv_SE\" \/>\n<meta property=\"og:locale:alternate\" content=\"en_US\" \/>\n<meta property=\"og:locale:alternate\" content=\"cs_CZ\" \/>\n<meta property=\"og:locale:alternate\" content=\"hu_HU\" \/>\n<meta property=\"og:locale:alternate\" content=\"sk_SK\" \/>\n<meta property=\"og:type\" content=\"article\" \/>\n<meta property=\"og:title\" content=\"Tarabov rezort utr\u017eil legislat\u00edvne fiasko a nepom\u00e1ha \u013eu\u010fom\" \/>\n<meta property=\"og:description\" content=\"Vlajkov\u00e1 lo\u010f ministra Tarabu, nov\u00fd z\u00e1kon o Environment\u00e1lnom fonde, sa pot\u00e1pa. V\u00fdbor pre p\u00f4dohospod\u00e1rstvo a \u017eivotn\u00e9 prostredie schv\u00e1lil pozme\u0148uj\u00faci n\u00e1vrh, ktor\u00fdm z neho vykuchal k\u013e\u00fa\u010dov\u00e9 Tarabove z\u00e1mery. Minister na druhej strane nie je schopn\u00fd predlo\u017ei\u0165 legislat\u00edvu, ktor\u00fa jeho rezort s\u013euboval a predstavovala by skuto\u010dn\u00fa pomoc \u013eu\u010fom. Demokrati si splnili dom\u00e1cu \u00falohu za neschopn\u00e9ho ministra a [&hellip;]\" \/>\n<meta property=\"og:url\" content=\"https:\/\/www.smedemokrati.sk\/sv\/tarabov-rezort-utrzil-legislativne-fiasko-a-nepomaha-ludom\/\" \/>\n<meta property=\"og:site_name\" content=\"Smedemokrati.sk\" \/>\n<meta property=\"article:publisher\" content=\"https:\/\/www.facebook.com\/smedemokrati2023\" \/>\n<meta property=\"article:published_time\" content=\"2026-04-14T15:01:46+00:00\" \/>\n<meta property=\"article:modified_time\" content=\"2026-04-14T15:01:47+00:00\" \/>\n<meta property=\"og:image\" content=\"https:\/\/www.smedemokrati.sk\/wp-content\/uploads\/2023\/04\/MKica.jpg\" \/>\n\t<meta property=\"og:image:width\" content=\"1520\" \/>\n\t<meta property=\"og:image:height\" content=\"1080\" \/>\n\t<meta property=\"og:image:type\" content=\"image\/jpeg\" \/>\n<meta name=\"author\" content=\"miro.sopko\" \/>\n<meta name=\"twitter:card\" content=\"summary_large_image\" \/>\n<meta name=\"twitter:label1\" content=\"Skriven av\" \/>\n\t<meta name=\"twitter:data1\" content=\"miro.sopko\" \/>\n\t<meta name=\"twitter:label2\" content=\"Ber\u00e4knad l\u00e4stid\" \/>\n\t<meta name=\"twitter:data2\" content=\"3 minuter\" \/>\n<script type=\"application\/ld+json\" class=\"yoast-schema-graph\">{\"@context\":\"https:\/\/schema.org\",\"@graph\":[{\"@type\":\"Article\",\"@id\":\"https:\/\/www.smedemokrati.sk\/tarabov-rezort-utrzil-legislativne-fiasko-a-nepomaha-ludom\/#article\",\"isPartOf\":{\"@id\":\"https:\/\/www.smedemokrati.sk\/tarabov-rezort-utrzil-legislativne-fiasko-a-nepomaha-ludom\/\"},\"author\":{\"name\":\"miro.sopko\",\"@id\":\"https:\/\/www.smedemokrati.sk\/#\/schema\/person\/21f147c88d605aa7ded900e1e7c344ba\"},\"headline\":\"Tarabov rezort utr\u017eil legislat\u00edvne fiasko a nepom\u00e1ha \u013eu\u010fom\",\"datePublished\":\"2026-04-14T15:01:46+00:00\",\"dateModified\":\"2026-04-14T15:01:47+00:00\",\"mainEntityOfPage\":{\"@id\":\"https:\/\/www.smedemokrati.sk\/tarabov-rezort-utrzil-legislativne-fiasko-a-nepomaha-ludom\/\"},\"wordCount\":525,\"publisher\":{\"@id\":\"https:\/\/www.smedemokrati.sk\/#organization\"},\"image\":{\"@id\":\"https:\/\/www.smedemokrati.sk\/tarabov-rezort-utrzil-legislativne-fiasko-a-nepomaha-ludom\/#primaryimage\"},\"thumbnailUrl\":\"https:\/\/www.smedemokrati.sk\/wp-content\/uploads\/2023\/04\/MKica.jpg\",\"articleSection\":[\"Tla\u010dov\u00e9 spr\u00e1vy\"],\"inLanguage\":\"sv-SE\"},{\"@type\":\"WebPage\",\"@id\":\"https:\/\/www.smedemokrati.sk\/tarabov-rezort-utrzil-legislativne-fiasko-a-nepomaha-ludom\/\",\"url\":\"https:\/\/www.smedemokrati.sk\/tarabov-rezort-utrzil-legislativne-fiasko-a-nepomaha-ludom\/\",\"name\":\"Tarabov rezort utr\u017eil legislat\u00edvne fiasko a nepom\u00e1ha \u013eu\u010fom\",\"isPartOf\":{\"@id\":\"https:\/\/www.smedemokrati.sk\/#website\"},\"primaryImageOfPage\":{\"@id\":\"https:\/\/www.smedemokrati.sk\/tarabov-rezort-utrzil-legislativne-fiasko-a-nepomaha-ludom\/#primaryimage\"},\"image\":{\"@id\":\"https:\/\/www.smedemokrati.sk\/tarabov-rezort-utrzil-legislativne-fiasko-a-nepomaha-ludom\/#primaryimage\"},\"thumbnailUrl\":\"https:\/\/www.smedemokrati.sk\/wp-content\/uploads\/2023\/04\/MKica.jpg\",\"datePublished\":\"2026-04-14T15:01:46+00:00\",\"dateModified\":\"2026-04-14T15:01:47+00:00\",\"breadcrumb\":{\"@id\":\"https:\/\/www.smedemokrati.sk\/tarabov-rezort-utrzil-legislativne-fiasko-a-nepomaha-ludom\/#breadcrumb\"},\"inLanguage\":\"sv-SE\",\"potentialAction\":[{\"@type\":\"ReadAction\",\"target\":[\"https:\/\/www.smedemokrati.sk\/tarabov-rezort-utrzil-legislativne-fiasko-a-nepomaha-ludom\/\"]}]},{\"@type\":\"ImageObject\",\"inLanguage\":\"sv-SE\",\"@id\":\"https:\/\/www.smedemokrati.sk\/tarabov-rezort-utrzil-legislativne-fiasko-a-nepomaha-ludom\/#primaryimage\",\"url\":\"https:\/\/www.smedemokrati.sk\/wp-content\/uploads\/2023\/04\/MKica.jpg\",\"contentUrl\":\"https:\/\/www.smedemokrati.sk\/wp-content\/uploads\/2023\/04\/MKica.jpg\",\"width\":1520,\"height\":1080},{\"@type\":\"BreadcrumbList\",\"@id\":\"https:\/\/www.smedemokrati.sk\/tarabov-rezort-utrzil-legislativne-fiasko-a-nepomaha-ludom\/#breadcrumb\",\"itemListElement\":[{\"@type\":\"ListItem\",\"position\":1,\"name\":\"Domovsk\u00e1 str\u00e1nka\",\"item\":\"https:\/\/www.smedemokrati.sk\/\"},{\"@type\":\"ListItem\",\"position\":2,\"name\":\"Tarabov rezort utr\u017eil legislat\u00edvne fiasko a nepom\u00e1ha \u013eu\u010fom\"}]},{\"@type\":\"WebSite\",\"@id\":\"https:\/\/www.smedemokrati.sk\/#website\",\"url\":\"https:\/\/www.smedemokrati.sk\/\",\"name\":\"Smedemokrati.sk\",\"description\":\"Demokracia a slu\u0161nos\u0165 zv\u00ed\u0165az\u00ed\",\"publisher\":{\"@id\":\"https:\/\/www.smedemokrati.sk\/#organization\"},\"potentialAction\":[{\"@type\":\"SearchAction\",\"target\":{\"@type\":\"EntryPoint\",\"urlTemplate\":\"https:\/\/www.smedemokrati.sk\/?s={search_term_string}\"},\"query-input\":{\"@type\":\"PropertyValueSpecification\",\"valueRequired\":true,\"valueName\":\"search_term_string\"}}],\"inLanguage\":\"sv-SE\"},{\"@type\":\"Organization\",\"@id\":\"https:\/\/www.smedemokrati.sk\/#organization\",\"name\":\"Smedemokrati.sk\",\"url\":\"https:\/\/www.smedemokrati.sk\/\",\"logo\":{\"@type\":\"ImageObject\",\"inLanguage\":\"sv-SE\",\"@id\":\"https:\/\/www.smedemokrati.sk\/#\/schema\/logo\/image\/\",\"url\":\"https:\/\/www.smedemokrati.sk\/wp-content\/uploads\/2023\/04\/ff.002.jpeg\",\"contentUrl\":\"https:\/\/www.smedemokrati.sk\/wp-content\/uploads\/2023\/04\/ff.002.jpeg\",\"width\":640,\"height\":480,\"caption\":\"Smedemokrati.sk\"},\"image\":{\"@id\":\"https:\/\/www.smedemokrati.sk\/#\/schema\/logo\/image\/\"},\"sameAs\":[\"https:\/\/www.facebook.com\/smedemokrati2023\"]},{\"@type\":\"Person\",\"@id\":\"https:\/\/www.smedemokrati.sk\/#\/schema\/person\/21f147c88d605aa7ded900e1e7c344ba\",\"name\":\"miro.sopko\",\"image\":{\"@type\":\"ImageObject\",\"inLanguage\":\"sv-SE\",\"@id\":\"https:\/\/secure.gravatar.com\/avatar\/267e4a36f704376c109afe3a78740c1f5dd8675a2180a908699e7863c9247606?s=96&d=mm&r=g\",\"url\":\"https:\/\/secure.gravatar.com\/avatar\/267e4a36f704376c109afe3a78740c1f5dd8675a2180a908699e7863c9247606?s=96&d=mm&r=g\",\"contentUrl\":\"https:\/\/secure.gravatar.com\/avatar\/267e4a36f704376c109afe3a78740c1f5dd8675a2180a908699e7863c9247606?s=96&d=mm&r=g\",\"caption\":\"miro.sopko\"},\"url\":\"https:\/\/www.smedemokrati.sk\/sv\/author\/miro-sopko\/\"}]}<\/script>\n<!-- \/ Yoast SEO plugin. -->","yoast_head_json":{"title":"Tarabov rezort utr\u017eil legislat\u00edvne fiasko a nepom\u00e1ha \u013eu\u010fom","robots":{"index":"index","follow":"follow","max-snippet":"max-snippet:-1","max-image-preview":"max-image-preview:large","max-video-preview":"max-video-preview:-1"},"canonical":"https:\/\/www.smedemokrati.sk\/sv\/tarabov-rezort-utrzil-legislativne-fiasko-a-nepomaha-ludom\/","og_locale":"sv_SE","og_type":"article","og_title":"[:sk]Tarabov rezort utr\u017eil legislat\u00edvne fiasko a nepom\u00e1ha \u013eu\u010fom[:] - Smedemokrati.sk","og_description":"Vlajkov\u00e1 lo\u010f ministra Tarabu, nov\u00fd z\u00e1kon o Environment\u00e1lnom fonde, sa pot\u00e1pa. V\u00fdbor pre p\u00f4dohospod\u00e1rstvo a \u017eivotn\u00e9 prostredie schv\u00e1lil pozme\u0148uj\u00faci n\u00e1vrh, ktor\u00fdm z neho vykuchal k\u013e\u00fa\u010dov\u00e9 Tarabove z\u00e1mery. Minister na druhej strane nie je schopn\u00fd predlo\u017ei\u0165 legislat\u00edvu, ktor\u00fa jeho rezort s\u013euboval a predstavovala by skuto\u010dn\u00fa pomoc \u013eu\u010fom. Demokrati si splnili dom\u00e1cu \u00falohu za neschopn\u00e9ho ministra a [&hellip;]","og_url":"https:\/\/www.smedemokrati.sk\/sv\/tarabov-rezort-utrzil-legislativne-fiasko-a-nepomaha-ludom\/","og_site_name":"Smedemokrati.sk","article_publisher":"https:\/\/www.facebook.com\/smedemokrati2023","article_published_time":"2026-04-14T15:01:46+00:00","article_modified_time":"2026-04-14T15:01:47+00:00","og_image":[{"width":1520,"height":1080,"url":"https:\/\/www.smedemokrati.sk\/wp-content\/uploads\/2023\/04\/MKica.jpg","type":"image\/jpeg"}],"author":"miro.sopko","twitter_card":"summary_large_image","twitter_misc":{"Skriven av":"miro.sopko","Ber\u00e4knad l\u00e4stid":"3 minuter"},"schema":{"@context":"https:\/\/schema.org","@graph":[{"@type":"Article","@id":"https:\/\/www.smedemokrati.sk\/tarabov-rezort-utrzil-legislativne-fiasko-a-nepomaha-ludom\/#article","isPartOf":{"@id":"https:\/\/www.smedemokrati.sk\/tarabov-rezort-utrzil-legislativne-fiasko-a-nepomaha-ludom\/"},"author":{"name":"miro.sopko","@id":"https:\/\/www.smedemokrati.sk\/#\/schema\/person\/21f147c88d605aa7ded900e1e7c344ba"},"headline":"Tarabov rezort utr\u017eil legislat\u00edvne fiasko a nepom\u00e1ha \u013eu\u010fom","datePublished":"2026-04-14T15:01:46+00:00","dateModified":"2026-04-14T15:01:47+00:00","mainEntityOfPage":{"@id":"https:\/\/www.smedemokrati.sk\/tarabov-rezort-utrzil-legislativne-fiasko-a-nepomaha-ludom\/"},"wordCount":525,"publisher":{"@id":"https:\/\/www.smedemokrati.sk\/#organization"},"image":{"@id":"https:\/\/www.smedemokrati.sk\/tarabov-rezort-utrzil-legislativne-fiasko-a-nepomaha-ludom\/#primaryimage"},"thumbnailUrl":"https:\/\/www.smedemokrati.sk\/wp-content\/uploads\/2023\/04\/MKica.jpg","articleSection":["Tla\u010dov\u00e9 spr\u00e1vy"],"inLanguage":"sv-SE"},{"@type":"WebPage","@id":"https:\/\/www.smedemokrati.sk\/tarabov-rezort-utrzil-legislativne-fiasko-a-nepomaha-ludom\/","url":"https:\/\/www.smedemokrati.sk\/tarabov-rezort-utrzil-legislativne-fiasko-a-nepomaha-ludom\/","name":"Tarabov rezort utr\u017eil legislat\u00edvne fiasko a nepom\u00e1ha \u013eu\u010fom","isPartOf":{"@id":"https:\/\/www.smedemokrati.sk\/#website"},"primaryImageOfPage":{"@id":"https:\/\/www.smedemokrati.sk\/tarabov-rezort-utrzil-legislativne-fiasko-a-nepomaha-ludom\/#primaryimage"},"image":{"@id":"https:\/\/www.smedemokrati.sk\/tarabov-rezort-utrzil-legislativne-fiasko-a-nepomaha-ludom\/#primaryimage"},"thumbnailUrl":"https:\/\/www.smedemokrati.sk\/wp-content\/uploads\/2023\/04\/MKica.jpg","datePublished":"2026-04-14T15:01:46+00:00","dateModified":"2026-04-14T15:01:47+00:00","breadcrumb":{"@id":"https:\/\/www.smedemokrati.sk\/tarabov-rezort-utrzil-legislativne-fiasko-a-nepomaha-ludom\/#breadcrumb"},"inLanguage":"sv-SE","potentialAction":[{"@type":"ReadAction","target":["https:\/\/www.smedemokrati.sk\/tarabov-rezort-utrzil-legislativne-fiasko-a-nepomaha-ludom\/"]}]},{"@type":"ImageObject","inLanguage":"sv-SE","@id":"https:\/\/www.smedemokrati.sk\/tarabov-rezort-utrzil-legislativne-fiasko-a-nepomaha-ludom\/#primaryimage","url":"https:\/\/www.smedemokrati.sk\/wp-content\/uploads\/2023\/04\/MKica.jpg","contentUrl":"https:\/\/www.smedemokrati.sk\/wp-content\/uploads\/2023\/04\/MKica.jpg","width":1520,"height":1080},{"@type":"BreadcrumbList","@id":"https:\/\/www.smedemokrati.sk\/tarabov-rezort-utrzil-legislativne-fiasko-a-nepomaha-ludom\/#breadcrumb","itemListElement":[{"@type":"ListItem","position":1,"name":"Domovsk\u00e1 str\u00e1nka","item":"https:\/\/www.smedemokrati.sk\/"},{"@type":"ListItem","position":2,"name":"Tarabov rezort utr\u017eil legislat\u00edvne fiasko a nepom\u00e1ha \u013eu\u010fom"}]},{"@type":"WebSite","@id":"https:\/\/www.smedemokrati.sk\/#website","url":"https:\/\/www.smedemokrati.sk\/","name":"Smedemokrati.sk","description":"Demokracia a slu\u0161nos\u0165 zv\u00ed\u0165az\u00ed","publisher":{"@id":"https:\/\/www.smedemokrati.sk\/#organization"},"potentialAction":[{"@type":"SearchAction","target":{"@type":"EntryPoint","urlTemplate":"https:\/\/www.smedemokrati.sk\/?s={search_term_string}"},"query-input":{"@type":"PropertyValueSpecification","valueRequired":true,"valueName":"search_term_string"}}],"inLanguage":"sv-SE"},{"@type":"Organization","@id":"https:\/\/www.smedemokrati.sk\/#organization","name":"Smedemokrati.sk","url":"https:\/\/www.smedemokrati.sk\/","logo":{"@type":"ImageObject","inLanguage":"sv-SE","@id":"https:\/\/www.smedemokrati.sk\/#\/schema\/logo\/image\/","url":"https:\/\/www.smedemokrati.sk\/wp-content\/uploads\/2023\/04\/ff.002.jpeg","contentUrl":"https:\/\/www.smedemokrati.sk\/wp-content\/uploads\/2023\/04\/ff.002.jpeg","width":640,"height":480,"caption":"Smedemokrati.sk"},"image":{"@id":"https:\/\/www.smedemokrati.sk\/#\/schema\/logo\/image\/"},"sameAs":["https:\/\/www.facebook.com\/smedemokrati2023"]},{"@type":"Person","@id":"https:\/\/www.smedemokrati.sk\/#\/schema\/person\/21f147c88d605aa7ded900e1e7c344ba","name":"miro.sopko","image":{"@type":"ImageObject","inLanguage":"sv-SE","@id":"https:\/\/secure.gravatar.com\/avatar\/267e4a36f704376c109afe3a78740c1f5dd8675a2180a908699e7863c9247606?s=96&d=mm&r=g","url":"https:\/\/secure.gravatar.com\/avatar\/267e4a36f704376c109afe3a78740c1f5dd8675a2180a908699e7863c9247606?s=96&d=mm&r=g","contentUrl":"https:\/\/secure.gravatar.com\/avatar\/267e4a36f704376c109afe3a78740c1f5dd8675a2180a908699e7863c9247606?s=96&d=mm&r=g","caption":"miro.sopko"},"url":"https:\/\/www.smedemokrati.sk\/sv\/author\/miro-sopko\/"}]}},"_links":{"self":[{"href":"https:\/\/www.smedemokrati.sk\/sv\/wp-json\/wp\/v2\/posts\/9186","targetHints":{"allow":["GET"]}}],"collection":[{"href":"https:\/\/www.smedemokrati.sk\/sv\/wp-json\/wp\/v2\/posts"}],"about":[{"href":"https:\/\/www.smedemokrati.sk\/sv\/wp-json\/wp\/v2\/types\/post"}],"author":[{"embeddable":true,"href":"https:\/\/www.smedemokrati.sk\/sv\/wp-json\/wp\/v2\/users\/13"}],"replies":[{"embeddable":true,"href":"https:\/\/www.smedemokrati.sk\/sv\/wp-json\/wp\/v2\/comments?post=9186"}],"version-history":[{"count":1,"href":"https:\/\/www.smedemokrati.sk\/sv\/wp-json\/wp\/v2\/posts\/9186\/revisions"}],"predecessor-version":[{"id":9187,"href":"https:\/\/www.smedemokrati.sk\/sv\/wp-json\/wp\/v2\/posts\/9186\/revisions\/9187"}],"wp:featuredmedia":[{"embeddable":true,"href":"https:\/\/www.smedemokrati.sk\/sv\/wp-json\/wp\/v2\/media\/385"}],"wp:attachment":[{"href":"https:\/\/www.smedemokrati.sk\/sv\/wp-json\/wp\/v2\/media?parent=9186"}],"wp:term":[{"taxonomy":"category","embeddable":true,"href":"https:\/\/www.smedemokrati.sk\/sv\/wp-json\/wp\/v2\/categories?post=9186"},{"taxonomy":"post_tag","embeddable":true,"href":"https:\/\/www.smedemokrati.sk\/sv\/wp-json\/wp\/v2\/tags?post=9186"}],"curies":[{"name":"wp","href":"https:\/\/api.w.org\/{rel}","templated":true}]}}