{"id":9177,"date":"2026-04-13T15:35:15","date_gmt":"2026-04-13T14:35:15","guid":{"rendered":"https:\/\/www.smedemokrati.sk\/?p=9177"},"modified":"2026-04-13T15:35:15","modified_gmt":"2026-04-13T14:35:15","slug":"demokrati-blahozelaju-obcanom-madarska-k-odvahe-na-zmenu-zaroven-vyzyvaju-vladu-a-prezidenta-aby-nesuhlasili-s-navysenim-putinovych-diplomatov-na-slovensku","status":"publish","type":"post","link":"https:\/\/www.smedemokrati.sk\/sv\/demokrati-blahozelaju-obcanom-madarska-k-odvahe-na-zmenu-zaroven-vyzyvaju-vladu-a-prezidenta-aby-nesuhlasili-s-navysenim-putinovych-diplomatov-na-slovensku\/","title":{"rendered":"Demokrati blaho\u017eelaj\u00fa ob\u010danom Ma\u010farska k odvahe na zmenu. Z\u00e1rove\u0148 vyz\u00fdvaj\u00fa vl\u00e1du a prezidenta, aby nes\u00fahlasili s nav\u00fd\u0161en\u00edm Putinov\u00fdch \u201ediplomatov\u201c na Slovensku"},"content":{"rendered":"<div id=\"fb-root\"><\/div>\n\n<p><strong>Strana Demokrati chce zablaho\u017eela\u0165 v\u00ed\u0165azovi volieb v Ma\u010farsku P\u00e9terovi Magyarovi, ako aj ob\u010danom Ma\u010farska k historicky vysokej \u00fa\u010dasti, odvahe a jasn\u00e9mu rozhodnutiu pre zmenu. V\u00fdsledok volieb je aj pre Slovensko siln\u00fdm sign\u00e1lom n\u00e1deje. Strana Demokrati v\u0161ak apeluje na prezidenta a vl\u00e1du a vyz\u00fdva ich, aby nes\u00fahlasili s nav\u00fd\u0161en\u00edm Putinov\u00fdch \u201ediplomatov\u201c na ambas\u00e1de v Bratislave.<\/strong><\/p>\n\n\n\n<p><em>\u201eMa\u010farsko uk\u00e1zalo, \u017ee aj dlhoro\u010dn\u00fa moc mo\u017eno porazi\u0165, ak sa ob\u010dania spoja. Vo\u013eby neboli len o v\u00fdmene vl\u00e1dy, ale o odmietnut\u00ed strachu, manipul\u00e1cie a politiky sl\u00fa\u017eiacej Moskve. Potvrdili, \u017ee podriadenos\u0165 Rusku nie je vlastenectvo a zneu\u017e\u00edvanie strachu m\u00e1 svoje hranice, \u010do vystihuj\u00fa aj slov\u00e1: \u201eRusi, cho\u010fte domov\u201c \u010di \u201eVzali sme si sp\u00e4\u0165 na\u0161u vlas\u0165,\u201c&nbsp;<\/em>vrav\u00ed Eduard Heger.<\/p>\n\n\n\n<p>Eduard Heger \u010falej dod\u00e1va:&nbsp;<em>\u201eMa\u010farsko sa vydalo na cestu reforiem, z ktorej by Slovensko mohlo profitova\u0165. To si v\u0161ak vy\u017eaduje d\u00f4veru a dobr\u00e9 vz\u0165ahy, o ktor\u00e9 Slovensko pri\u0161lo vinou politiky Roberta Fica. Ma\u010farsko je n\u00e1\u0161 d\u00f4le\u017eit\u00fd sused a partner v strednej Eur\u00f3pe. O to viac je zar\u00e1\u017eaj\u00face, \u017ee Slovensko dnes zjavne nepatr\u00ed medzi priority novej ma\u010farskej vl\u00e1dy. Je to d\u00f4kaz, \u017ee Ficova politika neprin\u00e1\u0161a d\u00f4veru, re\u0161pekt ani v\u00fdsledky, a Slovensko m\u00f4\u017ee premrha\u0165 jedine\u010dn\u00fa pr\u00edle\u017eitos\u0165 v regi\u00f3ne.\u201c<\/em><\/p>\n\n\n\n<p><em>\u201eV\u00fdsledok najlep\u0161ie vystihuj\u00fa slov\u00e1 zmena a jednota. My zo Slovenska sa dnes pozer\u00e1me smerom do Ma\u010farska najm\u00e4 preto, \u017ee ak sa spoj\u00ed a zaktivizuje cel\u00e1 spolo\u010dnos\u0165, zmena je mo\u017en\u00e1. Videli sme, ako sa v Ma\u010farsku aktivizovali mlad\u00ed \u013eudia, \u013eudia zo zahrani\u010dia, oz\u00fdvali sa \u00faradn\u00edci a zamestnanci silov\u00fdch zlo\u017eiek a bezpe\u010dnostn\u00fdch slu\u017eieb, ktor\u00ed upozor\u0148ovali na oh\u00fdbanie pravidiel a z\u00e1kona. V t\u00fdchto d\u0148och je d\u00f4le\u017eit\u00e9, aby sa na Slovensku spojila nielen cel\u00e1 opoz\u00edcia, ale aj ob\u010dianska spolo\u010dnos\u0165, kult\u00fara a m\u00e9di\u00e1, zamestnanci ministerstiev a \u00faradov, ktor\u00ed by mali prehovori\u0165 o oh\u00fdban\u00ed pravidiel, z\u00e1konov a mor\u00e1lky a poveda\u0165 dos\u0165. Vyz\u00fdvame ich, aby nabrali odvahu, preto\u017ee t\u00e1 bude v najbli\u017e\u0161\u00edch mesiacoch k\u013e\u00fa\u010dov\u00e1,\u201c&nbsp;<\/em>vrav\u00ed Monika Podhor\u00e1ny Masarikov\u00e1.<\/p>\n\n\n\n<p><em>\u201eFicova vl\u00e1da je poslednou Putinovou ba\u0161tou v Eur\u00f3pskej \u00fanii. Vzh\u013eadom na v\u00fdsledky volieb v Ma\u010farsku je slovensk\u00e1 vl\u00e1da, a najm\u00e4 Fico, posledn\u00fdm Putinov\u00fdm spojencom v E\u00da. Vyz\u00fdvame vl\u00e1du a prezidenta Pellegriniho, aby nes\u00fahlasili s nav\u00fd\u0161en\u00edm Putinov\u00fdch \u201ediplomatov\u201c na ruskej ambas\u00e1de v Bratislave. Nechceme tu viac agentov, naopak, je potrebn\u00e9 redukova\u0165 vplyv Putinov\u00fdch \u013eud\u00ed na Slovensku,\u201c<\/em>&nbsp;uzatv\u00e1ra Juraj \u0160eliga.<\/p>\n\n\n\n<figure class=\"wp-block-embed is-type-video is-provider-youtube wp-block-embed-youtube wp-embed-aspect-16-9 wp-has-aspect-ratio\"><div class=\"wp-block-embed__wrapper\">\n<iframe title=\"Live: N\u00e1dej pre Slovensko - stanovisko k v\u00fdsledku volieb v Ma\u010farsku a pou\u010denie pre Slovensko?\" width=\"500\" height=\"281\" src=\"https:\/\/www.youtube.com\/embed\/b53mBgjIOkw?feature=oembed\" frameborder=\"0\" allow=\"accelerometer; autoplay; clipboard-write; encrypted-media; gyroscope; picture-in-picture; web-share\" referrerpolicy=\"strict-origin-when-cross-origin\" allowfullscreen><\/iframe>\n<\/div><\/figure>\n","protected":false},"excerpt":{"rendered":"<p>Strana Demokrati chce zablaho\u017eela\u0165 v\u00ed\u0165azovi volieb v Ma\u010farsku P\u00e9terovi Magyarovi, ako aj ob\u010danom Ma\u010farska k historicky vysokej \u00fa\u010dasti, odvahe a jasn\u00e9mu rozhodnutiu pre zmenu. V\u00fdsledok volieb je aj pre Slovensko siln\u00fdm sign\u00e1lom n\u00e1deje. Strana Demokrati v\u0161ak apeluje na prezidenta a vl\u00e1du a vyz\u00fdva ich, aby nes\u00fahlasili s nav\u00fd\u0161en\u00edm Putinov\u00fdch \u201ediplomatov\u201c na ambas\u00e1de v Bratislave. \u201eMa\u010farsko [&hellip;]<\/p>\n","protected":false},"author":13,"featured_media":9178,"comment_status":"closed","ping_status":"closed","sticky":false,"template":"","format":"standard","meta":{"_acf_changed":false,"ngg_post_thumbnail":0,"footnotes":""},"categories":[4],"tags":[],"class_list":["post-9177","post","type-post","status-publish","format-standard","has-post-thumbnail","hentry","category-tlacove-spravy"],"acf":[],"yoast_head":"<!-- This site is optimized with the Yoast SEO plugin v27.2 - https:\/\/yoast.com\/product\/yoast-seo-wordpress\/ -->\n<title>Demokrati blaho\u017eelaj\u00fa ob\u010danom Ma\u010farska k odvahe na zmenu. Z\u00e1rove\u0148 vyz\u00fdvaj\u00fa vl\u00e1du a prezidenta, aby nes\u00fahlasili s nav\u00fd\u0161en\u00edm Putinov\u00fdch \u201ediplomatov\u201c na Slovensku<\/title>\n<meta name=\"robots\" content=\"index, follow, max-snippet:-1, max-image-preview:large, max-video-preview:-1\" \/>\n<link rel=\"canonical\" href=\"https:\/\/www.smedemokrati.sk\/sv\/demokrati-blahozelaju-obcanom-madarska-k-odvahe-na-zmenu-zaroven-vyzyvaju-vladu-a-prezidenta-aby-nesuhlasili-s-navysenim-putinovych-diplomatov-na-slovensku\/\" \/>\n<meta property=\"og:locale\" content=\"sv_SE\" \/>\n<meta property=\"og:locale:alternate\" content=\"en_US\" \/>\n<meta property=\"og:locale:alternate\" content=\"cs_CZ\" \/>\n<meta property=\"og:locale:alternate\" content=\"hu_HU\" \/>\n<meta property=\"og:locale:alternate\" content=\"sk_SK\" \/>\n<meta property=\"og:type\" content=\"article\" \/>\n<meta property=\"og:title\" content=\"Demokrati blaho\u017eelaj\u00fa ob\u010danom Ma\u010farska k odvahe na zmenu. Z\u00e1rove\u0148 vyz\u00fdvaj\u00fa vl\u00e1du a prezidenta, aby nes\u00fahlasili s nav\u00fd\u0161en\u00edm Putinov\u00fdch \u201ediplomatov\u201c na Slovensku\" \/>\n<meta property=\"og:description\" content=\"Strana Demokrati chce zablaho\u017eela\u0165 v\u00ed\u0165azovi volieb v Ma\u010farsku P\u00e9terovi Magyarovi, ako aj ob\u010danom Ma\u010farska k historicky vysokej \u00fa\u010dasti, odvahe a jasn\u00e9mu rozhodnutiu pre zmenu. V\u00fdsledok volieb je aj pre Slovensko siln\u00fdm sign\u00e1lom n\u00e1deje. Strana Demokrati v\u0161ak apeluje na prezidenta a vl\u00e1du a vyz\u00fdva ich, aby nes\u00fahlasili s nav\u00fd\u0161en\u00edm Putinov\u00fdch \u201ediplomatov\u201c na ambas\u00e1de v Bratislave. \u201eMa\u010farsko [&hellip;]\" \/>\n<meta property=\"og:url\" content=\"https:\/\/www.smedemokrati.sk\/sv\/demokrati-blahozelaju-obcanom-madarska-k-odvahe-na-zmenu-zaroven-vyzyvaju-vladu-a-prezidenta-aby-nesuhlasili-s-navysenim-putinovych-diplomatov-na-slovensku\/\" \/>\n<meta property=\"og:site_name\" content=\"Smedemokrati.sk\" \/>\n<meta property=\"article:publisher\" content=\"https:\/\/www.facebook.com\/smedemokrati2023\" \/>\n<meta property=\"article:published_time\" content=\"2026-04-13T14:35:15+00:00\" \/>\n<meta property=\"og:image\" content=\"https:\/\/www.smedemokrati.sk\/wp-content\/uploads\/2026\/04\/gratulacia_volby_madarsko.jpg\" \/>\n\t<meta property=\"og:image:width\" content=\"1280\" \/>\n\t<meta property=\"og:image:height\" content=\"720\" \/>\n\t<meta property=\"og:image:type\" content=\"image\/jpeg\" \/>\n<meta name=\"author\" content=\"miro.sopko\" \/>\n<meta name=\"twitter:card\" content=\"summary_large_image\" \/>\n<meta name=\"twitter:label1\" content=\"Skriven av\" \/>\n\t<meta name=\"twitter:data1\" content=\"miro.sopko\" \/>\n\t<meta name=\"twitter:label2\" content=\"Ber\u00e4knad l\u00e4stid\" \/>\n\t<meta name=\"twitter:data2\" content=\"3 minuter\" \/>\n<script type=\"application\/ld+json\" class=\"yoast-schema-graph\">{\"@context\":\"https:\/\/schema.org\",\"@graph\":[{\"@type\":\"Article\",\"@id\":\"https:\/\/www.smedemokrati.sk\/demokrati-blahozelaju-obcanom-madarska-k-odvahe-na-zmenu-zaroven-vyzyvaju-vladu-a-prezidenta-aby-nesuhlasili-s-navysenim-putinovych-diplomatov-na-slovensku\/#article\",\"isPartOf\":{\"@id\":\"https:\/\/www.smedemokrati.sk\/demokrati-blahozelaju-obcanom-madarska-k-odvahe-na-zmenu-zaroven-vyzyvaju-vladu-a-prezidenta-aby-nesuhlasili-s-navysenim-putinovych-diplomatov-na-slovensku\/\"},\"author\":{\"name\":\"miro.sopko\",\"@id\":\"https:\/\/www.smedemokrati.sk\/#\/schema\/person\/21f147c88d605aa7ded900e1e7c344ba\"},\"headline\":\"Demokrati blaho\u017eelaj\u00fa ob\u010danom Ma\u010farska k odvahe na zmenu. Z\u00e1rove\u0148 vyz\u00fdvaj\u00fa vl\u00e1du a prezidenta, aby nes\u00fahlasili s nav\u00fd\u0161en\u00edm Putinov\u00fdch \u201ediplomatov\u201c na Slovensku\",\"datePublished\":\"2026-04-13T14:35:15+00:00\",\"mainEntityOfPage\":{\"@id\":\"https:\/\/www.smedemokrati.sk\/demokrati-blahozelaju-obcanom-madarska-k-odvahe-na-zmenu-zaroven-vyzyvaju-vladu-a-prezidenta-aby-nesuhlasili-s-navysenim-putinovych-diplomatov-na-slovensku\/\"},\"wordCount\":515,\"publisher\":{\"@id\":\"https:\/\/www.smedemokrati.sk\/#organization\"},\"image\":{\"@id\":\"https:\/\/www.smedemokrati.sk\/demokrati-blahozelaju-obcanom-madarska-k-odvahe-na-zmenu-zaroven-vyzyvaju-vladu-a-prezidenta-aby-nesuhlasili-s-navysenim-putinovych-diplomatov-na-slovensku\/#primaryimage\"},\"thumbnailUrl\":\"https:\/\/www.smedemokrati.sk\/wp-content\/uploads\/2026\/04\/gratulacia_volby_madarsko.jpg\",\"articleSection\":[\"Tla\u010dov\u00e9 spr\u00e1vy\"],\"inLanguage\":\"sv-SE\"},{\"@type\":\"WebPage\",\"@id\":\"https:\/\/www.smedemokrati.sk\/demokrati-blahozelaju-obcanom-madarska-k-odvahe-na-zmenu-zaroven-vyzyvaju-vladu-a-prezidenta-aby-nesuhlasili-s-navysenim-putinovych-diplomatov-na-slovensku\/\",\"url\":\"https:\/\/www.smedemokrati.sk\/demokrati-blahozelaju-obcanom-madarska-k-odvahe-na-zmenu-zaroven-vyzyvaju-vladu-a-prezidenta-aby-nesuhlasili-s-navysenim-putinovych-diplomatov-na-slovensku\/\",\"name\":\"Demokrati blaho\u017eelaj\u00fa ob\u010danom Ma\u010farska k odvahe na zmenu. Z\u00e1rove\u0148 vyz\u00fdvaj\u00fa vl\u00e1du a prezidenta, aby nes\u00fahlasili s nav\u00fd\u0161en\u00edm Putinov\u00fdch \u201ediplomatov\u201c na Slovensku\",\"isPartOf\":{\"@id\":\"https:\/\/www.smedemokrati.sk\/#website\"},\"primaryImageOfPage\":{\"@id\":\"https:\/\/www.smedemokrati.sk\/demokrati-blahozelaju-obcanom-madarska-k-odvahe-na-zmenu-zaroven-vyzyvaju-vladu-a-prezidenta-aby-nesuhlasili-s-navysenim-putinovych-diplomatov-na-slovensku\/#primaryimage\"},\"image\":{\"@id\":\"https:\/\/www.smedemokrati.sk\/demokrati-blahozelaju-obcanom-madarska-k-odvahe-na-zmenu-zaroven-vyzyvaju-vladu-a-prezidenta-aby-nesuhlasili-s-navysenim-putinovych-diplomatov-na-slovensku\/#primaryimage\"},\"thumbnailUrl\":\"https:\/\/www.smedemokrati.sk\/wp-content\/uploads\/2026\/04\/gratulacia_volby_madarsko.jpg\",\"datePublished\":\"2026-04-13T14:35:15+00:00\",\"breadcrumb\":{\"@id\":\"https:\/\/www.smedemokrati.sk\/demokrati-blahozelaju-obcanom-madarska-k-odvahe-na-zmenu-zaroven-vyzyvaju-vladu-a-prezidenta-aby-nesuhlasili-s-navysenim-putinovych-diplomatov-na-slovensku\/#breadcrumb\"},\"inLanguage\":\"sv-SE\",\"potentialAction\":[{\"@type\":\"ReadAction\",\"target\":[\"https:\/\/www.smedemokrati.sk\/demokrati-blahozelaju-obcanom-madarska-k-odvahe-na-zmenu-zaroven-vyzyvaju-vladu-a-prezidenta-aby-nesuhlasili-s-navysenim-putinovych-diplomatov-na-slovensku\/\"]}]},{\"@type\":\"ImageObject\",\"inLanguage\":\"sv-SE\",\"@id\":\"https:\/\/www.smedemokrati.sk\/demokrati-blahozelaju-obcanom-madarska-k-odvahe-na-zmenu-zaroven-vyzyvaju-vladu-a-prezidenta-aby-nesuhlasili-s-navysenim-putinovych-diplomatov-na-slovensku\/#primaryimage\",\"url\":\"https:\/\/www.smedemokrati.sk\/wp-content\/uploads\/2026\/04\/gratulacia_volby_madarsko.jpg\",\"contentUrl\":\"https:\/\/www.smedemokrati.sk\/wp-content\/uploads\/2026\/04\/gratulacia_volby_madarsko.jpg\",\"width\":1280,\"height\":720},{\"@type\":\"BreadcrumbList\",\"@id\":\"https:\/\/www.smedemokrati.sk\/demokrati-blahozelaju-obcanom-madarska-k-odvahe-na-zmenu-zaroven-vyzyvaju-vladu-a-prezidenta-aby-nesuhlasili-s-navysenim-putinovych-diplomatov-na-slovensku\/#breadcrumb\",\"itemListElement\":[{\"@type\":\"ListItem\",\"position\":1,\"name\":\"Domovsk\u00e1 str\u00e1nka\",\"item\":\"https:\/\/www.smedemokrati.sk\/\"},{\"@type\":\"ListItem\",\"position\":2,\"name\":\"Demokrati blaho\u017eelaj\u00fa ob\u010danom Ma\u010farska k odvahe na zmenu. Z\u00e1rove\u0148 vyz\u00fdvaj\u00fa vl\u00e1du a prezidenta, aby nes\u00fahlasili s nav\u00fd\u0161en\u00edm Putinov\u00fdch \u201ediplomatov\u201c na Slovensku\"}]},{\"@type\":\"WebSite\",\"@id\":\"https:\/\/www.smedemokrati.sk\/#website\",\"url\":\"https:\/\/www.smedemokrati.sk\/\",\"name\":\"Smedemokrati.sk\",\"description\":\"Demokracia a slu\u0161nos\u0165 zv\u00ed\u0165az\u00ed\",\"publisher\":{\"@id\":\"https:\/\/www.smedemokrati.sk\/#organization\"},\"potentialAction\":[{\"@type\":\"SearchAction\",\"target\":{\"@type\":\"EntryPoint\",\"urlTemplate\":\"https:\/\/www.smedemokrati.sk\/?s={search_term_string}\"},\"query-input\":{\"@type\":\"PropertyValueSpecification\",\"valueRequired\":true,\"valueName\":\"search_term_string\"}}],\"inLanguage\":\"sv-SE\"},{\"@type\":\"Organization\",\"@id\":\"https:\/\/www.smedemokrati.sk\/#organization\",\"name\":\"Smedemokrati.sk\",\"url\":\"https:\/\/www.smedemokrati.sk\/\",\"logo\":{\"@type\":\"ImageObject\",\"inLanguage\":\"sv-SE\",\"@id\":\"https:\/\/www.smedemokrati.sk\/#\/schema\/logo\/image\/\",\"url\":\"https:\/\/www.smedemokrati.sk\/wp-content\/uploads\/2023\/04\/ff.002.jpeg\",\"contentUrl\":\"https:\/\/www.smedemokrati.sk\/wp-content\/uploads\/2023\/04\/ff.002.jpeg\",\"width\":640,\"height\":480,\"caption\":\"Smedemokrati.sk\"},\"image\":{\"@id\":\"https:\/\/www.smedemokrati.sk\/#\/schema\/logo\/image\/\"},\"sameAs\":[\"https:\/\/www.facebook.com\/smedemokrati2023\"]},{\"@type\":\"Person\",\"@id\":\"https:\/\/www.smedemokrati.sk\/#\/schema\/person\/21f147c88d605aa7ded900e1e7c344ba\",\"name\":\"miro.sopko\",\"image\":{\"@type\":\"ImageObject\",\"inLanguage\":\"sv-SE\",\"@id\":\"https:\/\/secure.gravatar.com\/avatar\/267e4a36f704376c109afe3a78740c1f5dd8675a2180a908699e7863c9247606?s=96&d=mm&r=g\",\"url\":\"https:\/\/secure.gravatar.com\/avatar\/267e4a36f704376c109afe3a78740c1f5dd8675a2180a908699e7863c9247606?s=96&d=mm&r=g\",\"contentUrl\":\"https:\/\/secure.gravatar.com\/avatar\/267e4a36f704376c109afe3a78740c1f5dd8675a2180a908699e7863c9247606?s=96&d=mm&r=g\",\"caption\":\"miro.sopko\"},\"url\":\"https:\/\/www.smedemokrati.sk\/sv\/author\/miro-sopko\/\"}]}<\/script>\n<!-- \/ Yoast SEO plugin. -->","yoast_head_json":{"title":"Demokrati blaho\u017eelaj\u00fa ob\u010danom Ma\u010farska k odvahe na zmenu. Z\u00e1rove\u0148 vyz\u00fdvaj\u00fa vl\u00e1du a prezidenta, aby nes\u00fahlasili s nav\u00fd\u0161en\u00edm Putinov\u00fdch \u201ediplomatov\u201c na Slovensku","robots":{"index":"index","follow":"follow","max-snippet":"max-snippet:-1","max-image-preview":"max-image-preview:large","max-video-preview":"max-video-preview:-1"},"canonical":"https:\/\/www.smedemokrati.sk\/sv\/demokrati-blahozelaju-obcanom-madarska-k-odvahe-na-zmenu-zaroven-vyzyvaju-vladu-a-prezidenta-aby-nesuhlasili-s-navysenim-putinovych-diplomatov-na-slovensku\/","og_locale":"sv_SE","og_type":"article","og_title":"[:sk]Demokrati blaho\u017eelaj\u00fa ob\u010danom Ma\u010farska k odvahe na zmenu. Z\u00e1rove\u0148 vyz\u00fdvaj\u00fa vl\u00e1du a prezidenta, aby nes\u00fahlasili s nav\u00fd\u0161en\u00edm Putinov\u00fdch \u201ediplomatov\u201c na Slovensku[:] - Smedemokrati.sk","og_description":"Strana Demokrati chce zablaho\u017eela\u0165 v\u00ed\u0165azovi volieb v Ma\u010farsku P\u00e9terovi Magyarovi, ako aj ob\u010danom Ma\u010farska k historicky vysokej \u00fa\u010dasti, odvahe a jasn\u00e9mu rozhodnutiu pre zmenu. V\u00fdsledok volieb je aj pre Slovensko siln\u00fdm sign\u00e1lom n\u00e1deje. Strana Demokrati v\u0161ak apeluje na prezidenta a vl\u00e1du a vyz\u00fdva ich, aby nes\u00fahlasili s nav\u00fd\u0161en\u00edm Putinov\u00fdch \u201ediplomatov\u201c na ambas\u00e1de v Bratislave. \u201eMa\u010farsko [&hellip;]","og_url":"https:\/\/www.smedemokrati.sk\/sv\/demokrati-blahozelaju-obcanom-madarska-k-odvahe-na-zmenu-zaroven-vyzyvaju-vladu-a-prezidenta-aby-nesuhlasili-s-navysenim-putinovych-diplomatov-na-slovensku\/","og_site_name":"Smedemokrati.sk","article_publisher":"https:\/\/www.facebook.com\/smedemokrati2023","article_published_time":"2026-04-13T14:35:15+00:00","og_image":[{"width":1280,"height":720,"url":"https:\/\/www.smedemokrati.sk\/wp-content\/uploads\/2026\/04\/gratulacia_volby_madarsko.jpg","type":"image\/jpeg"}],"author":"miro.sopko","twitter_card":"summary_large_image","twitter_misc":{"Skriven av":"miro.sopko","Ber\u00e4knad l\u00e4stid":"3 minuter"},"schema":{"@context":"https:\/\/schema.org","@graph":[{"@type":"Article","@id":"https:\/\/www.smedemokrati.sk\/demokrati-blahozelaju-obcanom-madarska-k-odvahe-na-zmenu-zaroven-vyzyvaju-vladu-a-prezidenta-aby-nesuhlasili-s-navysenim-putinovych-diplomatov-na-slovensku\/#article","isPartOf":{"@id":"https:\/\/www.smedemokrati.sk\/demokrati-blahozelaju-obcanom-madarska-k-odvahe-na-zmenu-zaroven-vyzyvaju-vladu-a-prezidenta-aby-nesuhlasili-s-navysenim-putinovych-diplomatov-na-slovensku\/"},"author":{"name":"miro.sopko","@id":"https:\/\/www.smedemokrati.sk\/#\/schema\/person\/21f147c88d605aa7ded900e1e7c344ba"},"headline":"Demokrati blaho\u017eelaj\u00fa ob\u010danom Ma\u010farska k odvahe na zmenu. Z\u00e1rove\u0148 vyz\u00fdvaj\u00fa vl\u00e1du a prezidenta, aby nes\u00fahlasili s nav\u00fd\u0161en\u00edm Putinov\u00fdch \u201ediplomatov\u201c na Slovensku","datePublished":"2026-04-13T14:35:15+00:00","mainEntityOfPage":{"@id":"https:\/\/www.smedemokrati.sk\/demokrati-blahozelaju-obcanom-madarska-k-odvahe-na-zmenu-zaroven-vyzyvaju-vladu-a-prezidenta-aby-nesuhlasili-s-navysenim-putinovych-diplomatov-na-slovensku\/"},"wordCount":515,"publisher":{"@id":"https:\/\/www.smedemokrati.sk\/#organization"},"image":{"@id":"https:\/\/www.smedemokrati.sk\/demokrati-blahozelaju-obcanom-madarska-k-odvahe-na-zmenu-zaroven-vyzyvaju-vladu-a-prezidenta-aby-nesuhlasili-s-navysenim-putinovych-diplomatov-na-slovensku\/#primaryimage"},"thumbnailUrl":"https:\/\/www.smedemokrati.sk\/wp-content\/uploads\/2026\/04\/gratulacia_volby_madarsko.jpg","articleSection":["Tla\u010dov\u00e9 spr\u00e1vy"],"inLanguage":"sv-SE"},{"@type":"WebPage","@id":"https:\/\/www.smedemokrati.sk\/demokrati-blahozelaju-obcanom-madarska-k-odvahe-na-zmenu-zaroven-vyzyvaju-vladu-a-prezidenta-aby-nesuhlasili-s-navysenim-putinovych-diplomatov-na-slovensku\/","url":"https:\/\/www.smedemokrati.sk\/demokrati-blahozelaju-obcanom-madarska-k-odvahe-na-zmenu-zaroven-vyzyvaju-vladu-a-prezidenta-aby-nesuhlasili-s-navysenim-putinovych-diplomatov-na-slovensku\/","name":"Demokrati blaho\u017eelaj\u00fa ob\u010danom Ma\u010farska k odvahe na zmenu. Z\u00e1rove\u0148 vyz\u00fdvaj\u00fa vl\u00e1du a prezidenta, aby nes\u00fahlasili s nav\u00fd\u0161en\u00edm Putinov\u00fdch \u201ediplomatov\u201c na Slovensku","isPartOf":{"@id":"https:\/\/www.smedemokrati.sk\/#website"},"primaryImageOfPage":{"@id":"https:\/\/www.smedemokrati.sk\/demokrati-blahozelaju-obcanom-madarska-k-odvahe-na-zmenu-zaroven-vyzyvaju-vladu-a-prezidenta-aby-nesuhlasili-s-navysenim-putinovych-diplomatov-na-slovensku\/#primaryimage"},"image":{"@id":"https:\/\/www.smedemokrati.sk\/demokrati-blahozelaju-obcanom-madarska-k-odvahe-na-zmenu-zaroven-vyzyvaju-vladu-a-prezidenta-aby-nesuhlasili-s-navysenim-putinovych-diplomatov-na-slovensku\/#primaryimage"},"thumbnailUrl":"https:\/\/www.smedemokrati.sk\/wp-content\/uploads\/2026\/04\/gratulacia_volby_madarsko.jpg","datePublished":"2026-04-13T14:35:15+00:00","breadcrumb":{"@id":"https:\/\/www.smedemokrati.sk\/demokrati-blahozelaju-obcanom-madarska-k-odvahe-na-zmenu-zaroven-vyzyvaju-vladu-a-prezidenta-aby-nesuhlasili-s-navysenim-putinovych-diplomatov-na-slovensku\/#breadcrumb"},"inLanguage":"sv-SE","potentialAction":[{"@type":"ReadAction","target":["https:\/\/www.smedemokrati.sk\/demokrati-blahozelaju-obcanom-madarska-k-odvahe-na-zmenu-zaroven-vyzyvaju-vladu-a-prezidenta-aby-nesuhlasili-s-navysenim-putinovych-diplomatov-na-slovensku\/"]}]},{"@type":"ImageObject","inLanguage":"sv-SE","@id":"https:\/\/www.smedemokrati.sk\/demokrati-blahozelaju-obcanom-madarska-k-odvahe-na-zmenu-zaroven-vyzyvaju-vladu-a-prezidenta-aby-nesuhlasili-s-navysenim-putinovych-diplomatov-na-slovensku\/#primaryimage","url":"https:\/\/www.smedemokrati.sk\/wp-content\/uploads\/2026\/04\/gratulacia_volby_madarsko.jpg","contentUrl":"https:\/\/www.smedemokrati.sk\/wp-content\/uploads\/2026\/04\/gratulacia_volby_madarsko.jpg","width":1280,"height":720},{"@type":"BreadcrumbList","@id":"https:\/\/www.smedemokrati.sk\/demokrati-blahozelaju-obcanom-madarska-k-odvahe-na-zmenu-zaroven-vyzyvaju-vladu-a-prezidenta-aby-nesuhlasili-s-navysenim-putinovych-diplomatov-na-slovensku\/#breadcrumb","itemListElement":[{"@type":"ListItem","position":1,"name":"Domovsk\u00e1 str\u00e1nka","item":"https:\/\/www.smedemokrati.sk\/"},{"@type":"ListItem","position":2,"name":"Demokrati blaho\u017eelaj\u00fa ob\u010danom Ma\u010farska k odvahe na zmenu. Z\u00e1rove\u0148 vyz\u00fdvaj\u00fa vl\u00e1du a prezidenta, aby nes\u00fahlasili s nav\u00fd\u0161en\u00edm Putinov\u00fdch \u201ediplomatov\u201c na Slovensku"}]},{"@type":"WebSite","@id":"https:\/\/www.smedemokrati.sk\/#website","url":"https:\/\/www.smedemokrati.sk\/","name":"Smedemokrati.sk","description":"Demokracia a slu\u0161nos\u0165 zv\u00ed\u0165az\u00ed","publisher":{"@id":"https:\/\/www.smedemokrati.sk\/#organization"},"potentialAction":[{"@type":"SearchAction","target":{"@type":"EntryPoint","urlTemplate":"https:\/\/www.smedemokrati.sk\/?s={search_term_string}"},"query-input":{"@type":"PropertyValueSpecification","valueRequired":true,"valueName":"search_term_string"}}],"inLanguage":"sv-SE"},{"@type":"Organization","@id":"https:\/\/www.smedemokrati.sk\/#organization","name":"Smedemokrati.sk","url":"https:\/\/www.smedemokrati.sk\/","logo":{"@type":"ImageObject","inLanguage":"sv-SE","@id":"https:\/\/www.smedemokrati.sk\/#\/schema\/logo\/image\/","url":"https:\/\/www.smedemokrati.sk\/wp-content\/uploads\/2023\/04\/ff.002.jpeg","contentUrl":"https:\/\/www.smedemokrati.sk\/wp-content\/uploads\/2023\/04\/ff.002.jpeg","width":640,"height":480,"caption":"Smedemokrati.sk"},"image":{"@id":"https:\/\/www.smedemokrati.sk\/#\/schema\/logo\/image\/"},"sameAs":["https:\/\/www.facebook.com\/smedemokrati2023"]},{"@type":"Person","@id":"https:\/\/www.smedemokrati.sk\/#\/schema\/person\/21f147c88d605aa7ded900e1e7c344ba","name":"miro.sopko","image":{"@type":"ImageObject","inLanguage":"sv-SE","@id":"https:\/\/secure.gravatar.com\/avatar\/267e4a36f704376c109afe3a78740c1f5dd8675a2180a908699e7863c9247606?s=96&d=mm&r=g","url":"https:\/\/secure.gravatar.com\/avatar\/267e4a36f704376c109afe3a78740c1f5dd8675a2180a908699e7863c9247606?s=96&d=mm&r=g","contentUrl":"https:\/\/secure.gravatar.com\/avatar\/267e4a36f704376c109afe3a78740c1f5dd8675a2180a908699e7863c9247606?s=96&d=mm&r=g","caption":"miro.sopko"},"url":"https:\/\/www.smedemokrati.sk\/sv\/author\/miro-sopko\/"}]}},"_links":{"self":[{"href":"https:\/\/www.smedemokrati.sk\/sv\/wp-json\/wp\/v2\/posts\/9177","targetHints":{"allow":["GET"]}}],"collection":[{"href":"https:\/\/www.smedemokrati.sk\/sv\/wp-json\/wp\/v2\/posts"}],"about":[{"href":"https:\/\/www.smedemokrati.sk\/sv\/wp-json\/wp\/v2\/types\/post"}],"author":[{"embeddable":true,"href":"https:\/\/www.smedemokrati.sk\/sv\/wp-json\/wp\/v2\/users\/13"}],"replies":[{"embeddable":true,"href":"https:\/\/www.smedemokrati.sk\/sv\/wp-json\/wp\/v2\/comments?post=9177"}],"version-history":[{"count":1,"href":"https:\/\/www.smedemokrati.sk\/sv\/wp-json\/wp\/v2\/posts\/9177\/revisions"}],"predecessor-version":[{"id":9179,"href":"https:\/\/www.smedemokrati.sk\/sv\/wp-json\/wp\/v2\/posts\/9177\/revisions\/9179"}],"wp:featuredmedia":[{"embeddable":true,"href":"https:\/\/www.smedemokrati.sk\/sv\/wp-json\/wp\/v2\/media\/9178"}],"wp:attachment":[{"href":"https:\/\/www.smedemokrati.sk\/sv\/wp-json\/wp\/v2\/media?parent=9177"}],"wp:term":[{"taxonomy":"category","embeddable":true,"href":"https:\/\/www.smedemokrati.sk\/sv\/wp-json\/wp\/v2\/categories?post=9177"},{"taxonomy":"post_tag","embeddable":true,"href":"https:\/\/www.smedemokrati.sk\/sv\/wp-json\/wp\/v2\/tags?post=9177"}],"curies":[{"name":"wp","href":"https:\/\/api.w.org\/{rel}","templated":true}]}}