{"id":9124,"date":"2026-03-27T13:30:54","date_gmt":"2026-03-27T12:30:54","guid":{"rendered":"https:\/\/www.smedemokrati.sk\/?p=9124"},"modified":"2026-03-27T13:30:54","modified_gmt":"2026-03-27T12:30:54","slug":"privatizacia-tatier-je-stale-v-hre-predkladame-zakon-ktory-by-jej-zabranil","status":"publish","type":"post","link":"https:\/\/www.smedemokrati.sk\/sv\/privatizacia-tatier-je-stale-v-hre-predkladame-zakon-ktory-by-jej-zabranil\/","title":{"rendered":"Privatiz\u00e1cia Tatier je st\u00e1le v hre, predklad\u00e1me z\u00e1kon, ktor\u00fd by jej zabr\u00e1nil"},"content":{"rendered":"<div id=\"fb-root\"><\/div>\n\n<p><strong><u>Proces zon\u00e1ci\u00ed n\u00e1rodn\u00fdch parkov ide do fin\u00e1le a my st\u00e1le nepozn\u00e1me ich defin\u00edtivnu verziu. Hoci sa Taraba s Kuffom sna\u017eia bagatelizova\u0165 riziko privatiz\u00e1cie \u0161t\u00e1tnych pozemkov pod ly\u017eiarskymi strediskami, ak sa tieto preradia do tzv. D z\u00f3ny, na \u010dom st\u00e1le trvaj\u00fa, ni\u010d tomu nebude br\u00e1ni\u0165. Ke\u010f\u017ee never\u00edme ak\u00fdmko\u013evek s\u013eubom predstavite\u013eov vl\u00e1dy, predklad\u00e1me v spolupr\u00e1ci s poslancom NR SR \u013dubom\u00edrom Galkom n\u00e1vrh z\u00e1kona, ktor\u00fd by zabr\u00e1nil mo\u017enosti straty majetkovej kontroly \u0161t\u00e1tu nad k\u013e\u00fa\u010dov\u00fdmi pozemkami v n\u00e1rodn\u00fdch parkoch.<\/u><\/strong><\/p>\n\n\n\n<p>Podpredseda Demokratov Michal Ki\u010da vysvet\u013euje, \u017ee \u201e<em>e\u0161te nikdy nebolo riziko, \u017ee d\u00f4le\u017eit\u00e9 \u010dasti n\u00e1\u0161ho najcennej\u0161ieho pr\u00edrodn\u00e9ho bohatstva sa dostan\u00fa do s\u00fakromn\u00fdch r\u00fak, tak\u00e9 vysok\u00e9, ako by\u0165 po najbli\u017e\u0161\u00edch t\u00fd\u017ed\u0148och. Ak prejd\u00fa zon\u00e1cie v navrhovanej podobe, nebude existova\u0165 podstatn\u00e1 pr\u00e1vna prek\u00e1\u017eka, aby \u0161t\u00e1t previedol pozemky zaraden\u00e9 do najni\u017e\u0161ieho stup\u0148a ochrany. Vyjadrenia Tarabu s Kuffom, \u017ee k tomu ned\u00f4jde, pova\u017eujeme za smie\u0161ne. Tejto vl\u00e1de sa ned\u00e1 veri\u0165 ni\u010d.<\/em>\u201d Pripom\u00edname, \u017ee to bola pr\u00e1ve spolo\u010dnos\u0165 Tatry Mountain Resorts, ktor\u00e1 o z\u00e1meny pozemkov v minulosti prejavila z\u00e1ujem. Ak by k zmene vlastn\u00edctva \u0161t\u00e1tnych pozemkov do\u0161lo, \u0161t\u00e1t by nemal ako zabr\u00e1ni\u0165 pr\u00edpadn\u00e9mu vstupu ak\u00e9hoko\u013evek zahrani\u010dn\u00e9ho investora do jej akcion\u00e1rskej \u0161trukt\u00fary. \u201e<em>Tr\u00e1pi Tarabu s Kuffom tento scen\u00e1r? Vl\u00e1da sa zad\u00fa\u0161a n\u00e1rodn\u00fdmi z\u00e1ujmami, ale pri na\u0161om najcennej\u0161om pr\u00edrodnom dedi\u010dstve so strategick\u00fdm v\u00fdznamom mo\u017en\u00e9mu naplneniu tohto scen\u00e1ra akoby asistuje,<\/em>\u201d p\u00fdta sa Michal Ki\u010da.<\/p>\n\n\n\n<p>Demokrati dnes prostredn\u00edctvom poslanca NR SR \u013dubom\u00edra Galka predkladaj\u00fa novelu z\u00e1kona o ochrane pr\u00edrody a krajiny, ktor\u00e1 zabr\u00e1ni privatiz\u00e1cii Tatier. Navrhujeme vyl\u00fa\u010di\u0165 mo\u017enosti z\u00e1mien&nbsp;a prevodov vlastn\u00edctva \u0161t\u00e1tnych pozemkov v n\u00e1rodn\u00fdch parkoch a\u017e na nevyhnutn\u00e9 v\u00fdnimky. Vyz\u00fdvame vl\u00e1dnu koal\u00edciu, osobitne Roberta Fica, aby n\u00e1vrh z\u00e1kona podporili, a to e\u0161te pred schva\u013eovan\u00edm fin\u00e1lneho znenia zon\u00e1ci\u00ed. Maj\u00fa mo\u017enos\u0165 preuk\u00e1za\u0165, ako v\u00e1\u017ene to myslia s ochranou n\u00e1rodno-\u0161t\u00e1tnych z\u00e1ujmov Slovenskej republiky. Napokon, mo\u017enos\u0165 takejto \u00fapravy pripustil aj \u0161t\u00e1tny tajomn\u00edk Filip Kuffa, ktor\u00fd v\u0161ak doteraz so \u017eiadnou legislat\u00edvnou iniciat\u00edvou nepri\u0161iel. Jedin\u00e9, na \u010do sa zmohol, bolo zav\u00e1dzanie, \u017ee prevodom pozemkov zabra\u0148uje z\u00e1kon o lesoch. Ten v skuto\u010dnosti mo\u017enos\u0165 z\u00e1meny vlastn\u00edctva \u0161t\u00e1tu v chr\u00e1nen\u00fdch \u00fazemiach vyslovene predpoklad\u00e1.&nbsp;<\/p>\n\n\n\n<p>\u201e<em>Odmietame, aby sa zon\u00e1cie\u00a0stali n\u00e1strojom pre zvy\u0161ovanie hodnoty s\u00fakromn\u00fdch spolo\u010dnost\u00ed. Nesm\u00fa sa sta\u0165 jednou ve\u013ekou \u201cv\u00fdnimkou\u201d pre vybran\u00e9 spolo\u010dnosti. Naopak, je povinnos\u0165ou ka\u017edej chr\u00e1ni\u0165 z\u00e1ujmy pr\u00edrody a vyl\u00fa\u010di\u0165 scen\u00e1r, na konci ktor\u00e9ho by posledn\u00e9 slovo o tom, \u010di d\u00f4le\u017eit\u00e9 \u010dasti n\u00e1rodn\u00fdch parkov skon\u010dili v zahrani\u010dn\u00fdch ruk\u00e1ch mal nejak\u00fd \u201cutajen\u00fd \u0161\u00e9f\u201d zon\u00e1ci\u00ed. Vyz\u00fdvame vl\u00e1dnu koal\u00edciu, aby n\u00e1vrh novely podporila, pokia\u013e myslia v\u00e1\u017ene svoje verejn\u00e9 vyhl\u00e1senia,<\/em>\u201d uzavrel Michal Ki\u010da.\u00a0<\/p>\n\n\n\n<figure class=\"wp-block-embed is-type-video is-provider-youtube wp-block-embed-youtube wp-embed-aspect-16-9 wp-has-aspect-ratio\"><div class=\"wp-block-embed__wrapper\">\n<iframe title=\"Live: Nedovol\u00edme rozpreda\u0165 n\u00e1rodn\u00e9 parky\" width=\"500\" height=\"281\" src=\"https:\/\/www.youtube.com\/embed\/bEWvrMs_QEs?feature=oembed\" frameborder=\"0\" allow=\"accelerometer; autoplay; clipboard-write; encrypted-media; gyroscope; picture-in-picture; web-share\" referrerpolicy=\"strict-origin-when-cross-origin\" allowfullscreen><\/iframe>\n<\/div><\/figure>\n","protected":false},"excerpt":{"rendered":"<p>Proces zon\u00e1ci\u00ed n\u00e1rodn\u00fdch parkov ide do fin\u00e1le a my st\u00e1le nepozn\u00e1me ich defin\u00edtivnu verziu. Hoci sa Taraba s Kuffom sna\u017eia bagatelizova\u0165 riziko privatiz\u00e1cie \u0161t\u00e1tnych pozemkov pod ly\u017eiarskymi strediskami, ak sa tieto preradia do tzv. D z\u00f3ny, na \u010dom st\u00e1le trvaj\u00fa, ni\u010d tomu nebude br\u00e1ni\u0165. Ke\u010f\u017ee never\u00edme ak\u00fdmko\u013evek s\u013eubom predstavite\u013eov vl\u00e1dy, predklad\u00e1me v spolupr\u00e1ci s poslancom [&hellip;]<\/p>\n","protected":false},"author":13,"featured_media":9126,"comment_status":"closed","ping_status":"closed","sticky":false,"template":"","format":"standard","meta":{"_acf_changed":false,"ngg_post_thumbnail":0,"footnotes":""},"categories":[4],"tags":[],"class_list":["post-9124","post","type-post","status-publish","format-standard","has-post-thumbnail","hentry","category-tlacove-spravy"],"acf":[],"yoast_head":"<!-- This site is optimized with the Yoast SEO plugin v27.2 - https:\/\/yoast.com\/product\/yoast-seo-wordpress\/ -->\n<title>Privatiz\u00e1cia Tatier je st\u00e1le v hre, predklad\u00e1me z\u00e1kon, ktor\u00fd by jej zabr\u00e1nil<\/title>\n<meta name=\"robots\" content=\"index, follow, max-snippet:-1, max-image-preview:large, max-video-preview:-1\" \/>\n<link rel=\"canonical\" href=\"https:\/\/www.smedemokrati.sk\/sv\/privatizacia-tatier-je-stale-v-hre-predkladame-zakon-ktory-by-jej-zabranil\/\" \/>\n<meta property=\"og:locale\" content=\"sv_SE\" \/>\n<meta property=\"og:locale:alternate\" content=\"en_US\" \/>\n<meta property=\"og:locale:alternate\" content=\"cs_CZ\" \/>\n<meta property=\"og:locale:alternate\" content=\"hu_HU\" \/>\n<meta property=\"og:locale:alternate\" content=\"sk_SK\" \/>\n<meta property=\"og:type\" content=\"article\" \/>\n<meta property=\"og:title\" content=\"Privatiz\u00e1cia Tatier je st\u00e1le v hre, predklad\u00e1me z\u00e1kon, ktor\u00fd by jej zabr\u00e1nil\" \/>\n<meta property=\"og:description\" content=\"Proces zon\u00e1ci\u00ed n\u00e1rodn\u00fdch parkov ide do fin\u00e1le a my st\u00e1le nepozn\u00e1me ich defin\u00edtivnu verziu. Hoci sa Taraba s Kuffom sna\u017eia bagatelizova\u0165 riziko privatiz\u00e1cie \u0161t\u00e1tnych pozemkov pod ly\u017eiarskymi strediskami, ak sa tieto preradia do tzv. D z\u00f3ny, na \u010dom st\u00e1le trvaj\u00fa, ni\u010d tomu nebude br\u00e1ni\u0165. Ke\u010f\u017ee never\u00edme ak\u00fdmko\u013evek s\u013eubom predstavite\u013eov vl\u00e1dy, predklad\u00e1me v spolupr\u00e1ci s poslancom [&hellip;]\" \/>\n<meta property=\"og:url\" content=\"https:\/\/www.smedemokrati.sk\/sv\/privatizacia-tatier-je-stale-v-hre-predkladame-zakon-ktory-by-jej-zabranil\/\" \/>\n<meta property=\"og:site_name\" content=\"Smedemokrati.sk\" \/>\n<meta property=\"article:publisher\" content=\"https:\/\/www.facebook.com\/smedemokrati2023\" \/>\n<meta property=\"article:published_time\" content=\"2026-03-27T12:30:54+00:00\" \/>\n<meta property=\"og:image\" content=\"https:\/\/www.smedemokrati.sk\/wp-content\/uploads\/2026\/03\/NP_Tatry.jpg\" \/>\n\t<meta property=\"og:image:width\" content=\"1280\" \/>\n\t<meta property=\"og:image:height\" content=\"720\" \/>\n\t<meta property=\"og:image:type\" content=\"image\/jpeg\" \/>\n<meta name=\"author\" content=\"miro.sopko\" \/>\n<meta name=\"twitter:card\" content=\"summary_large_image\" \/>\n<meta name=\"twitter:label1\" content=\"Skriven av\" \/>\n\t<meta name=\"twitter:data1\" content=\"miro.sopko\" \/>\n\t<meta name=\"twitter:label2\" content=\"Ber\u00e4knad l\u00e4stid\" \/>\n\t<meta name=\"twitter:data2\" content=\"3 minuter\" \/>\n<script type=\"application\/ld+json\" class=\"yoast-schema-graph\">{\"@context\":\"https:\/\/schema.org\",\"@graph\":[{\"@type\":\"Article\",\"@id\":\"https:\/\/www.smedemokrati.sk\/privatizacia-tatier-je-stale-v-hre-predkladame-zakon-ktory-by-jej-zabranil\/#article\",\"isPartOf\":{\"@id\":\"https:\/\/www.smedemokrati.sk\/privatizacia-tatier-je-stale-v-hre-predkladame-zakon-ktory-by-jej-zabranil\/\"},\"author\":{\"name\":\"miro.sopko\",\"@id\":\"https:\/\/www.smedemokrati.sk\/#\/schema\/person\/21f147c88d605aa7ded900e1e7c344ba\"},\"headline\":\"Privatiz\u00e1cia Tatier je st\u00e1le v hre, predklad\u00e1me z\u00e1kon, ktor\u00fd by jej zabr\u00e1nil\",\"datePublished\":\"2026-03-27T12:30:54+00:00\",\"mainEntityOfPage\":{\"@id\":\"https:\/\/www.smedemokrati.sk\/privatizacia-tatier-je-stale-v-hre-predkladame-zakon-ktory-by-jej-zabranil\/\"},\"wordCount\":593,\"publisher\":{\"@id\":\"https:\/\/www.smedemokrati.sk\/#organization\"},\"image\":{\"@id\":\"https:\/\/www.smedemokrati.sk\/privatizacia-tatier-je-stale-v-hre-predkladame-zakon-ktory-by-jej-zabranil\/#primaryimage\"},\"thumbnailUrl\":\"https:\/\/www.smedemokrati.sk\/wp-content\/uploads\/2026\/03\/NP_Tatry.jpg\",\"articleSection\":[\"Tla\u010dov\u00e9 spr\u00e1vy\"],\"inLanguage\":\"sv-SE\"},{\"@type\":\"WebPage\",\"@id\":\"https:\/\/www.smedemokrati.sk\/privatizacia-tatier-je-stale-v-hre-predkladame-zakon-ktory-by-jej-zabranil\/\",\"url\":\"https:\/\/www.smedemokrati.sk\/privatizacia-tatier-je-stale-v-hre-predkladame-zakon-ktory-by-jej-zabranil\/\",\"name\":\"Privatiz\u00e1cia Tatier je st\u00e1le v hre, predklad\u00e1me z\u00e1kon, ktor\u00fd by jej zabr\u00e1nil\",\"isPartOf\":{\"@id\":\"https:\/\/www.smedemokrati.sk\/#website\"},\"primaryImageOfPage\":{\"@id\":\"https:\/\/www.smedemokrati.sk\/privatizacia-tatier-je-stale-v-hre-predkladame-zakon-ktory-by-jej-zabranil\/#primaryimage\"},\"image\":{\"@id\":\"https:\/\/www.smedemokrati.sk\/privatizacia-tatier-je-stale-v-hre-predkladame-zakon-ktory-by-jej-zabranil\/#primaryimage\"},\"thumbnailUrl\":\"https:\/\/www.smedemokrati.sk\/wp-content\/uploads\/2026\/03\/NP_Tatry.jpg\",\"datePublished\":\"2026-03-27T12:30:54+00:00\",\"breadcrumb\":{\"@id\":\"https:\/\/www.smedemokrati.sk\/privatizacia-tatier-je-stale-v-hre-predkladame-zakon-ktory-by-jej-zabranil\/#breadcrumb\"},\"inLanguage\":\"sv-SE\",\"potentialAction\":[{\"@type\":\"ReadAction\",\"target\":[\"https:\/\/www.smedemokrati.sk\/privatizacia-tatier-je-stale-v-hre-predkladame-zakon-ktory-by-jej-zabranil\/\"]}]},{\"@type\":\"ImageObject\",\"inLanguage\":\"sv-SE\",\"@id\":\"https:\/\/www.smedemokrati.sk\/privatizacia-tatier-je-stale-v-hre-predkladame-zakon-ktory-by-jej-zabranil\/#primaryimage\",\"url\":\"https:\/\/www.smedemokrati.sk\/wp-content\/uploads\/2026\/03\/NP_Tatry.jpg\",\"contentUrl\":\"https:\/\/www.smedemokrati.sk\/wp-content\/uploads\/2026\/03\/NP_Tatry.jpg\",\"width\":1280,\"height\":720},{\"@type\":\"BreadcrumbList\",\"@id\":\"https:\/\/www.smedemokrati.sk\/privatizacia-tatier-je-stale-v-hre-predkladame-zakon-ktory-by-jej-zabranil\/#breadcrumb\",\"itemListElement\":[{\"@type\":\"ListItem\",\"position\":1,\"name\":\"Domovsk\u00e1 str\u00e1nka\",\"item\":\"https:\/\/www.smedemokrati.sk\/\"},{\"@type\":\"ListItem\",\"position\":2,\"name\":\"Privatiz\u00e1cia Tatier je st\u00e1le v hre, predklad\u00e1me z\u00e1kon, ktor\u00fd by jej zabr\u00e1nil\"}]},{\"@type\":\"WebSite\",\"@id\":\"https:\/\/www.smedemokrati.sk\/#website\",\"url\":\"https:\/\/www.smedemokrati.sk\/\",\"name\":\"Smedemokrati.sk\",\"description\":\"Demokracia a slu\u0161nos\u0165 zv\u00ed\u0165az\u00ed\",\"publisher\":{\"@id\":\"https:\/\/www.smedemokrati.sk\/#organization\"},\"potentialAction\":[{\"@type\":\"SearchAction\",\"target\":{\"@type\":\"EntryPoint\",\"urlTemplate\":\"https:\/\/www.smedemokrati.sk\/?s={search_term_string}\"},\"query-input\":{\"@type\":\"PropertyValueSpecification\",\"valueRequired\":true,\"valueName\":\"search_term_string\"}}],\"inLanguage\":\"sv-SE\"},{\"@type\":\"Organization\",\"@id\":\"https:\/\/www.smedemokrati.sk\/#organization\",\"name\":\"Smedemokrati.sk\",\"url\":\"https:\/\/www.smedemokrati.sk\/\",\"logo\":{\"@type\":\"ImageObject\",\"inLanguage\":\"sv-SE\",\"@id\":\"https:\/\/www.smedemokrati.sk\/#\/schema\/logo\/image\/\",\"url\":\"https:\/\/www.smedemokrati.sk\/wp-content\/uploads\/2023\/04\/ff.002.jpeg\",\"contentUrl\":\"https:\/\/www.smedemokrati.sk\/wp-content\/uploads\/2023\/04\/ff.002.jpeg\",\"width\":640,\"height\":480,\"caption\":\"Smedemokrati.sk\"},\"image\":{\"@id\":\"https:\/\/www.smedemokrati.sk\/#\/schema\/logo\/image\/\"},\"sameAs\":[\"https:\/\/www.facebook.com\/smedemokrati2023\"]},{\"@type\":\"Person\",\"@id\":\"https:\/\/www.smedemokrati.sk\/#\/schema\/person\/21f147c88d605aa7ded900e1e7c344ba\",\"name\":\"miro.sopko\",\"image\":{\"@type\":\"ImageObject\",\"inLanguage\":\"sv-SE\",\"@id\":\"https:\/\/secure.gravatar.com\/avatar\/267e4a36f704376c109afe3a78740c1f5dd8675a2180a908699e7863c9247606?s=96&d=mm&r=g\",\"url\":\"https:\/\/secure.gravatar.com\/avatar\/267e4a36f704376c109afe3a78740c1f5dd8675a2180a908699e7863c9247606?s=96&d=mm&r=g\",\"contentUrl\":\"https:\/\/secure.gravatar.com\/avatar\/267e4a36f704376c109afe3a78740c1f5dd8675a2180a908699e7863c9247606?s=96&d=mm&r=g\",\"caption\":\"miro.sopko\"},\"url\":\"https:\/\/www.smedemokrati.sk\/sv\/author\/miro-sopko\/\"}]}<\/script>\n<!-- \/ Yoast SEO plugin. -->","yoast_head_json":{"title":"Privatiz\u00e1cia Tatier je st\u00e1le v hre, predklad\u00e1me z\u00e1kon, ktor\u00fd by jej zabr\u00e1nil","robots":{"index":"index","follow":"follow","max-snippet":"max-snippet:-1","max-image-preview":"max-image-preview:large","max-video-preview":"max-video-preview:-1"},"canonical":"https:\/\/www.smedemokrati.sk\/sv\/privatizacia-tatier-je-stale-v-hre-predkladame-zakon-ktory-by-jej-zabranil\/","og_locale":"sv_SE","og_type":"article","og_title":"[:sk]Privatiz\u00e1cia Tatier je st\u00e1le v hre, predklad\u00e1me z\u00e1kon, ktor\u00fd by jej zabr\u00e1nil[:] - Smedemokrati.sk","og_description":"Proces zon\u00e1ci\u00ed n\u00e1rodn\u00fdch parkov ide do fin\u00e1le a my st\u00e1le nepozn\u00e1me ich defin\u00edtivnu verziu. Hoci sa Taraba s Kuffom sna\u017eia bagatelizova\u0165 riziko privatiz\u00e1cie \u0161t\u00e1tnych pozemkov pod ly\u017eiarskymi strediskami, ak sa tieto preradia do tzv. D z\u00f3ny, na \u010dom st\u00e1le trvaj\u00fa, ni\u010d tomu nebude br\u00e1ni\u0165. Ke\u010f\u017ee never\u00edme ak\u00fdmko\u013evek s\u013eubom predstavite\u013eov vl\u00e1dy, predklad\u00e1me v spolupr\u00e1ci s poslancom [&hellip;]","og_url":"https:\/\/www.smedemokrati.sk\/sv\/privatizacia-tatier-je-stale-v-hre-predkladame-zakon-ktory-by-jej-zabranil\/","og_site_name":"Smedemokrati.sk","article_publisher":"https:\/\/www.facebook.com\/smedemokrati2023","article_published_time":"2026-03-27T12:30:54+00:00","og_image":[{"width":1280,"height":720,"url":"https:\/\/www.smedemokrati.sk\/wp-content\/uploads\/2026\/03\/NP_Tatry.jpg","type":"image\/jpeg"}],"author":"miro.sopko","twitter_card":"summary_large_image","twitter_misc":{"Skriven av":"miro.sopko","Ber\u00e4knad l\u00e4stid":"3 minuter"},"schema":{"@context":"https:\/\/schema.org","@graph":[{"@type":"Article","@id":"https:\/\/www.smedemokrati.sk\/privatizacia-tatier-je-stale-v-hre-predkladame-zakon-ktory-by-jej-zabranil\/#article","isPartOf":{"@id":"https:\/\/www.smedemokrati.sk\/privatizacia-tatier-je-stale-v-hre-predkladame-zakon-ktory-by-jej-zabranil\/"},"author":{"name":"miro.sopko","@id":"https:\/\/www.smedemokrati.sk\/#\/schema\/person\/21f147c88d605aa7ded900e1e7c344ba"},"headline":"Privatiz\u00e1cia Tatier je st\u00e1le v hre, predklad\u00e1me z\u00e1kon, ktor\u00fd by jej zabr\u00e1nil","datePublished":"2026-03-27T12:30:54+00:00","mainEntityOfPage":{"@id":"https:\/\/www.smedemokrati.sk\/privatizacia-tatier-je-stale-v-hre-predkladame-zakon-ktory-by-jej-zabranil\/"},"wordCount":593,"publisher":{"@id":"https:\/\/www.smedemokrati.sk\/#organization"},"image":{"@id":"https:\/\/www.smedemokrati.sk\/privatizacia-tatier-je-stale-v-hre-predkladame-zakon-ktory-by-jej-zabranil\/#primaryimage"},"thumbnailUrl":"https:\/\/www.smedemokrati.sk\/wp-content\/uploads\/2026\/03\/NP_Tatry.jpg","articleSection":["Tla\u010dov\u00e9 spr\u00e1vy"],"inLanguage":"sv-SE"},{"@type":"WebPage","@id":"https:\/\/www.smedemokrati.sk\/privatizacia-tatier-je-stale-v-hre-predkladame-zakon-ktory-by-jej-zabranil\/","url":"https:\/\/www.smedemokrati.sk\/privatizacia-tatier-je-stale-v-hre-predkladame-zakon-ktory-by-jej-zabranil\/","name":"Privatiz\u00e1cia Tatier je st\u00e1le v hre, predklad\u00e1me z\u00e1kon, ktor\u00fd by jej zabr\u00e1nil","isPartOf":{"@id":"https:\/\/www.smedemokrati.sk\/#website"},"primaryImageOfPage":{"@id":"https:\/\/www.smedemokrati.sk\/privatizacia-tatier-je-stale-v-hre-predkladame-zakon-ktory-by-jej-zabranil\/#primaryimage"},"image":{"@id":"https:\/\/www.smedemokrati.sk\/privatizacia-tatier-je-stale-v-hre-predkladame-zakon-ktory-by-jej-zabranil\/#primaryimage"},"thumbnailUrl":"https:\/\/www.smedemokrati.sk\/wp-content\/uploads\/2026\/03\/NP_Tatry.jpg","datePublished":"2026-03-27T12:30:54+00:00","breadcrumb":{"@id":"https:\/\/www.smedemokrati.sk\/privatizacia-tatier-je-stale-v-hre-predkladame-zakon-ktory-by-jej-zabranil\/#breadcrumb"},"inLanguage":"sv-SE","potentialAction":[{"@type":"ReadAction","target":["https:\/\/www.smedemokrati.sk\/privatizacia-tatier-je-stale-v-hre-predkladame-zakon-ktory-by-jej-zabranil\/"]}]},{"@type":"ImageObject","inLanguage":"sv-SE","@id":"https:\/\/www.smedemokrati.sk\/privatizacia-tatier-je-stale-v-hre-predkladame-zakon-ktory-by-jej-zabranil\/#primaryimage","url":"https:\/\/www.smedemokrati.sk\/wp-content\/uploads\/2026\/03\/NP_Tatry.jpg","contentUrl":"https:\/\/www.smedemokrati.sk\/wp-content\/uploads\/2026\/03\/NP_Tatry.jpg","width":1280,"height":720},{"@type":"BreadcrumbList","@id":"https:\/\/www.smedemokrati.sk\/privatizacia-tatier-je-stale-v-hre-predkladame-zakon-ktory-by-jej-zabranil\/#breadcrumb","itemListElement":[{"@type":"ListItem","position":1,"name":"Domovsk\u00e1 str\u00e1nka","item":"https:\/\/www.smedemokrati.sk\/"},{"@type":"ListItem","position":2,"name":"Privatiz\u00e1cia Tatier je st\u00e1le v hre, predklad\u00e1me z\u00e1kon, ktor\u00fd by jej zabr\u00e1nil"}]},{"@type":"WebSite","@id":"https:\/\/www.smedemokrati.sk\/#website","url":"https:\/\/www.smedemokrati.sk\/","name":"Smedemokrati.sk","description":"Demokracia a slu\u0161nos\u0165 zv\u00ed\u0165az\u00ed","publisher":{"@id":"https:\/\/www.smedemokrati.sk\/#organization"},"potentialAction":[{"@type":"SearchAction","target":{"@type":"EntryPoint","urlTemplate":"https:\/\/www.smedemokrati.sk\/?s={search_term_string}"},"query-input":{"@type":"PropertyValueSpecification","valueRequired":true,"valueName":"search_term_string"}}],"inLanguage":"sv-SE"},{"@type":"Organization","@id":"https:\/\/www.smedemokrati.sk\/#organization","name":"Smedemokrati.sk","url":"https:\/\/www.smedemokrati.sk\/","logo":{"@type":"ImageObject","inLanguage":"sv-SE","@id":"https:\/\/www.smedemokrati.sk\/#\/schema\/logo\/image\/","url":"https:\/\/www.smedemokrati.sk\/wp-content\/uploads\/2023\/04\/ff.002.jpeg","contentUrl":"https:\/\/www.smedemokrati.sk\/wp-content\/uploads\/2023\/04\/ff.002.jpeg","width":640,"height":480,"caption":"Smedemokrati.sk"},"image":{"@id":"https:\/\/www.smedemokrati.sk\/#\/schema\/logo\/image\/"},"sameAs":["https:\/\/www.facebook.com\/smedemokrati2023"]},{"@type":"Person","@id":"https:\/\/www.smedemokrati.sk\/#\/schema\/person\/21f147c88d605aa7ded900e1e7c344ba","name":"miro.sopko","image":{"@type":"ImageObject","inLanguage":"sv-SE","@id":"https:\/\/secure.gravatar.com\/avatar\/267e4a36f704376c109afe3a78740c1f5dd8675a2180a908699e7863c9247606?s=96&d=mm&r=g","url":"https:\/\/secure.gravatar.com\/avatar\/267e4a36f704376c109afe3a78740c1f5dd8675a2180a908699e7863c9247606?s=96&d=mm&r=g","contentUrl":"https:\/\/secure.gravatar.com\/avatar\/267e4a36f704376c109afe3a78740c1f5dd8675a2180a908699e7863c9247606?s=96&d=mm&r=g","caption":"miro.sopko"},"url":"https:\/\/www.smedemokrati.sk\/sv\/author\/miro-sopko\/"}]}},"_links":{"self":[{"href":"https:\/\/www.smedemokrati.sk\/sv\/wp-json\/wp\/v2\/posts\/9124","targetHints":{"allow":["GET"]}}],"collection":[{"href":"https:\/\/www.smedemokrati.sk\/sv\/wp-json\/wp\/v2\/posts"}],"about":[{"href":"https:\/\/www.smedemokrati.sk\/sv\/wp-json\/wp\/v2\/types\/post"}],"author":[{"embeddable":true,"href":"https:\/\/www.smedemokrati.sk\/sv\/wp-json\/wp\/v2\/users\/13"}],"replies":[{"embeddable":true,"href":"https:\/\/www.smedemokrati.sk\/sv\/wp-json\/wp\/v2\/comments?post=9124"}],"version-history":[{"count":1,"href":"https:\/\/www.smedemokrati.sk\/sv\/wp-json\/wp\/v2\/posts\/9124\/revisions"}],"predecessor-version":[{"id":9125,"href":"https:\/\/www.smedemokrati.sk\/sv\/wp-json\/wp\/v2\/posts\/9124\/revisions\/9125"}],"wp:featuredmedia":[{"embeddable":true,"href":"https:\/\/www.smedemokrati.sk\/sv\/wp-json\/wp\/v2\/media\/9126"}],"wp:attachment":[{"href":"https:\/\/www.smedemokrati.sk\/sv\/wp-json\/wp\/v2\/media?parent=9124"}],"wp:term":[{"taxonomy":"category","embeddable":true,"href":"https:\/\/www.smedemokrati.sk\/sv\/wp-json\/wp\/v2\/categories?post=9124"},{"taxonomy":"post_tag","embeddable":true,"href":"https:\/\/www.smedemokrati.sk\/sv\/wp-json\/wp\/v2\/tags?post=9124"}],"curies":[{"name":"wp","href":"https:\/\/api.w.org\/{rel}","templated":true}]}}