{"id":9047,"date":"2026-03-19T13:51:01","date_gmt":"2026-03-19T12:51:01","guid":{"rendered":"https:\/\/www.smedemokrati.sk\/?p=9047"},"modified":"2026-03-19T13:51:01","modified_gmt":"2026-03-19T12:51:01","slug":"demokrati-odhaluju-dalsie-informacie-primator-ferencak-ziskal-lukrativny-pozemok-od-firmy-ktora-v-kezmarku-ziskala-milionove-zakazky","status":"publish","type":"post","link":"https:\/\/www.smedemokrati.sk\/sv\/demokrati-odhaluju-dalsie-informacie-primator-ferencak-ziskal-lukrativny-pozemok-od-firmy-ktora-v-kezmarku-ziskala-milionove-zakazky\/","title":{"rendered":"Demokrati odha\u013euj\u00fa \u010fal\u0161ie inform\u00e1cie: Prim\u00e1tor Feren\u010d\u00e1k z\u00edskal lukrat\u00edvny pozemok od firmy, ktor\u00e1 v Ke\u017emarku z\u00edskala mili\u00f3nov\u00e9 z\u00e1kazky"},"content":{"rendered":"<div id=\"fb-root\"><\/div>\n\n<p><strong>Demokrati odhalili \u010fal\u0161ie v\u00e1\u017ene podozrenia z konfliktu z\u00e1ujmov a mo\u017en\u00e9ho zneu\u017eitia funkcie prim\u00e1tora Ke\u017emarku J\u00e1na Feren\u010d\u00e1ka. Ide o pr\u00edpad lukrat\u00edvneho stavebn\u00e9ho pozemku, ku ktor\u00e9mu sa dostala Feren\u010d\u00e1kova firma po tom, \u010do mesto zmenilo \u00fazemn\u00fd pl\u00e1n.<\/strong><\/p>\n\n\n\n<p>Pozemok v lokalite Pradiare\u0148, \u010das\u0165 \u201eNad cestou\u201c bol p\u00f4vodne pole. V roku 2022 firma Velneg s.r.o. po\u017eiadala o zmenu \u00fazemn\u00e9ho pl\u00e1nu, aby sa na \u00fazem\u00ed mohlo stava\u0165. Mestsk\u00e9 zastupite\u013estvo t\u00fato zmenu schv\u00e1lilo, pri\u010dom pod\u013ea na\u0161ich inform\u00e1ci\u00ed zo zastupite\u013estva samotn\u00fd prim\u00e1tor Feren\u010d\u00e1k zmenu \u00fazemn\u00e9ho pl\u00e1nu akt\u00edvne obhajoval a predkladal.<\/p>\n\n\n\n<p>Po schv\u00e1len\u00ed zmeny do\u0161lo k rozdeleniu parcely \u010d. 8319, ktor\u00fa vlastnila v\u00fdlu\u010dne firma Velneg. Z nej vznikla aj nov\u00e1 parcela \u010d. 8319\/4 s rozlohou viac ako 8 500 m\u00b2, vhodn\u00e1 na v\u00fdstavbu minim\u00e1lne desiatich rodinn\u00fdch domov. Pr\u00e1ve t\u00e1to parcela n\u00e1sledne skon\u010dila vo Feren\u010d\u00e1kovej spolo\u010dnosti JAZUNA k.s.<\/p>\n\n\n\n<p>Pod\u013ea zisten\u00ed Demokratov v\u0161ak prevodu mohlo predch\u00e1dza\u0165 \u00fa\u010delov\u00e9 medzi\u010dl\u00e1nkov\u00e9 vlastn\u00edctvo \u2013 parcela mala by\u0165 najsk\u00f4r preveden\u00e1 na osobu bl\u00edzku prim\u00e1torovi (\u00fadajne \u0161vagra) a a\u017e n\u00e1sledne skon\u010di\u0165 v jeho firme, \u010do by mohlo zakr\u00fdva\u0165 priamu v\u00e4zbu.<\/p>\n\n\n\n<p>Zistenia Demokratov z\u00e1rove\u0148 poukazuj\u00fa na prepojenia medzi firmou Velneg a spolo\u010dnos\u0165ou MERATE s.r.o., jej konate\u013e figuruje v oboch firm\u00e1ch. Spolo\u010dnos\u0165 MERATE pritom z\u00edskala od mesta Ke\u017emarok z\u00e1kazky za viac ako 10 mili\u00f3nov eur.<\/p>\n\n\n\n<p><em>\u201ePrim\u00e1tor Feren\u010d\u00e1k zahmlieva, mot\u00e1 a vyhov\u00e1ra sa, no my chceme jasn\u00e9 odpovede. Ako je mo\u017en\u00e9, \u017ee po zmene \u00fazemn\u00e9ho pl\u00e1nu vznikne pr\u00e1ve jedna vy\u010dlenen\u00e1 parcela a t\u00e1 skon\u010d\u00ed vo firme prim\u00e1tora? A pre\u010do s\u00fa t\u00ed ist\u00ed \u013eudia prepojen\u00ed na firmy, ktor\u00e9 dost\u00e1vaj\u00fa mili\u00f3nov\u00e9 z\u00e1kazky od mesta?\u201c&nbsp;<\/em>uviedol predseda Demokratov Jaroslav Na\u010f.<\/p>\n\n\n\n<p><em>\u201eToto je uk\u00e1\u017ekov\u00fd pr\u00edklad toho, ako sa d\u00e1 obch\u00e1dza\u0165 konflikt z\u00e1ujmov. Prim\u00e1tor najsk\u00f4r obhajuje zmenu \u00fazemn\u00e9ho pl\u00e1nu a n\u00e1sledne sa k v\u00fdhodn\u00e9mu pozemku dostane cez prepojen\u00e9 osoby a firmy. Diabol sa skr\u00fdva v detailoch a tie dnes musia by\u0165 vysvetlen\u00e9,\u201c<\/em>&nbsp;doplnil podpredseda Juraj \u0160eliga.<\/p>\n\n\n\n<p>Demokrati klad\u00fa z\u00e1sadn\u00e9 ot\u00e1zky:<br>&nbsp; &nbsp; &nbsp; &nbsp; \u2022&nbsp; &nbsp; &nbsp; &nbsp;Ako akt\u00edvne prim\u00e1tor Feren\u010d\u00e1k loboval za zmenu \u00fazemn\u00e9ho pl\u00e1nu v roku 2022?<br>&nbsp; &nbsp; &nbsp; &nbsp; \u2022&nbsp; &nbsp; &nbsp; &nbsp;Ako sa parcela \u010d. 8319\/4 dostala z firmy Velneg do spolo\u010dnosti JAZUNA k.s.?<br>&nbsp; &nbsp; &nbsp; &nbsp; \u2022&nbsp; &nbsp; &nbsp; &nbsp;Pre\u010do bola vy\u010dlenen\u00e1 pr\u00e1ve t\u00e1to parcela a kto o tom rozhodol?<br>&nbsp; &nbsp; &nbsp; &nbsp; \u2022&nbsp; &nbsp; &nbsp; &nbsp;Ak\u00fd je presn\u00fd vz\u0165ah medzi firmami Velneg a MERATE, ktor\u00e9 s\u00fa prepojen\u00e9 na mestsk\u00e9 z\u00e1kazky?<br>&nbsp; &nbsp; &nbsp; &nbsp; \u2022&nbsp; &nbsp; &nbsp; &nbsp;Bola parcela najsk\u00f4r preveden\u00e1 na \u0161vagra prim\u00e1tora a n\u00e1sledne na jeho firmu?<br>&nbsp; &nbsp; &nbsp; &nbsp; \u2022&nbsp; &nbsp; &nbsp; &nbsp;Podal prim\u00e1tor Feren\u010d\u00e1k trestn\u00e9 ozn\u00e1menie na ministra vn\u00fatra Mat\u00fa\u0161a \u0160utaja E\u0161toka, ke\u010f tvrd\u00ed, \u017ee zneu\u017e\u00edva pol\u00edciu?<br>&nbsp; &nbsp; &nbsp; &nbsp; \u2022&nbsp; &nbsp; &nbsp; &nbsp;Alebo, obr\u00e1til sa na \u00darad na ochranu oznamovate\u013eov protispolo\u010denskej \u010dinnosti?<\/p>\n\n\n\n<p><em>\u201eAk prim\u00e1tor tvrd\u00ed, \u017ee nem\u00e1 probl\u00e9m v\u0161etko vysvetli\u0165, nech kone\u010dne zverejn\u00ed zmluvy a uk\u00e1\u017ee, za ak\u00fdch podmienok tento pozemok z\u00edskal. Verejnos\u0165 m\u00e1 pr\u00e1vo pozna\u0165 pravdu,\u201c<\/em>&nbsp;dodal Na\u010f.<\/p>\n\n\n\n<p>Demokrati z\u00e1rove\u0148 upozor\u0148uj\u00fa, \u017ee pod\u013ea dostupn\u00fdch inform\u00e1ci\u00ed sa pr\u00edpadom u\u017e m\u00f4\u017eu zaobera\u0165 org\u00e1ny \u010dinn\u00e9 v trestnom konan\u00ed. Ak prim\u00e1tor nedok\u00e1\u017ee tieto v\u00e1\u017ene podozrenia hodnoverne vysvetli\u0165, mal by zv\u00e1\u017ei\u0165 svoj odchod z verejn\u00e9ho \u017eivota.<\/p>\n\n\n\n<figure class=\"wp-block-embed is-type-video is-provider-youtube wp-block-embed-youtube wp-embed-aspect-16-9 wp-has-aspect-ratio\"><div class=\"wp-block-embed__wrapper\">\n<iframe title=\"Live: Pokra\u010dujeme: poslanec Feren\u010d\u00e1k n\u00e1s vyzval, aby sme prehovorili, ak nie\u010do vieme. (\u010das\u0165 2.)\" width=\"500\" height=\"281\" src=\"https:\/\/www.youtube.com\/embed\/gdMuoi6YRPQ?feature=oembed\" frameborder=\"0\" allow=\"accelerometer; autoplay; clipboard-write; encrypted-media; gyroscope; picture-in-picture; web-share\" referrerpolicy=\"strict-origin-when-cross-origin\" allowfullscreen><\/iframe>\n<\/div><\/figure>\n","protected":false},"excerpt":{"rendered":"<p>Demokrati odhalili \u010fal\u0161ie v\u00e1\u017ene podozrenia z konfliktu z\u00e1ujmov a mo\u017en\u00e9ho zneu\u017eitia funkcie prim\u00e1tora Ke\u017emarku J\u00e1na Feren\u010d\u00e1ka. Ide o pr\u00edpad lukrat\u00edvneho stavebn\u00e9ho pozemku, ku ktor\u00e9mu sa dostala Feren\u010d\u00e1kova firma po tom, \u010do mesto zmenilo \u00fazemn\u00fd pl\u00e1n. Pozemok v lokalite Pradiare\u0148, \u010das\u0165 \u201eNad cestou\u201c bol p\u00f4vodne pole. V roku 2022 firma Velneg s.r.o. po\u017eiadala o zmenu \u00fazemn\u00e9ho [&hellip;]<\/p>\n","protected":false},"author":13,"featured_media":9048,"comment_status":"closed","ping_status":"closed","sticky":false,"template":"","format":"standard","meta":{"_acf_changed":false,"ngg_post_thumbnail":0,"footnotes":""},"categories":[4],"tags":[],"class_list":["post-9047","post","type-post","status-publish","format-standard","has-post-thumbnail","hentry","category-tlacove-spravy"],"acf":[],"yoast_head":"<!-- This site is optimized with the Yoast SEO plugin v27.2 - https:\/\/yoast.com\/product\/yoast-seo-wordpress\/ -->\n<title>Demokrati odha\u013euj\u00fa \u010fal\u0161ie inform\u00e1cie: Prim\u00e1tor Feren\u010d\u00e1k z\u00edskal lukrat\u00edvny pozemok od firmy, ktor\u00e1 v Ke\u017emarku z\u00edskala mili\u00f3nov\u00e9 z\u00e1kazky<\/title>\n<meta name=\"robots\" content=\"index, follow, max-snippet:-1, max-image-preview:large, max-video-preview:-1\" \/>\n<link rel=\"canonical\" href=\"https:\/\/www.smedemokrati.sk\/sv\/demokrati-odhaluju-dalsie-informacie-primator-ferencak-ziskal-lukrativny-pozemok-od-firmy-ktora-v-kezmarku-ziskala-milionove-zakazky\/\" \/>\n<meta property=\"og:locale\" content=\"sv_SE\" \/>\n<meta property=\"og:locale:alternate\" content=\"en_US\" \/>\n<meta property=\"og:locale:alternate\" content=\"cs_CZ\" \/>\n<meta property=\"og:locale:alternate\" content=\"hu_HU\" \/>\n<meta property=\"og:locale:alternate\" content=\"sk_SK\" \/>\n<meta property=\"og:type\" content=\"article\" \/>\n<meta property=\"og:title\" content=\"Demokrati odha\u013euj\u00fa \u010fal\u0161ie inform\u00e1cie: Prim\u00e1tor Feren\u010d\u00e1k z\u00edskal lukrat\u00edvny pozemok od firmy, ktor\u00e1 v Ke\u017emarku z\u00edskala mili\u00f3nov\u00e9 z\u00e1kazky\" \/>\n<meta property=\"og:description\" content=\"Demokrati odhalili \u010fal\u0161ie v\u00e1\u017ene podozrenia z konfliktu z\u00e1ujmov a mo\u017en\u00e9ho zneu\u017eitia funkcie prim\u00e1tora Ke\u017emarku J\u00e1na Feren\u010d\u00e1ka. Ide o pr\u00edpad lukrat\u00edvneho stavebn\u00e9ho pozemku, ku ktor\u00e9mu sa dostala Feren\u010d\u00e1kova firma po tom, \u010do mesto zmenilo \u00fazemn\u00fd pl\u00e1n. Pozemok v lokalite Pradiare\u0148, \u010das\u0165 \u201eNad cestou\u201c bol p\u00f4vodne pole. V roku 2022 firma Velneg s.r.o. po\u017eiadala o zmenu \u00fazemn\u00e9ho [&hellip;]\" \/>\n<meta property=\"og:url\" content=\"https:\/\/www.smedemokrati.sk\/sv\/demokrati-odhaluju-dalsie-informacie-primator-ferencak-ziskal-lukrativny-pozemok-od-firmy-ktora-v-kezmarku-ziskala-milionove-zakazky\/\" \/>\n<meta property=\"og:site_name\" content=\"Smedemokrati.sk\" \/>\n<meta property=\"article:publisher\" content=\"https:\/\/www.facebook.com\/smedemokrati2023\" \/>\n<meta property=\"article:published_time\" content=\"2026-03-19T12:51:01+00:00\" \/>\n<meta property=\"og:image\" content=\"https:\/\/www.smedemokrati.sk\/wp-content\/uploads\/2026\/03\/651322185_26068851289451375_1907603316057987049_n-1.jpg\" \/>\n\t<meta property=\"og:image:width\" content=\"1920\" \/>\n\t<meta property=\"og:image:height\" content=\"1080\" \/>\n\t<meta property=\"og:image:type\" content=\"image\/jpeg\" \/>\n<meta name=\"author\" content=\"miro.sopko\" \/>\n<meta name=\"twitter:card\" content=\"summary_large_image\" \/>\n<meta name=\"twitter:label1\" content=\"Skriven av\" \/>\n\t<meta name=\"twitter:data1\" content=\"miro.sopko\" \/>\n\t<meta name=\"twitter:label2\" content=\"Ber\u00e4knad l\u00e4stid\" \/>\n\t<meta name=\"twitter:data2\" content=\"3 minuter\" \/>\n<script type=\"application\/ld+json\" class=\"yoast-schema-graph\">{\"@context\":\"https:\/\/schema.org\",\"@graph\":[{\"@type\":\"Article\",\"@id\":\"https:\/\/www.smedemokrati.sk\/demokrati-odhaluju-dalsie-informacie-primator-ferencak-ziskal-lukrativny-pozemok-od-firmy-ktora-v-kezmarku-ziskala-milionove-zakazky\/#article\",\"isPartOf\":{\"@id\":\"https:\/\/www.smedemokrati.sk\/demokrati-odhaluju-dalsie-informacie-primator-ferencak-ziskal-lukrativny-pozemok-od-firmy-ktora-v-kezmarku-ziskala-milionove-zakazky\/\"},\"author\":{\"name\":\"miro.sopko\",\"@id\":\"https:\/\/www.smedemokrati.sk\/#\/schema\/person\/21f147c88d605aa7ded900e1e7c344ba\"},\"headline\":\"Demokrati odha\u013euj\u00fa \u010fal\u0161ie inform\u00e1cie: Prim\u00e1tor Feren\u010d\u00e1k z\u00edskal lukrat\u00edvny pozemok od firmy, ktor\u00e1 v Ke\u017emarku z\u00edskala mili\u00f3nov\u00e9 z\u00e1kazky\",\"datePublished\":\"2026-03-19T12:51:01+00:00\",\"mainEntityOfPage\":{\"@id\":\"https:\/\/www.smedemokrati.sk\/demokrati-odhaluju-dalsie-informacie-primator-ferencak-ziskal-lukrativny-pozemok-od-firmy-ktora-v-kezmarku-ziskala-milionove-zakazky\/\"},\"wordCount\":678,\"publisher\":{\"@id\":\"https:\/\/www.smedemokrati.sk\/#organization\"},\"image\":{\"@id\":\"https:\/\/www.smedemokrati.sk\/demokrati-odhaluju-dalsie-informacie-primator-ferencak-ziskal-lukrativny-pozemok-od-firmy-ktora-v-kezmarku-ziskala-milionove-zakazky\/#primaryimage\"},\"thumbnailUrl\":\"https:\/\/www.smedemokrati.sk\/wp-content\/uploads\/2026\/03\/651322185_26068851289451375_1907603316057987049_n-1.jpg\",\"articleSection\":[\"Tla\u010dov\u00e9 spr\u00e1vy\"],\"inLanguage\":\"sv-SE\"},{\"@type\":\"WebPage\",\"@id\":\"https:\/\/www.smedemokrati.sk\/demokrati-odhaluju-dalsie-informacie-primator-ferencak-ziskal-lukrativny-pozemok-od-firmy-ktora-v-kezmarku-ziskala-milionove-zakazky\/\",\"url\":\"https:\/\/www.smedemokrati.sk\/demokrati-odhaluju-dalsie-informacie-primator-ferencak-ziskal-lukrativny-pozemok-od-firmy-ktora-v-kezmarku-ziskala-milionove-zakazky\/\",\"name\":\"Demokrati odha\u013euj\u00fa \u010fal\u0161ie inform\u00e1cie: Prim\u00e1tor Feren\u010d\u00e1k z\u00edskal lukrat\u00edvny pozemok od firmy, ktor\u00e1 v Ke\u017emarku z\u00edskala mili\u00f3nov\u00e9 z\u00e1kazky\",\"isPartOf\":{\"@id\":\"https:\/\/www.smedemokrati.sk\/#website\"},\"primaryImageOfPage\":{\"@id\":\"https:\/\/www.smedemokrati.sk\/demokrati-odhaluju-dalsie-informacie-primator-ferencak-ziskal-lukrativny-pozemok-od-firmy-ktora-v-kezmarku-ziskala-milionove-zakazky\/#primaryimage\"},\"image\":{\"@id\":\"https:\/\/www.smedemokrati.sk\/demokrati-odhaluju-dalsie-informacie-primator-ferencak-ziskal-lukrativny-pozemok-od-firmy-ktora-v-kezmarku-ziskala-milionove-zakazky\/#primaryimage\"},\"thumbnailUrl\":\"https:\/\/www.smedemokrati.sk\/wp-content\/uploads\/2026\/03\/651322185_26068851289451375_1907603316057987049_n-1.jpg\",\"datePublished\":\"2026-03-19T12:51:01+00:00\",\"breadcrumb\":{\"@id\":\"https:\/\/www.smedemokrati.sk\/demokrati-odhaluju-dalsie-informacie-primator-ferencak-ziskal-lukrativny-pozemok-od-firmy-ktora-v-kezmarku-ziskala-milionove-zakazky\/#breadcrumb\"},\"inLanguage\":\"sv-SE\",\"potentialAction\":[{\"@type\":\"ReadAction\",\"target\":[\"https:\/\/www.smedemokrati.sk\/demokrati-odhaluju-dalsie-informacie-primator-ferencak-ziskal-lukrativny-pozemok-od-firmy-ktora-v-kezmarku-ziskala-milionove-zakazky\/\"]}]},{\"@type\":\"ImageObject\",\"inLanguage\":\"sv-SE\",\"@id\":\"https:\/\/www.smedemokrati.sk\/demokrati-odhaluju-dalsie-informacie-primator-ferencak-ziskal-lukrativny-pozemok-od-firmy-ktora-v-kezmarku-ziskala-milionove-zakazky\/#primaryimage\",\"url\":\"https:\/\/www.smedemokrati.sk\/wp-content\/uploads\/2026\/03\/651322185_26068851289451375_1907603316057987049_n-1.jpg\",\"contentUrl\":\"https:\/\/www.smedemokrati.sk\/wp-content\/uploads\/2026\/03\/651322185_26068851289451375_1907603316057987049_n-1.jpg\",\"width\":1920,\"height\":1080},{\"@type\":\"BreadcrumbList\",\"@id\":\"https:\/\/www.smedemokrati.sk\/demokrati-odhaluju-dalsie-informacie-primator-ferencak-ziskal-lukrativny-pozemok-od-firmy-ktora-v-kezmarku-ziskala-milionove-zakazky\/#breadcrumb\",\"itemListElement\":[{\"@type\":\"ListItem\",\"position\":1,\"name\":\"Domovsk\u00e1 str\u00e1nka\",\"item\":\"https:\/\/www.smedemokrati.sk\/\"},{\"@type\":\"ListItem\",\"position\":2,\"name\":\"Demokrati odha\u013euj\u00fa \u010fal\u0161ie inform\u00e1cie: Prim\u00e1tor Feren\u010d\u00e1k z\u00edskal lukrat\u00edvny pozemok od firmy, ktor\u00e1 v Ke\u017emarku z\u00edskala mili\u00f3nov\u00e9 z\u00e1kazky\"}]},{\"@type\":\"WebSite\",\"@id\":\"https:\/\/www.smedemokrati.sk\/#website\",\"url\":\"https:\/\/www.smedemokrati.sk\/\",\"name\":\"Smedemokrati.sk\",\"description\":\"Demokracia a slu\u0161nos\u0165 zv\u00ed\u0165az\u00ed\",\"publisher\":{\"@id\":\"https:\/\/www.smedemokrati.sk\/#organization\"},\"potentialAction\":[{\"@type\":\"SearchAction\",\"target\":{\"@type\":\"EntryPoint\",\"urlTemplate\":\"https:\/\/www.smedemokrati.sk\/?s={search_term_string}\"},\"query-input\":{\"@type\":\"PropertyValueSpecification\",\"valueRequired\":true,\"valueName\":\"search_term_string\"}}],\"inLanguage\":\"sv-SE\"},{\"@type\":\"Organization\",\"@id\":\"https:\/\/www.smedemokrati.sk\/#organization\",\"name\":\"Smedemokrati.sk\",\"url\":\"https:\/\/www.smedemokrati.sk\/\",\"logo\":{\"@type\":\"ImageObject\",\"inLanguage\":\"sv-SE\",\"@id\":\"https:\/\/www.smedemokrati.sk\/#\/schema\/logo\/image\/\",\"url\":\"https:\/\/www.smedemokrati.sk\/wp-content\/uploads\/2023\/04\/ff.002.jpeg\",\"contentUrl\":\"https:\/\/www.smedemokrati.sk\/wp-content\/uploads\/2023\/04\/ff.002.jpeg\",\"width\":640,\"height\":480,\"caption\":\"Smedemokrati.sk\"},\"image\":{\"@id\":\"https:\/\/www.smedemokrati.sk\/#\/schema\/logo\/image\/\"},\"sameAs\":[\"https:\/\/www.facebook.com\/smedemokrati2023\"]},{\"@type\":\"Person\",\"@id\":\"https:\/\/www.smedemokrati.sk\/#\/schema\/person\/21f147c88d605aa7ded900e1e7c344ba\",\"name\":\"miro.sopko\",\"image\":{\"@type\":\"ImageObject\",\"inLanguage\":\"sv-SE\",\"@id\":\"https:\/\/secure.gravatar.com\/avatar\/267e4a36f704376c109afe3a78740c1f5dd8675a2180a908699e7863c9247606?s=96&d=mm&r=g\",\"url\":\"https:\/\/secure.gravatar.com\/avatar\/267e4a36f704376c109afe3a78740c1f5dd8675a2180a908699e7863c9247606?s=96&d=mm&r=g\",\"contentUrl\":\"https:\/\/secure.gravatar.com\/avatar\/267e4a36f704376c109afe3a78740c1f5dd8675a2180a908699e7863c9247606?s=96&d=mm&r=g\",\"caption\":\"miro.sopko\"},\"url\":\"https:\/\/www.smedemokrati.sk\/sv\/author\/miro-sopko\/\"}]}<\/script>\n<!-- \/ Yoast SEO plugin. -->","yoast_head_json":{"title":"Demokrati odha\u013euj\u00fa \u010fal\u0161ie inform\u00e1cie: Prim\u00e1tor Feren\u010d\u00e1k z\u00edskal lukrat\u00edvny pozemok od firmy, ktor\u00e1 v Ke\u017emarku z\u00edskala mili\u00f3nov\u00e9 z\u00e1kazky","robots":{"index":"index","follow":"follow","max-snippet":"max-snippet:-1","max-image-preview":"max-image-preview:large","max-video-preview":"max-video-preview:-1"},"canonical":"https:\/\/www.smedemokrati.sk\/sv\/demokrati-odhaluju-dalsie-informacie-primator-ferencak-ziskal-lukrativny-pozemok-od-firmy-ktora-v-kezmarku-ziskala-milionove-zakazky\/","og_locale":"sv_SE","og_type":"article","og_title":"[:sk]Demokrati odha\u013euj\u00fa \u010fal\u0161ie inform\u00e1cie: Prim\u00e1tor Feren\u010d\u00e1k z\u00edskal lukrat\u00edvny pozemok od firmy, ktor\u00e1 v Ke\u017emarku z\u00edskala mili\u00f3nov\u00e9 z\u00e1kazky[:] - Smedemokrati.sk","og_description":"Demokrati odhalili \u010fal\u0161ie v\u00e1\u017ene podozrenia z konfliktu z\u00e1ujmov a mo\u017en\u00e9ho zneu\u017eitia funkcie prim\u00e1tora Ke\u017emarku J\u00e1na Feren\u010d\u00e1ka. Ide o pr\u00edpad lukrat\u00edvneho stavebn\u00e9ho pozemku, ku ktor\u00e9mu sa dostala Feren\u010d\u00e1kova firma po tom, \u010do mesto zmenilo \u00fazemn\u00fd pl\u00e1n. Pozemok v lokalite Pradiare\u0148, \u010das\u0165 \u201eNad cestou\u201c bol p\u00f4vodne pole. V roku 2022 firma Velneg s.r.o. po\u017eiadala o zmenu \u00fazemn\u00e9ho [&hellip;]","og_url":"https:\/\/www.smedemokrati.sk\/sv\/demokrati-odhaluju-dalsie-informacie-primator-ferencak-ziskal-lukrativny-pozemok-od-firmy-ktora-v-kezmarku-ziskala-milionove-zakazky\/","og_site_name":"Smedemokrati.sk","article_publisher":"https:\/\/www.facebook.com\/smedemokrati2023","article_published_time":"2026-03-19T12:51:01+00:00","og_image":[{"width":1920,"height":1080,"url":"https:\/\/www.smedemokrati.sk\/wp-content\/uploads\/2026\/03\/651322185_26068851289451375_1907603316057987049_n-1.jpg","type":"image\/jpeg"}],"author":"miro.sopko","twitter_card":"summary_large_image","twitter_misc":{"Skriven av":"miro.sopko","Ber\u00e4knad l\u00e4stid":"3 minuter"},"schema":{"@context":"https:\/\/schema.org","@graph":[{"@type":"Article","@id":"https:\/\/www.smedemokrati.sk\/demokrati-odhaluju-dalsie-informacie-primator-ferencak-ziskal-lukrativny-pozemok-od-firmy-ktora-v-kezmarku-ziskala-milionove-zakazky\/#article","isPartOf":{"@id":"https:\/\/www.smedemokrati.sk\/demokrati-odhaluju-dalsie-informacie-primator-ferencak-ziskal-lukrativny-pozemok-od-firmy-ktora-v-kezmarku-ziskala-milionove-zakazky\/"},"author":{"name":"miro.sopko","@id":"https:\/\/www.smedemokrati.sk\/#\/schema\/person\/21f147c88d605aa7ded900e1e7c344ba"},"headline":"Demokrati odha\u013euj\u00fa \u010fal\u0161ie inform\u00e1cie: Prim\u00e1tor Feren\u010d\u00e1k z\u00edskal lukrat\u00edvny pozemok od firmy, ktor\u00e1 v Ke\u017emarku z\u00edskala mili\u00f3nov\u00e9 z\u00e1kazky","datePublished":"2026-03-19T12:51:01+00:00","mainEntityOfPage":{"@id":"https:\/\/www.smedemokrati.sk\/demokrati-odhaluju-dalsie-informacie-primator-ferencak-ziskal-lukrativny-pozemok-od-firmy-ktora-v-kezmarku-ziskala-milionove-zakazky\/"},"wordCount":678,"publisher":{"@id":"https:\/\/www.smedemokrati.sk\/#organization"},"image":{"@id":"https:\/\/www.smedemokrati.sk\/demokrati-odhaluju-dalsie-informacie-primator-ferencak-ziskal-lukrativny-pozemok-od-firmy-ktora-v-kezmarku-ziskala-milionove-zakazky\/#primaryimage"},"thumbnailUrl":"https:\/\/www.smedemokrati.sk\/wp-content\/uploads\/2026\/03\/651322185_26068851289451375_1907603316057987049_n-1.jpg","articleSection":["Tla\u010dov\u00e9 spr\u00e1vy"],"inLanguage":"sv-SE"},{"@type":"WebPage","@id":"https:\/\/www.smedemokrati.sk\/demokrati-odhaluju-dalsie-informacie-primator-ferencak-ziskal-lukrativny-pozemok-od-firmy-ktora-v-kezmarku-ziskala-milionove-zakazky\/","url":"https:\/\/www.smedemokrati.sk\/demokrati-odhaluju-dalsie-informacie-primator-ferencak-ziskal-lukrativny-pozemok-od-firmy-ktora-v-kezmarku-ziskala-milionove-zakazky\/","name":"Demokrati odha\u013euj\u00fa \u010fal\u0161ie inform\u00e1cie: Prim\u00e1tor Feren\u010d\u00e1k z\u00edskal lukrat\u00edvny pozemok od firmy, ktor\u00e1 v Ke\u017emarku z\u00edskala mili\u00f3nov\u00e9 z\u00e1kazky","isPartOf":{"@id":"https:\/\/www.smedemokrati.sk\/#website"},"primaryImageOfPage":{"@id":"https:\/\/www.smedemokrati.sk\/demokrati-odhaluju-dalsie-informacie-primator-ferencak-ziskal-lukrativny-pozemok-od-firmy-ktora-v-kezmarku-ziskala-milionove-zakazky\/#primaryimage"},"image":{"@id":"https:\/\/www.smedemokrati.sk\/demokrati-odhaluju-dalsie-informacie-primator-ferencak-ziskal-lukrativny-pozemok-od-firmy-ktora-v-kezmarku-ziskala-milionove-zakazky\/#primaryimage"},"thumbnailUrl":"https:\/\/www.smedemokrati.sk\/wp-content\/uploads\/2026\/03\/651322185_26068851289451375_1907603316057987049_n-1.jpg","datePublished":"2026-03-19T12:51:01+00:00","breadcrumb":{"@id":"https:\/\/www.smedemokrati.sk\/demokrati-odhaluju-dalsie-informacie-primator-ferencak-ziskal-lukrativny-pozemok-od-firmy-ktora-v-kezmarku-ziskala-milionove-zakazky\/#breadcrumb"},"inLanguage":"sv-SE","potentialAction":[{"@type":"ReadAction","target":["https:\/\/www.smedemokrati.sk\/demokrati-odhaluju-dalsie-informacie-primator-ferencak-ziskal-lukrativny-pozemok-od-firmy-ktora-v-kezmarku-ziskala-milionove-zakazky\/"]}]},{"@type":"ImageObject","inLanguage":"sv-SE","@id":"https:\/\/www.smedemokrati.sk\/demokrati-odhaluju-dalsie-informacie-primator-ferencak-ziskal-lukrativny-pozemok-od-firmy-ktora-v-kezmarku-ziskala-milionove-zakazky\/#primaryimage","url":"https:\/\/www.smedemokrati.sk\/wp-content\/uploads\/2026\/03\/651322185_26068851289451375_1907603316057987049_n-1.jpg","contentUrl":"https:\/\/www.smedemokrati.sk\/wp-content\/uploads\/2026\/03\/651322185_26068851289451375_1907603316057987049_n-1.jpg","width":1920,"height":1080},{"@type":"BreadcrumbList","@id":"https:\/\/www.smedemokrati.sk\/demokrati-odhaluju-dalsie-informacie-primator-ferencak-ziskal-lukrativny-pozemok-od-firmy-ktora-v-kezmarku-ziskala-milionove-zakazky\/#breadcrumb","itemListElement":[{"@type":"ListItem","position":1,"name":"Domovsk\u00e1 str\u00e1nka","item":"https:\/\/www.smedemokrati.sk\/"},{"@type":"ListItem","position":2,"name":"Demokrati odha\u013euj\u00fa \u010fal\u0161ie inform\u00e1cie: Prim\u00e1tor Feren\u010d\u00e1k z\u00edskal lukrat\u00edvny pozemok od firmy, ktor\u00e1 v Ke\u017emarku z\u00edskala mili\u00f3nov\u00e9 z\u00e1kazky"}]},{"@type":"WebSite","@id":"https:\/\/www.smedemokrati.sk\/#website","url":"https:\/\/www.smedemokrati.sk\/","name":"Smedemokrati.sk","description":"Demokracia a slu\u0161nos\u0165 zv\u00ed\u0165az\u00ed","publisher":{"@id":"https:\/\/www.smedemokrati.sk\/#organization"},"potentialAction":[{"@type":"SearchAction","target":{"@type":"EntryPoint","urlTemplate":"https:\/\/www.smedemokrati.sk\/?s={search_term_string}"},"query-input":{"@type":"PropertyValueSpecification","valueRequired":true,"valueName":"search_term_string"}}],"inLanguage":"sv-SE"},{"@type":"Organization","@id":"https:\/\/www.smedemokrati.sk\/#organization","name":"Smedemokrati.sk","url":"https:\/\/www.smedemokrati.sk\/","logo":{"@type":"ImageObject","inLanguage":"sv-SE","@id":"https:\/\/www.smedemokrati.sk\/#\/schema\/logo\/image\/","url":"https:\/\/www.smedemokrati.sk\/wp-content\/uploads\/2023\/04\/ff.002.jpeg","contentUrl":"https:\/\/www.smedemokrati.sk\/wp-content\/uploads\/2023\/04\/ff.002.jpeg","width":640,"height":480,"caption":"Smedemokrati.sk"},"image":{"@id":"https:\/\/www.smedemokrati.sk\/#\/schema\/logo\/image\/"},"sameAs":["https:\/\/www.facebook.com\/smedemokrati2023"]},{"@type":"Person","@id":"https:\/\/www.smedemokrati.sk\/#\/schema\/person\/21f147c88d605aa7ded900e1e7c344ba","name":"miro.sopko","image":{"@type":"ImageObject","inLanguage":"sv-SE","@id":"https:\/\/secure.gravatar.com\/avatar\/267e4a36f704376c109afe3a78740c1f5dd8675a2180a908699e7863c9247606?s=96&d=mm&r=g","url":"https:\/\/secure.gravatar.com\/avatar\/267e4a36f704376c109afe3a78740c1f5dd8675a2180a908699e7863c9247606?s=96&d=mm&r=g","contentUrl":"https:\/\/secure.gravatar.com\/avatar\/267e4a36f704376c109afe3a78740c1f5dd8675a2180a908699e7863c9247606?s=96&d=mm&r=g","caption":"miro.sopko"},"url":"https:\/\/www.smedemokrati.sk\/sv\/author\/miro-sopko\/"}]}},"_links":{"self":[{"href":"https:\/\/www.smedemokrati.sk\/sv\/wp-json\/wp\/v2\/posts\/9047","targetHints":{"allow":["GET"]}}],"collection":[{"href":"https:\/\/www.smedemokrati.sk\/sv\/wp-json\/wp\/v2\/posts"}],"about":[{"href":"https:\/\/www.smedemokrati.sk\/sv\/wp-json\/wp\/v2\/types\/post"}],"author":[{"embeddable":true,"href":"https:\/\/www.smedemokrati.sk\/sv\/wp-json\/wp\/v2\/users\/13"}],"replies":[{"embeddable":true,"href":"https:\/\/www.smedemokrati.sk\/sv\/wp-json\/wp\/v2\/comments?post=9047"}],"version-history":[{"count":1,"href":"https:\/\/www.smedemokrati.sk\/sv\/wp-json\/wp\/v2\/posts\/9047\/revisions"}],"predecessor-version":[{"id":9049,"href":"https:\/\/www.smedemokrati.sk\/sv\/wp-json\/wp\/v2\/posts\/9047\/revisions\/9049"}],"wp:featuredmedia":[{"embeddable":true,"href":"https:\/\/www.smedemokrati.sk\/sv\/wp-json\/wp\/v2\/media\/9048"}],"wp:attachment":[{"href":"https:\/\/www.smedemokrati.sk\/sv\/wp-json\/wp\/v2\/media?parent=9047"}],"wp:term":[{"taxonomy":"category","embeddable":true,"href":"https:\/\/www.smedemokrati.sk\/sv\/wp-json\/wp\/v2\/categories?post=9047"},{"taxonomy":"post_tag","embeddable":true,"href":"https:\/\/www.smedemokrati.sk\/sv\/wp-json\/wp\/v2\/tags?post=9047"}],"curies":[{"name":"wp","href":"https:\/\/api.w.org\/{rel}","templated":true}]}}