{"id":9034,"date":"2026-03-17T12:46:03","date_gmt":"2026-03-17T11:46:03","guid":{"rendered":"https:\/\/www.smedemokrati.sk\/?p=9034"},"modified":"2026-03-17T12:46:19","modified_gmt":"2026-03-17T11:46:19","slug":"fico-urazil-tisice-odbornikov-socialna-praca-nie-je-strata-casu-ale-zachranna-siet-statu","status":"publish","type":"post","link":"https:\/\/www.smedemokrati.sk\/sv\/fico-urazil-tisice-odbornikov-socialna-praca-nie-je-strata-casu-ale-zachranna-siet-statu\/","title":{"rendered":"Fico urazil tis\u00edce odborn\u00edkov. Soci\u00e1lna pr\u00e1ca nie je strata \u010dasu, ale z\u00e1chrann\u00e1 sie\u0165 \u0161t\u00e1tu"},"content":{"rendered":"<div id=\"fb-root\"><\/div>\n\n<p><strong>Strana Demokrati pri pr\u00edle\u017eitosti Svetov\u00e9ho d\u0148a soci\u00e1lnej pr\u00e1ce vyjadruje hlbok\u00fa \u00factu a v\u010faku v\u0161etk\u00fdm soci\u00e1lnym pracovn\u00ed\u010dkam a pracovn\u00edkom. Z\u00e1rove\u0148 ostro odsudzuje v\u00fdroky premi\u00e9ra Roberta Fica, ktor\u00fd \u0161t\u00fadium tohto odboru ozna\u010dil za \u201estratu \u010dasu\u201c. Expertka strany na soci\u00e1lne veci Nat\u00e1lia Blahov\u00e1 upozor\u0148uje, \u017ee t\u00e1to r\u00e9torika v kombin\u00e1cii s neodborn\u00fdmi reformami likviduje pomoc pre najzranite\u013enej\u0161\u00edch.<\/strong><\/p>\n\n\n\n<p>Tret\u00ed marcov\u00fd utorok patr\u00ed celosvetovo oslave profesie, ktor\u00e1 je pilierom modernej spolo\u010dnosti. Soci\u00e1lni pracovn\u00edci denne rie\u0161ia kr\u00edzov\u00e9 situ\u00e1cie, dom\u00e1ce n\u00e1silie \u010di pomoc \u013eu\u010fom so zdravotn\u00fdm postihnut\u00edm. Demokrati zd\u00f4raz\u0148uj\u00fa, \u017ee ide o vysoko odborn\u00fa \u010dinnos\u0165 v r\u00e1mci multiprofesijn\u00fdch t\u00edmov, kde s\u00fa soci\u00e1lni pracovn\u00edci \u010dasto prv\u00fdm z\u00e1chytn\u00fdm bodom pre rodiny v n\u00fadzi.<\/p>\n\n\n\n<p>Nat\u00e1lia Blahov\u00e1, expertka Demokratov na soci\u00e1lne veci, reaguje na \u00fatoky vl\u00e1dnej moci:<\/p>\n\n\n\n<p><em>\u201eTvrdenie Roberta Fica, \u017ee \u0161t\u00fadium soci\u00e1lnej pr\u00e1ce je strata \u010dasu, je prejavom hlbokej ne\u00facty a nepochopenia reality. Je to facka tis\u00edcom odborn\u00edkov, ktor\u00ed s obrovskou trpezlivos\u0165ou h\u013eadaj\u00fa rie\u0161enia tam, kde in\u00ed vidia bezn\u00e1dej. Poveda\u0165, \u017ee vzdelanie v tomto odbore je zbyto\u010dn\u00e9, m\u00f4\u017ee len niekto, kto \u00faplne stratil kontakt s \u013eu\u010fmi v n\u00fadzi a empatiu k ich osudom,\u201c uviedla Blahov\u00e1.<\/em><\/p>\n\n\n\n<p><em>Pod\u013ea Demokratov sa ignorancia vl\u00e1dy nekon\u010d\u00ed len pri slovn\u00fdch \u00fatokoch, ale premieta sa do konkr\u00e9tnych krokov, ktor\u00e9 zhor\u0161uj\u00fa \u017eivoty tis\u00edcok ob\u010danov.<\/em><\/p>\n\n\n\n<p><em>\u201eT\u00e1to vl\u00e1da si jednoducho nev\u00e1\u017ei soci\u00e1lnych pracovn\u00edkov ani t\u00fdch, ktor\u00ed sa obetavo staraj\u00fa o osoby s \u0164ZP. Jasne to vid\u00edme na zbabranej reforme integrovanej posudkovej \u010dinnosti, na ktor\u00fa dnes dopl\u00e1caj\u00fa tis\u00edce \u013eud\u00ed. Namiesto pomoci im \u0161t\u00e1t h\u00e1d\u017ee pod nohy byrokratick\u00e9 polen\u00e1 a ober\u00e1 ich o d\u00f4stojnos\u0165,\u201c<\/em>&nbsp;doplnila Nat\u00e1lia Blahov\u00e1 s t\u00fdm, \u017ee soci\u00e1lna pr\u00e1ca nie je hobby, ale n\u00e1ro\u010dn\u00e1 vedeck\u00e1 discipl\u00edna a slu\u017eba ob\u010danom.<\/p>\n\n\n\n<p>Strana Demokrati vyz\u00fdva vl\u00e1du, aby prestala s dehonest\u00e1ciou pom\u00e1haj\u00facich profesi\u00ed a zamerala sa na skuto\u010dn\u00e9 rie\u0161enia, ktor\u00e9 nebud\u00fa tresta\u0165 \u013eud\u00ed so zdravotn\u00fdm postihnut\u00edm za neschopnos\u0165 \u0161t\u00e1tu mana\u017eova\u0165 reformy.<\/p>\n","protected":false},"excerpt":{"rendered":"<p>Strana Demokrati pri pr\u00edle\u017eitosti Svetov\u00e9ho d\u0148a soci\u00e1lnej pr\u00e1ce vyjadruje hlbok\u00fa \u00factu a v\u010faku v\u0161etk\u00fdm soci\u00e1lnym pracovn\u00ed\u010dkam a pracovn\u00edkom. Z\u00e1rove\u0148 ostro odsudzuje v\u00fdroky premi\u00e9ra Roberta Fica, ktor\u00fd \u0161t\u00fadium tohto odboru ozna\u010dil za \u201estratu \u010dasu\u201c. Expertka strany na soci\u00e1lne veci Nat\u00e1lia Blahov\u00e1 upozor\u0148uje, \u017ee t\u00e1to r\u00e9torika v kombin\u00e1cii s neodborn\u00fdmi reformami likviduje pomoc pre najzranite\u013enej\u0161\u00edch. Tret\u00ed marcov\u00fd [&hellip;]<\/p>\n","protected":false},"author":13,"featured_media":9035,"comment_status":"closed","ping_status":"closed","sticky":false,"template":"","format":"standard","meta":{"_acf_changed":false,"ngg_post_thumbnail":0,"footnotes":""},"categories":[4],"tags":[],"class_list":["post-9034","post","type-post","status-publish","format-standard","has-post-thumbnail","hentry","category-tlacove-spravy"],"acf":[],"yoast_head":"<!-- This site is optimized with the Yoast SEO plugin v27.2 - https:\/\/yoast.com\/product\/yoast-seo-wordpress\/ -->\n<title>Fico urazil tis\u00edce odborn\u00edkov. Soci\u00e1lna pr\u00e1ca nie je strata \u010dasu, ale z\u00e1chrann\u00e1 sie\u0165 \u0161t\u00e1tu<\/title>\n<meta name=\"robots\" content=\"index, follow, max-snippet:-1, max-image-preview:large, max-video-preview:-1\" \/>\n<link rel=\"canonical\" href=\"https:\/\/www.smedemokrati.sk\/sv\/fico-urazil-tisice-odbornikov-socialna-praca-nie-je-strata-casu-ale-zachranna-siet-statu\/\" \/>\n<meta property=\"og:locale\" content=\"sv_SE\" \/>\n<meta property=\"og:locale:alternate\" content=\"en_US\" \/>\n<meta property=\"og:locale:alternate\" content=\"cs_CZ\" \/>\n<meta property=\"og:locale:alternate\" content=\"hu_HU\" \/>\n<meta property=\"og:locale:alternate\" content=\"sk_SK\" \/>\n<meta property=\"og:type\" content=\"article\" \/>\n<meta property=\"og:title\" content=\"Fico urazil tis\u00edce odborn\u00edkov. Soci\u00e1lna pr\u00e1ca nie je strata \u010dasu, ale z\u00e1chrann\u00e1 sie\u0165 \u0161t\u00e1tu\" \/>\n<meta property=\"og:description\" content=\"Strana Demokrati pri pr\u00edle\u017eitosti Svetov\u00e9ho d\u0148a soci\u00e1lnej pr\u00e1ce vyjadruje hlbok\u00fa \u00factu a v\u010faku v\u0161etk\u00fdm soci\u00e1lnym pracovn\u00ed\u010dkam a pracovn\u00edkom. Z\u00e1rove\u0148 ostro odsudzuje v\u00fdroky premi\u00e9ra Roberta Fica, ktor\u00fd \u0161t\u00fadium tohto odboru ozna\u010dil za \u201estratu \u010dasu\u201c. Expertka strany na soci\u00e1lne veci Nat\u00e1lia Blahov\u00e1 upozor\u0148uje, \u017ee t\u00e1to r\u00e9torika v kombin\u00e1cii s neodborn\u00fdmi reformami likviduje pomoc pre najzranite\u013enej\u0161\u00edch. Tret\u00ed marcov\u00fd [&hellip;]\" \/>\n<meta property=\"og:url\" content=\"https:\/\/www.smedemokrati.sk\/sv\/fico-urazil-tisice-odbornikov-socialna-praca-nie-je-strata-casu-ale-zachranna-siet-statu\/\" \/>\n<meta property=\"og:site_name\" content=\"Smedemokrati.sk\" \/>\n<meta property=\"article:publisher\" content=\"https:\/\/www.facebook.com\/smedemokrati2023\" \/>\n<meta property=\"article:published_time\" content=\"2026-03-17T11:46:03+00:00\" \/>\n<meta property=\"article:modified_time\" content=\"2026-03-17T11:46:19+00:00\" \/>\n<meta property=\"og:image\" content=\"https:\/\/www.smedemokrati.sk\/wp-content\/uploads\/2026\/03\/651749454_1465169384972813_4019084913867931132_n-e1773747953283.jpg\" \/>\n\t<meta property=\"og:image:width\" content=\"1925\" \/>\n\t<meta property=\"og:image:height\" content=\"1256\" \/>\n\t<meta property=\"og:image:type\" content=\"image\/jpeg\" \/>\n<meta name=\"author\" content=\"miro.sopko\" \/>\n<meta name=\"twitter:card\" content=\"summary_large_image\" \/>\n<meta name=\"twitter:label1\" content=\"Skriven av\" \/>\n\t<meta name=\"twitter:data1\" content=\"miro.sopko\" \/>\n\t<meta name=\"twitter:label2\" content=\"Ber\u00e4knad l\u00e4stid\" \/>\n\t<meta name=\"twitter:data2\" content=\"2 minuter\" \/>\n<script type=\"application\/ld+json\" class=\"yoast-schema-graph\">{\"@context\":\"https:\/\/schema.org\",\"@graph\":[{\"@type\":\"Article\",\"@id\":\"https:\/\/www.smedemokrati.sk\/fico-urazil-tisice-odbornikov-socialna-praca-nie-je-strata-casu-ale-zachranna-siet-statu\/#article\",\"isPartOf\":{\"@id\":\"https:\/\/www.smedemokrati.sk\/fico-urazil-tisice-odbornikov-socialna-praca-nie-je-strata-casu-ale-zachranna-siet-statu\/\"},\"author\":{\"name\":\"miro.sopko\",\"@id\":\"https:\/\/www.smedemokrati.sk\/#\/schema\/person\/21f147c88d605aa7ded900e1e7c344ba\"},\"headline\":\"Fico urazil tis\u00edce odborn\u00edkov. Soci\u00e1lna pr\u00e1ca nie je strata \u010dasu, ale z\u00e1chrann\u00e1 sie\u0165 \u0161t\u00e1tu\",\"datePublished\":\"2026-03-17T11:46:03+00:00\",\"dateModified\":\"2026-03-17T11:46:19+00:00\",\"mainEntityOfPage\":{\"@id\":\"https:\/\/www.smedemokrati.sk\/fico-urazil-tisice-odbornikov-socialna-praca-nie-je-strata-casu-ale-zachranna-siet-statu\/\"},\"wordCount\":415,\"publisher\":{\"@id\":\"https:\/\/www.smedemokrati.sk\/#organization\"},\"image\":{\"@id\":\"https:\/\/www.smedemokrati.sk\/fico-urazil-tisice-odbornikov-socialna-praca-nie-je-strata-casu-ale-zachranna-siet-statu\/#primaryimage\"},\"thumbnailUrl\":\"https:\/\/www.smedemokrati.sk\/wp-content\/uploads\/2026\/03\/651749454_1465169384972813_4019084913867931132_n-e1773747953283.jpg\",\"articleSection\":[\"Tla\u010dov\u00e9 spr\u00e1vy\"],\"inLanguage\":\"sv-SE\"},{\"@type\":\"WebPage\",\"@id\":\"https:\/\/www.smedemokrati.sk\/fico-urazil-tisice-odbornikov-socialna-praca-nie-je-strata-casu-ale-zachranna-siet-statu\/\",\"url\":\"https:\/\/www.smedemokrati.sk\/fico-urazil-tisice-odbornikov-socialna-praca-nie-je-strata-casu-ale-zachranna-siet-statu\/\",\"name\":\"Fico urazil tis\u00edce odborn\u00edkov. Soci\u00e1lna pr\u00e1ca nie je strata \u010dasu, ale z\u00e1chrann\u00e1 sie\u0165 \u0161t\u00e1tu\",\"isPartOf\":{\"@id\":\"https:\/\/www.smedemokrati.sk\/#website\"},\"primaryImageOfPage\":{\"@id\":\"https:\/\/www.smedemokrati.sk\/fico-urazil-tisice-odbornikov-socialna-praca-nie-je-strata-casu-ale-zachranna-siet-statu\/#primaryimage\"},\"image\":{\"@id\":\"https:\/\/www.smedemokrati.sk\/fico-urazil-tisice-odbornikov-socialna-praca-nie-je-strata-casu-ale-zachranna-siet-statu\/#primaryimage\"},\"thumbnailUrl\":\"https:\/\/www.smedemokrati.sk\/wp-content\/uploads\/2026\/03\/651749454_1465169384972813_4019084913867931132_n-e1773747953283.jpg\",\"datePublished\":\"2026-03-17T11:46:03+00:00\",\"dateModified\":\"2026-03-17T11:46:19+00:00\",\"breadcrumb\":{\"@id\":\"https:\/\/www.smedemokrati.sk\/fico-urazil-tisice-odbornikov-socialna-praca-nie-je-strata-casu-ale-zachranna-siet-statu\/#breadcrumb\"},\"inLanguage\":\"sv-SE\",\"potentialAction\":[{\"@type\":\"ReadAction\",\"target\":[\"https:\/\/www.smedemokrati.sk\/fico-urazil-tisice-odbornikov-socialna-praca-nie-je-strata-casu-ale-zachranna-siet-statu\/\"]}]},{\"@type\":\"ImageObject\",\"inLanguage\":\"sv-SE\",\"@id\":\"https:\/\/www.smedemokrati.sk\/fico-urazil-tisice-odbornikov-socialna-praca-nie-je-strata-casu-ale-zachranna-siet-statu\/#primaryimage\",\"url\":\"https:\/\/www.smedemokrati.sk\/wp-content\/uploads\/2026\/03\/651749454_1465169384972813_4019084913867931132_n-e1773747953283.jpg\",\"contentUrl\":\"https:\/\/www.smedemokrati.sk\/wp-content\/uploads\/2026\/03\/651749454_1465169384972813_4019084913867931132_n-e1773747953283.jpg\",\"width\":1925,\"height\":1256},{\"@type\":\"BreadcrumbList\",\"@id\":\"https:\/\/www.smedemokrati.sk\/fico-urazil-tisice-odbornikov-socialna-praca-nie-je-strata-casu-ale-zachranna-siet-statu\/#breadcrumb\",\"itemListElement\":[{\"@type\":\"ListItem\",\"position\":1,\"name\":\"Domovsk\u00e1 str\u00e1nka\",\"item\":\"https:\/\/www.smedemokrati.sk\/\"},{\"@type\":\"ListItem\",\"position\":2,\"name\":\"Fico urazil tis\u00edce odborn\u00edkov. Soci\u00e1lna pr\u00e1ca nie je strata \u010dasu, ale z\u00e1chrann\u00e1 sie\u0165 \u0161t\u00e1tu\"}]},{\"@type\":\"WebSite\",\"@id\":\"https:\/\/www.smedemokrati.sk\/#website\",\"url\":\"https:\/\/www.smedemokrati.sk\/\",\"name\":\"Smedemokrati.sk\",\"description\":\"Demokracia a slu\u0161nos\u0165 zv\u00ed\u0165az\u00ed\",\"publisher\":{\"@id\":\"https:\/\/www.smedemokrati.sk\/#organization\"},\"potentialAction\":[{\"@type\":\"SearchAction\",\"target\":{\"@type\":\"EntryPoint\",\"urlTemplate\":\"https:\/\/www.smedemokrati.sk\/?s={search_term_string}\"},\"query-input\":{\"@type\":\"PropertyValueSpecification\",\"valueRequired\":true,\"valueName\":\"search_term_string\"}}],\"inLanguage\":\"sv-SE\"},{\"@type\":\"Organization\",\"@id\":\"https:\/\/www.smedemokrati.sk\/#organization\",\"name\":\"Smedemokrati.sk\",\"url\":\"https:\/\/www.smedemokrati.sk\/\",\"logo\":{\"@type\":\"ImageObject\",\"inLanguage\":\"sv-SE\",\"@id\":\"https:\/\/www.smedemokrati.sk\/#\/schema\/logo\/image\/\",\"url\":\"https:\/\/www.smedemokrati.sk\/wp-content\/uploads\/2023\/04\/ff.002.jpeg\",\"contentUrl\":\"https:\/\/www.smedemokrati.sk\/wp-content\/uploads\/2023\/04\/ff.002.jpeg\",\"width\":640,\"height\":480,\"caption\":\"Smedemokrati.sk\"},\"image\":{\"@id\":\"https:\/\/www.smedemokrati.sk\/#\/schema\/logo\/image\/\"},\"sameAs\":[\"https:\/\/www.facebook.com\/smedemokrati2023\"]},{\"@type\":\"Person\",\"@id\":\"https:\/\/www.smedemokrati.sk\/#\/schema\/person\/21f147c88d605aa7ded900e1e7c344ba\",\"name\":\"miro.sopko\",\"image\":{\"@type\":\"ImageObject\",\"inLanguage\":\"sv-SE\",\"@id\":\"https:\/\/secure.gravatar.com\/avatar\/267e4a36f704376c109afe3a78740c1f5dd8675a2180a908699e7863c9247606?s=96&d=mm&r=g\",\"url\":\"https:\/\/secure.gravatar.com\/avatar\/267e4a36f704376c109afe3a78740c1f5dd8675a2180a908699e7863c9247606?s=96&d=mm&r=g\",\"contentUrl\":\"https:\/\/secure.gravatar.com\/avatar\/267e4a36f704376c109afe3a78740c1f5dd8675a2180a908699e7863c9247606?s=96&d=mm&r=g\",\"caption\":\"miro.sopko\"},\"url\":\"https:\/\/www.smedemokrati.sk\/sv\/author\/miro-sopko\/\"}]}<\/script>\n<!-- \/ Yoast SEO plugin. -->","yoast_head_json":{"title":"Fico urazil tis\u00edce odborn\u00edkov. Soci\u00e1lna pr\u00e1ca nie je strata \u010dasu, ale z\u00e1chrann\u00e1 sie\u0165 \u0161t\u00e1tu","robots":{"index":"index","follow":"follow","max-snippet":"max-snippet:-1","max-image-preview":"max-image-preview:large","max-video-preview":"max-video-preview:-1"},"canonical":"https:\/\/www.smedemokrati.sk\/sv\/fico-urazil-tisice-odbornikov-socialna-praca-nie-je-strata-casu-ale-zachranna-siet-statu\/","og_locale":"sv_SE","og_type":"article","og_title":"[:sk]Fico urazil tis\u00edce odborn\u00edkov. Soci\u00e1lna pr\u00e1ca nie je strata \u010dasu, ale z\u00e1chrann\u00e1 sie\u0165 \u0161t\u00e1tu[:] - Smedemokrati.sk","og_description":"Strana Demokrati pri pr\u00edle\u017eitosti Svetov\u00e9ho d\u0148a soci\u00e1lnej pr\u00e1ce vyjadruje hlbok\u00fa \u00factu a v\u010faku v\u0161etk\u00fdm soci\u00e1lnym pracovn\u00ed\u010dkam a pracovn\u00edkom. Z\u00e1rove\u0148 ostro odsudzuje v\u00fdroky premi\u00e9ra Roberta Fica, ktor\u00fd \u0161t\u00fadium tohto odboru ozna\u010dil za \u201estratu \u010dasu\u201c. Expertka strany na soci\u00e1lne veci Nat\u00e1lia Blahov\u00e1 upozor\u0148uje, \u017ee t\u00e1to r\u00e9torika v kombin\u00e1cii s neodborn\u00fdmi reformami likviduje pomoc pre najzranite\u013enej\u0161\u00edch. Tret\u00ed marcov\u00fd [&hellip;]","og_url":"https:\/\/www.smedemokrati.sk\/sv\/fico-urazil-tisice-odbornikov-socialna-praca-nie-je-strata-casu-ale-zachranna-siet-statu\/","og_site_name":"Smedemokrati.sk","article_publisher":"https:\/\/www.facebook.com\/smedemokrati2023","article_published_time":"2026-03-17T11:46:03+00:00","article_modified_time":"2026-03-17T11:46:19+00:00","og_image":[{"width":1925,"height":1256,"url":"https:\/\/www.smedemokrati.sk\/wp-content\/uploads\/2026\/03\/651749454_1465169384972813_4019084913867931132_n-e1773747953283.jpg","type":"image\/jpeg"}],"author":"miro.sopko","twitter_card":"summary_large_image","twitter_misc":{"Skriven av":"miro.sopko","Ber\u00e4knad l\u00e4stid":"2 minuter"},"schema":{"@context":"https:\/\/schema.org","@graph":[{"@type":"Article","@id":"https:\/\/www.smedemokrati.sk\/fico-urazil-tisice-odbornikov-socialna-praca-nie-je-strata-casu-ale-zachranna-siet-statu\/#article","isPartOf":{"@id":"https:\/\/www.smedemokrati.sk\/fico-urazil-tisice-odbornikov-socialna-praca-nie-je-strata-casu-ale-zachranna-siet-statu\/"},"author":{"name":"miro.sopko","@id":"https:\/\/www.smedemokrati.sk\/#\/schema\/person\/21f147c88d605aa7ded900e1e7c344ba"},"headline":"Fico urazil tis\u00edce odborn\u00edkov. Soci\u00e1lna pr\u00e1ca nie je strata \u010dasu, ale z\u00e1chrann\u00e1 sie\u0165 \u0161t\u00e1tu","datePublished":"2026-03-17T11:46:03+00:00","dateModified":"2026-03-17T11:46:19+00:00","mainEntityOfPage":{"@id":"https:\/\/www.smedemokrati.sk\/fico-urazil-tisice-odbornikov-socialna-praca-nie-je-strata-casu-ale-zachranna-siet-statu\/"},"wordCount":415,"publisher":{"@id":"https:\/\/www.smedemokrati.sk\/#organization"},"image":{"@id":"https:\/\/www.smedemokrati.sk\/fico-urazil-tisice-odbornikov-socialna-praca-nie-je-strata-casu-ale-zachranna-siet-statu\/#primaryimage"},"thumbnailUrl":"https:\/\/www.smedemokrati.sk\/wp-content\/uploads\/2026\/03\/651749454_1465169384972813_4019084913867931132_n-e1773747953283.jpg","articleSection":["Tla\u010dov\u00e9 spr\u00e1vy"],"inLanguage":"sv-SE"},{"@type":"WebPage","@id":"https:\/\/www.smedemokrati.sk\/fico-urazil-tisice-odbornikov-socialna-praca-nie-je-strata-casu-ale-zachranna-siet-statu\/","url":"https:\/\/www.smedemokrati.sk\/fico-urazil-tisice-odbornikov-socialna-praca-nie-je-strata-casu-ale-zachranna-siet-statu\/","name":"Fico urazil tis\u00edce odborn\u00edkov. Soci\u00e1lna pr\u00e1ca nie je strata \u010dasu, ale z\u00e1chrann\u00e1 sie\u0165 \u0161t\u00e1tu","isPartOf":{"@id":"https:\/\/www.smedemokrati.sk\/#website"},"primaryImageOfPage":{"@id":"https:\/\/www.smedemokrati.sk\/fico-urazil-tisice-odbornikov-socialna-praca-nie-je-strata-casu-ale-zachranna-siet-statu\/#primaryimage"},"image":{"@id":"https:\/\/www.smedemokrati.sk\/fico-urazil-tisice-odbornikov-socialna-praca-nie-je-strata-casu-ale-zachranna-siet-statu\/#primaryimage"},"thumbnailUrl":"https:\/\/www.smedemokrati.sk\/wp-content\/uploads\/2026\/03\/651749454_1465169384972813_4019084913867931132_n-e1773747953283.jpg","datePublished":"2026-03-17T11:46:03+00:00","dateModified":"2026-03-17T11:46:19+00:00","breadcrumb":{"@id":"https:\/\/www.smedemokrati.sk\/fico-urazil-tisice-odbornikov-socialna-praca-nie-je-strata-casu-ale-zachranna-siet-statu\/#breadcrumb"},"inLanguage":"sv-SE","potentialAction":[{"@type":"ReadAction","target":["https:\/\/www.smedemokrati.sk\/fico-urazil-tisice-odbornikov-socialna-praca-nie-je-strata-casu-ale-zachranna-siet-statu\/"]}]},{"@type":"ImageObject","inLanguage":"sv-SE","@id":"https:\/\/www.smedemokrati.sk\/fico-urazil-tisice-odbornikov-socialna-praca-nie-je-strata-casu-ale-zachranna-siet-statu\/#primaryimage","url":"https:\/\/www.smedemokrati.sk\/wp-content\/uploads\/2026\/03\/651749454_1465169384972813_4019084913867931132_n-e1773747953283.jpg","contentUrl":"https:\/\/www.smedemokrati.sk\/wp-content\/uploads\/2026\/03\/651749454_1465169384972813_4019084913867931132_n-e1773747953283.jpg","width":1925,"height":1256},{"@type":"BreadcrumbList","@id":"https:\/\/www.smedemokrati.sk\/fico-urazil-tisice-odbornikov-socialna-praca-nie-je-strata-casu-ale-zachranna-siet-statu\/#breadcrumb","itemListElement":[{"@type":"ListItem","position":1,"name":"Domovsk\u00e1 str\u00e1nka","item":"https:\/\/www.smedemokrati.sk\/"},{"@type":"ListItem","position":2,"name":"Fico urazil tis\u00edce odborn\u00edkov. Soci\u00e1lna pr\u00e1ca nie je strata \u010dasu, ale z\u00e1chrann\u00e1 sie\u0165 \u0161t\u00e1tu"}]},{"@type":"WebSite","@id":"https:\/\/www.smedemokrati.sk\/#website","url":"https:\/\/www.smedemokrati.sk\/","name":"Smedemokrati.sk","description":"Demokracia a slu\u0161nos\u0165 zv\u00ed\u0165az\u00ed","publisher":{"@id":"https:\/\/www.smedemokrati.sk\/#organization"},"potentialAction":[{"@type":"SearchAction","target":{"@type":"EntryPoint","urlTemplate":"https:\/\/www.smedemokrati.sk\/?s={search_term_string}"},"query-input":{"@type":"PropertyValueSpecification","valueRequired":true,"valueName":"search_term_string"}}],"inLanguage":"sv-SE"},{"@type":"Organization","@id":"https:\/\/www.smedemokrati.sk\/#organization","name":"Smedemokrati.sk","url":"https:\/\/www.smedemokrati.sk\/","logo":{"@type":"ImageObject","inLanguage":"sv-SE","@id":"https:\/\/www.smedemokrati.sk\/#\/schema\/logo\/image\/","url":"https:\/\/www.smedemokrati.sk\/wp-content\/uploads\/2023\/04\/ff.002.jpeg","contentUrl":"https:\/\/www.smedemokrati.sk\/wp-content\/uploads\/2023\/04\/ff.002.jpeg","width":640,"height":480,"caption":"Smedemokrati.sk"},"image":{"@id":"https:\/\/www.smedemokrati.sk\/#\/schema\/logo\/image\/"},"sameAs":["https:\/\/www.facebook.com\/smedemokrati2023"]},{"@type":"Person","@id":"https:\/\/www.smedemokrati.sk\/#\/schema\/person\/21f147c88d605aa7ded900e1e7c344ba","name":"miro.sopko","image":{"@type":"ImageObject","inLanguage":"sv-SE","@id":"https:\/\/secure.gravatar.com\/avatar\/267e4a36f704376c109afe3a78740c1f5dd8675a2180a908699e7863c9247606?s=96&d=mm&r=g","url":"https:\/\/secure.gravatar.com\/avatar\/267e4a36f704376c109afe3a78740c1f5dd8675a2180a908699e7863c9247606?s=96&d=mm&r=g","contentUrl":"https:\/\/secure.gravatar.com\/avatar\/267e4a36f704376c109afe3a78740c1f5dd8675a2180a908699e7863c9247606?s=96&d=mm&r=g","caption":"miro.sopko"},"url":"https:\/\/www.smedemokrati.sk\/sv\/author\/miro-sopko\/"}]}},"_links":{"self":[{"href":"https:\/\/www.smedemokrati.sk\/sv\/wp-json\/wp\/v2\/posts\/9034","targetHints":{"allow":["GET"]}}],"collection":[{"href":"https:\/\/www.smedemokrati.sk\/sv\/wp-json\/wp\/v2\/posts"}],"about":[{"href":"https:\/\/www.smedemokrati.sk\/sv\/wp-json\/wp\/v2\/types\/post"}],"author":[{"embeddable":true,"href":"https:\/\/www.smedemokrati.sk\/sv\/wp-json\/wp\/v2\/users\/13"}],"replies":[{"embeddable":true,"href":"https:\/\/www.smedemokrati.sk\/sv\/wp-json\/wp\/v2\/comments?post=9034"}],"version-history":[{"count":1,"href":"https:\/\/www.smedemokrati.sk\/sv\/wp-json\/wp\/v2\/posts\/9034\/revisions"}],"predecessor-version":[{"id":9036,"href":"https:\/\/www.smedemokrati.sk\/sv\/wp-json\/wp\/v2\/posts\/9034\/revisions\/9036"}],"wp:featuredmedia":[{"embeddable":true,"href":"https:\/\/www.smedemokrati.sk\/sv\/wp-json\/wp\/v2\/media\/9035"}],"wp:attachment":[{"href":"https:\/\/www.smedemokrati.sk\/sv\/wp-json\/wp\/v2\/media?parent=9034"}],"wp:term":[{"taxonomy":"category","embeddable":true,"href":"https:\/\/www.smedemokrati.sk\/sv\/wp-json\/wp\/v2\/categories?post=9034"},{"taxonomy":"post_tag","embeddable":true,"href":"https:\/\/www.smedemokrati.sk\/sv\/wp-json\/wp\/v2\/tags?post=9034"}],"curies":[{"name":"wp","href":"https:\/\/api.w.org\/{rel}","templated":true}]}}