{"id":9016,"date":"2026-03-13T20:49:26","date_gmt":"2026-03-13T19:49:26","guid":{"rendered":"https:\/\/www.smedemokrati.sk\/?p=9016"},"modified":"2026-03-13T20:49:27","modified_gmt":"2026-03-13T19:49:27","slug":"hlboka-orba-musi-zacat-od-zakladov-demokrati-vitaju-navrh-samosprav-a-volaju-po-reforme-vsetkych-urovni-verejnej-spravy","status":"publish","type":"post","link":"https:\/\/www.smedemokrati.sk\/sv\/hlboka-orba-musi-zacat-od-zakladov-demokrati-vitaju-navrh-samosprav-a-volaju-po-reforme-vsetkych-urovni-verejnej-spravy\/","title":{"rendered":"Hlbok\u00e1 orba mus\u00ed za\u010da\u0165 od z\u00e1kladov: Demokrati v\u00edtaj\u00fa n\u00e1vrh samospr\u00e1v a volaj\u00fa po reforme v\u0161etk\u00fdch \u00farovn\u00ed verejnej spr\u00e1vy"},"content":{"rendered":"<div id=\"fb-root\"><\/div>\n\n<p><strong>Reforma verejnej spr\u00e1vy patr\u00ed medzi najz\u00e1sadnej\u0161ie zmeny, ktor\u00e9 Slovensko v najbli\u017e\u0161\u00edch rokoch potrebuje. Cie\u013eom mus\u00ed by\u0165 \u0161t\u00e1t, ktor\u00fd sl\u00fa\u017ei ob\u010danom \u2013 v\u00fdkonn\u00fd, kapacitn\u00fd, s mocou rozlo\u017eenou medzi v\u0161etky \u00farovne verejnej spr\u00e1vy. Demokrati preto v\u00edtaj\u00fa, \u017ee SK8 a ZMOS prich\u00e1dzaj\u00fa s vlastn\u00fdm, proakt\u00edvnym a odborne podlo\u017een\u00fdm pozi\u010dn\u00fdm dokumentom. Vl\u00e1da im v tom nesta\u010dila.<\/strong><\/p>\n\n\n\n<p><em>\u201eV Demokratoch dlhodobo hovor\u00edme, \u017ee Slovensko potrebuje hlbok\u00fa orbu \u2013 nie kozmetick\u00fa \u00fapravu fas\u00e1dy \u0161t\u00e1tu, ale syst\u00e9mov\u00fa prestavbu od z\u00e1kladov. Pozi\u010dn\u00fd dokument SK8 a ZMOS je sign\u00e1lom zdola, \u017ee zmena je zrel\u00e1 a mo\u017en\u00e1. V\u00edtame my\u0161lienku redukovania miestnej \u0161t\u00e1tnej spr\u00e1vy v prospech posilnenia kompetenci\u00ed samospr\u00e1v \u2013 krajov, miest a obc\u00ed, ktor\u00e9 najlep\u0161ie poznaj\u00fa potreby svojich obyvate\u013eov.\u201c<\/em>&nbsp;uviedol podpredseda Demokratov a prim\u00e1tor Pre\u0161ova Franti\u0161ek O\u013eha.<\/p>\n\n\n\n<p>Demokrati zd\u00f4raz\u0148uj\u00fa, \u017ee hlbok\u00e1 orba \u0161t\u00e1tu nesmie zastavi\u0165 na hranici obecn\u00e9ho \u00faradu \u010di krajsk\u00e9ho zastupite\u013estva. Reforma mus\u00ed zahrn\u00fa\u0165 v\u0161etky \u00farovne verejnej moci \u2013 centr\u00e1lnu vl\u00e1du, region\u00e1lnu aj miestnu samospr\u00e1vu. Historick\u00e1 sk\u00fasenos\u0165 i medzin\u00e1rodn\u00e9 porovnanie jednozna\u010dne ukazuj\u00fa, \u017ee \u0161t\u00e1ty prosperuj\u00fa vtedy, ke\u010f moc nie je s\u00fastreden\u00e1 v jedn\u00fdch ruk\u00e1ch, ale je zdie\u013ean\u00e1 cez inkluz\u00edvne in\u0161tit\u00facie na v\u0161etk\u00fdch \u00farovniach (tzv. multilevel governance). Presne tak\u00fdto model s rozpt\u00fdlenou mocou a re\u00e1lnymi kompetenciami pre ka\u017ed\u00fa \u00farove\u0148 spr\u00e1vy SK8 a ZMOS implicitne presadzuj\u00fa a Demokrati ho otvorene podporuj\u00fa.<\/p>\n\n\n\n<p><em>\u201ePozi\u010dn\u00fd dokument SK8 a ZMOS nejde len po povrchu ani po populistickom prekres\u013eovan\u00ed m\u00e1p. Hovor\u00ed o syst\u00e9movej zmene od \u00fastavy, cez kompeten\u010dn\u00fd audit a\u017e po nov\u00e9 nastavenie financovania \u0161t\u00e1tu v \u00fazem\u00ed. Ch\u00fdba n\u00e1m pr\u00e1ve tak\u00e9to prem\u00fd\u0161\u013eanie na centr\u00e1lnej \u00farovni,\u201c&nbsp;<\/em>doplnil gener\u00e1lny sekret\u00e1r Demokratov a odborn\u00edk na verejn\u00fa spr\u00e1vu Peter Markovi\u010d.<\/p>\n\n\n\n<p>Spolo\u010dn\u00fd postup obc\u00ed, miest a samospr\u00e1vnych krajov potvrdzuje, \u017ee potreba reformy dozrela v samotnej praxi v\u00fdkonu samospr\u00e1vy. Demokrati deklaruj\u00fa pripravenos\u0165 vies\u0165 kon\u0161trukt\u00edvny dial\u00f3g o jej obsahu \u2013 na z\u00e1klade princ\u00edpov decentraliz\u00e1cie, subsidiarity a re\u00e1lneho posil\u0148ovania kapac\u00edt \u00fazemnej samospr\u00e1vy, pri\u010dom rovnak\u00fa pozornos\u0165 treba venova\u0165 aj reforme fungovania centr\u00e1lnej vl\u00e1dy. Iba reforma v\u0161etk\u00fdch \u00farovn\u00ed s\u00fa\u010dasne m\u00f4\u017ee prinies\u0165 koherentn\u00fd, v\u00fdkonn\u00fd a demokratick\u00fd \u0161t\u00e1t.<\/p>\n","protected":false},"excerpt":{"rendered":"<p>Reforma verejnej spr\u00e1vy patr\u00ed medzi najz\u00e1sadnej\u0161ie zmeny, ktor\u00e9 Slovensko v najbli\u017e\u0161\u00edch rokoch potrebuje. Cie\u013eom mus\u00ed by\u0165 \u0161t\u00e1t, ktor\u00fd sl\u00fa\u017ei ob\u010danom \u2013 v\u00fdkonn\u00fd, kapacitn\u00fd, s mocou rozlo\u017eenou medzi v\u0161etky \u00farovne verejnej spr\u00e1vy. Demokrati preto v\u00edtaj\u00fa, \u017ee SK8 a ZMOS prich\u00e1dzaj\u00fa s vlastn\u00fdm, proakt\u00edvnym a odborne podlo\u017een\u00fdm pozi\u010dn\u00fdm dokumentom. Vl\u00e1da im v tom nesta\u010dila. \u201eV Demokratoch dlhodobo [&hellip;]<\/p>\n","protected":false},"author":13,"featured_media":9017,"comment_status":"closed","ping_status":"closed","sticky":false,"template":"","format":"standard","meta":{"_acf_changed":false,"ngg_post_thumbnail":0,"footnotes":""},"categories":[4],"tags":[],"class_list":["post-9016","post","type-post","status-publish","format-standard","has-post-thumbnail","hentry","category-tlacove-spravy"],"acf":[],"yoast_head":"<!-- This site is optimized with the Yoast SEO plugin v27.2 - https:\/\/yoast.com\/product\/yoast-seo-wordpress\/ -->\n<title>Hlbok\u00e1 orba mus\u00ed za\u010da\u0165 od z\u00e1kladov: Demokrati v\u00edtaj\u00fa n\u00e1vrh samospr\u00e1v a volaj\u00fa po reforme v\u0161etk\u00fdch \u00farovn\u00ed verejnej spr\u00e1vy<\/title>\n<meta name=\"robots\" content=\"index, follow, max-snippet:-1, max-image-preview:large, max-video-preview:-1\" \/>\n<link rel=\"canonical\" href=\"https:\/\/www.smedemokrati.sk\/sv\/hlboka-orba-musi-zacat-od-zakladov-demokrati-vitaju-navrh-samosprav-a-volaju-po-reforme-vsetkych-urovni-verejnej-spravy\/\" \/>\n<meta property=\"og:locale\" content=\"sv_SE\" \/>\n<meta property=\"og:locale:alternate\" content=\"en_US\" \/>\n<meta property=\"og:locale:alternate\" content=\"cs_CZ\" \/>\n<meta property=\"og:locale:alternate\" content=\"hu_HU\" \/>\n<meta property=\"og:locale:alternate\" content=\"sk_SK\" \/>\n<meta property=\"og:type\" content=\"article\" \/>\n<meta property=\"og:title\" content=\"Hlbok\u00e1 orba mus\u00ed za\u010da\u0165 od z\u00e1kladov: Demokrati v\u00edtaj\u00fa n\u00e1vrh samospr\u00e1v a volaj\u00fa po reforme v\u0161etk\u00fdch \u00farovn\u00ed verejnej spr\u00e1vy\" \/>\n<meta property=\"og:description\" content=\"Reforma verejnej spr\u00e1vy patr\u00ed medzi najz\u00e1sadnej\u0161ie zmeny, ktor\u00e9 Slovensko v najbli\u017e\u0161\u00edch rokoch potrebuje. Cie\u013eom mus\u00ed by\u0165 \u0161t\u00e1t, ktor\u00fd sl\u00fa\u017ei ob\u010danom \u2013 v\u00fdkonn\u00fd, kapacitn\u00fd, s mocou rozlo\u017eenou medzi v\u0161etky \u00farovne verejnej spr\u00e1vy. Demokrati preto v\u00edtaj\u00fa, \u017ee SK8 a ZMOS prich\u00e1dzaj\u00fa s vlastn\u00fdm, proakt\u00edvnym a odborne podlo\u017een\u00fdm pozi\u010dn\u00fdm dokumentom. Vl\u00e1da im v tom nesta\u010dila. \u201eV Demokratoch dlhodobo [&hellip;]\" \/>\n<meta property=\"og:url\" content=\"https:\/\/www.smedemokrati.sk\/sv\/hlboka-orba-musi-zacat-od-zakladov-demokrati-vitaju-navrh-samosprav-a-volaju-po-reforme-vsetkych-urovni-verejnej-spravy\/\" \/>\n<meta property=\"og:site_name\" content=\"Smedemokrati.sk\" \/>\n<meta property=\"article:publisher\" content=\"https:\/\/www.facebook.com\/smedemokrati2023\" \/>\n<meta property=\"article:published_time\" content=\"2026-03-13T19:49:26+00:00\" \/>\n<meta property=\"article:modified_time\" content=\"2026-03-13T19:49:27+00:00\" \/>\n<meta property=\"og:image\" content=\"https:\/\/www.smedemokrati.sk\/wp-content\/uploads\/2026\/03\/olha-markovic-e1773431353419.jpg\" \/>\n\t<meta property=\"og:image:width\" content=\"1280\" \/>\n\t<meta property=\"og:image:height\" content=\"797\" \/>\n\t<meta property=\"og:image:type\" content=\"image\/jpeg\" \/>\n<meta name=\"author\" content=\"miro.sopko\" \/>\n<meta name=\"twitter:card\" content=\"summary_large_image\" \/>\n<meta name=\"twitter:label1\" content=\"Skriven av\" \/>\n\t<meta name=\"twitter:data1\" content=\"miro.sopko\" \/>\n\t<meta name=\"twitter:label2\" content=\"Ber\u00e4knad l\u00e4stid\" \/>\n\t<meta name=\"twitter:data2\" content=\"2 minuter\" \/>\n<script type=\"application\/ld+json\" class=\"yoast-schema-graph\">{\"@context\":\"https:\/\/schema.org\",\"@graph\":[{\"@type\":\"Article\",\"@id\":\"https:\/\/www.smedemokrati.sk\/hlboka-orba-musi-zacat-od-zakladov-demokrati-vitaju-navrh-samosprav-a-volaju-po-reforme-vsetkych-urovni-verejnej-spravy\/#article\",\"isPartOf\":{\"@id\":\"https:\/\/www.smedemokrati.sk\/hlboka-orba-musi-zacat-od-zakladov-demokrati-vitaju-navrh-samosprav-a-volaju-po-reforme-vsetkych-urovni-verejnej-spravy\/\"},\"author\":{\"name\":\"miro.sopko\",\"@id\":\"https:\/\/www.smedemokrati.sk\/#\/schema\/person\/21f147c88d605aa7ded900e1e7c344ba\"},\"headline\":\"Hlbok\u00e1 orba mus\u00ed za\u010da\u0165 od z\u00e1kladov: Demokrati v\u00edtaj\u00fa n\u00e1vrh samospr\u00e1v a volaj\u00fa po reforme v\u0161etk\u00fdch \u00farovn\u00ed verejnej spr\u00e1vy\",\"datePublished\":\"2026-03-13T19:49:26+00:00\",\"dateModified\":\"2026-03-13T19:49:27+00:00\",\"mainEntityOfPage\":{\"@id\":\"https:\/\/www.smedemokrati.sk\/hlboka-orba-musi-zacat-od-zakladov-demokrati-vitaju-navrh-samosprav-a-volaju-po-reforme-vsetkych-urovni-verejnej-spravy\/\"},\"wordCount\":443,\"publisher\":{\"@id\":\"https:\/\/www.smedemokrati.sk\/#organization\"},\"image\":{\"@id\":\"https:\/\/www.smedemokrati.sk\/hlboka-orba-musi-zacat-od-zakladov-demokrati-vitaju-navrh-samosprav-a-volaju-po-reforme-vsetkych-urovni-verejnej-spravy\/#primaryimage\"},\"thumbnailUrl\":\"https:\/\/www.smedemokrati.sk\/wp-content\/uploads\/2026\/03\/olha-markovic-e1773431353419.jpg\",\"articleSection\":[\"Tla\u010dov\u00e9 spr\u00e1vy\"],\"inLanguage\":\"sv-SE\"},{\"@type\":\"WebPage\",\"@id\":\"https:\/\/www.smedemokrati.sk\/hlboka-orba-musi-zacat-od-zakladov-demokrati-vitaju-navrh-samosprav-a-volaju-po-reforme-vsetkych-urovni-verejnej-spravy\/\",\"url\":\"https:\/\/www.smedemokrati.sk\/hlboka-orba-musi-zacat-od-zakladov-demokrati-vitaju-navrh-samosprav-a-volaju-po-reforme-vsetkych-urovni-verejnej-spravy\/\",\"name\":\"Hlbok\u00e1 orba mus\u00ed za\u010da\u0165 od z\u00e1kladov: Demokrati v\u00edtaj\u00fa n\u00e1vrh samospr\u00e1v a volaj\u00fa po reforme v\u0161etk\u00fdch \u00farovn\u00ed verejnej spr\u00e1vy\",\"isPartOf\":{\"@id\":\"https:\/\/www.smedemokrati.sk\/#website\"},\"primaryImageOfPage\":{\"@id\":\"https:\/\/www.smedemokrati.sk\/hlboka-orba-musi-zacat-od-zakladov-demokrati-vitaju-navrh-samosprav-a-volaju-po-reforme-vsetkych-urovni-verejnej-spravy\/#primaryimage\"},\"image\":{\"@id\":\"https:\/\/www.smedemokrati.sk\/hlboka-orba-musi-zacat-od-zakladov-demokrati-vitaju-navrh-samosprav-a-volaju-po-reforme-vsetkych-urovni-verejnej-spravy\/#primaryimage\"},\"thumbnailUrl\":\"https:\/\/www.smedemokrati.sk\/wp-content\/uploads\/2026\/03\/olha-markovic-e1773431353419.jpg\",\"datePublished\":\"2026-03-13T19:49:26+00:00\",\"dateModified\":\"2026-03-13T19:49:27+00:00\",\"breadcrumb\":{\"@id\":\"https:\/\/www.smedemokrati.sk\/hlboka-orba-musi-zacat-od-zakladov-demokrati-vitaju-navrh-samosprav-a-volaju-po-reforme-vsetkych-urovni-verejnej-spravy\/#breadcrumb\"},\"inLanguage\":\"sv-SE\",\"potentialAction\":[{\"@type\":\"ReadAction\",\"target\":[\"https:\/\/www.smedemokrati.sk\/hlboka-orba-musi-zacat-od-zakladov-demokrati-vitaju-navrh-samosprav-a-volaju-po-reforme-vsetkych-urovni-verejnej-spravy\/\"]}]},{\"@type\":\"ImageObject\",\"inLanguage\":\"sv-SE\",\"@id\":\"https:\/\/www.smedemokrati.sk\/hlboka-orba-musi-zacat-od-zakladov-demokrati-vitaju-navrh-samosprav-a-volaju-po-reforme-vsetkych-urovni-verejnej-spravy\/#primaryimage\",\"url\":\"https:\/\/www.smedemokrati.sk\/wp-content\/uploads\/2026\/03\/olha-markovic-e1773431353419.jpg\",\"contentUrl\":\"https:\/\/www.smedemokrati.sk\/wp-content\/uploads\/2026\/03\/olha-markovic-e1773431353419.jpg\",\"width\":1280,\"height\":797},{\"@type\":\"BreadcrumbList\",\"@id\":\"https:\/\/www.smedemokrati.sk\/hlboka-orba-musi-zacat-od-zakladov-demokrati-vitaju-navrh-samosprav-a-volaju-po-reforme-vsetkych-urovni-verejnej-spravy\/#breadcrumb\",\"itemListElement\":[{\"@type\":\"ListItem\",\"position\":1,\"name\":\"Domovsk\u00e1 str\u00e1nka\",\"item\":\"https:\/\/www.smedemokrati.sk\/\"},{\"@type\":\"ListItem\",\"position\":2,\"name\":\"Hlbok\u00e1 orba mus\u00ed za\u010da\u0165 od z\u00e1kladov: Demokrati v\u00edtaj\u00fa n\u00e1vrh samospr\u00e1v a volaj\u00fa po reforme v\u0161etk\u00fdch \u00farovn\u00ed verejnej spr\u00e1vy\"}]},{\"@type\":\"WebSite\",\"@id\":\"https:\/\/www.smedemokrati.sk\/#website\",\"url\":\"https:\/\/www.smedemokrati.sk\/\",\"name\":\"Smedemokrati.sk\",\"description\":\"Demokracia a slu\u0161nos\u0165 zv\u00ed\u0165az\u00ed\",\"publisher\":{\"@id\":\"https:\/\/www.smedemokrati.sk\/#organization\"},\"potentialAction\":[{\"@type\":\"SearchAction\",\"target\":{\"@type\":\"EntryPoint\",\"urlTemplate\":\"https:\/\/www.smedemokrati.sk\/?s={search_term_string}\"},\"query-input\":{\"@type\":\"PropertyValueSpecification\",\"valueRequired\":true,\"valueName\":\"search_term_string\"}}],\"inLanguage\":\"sv-SE\"},{\"@type\":\"Organization\",\"@id\":\"https:\/\/www.smedemokrati.sk\/#organization\",\"name\":\"Smedemokrati.sk\",\"url\":\"https:\/\/www.smedemokrati.sk\/\",\"logo\":{\"@type\":\"ImageObject\",\"inLanguage\":\"sv-SE\",\"@id\":\"https:\/\/www.smedemokrati.sk\/#\/schema\/logo\/image\/\",\"url\":\"https:\/\/www.smedemokrati.sk\/wp-content\/uploads\/2023\/04\/ff.002.jpeg\",\"contentUrl\":\"https:\/\/www.smedemokrati.sk\/wp-content\/uploads\/2023\/04\/ff.002.jpeg\",\"width\":640,\"height\":480,\"caption\":\"Smedemokrati.sk\"},\"image\":{\"@id\":\"https:\/\/www.smedemokrati.sk\/#\/schema\/logo\/image\/\"},\"sameAs\":[\"https:\/\/www.facebook.com\/smedemokrati2023\"]},{\"@type\":\"Person\",\"@id\":\"https:\/\/www.smedemokrati.sk\/#\/schema\/person\/21f147c88d605aa7ded900e1e7c344ba\",\"name\":\"miro.sopko\",\"image\":{\"@type\":\"ImageObject\",\"inLanguage\":\"sv-SE\",\"@id\":\"https:\/\/secure.gravatar.com\/avatar\/267e4a36f704376c109afe3a78740c1f5dd8675a2180a908699e7863c9247606?s=96&d=mm&r=g\",\"url\":\"https:\/\/secure.gravatar.com\/avatar\/267e4a36f704376c109afe3a78740c1f5dd8675a2180a908699e7863c9247606?s=96&d=mm&r=g\",\"contentUrl\":\"https:\/\/secure.gravatar.com\/avatar\/267e4a36f704376c109afe3a78740c1f5dd8675a2180a908699e7863c9247606?s=96&d=mm&r=g\",\"caption\":\"miro.sopko\"},\"url\":\"https:\/\/www.smedemokrati.sk\/sv\/author\/miro-sopko\/\"}]}<\/script>\n<!-- \/ Yoast SEO plugin. -->","yoast_head_json":{"title":"Hlbok\u00e1 orba mus\u00ed za\u010da\u0165 od z\u00e1kladov: Demokrati v\u00edtaj\u00fa n\u00e1vrh samospr\u00e1v a volaj\u00fa po reforme v\u0161etk\u00fdch \u00farovn\u00ed verejnej spr\u00e1vy","robots":{"index":"index","follow":"follow","max-snippet":"max-snippet:-1","max-image-preview":"max-image-preview:large","max-video-preview":"max-video-preview:-1"},"canonical":"https:\/\/www.smedemokrati.sk\/sv\/hlboka-orba-musi-zacat-od-zakladov-demokrati-vitaju-navrh-samosprav-a-volaju-po-reforme-vsetkych-urovni-verejnej-spravy\/","og_locale":"sv_SE","og_type":"article","og_title":"[:sk]Hlbok\u00e1 orba mus\u00ed za\u010da\u0165 od z\u00e1kladov: Demokrati v\u00edtaj\u00fa n\u00e1vrh samospr\u00e1v a volaj\u00fa po reforme v\u0161etk\u00fdch \u00farovn\u00ed verejnej spr\u00e1vy[:] - Smedemokrati.sk","og_description":"Reforma verejnej spr\u00e1vy patr\u00ed medzi najz\u00e1sadnej\u0161ie zmeny, ktor\u00e9 Slovensko v najbli\u017e\u0161\u00edch rokoch potrebuje. Cie\u013eom mus\u00ed by\u0165 \u0161t\u00e1t, ktor\u00fd sl\u00fa\u017ei ob\u010danom \u2013 v\u00fdkonn\u00fd, kapacitn\u00fd, s mocou rozlo\u017eenou medzi v\u0161etky \u00farovne verejnej spr\u00e1vy. Demokrati preto v\u00edtaj\u00fa, \u017ee SK8 a ZMOS prich\u00e1dzaj\u00fa s vlastn\u00fdm, proakt\u00edvnym a odborne podlo\u017een\u00fdm pozi\u010dn\u00fdm dokumentom. Vl\u00e1da im v tom nesta\u010dila. \u201eV Demokratoch dlhodobo [&hellip;]","og_url":"https:\/\/www.smedemokrati.sk\/sv\/hlboka-orba-musi-zacat-od-zakladov-demokrati-vitaju-navrh-samosprav-a-volaju-po-reforme-vsetkych-urovni-verejnej-spravy\/","og_site_name":"Smedemokrati.sk","article_publisher":"https:\/\/www.facebook.com\/smedemokrati2023","article_published_time":"2026-03-13T19:49:26+00:00","article_modified_time":"2026-03-13T19:49:27+00:00","og_image":[{"width":1280,"height":797,"url":"https:\/\/www.smedemokrati.sk\/wp-content\/uploads\/2026\/03\/olha-markovic-e1773431353419.jpg","type":"image\/jpeg"}],"author":"miro.sopko","twitter_card":"summary_large_image","twitter_misc":{"Skriven av":"miro.sopko","Ber\u00e4knad l\u00e4stid":"2 minuter"},"schema":{"@context":"https:\/\/schema.org","@graph":[{"@type":"Article","@id":"https:\/\/www.smedemokrati.sk\/hlboka-orba-musi-zacat-od-zakladov-demokrati-vitaju-navrh-samosprav-a-volaju-po-reforme-vsetkych-urovni-verejnej-spravy\/#article","isPartOf":{"@id":"https:\/\/www.smedemokrati.sk\/hlboka-orba-musi-zacat-od-zakladov-demokrati-vitaju-navrh-samosprav-a-volaju-po-reforme-vsetkych-urovni-verejnej-spravy\/"},"author":{"name":"miro.sopko","@id":"https:\/\/www.smedemokrati.sk\/#\/schema\/person\/21f147c88d605aa7ded900e1e7c344ba"},"headline":"Hlbok\u00e1 orba mus\u00ed za\u010da\u0165 od z\u00e1kladov: Demokrati v\u00edtaj\u00fa n\u00e1vrh samospr\u00e1v a volaj\u00fa po reforme v\u0161etk\u00fdch \u00farovn\u00ed verejnej spr\u00e1vy","datePublished":"2026-03-13T19:49:26+00:00","dateModified":"2026-03-13T19:49:27+00:00","mainEntityOfPage":{"@id":"https:\/\/www.smedemokrati.sk\/hlboka-orba-musi-zacat-od-zakladov-demokrati-vitaju-navrh-samosprav-a-volaju-po-reforme-vsetkych-urovni-verejnej-spravy\/"},"wordCount":443,"publisher":{"@id":"https:\/\/www.smedemokrati.sk\/#organization"},"image":{"@id":"https:\/\/www.smedemokrati.sk\/hlboka-orba-musi-zacat-od-zakladov-demokrati-vitaju-navrh-samosprav-a-volaju-po-reforme-vsetkych-urovni-verejnej-spravy\/#primaryimage"},"thumbnailUrl":"https:\/\/www.smedemokrati.sk\/wp-content\/uploads\/2026\/03\/olha-markovic-e1773431353419.jpg","articleSection":["Tla\u010dov\u00e9 spr\u00e1vy"],"inLanguage":"sv-SE"},{"@type":"WebPage","@id":"https:\/\/www.smedemokrati.sk\/hlboka-orba-musi-zacat-od-zakladov-demokrati-vitaju-navrh-samosprav-a-volaju-po-reforme-vsetkych-urovni-verejnej-spravy\/","url":"https:\/\/www.smedemokrati.sk\/hlboka-orba-musi-zacat-od-zakladov-demokrati-vitaju-navrh-samosprav-a-volaju-po-reforme-vsetkych-urovni-verejnej-spravy\/","name":"Hlbok\u00e1 orba mus\u00ed za\u010da\u0165 od z\u00e1kladov: Demokrati v\u00edtaj\u00fa n\u00e1vrh samospr\u00e1v a volaj\u00fa po reforme v\u0161etk\u00fdch \u00farovn\u00ed verejnej spr\u00e1vy","isPartOf":{"@id":"https:\/\/www.smedemokrati.sk\/#website"},"primaryImageOfPage":{"@id":"https:\/\/www.smedemokrati.sk\/hlboka-orba-musi-zacat-od-zakladov-demokrati-vitaju-navrh-samosprav-a-volaju-po-reforme-vsetkych-urovni-verejnej-spravy\/#primaryimage"},"image":{"@id":"https:\/\/www.smedemokrati.sk\/hlboka-orba-musi-zacat-od-zakladov-demokrati-vitaju-navrh-samosprav-a-volaju-po-reforme-vsetkych-urovni-verejnej-spravy\/#primaryimage"},"thumbnailUrl":"https:\/\/www.smedemokrati.sk\/wp-content\/uploads\/2026\/03\/olha-markovic-e1773431353419.jpg","datePublished":"2026-03-13T19:49:26+00:00","dateModified":"2026-03-13T19:49:27+00:00","breadcrumb":{"@id":"https:\/\/www.smedemokrati.sk\/hlboka-orba-musi-zacat-od-zakladov-demokrati-vitaju-navrh-samosprav-a-volaju-po-reforme-vsetkych-urovni-verejnej-spravy\/#breadcrumb"},"inLanguage":"sv-SE","potentialAction":[{"@type":"ReadAction","target":["https:\/\/www.smedemokrati.sk\/hlboka-orba-musi-zacat-od-zakladov-demokrati-vitaju-navrh-samosprav-a-volaju-po-reforme-vsetkych-urovni-verejnej-spravy\/"]}]},{"@type":"ImageObject","inLanguage":"sv-SE","@id":"https:\/\/www.smedemokrati.sk\/hlboka-orba-musi-zacat-od-zakladov-demokrati-vitaju-navrh-samosprav-a-volaju-po-reforme-vsetkych-urovni-verejnej-spravy\/#primaryimage","url":"https:\/\/www.smedemokrati.sk\/wp-content\/uploads\/2026\/03\/olha-markovic-e1773431353419.jpg","contentUrl":"https:\/\/www.smedemokrati.sk\/wp-content\/uploads\/2026\/03\/olha-markovic-e1773431353419.jpg","width":1280,"height":797},{"@type":"BreadcrumbList","@id":"https:\/\/www.smedemokrati.sk\/hlboka-orba-musi-zacat-od-zakladov-demokrati-vitaju-navrh-samosprav-a-volaju-po-reforme-vsetkych-urovni-verejnej-spravy\/#breadcrumb","itemListElement":[{"@type":"ListItem","position":1,"name":"Domovsk\u00e1 str\u00e1nka","item":"https:\/\/www.smedemokrati.sk\/"},{"@type":"ListItem","position":2,"name":"Hlbok\u00e1 orba mus\u00ed za\u010da\u0165 od z\u00e1kladov: Demokrati v\u00edtaj\u00fa n\u00e1vrh samospr\u00e1v a volaj\u00fa po reforme v\u0161etk\u00fdch \u00farovn\u00ed verejnej spr\u00e1vy"}]},{"@type":"WebSite","@id":"https:\/\/www.smedemokrati.sk\/#website","url":"https:\/\/www.smedemokrati.sk\/","name":"Smedemokrati.sk","description":"Demokracia a slu\u0161nos\u0165 zv\u00ed\u0165az\u00ed","publisher":{"@id":"https:\/\/www.smedemokrati.sk\/#organization"},"potentialAction":[{"@type":"SearchAction","target":{"@type":"EntryPoint","urlTemplate":"https:\/\/www.smedemokrati.sk\/?s={search_term_string}"},"query-input":{"@type":"PropertyValueSpecification","valueRequired":true,"valueName":"search_term_string"}}],"inLanguage":"sv-SE"},{"@type":"Organization","@id":"https:\/\/www.smedemokrati.sk\/#organization","name":"Smedemokrati.sk","url":"https:\/\/www.smedemokrati.sk\/","logo":{"@type":"ImageObject","inLanguage":"sv-SE","@id":"https:\/\/www.smedemokrati.sk\/#\/schema\/logo\/image\/","url":"https:\/\/www.smedemokrati.sk\/wp-content\/uploads\/2023\/04\/ff.002.jpeg","contentUrl":"https:\/\/www.smedemokrati.sk\/wp-content\/uploads\/2023\/04\/ff.002.jpeg","width":640,"height":480,"caption":"Smedemokrati.sk"},"image":{"@id":"https:\/\/www.smedemokrati.sk\/#\/schema\/logo\/image\/"},"sameAs":["https:\/\/www.facebook.com\/smedemokrati2023"]},{"@type":"Person","@id":"https:\/\/www.smedemokrati.sk\/#\/schema\/person\/21f147c88d605aa7ded900e1e7c344ba","name":"miro.sopko","image":{"@type":"ImageObject","inLanguage":"sv-SE","@id":"https:\/\/secure.gravatar.com\/avatar\/267e4a36f704376c109afe3a78740c1f5dd8675a2180a908699e7863c9247606?s=96&d=mm&r=g","url":"https:\/\/secure.gravatar.com\/avatar\/267e4a36f704376c109afe3a78740c1f5dd8675a2180a908699e7863c9247606?s=96&d=mm&r=g","contentUrl":"https:\/\/secure.gravatar.com\/avatar\/267e4a36f704376c109afe3a78740c1f5dd8675a2180a908699e7863c9247606?s=96&d=mm&r=g","caption":"miro.sopko"},"url":"https:\/\/www.smedemokrati.sk\/sv\/author\/miro-sopko\/"}]}},"_links":{"self":[{"href":"https:\/\/www.smedemokrati.sk\/sv\/wp-json\/wp\/v2\/posts\/9016","targetHints":{"allow":["GET"]}}],"collection":[{"href":"https:\/\/www.smedemokrati.sk\/sv\/wp-json\/wp\/v2\/posts"}],"about":[{"href":"https:\/\/www.smedemokrati.sk\/sv\/wp-json\/wp\/v2\/types\/post"}],"author":[{"embeddable":true,"href":"https:\/\/www.smedemokrati.sk\/sv\/wp-json\/wp\/v2\/users\/13"}],"replies":[{"embeddable":true,"href":"https:\/\/www.smedemokrati.sk\/sv\/wp-json\/wp\/v2\/comments?post=9016"}],"version-history":[{"count":1,"href":"https:\/\/www.smedemokrati.sk\/sv\/wp-json\/wp\/v2\/posts\/9016\/revisions"}],"predecessor-version":[{"id":9018,"href":"https:\/\/www.smedemokrati.sk\/sv\/wp-json\/wp\/v2\/posts\/9016\/revisions\/9018"}],"wp:featuredmedia":[{"embeddable":true,"href":"https:\/\/www.smedemokrati.sk\/sv\/wp-json\/wp\/v2\/media\/9017"}],"wp:attachment":[{"href":"https:\/\/www.smedemokrati.sk\/sv\/wp-json\/wp\/v2\/media?parent=9016"}],"wp:term":[{"taxonomy":"category","embeddable":true,"href":"https:\/\/www.smedemokrati.sk\/sv\/wp-json\/wp\/v2\/categories?post=9016"},{"taxonomy":"post_tag","embeddable":true,"href":"https:\/\/www.smedemokrati.sk\/sv\/wp-json\/wp\/v2\/tags?post=9016"}],"curies":[{"name":"wp","href":"https:\/\/api.w.org\/{rel}","templated":true}]}}