{"id":8986,"date":"2026-03-10T14:51:30","date_gmt":"2026-03-10T13:51:30","guid":{"rendered":"https:\/\/www.smedemokrati.sk\/?p=8986"},"modified":"2026-03-10T15:17:23","modified_gmt":"2026-03-10T14:17:23","slug":"stat-nechava-chorych-a-seniorov-cakat-na-pomoc-integrovany-posudok-sa-meni-na-pascu","status":"publish","type":"post","link":"https:\/\/www.smedemokrati.sk\/sv\/stat-nechava-chorych-a-seniorov-cakat-na-pomoc-integrovany-posudok-sa-meni-na-pascu\/","title":{"rendered":"\u0160t\u00e1t nech\u00e1va chor\u00fdch a seniorov \u010daka\u0165 na pomoc: Integrovan\u00fd posudok sa men\u00ed na pascu"},"content":{"rendered":"<div id=\"fb-root\"><\/div>\n\n<p><strong>Demokrati op\u00e4tovne vyz\u00fdvaj\u00fa ministra pr\u00e1ce Erika Tom\u00e1\u0161a, aby rie\u0161il kolaps syst\u00e9mu integrovan\u00fdch posudkov. Na probl\u00e9m ho u\u017e raz upozornili a konfrontovali s konkr\u00e9tnymi pr\u00edpadmi, no pod\u013ea nich situ\u00e1ciu ignoruje. Preto ho dnes druh\u00fdkr\u00e1t verejne vyz\u00fdvaj\u00fa, aby priznal zlyhanie syst\u00e9mu a okam\u017eite konal.<\/strong><\/p>\n\n\n\n<p>Nov\u00fd syst\u00e9m integrovan\u00e9ho posudku, ktor\u00fd mal zjednodu\u0161i\u0165 pr\u00edstup k soci\u00e1lnej pomoci, pod\u013ea mno\u017estva svedectiev sp\u00f4sobuje prav\u00fd opak. Seniori, \u013eudia so zdravotn\u00fdm postihnut\u00edm a v\u00e1\u017ene chor\u00ed pacienti \u010dakaj\u00fa na rozhodnutia cel\u00e9 mesiace, prich\u00e1dzaj\u00fa o pr\u00edjem a v niektor\u00fdch pr\u00edpadoch sa rozhodnutia ani nedo\u017eij\u00fa.<\/p>\n\n\n\n<p>Anal\u00fdza 161 pr\u00edpadov ukazuje alarmuj\u00faci obraz fungovania syst\u00e9mu. A\u017e 61 % konan\u00ed trv\u00e1 viac ako 60 dn\u00ed, viac ako polovica dom\u00e1cnost\u00ed hl\u00e1si v\u00fdpadok pr\u00edjmu a 17 % zostalo \u00faplne bez pr\u00edjmu. Takmer \u0161tvrtina pr\u00edpadov skon\u010dila v odvolacom konan\u00ed a v 3 % analyzovan\u00fdch situ\u00e1ci\u00ed sa \u017eiadate\u013e rozhodnutia nedo\u017eil.<\/p>\n\n\n\n<p>Rodiny opisuj\u00fa dramatick\u00e9 situ\u00e1cie. Dc\u00e9ra onkologick\u00e9ho pacienta p\u00ed\u0161e, \u017ee jej otec sa posudku po troch mesiacoch nedo\u017eil. In\u00e1 rodina platila opatrovate\u013eku 1600 eur mesa\u010dne, k\u00fdm \u0161t\u00e1t mesiace nevydal rozhodnutie \u2013 pacient medzit\u00fdm zomrel. Seniori s demenciou s\u00fa pritom \u010dasto posudzovan\u00ed pod\u013ea vlastn\u00fdch, dezorientovan\u00fdch odpoved\u00ed, ktor\u00e9 nereflektuj\u00fa ich skuto\u010dn\u00fd zdravotn\u00fd stav.<\/p>\n\n\n\n<p>Probl\u00e9my hl\u00e1sia aj samotn\u00ed pracovn\u00edci \u00faradov pr\u00e1ce, soci\u00e1lnych vec\u00ed a rodiny. Upozor\u0148uj\u00fa na kapacitn\u00e9 zlyhanie, nepripravenos\u0165 reformy, nefunk\u010dn\u00fd IT syst\u00e9m, nad\u010dasy aj vyhorenie zamestnancov.<\/p>\n\n\n\n<p>\u201eToto nie je technick\u00fd probl\u00e9m reformy, ale humanitn\u00fd probl\u00e9m \u0161t\u00e1tu. Rodiny kolabuj\u00fa, chor\u00ed \u013eudia zost\u00e1vaj\u00fa bez pomoci a niektor\u00ed sa rozhodnutia ani nedo\u017eij\u00fa. Soci\u00e1lny syst\u00e9m m\u00e1 by\u0165 z\u00e1chrannou sie\u0165ou, nie byrokratickou prek\u00e1\u017ekou. Minister mus\u00ed presta\u0165 predstiera\u0165, \u017ee probl\u00e9m neexistuje a za\u010da\u0165 kona\u0165,\u201c vyhl\u00e1sil b\u00fdval\u00fd premi\u00e9r a podpredseda Demokratov Eduard Heger.<\/p>\n\n\n\n<p>Expertka na soci\u00e1lnu oblas\u0165 Nat\u00e1lia Blahov\u00e1 upozor\u0148uje, \u017ee syst\u00e9m \u010dasto nevie spr\u00e1vne vyhodnoti\u0165 odk\u00e1zanos\u0165 \u013eud\u00ed na pomoc. \u201eJedna n\u00e1v\u0161teva soci\u00e1lneho pracovn\u00edka nedok\u00e1\u017ee zachyti\u0165 realitu \u017eivota \u010dloveka s demenciou \u010di \u0165a\u017ek\u00fdm postihnut\u00edm. V\u00fdsledkom s\u00fa podhodnoten\u00e9 posudky a syst\u00e9m, ktor\u00fd nevie reagova\u0165 na urgentn\u00e9 \u017eivotn\u00e9 situ\u00e1cie. Soci\u00e1lny syst\u00e9m, ktor\u00fd nevie rozpozna\u0165 odk\u00e1zanos\u0165 a reagova\u0165 v\u010das, sa z pomoci men\u00ed na riziko,\u201c uviedla Blahov\u00e1.<\/p>\n\n\n\n<p>Demokrati preto op\u00e4tovne vyz\u00fdvaj\u00fa ministra pr\u00e1ce Erika Tom\u00e1\u0161a, aby prestal ignorova\u0165 realitu a okam\u017eite predstavil rie\u0161enia. Na Slovensku ide pribli\u017ene o pol mili\u00f3na \u013eud\u00ed odk\u00e1zan\u00fdch na soci\u00e1lnu pomoc \u2013 a t\u00edto \u013eudia a ich rodiny nemaj\u00fa \u010das \u010daka\u0165.<\/p>\n\n\n\n<figure class=\"wp-block-embed is-type-video is-provider-youtube wp-block-embed-youtube wp-embed-aspect-16-9 wp-has-aspect-ratio\"><div class=\"wp-block-embed__wrapper\">\n<iframe title=\"Live: Tis\u00edce \u013eud\u00ed bezmocne \u010dak\u00e1 na pomoc a minister Tom\u00e1\u0161 ich ignoruje\" width=\"500\" height=\"281\" src=\"https:\/\/www.youtube.com\/embed\/c7i9eOLFpC8?feature=oembed\" frameborder=\"0\" allow=\"accelerometer; autoplay; clipboard-write; encrypted-media; gyroscope; picture-in-picture; web-share\" referrerpolicy=\"strict-origin-when-cross-origin\" allowfullscreen><\/iframe>\n<\/div><\/figure>\n","protected":false},"excerpt":{"rendered":"<p>Demokrati op\u00e4tovne vyz\u00fdvaj\u00fa ministra pr\u00e1ce Erika Tom\u00e1\u0161a, aby rie\u0161il kolaps syst\u00e9mu integrovan\u00fdch posudkov. Na probl\u00e9m ho u\u017e raz upozornili a konfrontovali s konkr\u00e9tnymi pr\u00edpadmi, no pod\u013ea nich situ\u00e1ciu ignoruje. Preto ho dnes druh\u00fdkr\u00e1t verejne vyz\u00fdvaj\u00fa, aby priznal zlyhanie syst\u00e9mu a okam\u017eite konal. Nov\u00fd syst\u00e9m integrovan\u00e9ho posudku, ktor\u00fd mal zjednodu\u0161i\u0165 pr\u00edstup k soci\u00e1lnej pomoci, pod\u013ea mno\u017estva [&hellip;]<\/p>\n","protected":false},"author":13,"featured_media":8987,"comment_status":"closed","ping_status":"closed","sticky":false,"template":"","format":"standard","meta":{"_acf_changed":false,"ngg_post_thumbnail":0,"footnotes":""},"categories":[4],"tags":[],"class_list":["post-8986","post","type-post","status-publish","format-standard","has-post-thumbnail","hentry","category-tlacove-spravy"],"acf":[],"yoast_head":"<!-- This site is optimized with the Yoast SEO plugin v27.2 - https:\/\/yoast.com\/product\/yoast-seo-wordpress\/ -->\n<title>\u0160t\u00e1t nech\u00e1va chor\u00fdch a seniorov \u010daka\u0165 na pomoc: Integrovan\u00fd posudok sa men\u00ed na pascu<\/title>\n<meta name=\"robots\" content=\"index, follow, max-snippet:-1, max-image-preview:large, max-video-preview:-1\" \/>\n<link rel=\"canonical\" href=\"https:\/\/www.smedemokrati.sk\/sv\/stat-nechava-chorych-a-seniorov-cakat-na-pomoc-integrovany-posudok-sa-meni-na-pascu\/\" \/>\n<meta property=\"og:locale\" content=\"sv_SE\" \/>\n<meta property=\"og:locale:alternate\" content=\"en_US\" \/>\n<meta property=\"og:locale:alternate\" content=\"cs_CZ\" \/>\n<meta property=\"og:locale:alternate\" content=\"hu_HU\" \/>\n<meta property=\"og:locale:alternate\" content=\"sk_SK\" \/>\n<meta property=\"og:type\" content=\"article\" \/>\n<meta property=\"og:title\" content=\"\u0160t\u00e1t nech\u00e1va chor\u00fdch a seniorov \u010daka\u0165 na pomoc: Integrovan\u00fd posudok sa men\u00ed na pascu\" \/>\n<meta property=\"og:description\" content=\"Demokrati op\u00e4tovne vyz\u00fdvaj\u00fa ministra pr\u00e1ce Erika Tom\u00e1\u0161a, aby rie\u0161il kolaps syst\u00e9mu integrovan\u00fdch posudkov. Na probl\u00e9m ho u\u017e raz upozornili a konfrontovali s konkr\u00e9tnymi pr\u00edpadmi, no pod\u013ea nich situ\u00e1ciu ignoruje. Preto ho dnes druh\u00fdkr\u00e1t verejne vyz\u00fdvaj\u00fa, aby priznal zlyhanie syst\u00e9mu a okam\u017eite konal. Nov\u00fd syst\u00e9m integrovan\u00e9ho posudku, ktor\u00fd mal zjednodu\u0161i\u0165 pr\u00edstup k soci\u00e1lnej pomoci, pod\u013ea mno\u017estva [&hellip;]\" \/>\n<meta property=\"og:url\" content=\"https:\/\/www.smedemokrati.sk\/sv\/stat-nechava-chorych-a-seniorov-cakat-na-pomoc-integrovany-posudok-sa-meni-na-pascu\/\" \/>\n<meta property=\"og:site_name\" content=\"Smedemokrati.sk\" \/>\n<meta property=\"article:publisher\" content=\"https:\/\/www.facebook.com\/smedemokrati2023\" \/>\n<meta property=\"article:published_time\" content=\"2026-03-10T13:51:30+00:00\" \/>\n<meta property=\"article:modified_time\" content=\"2026-03-10T14:17:23+00:00\" \/>\n<meta property=\"og:image\" content=\"https:\/\/www.smedemokrati.sk\/wp-content\/uploads\/2026\/03\/Budicek-pre-Tomasa.png\" \/>\n\t<meta property=\"og:image:width\" content=\"1296\" \/>\n\t<meta property=\"og:image:height\" content=\"726\" \/>\n\t<meta property=\"og:image:type\" content=\"image\/png\" \/>\n<meta name=\"author\" content=\"miro.sopko\" \/>\n<meta name=\"twitter:card\" content=\"summary_large_image\" \/>\n<meta name=\"twitter:label1\" content=\"Skriven av\" \/>\n\t<meta name=\"twitter:data1\" content=\"miro.sopko\" \/>\n\t<meta name=\"twitter:label2\" content=\"Ber\u00e4knad l\u00e4stid\" \/>\n\t<meta name=\"twitter:data2\" content=\"3 minuter\" \/>\n<script type=\"application\/ld+json\" class=\"yoast-schema-graph\">{\"@context\":\"https:\/\/schema.org\",\"@graph\":[{\"@type\":\"Article\",\"@id\":\"https:\/\/www.smedemokrati.sk\/stat-nechava-chorych-a-seniorov-cakat-na-pomoc-integrovany-posudok-sa-meni-na-pascu\/#article\",\"isPartOf\":{\"@id\":\"https:\/\/www.smedemokrati.sk\/stat-nechava-chorych-a-seniorov-cakat-na-pomoc-integrovany-posudok-sa-meni-na-pascu\/\"},\"author\":{\"name\":\"miro.sopko\",\"@id\":\"https:\/\/www.smedemokrati.sk\/#\/schema\/person\/21f147c88d605aa7ded900e1e7c344ba\"},\"headline\":\"\u0160t\u00e1t nech\u00e1va chor\u00fdch a seniorov \u010daka\u0165 na pomoc: Integrovan\u00fd posudok sa men\u00ed na pascu\",\"datePublished\":\"2026-03-10T13:51:30+00:00\",\"dateModified\":\"2026-03-10T14:17:23+00:00\",\"mainEntityOfPage\":{\"@id\":\"https:\/\/www.smedemokrati.sk\/stat-nechava-chorych-a-seniorov-cakat-na-pomoc-integrovany-posudok-sa-meni-na-pascu\/\"},\"wordCount\":492,\"publisher\":{\"@id\":\"https:\/\/www.smedemokrati.sk\/#organization\"},\"image\":{\"@id\":\"https:\/\/www.smedemokrati.sk\/stat-nechava-chorych-a-seniorov-cakat-na-pomoc-integrovany-posudok-sa-meni-na-pascu\/#primaryimage\"},\"thumbnailUrl\":\"https:\/\/www.smedemokrati.sk\/wp-content\/uploads\/2026\/03\/Budicek-pre-Tomasa.png\",\"articleSection\":[\"Tla\u010dov\u00e9 spr\u00e1vy\"],\"inLanguage\":\"sv-SE\"},{\"@type\":\"WebPage\",\"@id\":\"https:\/\/www.smedemokrati.sk\/stat-nechava-chorych-a-seniorov-cakat-na-pomoc-integrovany-posudok-sa-meni-na-pascu\/\",\"url\":\"https:\/\/www.smedemokrati.sk\/stat-nechava-chorych-a-seniorov-cakat-na-pomoc-integrovany-posudok-sa-meni-na-pascu\/\",\"name\":\"\u0160t\u00e1t nech\u00e1va chor\u00fdch a seniorov \u010daka\u0165 na pomoc: Integrovan\u00fd posudok sa men\u00ed na pascu\",\"isPartOf\":{\"@id\":\"https:\/\/www.smedemokrati.sk\/#website\"},\"primaryImageOfPage\":{\"@id\":\"https:\/\/www.smedemokrati.sk\/stat-nechava-chorych-a-seniorov-cakat-na-pomoc-integrovany-posudok-sa-meni-na-pascu\/#primaryimage\"},\"image\":{\"@id\":\"https:\/\/www.smedemokrati.sk\/stat-nechava-chorych-a-seniorov-cakat-na-pomoc-integrovany-posudok-sa-meni-na-pascu\/#primaryimage\"},\"thumbnailUrl\":\"https:\/\/www.smedemokrati.sk\/wp-content\/uploads\/2026\/03\/Budicek-pre-Tomasa.png\",\"datePublished\":\"2026-03-10T13:51:30+00:00\",\"dateModified\":\"2026-03-10T14:17:23+00:00\",\"breadcrumb\":{\"@id\":\"https:\/\/www.smedemokrati.sk\/stat-nechava-chorych-a-seniorov-cakat-na-pomoc-integrovany-posudok-sa-meni-na-pascu\/#breadcrumb\"},\"inLanguage\":\"sv-SE\",\"potentialAction\":[{\"@type\":\"ReadAction\",\"target\":[\"https:\/\/www.smedemokrati.sk\/stat-nechava-chorych-a-seniorov-cakat-na-pomoc-integrovany-posudok-sa-meni-na-pascu\/\"]}]},{\"@type\":\"ImageObject\",\"inLanguage\":\"sv-SE\",\"@id\":\"https:\/\/www.smedemokrati.sk\/stat-nechava-chorych-a-seniorov-cakat-na-pomoc-integrovany-posudok-sa-meni-na-pascu\/#primaryimage\",\"url\":\"https:\/\/www.smedemokrati.sk\/wp-content\/uploads\/2026\/03\/Budicek-pre-Tomasa.png\",\"contentUrl\":\"https:\/\/www.smedemokrati.sk\/wp-content\/uploads\/2026\/03\/Budicek-pre-Tomasa.png\",\"width\":1296,\"height\":726},{\"@type\":\"BreadcrumbList\",\"@id\":\"https:\/\/www.smedemokrati.sk\/stat-nechava-chorych-a-seniorov-cakat-na-pomoc-integrovany-posudok-sa-meni-na-pascu\/#breadcrumb\",\"itemListElement\":[{\"@type\":\"ListItem\",\"position\":1,\"name\":\"Domovsk\u00e1 str\u00e1nka\",\"item\":\"https:\/\/www.smedemokrati.sk\/\"},{\"@type\":\"ListItem\",\"position\":2,\"name\":\"\u0160t\u00e1t nech\u00e1va chor\u00fdch a seniorov \u010daka\u0165 na pomoc: Integrovan\u00fd posudok sa men\u00ed na pascu\"}]},{\"@type\":\"WebSite\",\"@id\":\"https:\/\/www.smedemokrati.sk\/#website\",\"url\":\"https:\/\/www.smedemokrati.sk\/\",\"name\":\"Smedemokrati.sk\",\"description\":\"Demokracia a slu\u0161nos\u0165 zv\u00ed\u0165az\u00ed\",\"publisher\":{\"@id\":\"https:\/\/www.smedemokrati.sk\/#organization\"},\"potentialAction\":[{\"@type\":\"SearchAction\",\"target\":{\"@type\":\"EntryPoint\",\"urlTemplate\":\"https:\/\/www.smedemokrati.sk\/?s={search_term_string}\"},\"query-input\":{\"@type\":\"PropertyValueSpecification\",\"valueRequired\":true,\"valueName\":\"search_term_string\"}}],\"inLanguage\":\"sv-SE\"},{\"@type\":\"Organization\",\"@id\":\"https:\/\/www.smedemokrati.sk\/#organization\",\"name\":\"Smedemokrati.sk\",\"url\":\"https:\/\/www.smedemokrati.sk\/\",\"logo\":{\"@type\":\"ImageObject\",\"inLanguage\":\"sv-SE\",\"@id\":\"https:\/\/www.smedemokrati.sk\/#\/schema\/logo\/image\/\",\"url\":\"https:\/\/www.smedemokrati.sk\/wp-content\/uploads\/2023\/04\/ff.002.jpeg\",\"contentUrl\":\"https:\/\/www.smedemokrati.sk\/wp-content\/uploads\/2023\/04\/ff.002.jpeg\",\"width\":640,\"height\":480,\"caption\":\"Smedemokrati.sk\"},\"image\":{\"@id\":\"https:\/\/www.smedemokrati.sk\/#\/schema\/logo\/image\/\"},\"sameAs\":[\"https:\/\/www.facebook.com\/smedemokrati2023\"]},{\"@type\":\"Person\",\"@id\":\"https:\/\/www.smedemokrati.sk\/#\/schema\/person\/21f147c88d605aa7ded900e1e7c344ba\",\"name\":\"miro.sopko\",\"image\":{\"@type\":\"ImageObject\",\"inLanguage\":\"sv-SE\",\"@id\":\"https:\/\/secure.gravatar.com\/avatar\/267e4a36f704376c109afe3a78740c1f5dd8675a2180a908699e7863c9247606?s=96&d=mm&r=g\",\"url\":\"https:\/\/secure.gravatar.com\/avatar\/267e4a36f704376c109afe3a78740c1f5dd8675a2180a908699e7863c9247606?s=96&d=mm&r=g\",\"contentUrl\":\"https:\/\/secure.gravatar.com\/avatar\/267e4a36f704376c109afe3a78740c1f5dd8675a2180a908699e7863c9247606?s=96&d=mm&r=g\",\"caption\":\"miro.sopko\"},\"url\":\"https:\/\/www.smedemokrati.sk\/sv\/author\/miro-sopko\/\"}]}<\/script>\n<!-- \/ Yoast SEO plugin. -->","yoast_head_json":{"title":"\u0160t\u00e1t nech\u00e1va chor\u00fdch a seniorov \u010daka\u0165 na pomoc: Integrovan\u00fd posudok sa men\u00ed na pascu","robots":{"index":"index","follow":"follow","max-snippet":"max-snippet:-1","max-image-preview":"max-image-preview:large","max-video-preview":"max-video-preview:-1"},"canonical":"https:\/\/www.smedemokrati.sk\/sv\/stat-nechava-chorych-a-seniorov-cakat-na-pomoc-integrovany-posudok-sa-meni-na-pascu\/","og_locale":"sv_SE","og_type":"article","og_title":"[:sk]\u0160t\u00e1t nech\u00e1va chor\u00fdch a seniorov \u010daka\u0165 na pomoc: Integrovan\u00fd posudok sa men\u00ed na pascu[:] - Smedemokrati.sk","og_description":"Demokrati op\u00e4tovne vyz\u00fdvaj\u00fa ministra pr\u00e1ce Erika Tom\u00e1\u0161a, aby rie\u0161il kolaps syst\u00e9mu integrovan\u00fdch posudkov. Na probl\u00e9m ho u\u017e raz upozornili a konfrontovali s konkr\u00e9tnymi pr\u00edpadmi, no pod\u013ea nich situ\u00e1ciu ignoruje. Preto ho dnes druh\u00fdkr\u00e1t verejne vyz\u00fdvaj\u00fa, aby priznal zlyhanie syst\u00e9mu a okam\u017eite konal. Nov\u00fd syst\u00e9m integrovan\u00e9ho posudku, ktor\u00fd mal zjednodu\u0161i\u0165 pr\u00edstup k soci\u00e1lnej pomoci, pod\u013ea mno\u017estva [&hellip;]","og_url":"https:\/\/www.smedemokrati.sk\/sv\/stat-nechava-chorych-a-seniorov-cakat-na-pomoc-integrovany-posudok-sa-meni-na-pascu\/","og_site_name":"Smedemokrati.sk","article_publisher":"https:\/\/www.facebook.com\/smedemokrati2023","article_published_time":"2026-03-10T13:51:30+00:00","article_modified_time":"2026-03-10T14:17:23+00:00","og_image":[{"width":1296,"height":726,"url":"https:\/\/www.smedemokrati.sk\/wp-content\/uploads\/2026\/03\/Budicek-pre-Tomasa.png","type":"image\/png"}],"author":"miro.sopko","twitter_card":"summary_large_image","twitter_misc":{"Skriven av":"miro.sopko","Ber\u00e4knad l\u00e4stid":"3 minuter"},"schema":{"@context":"https:\/\/schema.org","@graph":[{"@type":"Article","@id":"https:\/\/www.smedemokrati.sk\/stat-nechava-chorych-a-seniorov-cakat-na-pomoc-integrovany-posudok-sa-meni-na-pascu\/#article","isPartOf":{"@id":"https:\/\/www.smedemokrati.sk\/stat-nechava-chorych-a-seniorov-cakat-na-pomoc-integrovany-posudok-sa-meni-na-pascu\/"},"author":{"name":"miro.sopko","@id":"https:\/\/www.smedemokrati.sk\/#\/schema\/person\/21f147c88d605aa7ded900e1e7c344ba"},"headline":"\u0160t\u00e1t nech\u00e1va chor\u00fdch a seniorov \u010daka\u0165 na pomoc: Integrovan\u00fd posudok sa men\u00ed na pascu","datePublished":"2026-03-10T13:51:30+00:00","dateModified":"2026-03-10T14:17:23+00:00","mainEntityOfPage":{"@id":"https:\/\/www.smedemokrati.sk\/stat-nechava-chorych-a-seniorov-cakat-na-pomoc-integrovany-posudok-sa-meni-na-pascu\/"},"wordCount":492,"publisher":{"@id":"https:\/\/www.smedemokrati.sk\/#organization"},"image":{"@id":"https:\/\/www.smedemokrati.sk\/stat-nechava-chorych-a-seniorov-cakat-na-pomoc-integrovany-posudok-sa-meni-na-pascu\/#primaryimage"},"thumbnailUrl":"https:\/\/www.smedemokrati.sk\/wp-content\/uploads\/2026\/03\/Budicek-pre-Tomasa.png","articleSection":["Tla\u010dov\u00e9 spr\u00e1vy"],"inLanguage":"sv-SE"},{"@type":"WebPage","@id":"https:\/\/www.smedemokrati.sk\/stat-nechava-chorych-a-seniorov-cakat-na-pomoc-integrovany-posudok-sa-meni-na-pascu\/","url":"https:\/\/www.smedemokrati.sk\/stat-nechava-chorych-a-seniorov-cakat-na-pomoc-integrovany-posudok-sa-meni-na-pascu\/","name":"\u0160t\u00e1t nech\u00e1va chor\u00fdch a seniorov \u010daka\u0165 na pomoc: Integrovan\u00fd posudok sa men\u00ed na pascu","isPartOf":{"@id":"https:\/\/www.smedemokrati.sk\/#website"},"primaryImageOfPage":{"@id":"https:\/\/www.smedemokrati.sk\/stat-nechava-chorych-a-seniorov-cakat-na-pomoc-integrovany-posudok-sa-meni-na-pascu\/#primaryimage"},"image":{"@id":"https:\/\/www.smedemokrati.sk\/stat-nechava-chorych-a-seniorov-cakat-na-pomoc-integrovany-posudok-sa-meni-na-pascu\/#primaryimage"},"thumbnailUrl":"https:\/\/www.smedemokrati.sk\/wp-content\/uploads\/2026\/03\/Budicek-pre-Tomasa.png","datePublished":"2026-03-10T13:51:30+00:00","dateModified":"2026-03-10T14:17:23+00:00","breadcrumb":{"@id":"https:\/\/www.smedemokrati.sk\/stat-nechava-chorych-a-seniorov-cakat-na-pomoc-integrovany-posudok-sa-meni-na-pascu\/#breadcrumb"},"inLanguage":"sv-SE","potentialAction":[{"@type":"ReadAction","target":["https:\/\/www.smedemokrati.sk\/stat-nechava-chorych-a-seniorov-cakat-na-pomoc-integrovany-posudok-sa-meni-na-pascu\/"]}]},{"@type":"ImageObject","inLanguage":"sv-SE","@id":"https:\/\/www.smedemokrati.sk\/stat-nechava-chorych-a-seniorov-cakat-na-pomoc-integrovany-posudok-sa-meni-na-pascu\/#primaryimage","url":"https:\/\/www.smedemokrati.sk\/wp-content\/uploads\/2026\/03\/Budicek-pre-Tomasa.png","contentUrl":"https:\/\/www.smedemokrati.sk\/wp-content\/uploads\/2026\/03\/Budicek-pre-Tomasa.png","width":1296,"height":726},{"@type":"BreadcrumbList","@id":"https:\/\/www.smedemokrati.sk\/stat-nechava-chorych-a-seniorov-cakat-na-pomoc-integrovany-posudok-sa-meni-na-pascu\/#breadcrumb","itemListElement":[{"@type":"ListItem","position":1,"name":"Domovsk\u00e1 str\u00e1nka","item":"https:\/\/www.smedemokrati.sk\/"},{"@type":"ListItem","position":2,"name":"\u0160t\u00e1t nech\u00e1va chor\u00fdch a seniorov \u010daka\u0165 na pomoc: Integrovan\u00fd posudok sa men\u00ed na pascu"}]},{"@type":"WebSite","@id":"https:\/\/www.smedemokrati.sk\/#website","url":"https:\/\/www.smedemokrati.sk\/","name":"Smedemokrati.sk","description":"Demokracia a slu\u0161nos\u0165 zv\u00ed\u0165az\u00ed","publisher":{"@id":"https:\/\/www.smedemokrati.sk\/#organization"},"potentialAction":[{"@type":"SearchAction","target":{"@type":"EntryPoint","urlTemplate":"https:\/\/www.smedemokrati.sk\/?s={search_term_string}"},"query-input":{"@type":"PropertyValueSpecification","valueRequired":true,"valueName":"search_term_string"}}],"inLanguage":"sv-SE"},{"@type":"Organization","@id":"https:\/\/www.smedemokrati.sk\/#organization","name":"Smedemokrati.sk","url":"https:\/\/www.smedemokrati.sk\/","logo":{"@type":"ImageObject","inLanguage":"sv-SE","@id":"https:\/\/www.smedemokrati.sk\/#\/schema\/logo\/image\/","url":"https:\/\/www.smedemokrati.sk\/wp-content\/uploads\/2023\/04\/ff.002.jpeg","contentUrl":"https:\/\/www.smedemokrati.sk\/wp-content\/uploads\/2023\/04\/ff.002.jpeg","width":640,"height":480,"caption":"Smedemokrati.sk"},"image":{"@id":"https:\/\/www.smedemokrati.sk\/#\/schema\/logo\/image\/"},"sameAs":["https:\/\/www.facebook.com\/smedemokrati2023"]},{"@type":"Person","@id":"https:\/\/www.smedemokrati.sk\/#\/schema\/person\/21f147c88d605aa7ded900e1e7c344ba","name":"miro.sopko","image":{"@type":"ImageObject","inLanguage":"sv-SE","@id":"https:\/\/secure.gravatar.com\/avatar\/267e4a36f704376c109afe3a78740c1f5dd8675a2180a908699e7863c9247606?s=96&d=mm&r=g","url":"https:\/\/secure.gravatar.com\/avatar\/267e4a36f704376c109afe3a78740c1f5dd8675a2180a908699e7863c9247606?s=96&d=mm&r=g","contentUrl":"https:\/\/secure.gravatar.com\/avatar\/267e4a36f704376c109afe3a78740c1f5dd8675a2180a908699e7863c9247606?s=96&d=mm&r=g","caption":"miro.sopko"},"url":"https:\/\/www.smedemokrati.sk\/sv\/author\/miro-sopko\/"}]}},"_links":{"self":[{"href":"https:\/\/www.smedemokrati.sk\/sv\/wp-json\/wp\/v2\/posts\/8986","targetHints":{"allow":["GET"]}}],"collection":[{"href":"https:\/\/www.smedemokrati.sk\/sv\/wp-json\/wp\/v2\/posts"}],"about":[{"href":"https:\/\/www.smedemokrati.sk\/sv\/wp-json\/wp\/v2\/types\/post"}],"author":[{"embeddable":true,"href":"https:\/\/www.smedemokrati.sk\/sv\/wp-json\/wp\/v2\/users\/13"}],"replies":[{"embeddable":true,"href":"https:\/\/www.smedemokrati.sk\/sv\/wp-json\/wp\/v2\/comments?post=8986"}],"version-history":[{"count":2,"href":"https:\/\/www.smedemokrati.sk\/sv\/wp-json\/wp\/v2\/posts\/8986\/revisions"}],"predecessor-version":[{"id":8989,"href":"https:\/\/www.smedemokrati.sk\/sv\/wp-json\/wp\/v2\/posts\/8986\/revisions\/8989"}],"wp:featuredmedia":[{"embeddable":true,"href":"https:\/\/www.smedemokrati.sk\/sv\/wp-json\/wp\/v2\/media\/8987"}],"wp:attachment":[{"href":"https:\/\/www.smedemokrati.sk\/sv\/wp-json\/wp\/v2\/media?parent=8986"}],"wp:term":[{"taxonomy":"category","embeddable":true,"href":"https:\/\/www.smedemokrati.sk\/sv\/wp-json\/wp\/v2\/categories?post=8986"},{"taxonomy":"post_tag","embeddable":true,"href":"https:\/\/www.smedemokrati.sk\/sv\/wp-json\/wp\/v2\/tags?post=8986"}],"curies":[{"name":"wp","href":"https:\/\/api.w.org\/{rel}","templated":true}]}}