{"id":8970,"date":"2026-03-06T22:24:36","date_gmt":"2026-03-06T21:24:36","guid":{"rendered":"https:\/\/www.smedemokrati.sk\/?p=8970"},"modified":"2026-03-06T23:24:23","modified_gmt":"2026-03-06T22:24:23","slug":"budova-cisty-den-za-euro-zlyhanie-statu-a-moralky-pokracuje","status":"publish","type":"post","link":"https:\/\/www.smedemokrati.sk\/sv\/budova-cisty-den-za-euro-zlyhanie-statu-a-moralky-pokracuje\/","title":{"rendered":"Budova \u010cist\u00fd de\u0148 za euro: Zlyhanie \u0161t\u00e1tu a mor\u00e1lky pokra\u010duje"},"content":{"rendered":"<div id=\"fb-root\"><\/div>\n\n<p><strong>Budova zariadenia \u010cist\u00fd de\u0148 prejde do vlastn\u00edctva organiz\u00e1cie za symbolick\u00e9 jedno euro, napriek z\u00e1va\u017en\u00fdm pochybeniam v minulosti.<br><\/strong><br>S\u00fad rozhodol, \u017ee budova v Galante, ktor\u00fa mala roky po\u017ei\u010dan\u00fa neziskov\u00e1 organiz\u00e1cia \u010cist\u00fd de\u0148, nemus\u00ed by\u0165 vr\u00e1ten\u00e1 Trnavsk\u00e9mu samospr\u00e1vnemu kraju. Pod\u013ea rozsudku sa vych\u00e1dzalo zo zmluvy z roku 2005, ktor\u00e1 po 15 rokoch pou\u017e\u00edvania umo\u017e\u0148ovala prevod budovy za symbolick\u00e9 jedno euro. Spor vznikol po odobrat\u00ed akredit\u00e1cie organiz\u00e1cii pre z\u00e1va\u017en\u00e9 podozrenia zo zneu\u017e\u00edvania klientov.<\/p>\n\n\n\n<p>Demokrati pova\u017euj\u00fa tento verdikt za eticky a spolo\u010densky problematick\u00fd.&nbsp;<em>\u201eJe neprijate\u013en\u00e9, aby verejn\u00fd majetok skon\u010dil v ruk\u00e1ch organiz\u00e1cie, ktor\u00e1 sa stala symbolom jedn\u00e9ho z najv\u00e4\u010d\u0161\u00edch zlyhan\u00ed ochrany det\u00ed na Slovensku. Pr\u00e1vo mus\u00ed reflektova\u0165 aj mor\u00e1lnu zodpovednos\u0165, nie len star\u00e9 zmluvy,\u201c&nbsp;<\/em>uviedla Nat\u00e1lia Blahov\u00e1, expertka Demokratov na soci\u00e1lnu oblas\u0165, ktor\u00e1 kauzu \u010cist\u00fd de\u0148 v minulosti pom\u00e1hala odhali\u0165.<\/p>\n\n\n\n<p><em>\u201eZodpovednos\u0165 vo\u010di najzranite\u013enej\u0161\u00edm \u2013 de\u0165om mus\u00ed by\u0165 v\u017edy nadraden\u00e1 form\u00e1lnym pr\u00e1vnym n\u00e1rokom. Ochrana det\u00ed a d\u00f4vera verejnosti v \u0161t\u00e1tny syst\u00e9m nem\u00f4\u017ee by\u0165 obe\u0165ou administrat\u00edvnej techniky,\u201c<\/em>&nbsp;dodala Blahov\u00e1.<\/p>\n\n\n\n<p>Ide o prvostup\u0148ov\u00e9 rozhodnutie a Trnavsk\u00fd samospr\u00e1vny kraj u\u017e deklaroval, \u017ee sa bude vo veci \u010falej br\u00e1ni\u0165 na odvolacom s\u00fade.<\/p>\n","protected":false},"excerpt":{"rendered":"<p>Budova zariadenia \u010cist\u00fd de\u0148 prejde do vlastn\u00edctva organiz\u00e1cie za symbolick\u00e9 jedno euro, napriek z\u00e1va\u017en\u00fdm pochybeniam v minulosti.S\u00fad rozhodol, \u017ee budova v Galante, ktor\u00fa mala roky po\u017ei\u010dan\u00fa neziskov\u00e1 organiz\u00e1cia \u010cist\u00fd de\u0148, nemus\u00ed by\u0165 vr\u00e1ten\u00e1 Trnavsk\u00e9mu samospr\u00e1vnemu kraju. Pod\u013ea rozsudku sa vych\u00e1dzalo zo zmluvy z roku 2005, ktor\u00e1 po 15 rokoch pou\u017e\u00edvania umo\u017e\u0148ovala prevod budovy za symbolick\u00e9 [&hellip;]<\/p>\n","protected":false},"author":13,"featured_media":8972,"comment_status":"closed","ping_status":"closed","sticky":false,"template":"","format":"standard","meta":{"_acf_changed":false,"ngg_post_thumbnail":0,"footnotes":""},"categories":[4],"tags":[],"class_list":["post-8970","post","type-post","status-publish","format-standard","has-post-thumbnail","hentry","category-tlacove-spravy"],"acf":[],"yoast_head":"<!-- This site is optimized with the Yoast SEO plugin v27.2 - https:\/\/yoast.com\/product\/yoast-seo-wordpress\/ -->\n<title>Budova \u010cist\u00fd de\u0148 za euro: Zlyhanie \u0161t\u00e1tu a mor\u00e1lky pokra\u010duje<\/title>\n<meta name=\"robots\" content=\"index, follow, max-snippet:-1, max-image-preview:large, max-video-preview:-1\" \/>\n<link rel=\"canonical\" href=\"https:\/\/www.smedemokrati.sk\/sv\/budova-cisty-den-za-euro-zlyhanie-statu-a-moralky-pokracuje\/\" \/>\n<meta property=\"og:locale\" content=\"sv_SE\" \/>\n<meta property=\"og:locale:alternate\" content=\"en_US\" \/>\n<meta property=\"og:locale:alternate\" content=\"cs_CZ\" \/>\n<meta property=\"og:locale:alternate\" content=\"hu_HU\" \/>\n<meta property=\"og:locale:alternate\" content=\"sk_SK\" \/>\n<meta property=\"og:type\" content=\"article\" \/>\n<meta property=\"og:title\" content=\"Budova \u010cist\u00fd de\u0148 za euro: Zlyhanie \u0161t\u00e1tu a mor\u00e1lky pokra\u010duje\" \/>\n<meta property=\"og:description\" content=\"Budova zariadenia \u010cist\u00fd de\u0148 prejde do vlastn\u00edctva organiz\u00e1cie za symbolick\u00e9 jedno euro, napriek z\u00e1va\u017en\u00fdm pochybeniam v minulosti.S\u00fad rozhodol, \u017ee budova v Galante, ktor\u00fa mala roky po\u017ei\u010dan\u00fa neziskov\u00e1 organiz\u00e1cia \u010cist\u00fd de\u0148, nemus\u00ed by\u0165 vr\u00e1ten\u00e1 Trnavsk\u00e9mu samospr\u00e1vnemu kraju. Pod\u013ea rozsudku sa vych\u00e1dzalo zo zmluvy z roku 2005, ktor\u00e1 po 15 rokoch pou\u017e\u00edvania umo\u017e\u0148ovala prevod budovy za symbolick\u00e9 [&hellip;]\" \/>\n<meta property=\"og:url\" content=\"https:\/\/www.smedemokrati.sk\/sv\/budova-cisty-den-za-euro-zlyhanie-statu-a-moralky-pokracuje\/\" \/>\n<meta property=\"og:site_name\" content=\"Smedemokrati.sk\" \/>\n<meta property=\"article:publisher\" content=\"https:\/\/www.facebook.com\/smedemokrati2023\" \/>\n<meta property=\"article:published_time\" content=\"2026-03-06T21:24:36+00:00\" \/>\n<meta property=\"article:modified_time\" content=\"2026-03-06T22:24:23+00:00\" \/>\n<meta property=\"og:image\" content=\"https:\/\/www.smedemokrati.sk\/wp-content\/uploads\/2026\/03\/Natalia-Blahova.jpg\" \/>\n\t<meta property=\"og:image:width\" content=\"1600\" \/>\n\t<meta property=\"og:image:height\" content=\"1066\" \/>\n\t<meta property=\"og:image:type\" content=\"image\/jpeg\" \/>\n<meta name=\"author\" content=\"miro.sopko\" \/>\n<meta name=\"twitter:card\" content=\"summary_large_image\" \/>\n<meta name=\"twitter:label1\" content=\"Skriven av\" \/>\n\t<meta name=\"twitter:data1\" content=\"miro.sopko\" \/>\n\t<meta name=\"twitter:label2\" content=\"Ber\u00e4knad l\u00e4stid\" \/>\n\t<meta name=\"twitter:data2\" content=\"2 minuter\" \/>\n<script type=\"application\/ld+json\" class=\"yoast-schema-graph\">{\"@context\":\"https:\/\/schema.org\",\"@graph\":[{\"@type\":\"Article\",\"@id\":\"https:\/\/www.smedemokrati.sk\/budova-cisty-den-za-euro-zlyhanie-statu-a-moralky-pokracuje\/#article\",\"isPartOf\":{\"@id\":\"https:\/\/www.smedemokrati.sk\/budova-cisty-den-za-euro-zlyhanie-statu-a-moralky-pokracuje\/\"},\"author\":{\"name\":\"miro.sopko\",\"@id\":\"https:\/\/www.smedemokrati.sk\/#\/schema\/person\/21f147c88d605aa7ded900e1e7c344ba\"},\"headline\":\"Budova \u010cist\u00fd de\u0148 za euro: Zlyhanie \u0161t\u00e1tu a mor\u00e1lky pokra\u010duje\",\"datePublished\":\"2026-03-06T21:24:36+00:00\",\"dateModified\":\"2026-03-06T22:24:23+00:00\",\"mainEntityOfPage\":{\"@id\":\"https:\/\/www.smedemokrati.sk\/budova-cisty-den-za-euro-zlyhanie-statu-a-moralky-pokracuje\/\"},\"wordCount\":240,\"publisher\":{\"@id\":\"https:\/\/www.smedemokrati.sk\/#organization\"},\"image\":{\"@id\":\"https:\/\/www.smedemokrati.sk\/budova-cisty-den-za-euro-zlyhanie-statu-a-moralky-pokracuje\/#primaryimage\"},\"thumbnailUrl\":\"https:\/\/www.smedemokrati.sk\/wp-content\/uploads\/2026\/03\/Natalia-Blahova.jpg\",\"articleSection\":[\"Tla\u010dov\u00e9 spr\u00e1vy\"],\"inLanguage\":\"sv-SE\"},{\"@type\":\"WebPage\",\"@id\":\"https:\/\/www.smedemokrati.sk\/budova-cisty-den-za-euro-zlyhanie-statu-a-moralky-pokracuje\/\",\"url\":\"https:\/\/www.smedemokrati.sk\/budova-cisty-den-za-euro-zlyhanie-statu-a-moralky-pokracuje\/\",\"name\":\"Budova \u010cist\u00fd de\u0148 za euro: Zlyhanie \u0161t\u00e1tu a mor\u00e1lky pokra\u010duje\",\"isPartOf\":{\"@id\":\"https:\/\/www.smedemokrati.sk\/#website\"},\"primaryImageOfPage\":{\"@id\":\"https:\/\/www.smedemokrati.sk\/budova-cisty-den-za-euro-zlyhanie-statu-a-moralky-pokracuje\/#primaryimage\"},\"image\":{\"@id\":\"https:\/\/www.smedemokrati.sk\/budova-cisty-den-za-euro-zlyhanie-statu-a-moralky-pokracuje\/#primaryimage\"},\"thumbnailUrl\":\"https:\/\/www.smedemokrati.sk\/wp-content\/uploads\/2026\/03\/Natalia-Blahova.jpg\",\"datePublished\":\"2026-03-06T21:24:36+00:00\",\"dateModified\":\"2026-03-06T22:24:23+00:00\",\"breadcrumb\":{\"@id\":\"https:\/\/www.smedemokrati.sk\/budova-cisty-den-za-euro-zlyhanie-statu-a-moralky-pokracuje\/#breadcrumb\"},\"inLanguage\":\"sv-SE\",\"potentialAction\":[{\"@type\":\"ReadAction\",\"target\":[\"https:\/\/www.smedemokrati.sk\/budova-cisty-den-za-euro-zlyhanie-statu-a-moralky-pokracuje\/\"]}]},{\"@type\":\"ImageObject\",\"inLanguage\":\"sv-SE\",\"@id\":\"https:\/\/www.smedemokrati.sk\/budova-cisty-den-za-euro-zlyhanie-statu-a-moralky-pokracuje\/#primaryimage\",\"url\":\"https:\/\/www.smedemokrati.sk\/wp-content\/uploads\/2026\/03\/Natalia-Blahova.jpg\",\"contentUrl\":\"https:\/\/www.smedemokrati.sk\/wp-content\/uploads\/2026\/03\/Natalia-Blahova.jpg\",\"width\":1600,\"height\":1066},{\"@type\":\"BreadcrumbList\",\"@id\":\"https:\/\/www.smedemokrati.sk\/budova-cisty-den-za-euro-zlyhanie-statu-a-moralky-pokracuje\/#breadcrumb\",\"itemListElement\":[{\"@type\":\"ListItem\",\"position\":1,\"name\":\"Domovsk\u00e1 str\u00e1nka\",\"item\":\"https:\/\/www.smedemokrati.sk\/\"},{\"@type\":\"ListItem\",\"position\":2,\"name\":\"Budova \u010cist\u00fd de\u0148 za euro: Zlyhanie \u0161t\u00e1tu a mor\u00e1lky pokra\u010duje\"}]},{\"@type\":\"WebSite\",\"@id\":\"https:\/\/www.smedemokrati.sk\/#website\",\"url\":\"https:\/\/www.smedemokrati.sk\/\",\"name\":\"Smedemokrati.sk\",\"description\":\"Demokracia a slu\u0161nos\u0165 zv\u00ed\u0165az\u00ed\",\"publisher\":{\"@id\":\"https:\/\/www.smedemokrati.sk\/#organization\"},\"potentialAction\":[{\"@type\":\"SearchAction\",\"target\":{\"@type\":\"EntryPoint\",\"urlTemplate\":\"https:\/\/www.smedemokrati.sk\/?s={search_term_string}\"},\"query-input\":{\"@type\":\"PropertyValueSpecification\",\"valueRequired\":true,\"valueName\":\"search_term_string\"}}],\"inLanguage\":\"sv-SE\"},{\"@type\":\"Organization\",\"@id\":\"https:\/\/www.smedemokrati.sk\/#organization\",\"name\":\"Smedemokrati.sk\",\"url\":\"https:\/\/www.smedemokrati.sk\/\",\"logo\":{\"@type\":\"ImageObject\",\"inLanguage\":\"sv-SE\",\"@id\":\"https:\/\/www.smedemokrati.sk\/#\/schema\/logo\/image\/\",\"url\":\"https:\/\/www.smedemokrati.sk\/wp-content\/uploads\/2023\/04\/ff.002.jpeg\",\"contentUrl\":\"https:\/\/www.smedemokrati.sk\/wp-content\/uploads\/2023\/04\/ff.002.jpeg\",\"width\":640,\"height\":480,\"caption\":\"Smedemokrati.sk\"},\"image\":{\"@id\":\"https:\/\/www.smedemokrati.sk\/#\/schema\/logo\/image\/\"},\"sameAs\":[\"https:\/\/www.facebook.com\/smedemokrati2023\"]},{\"@type\":\"Person\",\"@id\":\"https:\/\/www.smedemokrati.sk\/#\/schema\/person\/21f147c88d605aa7ded900e1e7c344ba\",\"name\":\"miro.sopko\",\"image\":{\"@type\":\"ImageObject\",\"inLanguage\":\"sv-SE\",\"@id\":\"https:\/\/secure.gravatar.com\/avatar\/267e4a36f704376c109afe3a78740c1f5dd8675a2180a908699e7863c9247606?s=96&d=mm&r=g\",\"url\":\"https:\/\/secure.gravatar.com\/avatar\/267e4a36f704376c109afe3a78740c1f5dd8675a2180a908699e7863c9247606?s=96&d=mm&r=g\",\"contentUrl\":\"https:\/\/secure.gravatar.com\/avatar\/267e4a36f704376c109afe3a78740c1f5dd8675a2180a908699e7863c9247606?s=96&d=mm&r=g\",\"caption\":\"miro.sopko\"},\"url\":\"https:\/\/www.smedemokrati.sk\/sv\/author\/miro-sopko\/\"}]}<\/script>\n<!-- \/ Yoast SEO plugin. -->","yoast_head_json":{"title":"Budova \u010cist\u00fd de\u0148 za euro: Zlyhanie \u0161t\u00e1tu a mor\u00e1lky pokra\u010duje","robots":{"index":"index","follow":"follow","max-snippet":"max-snippet:-1","max-image-preview":"max-image-preview:large","max-video-preview":"max-video-preview:-1"},"canonical":"https:\/\/www.smedemokrati.sk\/sv\/budova-cisty-den-za-euro-zlyhanie-statu-a-moralky-pokracuje\/","og_locale":"sv_SE","og_type":"article","og_title":"[:sk]Budova \u010cist\u00fd de\u0148 za euro: Zlyhanie \u0161t\u00e1tu a mor\u00e1lky pokra\u010duje[:] - Smedemokrati.sk","og_description":"Budova zariadenia \u010cist\u00fd de\u0148 prejde do vlastn\u00edctva organiz\u00e1cie za symbolick\u00e9 jedno euro, napriek z\u00e1va\u017en\u00fdm pochybeniam v minulosti.S\u00fad rozhodol, \u017ee budova v Galante, ktor\u00fa mala roky po\u017ei\u010dan\u00fa neziskov\u00e1 organiz\u00e1cia \u010cist\u00fd de\u0148, nemus\u00ed by\u0165 vr\u00e1ten\u00e1 Trnavsk\u00e9mu samospr\u00e1vnemu kraju. Pod\u013ea rozsudku sa vych\u00e1dzalo zo zmluvy z roku 2005, ktor\u00e1 po 15 rokoch pou\u017e\u00edvania umo\u017e\u0148ovala prevod budovy za symbolick\u00e9 [&hellip;]","og_url":"https:\/\/www.smedemokrati.sk\/sv\/budova-cisty-den-za-euro-zlyhanie-statu-a-moralky-pokracuje\/","og_site_name":"Smedemokrati.sk","article_publisher":"https:\/\/www.facebook.com\/smedemokrati2023","article_published_time":"2026-03-06T21:24:36+00:00","article_modified_time":"2026-03-06T22:24:23+00:00","og_image":[{"width":1600,"height":1066,"url":"https:\/\/www.smedemokrati.sk\/wp-content\/uploads\/2026\/03\/Natalia-Blahova.jpg","type":"image\/jpeg"}],"author":"miro.sopko","twitter_card":"summary_large_image","twitter_misc":{"Skriven av":"miro.sopko","Ber\u00e4knad l\u00e4stid":"2 minuter"},"schema":{"@context":"https:\/\/schema.org","@graph":[{"@type":"Article","@id":"https:\/\/www.smedemokrati.sk\/budova-cisty-den-za-euro-zlyhanie-statu-a-moralky-pokracuje\/#article","isPartOf":{"@id":"https:\/\/www.smedemokrati.sk\/budova-cisty-den-za-euro-zlyhanie-statu-a-moralky-pokracuje\/"},"author":{"name":"miro.sopko","@id":"https:\/\/www.smedemokrati.sk\/#\/schema\/person\/21f147c88d605aa7ded900e1e7c344ba"},"headline":"Budova \u010cist\u00fd de\u0148 za euro: Zlyhanie \u0161t\u00e1tu a mor\u00e1lky pokra\u010duje","datePublished":"2026-03-06T21:24:36+00:00","dateModified":"2026-03-06T22:24:23+00:00","mainEntityOfPage":{"@id":"https:\/\/www.smedemokrati.sk\/budova-cisty-den-za-euro-zlyhanie-statu-a-moralky-pokracuje\/"},"wordCount":240,"publisher":{"@id":"https:\/\/www.smedemokrati.sk\/#organization"},"image":{"@id":"https:\/\/www.smedemokrati.sk\/budova-cisty-den-za-euro-zlyhanie-statu-a-moralky-pokracuje\/#primaryimage"},"thumbnailUrl":"https:\/\/www.smedemokrati.sk\/wp-content\/uploads\/2026\/03\/Natalia-Blahova.jpg","articleSection":["Tla\u010dov\u00e9 spr\u00e1vy"],"inLanguage":"sv-SE"},{"@type":"WebPage","@id":"https:\/\/www.smedemokrati.sk\/budova-cisty-den-za-euro-zlyhanie-statu-a-moralky-pokracuje\/","url":"https:\/\/www.smedemokrati.sk\/budova-cisty-den-za-euro-zlyhanie-statu-a-moralky-pokracuje\/","name":"Budova \u010cist\u00fd de\u0148 za euro: Zlyhanie \u0161t\u00e1tu a mor\u00e1lky pokra\u010duje","isPartOf":{"@id":"https:\/\/www.smedemokrati.sk\/#website"},"primaryImageOfPage":{"@id":"https:\/\/www.smedemokrati.sk\/budova-cisty-den-za-euro-zlyhanie-statu-a-moralky-pokracuje\/#primaryimage"},"image":{"@id":"https:\/\/www.smedemokrati.sk\/budova-cisty-den-za-euro-zlyhanie-statu-a-moralky-pokracuje\/#primaryimage"},"thumbnailUrl":"https:\/\/www.smedemokrati.sk\/wp-content\/uploads\/2026\/03\/Natalia-Blahova.jpg","datePublished":"2026-03-06T21:24:36+00:00","dateModified":"2026-03-06T22:24:23+00:00","breadcrumb":{"@id":"https:\/\/www.smedemokrati.sk\/budova-cisty-den-za-euro-zlyhanie-statu-a-moralky-pokracuje\/#breadcrumb"},"inLanguage":"sv-SE","potentialAction":[{"@type":"ReadAction","target":["https:\/\/www.smedemokrati.sk\/budova-cisty-den-za-euro-zlyhanie-statu-a-moralky-pokracuje\/"]}]},{"@type":"ImageObject","inLanguage":"sv-SE","@id":"https:\/\/www.smedemokrati.sk\/budova-cisty-den-za-euro-zlyhanie-statu-a-moralky-pokracuje\/#primaryimage","url":"https:\/\/www.smedemokrati.sk\/wp-content\/uploads\/2026\/03\/Natalia-Blahova.jpg","contentUrl":"https:\/\/www.smedemokrati.sk\/wp-content\/uploads\/2026\/03\/Natalia-Blahova.jpg","width":1600,"height":1066},{"@type":"BreadcrumbList","@id":"https:\/\/www.smedemokrati.sk\/budova-cisty-den-za-euro-zlyhanie-statu-a-moralky-pokracuje\/#breadcrumb","itemListElement":[{"@type":"ListItem","position":1,"name":"Domovsk\u00e1 str\u00e1nka","item":"https:\/\/www.smedemokrati.sk\/"},{"@type":"ListItem","position":2,"name":"Budova \u010cist\u00fd de\u0148 za euro: Zlyhanie \u0161t\u00e1tu a mor\u00e1lky pokra\u010duje"}]},{"@type":"WebSite","@id":"https:\/\/www.smedemokrati.sk\/#website","url":"https:\/\/www.smedemokrati.sk\/","name":"Smedemokrati.sk","description":"Demokracia a slu\u0161nos\u0165 zv\u00ed\u0165az\u00ed","publisher":{"@id":"https:\/\/www.smedemokrati.sk\/#organization"},"potentialAction":[{"@type":"SearchAction","target":{"@type":"EntryPoint","urlTemplate":"https:\/\/www.smedemokrati.sk\/?s={search_term_string}"},"query-input":{"@type":"PropertyValueSpecification","valueRequired":true,"valueName":"search_term_string"}}],"inLanguage":"sv-SE"},{"@type":"Organization","@id":"https:\/\/www.smedemokrati.sk\/#organization","name":"Smedemokrati.sk","url":"https:\/\/www.smedemokrati.sk\/","logo":{"@type":"ImageObject","inLanguage":"sv-SE","@id":"https:\/\/www.smedemokrati.sk\/#\/schema\/logo\/image\/","url":"https:\/\/www.smedemokrati.sk\/wp-content\/uploads\/2023\/04\/ff.002.jpeg","contentUrl":"https:\/\/www.smedemokrati.sk\/wp-content\/uploads\/2023\/04\/ff.002.jpeg","width":640,"height":480,"caption":"Smedemokrati.sk"},"image":{"@id":"https:\/\/www.smedemokrati.sk\/#\/schema\/logo\/image\/"},"sameAs":["https:\/\/www.facebook.com\/smedemokrati2023"]},{"@type":"Person","@id":"https:\/\/www.smedemokrati.sk\/#\/schema\/person\/21f147c88d605aa7ded900e1e7c344ba","name":"miro.sopko","image":{"@type":"ImageObject","inLanguage":"sv-SE","@id":"https:\/\/secure.gravatar.com\/avatar\/267e4a36f704376c109afe3a78740c1f5dd8675a2180a908699e7863c9247606?s=96&d=mm&r=g","url":"https:\/\/secure.gravatar.com\/avatar\/267e4a36f704376c109afe3a78740c1f5dd8675a2180a908699e7863c9247606?s=96&d=mm&r=g","contentUrl":"https:\/\/secure.gravatar.com\/avatar\/267e4a36f704376c109afe3a78740c1f5dd8675a2180a908699e7863c9247606?s=96&d=mm&r=g","caption":"miro.sopko"},"url":"https:\/\/www.smedemokrati.sk\/sv\/author\/miro-sopko\/"}]}},"_links":{"self":[{"href":"https:\/\/www.smedemokrati.sk\/sv\/wp-json\/wp\/v2\/posts\/8970","targetHints":{"allow":["GET"]}}],"collection":[{"href":"https:\/\/www.smedemokrati.sk\/sv\/wp-json\/wp\/v2\/posts"}],"about":[{"href":"https:\/\/www.smedemokrati.sk\/sv\/wp-json\/wp\/v2\/types\/post"}],"author":[{"embeddable":true,"href":"https:\/\/www.smedemokrati.sk\/sv\/wp-json\/wp\/v2\/users\/13"}],"replies":[{"embeddable":true,"href":"https:\/\/www.smedemokrati.sk\/sv\/wp-json\/wp\/v2\/comments?post=8970"}],"version-history":[{"count":1,"href":"https:\/\/www.smedemokrati.sk\/sv\/wp-json\/wp\/v2\/posts\/8970\/revisions"}],"predecessor-version":[{"id":8971,"href":"https:\/\/www.smedemokrati.sk\/sv\/wp-json\/wp\/v2\/posts\/8970\/revisions\/8971"}],"wp:featuredmedia":[{"embeddable":true,"href":"https:\/\/www.smedemokrati.sk\/sv\/wp-json\/wp\/v2\/media\/8972"}],"wp:attachment":[{"href":"https:\/\/www.smedemokrati.sk\/sv\/wp-json\/wp\/v2\/media?parent=8970"}],"wp:term":[{"taxonomy":"category","embeddable":true,"href":"https:\/\/www.smedemokrati.sk\/sv\/wp-json\/wp\/v2\/categories?post=8970"},{"taxonomy":"post_tag","embeddable":true,"href":"https:\/\/www.smedemokrati.sk\/sv\/wp-json\/wp\/v2\/tags?post=8970"}],"curies":[{"name":"wp","href":"https:\/\/api.w.org\/{rel}","templated":true}]}}