{"id":8921,"date":"2026-02-26T15:59:21","date_gmt":"2026-02-26T14:59:21","guid":{"rendered":"https:\/\/www.smedemokrati.sk\/?p=8921"},"modified":"2026-02-26T15:59:22","modified_gmt":"2026-02-26T14:59:22","slug":"pre-zonaciu-tatranskeho-narodneho-parku-podavame-staznost-europskej-komisii","status":"publish","type":"post","link":"https:\/\/www.smedemokrati.sk\/sv\/pre-zonaciu-tatranskeho-narodneho-parku-podavame-staznost-europskej-komisii\/","title":{"rendered":"Pre zon\u00e1ciu tatransk\u00e9ho n\u00e1rodn\u00e9ho parku pod\u00e1vame s\u0165a\u017enos\u0165 Eur\u00f3pskej komisii"},"content":{"rendered":"<div id=\"fb-root\"><\/div>\n\n<p><strong>N\u00e1vrh zon\u00e1cie Tatransk\u00e9ho n\u00e1rodn\u00e9ho parku (TANAP) nielen\u017ee ohrozuje pr\u00edrodu, ale je v rozpore aj so slovenskou a eur\u00f3pskou legislat\u00edvou. Ke\u010f\u017ee v\u00e1\u017ene pochybenia neboli odstr\u00e1nen\u00e9 ani v pripomienkovom konan\u00ed, obraciame sa so s\u0165a\u017enos\u0165ou na Eur\u00f3psku komisiu. Vyz\u00fdvame vl\u00e1du SR, aby a\u017e do jej vyjadrenia n\u00e1vrh nariadenia neschva\u013eovala.\u00a0<\/strong><\/p>\n\n\n\n<p>Ke\u010f\u017ee n\u00e1vrh zon\u00e1cie vytv\u00e1ra r\u00e1mec pre schv\u00e1lenie stoviek hekt\u00e1rov nov\u00fdch lanoviek, hotelov, zjazdov\u00fdch trat\u00ed a podobnej infra\u0161trukt\u00fary priamo v chr\u00e1nenom \u00fazem\u00ed, pod\u013ea z\u00e1kona o posudzovan\u00ed vplyvov na \u017eivotn\u00e9 prostredie a aj smernice E\u00da o posudzovan\u00ed \u00fa\u010dinkov ur\u010dit\u00fdch pl\u00e1nov a programov na \u017eivotn\u00e9 prostredie mala by\u0165 predmetom tzv. strategick\u00e9ho pos\u00fadenia (SEA). \u201e<em>D\u00f4vodom je, \u017ee tieto investi\u010dn\u00e9 aktivity m\u00f4\u017eu ma\u0165 negat\u00edvny vplyv na ochranu pr\u00edrody, ktor\u00fd je potrebn\u00e9 vyhodnoti\u0165 aj vo vz\u0165ahu k zon\u00e1cii, ktor\u00e1 ich roz\u0161irovanie umo\u017e\u0148uje. Tento proces sa v zmysle smernice mal vykona\u0165 e\u0161te pred pripomienkov\u00fdm konan\u00edm, k \u010domu ale nedo\u0161lo. Ministerstvo t\u00fato po\u017eiadavku odmietlo. Obraciame sa preto so s\u0165a\u017enos\u0165ou na Eur\u00f3psku komisiu, ke\u010f\u017ee toto pochybenie m\u00f4\u017ee ohrozi\u0165 aj splnenie z\u00e1v\u00e4zku dokon\u010di\u0165 zon\u00e1cie n\u00e1rodn\u00fdch parkov v pl\u00e1ne obnovy<\/em>,\u201d vysvet\u013euje podpredseda Demokratov Michal Ki\u010da, ktor\u00fd pripravil aj hromadn\u00fa pripomienku.\u00a0<\/p>\n\n\n\n<p>Envirorezort m\u00f4\u017ee tento probl\u00e9m vyrie\u0161i\u0165 aj ve\u013emi jednoducho, a to vypusten\u00edm nov\u00fdch zjazdoviek z n\u00e1vrhu zon\u00e1cie, ktor\u00e1 by sa tak stihol z\u00e1konne schv\u00e1li\u0165 v term\u00edne stanovenom pl\u00e1nom obnovy do konca marca 2026. A pr\u00edpadn\u00e9 roz\u0161\u00edrenie developerskej infra\u0161trukt\u00fary rie\u0161i\u0165 n\u00e1sledne a v s\u00falade s legislat\u00edvou.&nbsp;<\/p>\n\n\n\n<p>\u201e<em>Zon\u00e1cia v podan\u00ed Tarabu s Kuffom vyhovuje akur\u00e1t developerom a predstavuje obrovsk\u00e9 riziko pre tatransk\u00fa pr\u00edrodu, na \u010do pouk\u00e1zali aj na\u0161e najv\u00fdznamnej\u0161ie vedeck\u00e9 in\u0161tit\u00facie. Je na\u0161ou povinnos\u0165ou namietnu\u0165 mo\u017en\u00e9 poru\u0161enie legislat\u00edvy a pok\u00fasi\u0165 sa dosiahnu\u0165 skuto\u010dn\u00fa ochranu najstar\u0161ieho n\u00e1rodn\u00e9ho parku,<\/em>\u201d uzavrel Michal Ki\u010da.<\/p>\n","protected":false},"excerpt":{"rendered":"<p>N\u00e1vrh zon\u00e1cie Tatransk\u00e9ho n\u00e1rodn\u00e9ho parku (TANAP) nielen\u017ee ohrozuje pr\u00edrodu, ale je v rozpore aj so slovenskou a eur\u00f3pskou legislat\u00edvou. Ke\u010f\u017ee v\u00e1\u017ene pochybenia neboli odstr\u00e1nen\u00e9 ani v pripomienkovom konan\u00ed, obraciame sa so s\u0165a\u017enos\u0165ou na Eur\u00f3psku komisiu. Vyz\u00fdvame vl\u00e1du SR, aby a\u017e do jej vyjadrenia n\u00e1vrh nariadenia neschva\u013eovala.\u00a0 Ke\u010f\u017ee n\u00e1vrh zon\u00e1cie vytv\u00e1ra r\u00e1mec pre schv\u00e1lenie stoviek hekt\u00e1rov [&hellip;]<\/p>\n","protected":false},"author":13,"featured_media":385,"comment_status":"closed","ping_status":"closed","sticky":false,"template":"","format":"standard","meta":{"_acf_changed":false,"ngg_post_thumbnail":0,"footnotes":""},"categories":[4],"tags":[],"class_list":["post-8921","post","type-post","status-publish","format-standard","has-post-thumbnail","hentry","category-tlacove-spravy"],"acf":[],"yoast_head":"<!-- This site is optimized with the Yoast SEO plugin v27.2 - https:\/\/yoast.com\/product\/yoast-seo-wordpress\/ -->\n<title>Pre zon\u00e1ciu tatransk\u00e9ho n\u00e1rodn\u00e9ho parku pod\u00e1vame s\u0165a\u017enos\u0165 Eur\u00f3pskej komisii<\/title>\n<meta name=\"robots\" content=\"index, follow, max-snippet:-1, max-image-preview:large, max-video-preview:-1\" \/>\n<link rel=\"canonical\" href=\"https:\/\/www.smedemokrati.sk\/sv\/pre-zonaciu-tatranskeho-narodneho-parku-podavame-staznost-europskej-komisii\/\" \/>\n<meta property=\"og:locale\" content=\"sv_SE\" \/>\n<meta property=\"og:locale:alternate\" content=\"en_US\" \/>\n<meta property=\"og:locale:alternate\" content=\"cs_CZ\" \/>\n<meta property=\"og:locale:alternate\" content=\"hu_HU\" \/>\n<meta property=\"og:locale:alternate\" content=\"sk_SK\" \/>\n<meta property=\"og:type\" content=\"article\" \/>\n<meta property=\"og:title\" content=\"Pre zon\u00e1ciu tatransk\u00e9ho n\u00e1rodn\u00e9ho parku pod\u00e1vame s\u0165a\u017enos\u0165 Eur\u00f3pskej komisii\" \/>\n<meta property=\"og:description\" content=\"N\u00e1vrh zon\u00e1cie Tatransk\u00e9ho n\u00e1rodn\u00e9ho parku (TANAP) nielen\u017ee ohrozuje pr\u00edrodu, ale je v rozpore aj so slovenskou a eur\u00f3pskou legislat\u00edvou. Ke\u010f\u017ee v\u00e1\u017ene pochybenia neboli odstr\u00e1nen\u00e9 ani v pripomienkovom konan\u00ed, obraciame sa so s\u0165a\u017enos\u0165ou na Eur\u00f3psku komisiu. Vyz\u00fdvame vl\u00e1du SR, aby a\u017e do jej vyjadrenia n\u00e1vrh nariadenia neschva\u013eovala.\u00a0 Ke\u010f\u017ee n\u00e1vrh zon\u00e1cie vytv\u00e1ra r\u00e1mec pre schv\u00e1lenie stoviek hekt\u00e1rov [&hellip;]\" \/>\n<meta property=\"og:url\" content=\"https:\/\/www.smedemokrati.sk\/sv\/pre-zonaciu-tatranskeho-narodneho-parku-podavame-staznost-europskej-komisii\/\" \/>\n<meta property=\"og:site_name\" content=\"Smedemokrati.sk\" \/>\n<meta property=\"article:publisher\" content=\"https:\/\/www.facebook.com\/smedemokrati2023\" \/>\n<meta property=\"article:published_time\" content=\"2026-02-26T14:59:21+00:00\" \/>\n<meta property=\"article:modified_time\" content=\"2026-02-26T14:59:22+00:00\" \/>\n<meta property=\"og:image\" content=\"https:\/\/www.smedemokrati.sk\/wp-content\/uploads\/2023\/04\/MKica.jpg\" \/>\n\t<meta property=\"og:image:width\" content=\"1520\" \/>\n\t<meta property=\"og:image:height\" content=\"1080\" \/>\n\t<meta property=\"og:image:type\" content=\"image\/jpeg\" \/>\n<meta name=\"author\" content=\"miro.sopko\" \/>\n<meta name=\"twitter:card\" content=\"summary_large_image\" \/>\n<meta name=\"twitter:label1\" content=\"Skriven av\" \/>\n\t<meta name=\"twitter:data1\" content=\"miro.sopko\" \/>\n\t<meta name=\"twitter:label2\" content=\"Ber\u00e4knad l\u00e4stid\" \/>\n\t<meta name=\"twitter:data2\" content=\"2 minuter\" \/>\n<script type=\"application\/ld+json\" class=\"yoast-schema-graph\">{\"@context\":\"https:\/\/schema.org\",\"@graph\":[{\"@type\":\"Article\",\"@id\":\"https:\/\/www.smedemokrati.sk\/pre-zonaciu-tatranskeho-narodneho-parku-podavame-staznost-europskej-komisii\/#article\",\"isPartOf\":{\"@id\":\"https:\/\/www.smedemokrati.sk\/pre-zonaciu-tatranskeho-narodneho-parku-podavame-staznost-europskej-komisii\/\"},\"author\":{\"name\":\"miro.sopko\",\"@id\":\"https:\/\/www.smedemokrati.sk\/#\/schema\/person\/21f147c88d605aa7ded900e1e7c344ba\"},\"headline\":\"Pre zon\u00e1ciu tatransk\u00e9ho n\u00e1rodn\u00e9ho parku pod\u00e1vame s\u0165a\u017enos\u0165 Eur\u00f3pskej komisii\",\"datePublished\":\"2026-02-26T14:59:21+00:00\",\"dateModified\":\"2026-02-26T14:59:22+00:00\",\"mainEntityOfPage\":{\"@id\":\"https:\/\/www.smedemokrati.sk\/pre-zonaciu-tatranskeho-narodneho-parku-podavame-staznost-europskej-komisii\/\"},\"wordCount\":390,\"publisher\":{\"@id\":\"https:\/\/www.smedemokrati.sk\/#organization\"},\"image\":{\"@id\":\"https:\/\/www.smedemokrati.sk\/pre-zonaciu-tatranskeho-narodneho-parku-podavame-staznost-europskej-komisii\/#primaryimage\"},\"thumbnailUrl\":\"https:\/\/www.smedemokrati.sk\/wp-content\/uploads\/2023\/04\/MKica.jpg\",\"articleSection\":[\"Tla\u010dov\u00e9 spr\u00e1vy\"],\"inLanguage\":\"sv-SE\"},{\"@type\":\"WebPage\",\"@id\":\"https:\/\/www.smedemokrati.sk\/pre-zonaciu-tatranskeho-narodneho-parku-podavame-staznost-europskej-komisii\/\",\"url\":\"https:\/\/www.smedemokrati.sk\/pre-zonaciu-tatranskeho-narodneho-parku-podavame-staznost-europskej-komisii\/\",\"name\":\"Pre zon\u00e1ciu tatransk\u00e9ho n\u00e1rodn\u00e9ho parku pod\u00e1vame s\u0165a\u017enos\u0165 Eur\u00f3pskej komisii\",\"isPartOf\":{\"@id\":\"https:\/\/www.smedemokrati.sk\/#website\"},\"primaryImageOfPage\":{\"@id\":\"https:\/\/www.smedemokrati.sk\/pre-zonaciu-tatranskeho-narodneho-parku-podavame-staznost-europskej-komisii\/#primaryimage\"},\"image\":{\"@id\":\"https:\/\/www.smedemokrati.sk\/pre-zonaciu-tatranskeho-narodneho-parku-podavame-staznost-europskej-komisii\/#primaryimage\"},\"thumbnailUrl\":\"https:\/\/www.smedemokrati.sk\/wp-content\/uploads\/2023\/04\/MKica.jpg\",\"datePublished\":\"2026-02-26T14:59:21+00:00\",\"dateModified\":\"2026-02-26T14:59:22+00:00\",\"breadcrumb\":{\"@id\":\"https:\/\/www.smedemokrati.sk\/pre-zonaciu-tatranskeho-narodneho-parku-podavame-staznost-europskej-komisii\/#breadcrumb\"},\"inLanguage\":\"sv-SE\",\"potentialAction\":[{\"@type\":\"ReadAction\",\"target\":[\"https:\/\/www.smedemokrati.sk\/pre-zonaciu-tatranskeho-narodneho-parku-podavame-staznost-europskej-komisii\/\"]}]},{\"@type\":\"ImageObject\",\"inLanguage\":\"sv-SE\",\"@id\":\"https:\/\/www.smedemokrati.sk\/pre-zonaciu-tatranskeho-narodneho-parku-podavame-staznost-europskej-komisii\/#primaryimage\",\"url\":\"https:\/\/www.smedemokrati.sk\/wp-content\/uploads\/2023\/04\/MKica.jpg\",\"contentUrl\":\"https:\/\/www.smedemokrati.sk\/wp-content\/uploads\/2023\/04\/MKica.jpg\",\"width\":1520,\"height\":1080},{\"@type\":\"BreadcrumbList\",\"@id\":\"https:\/\/www.smedemokrati.sk\/pre-zonaciu-tatranskeho-narodneho-parku-podavame-staznost-europskej-komisii\/#breadcrumb\",\"itemListElement\":[{\"@type\":\"ListItem\",\"position\":1,\"name\":\"Domovsk\u00e1 str\u00e1nka\",\"item\":\"https:\/\/www.smedemokrati.sk\/\"},{\"@type\":\"ListItem\",\"position\":2,\"name\":\"Pre zon\u00e1ciu tatransk\u00e9ho n\u00e1rodn\u00e9ho parku pod\u00e1vame s\u0165a\u017enos\u0165 Eur\u00f3pskej komisii\"}]},{\"@type\":\"WebSite\",\"@id\":\"https:\/\/www.smedemokrati.sk\/#website\",\"url\":\"https:\/\/www.smedemokrati.sk\/\",\"name\":\"Smedemokrati.sk\",\"description\":\"Demokracia a slu\u0161nos\u0165 zv\u00ed\u0165az\u00ed\",\"publisher\":{\"@id\":\"https:\/\/www.smedemokrati.sk\/#organization\"},\"potentialAction\":[{\"@type\":\"SearchAction\",\"target\":{\"@type\":\"EntryPoint\",\"urlTemplate\":\"https:\/\/www.smedemokrati.sk\/?s={search_term_string}\"},\"query-input\":{\"@type\":\"PropertyValueSpecification\",\"valueRequired\":true,\"valueName\":\"search_term_string\"}}],\"inLanguage\":\"sv-SE\"},{\"@type\":\"Organization\",\"@id\":\"https:\/\/www.smedemokrati.sk\/#organization\",\"name\":\"Smedemokrati.sk\",\"url\":\"https:\/\/www.smedemokrati.sk\/\",\"logo\":{\"@type\":\"ImageObject\",\"inLanguage\":\"sv-SE\",\"@id\":\"https:\/\/www.smedemokrati.sk\/#\/schema\/logo\/image\/\",\"url\":\"https:\/\/www.smedemokrati.sk\/wp-content\/uploads\/2023\/04\/ff.002.jpeg\",\"contentUrl\":\"https:\/\/www.smedemokrati.sk\/wp-content\/uploads\/2023\/04\/ff.002.jpeg\",\"width\":640,\"height\":480,\"caption\":\"Smedemokrati.sk\"},\"image\":{\"@id\":\"https:\/\/www.smedemokrati.sk\/#\/schema\/logo\/image\/\"},\"sameAs\":[\"https:\/\/www.facebook.com\/smedemokrati2023\"]},{\"@type\":\"Person\",\"@id\":\"https:\/\/www.smedemokrati.sk\/#\/schema\/person\/21f147c88d605aa7ded900e1e7c344ba\",\"name\":\"miro.sopko\",\"image\":{\"@type\":\"ImageObject\",\"inLanguage\":\"sv-SE\",\"@id\":\"https:\/\/secure.gravatar.com\/avatar\/267e4a36f704376c109afe3a78740c1f5dd8675a2180a908699e7863c9247606?s=96&d=mm&r=g\",\"url\":\"https:\/\/secure.gravatar.com\/avatar\/267e4a36f704376c109afe3a78740c1f5dd8675a2180a908699e7863c9247606?s=96&d=mm&r=g\",\"contentUrl\":\"https:\/\/secure.gravatar.com\/avatar\/267e4a36f704376c109afe3a78740c1f5dd8675a2180a908699e7863c9247606?s=96&d=mm&r=g\",\"caption\":\"miro.sopko\"},\"url\":\"https:\/\/www.smedemokrati.sk\/sv\/author\/miro-sopko\/\"}]}<\/script>\n<!-- \/ Yoast SEO plugin. -->","yoast_head_json":{"title":"Pre zon\u00e1ciu tatransk\u00e9ho n\u00e1rodn\u00e9ho parku pod\u00e1vame s\u0165a\u017enos\u0165 Eur\u00f3pskej komisii","robots":{"index":"index","follow":"follow","max-snippet":"max-snippet:-1","max-image-preview":"max-image-preview:large","max-video-preview":"max-video-preview:-1"},"canonical":"https:\/\/www.smedemokrati.sk\/sv\/pre-zonaciu-tatranskeho-narodneho-parku-podavame-staznost-europskej-komisii\/","og_locale":"sv_SE","og_type":"article","og_title":"[:sk]Pre zon\u00e1ciu tatransk\u00e9ho n\u00e1rodn\u00e9ho parku pod\u00e1vame s\u0165a\u017enos\u0165 Eur\u00f3pskej komisii[:] - Smedemokrati.sk","og_description":"N\u00e1vrh zon\u00e1cie Tatransk\u00e9ho n\u00e1rodn\u00e9ho parku (TANAP) nielen\u017ee ohrozuje pr\u00edrodu, ale je v rozpore aj so slovenskou a eur\u00f3pskou legislat\u00edvou. Ke\u010f\u017ee v\u00e1\u017ene pochybenia neboli odstr\u00e1nen\u00e9 ani v pripomienkovom konan\u00ed, obraciame sa so s\u0165a\u017enos\u0165ou na Eur\u00f3psku komisiu. Vyz\u00fdvame vl\u00e1du SR, aby a\u017e do jej vyjadrenia n\u00e1vrh nariadenia neschva\u013eovala.\u00a0 Ke\u010f\u017ee n\u00e1vrh zon\u00e1cie vytv\u00e1ra r\u00e1mec pre schv\u00e1lenie stoviek hekt\u00e1rov [&hellip;]","og_url":"https:\/\/www.smedemokrati.sk\/sv\/pre-zonaciu-tatranskeho-narodneho-parku-podavame-staznost-europskej-komisii\/","og_site_name":"Smedemokrati.sk","article_publisher":"https:\/\/www.facebook.com\/smedemokrati2023","article_published_time":"2026-02-26T14:59:21+00:00","article_modified_time":"2026-02-26T14:59:22+00:00","og_image":[{"width":1520,"height":1080,"url":"https:\/\/www.smedemokrati.sk\/wp-content\/uploads\/2023\/04\/MKica.jpg","type":"image\/jpeg"}],"author":"miro.sopko","twitter_card":"summary_large_image","twitter_misc":{"Skriven av":"miro.sopko","Ber\u00e4knad l\u00e4stid":"2 minuter"},"schema":{"@context":"https:\/\/schema.org","@graph":[{"@type":"Article","@id":"https:\/\/www.smedemokrati.sk\/pre-zonaciu-tatranskeho-narodneho-parku-podavame-staznost-europskej-komisii\/#article","isPartOf":{"@id":"https:\/\/www.smedemokrati.sk\/pre-zonaciu-tatranskeho-narodneho-parku-podavame-staznost-europskej-komisii\/"},"author":{"name":"miro.sopko","@id":"https:\/\/www.smedemokrati.sk\/#\/schema\/person\/21f147c88d605aa7ded900e1e7c344ba"},"headline":"Pre zon\u00e1ciu tatransk\u00e9ho n\u00e1rodn\u00e9ho parku pod\u00e1vame s\u0165a\u017enos\u0165 Eur\u00f3pskej komisii","datePublished":"2026-02-26T14:59:21+00:00","dateModified":"2026-02-26T14:59:22+00:00","mainEntityOfPage":{"@id":"https:\/\/www.smedemokrati.sk\/pre-zonaciu-tatranskeho-narodneho-parku-podavame-staznost-europskej-komisii\/"},"wordCount":390,"publisher":{"@id":"https:\/\/www.smedemokrati.sk\/#organization"},"image":{"@id":"https:\/\/www.smedemokrati.sk\/pre-zonaciu-tatranskeho-narodneho-parku-podavame-staznost-europskej-komisii\/#primaryimage"},"thumbnailUrl":"https:\/\/www.smedemokrati.sk\/wp-content\/uploads\/2023\/04\/MKica.jpg","articleSection":["Tla\u010dov\u00e9 spr\u00e1vy"],"inLanguage":"sv-SE"},{"@type":"WebPage","@id":"https:\/\/www.smedemokrati.sk\/pre-zonaciu-tatranskeho-narodneho-parku-podavame-staznost-europskej-komisii\/","url":"https:\/\/www.smedemokrati.sk\/pre-zonaciu-tatranskeho-narodneho-parku-podavame-staznost-europskej-komisii\/","name":"Pre zon\u00e1ciu tatransk\u00e9ho n\u00e1rodn\u00e9ho parku pod\u00e1vame s\u0165a\u017enos\u0165 Eur\u00f3pskej komisii","isPartOf":{"@id":"https:\/\/www.smedemokrati.sk\/#website"},"primaryImageOfPage":{"@id":"https:\/\/www.smedemokrati.sk\/pre-zonaciu-tatranskeho-narodneho-parku-podavame-staznost-europskej-komisii\/#primaryimage"},"image":{"@id":"https:\/\/www.smedemokrati.sk\/pre-zonaciu-tatranskeho-narodneho-parku-podavame-staznost-europskej-komisii\/#primaryimage"},"thumbnailUrl":"https:\/\/www.smedemokrati.sk\/wp-content\/uploads\/2023\/04\/MKica.jpg","datePublished":"2026-02-26T14:59:21+00:00","dateModified":"2026-02-26T14:59:22+00:00","breadcrumb":{"@id":"https:\/\/www.smedemokrati.sk\/pre-zonaciu-tatranskeho-narodneho-parku-podavame-staznost-europskej-komisii\/#breadcrumb"},"inLanguage":"sv-SE","potentialAction":[{"@type":"ReadAction","target":["https:\/\/www.smedemokrati.sk\/pre-zonaciu-tatranskeho-narodneho-parku-podavame-staznost-europskej-komisii\/"]}]},{"@type":"ImageObject","inLanguage":"sv-SE","@id":"https:\/\/www.smedemokrati.sk\/pre-zonaciu-tatranskeho-narodneho-parku-podavame-staznost-europskej-komisii\/#primaryimage","url":"https:\/\/www.smedemokrati.sk\/wp-content\/uploads\/2023\/04\/MKica.jpg","contentUrl":"https:\/\/www.smedemokrati.sk\/wp-content\/uploads\/2023\/04\/MKica.jpg","width":1520,"height":1080},{"@type":"BreadcrumbList","@id":"https:\/\/www.smedemokrati.sk\/pre-zonaciu-tatranskeho-narodneho-parku-podavame-staznost-europskej-komisii\/#breadcrumb","itemListElement":[{"@type":"ListItem","position":1,"name":"Domovsk\u00e1 str\u00e1nka","item":"https:\/\/www.smedemokrati.sk\/"},{"@type":"ListItem","position":2,"name":"Pre zon\u00e1ciu tatransk\u00e9ho n\u00e1rodn\u00e9ho parku pod\u00e1vame s\u0165a\u017enos\u0165 Eur\u00f3pskej komisii"}]},{"@type":"WebSite","@id":"https:\/\/www.smedemokrati.sk\/#website","url":"https:\/\/www.smedemokrati.sk\/","name":"Smedemokrati.sk","description":"Demokracia a slu\u0161nos\u0165 zv\u00ed\u0165az\u00ed","publisher":{"@id":"https:\/\/www.smedemokrati.sk\/#organization"},"potentialAction":[{"@type":"SearchAction","target":{"@type":"EntryPoint","urlTemplate":"https:\/\/www.smedemokrati.sk\/?s={search_term_string}"},"query-input":{"@type":"PropertyValueSpecification","valueRequired":true,"valueName":"search_term_string"}}],"inLanguage":"sv-SE"},{"@type":"Organization","@id":"https:\/\/www.smedemokrati.sk\/#organization","name":"Smedemokrati.sk","url":"https:\/\/www.smedemokrati.sk\/","logo":{"@type":"ImageObject","inLanguage":"sv-SE","@id":"https:\/\/www.smedemokrati.sk\/#\/schema\/logo\/image\/","url":"https:\/\/www.smedemokrati.sk\/wp-content\/uploads\/2023\/04\/ff.002.jpeg","contentUrl":"https:\/\/www.smedemokrati.sk\/wp-content\/uploads\/2023\/04\/ff.002.jpeg","width":640,"height":480,"caption":"Smedemokrati.sk"},"image":{"@id":"https:\/\/www.smedemokrati.sk\/#\/schema\/logo\/image\/"},"sameAs":["https:\/\/www.facebook.com\/smedemokrati2023"]},{"@type":"Person","@id":"https:\/\/www.smedemokrati.sk\/#\/schema\/person\/21f147c88d605aa7ded900e1e7c344ba","name":"miro.sopko","image":{"@type":"ImageObject","inLanguage":"sv-SE","@id":"https:\/\/secure.gravatar.com\/avatar\/267e4a36f704376c109afe3a78740c1f5dd8675a2180a908699e7863c9247606?s=96&d=mm&r=g","url":"https:\/\/secure.gravatar.com\/avatar\/267e4a36f704376c109afe3a78740c1f5dd8675a2180a908699e7863c9247606?s=96&d=mm&r=g","contentUrl":"https:\/\/secure.gravatar.com\/avatar\/267e4a36f704376c109afe3a78740c1f5dd8675a2180a908699e7863c9247606?s=96&d=mm&r=g","caption":"miro.sopko"},"url":"https:\/\/www.smedemokrati.sk\/sv\/author\/miro-sopko\/"}]}},"_links":{"self":[{"href":"https:\/\/www.smedemokrati.sk\/sv\/wp-json\/wp\/v2\/posts\/8921","targetHints":{"allow":["GET"]}}],"collection":[{"href":"https:\/\/www.smedemokrati.sk\/sv\/wp-json\/wp\/v2\/posts"}],"about":[{"href":"https:\/\/www.smedemokrati.sk\/sv\/wp-json\/wp\/v2\/types\/post"}],"author":[{"embeddable":true,"href":"https:\/\/www.smedemokrati.sk\/sv\/wp-json\/wp\/v2\/users\/13"}],"replies":[{"embeddable":true,"href":"https:\/\/www.smedemokrati.sk\/sv\/wp-json\/wp\/v2\/comments?post=8921"}],"version-history":[{"count":1,"href":"https:\/\/www.smedemokrati.sk\/sv\/wp-json\/wp\/v2\/posts\/8921\/revisions"}],"predecessor-version":[{"id":8923,"href":"https:\/\/www.smedemokrati.sk\/sv\/wp-json\/wp\/v2\/posts\/8921\/revisions\/8923"}],"wp:featuredmedia":[{"embeddable":true,"href":"https:\/\/www.smedemokrati.sk\/sv\/wp-json\/wp\/v2\/media\/385"}],"wp:attachment":[{"href":"https:\/\/www.smedemokrati.sk\/sv\/wp-json\/wp\/v2\/media?parent=8921"}],"wp:term":[{"taxonomy":"category","embeddable":true,"href":"https:\/\/www.smedemokrati.sk\/sv\/wp-json\/wp\/v2\/categories?post=8921"},{"taxonomy":"post_tag","embeddable":true,"href":"https:\/\/www.smedemokrati.sk\/sv\/wp-json\/wp\/v2\/tags?post=8921"}],"curies":[{"name":"wp","href":"https:\/\/api.w.org\/{rel}","templated":true}]}}