{"id":8913,"date":"2026-02-25T16:54:14","date_gmt":"2026-02-25T15:54:14","guid":{"rendered":"https:\/\/www.smedemokrati.sk\/?p=8913"},"modified":"2026-02-25T16:54:16","modified_gmt":"2026-02-25T15:54:16","slug":"demokrati-prinasaju-nove-fakty-fico-zavadza-o-druzbe-realita-je-ina-ako-prezentuje-premier","status":"publish","type":"post","link":"https:\/\/www.smedemokrati.sk\/sv\/demokrati-prinasaju-nove-fakty-fico-zavadza-o-druzbe-realita-je-ina-ako-prezentuje-premier\/","title":{"rendered":"Demokrati prin\u00e1\u0161aj\u00fa nov\u00e9 fakty: Fico zav\u00e1dza o Dru\u017ebe, realita je in\u00e1 ako prezentuje premi\u00e9r"},"content":{"rendered":"<div id=\"fb-root\"><\/div>\n\n<p><strong>Strana Demokrati odmieta zav\u00e1dzanie premi\u00e9ra Robert Fico o dod\u00e1vkach ropy na Slovensko. Realita je dnes \u00faplne in\u00e1, ne\u017e ju prezentuje vl\u00e1da. Demokrati prin\u00e1\u0161aj\u00fa nov\u00e9, z\u00e1sadn\u00e9 skuto\u010dnosti.<\/strong><\/p>\n\n\n\n<p>Pod\u013ea aktu\u00e1lnych inform\u00e1ci\u00ed koncern MOL Group spustil vo ve\u013ekom n\u00e1kup ropy tankermi cez chorv\u00e1tsky termin\u00e1l Omi\u0161aj\u013e a n\u00e1sledne ropovodom Adria, a to aj pre Slovnaft. Objemy nak\u00fapen\u00e9 len na marec a prv\u00fa polovicu apr\u00edla dosahuj\u00fa \u00farove\u0148, ktor\u00fa Slovnaft cez Adriu odoberal za cel\u00fd rok v predch\u00e1dzaj\u00facich dvoch rokoch.<br><em><br>\u201eU\u017e samotn\u00e9 \u010d\u00edsla dokazuj\u00fa, \u017ee realita je in\u00e1, ne\u017e tvrd\u00ed premi\u00e9r. Zd\u00e1 sa, \u017ee aj centr\u00e1lny n\u00e1kup ropy MOL-u v Budape\u0161ti kone\u010dne pochopil, \u017ee ropovod Dru\u017eba je pre agresiu Ruska proti Ukrajine nebezpe\u010dnou a nestabilnou z\u00e1sobovacou trasou,\u201c<\/em>&nbsp;hovor\u00ed \u010dlen predsedn\u00edctva Demokratov a b\u00fdval\u00fd minister hospod\u00e1rstva Karel Hirman.<\/p>\n\n\n\n<p>Demokrati z\u00e1rove\u0148 upozor\u0148uj\u00fa na nov\u00e9 inform\u00e1cie priamo z Ruska, ktor\u00e9 hovoria o \u010diasto\u010dnom ochromen\u00ed dod\u00e1vok ropy cez rusk\u00fa vetvu Dru\u017eby. V\u00fdpadky sa t\u00fdkaj\u00fa najm\u00e4 spolo\u010dnosti Tatneft, jedn\u00e9ho z dvoch hlavn\u00fdch dod\u00e1vate\u013eov ropy pre MOL\/Slovnaft.<\/p>\n\n\n\n<p><em>\u201eD\u00e1 sa o\u010dak\u00e1va\u0165, \u017ee vz\u00e1jomn\u00e9 \u00fatoky Ruska a Ukrajiny na kritick\u00fa energetick\u00fa infra\u0161trukt\u00faru bud\u00fa pokra\u010dova\u0165 dovtedy, k\u00fdm sa nezastav\u00ed vojensk\u00e1 agresia Vladimira Putina. O to viac s\u00fa vyhr\u00e1\u017eky premi\u00e9ra Fica vo\u010di Ukrajine neopodstatnen\u00e9 a nezodpovedn\u00e9,\u201c<\/em>&nbsp;zd\u00f4raz\u0148uje Hirman.<\/p>\n\n\n\n<p>Faktom zost\u00e1va, \u017ee n\u00fadzov\u00fd stav pre preru\u0161enie dod\u00e1vok cez Dru\u017ebu museli vyhl\u00e1si\u0165 len Slovensko a Ma\u010farsko. V \u010cesku ani Po\u013esku k tomu nedo\u0161lo, hoci ropovod smeruje aj k nim.&nbsp;<em>\u201eJe to jasn\u00fd d\u00f4kaz zlyhania zahrani\u010dnej a energetickej politiky vl\u00e1d Fica a Orb\u00e1na, ako aj doteraj\u0161ej n\u00e1kupnej strat\u00e9gie koncernu MOL. Rafin\u00e9rie v \u010cesku a Po\u013esku u\u017e minim\u00e1lne rok rusk\u00fa ropu cez Dru\u017ebu nenakupuj\u00fa, a preto sa vyhli dne\u0161n\u00fdm rizik\u00e1m. Slovensko naopak zostalo rukojemn\u00edkom jednej trasy a jednej krajiny,\u201c<\/em>&nbsp;kon\u0161tatuje Hirman a dod\u00e1va, \u017ee n\u00fadzov\u00fd stav sa neukon\u010d\u00ed sprev\u00e1dzkovan\u00edm rizikovej Dru\u017eby, ale plynul\u00fdmi bezpe\u010dn\u00fdmi dod\u00e1vkami cez Chorv\u00e1tsko.&nbsp;<em>\u201eToto Fico st\u00e1le nechce pochopi\u0165 a nijako tomu nepom\u00e1ha,\u201d<\/em>&nbsp;povedal exminister hospod\u00e1rstva Hirman.<\/p>\n\n\n\n<p>Demokrati vyz\u00fdvaj\u00fa premi\u00e9ra, aby prestal zneu\u017e\u00edva\u0165 situ\u00e1ciu na politick\u00e9 \u00fatoky a za\u010dal hovori\u0165 ob\u010danom pravdu. Fakty s\u00fa jasn\u00e9: diverzifik\u00e1cia u\u017e prebieha, alternat\u00edvna trasa funguje a stra\u0161enie verejnosti je len d\u00f4sledkom dlhoro\u010dnej z\u00e1vislosti, ktor\u00fa vytvorili pr\u00e1ve vl\u00e1dy Roberta Fica.<\/p>\n","protected":false},"excerpt":{"rendered":"<p>Strana Demokrati odmieta zav\u00e1dzanie premi\u00e9ra Robert Fico o dod\u00e1vkach ropy na Slovensko. Realita je dnes \u00faplne in\u00e1, ne\u017e ju prezentuje vl\u00e1da. Demokrati prin\u00e1\u0161aj\u00fa nov\u00e9, z\u00e1sadn\u00e9 skuto\u010dnosti. Pod\u013ea aktu\u00e1lnych inform\u00e1ci\u00ed koncern MOL Group spustil vo ve\u013ekom n\u00e1kup ropy tankermi cez chorv\u00e1tsky termin\u00e1l Omi\u0161aj\u013e a n\u00e1sledne ropovodom Adria, a to aj pre Slovnaft. Objemy nak\u00fapen\u00e9 len na [&hellip;]<\/p>\n","protected":false},"author":13,"featured_media":139,"comment_status":"closed","ping_status":"closed","sticky":false,"template":"","format":"standard","meta":{"_acf_changed":false,"ngg_post_thumbnail":0,"footnotes":""},"categories":[4],"tags":[],"class_list":["post-8913","post","type-post","status-publish","format-standard","has-post-thumbnail","hentry","category-tlacove-spravy"],"acf":[],"yoast_head":"<!-- This site is optimized with the Yoast SEO plugin v27.2 - https:\/\/yoast.com\/product\/yoast-seo-wordpress\/ -->\n<title>Demokrati prin\u00e1\u0161aj\u00fa nov\u00e9 fakty: Fico zav\u00e1dza o Dru\u017ebe, realita je in\u00e1 ako prezentuje premi\u00e9r<\/title>\n<meta name=\"robots\" content=\"index, follow, max-snippet:-1, max-image-preview:large, max-video-preview:-1\" \/>\n<link rel=\"canonical\" href=\"https:\/\/www.smedemokrati.sk\/sv\/demokrati-prinasaju-nove-fakty-fico-zavadza-o-druzbe-realita-je-ina-ako-prezentuje-premier\/\" \/>\n<meta property=\"og:locale\" content=\"sv_SE\" \/>\n<meta property=\"og:locale:alternate\" content=\"en_US\" \/>\n<meta property=\"og:locale:alternate\" content=\"cs_CZ\" \/>\n<meta property=\"og:locale:alternate\" content=\"hu_HU\" \/>\n<meta property=\"og:locale:alternate\" content=\"sk_SK\" \/>\n<meta property=\"og:type\" content=\"article\" \/>\n<meta property=\"og:title\" content=\"Demokrati prin\u00e1\u0161aj\u00fa nov\u00e9 fakty: Fico zav\u00e1dza o Dru\u017ebe, realita je in\u00e1 ako prezentuje premi\u00e9r\" \/>\n<meta property=\"og:description\" content=\"Strana Demokrati odmieta zav\u00e1dzanie premi\u00e9ra Robert Fico o dod\u00e1vkach ropy na Slovensko. Realita je dnes \u00faplne in\u00e1, ne\u017e ju prezentuje vl\u00e1da. Demokrati prin\u00e1\u0161aj\u00fa nov\u00e9, z\u00e1sadn\u00e9 skuto\u010dnosti. Pod\u013ea aktu\u00e1lnych inform\u00e1ci\u00ed koncern MOL Group spustil vo ve\u013ekom n\u00e1kup ropy tankermi cez chorv\u00e1tsky termin\u00e1l Omi\u0161aj\u013e a n\u00e1sledne ropovodom Adria, a to aj pre Slovnaft. Objemy nak\u00fapen\u00e9 len na [&hellip;]\" \/>\n<meta property=\"og:url\" content=\"https:\/\/www.smedemokrati.sk\/sv\/demokrati-prinasaju-nove-fakty-fico-zavadza-o-druzbe-realita-je-ina-ako-prezentuje-premier\/\" \/>\n<meta property=\"og:site_name\" content=\"Smedemokrati.sk\" \/>\n<meta property=\"article:publisher\" content=\"https:\/\/www.facebook.com\/smedemokrati2023\" \/>\n<meta property=\"article:published_time\" content=\"2026-02-25T15:54:14+00:00\" \/>\n<meta property=\"article:modified_time\" content=\"2026-02-25T15:54:16+00:00\" \/>\n<meta property=\"og:image\" content=\"https:\/\/www.smedemokrati.sk\/wp-content\/uploads\/2023\/03\/foto_KH.png\" \/>\n\t<meta property=\"og:image:width\" content=\"476\" \/>\n\t<meta property=\"og:image:height\" content=\"380\" \/>\n\t<meta property=\"og:image:type\" content=\"image\/png\" \/>\n<meta name=\"author\" content=\"miro.sopko\" \/>\n<meta name=\"twitter:card\" content=\"summary_large_image\" \/>\n<meta name=\"twitter:label1\" content=\"Skriven av\" \/>\n\t<meta name=\"twitter:data1\" content=\"miro.sopko\" \/>\n\t<meta name=\"twitter:label2\" content=\"Ber\u00e4knad l\u00e4stid\" \/>\n\t<meta name=\"twitter:data2\" content=\"3 minuter\" \/>\n<script type=\"application\/ld+json\" class=\"yoast-schema-graph\">{\"@context\":\"https:\/\/schema.org\",\"@graph\":[{\"@type\":\"Article\",\"@id\":\"https:\/\/www.smedemokrati.sk\/demokrati-prinasaju-nove-fakty-fico-zavadza-o-druzbe-realita-je-ina-ako-prezentuje-premier\/#article\",\"isPartOf\":{\"@id\":\"https:\/\/www.smedemokrati.sk\/demokrati-prinasaju-nove-fakty-fico-zavadza-o-druzbe-realita-je-ina-ako-prezentuje-premier\/\"},\"author\":{\"name\":\"miro.sopko\",\"@id\":\"https:\/\/www.smedemokrati.sk\/#\/schema\/person\/21f147c88d605aa7ded900e1e7c344ba\"},\"headline\":\"Demokrati prin\u00e1\u0161aj\u00fa nov\u00e9 fakty: Fico zav\u00e1dza o Dru\u017ebe, realita je in\u00e1 ako prezentuje premi\u00e9r\",\"datePublished\":\"2026-02-25T15:54:14+00:00\",\"dateModified\":\"2026-02-25T15:54:16+00:00\",\"mainEntityOfPage\":{\"@id\":\"https:\/\/www.smedemokrati.sk\/demokrati-prinasaju-nove-fakty-fico-zavadza-o-druzbe-realita-je-ina-ako-prezentuje-premier\/\"},\"wordCount\":473,\"publisher\":{\"@id\":\"https:\/\/www.smedemokrati.sk\/#organization\"},\"image\":{\"@id\":\"https:\/\/www.smedemokrati.sk\/demokrati-prinasaju-nove-fakty-fico-zavadza-o-druzbe-realita-je-ina-ako-prezentuje-premier\/#primaryimage\"},\"thumbnailUrl\":\"https:\/\/www.smedemokrati.sk\/wp-content\/uploads\/2023\/03\/foto_KH.png\",\"articleSection\":[\"Tla\u010dov\u00e9 spr\u00e1vy\"],\"inLanguage\":\"sv-SE\"},{\"@type\":\"WebPage\",\"@id\":\"https:\/\/www.smedemokrati.sk\/demokrati-prinasaju-nove-fakty-fico-zavadza-o-druzbe-realita-je-ina-ako-prezentuje-premier\/\",\"url\":\"https:\/\/www.smedemokrati.sk\/demokrati-prinasaju-nove-fakty-fico-zavadza-o-druzbe-realita-je-ina-ako-prezentuje-premier\/\",\"name\":\"Demokrati prin\u00e1\u0161aj\u00fa nov\u00e9 fakty: Fico zav\u00e1dza o Dru\u017ebe, realita je in\u00e1 ako prezentuje premi\u00e9r\",\"isPartOf\":{\"@id\":\"https:\/\/www.smedemokrati.sk\/#website\"},\"primaryImageOfPage\":{\"@id\":\"https:\/\/www.smedemokrati.sk\/demokrati-prinasaju-nove-fakty-fico-zavadza-o-druzbe-realita-je-ina-ako-prezentuje-premier\/#primaryimage\"},\"image\":{\"@id\":\"https:\/\/www.smedemokrati.sk\/demokrati-prinasaju-nove-fakty-fico-zavadza-o-druzbe-realita-je-ina-ako-prezentuje-premier\/#primaryimage\"},\"thumbnailUrl\":\"https:\/\/www.smedemokrati.sk\/wp-content\/uploads\/2023\/03\/foto_KH.png\",\"datePublished\":\"2026-02-25T15:54:14+00:00\",\"dateModified\":\"2026-02-25T15:54:16+00:00\",\"breadcrumb\":{\"@id\":\"https:\/\/www.smedemokrati.sk\/demokrati-prinasaju-nove-fakty-fico-zavadza-o-druzbe-realita-je-ina-ako-prezentuje-premier\/#breadcrumb\"},\"inLanguage\":\"sv-SE\",\"potentialAction\":[{\"@type\":\"ReadAction\",\"target\":[\"https:\/\/www.smedemokrati.sk\/demokrati-prinasaju-nove-fakty-fico-zavadza-o-druzbe-realita-je-ina-ako-prezentuje-premier\/\"]}]},{\"@type\":\"ImageObject\",\"inLanguage\":\"sv-SE\",\"@id\":\"https:\/\/www.smedemokrati.sk\/demokrati-prinasaju-nove-fakty-fico-zavadza-o-druzbe-realita-je-ina-ako-prezentuje-premier\/#primaryimage\",\"url\":\"https:\/\/www.smedemokrati.sk\/wp-content\/uploads\/2023\/03\/foto_KH.png\",\"contentUrl\":\"https:\/\/www.smedemokrati.sk\/wp-content\/uploads\/2023\/03\/foto_KH.png\",\"width\":476,\"height\":380},{\"@type\":\"BreadcrumbList\",\"@id\":\"https:\/\/www.smedemokrati.sk\/demokrati-prinasaju-nove-fakty-fico-zavadza-o-druzbe-realita-je-ina-ako-prezentuje-premier\/#breadcrumb\",\"itemListElement\":[{\"@type\":\"ListItem\",\"position\":1,\"name\":\"Domovsk\u00e1 str\u00e1nka\",\"item\":\"https:\/\/www.smedemokrati.sk\/\"},{\"@type\":\"ListItem\",\"position\":2,\"name\":\"Demokrati prin\u00e1\u0161aj\u00fa nov\u00e9 fakty: Fico zav\u00e1dza o Dru\u017ebe, realita je in\u00e1 ako prezentuje premi\u00e9r\"}]},{\"@type\":\"WebSite\",\"@id\":\"https:\/\/www.smedemokrati.sk\/#website\",\"url\":\"https:\/\/www.smedemokrati.sk\/\",\"name\":\"Smedemokrati.sk\",\"description\":\"Demokracia a slu\u0161nos\u0165 zv\u00ed\u0165az\u00ed\",\"publisher\":{\"@id\":\"https:\/\/www.smedemokrati.sk\/#organization\"},\"potentialAction\":[{\"@type\":\"SearchAction\",\"target\":{\"@type\":\"EntryPoint\",\"urlTemplate\":\"https:\/\/www.smedemokrati.sk\/?s={search_term_string}\"},\"query-input\":{\"@type\":\"PropertyValueSpecification\",\"valueRequired\":true,\"valueName\":\"search_term_string\"}}],\"inLanguage\":\"sv-SE\"},{\"@type\":\"Organization\",\"@id\":\"https:\/\/www.smedemokrati.sk\/#organization\",\"name\":\"Smedemokrati.sk\",\"url\":\"https:\/\/www.smedemokrati.sk\/\",\"logo\":{\"@type\":\"ImageObject\",\"inLanguage\":\"sv-SE\",\"@id\":\"https:\/\/www.smedemokrati.sk\/#\/schema\/logo\/image\/\",\"url\":\"https:\/\/www.smedemokrati.sk\/wp-content\/uploads\/2023\/04\/ff.002.jpeg\",\"contentUrl\":\"https:\/\/www.smedemokrati.sk\/wp-content\/uploads\/2023\/04\/ff.002.jpeg\",\"width\":640,\"height\":480,\"caption\":\"Smedemokrati.sk\"},\"image\":{\"@id\":\"https:\/\/www.smedemokrati.sk\/#\/schema\/logo\/image\/\"},\"sameAs\":[\"https:\/\/www.facebook.com\/smedemokrati2023\"]},{\"@type\":\"Person\",\"@id\":\"https:\/\/www.smedemokrati.sk\/#\/schema\/person\/21f147c88d605aa7ded900e1e7c344ba\",\"name\":\"miro.sopko\",\"image\":{\"@type\":\"ImageObject\",\"inLanguage\":\"sv-SE\",\"@id\":\"https:\/\/secure.gravatar.com\/avatar\/267e4a36f704376c109afe3a78740c1f5dd8675a2180a908699e7863c9247606?s=96&d=mm&r=g\",\"url\":\"https:\/\/secure.gravatar.com\/avatar\/267e4a36f704376c109afe3a78740c1f5dd8675a2180a908699e7863c9247606?s=96&d=mm&r=g\",\"contentUrl\":\"https:\/\/secure.gravatar.com\/avatar\/267e4a36f704376c109afe3a78740c1f5dd8675a2180a908699e7863c9247606?s=96&d=mm&r=g\",\"caption\":\"miro.sopko\"},\"url\":\"https:\/\/www.smedemokrati.sk\/sv\/author\/miro-sopko\/\"}]}<\/script>\n<!-- \/ Yoast SEO plugin. -->","yoast_head_json":{"title":"Demokrati prin\u00e1\u0161aj\u00fa nov\u00e9 fakty: Fico zav\u00e1dza o Dru\u017ebe, realita je in\u00e1 ako prezentuje premi\u00e9r","robots":{"index":"index","follow":"follow","max-snippet":"max-snippet:-1","max-image-preview":"max-image-preview:large","max-video-preview":"max-video-preview:-1"},"canonical":"https:\/\/www.smedemokrati.sk\/sv\/demokrati-prinasaju-nove-fakty-fico-zavadza-o-druzbe-realita-je-ina-ako-prezentuje-premier\/","og_locale":"sv_SE","og_type":"article","og_title":"[:sk]Demokrati prin\u00e1\u0161aj\u00fa nov\u00e9 fakty: Fico zav\u00e1dza o Dru\u017ebe, realita je in\u00e1 ako prezentuje premi\u00e9r[:] - Smedemokrati.sk","og_description":"Strana Demokrati odmieta zav\u00e1dzanie premi\u00e9ra Robert Fico o dod\u00e1vkach ropy na Slovensko. Realita je dnes \u00faplne in\u00e1, ne\u017e ju prezentuje vl\u00e1da. Demokrati prin\u00e1\u0161aj\u00fa nov\u00e9, z\u00e1sadn\u00e9 skuto\u010dnosti. Pod\u013ea aktu\u00e1lnych inform\u00e1ci\u00ed koncern MOL Group spustil vo ve\u013ekom n\u00e1kup ropy tankermi cez chorv\u00e1tsky termin\u00e1l Omi\u0161aj\u013e a n\u00e1sledne ropovodom Adria, a to aj pre Slovnaft. Objemy nak\u00fapen\u00e9 len na [&hellip;]","og_url":"https:\/\/www.smedemokrati.sk\/sv\/demokrati-prinasaju-nove-fakty-fico-zavadza-o-druzbe-realita-je-ina-ako-prezentuje-premier\/","og_site_name":"Smedemokrati.sk","article_publisher":"https:\/\/www.facebook.com\/smedemokrati2023","article_published_time":"2026-02-25T15:54:14+00:00","article_modified_time":"2026-02-25T15:54:16+00:00","og_image":[{"width":476,"height":380,"url":"https:\/\/www.smedemokrati.sk\/wp-content\/uploads\/2023\/03\/foto_KH.png","type":"image\/png"}],"author":"miro.sopko","twitter_card":"summary_large_image","twitter_misc":{"Skriven av":"miro.sopko","Ber\u00e4knad l\u00e4stid":"3 minuter"},"schema":{"@context":"https:\/\/schema.org","@graph":[{"@type":"Article","@id":"https:\/\/www.smedemokrati.sk\/demokrati-prinasaju-nove-fakty-fico-zavadza-o-druzbe-realita-je-ina-ako-prezentuje-premier\/#article","isPartOf":{"@id":"https:\/\/www.smedemokrati.sk\/demokrati-prinasaju-nove-fakty-fico-zavadza-o-druzbe-realita-je-ina-ako-prezentuje-premier\/"},"author":{"name":"miro.sopko","@id":"https:\/\/www.smedemokrati.sk\/#\/schema\/person\/21f147c88d605aa7ded900e1e7c344ba"},"headline":"Demokrati prin\u00e1\u0161aj\u00fa nov\u00e9 fakty: Fico zav\u00e1dza o Dru\u017ebe, realita je in\u00e1 ako prezentuje premi\u00e9r","datePublished":"2026-02-25T15:54:14+00:00","dateModified":"2026-02-25T15:54:16+00:00","mainEntityOfPage":{"@id":"https:\/\/www.smedemokrati.sk\/demokrati-prinasaju-nove-fakty-fico-zavadza-o-druzbe-realita-je-ina-ako-prezentuje-premier\/"},"wordCount":473,"publisher":{"@id":"https:\/\/www.smedemokrati.sk\/#organization"},"image":{"@id":"https:\/\/www.smedemokrati.sk\/demokrati-prinasaju-nove-fakty-fico-zavadza-o-druzbe-realita-je-ina-ako-prezentuje-premier\/#primaryimage"},"thumbnailUrl":"https:\/\/www.smedemokrati.sk\/wp-content\/uploads\/2023\/03\/foto_KH.png","articleSection":["Tla\u010dov\u00e9 spr\u00e1vy"],"inLanguage":"sv-SE"},{"@type":"WebPage","@id":"https:\/\/www.smedemokrati.sk\/demokrati-prinasaju-nove-fakty-fico-zavadza-o-druzbe-realita-je-ina-ako-prezentuje-premier\/","url":"https:\/\/www.smedemokrati.sk\/demokrati-prinasaju-nove-fakty-fico-zavadza-o-druzbe-realita-je-ina-ako-prezentuje-premier\/","name":"Demokrati prin\u00e1\u0161aj\u00fa nov\u00e9 fakty: Fico zav\u00e1dza o Dru\u017ebe, realita je in\u00e1 ako prezentuje premi\u00e9r","isPartOf":{"@id":"https:\/\/www.smedemokrati.sk\/#website"},"primaryImageOfPage":{"@id":"https:\/\/www.smedemokrati.sk\/demokrati-prinasaju-nove-fakty-fico-zavadza-o-druzbe-realita-je-ina-ako-prezentuje-premier\/#primaryimage"},"image":{"@id":"https:\/\/www.smedemokrati.sk\/demokrati-prinasaju-nove-fakty-fico-zavadza-o-druzbe-realita-je-ina-ako-prezentuje-premier\/#primaryimage"},"thumbnailUrl":"https:\/\/www.smedemokrati.sk\/wp-content\/uploads\/2023\/03\/foto_KH.png","datePublished":"2026-02-25T15:54:14+00:00","dateModified":"2026-02-25T15:54:16+00:00","breadcrumb":{"@id":"https:\/\/www.smedemokrati.sk\/demokrati-prinasaju-nove-fakty-fico-zavadza-o-druzbe-realita-je-ina-ako-prezentuje-premier\/#breadcrumb"},"inLanguage":"sv-SE","potentialAction":[{"@type":"ReadAction","target":["https:\/\/www.smedemokrati.sk\/demokrati-prinasaju-nove-fakty-fico-zavadza-o-druzbe-realita-je-ina-ako-prezentuje-premier\/"]}]},{"@type":"ImageObject","inLanguage":"sv-SE","@id":"https:\/\/www.smedemokrati.sk\/demokrati-prinasaju-nove-fakty-fico-zavadza-o-druzbe-realita-je-ina-ako-prezentuje-premier\/#primaryimage","url":"https:\/\/www.smedemokrati.sk\/wp-content\/uploads\/2023\/03\/foto_KH.png","contentUrl":"https:\/\/www.smedemokrati.sk\/wp-content\/uploads\/2023\/03\/foto_KH.png","width":476,"height":380},{"@type":"BreadcrumbList","@id":"https:\/\/www.smedemokrati.sk\/demokrati-prinasaju-nove-fakty-fico-zavadza-o-druzbe-realita-je-ina-ako-prezentuje-premier\/#breadcrumb","itemListElement":[{"@type":"ListItem","position":1,"name":"Domovsk\u00e1 str\u00e1nka","item":"https:\/\/www.smedemokrati.sk\/"},{"@type":"ListItem","position":2,"name":"Demokrati prin\u00e1\u0161aj\u00fa nov\u00e9 fakty: Fico zav\u00e1dza o Dru\u017ebe, realita je in\u00e1 ako prezentuje premi\u00e9r"}]},{"@type":"WebSite","@id":"https:\/\/www.smedemokrati.sk\/#website","url":"https:\/\/www.smedemokrati.sk\/","name":"Smedemokrati.sk","description":"Demokracia a slu\u0161nos\u0165 zv\u00ed\u0165az\u00ed","publisher":{"@id":"https:\/\/www.smedemokrati.sk\/#organization"},"potentialAction":[{"@type":"SearchAction","target":{"@type":"EntryPoint","urlTemplate":"https:\/\/www.smedemokrati.sk\/?s={search_term_string}"},"query-input":{"@type":"PropertyValueSpecification","valueRequired":true,"valueName":"search_term_string"}}],"inLanguage":"sv-SE"},{"@type":"Organization","@id":"https:\/\/www.smedemokrati.sk\/#organization","name":"Smedemokrati.sk","url":"https:\/\/www.smedemokrati.sk\/","logo":{"@type":"ImageObject","inLanguage":"sv-SE","@id":"https:\/\/www.smedemokrati.sk\/#\/schema\/logo\/image\/","url":"https:\/\/www.smedemokrati.sk\/wp-content\/uploads\/2023\/04\/ff.002.jpeg","contentUrl":"https:\/\/www.smedemokrati.sk\/wp-content\/uploads\/2023\/04\/ff.002.jpeg","width":640,"height":480,"caption":"Smedemokrati.sk"},"image":{"@id":"https:\/\/www.smedemokrati.sk\/#\/schema\/logo\/image\/"},"sameAs":["https:\/\/www.facebook.com\/smedemokrati2023"]},{"@type":"Person","@id":"https:\/\/www.smedemokrati.sk\/#\/schema\/person\/21f147c88d605aa7ded900e1e7c344ba","name":"miro.sopko","image":{"@type":"ImageObject","inLanguage":"sv-SE","@id":"https:\/\/secure.gravatar.com\/avatar\/267e4a36f704376c109afe3a78740c1f5dd8675a2180a908699e7863c9247606?s=96&d=mm&r=g","url":"https:\/\/secure.gravatar.com\/avatar\/267e4a36f704376c109afe3a78740c1f5dd8675a2180a908699e7863c9247606?s=96&d=mm&r=g","contentUrl":"https:\/\/secure.gravatar.com\/avatar\/267e4a36f704376c109afe3a78740c1f5dd8675a2180a908699e7863c9247606?s=96&d=mm&r=g","caption":"miro.sopko"},"url":"https:\/\/www.smedemokrati.sk\/sv\/author\/miro-sopko\/"}]}},"_links":{"self":[{"href":"https:\/\/www.smedemokrati.sk\/sv\/wp-json\/wp\/v2\/posts\/8913","targetHints":{"allow":["GET"]}}],"collection":[{"href":"https:\/\/www.smedemokrati.sk\/sv\/wp-json\/wp\/v2\/posts"}],"about":[{"href":"https:\/\/www.smedemokrati.sk\/sv\/wp-json\/wp\/v2\/types\/post"}],"author":[{"embeddable":true,"href":"https:\/\/www.smedemokrati.sk\/sv\/wp-json\/wp\/v2\/users\/13"}],"replies":[{"embeddable":true,"href":"https:\/\/www.smedemokrati.sk\/sv\/wp-json\/wp\/v2\/comments?post=8913"}],"version-history":[{"count":1,"href":"https:\/\/www.smedemokrati.sk\/sv\/wp-json\/wp\/v2\/posts\/8913\/revisions"}],"predecessor-version":[{"id":8914,"href":"https:\/\/www.smedemokrati.sk\/sv\/wp-json\/wp\/v2\/posts\/8913\/revisions\/8914"}],"wp:featuredmedia":[{"embeddable":true,"href":"https:\/\/www.smedemokrati.sk\/sv\/wp-json\/wp\/v2\/media\/139"}],"wp:attachment":[{"href":"https:\/\/www.smedemokrati.sk\/sv\/wp-json\/wp\/v2\/media?parent=8913"}],"wp:term":[{"taxonomy":"category","embeddable":true,"href":"https:\/\/www.smedemokrati.sk\/sv\/wp-json\/wp\/v2\/categories?post=8913"},{"taxonomy":"post_tag","embeddable":true,"href":"https:\/\/www.smedemokrati.sk\/sv\/wp-json\/wp\/v2\/tags?post=8913"}],"curies":[{"name":"wp","href":"https:\/\/api.w.org\/{rel}","templated":true}]}}