{"id":8904,"date":"2026-02-24T13:30:06","date_gmt":"2026-02-24T12:30:06","guid":{"rendered":"https:\/\/www.smedemokrati.sk\/?p=8904"},"modified":"2026-02-24T13:30:07","modified_gmt":"2026-02-24T12:30:07","slug":"demokrati-ziadaju-zastavit-podozrive-tendre-v-nemocnici-poprad","status":"publish","type":"post","link":"https:\/\/www.smedemokrati.sk\/sv\/demokrati-ziadaju-zastavit-podozrive-tendre-v-nemocnici-poprad\/","title":{"rendered":"Demokrati \u017eiadaj\u00fa zastavi\u0165 podozriv\u00e9 tendre v\u00a0Nemocnici Poprad\u00a0"},"content":{"rendered":"<div id=\"fb-root\"><\/div>\n\n<p><strong>Demokrati op\u00e4tovne \u017eiadaj\u00fa ministra zdravotn\u00edctva \u0160a\u0161ka o\u00a0okam\u017eit\u00e9 zverejnenie v\u0161etk\u00fdch zml\u00fav na n\u00e1kup zdravotn\u00edckej techniky, tovarov a slu\u017eieb v\u00a0r\u00e1mci Pl\u00e1nu obnovy v\u00a0zdravotn\u00edctve.\u00a0<em>\u201eExistuj\u00fa z\u00e1va\u017en\u00e9 podozrenia o\u00a0mo\u017en\u00fdch manipul\u00e1ci\u00e1ch\u00a0vo verejnom obstar\u00e1van\u00ed v\u00a0prospech konkr\u00e9tnych firiem\u201c<\/em>, uviedol podpredseda Demokratov Eduard Heger.<\/strong><\/p>\n\n\n\n<p>U\u017e pred 2 t\u00fd\u017ed\u0148ami Demokrati pouk\u00e1zali na dve podozriv\u00e9 verejn\u00e9 obstar\u00e1vania z&nbsp;prostriedkov z&nbsp;Pl\u00e1nu obnovy v&nbsp;Nemocnici Poprad, ktor\u00e1 je \u0161t\u00e1tnou akciou spolo\u010dnos\u0165ou.&nbsp;<\/p>\n\n\n\n<p>Pod\u013ea Viliama Novotn\u00e9ho, experta Demokratov pre zdravotn\u00edctvo, je tender na 11 centr\u00e1lnych monitorovac\u00edch stan\u00edc na sledovanie \u017eivotn\u00fdch funkci\u00ed pacientov za 761-tis\u00edc eur \u0161it\u00ed na mieru konkr\u00e9tnemu v\u00fdrobcovi.<em>&nbsp;\u201eTechnick\u00e1 \u0161pecifik\u00e1cia je toto\u017en\u00e1 ako na u\u017e k\u00fapen\u00e9 centr\u00e1lne monitorovacie stanice v&nbsp;Nemocnici Agel vo Zvolene a&nbsp;verejn\u00e9 obstar\u00e1vanie rob\u00ed t\u00e1 ist\u00e1 firma\u201c<\/em>, vysvet\u013euje Novotn\u00fd.<\/p>\n\n\n\n<p>Rovnako je to aj s&nbsp;\u010fal\u0161\u00edm tendrom v&nbsp;Nemocnici Poprad na 10 anest\u00e9ziologick\u00fdch pr\u00edstrojov za 314-tis. Eur \u2013 rovnak\u00e1 technick\u00e1 \u0161pecifik\u00e1cia ako na pr\u00edstroje v&nbsp;Nemocnici Agel v&nbsp;Leviciach.&nbsp;<em>\u201ePod\u013ea odborn\u00edkov m\u00f4\u017eu tieto parametre v&nbsp;oboch pr\u00edpadoch splni\u0165 iba pr\u00edstroje od \u010d\u00ednskeho v\u00fdrobcu Mindray\u201c,<\/em>&nbsp;vysvet\u013euje Novotn\u00fd.<\/p>\n\n\n\n<p>Predseda Demokratov Jaroslav Na\u010f upozornil na z\u00e1va\u017en\u00e9 bezpe\u010dnostn\u00e9 rizik\u00e1, ktor\u00e9 znamen\u00e1 n\u00e1kup \u010d\u00ednskych pr\u00edstrojov do slovensk\u00e9ho zdravotn\u00edctva.&nbsp;<em>\u201eJe pre m\u0148a nepochopite\u013en\u00e9, \u017ee sa ministerstvo zdravotn\u00edctva ne\u010dinne prizer\u00e1 n\u00e1kupu \u010d\u00ednskych pr\u00edstrojov z&nbsp;verejn\u00fdch zdrojov &#8211; eurofondov do slovensk\u00fdch nemocn\u00edc. Vo vojensk\u00fdch nemocniciach sme \u010d\u00ednske vybavenie u\u017e za vl\u00e1dy Eduarda Hegera vyhodnotili ako bezpe\u010dnostn\u00e9 riziko\u201c,<\/em>&nbsp;vysvet\u013euje Jaroslav Na\u010f.<\/p>\n\n\n\n<p><em>\u201eOp\u00e4tovne \u017eiadame ministra \u0160a\u0161ka o\u00a0okam\u017eit\u00e9 zverejnenie v\u0161etk\u00fdch zml\u00fav z\u00a0Pl\u00e1nu obnovy pre zdravotn\u00edctvo v\u00a0Centr\u00e1lnom registri zml\u00fav, o\u00a0zverejnenie kompletnej s\u00fa\u0165a\u017enej dokument\u00e1cia\u00a0a o zastavenie oboch podozriv\u00fdch tendrov v\u00a0Popradskej nemocnici, kde s\u00fa v\u00e1\u017ene podozrenia z\u00a0mo\u017enej manipul\u00e1cie vo verejnom obstar\u00e1van\u00ed v\u00a0prospech konkr\u00e9tnej firmy\u201c<\/em>, dodal Eduard Heger.<\/p>\n\n\n\n<p>Na tla\u010dovej konferencii \u010dasti t\u00e9ma zdravotn\u00edctva v druhej \u010dasti<\/p>\n\n\n\n<figure class=\"wp-block-embed is-type-video is-provider-youtube wp-block-embed-youtube wp-embed-aspect-4-3 wp-has-aspect-ratio\"><div class=\"wp-block-embed__wrapper\">\n<iframe title=\"Live: 1. \u0160tvrt\u00e9 v\u00fdro\u010die vojny na Ukrajine 2. \u0160af\u00e1renie s eurofondami v zdravotn\u00edctve. Minister ml\u010d\u00ed\" width=\"500\" height=\"375\" src=\"https:\/\/www.youtube.com\/embed\/KvFeraWLDyM?feature=oembed\" frameborder=\"0\" allow=\"accelerometer; autoplay; clipboard-write; encrypted-media; gyroscope; picture-in-picture; web-share\" referrerpolicy=\"strict-origin-when-cross-origin\" allowfullscreen><\/iframe>\n<\/div><\/figure>\n","protected":false},"excerpt":{"rendered":"<p>Demokrati op\u00e4tovne \u017eiadaj\u00fa ministra zdravotn\u00edctva \u0160a\u0161ka o\u00a0okam\u017eit\u00e9 zverejnenie v\u0161etk\u00fdch zml\u00fav na n\u00e1kup zdravotn\u00edckej techniky, tovarov a slu\u017eieb v\u00a0r\u00e1mci Pl\u00e1nu obnovy v\u00a0zdravotn\u00edctve.\u00a0\u201eExistuj\u00fa z\u00e1va\u017en\u00e9 podozrenia o\u00a0mo\u017en\u00fdch manipul\u00e1ci\u00e1ch\u00a0vo verejnom obstar\u00e1van\u00ed v\u00a0prospech konkr\u00e9tnych firiem\u201c, uviedol podpredseda Demokratov Eduard Heger. U\u017e pred 2 t\u00fd\u017ed\u0148ami Demokrati pouk\u00e1zali na dve podozriv\u00e9 verejn\u00e9 obstar\u00e1vania z&nbsp;prostriedkov z&nbsp;Pl\u00e1nu obnovy v&nbsp;Nemocnici Poprad, ktor\u00e1 je \u0161t\u00e1tnou akciou [&hellip;]<\/p>\n","protected":false},"author":13,"featured_media":8905,"comment_status":"closed","ping_status":"closed","sticky":false,"template":"","format":"standard","meta":{"_acf_changed":false,"ngg_post_thumbnail":0,"footnotes":""},"categories":[4],"tags":[],"class_list":["post-8904","post","type-post","status-publish","format-standard","has-post-thumbnail","hentry","category-tlacove-spravy"],"acf":[],"yoast_head":"<!-- This site is optimized with the Yoast SEO plugin v27.2 - https:\/\/yoast.com\/product\/yoast-seo-wordpress\/ -->\n<title>Demokrati \u017eiadaj\u00fa zastavi\u0165 podozriv\u00e9 tendre v\u00a0Nemocnici Poprad\u00a0<\/title>\n<meta name=\"robots\" content=\"index, follow, max-snippet:-1, max-image-preview:large, max-video-preview:-1\" \/>\n<link rel=\"canonical\" href=\"https:\/\/www.smedemokrati.sk\/sv\/demokrati-ziadaju-zastavit-podozrive-tendre-v-nemocnici-poprad\/\" \/>\n<meta property=\"og:locale\" content=\"sv_SE\" \/>\n<meta property=\"og:locale:alternate\" content=\"en_US\" \/>\n<meta property=\"og:locale:alternate\" content=\"cs_CZ\" \/>\n<meta property=\"og:locale:alternate\" content=\"hu_HU\" \/>\n<meta property=\"og:locale:alternate\" content=\"sk_SK\" \/>\n<meta property=\"og:type\" content=\"article\" \/>\n<meta property=\"og:title\" content=\"Demokrati \u017eiadaj\u00fa zastavi\u0165 podozriv\u00e9 tendre v\u00a0Nemocnici Poprad\u00a0\" \/>\n<meta property=\"og:description\" content=\"Demokrati op\u00e4tovne \u017eiadaj\u00fa ministra zdravotn\u00edctva \u0160a\u0161ka o\u00a0okam\u017eit\u00e9 zverejnenie v\u0161etk\u00fdch zml\u00fav na n\u00e1kup zdravotn\u00edckej techniky, tovarov a slu\u017eieb v\u00a0r\u00e1mci Pl\u00e1nu obnovy v\u00a0zdravotn\u00edctve.\u00a0\u201eExistuj\u00fa z\u00e1va\u017en\u00e9 podozrenia o\u00a0mo\u017en\u00fdch manipul\u00e1ci\u00e1ch\u00a0vo verejnom obstar\u00e1van\u00ed v\u00a0prospech konkr\u00e9tnych firiem\u201c, uviedol podpredseda Demokratov Eduard Heger. U\u017e pred 2 t\u00fd\u017ed\u0148ami Demokrati pouk\u00e1zali na dve podozriv\u00e9 verejn\u00e9 obstar\u00e1vania z&nbsp;prostriedkov z&nbsp;Pl\u00e1nu obnovy v&nbsp;Nemocnici Poprad, ktor\u00e1 je \u0161t\u00e1tnou akciou [&hellip;]\" \/>\n<meta property=\"og:url\" content=\"https:\/\/www.smedemokrati.sk\/sv\/demokrati-ziadaju-zastavit-podozrive-tendre-v-nemocnici-poprad\/\" \/>\n<meta property=\"og:site_name\" content=\"Smedemokrati.sk\" \/>\n<meta property=\"article:publisher\" content=\"https:\/\/www.facebook.com\/smedemokrati2023\" \/>\n<meta property=\"article:published_time\" content=\"2026-02-24T12:30:06+00:00\" \/>\n<meta property=\"article:modified_time\" content=\"2026-02-24T12:30:07+00:00\" \/>\n<meta property=\"og:image\" content=\"https:\/\/www.smedemokrati.sk\/wp-content\/uploads\/2026\/02\/zdravotnictvo.jpg\" \/>\n\t<meta property=\"og:image:width\" content=\"1280\" \/>\n\t<meta property=\"og:image:height\" content=\"720\" \/>\n\t<meta property=\"og:image:type\" content=\"image\/jpeg\" \/>\n<meta name=\"author\" content=\"miro.sopko\" \/>\n<meta name=\"twitter:card\" content=\"summary_large_image\" \/>\n<meta name=\"twitter:label1\" content=\"Skriven av\" \/>\n\t<meta name=\"twitter:data1\" content=\"miro.sopko\" \/>\n\t<meta name=\"twitter:label2\" content=\"Ber\u00e4knad l\u00e4stid\" \/>\n\t<meta name=\"twitter:data2\" content=\"2 minuter\" \/>\n<script type=\"application\/ld+json\" class=\"yoast-schema-graph\">{\"@context\":\"https:\/\/schema.org\",\"@graph\":[{\"@type\":\"Article\",\"@id\":\"https:\/\/www.smedemokrati.sk\/demokrati-ziadaju-zastavit-podozrive-tendre-v-nemocnici-poprad\/#article\",\"isPartOf\":{\"@id\":\"https:\/\/www.smedemokrati.sk\/demokrati-ziadaju-zastavit-podozrive-tendre-v-nemocnici-poprad\/\"},\"author\":{\"name\":\"miro.sopko\",\"@id\":\"https:\/\/www.smedemokrati.sk\/#\/schema\/person\/21f147c88d605aa7ded900e1e7c344ba\"},\"headline\":\"Demokrati \u017eiadaj\u00fa zastavi\u0165 podozriv\u00e9 tendre v\u00a0Nemocnici Poprad\u00a0\",\"datePublished\":\"2026-02-24T12:30:06+00:00\",\"dateModified\":\"2026-02-24T12:30:07+00:00\",\"mainEntityOfPage\":{\"@id\":\"https:\/\/www.smedemokrati.sk\/demokrati-ziadaju-zastavit-podozrive-tendre-v-nemocnici-poprad\/\"},\"wordCount\":408,\"publisher\":{\"@id\":\"https:\/\/www.smedemokrati.sk\/#organization\"},\"image\":{\"@id\":\"https:\/\/www.smedemokrati.sk\/demokrati-ziadaju-zastavit-podozrive-tendre-v-nemocnici-poprad\/#primaryimage\"},\"thumbnailUrl\":\"https:\/\/www.smedemokrati.sk\/wp-content\/uploads\/2026\/02\/zdravotnictvo.jpg\",\"articleSection\":[\"Tla\u010dov\u00e9 spr\u00e1vy\"],\"inLanguage\":\"sv-SE\"},{\"@type\":\"WebPage\",\"@id\":\"https:\/\/www.smedemokrati.sk\/demokrati-ziadaju-zastavit-podozrive-tendre-v-nemocnici-poprad\/\",\"url\":\"https:\/\/www.smedemokrati.sk\/demokrati-ziadaju-zastavit-podozrive-tendre-v-nemocnici-poprad\/\",\"name\":\"Demokrati \u017eiadaj\u00fa zastavi\u0165 podozriv\u00e9 tendre v\u00a0Nemocnici Poprad\u00a0\",\"isPartOf\":{\"@id\":\"https:\/\/www.smedemokrati.sk\/#website\"},\"primaryImageOfPage\":{\"@id\":\"https:\/\/www.smedemokrati.sk\/demokrati-ziadaju-zastavit-podozrive-tendre-v-nemocnici-poprad\/#primaryimage\"},\"image\":{\"@id\":\"https:\/\/www.smedemokrati.sk\/demokrati-ziadaju-zastavit-podozrive-tendre-v-nemocnici-poprad\/#primaryimage\"},\"thumbnailUrl\":\"https:\/\/www.smedemokrati.sk\/wp-content\/uploads\/2026\/02\/zdravotnictvo.jpg\",\"datePublished\":\"2026-02-24T12:30:06+00:00\",\"dateModified\":\"2026-02-24T12:30:07+00:00\",\"breadcrumb\":{\"@id\":\"https:\/\/www.smedemokrati.sk\/demokrati-ziadaju-zastavit-podozrive-tendre-v-nemocnici-poprad\/#breadcrumb\"},\"inLanguage\":\"sv-SE\",\"potentialAction\":[{\"@type\":\"ReadAction\",\"target\":[\"https:\/\/www.smedemokrati.sk\/demokrati-ziadaju-zastavit-podozrive-tendre-v-nemocnici-poprad\/\"]}]},{\"@type\":\"ImageObject\",\"inLanguage\":\"sv-SE\",\"@id\":\"https:\/\/www.smedemokrati.sk\/demokrati-ziadaju-zastavit-podozrive-tendre-v-nemocnici-poprad\/#primaryimage\",\"url\":\"https:\/\/www.smedemokrati.sk\/wp-content\/uploads\/2026\/02\/zdravotnictvo.jpg\",\"contentUrl\":\"https:\/\/www.smedemokrati.sk\/wp-content\/uploads\/2026\/02\/zdravotnictvo.jpg\",\"width\":1280,\"height\":720},{\"@type\":\"BreadcrumbList\",\"@id\":\"https:\/\/www.smedemokrati.sk\/demokrati-ziadaju-zastavit-podozrive-tendre-v-nemocnici-poprad\/#breadcrumb\",\"itemListElement\":[{\"@type\":\"ListItem\",\"position\":1,\"name\":\"Domovsk\u00e1 str\u00e1nka\",\"item\":\"https:\/\/www.smedemokrati.sk\/\"},{\"@type\":\"ListItem\",\"position\":2,\"name\":\"Demokrati \u017eiadaj\u00fa zastavi\u0165 podozriv\u00e9 tendre v\u00a0Nemocnici Poprad\u00a0\"}]},{\"@type\":\"WebSite\",\"@id\":\"https:\/\/www.smedemokrati.sk\/#website\",\"url\":\"https:\/\/www.smedemokrati.sk\/\",\"name\":\"Smedemokrati.sk\",\"description\":\"Demokracia a slu\u0161nos\u0165 zv\u00ed\u0165az\u00ed\",\"publisher\":{\"@id\":\"https:\/\/www.smedemokrati.sk\/#organization\"},\"potentialAction\":[{\"@type\":\"SearchAction\",\"target\":{\"@type\":\"EntryPoint\",\"urlTemplate\":\"https:\/\/www.smedemokrati.sk\/?s={search_term_string}\"},\"query-input\":{\"@type\":\"PropertyValueSpecification\",\"valueRequired\":true,\"valueName\":\"search_term_string\"}}],\"inLanguage\":\"sv-SE\"},{\"@type\":\"Organization\",\"@id\":\"https:\/\/www.smedemokrati.sk\/#organization\",\"name\":\"Smedemokrati.sk\",\"url\":\"https:\/\/www.smedemokrati.sk\/\",\"logo\":{\"@type\":\"ImageObject\",\"inLanguage\":\"sv-SE\",\"@id\":\"https:\/\/www.smedemokrati.sk\/#\/schema\/logo\/image\/\",\"url\":\"https:\/\/www.smedemokrati.sk\/wp-content\/uploads\/2023\/04\/ff.002.jpeg\",\"contentUrl\":\"https:\/\/www.smedemokrati.sk\/wp-content\/uploads\/2023\/04\/ff.002.jpeg\",\"width\":640,\"height\":480,\"caption\":\"Smedemokrati.sk\"},\"image\":{\"@id\":\"https:\/\/www.smedemokrati.sk\/#\/schema\/logo\/image\/\"},\"sameAs\":[\"https:\/\/www.facebook.com\/smedemokrati2023\"]},{\"@type\":\"Person\",\"@id\":\"https:\/\/www.smedemokrati.sk\/#\/schema\/person\/21f147c88d605aa7ded900e1e7c344ba\",\"name\":\"miro.sopko\",\"image\":{\"@type\":\"ImageObject\",\"inLanguage\":\"sv-SE\",\"@id\":\"https:\/\/secure.gravatar.com\/avatar\/267e4a36f704376c109afe3a78740c1f5dd8675a2180a908699e7863c9247606?s=96&d=mm&r=g\",\"url\":\"https:\/\/secure.gravatar.com\/avatar\/267e4a36f704376c109afe3a78740c1f5dd8675a2180a908699e7863c9247606?s=96&d=mm&r=g\",\"contentUrl\":\"https:\/\/secure.gravatar.com\/avatar\/267e4a36f704376c109afe3a78740c1f5dd8675a2180a908699e7863c9247606?s=96&d=mm&r=g\",\"caption\":\"miro.sopko\"},\"url\":\"https:\/\/www.smedemokrati.sk\/sv\/author\/miro-sopko\/\"}]}<\/script>\n<!-- \/ Yoast SEO plugin. -->","yoast_head_json":{"title":"Demokrati \u017eiadaj\u00fa zastavi\u0165 podozriv\u00e9 tendre v\u00a0Nemocnici Poprad\u00a0","robots":{"index":"index","follow":"follow","max-snippet":"max-snippet:-1","max-image-preview":"max-image-preview:large","max-video-preview":"max-video-preview:-1"},"canonical":"https:\/\/www.smedemokrati.sk\/sv\/demokrati-ziadaju-zastavit-podozrive-tendre-v-nemocnici-poprad\/","og_locale":"sv_SE","og_type":"article","og_title":"[:sk]Demokrati \u017eiadaj\u00fa zastavi\u0165 podozriv\u00e9 tendre v\u00a0Nemocnici Poprad\u00a0[:] - Smedemokrati.sk","og_description":"Demokrati op\u00e4tovne \u017eiadaj\u00fa ministra zdravotn\u00edctva \u0160a\u0161ka o\u00a0okam\u017eit\u00e9 zverejnenie v\u0161etk\u00fdch zml\u00fav na n\u00e1kup zdravotn\u00edckej techniky, tovarov a slu\u017eieb v\u00a0r\u00e1mci Pl\u00e1nu obnovy v\u00a0zdravotn\u00edctve.\u00a0\u201eExistuj\u00fa z\u00e1va\u017en\u00e9 podozrenia o\u00a0mo\u017en\u00fdch manipul\u00e1ci\u00e1ch\u00a0vo verejnom obstar\u00e1van\u00ed v\u00a0prospech konkr\u00e9tnych firiem\u201c, uviedol podpredseda Demokratov Eduard Heger. U\u017e pred 2 t\u00fd\u017ed\u0148ami Demokrati pouk\u00e1zali na dve podozriv\u00e9 verejn\u00e9 obstar\u00e1vania z&nbsp;prostriedkov z&nbsp;Pl\u00e1nu obnovy v&nbsp;Nemocnici Poprad, ktor\u00e1 je \u0161t\u00e1tnou akciou [&hellip;]","og_url":"https:\/\/www.smedemokrati.sk\/sv\/demokrati-ziadaju-zastavit-podozrive-tendre-v-nemocnici-poprad\/","og_site_name":"Smedemokrati.sk","article_publisher":"https:\/\/www.facebook.com\/smedemokrati2023","article_published_time":"2026-02-24T12:30:06+00:00","article_modified_time":"2026-02-24T12:30:07+00:00","og_image":[{"width":1280,"height":720,"url":"https:\/\/www.smedemokrati.sk\/wp-content\/uploads\/2026\/02\/zdravotnictvo.jpg","type":"image\/jpeg"}],"author":"miro.sopko","twitter_card":"summary_large_image","twitter_misc":{"Skriven av":"miro.sopko","Ber\u00e4knad l\u00e4stid":"2 minuter"},"schema":{"@context":"https:\/\/schema.org","@graph":[{"@type":"Article","@id":"https:\/\/www.smedemokrati.sk\/demokrati-ziadaju-zastavit-podozrive-tendre-v-nemocnici-poprad\/#article","isPartOf":{"@id":"https:\/\/www.smedemokrati.sk\/demokrati-ziadaju-zastavit-podozrive-tendre-v-nemocnici-poprad\/"},"author":{"name":"miro.sopko","@id":"https:\/\/www.smedemokrati.sk\/#\/schema\/person\/21f147c88d605aa7ded900e1e7c344ba"},"headline":"Demokrati \u017eiadaj\u00fa zastavi\u0165 podozriv\u00e9 tendre v\u00a0Nemocnici Poprad\u00a0","datePublished":"2026-02-24T12:30:06+00:00","dateModified":"2026-02-24T12:30:07+00:00","mainEntityOfPage":{"@id":"https:\/\/www.smedemokrati.sk\/demokrati-ziadaju-zastavit-podozrive-tendre-v-nemocnici-poprad\/"},"wordCount":408,"publisher":{"@id":"https:\/\/www.smedemokrati.sk\/#organization"},"image":{"@id":"https:\/\/www.smedemokrati.sk\/demokrati-ziadaju-zastavit-podozrive-tendre-v-nemocnici-poprad\/#primaryimage"},"thumbnailUrl":"https:\/\/www.smedemokrati.sk\/wp-content\/uploads\/2026\/02\/zdravotnictvo.jpg","articleSection":["Tla\u010dov\u00e9 spr\u00e1vy"],"inLanguage":"sv-SE"},{"@type":"WebPage","@id":"https:\/\/www.smedemokrati.sk\/demokrati-ziadaju-zastavit-podozrive-tendre-v-nemocnici-poprad\/","url":"https:\/\/www.smedemokrati.sk\/demokrati-ziadaju-zastavit-podozrive-tendre-v-nemocnici-poprad\/","name":"Demokrati \u017eiadaj\u00fa zastavi\u0165 podozriv\u00e9 tendre v\u00a0Nemocnici Poprad\u00a0","isPartOf":{"@id":"https:\/\/www.smedemokrati.sk\/#website"},"primaryImageOfPage":{"@id":"https:\/\/www.smedemokrati.sk\/demokrati-ziadaju-zastavit-podozrive-tendre-v-nemocnici-poprad\/#primaryimage"},"image":{"@id":"https:\/\/www.smedemokrati.sk\/demokrati-ziadaju-zastavit-podozrive-tendre-v-nemocnici-poprad\/#primaryimage"},"thumbnailUrl":"https:\/\/www.smedemokrati.sk\/wp-content\/uploads\/2026\/02\/zdravotnictvo.jpg","datePublished":"2026-02-24T12:30:06+00:00","dateModified":"2026-02-24T12:30:07+00:00","breadcrumb":{"@id":"https:\/\/www.smedemokrati.sk\/demokrati-ziadaju-zastavit-podozrive-tendre-v-nemocnici-poprad\/#breadcrumb"},"inLanguage":"sv-SE","potentialAction":[{"@type":"ReadAction","target":["https:\/\/www.smedemokrati.sk\/demokrati-ziadaju-zastavit-podozrive-tendre-v-nemocnici-poprad\/"]}]},{"@type":"ImageObject","inLanguage":"sv-SE","@id":"https:\/\/www.smedemokrati.sk\/demokrati-ziadaju-zastavit-podozrive-tendre-v-nemocnici-poprad\/#primaryimage","url":"https:\/\/www.smedemokrati.sk\/wp-content\/uploads\/2026\/02\/zdravotnictvo.jpg","contentUrl":"https:\/\/www.smedemokrati.sk\/wp-content\/uploads\/2026\/02\/zdravotnictvo.jpg","width":1280,"height":720},{"@type":"BreadcrumbList","@id":"https:\/\/www.smedemokrati.sk\/demokrati-ziadaju-zastavit-podozrive-tendre-v-nemocnici-poprad\/#breadcrumb","itemListElement":[{"@type":"ListItem","position":1,"name":"Domovsk\u00e1 str\u00e1nka","item":"https:\/\/www.smedemokrati.sk\/"},{"@type":"ListItem","position":2,"name":"Demokrati \u017eiadaj\u00fa zastavi\u0165 podozriv\u00e9 tendre v\u00a0Nemocnici Poprad\u00a0"}]},{"@type":"WebSite","@id":"https:\/\/www.smedemokrati.sk\/#website","url":"https:\/\/www.smedemokrati.sk\/","name":"Smedemokrati.sk","description":"Demokracia a slu\u0161nos\u0165 zv\u00ed\u0165az\u00ed","publisher":{"@id":"https:\/\/www.smedemokrati.sk\/#organization"},"potentialAction":[{"@type":"SearchAction","target":{"@type":"EntryPoint","urlTemplate":"https:\/\/www.smedemokrati.sk\/?s={search_term_string}"},"query-input":{"@type":"PropertyValueSpecification","valueRequired":true,"valueName":"search_term_string"}}],"inLanguage":"sv-SE"},{"@type":"Organization","@id":"https:\/\/www.smedemokrati.sk\/#organization","name":"Smedemokrati.sk","url":"https:\/\/www.smedemokrati.sk\/","logo":{"@type":"ImageObject","inLanguage":"sv-SE","@id":"https:\/\/www.smedemokrati.sk\/#\/schema\/logo\/image\/","url":"https:\/\/www.smedemokrati.sk\/wp-content\/uploads\/2023\/04\/ff.002.jpeg","contentUrl":"https:\/\/www.smedemokrati.sk\/wp-content\/uploads\/2023\/04\/ff.002.jpeg","width":640,"height":480,"caption":"Smedemokrati.sk"},"image":{"@id":"https:\/\/www.smedemokrati.sk\/#\/schema\/logo\/image\/"},"sameAs":["https:\/\/www.facebook.com\/smedemokrati2023"]},{"@type":"Person","@id":"https:\/\/www.smedemokrati.sk\/#\/schema\/person\/21f147c88d605aa7ded900e1e7c344ba","name":"miro.sopko","image":{"@type":"ImageObject","inLanguage":"sv-SE","@id":"https:\/\/secure.gravatar.com\/avatar\/267e4a36f704376c109afe3a78740c1f5dd8675a2180a908699e7863c9247606?s=96&d=mm&r=g","url":"https:\/\/secure.gravatar.com\/avatar\/267e4a36f704376c109afe3a78740c1f5dd8675a2180a908699e7863c9247606?s=96&d=mm&r=g","contentUrl":"https:\/\/secure.gravatar.com\/avatar\/267e4a36f704376c109afe3a78740c1f5dd8675a2180a908699e7863c9247606?s=96&d=mm&r=g","caption":"miro.sopko"},"url":"https:\/\/www.smedemokrati.sk\/sv\/author\/miro-sopko\/"}]}},"_links":{"self":[{"href":"https:\/\/www.smedemokrati.sk\/sv\/wp-json\/wp\/v2\/posts\/8904","targetHints":{"allow":["GET"]}}],"collection":[{"href":"https:\/\/www.smedemokrati.sk\/sv\/wp-json\/wp\/v2\/posts"}],"about":[{"href":"https:\/\/www.smedemokrati.sk\/sv\/wp-json\/wp\/v2\/types\/post"}],"author":[{"embeddable":true,"href":"https:\/\/www.smedemokrati.sk\/sv\/wp-json\/wp\/v2\/users\/13"}],"replies":[{"embeddable":true,"href":"https:\/\/www.smedemokrati.sk\/sv\/wp-json\/wp\/v2\/comments?post=8904"}],"version-history":[{"count":1,"href":"https:\/\/www.smedemokrati.sk\/sv\/wp-json\/wp\/v2\/posts\/8904\/revisions"}],"predecessor-version":[{"id":8906,"href":"https:\/\/www.smedemokrati.sk\/sv\/wp-json\/wp\/v2\/posts\/8904\/revisions\/8906"}],"wp:featuredmedia":[{"embeddable":true,"href":"https:\/\/www.smedemokrati.sk\/sv\/wp-json\/wp\/v2\/media\/8905"}],"wp:attachment":[{"href":"https:\/\/www.smedemokrati.sk\/sv\/wp-json\/wp\/v2\/media?parent=8904"}],"wp:term":[{"taxonomy":"category","embeddable":true,"href":"https:\/\/www.smedemokrati.sk\/sv\/wp-json\/wp\/v2\/categories?post=8904"},{"taxonomy":"post_tag","embeddable":true,"href":"https:\/\/www.smedemokrati.sk\/sv\/wp-json\/wp\/v2\/tags?post=8904"}],"curies":[{"name":"wp","href":"https:\/\/api.w.org\/{rel}","templated":true}]}}