{"id":8886,"date":"2026-02-18T13:55:40","date_gmt":"2026-02-18T12:55:40","guid":{"rendered":"https:\/\/www.smedemokrati.sk\/?p=8886"},"modified":"2026-02-18T13:55:41","modified_gmt":"2026-02-18T12:55:41","slug":"vlada-spusta-plosnu-buzeraciu-obcianskej-spolocnosti-utoci-na-rodicov-dobrovolnikov-a-tych-ktori-supluju-zlyhavajuci-stat","status":"publish","type":"post","link":"https:\/\/www.smedemokrati.sk\/sv\/vlada-spusta-plosnu-buzeraciu-obcianskej-spolocnosti-utoci-na-rodicov-dobrovolnikov-a-tych-ktori-supluju-zlyhavajuci-stat\/","title":{"rendered":"Vl\u00e1da sp\u00fa\u0161\u0165a plo\u0161n\u00fa buzer\u00e1ciu ob\u010dianskej spolo\u010dnosti. \u00dato\u010d\u00ed na rodi\u010dov, dobrovo\u013en\u00edkov a t\u00fdch, ktor\u00ed supluj\u00fa zlyh\u00e1vaj\u00faci \u0161t\u00e1t"},"content":{"rendered":"<div id=\"fb-root\"><\/div>\n\n<p><strong>Strana Demokrati ostro kritizuje uznesenie vl\u00e1dy, ktor\u00fdm vl\u00e1dna koal\u00edcia sp\u00fa\u0161\u0165a plo\u0161n\u00e9 kontroly v\u0161etk\u00fdch mimovl\u00e1dnych organiz\u00e1ci\u00ed na Slovensku. Ide o bezprecedentn\u00fd z\u00e1sah do ob\u010dianskej spolo\u010dnosti, ktor\u00fd sa net\u00fdka len organiz\u00e1ci\u00ed s podporou \u0161t\u00e1tu, ale zasiahne tis\u00edce rodi\u010dovsk\u00fdch zdru\u017een\u00ed, matersk\u00fdch centier, dobrovo\u013en\u00fdch hasi\u010dov, zdru\u017een\u00ed pom\u00e1haj\u00facich chor\u00fdm de\u0165om, seniorom \u010di onkologick\u00fdm pacientom alebo zameran\u00fdch na ochranu pamiatok. Vl\u00e1da t\u00fdmto krokom rezignovala na re\u0161pekt k \u00dastave SR a trest\u00e1 t\u00fdch, ktor\u00ed pom\u00e1haj\u00fa tam, kde \u0161t\u00e1t dlhodobo zlyh\u00e1va.<\/strong><\/p>\n\n\n\n<p>\u201e<em>\u00dastavn\u00fd s\u00fad SR u\u017e raz jasne povedal, \u017ee z\u00e1sahy vl\u00e1dy do fungovania mimovl\u00e1dnych organiz\u00e1ci\u00ed s\u00fa proti\u00fastavn\u00e9. Napriek tomu vl\u00e1da Roberta Fica otvorene deklaruje, \u017ee si \u201en\u00e1jde in\u00fa cestu\u201c. Ide o arogantn\u00fd v\u00fdsmech \u00fastave a pr\u00e1vnemu \u0161t\u00e1tu.<\/em>\u201d, otv\u00e1ra t\u00e9mu Monika Podhor\u00e1ny Masarikov\u00e1, \u010dlenka predsedn\u00edctva.<\/p>\n\n\n\n<p>\u201e<em>Namiesto toho, aby sa Fico zameral na kontroly podvodov DPH, kde sa str\u00e1ca pribli\u017ene miliarda, ide viaza\u0165 10 % kontroln\u00fdch \u00faradn\u00edkov okresn\u00fdch \u00faradov, finan\u010dnej spr\u00e1vy \u010di in\u0161pektor\u00e1tov pr\u00e1ce na \u0161ikanu \u013eud\u00ed. T\u00fdch \u013eud\u00ed, ktor\u00ed v mnoh\u00fdch oblastiach supluj\u00fa \u0161t\u00e1t. Dobrovo\u013en\u00edci \u010dastokr\u00e1t od \u0161t\u00e1tu nechc\u00fa ni\u010d a \u0161t\u00e1t aby im dal aspo\u0148 pokoj, ide kontrolova\u0165 blo\u010dky \u0161kolsk\u00fdm klubom. Len preto, aby Fico prekryl svoje kauzy. Som zvedav\u00fd, \u010di skontroluj\u00fa aj ob\u010dianske zdru\u017eenie Brat za Brata, nie\u010do mi hovor\u00ed, \u017ee ich nie. V \u010dase konsolid\u00e1cie si ob\u010dania t\u00fato buzer\u00e1ciu zaplatia v platoch \u00faradn\u00edkov alebo zhor\u0161en\u00fdch slu\u017eb\u00e1ch \u0161t\u00e1tu, \u010domu by sa vymedzen\u00ed kontrol\u00f3ri mimovl\u00e1dok mohli rad\u0161ej venova\u0165. Fico odkazuje \u013eu\u010fom: \u017eivoty v\u00e1m nezlep\u0161\u00edme, nepom\u00f4\u017eeme v\u00e1m, ale aspo\u0148 v\u00e1s budeme \u0161ikanova\u0165,<\/em>\u201d kritizuje podpredseda Demokratov Michal Ki\u010da.\u00a0<\/p>\n\n\n\n<p>\u201e<em>To naozaj na Slovensku nem\u00e1me in\u00e9 probl\u00e9my? Ka\u017ed\u00fd piaty Slov\u00e1k dnes \u017eije na hranici chudoby. Mzdy klesli, lebo sa zv\u00fd\u0161ili zdravotn\u00e9 odvody. K lek\u00e1rovi \u0161pecialistovi sa \u013eudia aj tak nedostan\u00fa. \u013dudia robia verejn\u00e9 zbierky na lieky, z\u00e1kroky, prevozy do zahrani\u010dia. A oni rie\u0161ia mimovl\u00e1dky?<\/em>\u201d, dod\u00e1va Monika Podhor\u00e1ny Masarikovej.\u00a0<\/p>\n\n\n\n<p>Strana Demokrati z\u00e1rove\u0148 poukazuje na \u010dist\u00e9 pokrytectvo vl\u00e1dnych predstavite\u013eov, ktor\u00ed e\u0161te ned\u00e1vno s ob\u010dianskymi zdru\u017eeniami verejne p\u00f3zovali. Minister \u0161kolstva Tom\u00e1\u0161 Drucker, ministerka Denisa Sakov\u00e1 \u010di minister vn\u00fatra Mat\u00fa\u0161 \u0160utaj E\u0161tok sa pravidelne objavovali po boku dobrovo\u013en\u00edkov, hasi\u010dov a komunitn\u00fdch zdru\u017een\u00ed. Dnes z t\u00fdch ist\u00fdch \u013eud\u00ed rob\u00ed vl\u00e1da \u201enepriate\u013eov \u0161t\u00e1tu\u201c.<\/p>\n\n\n\n<figure class=\"wp-block-embed is-type-video is-provider-youtube wp-block-embed-youtube wp-embed-aspect-16-9 wp-has-aspect-ratio\"><div class=\"wp-block-embed__wrapper\">\n<iframe title=\"Live: \u010eal\u0161ia Ficova \u0161ikana be\u017en\u00fdch \u013eud\u00ed\" width=\"500\" height=\"281\" src=\"https:\/\/www.youtube.com\/embed\/sWHOxTgrGv0?feature=oembed\" frameborder=\"0\" allow=\"accelerometer; autoplay; clipboard-write; encrypted-media; gyroscope; picture-in-picture; web-share\" referrerpolicy=\"strict-origin-when-cross-origin\" allowfullscreen><\/iframe>\n<\/div><\/figure>\n","protected":false},"excerpt":{"rendered":"<p>Strana Demokrati ostro kritizuje uznesenie vl\u00e1dy, ktor\u00fdm vl\u00e1dna koal\u00edcia sp\u00fa\u0161\u0165a plo\u0161n\u00e9 kontroly v\u0161etk\u00fdch mimovl\u00e1dnych organiz\u00e1ci\u00ed na Slovensku. Ide o bezprecedentn\u00fd z\u00e1sah do ob\u010dianskej spolo\u010dnosti, ktor\u00fd sa net\u00fdka len organiz\u00e1ci\u00ed s podporou \u0161t\u00e1tu, ale zasiahne tis\u00edce rodi\u010dovsk\u00fdch zdru\u017een\u00ed, matersk\u00fdch centier, dobrovo\u013en\u00fdch hasi\u010dov, zdru\u017een\u00ed pom\u00e1haj\u00facich chor\u00fdm de\u0165om, seniorom \u010di onkologick\u00fdm pacientom alebo zameran\u00fdch na ochranu pamiatok. Vl\u00e1da [&hellip;]<\/p>\n","protected":false},"author":13,"featured_media":8887,"comment_status":"closed","ping_status":"closed","sticky":false,"template":"","format":"standard","meta":{"_acf_changed":false,"ngg_post_thumbnail":0,"footnotes":""},"categories":[4],"tags":[],"class_list":["post-8886","post","type-post","status-publish","format-standard","has-post-thumbnail","hentry","category-tlacove-spravy"],"acf":[],"yoast_head":"<!-- This site is optimized with the Yoast SEO plugin v27.2 - https:\/\/yoast.com\/product\/yoast-seo-wordpress\/ -->\n<title>Vl\u00e1da sp\u00fa\u0161\u0165a plo\u0161n\u00fa buzer\u00e1ciu ob\u010dianskej spolo\u010dnosti. \u00dato\u010d\u00ed na rodi\u010dov, dobrovo\u013en\u00edkov a t\u00fdch, ktor\u00ed supluj\u00fa zlyh\u00e1vaj\u00faci \u0161t\u00e1t<\/title>\n<meta name=\"robots\" content=\"index, follow, max-snippet:-1, max-image-preview:large, max-video-preview:-1\" \/>\n<link rel=\"canonical\" href=\"https:\/\/www.smedemokrati.sk\/sv\/vlada-spusta-plosnu-buzeraciu-obcianskej-spolocnosti-utoci-na-rodicov-dobrovolnikov-a-tych-ktori-supluju-zlyhavajuci-stat\/\" \/>\n<meta property=\"og:locale\" content=\"sv_SE\" \/>\n<meta property=\"og:locale:alternate\" content=\"en_US\" \/>\n<meta property=\"og:locale:alternate\" content=\"cs_CZ\" \/>\n<meta property=\"og:locale:alternate\" content=\"hu_HU\" \/>\n<meta property=\"og:locale:alternate\" content=\"sk_SK\" \/>\n<meta property=\"og:type\" content=\"article\" \/>\n<meta property=\"og:title\" content=\"Vl\u00e1da sp\u00fa\u0161\u0165a plo\u0161n\u00fa buzer\u00e1ciu ob\u010dianskej spolo\u010dnosti. \u00dato\u010d\u00ed na rodi\u010dov, dobrovo\u013en\u00edkov a t\u00fdch, ktor\u00ed supluj\u00fa zlyh\u00e1vaj\u00faci \u0161t\u00e1t\" \/>\n<meta property=\"og:description\" content=\"Strana Demokrati ostro kritizuje uznesenie vl\u00e1dy, ktor\u00fdm vl\u00e1dna koal\u00edcia sp\u00fa\u0161\u0165a plo\u0161n\u00e9 kontroly v\u0161etk\u00fdch mimovl\u00e1dnych organiz\u00e1ci\u00ed na Slovensku. Ide o bezprecedentn\u00fd z\u00e1sah do ob\u010dianskej spolo\u010dnosti, ktor\u00fd sa net\u00fdka len organiz\u00e1ci\u00ed s podporou \u0161t\u00e1tu, ale zasiahne tis\u00edce rodi\u010dovsk\u00fdch zdru\u017een\u00ed, matersk\u00fdch centier, dobrovo\u013en\u00fdch hasi\u010dov, zdru\u017een\u00ed pom\u00e1haj\u00facich chor\u00fdm de\u0165om, seniorom \u010di onkologick\u00fdm pacientom alebo zameran\u00fdch na ochranu pamiatok. Vl\u00e1da [&hellip;]\" \/>\n<meta property=\"og:url\" content=\"https:\/\/www.smedemokrati.sk\/sv\/vlada-spusta-plosnu-buzeraciu-obcianskej-spolocnosti-utoci-na-rodicov-dobrovolnikov-a-tych-ktori-supluju-zlyhavajuci-stat\/\" \/>\n<meta property=\"og:site_name\" content=\"Smedemokrati.sk\" \/>\n<meta property=\"article:publisher\" content=\"https:\/\/www.facebook.com\/smedemokrati2023\" \/>\n<meta property=\"article:published_time\" content=\"2026-02-18T12:55:40+00:00\" \/>\n<meta property=\"article:modified_time\" content=\"2026-02-18T12:55:41+00:00\" \/>\n<meta property=\"og:image\" content=\"https:\/\/www.smedemokrati.sk\/wp-content\/uploads\/2026\/02\/buzeracia_obcanov.jpg\" \/>\n\t<meta property=\"og:image:width\" content=\"1280\" \/>\n\t<meta property=\"og:image:height\" content=\"720\" \/>\n\t<meta property=\"og:image:type\" content=\"image\/jpeg\" \/>\n<meta name=\"author\" content=\"miro.sopko\" \/>\n<meta name=\"twitter:card\" content=\"summary_large_image\" \/>\n<meta name=\"twitter:label1\" content=\"Skriven av\" \/>\n\t<meta name=\"twitter:data1\" content=\"miro.sopko\" \/>\n\t<meta name=\"twitter:label2\" content=\"Ber\u00e4knad l\u00e4stid\" \/>\n\t<meta name=\"twitter:data2\" content=\"3 minuter\" \/>\n<script type=\"application\/ld+json\" class=\"yoast-schema-graph\">{\"@context\":\"https:\/\/schema.org\",\"@graph\":[{\"@type\":\"Article\",\"@id\":\"https:\/\/www.smedemokrati.sk\/vlada-spusta-plosnu-buzeraciu-obcianskej-spolocnosti-utoci-na-rodicov-dobrovolnikov-a-tych-ktori-supluju-zlyhavajuci-stat\/#article\",\"isPartOf\":{\"@id\":\"https:\/\/www.smedemokrati.sk\/vlada-spusta-plosnu-buzeraciu-obcianskej-spolocnosti-utoci-na-rodicov-dobrovolnikov-a-tych-ktori-supluju-zlyhavajuci-stat\/\"},\"author\":{\"name\":\"miro.sopko\",\"@id\":\"https:\/\/www.smedemokrati.sk\/#\/schema\/person\/21f147c88d605aa7ded900e1e7c344ba\"},\"headline\":\"Vl\u00e1da sp\u00fa\u0161\u0165a plo\u0161n\u00fa buzer\u00e1ciu ob\u010dianskej spolo\u010dnosti. \u00dato\u010d\u00ed na rodi\u010dov, dobrovo\u013en\u00edkov a t\u00fdch, ktor\u00ed supluj\u00fa zlyh\u00e1vaj\u00faci \u0161t\u00e1t\",\"datePublished\":\"2026-02-18T12:55:40+00:00\",\"dateModified\":\"2026-02-18T12:55:41+00:00\",\"mainEntityOfPage\":{\"@id\":\"https:\/\/www.smedemokrati.sk\/vlada-spusta-plosnu-buzeraciu-obcianskej-spolocnosti-utoci-na-rodicov-dobrovolnikov-a-tych-ktori-supluju-zlyhavajuci-stat\/\"},\"wordCount\":499,\"publisher\":{\"@id\":\"https:\/\/www.smedemokrati.sk\/#organization\"},\"image\":{\"@id\":\"https:\/\/www.smedemokrati.sk\/vlada-spusta-plosnu-buzeraciu-obcianskej-spolocnosti-utoci-na-rodicov-dobrovolnikov-a-tych-ktori-supluju-zlyhavajuci-stat\/#primaryimage\"},\"thumbnailUrl\":\"https:\/\/www.smedemokrati.sk\/wp-content\/uploads\/2026\/02\/buzeracia_obcanov.jpg\",\"articleSection\":[\"Tla\u010dov\u00e9 spr\u00e1vy\"],\"inLanguage\":\"sv-SE\"},{\"@type\":\"WebPage\",\"@id\":\"https:\/\/www.smedemokrati.sk\/vlada-spusta-plosnu-buzeraciu-obcianskej-spolocnosti-utoci-na-rodicov-dobrovolnikov-a-tych-ktori-supluju-zlyhavajuci-stat\/\",\"url\":\"https:\/\/www.smedemokrati.sk\/vlada-spusta-plosnu-buzeraciu-obcianskej-spolocnosti-utoci-na-rodicov-dobrovolnikov-a-tych-ktori-supluju-zlyhavajuci-stat\/\",\"name\":\"Vl\u00e1da sp\u00fa\u0161\u0165a plo\u0161n\u00fa buzer\u00e1ciu ob\u010dianskej spolo\u010dnosti. \u00dato\u010d\u00ed na rodi\u010dov, dobrovo\u013en\u00edkov a t\u00fdch, ktor\u00ed supluj\u00fa zlyh\u00e1vaj\u00faci \u0161t\u00e1t\",\"isPartOf\":{\"@id\":\"https:\/\/www.smedemokrati.sk\/#website\"},\"primaryImageOfPage\":{\"@id\":\"https:\/\/www.smedemokrati.sk\/vlada-spusta-plosnu-buzeraciu-obcianskej-spolocnosti-utoci-na-rodicov-dobrovolnikov-a-tych-ktori-supluju-zlyhavajuci-stat\/#primaryimage\"},\"image\":{\"@id\":\"https:\/\/www.smedemokrati.sk\/vlada-spusta-plosnu-buzeraciu-obcianskej-spolocnosti-utoci-na-rodicov-dobrovolnikov-a-tych-ktori-supluju-zlyhavajuci-stat\/#primaryimage\"},\"thumbnailUrl\":\"https:\/\/www.smedemokrati.sk\/wp-content\/uploads\/2026\/02\/buzeracia_obcanov.jpg\",\"datePublished\":\"2026-02-18T12:55:40+00:00\",\"dateModified\":\"2026-02-18T12:55:41+00:00\",\"breadcrumb\":{\"@id\":\"https:\/\/www.smedemokrati.sk\/vlada-spusta-plosnu-buzeraciu-obcianskej-spolocnosti-utoci-na-rodicov-dobrovolnikov-a-tych-ktori-supluju-zlyhavajuci-stat\/#breadcrumb\"},\"inLanguage\":\"sv-SE\",\"potentialAction\":[{\"@type\":\"ReadAction\",\"target\":[\"https:\/\/www.smedemokrati.sk\/vlada-spusta-plosnu-buzeraciu-obcianskej-spolocnosti-utoci-na-rodicov-dobrovolnikov-a-tych-ktori-supluju-zlyhavajuci-stat\/\"]}]},{\"@type\":\"ImageObject\",\"inLanguage\":\"sv-SE\",\"@id\":\"https:\/\/www.smedemokrati.sk\/vlada-spusta-plosnu-buzeraciu-obcianskej-spolocnosti-utoci-na-rodicov-dobrovolnikov-a-tych-ktori-supluju-zlyhavajuci-stat\/#primaryimage\",\"url\":\"https:\/\/www.smedemokrati.sk\/wp-content\/uploads\/2026\/02\/buzeracia_obcanov.jpg\",\"contentUrl\":\"https:\/\/www.smedemokrati.sk\/wp-content\/uploads\/2026\/02\/buzeracia_obcanov.jpg\",\"width\":1280,\"height\":720},{\"@type\":\"BreadcrumbList\",\"@id\":\"https:\/\/www.smedemokrati.sk\/vlada-spusta-plosnu-buzeraciu-obcianskej-spolocnosti-utoci-na-rodicov-dobrovolnikov-a-tych-ktori-supluju-zlyhavajuci-stat\/#breadcrumb\",\"itemListElement\":[{\"@type\":\"ListItem\",\"position\":1,\"name\":\"Domovsk\u00e1 str\u00e1nka\",\"item\":\"https:\/\/www.smedemokrati.sk\/\"},{\"@type\":\"ListItem\",\"position\":2,\"name\":\"Vl\u00e1da sp\u00fa\u0161\u0165a plo\u0161n\u00fa buzer\u00e1ciu ob\u010dianskej spolo\u010dnosti. \u00dato\u010d\u00ed na rodi\u010dov, dobrovo\u013en\u00edkov a t\u00fdch, ktor\u00ed supluj\u00fa zlyh\u00e1vaj\u00faci \u0161t\u00e1t\"}]},{\"@type\":\"WebSite\",\"@id\":\"https:\/\/www.smedemokrati.sk\/#website\",\"url\":\"https:\/\/www.smedemokrati.sk\/\",\"name\":\"Smedemokrati.sk\",\"description\":\"Demokracia a slu\u0161nos\u0165 zv\u00ed\u0165az\u00ed\",\"publisher\":{\"@id\":\"https:\/\/www.smedemokrati.sk\/#organization\"},\"potentialAction\":[{\"@type\":\"SearchAction\",\"target\":{\"@type\":\"EntryPoint\",\"urlTemplate\":\"https:\/\/www.smedemokrati.sk\/?s={search_term_string}\"},\"query-input\":{\"@type\":\"PropertyValueSpecification\",\"valueRequired\":true,\"valueName\":\"search_term_string\"}}],\"inLanguage\":\"sv-SE\"},{\"@type\":\"Organization\",\"@id\":\"https:\/\/www.smedemokrati.sk\/#organization\",\"name\":\"Smedemokrati.sk\",\"url\":\"https:\/\/www.smedemokrati.sk\/\",\"logo\":{\"@type\":\"ImageObject\",\"inLanguage\":\"sv-SE\",\"@id\":\"https:\/\/www.smedemokrati.sk\/#\/schema\/logo\/image\/\",\"url\":\"https:\/\/www.smedemokrati.sk\/wp-content\/uploads\/2023\/04\/ff.002.jpeg\",\"contentUrl\":\"https:\/\/www.smedemokrati.sk\/wp-content\/uploads\/2023\/04\/ff.002.jpeg\",\"width\":640,\"height\":480,\"caption\":\"Smedemokrati.sk\"},\"image\":{\"@id\":\"https:\/\/www.smedemokrati.sk\/#\/schema\/logo\/image\/\"},\"sameAs\":[\"https:\/\/www.facebook.com\/smedemokrati2023\"]},{\"@type\":\"Person\",\"@id\":\"https:\/\/www.smedemokrati.sk\/#\/schema\/person\/21f147c88d605aa7ded900e1e7c344ba\",\"name\":\"miro.sopko\",\"image\":{\"@type\":\"ImageObject\",\"inLanguage\":\"sv-SE\",\"@id\":\"https:\/\/secure.gravatar.com\/avatar\/267e4a36f704376c109afe3a78740c1f5dd8675a2180a908699e7863c9247606?s=96&d=mm&r=g\",\"url\":\"https:\/\/secure.gravatar.com\/avatar\/267e4a36f704376c109afe3a78740c1f5dd8675a2180a908699e7863c9247606?s=96&d=mm&r=g\",\"contentUrl\":\"https:\/\/secure.gravatar.com\/avatar\/267e4a36f704376c109afe3a78740c1f5dd8675a2180a908699e7863c9247606?s=96&d=mm&r=g\",\"caption\":\"miro.sopko\"},\"url\":\"https:\/\/www.smedemokrati.sk\/sv\/author\/miro-sopko\/\"}]}<\/script>\n<!-- \/ Yoast SEO plugin. -->","yoast_head_json":{"title":"Vl\u00e1da sp\u00fa\u0161\u0165a plo\u0161n\u00fa buzer\u00e1ciu ob\u010dianskej spolo\u010dnosti. \u00dato\u010d\u00ed na rodi\u010dov, dobrovo\u013en\u00edkov a t\u00fdch, ktor\u00ed supluj\u00fa zlyh\u00e1vaj\u00faci \u0161t\u00e1t","robots":{"index":"index","follow":"follow","max-snippet":"max-snippet:-1","max-image-preview":"max-image-preview:large","max-video-preview":"max-video-preview:-1"},"canonical":"https:\/\/www.smedemokrati.sk\/sv\/vlada-spusta-plosnu-buzeraciu-obcianskej-spolocnosti-utoci-na-rodicov-dobrovolnikov-a-tych-ktori-supluju-zlyhavajuci-stat\/","og_locale":"sv_SE","og_type":"article","og_title":"[:sk]Vl\u00e1da sp\u00fa\u0161\u0165a plo\u0161n\u00fa buzer\u00e1ciu ob\u010dianskej spolo\u010dnosti. \u00dato\u010d\u00ed na rodi\u010dov, dobrovo\u013en\u00edkov a t\u00fdch, ktor\u00ed supluj\u00fa zlyh\u00e1vaj\u00faci \u0161t\u00e1t[:] - Smedemokrati.sk","og_description":"Strana Demokrati ostro kritizuje uznesenie vl\u00e1dy, ktor\u00fdm vl\u00e1dna koal\u00edcia sp\u00fa\u0161\u0165a plo\u0161n\u00e9 kontroly v\u0161etk\u00fdch mimovl\u00e1dnych organiz\u00e1ci\u00ed na Slovensku. Ide o bezprecedentn\u00fd z\u00e1sah do ob\u010dianskej spolo\u010dnosti, ktor\u00fd sa net\u00fdka len organiz\u00e1ci\u00ed s podporou \u0161t\u00e1tu, ale zasiahne tis\u00edce rodi\u010dovsk\u00fdch zdru\u017een\u00ed, matersk\u00fdch centier, dobrovo\u013en\u00fdch hasi\u010dov, zdru\u017een\u00ed pom\u00e1haj\u00facich chor\u00fdm de\u0165om, seniorom \u010di onkologick\u00fdm pacientom alebo zameran\u00fdch na ochranu pamiatok. Vl\u00e1da [&hellip;]","og_url":"https:\/\/www.smedemokrati.sk\/sv\/vlada-spusta-plosnu-buzeraciu-obcianskej-spolocnosti-utoci-na-rodicov-dobrovolnikov-a-tych-ktori-supluju-zlyhavajuci-stat\/","og_site_name":"Smedemokrati.sk","article_publisher":"https:\/\/www.facebook.com\/smedemokrati2023","article_published_time":"2026-02-18T12:55:40+00:00","article_modified_time":"2026-02-18T12:55:41+00:00","og_image":[{"width":1280,"height":720,"url":"https:\/\/www.smedemokrati.sk\/wp-content\/uploads\/2026\/02\/buzeracia_obcanov.jpg","type":"image\/jpeg"}],"author":"miro.sopko","twitter_card":"summary_large_image","twitter_misc":{"Skriven av":"miro.sopko","Ber\u00e4knad l\u00e4stid":"3 minuter"},"schema":{"@context":"https:\/\/schema.org","@graph":[{"@type":"Article","@id":"https:\/\/www.smedemokrati.sk\/vlada-spusta-plosnu-buzeraciu-obcianskej-spolocnosti-utoci-na-rodicov-dobrovolnikov-a-tych-ktori-supluju-zlyhavajuci-stat\/#article","isPartOf":{"@id":"https:\/\/www.smedemokrati.sk\/vlada-spusta-plosnu-buzeraciu-obcianskej-spolocnosti-utoci-na-rodicov-dobrovolnikov-a-tych-ktori-supluju-zlyhavajuci-stat\/"},"author":{"name":"miro.sopko","@id":"https:\/\/www.smedemokrati.sk\/#\/schema\/person\/21f147c88d605aa7ded900e1e7c344ba"},"headline":"Vl\u00e1da sp\u00fa\u0161\u0165a plo\u0161n\u00fa buzer\u00e1ciu ob\u010dianskej spolo\u010dnosti. \u00dato\u010d\u00ed na rodi\u010dov, dobrovo\u013en\u00edkov a t\u00fdch, ktor\u00ed supluj\u00fa zlyh\u00e1vaj\u00faci \u0161t\u00e1t","datePublished":"2026-02-18T12:55:40+00:00","dateModified":"2026-02-18T12:55:41+00:00","mainEntityOfPage":{"@id":"https:\/\/www.smedemokrati.sk\/vlada-spusta-plosnu-buzeraciu-obcianskej-spolocnosti-utoci-na-rodicov-dobrovolnikov-a-tych-ktori-supluju-zlyhavajuci-stat\/"},"wordCount":499,"publisher":{"@id":"https:\/\/www.smedemokrati.sk\/#organization"},"image":{"@id":"https:\/\/www.smedemokrati.sk\/vlada-spusta-plosnu-buzeraciu-obcianskej-spolocnosti-utoci-na-rodicov-dobrovolnikov-a-tych-ktori-supluju-zlyhavajuci-stat\/#primaryimage"},"thumbnailUrl":"https:\/\/www.smedemokrati.sk\/wp-content\/uploads\/2026\/02\/buzeracia_obcanov.jpg","articleSection":["Tla\u010dov\u00e9 spr\u00e1vy"],"inLanguage":"sv-SE"},{"@type":"WebPage","@id":"https:\/\/www.smedemokrati.sk\/vlada-spusta-plosnu-buzeraciu-obcianskej-spolocnosti-utoci-na-rodicov-dobrovolnikov-a-tych-ktori-supluju-zlyhavajuci-stat\/","url":"https:\/\/www.smedemokrati.sk\/vlada-spusta-plosnu-buzeraciu-obcianskej-spolocnosti-utoci-na-rodicov-dobrovolnikov-a-tych-ktori-supluju-zlyhavajuci-stat\/","name":"Vl\u00e1da sp\u00fa\u0161\u0165a plo\u0161n\u00fa buzer\u00e1ciu ob\u010dianskej spolo\u010dnosti. \u00dato\u010d\u00ed na rodi\u010dov, dobrovo\u013en\u00edkov a t\u00fdch, ktor\u00ed supluj\u00fa zlyh\u00e1vaj\u00faci \u0161t\u00e1t","isPartOf":{"@id":"https:\/\/www.smedemokrati.sk\/#website"},"primaryImageOfPage":{"@id":"https:\/\/www.smedemokrati.sk\/vlada-spusta-plosnu-buzeraciu-obcianskej-spolocnosti-utoci-na-rodicov-dobrovolnikov-a-tych-ktori-supluju-zlyhavajuci-stat\/#primaryimage"},"image":{"@id":"https:\/\/www.smedemokrati.sk\/vlada-spusta-plosnu-buzeraciu-obcianskej-spolocnosti-utoci-na-rodicov-dobrovolnikov-a-tych-ktori-supluju-zlyhavajuci-stat\/#primaryimage"},"thumbnailUrl":"https:\/\/www.smedemokrati.sk\/wp-content\/uploads\/2026\/02\/buzeracia_obcanov.jpg","datePublished":"2026-02-18T12:55:40+00:00","dateModified":"2026-02-18T12:55:41+00:00","breadcrumb":{"@id":"https:\/\/www.smedemokrati.sk\/vlada-spusta-plosnu-buzeraciu-obcianskej-spolocnosti-utoci-na-rodicov-dobrovolnikov-a-tych-ktori-supluju-zlyhavajuci-stat\/#breadcrumb"},"inLanguage":"sv-SE","potentialAction":[{"@type":"ReadAction","target":["https:\/\/www.smedemokrati.sk\/vlada-spusta-plosnu-buzeraciu-obcianskej-spolocnosti-utoci-na-rodicov-dobrovolnikov-a-tych-ktori-supluju-zlyhavajuci-stat\/"]}]},{"@type":"ImageObject","inLanguage":"sv-SE","@id":"https:\/\/www.smedemokrati.sk\/vlada-spusta-plosnu-buzeraciu-obcianskej-spolocnosti-utoci-na-rodicov-dobrovolnikov-a-tych-ktori-supluju-zlyhavajuci-stat\/#primaryimage","url":"https:\/\/www.smedemokrati.sk\/wp-content\/uploads\/2026\/02\/buzeracia_obcanov.jpg","contentUrl":"https:\/\/www.smedemokrati.sk\/wp-content\/uploads\/2026\/02\/buzeracia_obcanov.jpg","width":1280,"height":720},{"@type":"BreadcrumbList","@id":"https:\/\/www.smedemokrati.sk\/vlada-spusta-plosnu-buzeraciu-obcianskej-spolocnosti-utoci-na-rodicov-dobrovolnikov-a-tych-ktori-supluju-zlyhavajuci-stat\/#breadcrumb","itemListElement":[{"@type":"ListItem","position":1,"name":"Domovsk\u00e1 str\u00e1nka","item":"https:\/\/www.smedemokrati.sk\/"},{"@type":"ListItem","position":2,"name":"Vl\u00e1da sp\u00fa\u0161\u0165a plo\u0161n\u00fa buzer\u00e1ciu ob\u010dianskej spolo\u010dnosti. \u00dato\u010d\u00ed na rodi\u010dov, dobrovo\u013en\u00edkov a t\u00fdch, ktor\u00ed supluj\u00fa zlyh\u00e1vaj\u00faci \u0161t\u00e1t"}]},{"@type":"WebSite","@id":"https:\/\/www.smedemokrati.sk\/#website","url":"https:\/\/www.smedemokrati.sk\/","name":"Smedemokrati.sk","description":"Demokracia a slu\u0161nos\u0165 zv\u00ed\u0165az\u00ed","publisher":{"@id":"https:\/\/www.smedemokrati.sk\/#organization"},"potentialAction":[{"@type":"SearchAction","target":{"@type":"EntryPoint","urlTemplate":"https:\/\/www.smedemokrati.sk\/?s={search_term_string}"},"query-input":{"@type":"PropertyValueSpecification","valueRequired":true,"valueName":"search_term_string"}}],"inLanguage":"sv-SE"},{"@type":"Organization","@id":"https:\/\/www.smedemokrati.sk\/#organization","name":"Smedemokrati.sk","url":"https:\/\/www.smedemokrati.sk\/","logo":{"@type":"ImageObject","inLanguage":"sv-SE","@id":"https:\/\/www.smedemokrati.sk\/#\/schema\/logo\/image\/","url":"https:\/\/www.smedemokrati.sk\/wp-content\/uploads\/2023\/04\/ff.002.jpeg","contentUrl":"https:\/\/www.smedemokrati.sk\/wp-content\/uploads\/2023\/04\/ff.002.jpeg","width":640,"height":480,"caption":"Smedemokrati.sk"},"image":{"@id":"https:\/\/www.smedemokrati.sk\/#\/schema\/logo\/image\/"},"sameAs":["https:\/\/www.facebook.com\/smedemokrati2023"]},{"@type":"Person","@id":"https:\/\/www.smedemokrati.sk\/#\/schema\/person\/21f147c88d605aa7ded900e1e7c344ba","name":"miro.sopko","image":{"@type":"ImageObject","inLanguage":"sv-SE","@id":"https:\/\/secure.gravatar.com\/avatar\/267e4a36f704376c109afe3a78740c1f5dd8675a2180a908699e7863c9247606?s=96&d=mm&r=g","url":"https:\/\/secure.gravatar.com\/avatar\/267e4a36f704376c109afe3a78740c1f5dd8675a2180a908699e7863c9247606?s=96&d=mm&r=g","contentUrl":"https:\/\/secure.gravatar.com\/avatar\/267e4a36f704376c109afe3a78740c1f5dd8675a2180a908699e7863c9247606?s=96&d=mm&r=g","caption":"miro.sopko"},"url":"https:\/\/www.smedemokrati.sk\/sv\/author\/miro-sopko\/"}]}},"_links":{"self":[{"href":"https:\/\/www.smedemokrati.sk\/sv\/wp-json\/wp\/v2\/posts\/8886","targetHints":{"allow":["GET"]}}],"collection":[{"href":"https:\/\/www.smedemokrati.sk\/sv\/wp-json\/wp\/v2\/posts"}],"about":[{"href":"https:\/\/www.smedemokrati.sk\/sv\/wp-json\/wp\/v2\/types\/post"}],"author":[{"embeddable":true,"href":"https:\/\/www.smedemokrati.sk\/sv\/wp-json\/wp\/v2\/users\/13"}],"replies":[{"embeddable":true,"href":"https:\/\/www.smedemokrati.sk\/sv\/wp-json\/wp\/v2\/comments?post=8886"}],"version-history":[{"count":1,"href":"https:\/\/www.smedemokrati.sk\/sv\/wp-json\/wp\/v2\/posts\/8886\/revisions"}],"predecessor-version":[{"id":8888,"href":"https:\/\/www.smedemokrati.sk\/sv\/wp-json\/wp\/v2\/posts\/8886\/revisions\/8888"}],"wp:featuredmedia":[{"embeddable":true,"href":"https:\/\/www.smedemokrati.sk\/sv\/wp-json\/wp\/v2\/media\/8887"}],"wp:attachment":[{"href":"https:\/\/www.smedemokrati.sk\/sv\/wp-json\/wp\/v2\/media?parent=8886"}],"wp:term":[{"taxonomy":"category","embeddable":true,"href":"https:\/\/www.smedemokrati.sk\/sv\/wp-json\/wp\/v2\/categories?post=8886"},{"taxonomy":"post_tag","embeddable":true,"href":"https:\/\/www.smedemokrati.sk\/sv\/wp-json\/wp\/v2\/tags?post=8886"}],"curies":[{"name":"wp","href":"https:\/\/api.w.org\/{rel}","templated":true}]}}