{"id":8783,"date":"2026-01-27T19:28:24","date_gmt":"2026-01-27T18:28:24","guid":{"rendered":"https:\/\/www.smedemokrati.sk\/?p=8783"},"modified":"2026-01-27T19:28:26","modified_gmt":"2026-01-27T18:28:26","slug":"subova-na-pode-europskeho-parlamentu-agrodotacie-na-slovensku-su-zneuzivane-ppa-zlyhava-a-brusel-dostava-nepravdive-informacie","status":"publish","type":"post","link":"https:\/\/www.smedemokrati.sk\/sv\/subova-na-pode-europskeho-parlamentu-agrodotacie-na-slovensku-su-zneuzivane-ppa-zlyhava-a-brusel-dostava-nepravdive-informacie\/","title":{"rendered":"\u0160ubov\u00e1 na p\u00f4de Eur\u00f3pskeho parlamentu: Agrodot\u00e1cie na Slovensku s\u00fa zneu\u017e\u00edvan\u00e9, PPA zlyh\u00e1va a Brusel dost\u00e1va nepravdiv\u00e9 inform\u00e1cie"},"content":{"rendered":"<div id=\"fb-root\"><\/div>\n\n<p><strong>\u0160ubov\u00e1 na p\u00f4de Eur\u00f3pskeho parlamentu: Agrodot\u00e1cie na Slovensku s\u00fa zneu\u017e\u00edvan\u00e9, PPA zlyh\u00e1va a Brusel dost\u00e1va nepravdiv\u00e9 inform\u00e1cie. Slovensko m\u00e1 v\u00e1\u017eny probl\u00e9m s rozkr\u00e1dan\u00edm agrodot\u00e1ci\u00ed a zlyhan\u00edm kontroln\u00fdch mechanizmov na P\u00f4dohospod\u00e1rskej platobnej agent\u00fare (PPA). Na zasadnut\u00ed eur\u00f3pskeho v\u00fdboru na to upozornila Zuzana \u0160ubov\u00e1, ktor\u00e1 vyst\u00fapila s konkr\u00e9tnymi zisteniami o klientelizme, korupcii a systematickom zneu\u017e\u00edvan\u00ed verejn\u00fdch financi\u00ed ur\u010den\u00fdch pre farm\u00e1rov. Sprev\u00e1dzal ju Michal Ki\u010da, podpredseda strany Demokrati.<\/strong><\/p>\n\n\n\n<p>\u0160ubov\u00e1 na p\u00f4de eur\u00f3pskeho parlamentu \u00farovni upozornila, \u017ee Najvy\u0161\u0161\u00ed kontroln\u00fd \u00farad SR vydal osem kontroln\u00fdch spr\u00e1v, ktor\u00e9 jednozna\u010dne potvrdzuj\u00fa zlyhanie kontroln\u00fdch mechanizmov PPA, zatia\u013e \u010do klientelizmus a korup\u010dn\u00e9 v\u00e4zby funguj\u00fa bez prek\u00e1\u017eok.<\/p>\n\n\n\n<p><em>\u201eEur\u00f3pskym in\u0161tit\u00faci\u00e1m s\u00fa \u010dasto predkladan\u00e9 nepravdiv\u00e9 a skreslen\u00e9 inform\u00e1cie o \u010derpan\u00ed agrodot\u00e1ci\u00ed. V skuto\u010dnosti syst\u00e9m nefunguje a peniaze sa nedost\u00e1vaj\u00fa k poctiv\u00fdm farm\u00e1rom,\u201c<\/em> zd\u00f4raznila \u0160ubov\u00e1 pred \u010dlenmi v\u00fdboru.<\/p>\n\n\n\n<p>Poslanci v\u00fdboru boli z\u00e1rove\u0148 detailne obozn\u00e1men\u00ed aj s domovou prehliadkou Zuzany \u0160ubovej a s cel\u00fdm dian\u00edm, ktor\u00e9 s jej osobou s\u00favis\u00ed. <em>\u201eZopakovala som, \u017ee spolu s Demokratmi budeme pokra\u010dova\u0165 v odha\u013eovan\u00ed v\u0161etk\u00fdch pre\u0161\u013eapov a podozren\u00ed z rozkr\u00e1dania na\u0161ich spolo\u010dn\u00fdch pe\u0148az\u00ed,\u201c<\/em> dodala.<\/p>\n\n\n\n<p>V\u00fdrazn\u00fdm sign\u00e1lom pod\u013ea Demokratov bola absencia ministra p\u00f4dohospod\u00e1rstva Richarda Tak\u00e1\u010da, ako aj ak\u00e9hoko\u013evek ofici\u00e1lneho z\u00e1stupcu agrorezortu na zasadnut\u00ed v\u00fdboru.<\/p>\n\n\n\n<p><em>\u201ePova\u017eujem za absol\u00fatne neakceptovate\u013en\u00e9, \u017ee sa v\u00fdboru nez\u00fa\u010dastnil ani minister Tak\u00e1\u010d, ani nikto z jeho rezortu. Je to jasn\u00fd sign\u00e1l, \u017ee minister nena\u0161iel odvahu aby objasnil rozkr\u00e1da\u010dky na PPA. O to viac, \u017ee doma na Slovensku sa ich sna\u017e\u00ed pred voli\u010dmi z\u013eah\u010dova\u0165,<\/em>\u201c uviedol Michal Ki\u010da, podpredseda Demokratov.<\/p>\n\n\n\n<p>Pod\u013ea Demokratov je odkr\u00fdvanie t\u00fdchto sch\u00e9m k\u013e\u00fa\u010dov\u00e9 aj pre ochranu dobr\u00e9ho mena Slovenska na eur\u00f3pskej \u00farovni. Len d\u00f4sledn\u00e1 transparentnos\u0165 m\u00f4\u017ee zabezpe\u010di\u0165, aby Slovensko nestratilo d\u00f4veru a siln\u00fa poz\u00edciu pri rokovaniach o \u010fal\u0161\u00edch finan\u010dn\u00fdch zdrojoch pre po\u013enohospod\u00e1rov.<\/p>\n\n\n\n<p><em>\u201eNedovol\u00edme, aby malo Slovensko pokazen\u00e9 meno a slab\u00fa vyjedn\u00e1vaciu poz\u00edciu. Pr\u00e1ve naopak \u2013 pravda je jedin\u00e1 cesta, ako ochr\u00e1ni\u0165 \u010des\u0165 krajiny a zabezpe\u010di\u0165, aby eur\u00f3pske peniaze kone\u010dne sl\u00fa\u017eili t\u00fdm, ktor\u00fdm s\u00fa ur\u010den\u00e9,\u201c<\/em> uzavrela \u0160ubov\u00e1.<\/p>\n\n\n<div id=\"fb-root\"><\/div><script async defer crossorigin=\"anonymous\" src=\"https:\/\/connect.facebook.net\/sk_SK\/sdk.js#xfbml=1&version=v18.0\"><\/script><div class=\"fb-video\" data-href=\"https:\/\/www.facebook.com\/reel\/1850244725605800\" data-width=\"560\" data-show-text=\"false\"><blockquote cite=\"https:\/\/www.facebook.com\/reel\/1850244725605800\" class=\"fb-xfbml-parse-ignore\"><a href=\"https:\/\/www.facebook.com\/reel\/1850244725605800\">Video<\/a><\/blockquote><\/div>\n","protected":false},"excerpt":{"rendered":"<p>\u0160ubov\u00e1 na p\u00f4de Eur\u00f3pskeho parlamentu: Agrodot\u00e1cie na Slovensku s\u00fa zneu\u017e\u00edvan\u00e9, PPA zlyh\u00e1va a Brusel dost\u00e1va nepravdiv\u00e9 inform\u00e1cie. Slovensko m\u00e1 v\u00e1\u017eny probl\u00e9m s rozkr\u00e1dan\u00edm agrodot\u00e1ci\u00ed a zlyhan\u00edm kontroln\u00fdch mechanizmov na P\u00f4dohospod\u00e1rskej platobnej agent\u00fare (PPA). Na zasadnut\u00ed eur\u00f3pskeho v\u00fdboru na to upozornila Zuzana \u0160ubov\u00e1, ktor\u00e1 vyst\u00fapila s konkr\u00e9tnymi zisteniami o klientelizme, korupcii a systematickom zneu\u017e\u00edvan\u00ed verejn\u00fdch financi\u00ed [&hellip;]<\/p>\n","protected":false},"author":13,"featured_media":8784,"comment_status":"closed","ping_status":"closed","sticky":false,"template":"","format":"standard","meta":{"_acf_changed":false,"ngg_post_thumbnail":0,"footnotes":""},"categories":[1],"tags":[],"class_list":["post-8783","post","type-post","status-publish","format-standard","has-post-thumbnail","hentry","category-uncategorized"],"acf":[],"yoast_head":"<!-- This site is optimized with the Yoast SEO plugin v27.2 - https:\/\/yoast.com\/product\/yoast-seo-wordpress\/ -->\n<title>\u0160ubov\u00e1 na p\u00f4de Eur\u00f3pskeho parlamentu: Agrodot\u00e1cie na Slovensku s\u00fa zneu\u017e\u00edvan\u00e9, PPA zlyh\u00e1va a Brusel dost\u00e1va nepravdiv\u00e9 inform\u00e1cie<\/title>\n<meta name=\"robots\" content=\"index, follow, max-snippet:-1, max-image-preview:large, max-video-preview:-1\" \/>\n<link rel=\"canonical\" href=\"https:\/\/www.smedemokrati.sk\/sv\/subova-na-pode-europskeho-parlamentu-agrodotacie-na-slovensku-su-zneuzivane-ppa-zlyhava-a-brusel-dostava-nepravdive-informacie\/\" \/>\n<meta property=\"og:locale\" content=\"sv_SE\" \/>\n<meta property=\"og:locale:alternate\" content=\"en_US\" \/>\n<meta property=\"og:locale:alternate\" content=\"cs_CZ\" \/>\n<meta property=\"og:locale:alternate\" content=\"hu_HU\" \/>\n<meta property=\"og:locale:alternate\" content=\"sk_SK\" \/>\n<meta property=\"og:type\" content=\"article\" \/>\n<meta property=\"og:title\" content=\"\u0160ubov\u00e1 na p\u00f4de Eur\u00f3pskeho parlamentu: Agrodot\u00e1cie na Slovensku s\u00fa zneu\u017e\u00edvan\u00e9, PPA zlyh\u00e1va a Brusel dost\u00e1va nepravdiv\u00e9 inform\u00e1cie\" \/>\n<meta property=\"og:description\" content=\"\u0160ubov\u00e1 na p\u00f4de Eur\u00f3pskeho parlamentu: Agrodot\u00e1cie na Slovensku s\u00fa zneu\u017e\u00edvan\u00e9, PPA zlyh\u00e1va a Brusel dost\u00e1va nepravdiv\u00e9 inform\u00e1cie. Slovensko m\u00e1 v\u00e1\u017eny probl\u00e9m s rozkr\u00e1dan\u00edm agrodot\u00e1ci\u00ed a zlyhan\u00edm kontroln\u00fdch mechanizmov na P\u00f4dohospod\u00e1rskej platobnej agent\u00fare (PPA). Na zasadnut\u00ed eur\u00f3pskeho v\u00fdboru na to upozornila Zuzana \u0160ubov\u00e1, ktor\u00e1 vyst\u00fapila s konkr\u00e9tnymi zisteniami o klientelizme, korupcii a systematickom zneu\u017e\u00edvan\u00ed verejn\u00fdch financi\u00ed [&hellip;]\" \/>\n<meta property=\"og:url\" content=\"https:\/\/www.smedemokrati.sk\/sv\/subova-na-pode-europskeho-parlamentu-agrodotacie-na-slovensku-su-zneuzivane-ppa-zlyhava-a-brusel-dostava-nepravdive-informacie\/\" \/>\n<meta property=\"og:site_name\" content=\"Smedemokrati.sk\" \/>\n<meta property=\"article:publisher\" content=\"https:\/\/www.facebook.com\/smedemokrati2023\" \/>\n<meta property=\"article:published_time\" content=\"2026-01-27T18:28:24+00:00\" \/>\n<meta property=\"article:modified_time\" content=\"2026-01-27T18:28:26+00:00\" \/>\n<meta property=\"og:image\" content=\"https:\/\/www.smedemokrati.sk\/wp-content\/uploads\/2026\/01\/622806712_1467195181439972_566017307794914386_n-e1769538459378.jpg\" \/>\n\t<meta property=\"og:image:width\" content=\"1638\" \/>\n\t<meta property=\"og:image:height\" content=\"1454\" \/>\n\t<meta property=\"og:image:type\" content=\"image\/jpeg\" \/>\n<meta name=\"author\" content=\"miro.sopko\" \/>\n<meta name=\"twitter:card\" content=\"summary_large_image\" \/>\n<meta name=\"twitter:label1\" content=\"Skriven av\" \/>\n\t<meta name=\"twitter:data1\" content=\"miro.sopko\" \/>\n\t<meta name=\"twitter:label2\" content=\"Ber\u00e4knad l\u00e4stid\" \/>\n\t<meta name=\"twitter:data2\" content=\"2 minuter\" \/>\n<script type=\"application\/ld+json\" class=\"yoast-schema-graph\">{\"@context\":\"https:\/\/schema.org\",\"@graph\":[{\"@type\":\"Article\",\"@id\":\"https:\/\/www.smedemokrati.sk\/subova-na-pode-europskeho-parlamentu-agrodotacie-na-slovensku-su-zneuzivane-ppa-zlyhava-a-brusel-dostava-nepravdive-informacie\/#article\",\"isPartOf\":{\"@id\":\"https:\/\/www.smedemokrati.sk\/subova-na-pode-europskeho-parlamentu-agrodotacie-na-slovensku-su-zneuzivane-ppa-zlyhava-a-brusel-dostava-nepravdive-informacie\/\"},\"author\":{\"name\":\"miro.sopko\",\"@id\":\"https:\/\/www.smedemokrati.sk\/#\/schema\/person\/21f147c88d605aa7ded900e1e7c344ba\"},\"headline\":\"\u0160ubov\u00e1 na p\u00f4de Eur\u00f3pskeho parlamentu: Agrodot\u00e1cie na Slovensku s\u00fa zneu\u017e\u00edvan\u00e9, PPA zlyh\u00e1va a Brusel dost\u00e1va nepravdiv\u00e9 inform\u00e1cie\",\"datePublished\":\"2026-01-27T18:28:24+00:00\",\"dateModified\":\"2026-01-27T18:28:26+00:00\",\"mainEntityOfPage\":{\"@id\":\"https:\/\/www.smedemokrati.sk\/subova-na-pode-europskeho-parlamentu-agrodotacie-na-slovensku-su-zneuzivane-ppa-zlyhava-a-brusel-dostava-nepravdive-informacie\/\"},\"wordCount\":454,\"publisher\":{\"@id\":\"https:\/\/www.smedemokrati.sk\/#organization\"},\"image\":{\"@id\":\"https:\/\/www.smedemokrati.sk\/subova-na-pode-europskeho-parlamentu-agrodotacie-na-slovensku-su-zneuzivane-ppa-zlyhava-a-brusel-dostava-nepravdive-informacie\/#primaryimage\"},\"thumbnailUrl\":\"https:\/\/www.smedemokrati.sk\/wp-content\/uploads\/2026\/01\/622806712_1467195181439972_566017307794914386_n-e1769538459378.jpg\",\"articleSection\":[\"Uncategorized\"],\"inLanguage\":\"sv-SE\"},{\"@type\":\"WebPage\",\"@id\":\"https:\/\/www.smedemokrati.sk\/subova-na-pode-europskeho-parlamentu-agrodotacie-na-slovensku-su-zneuzivane-ppa-zlyhava-a-brusel-dostava-nepravdive-informacie\/\",\"url\":\"https:\/\/www.smedemokrati.sk\/subova-na-pode-europskeho-parlamentu-agrodotacie-na-slovensku-su-zneuzivane-ppa-zlyhava-a-brusel-dostava-nepravdive-informacie\/\",\"name\":\"\u0160ubov\u00e1 na p\u00f4de Eur\u00f3pskeho parlamentu: Agrodot\u00e1cie na Slovensku s\u00fa zneu\u017e\u00edvan\u00e9, PPA zlyh\u00e1va a Brusel dost\u00e1va nepravdiv\u00e9 inform\u00e1cie\",\"isPartOf\":{\"@id\":\"https:\/\/www.smedemokrati.sk\/#website\"},\"primaryImageOfPage\":{\"@id\":\"https:\/\/www.smedemokrati.sk\/subova-na-pode-europskeho-parlamentu-agrodotacie-na-slovensku-su-zneuzivane-ppa-zlyhava-a-brusel-dostava-nepravdive-informacie\/#primaryimage\"},\"image\":{\"@id\":\"https:\/\/www.smedemokrati.sk\/subova-na-pode-europskeho-parlamentu-agrodotacie-na-slovensku-su-zneuzivane-ppa-zlyhava-a-brusel-dostava-nepravdive-informacie\/#primaryimage\"},\"thumbnailUrl\":\"https:\/\/www.smedemokrati.sk\/wp-content\/uploads\/2026\/01\/622806712_1467195181439972_566017307794914386_n-e1769538459378.jpg\",\"datePublished\":\"2026-01-27T18:28:24+00:00\",\"dateModified\":\"2026-01-27T18:28:26+00:00\",\"breadcrumb\":{\"@id\":\"https:\/\/www.smedemokrati.sk\/subova-na-pode-europskeho-parlamentu-agrodotacie-na-slovensku-su-zneuzivane-ppa-zlyhava-a-brusel-dostava-nepravdive-informacie\/#breadcrumb\"},\"inLanguage\":\"sv-SE\",\"potentialAction\":[{\"@type\":\"ReadAction\",\"target\":[\"https:\/\/www.smedemokrati.sk\/subova-na-pode-europskeho-parlamentu-agrodotacie-na-slovensku-su-zneuzivane-ppa-zlyhava-a-brusel-dostava-nepravdive-informacie\/\"]}]},{\"@type\":\"ImageObject\",\"inLanguage\":\"sv-SE\",\"@id\":\"https:\/\/www.smedemokrati.sk\/subova-na-pode-europskeho-parlamentu-agrodotacie-na-slovensku-su-zneuzivane-ppa-zlyhava-a-brusel-dostava-nepravdive-informacie\/#primaryimage\",\"url\":\"https:\/\/www.smedemokrati.sk\/wp-content\/uploads\/2026\/01\/622806712_1467195181439972_566017307794914386_n-e1769538459378.jpg\",\"contentUrl\":\"https:\/\/www.smedemokrati.sk\/wp-content\/uploads\/2026\/01\/622806712_1467195181439972_566017307794914386_n-e1769538459378.jpg\",\"width\":1638,\"height\":1454},{\"@type\":\"BreadcrumbList\",\"@id\":\"https:\/\/www.smedemokrati.sk\/subova-na-pode-europskeho-parlamentu-agrodotacie-na-slovensku-su-zneuzivane-ppa-zlyhava-a-brusel-dostava-nepravdive-informacie\/#breadcrumb\",\"itemListElement\":[{\"@type\":\"ListItem\",\"position\":1,\"name\":\"Domovsk\u00e1 str\u00e1nka\",\"item\":\"https:\/\/www.smedemokrati.sk\/\"},{\"@type\":\"ListItem\",\"position\":2,\"name\":\"\u0160ubov\u00e1 na p\u00f4de Eur\u00f3pskeho parlamentu: Agrodot\u00e1cie na Slovensku s\u00fa zneu\u017e\u00edvan\u00e9, PPA zlyh\u00e1va a Brusel dost\u00e1va nepravdiv\u00e9 inform\u00e1cie\"}]},{\"@type\":\"WebSite\",\"@id\":\"https:\/\/www.smedemokrati.sk\/#website\",\"url\":\"https:\/\/www.smedemokrati.sk\/\",\"name\":\"Smedemokrati.sk\",\"description\":\"Demokracia a slu\u0161nos\u0165 zv\u00ed\u0165az\u00ed\",\"publisher\":{\"@id\":\"https:\/\/www.smedemokrati.sk\/#organization\"},\"potentialAction\":[{\"@type\":\"SearchAction\",\"target\":{\"@type\":\"EntryPoint\",\"urlTemplate\":\"https:\/\/www.smedemokrati.sk\/?s={search_term_string}\"},\"query-input\":{\"@type\":\"PropertyValueSpecification\",\"valueRequired\":true,\"valueName\":\"search_term_string\"}}],\"inLanguage\":\"sv-SE\"},{\"@type\":\"Organization\",\"@id\":\"https:\/\/www.smedemokrati.sk\/#organization\",\"name\":\"Smedemokrati.sk\",\"url\":\"https:\/\/www.smedemokrati.sk\/\",\"logo\":{\"@type\":\"ImageObject\",\"inLanguage\":\"sv-SE\",\"@id\":\"https:\/\/www.smedemokrati.sk\/#\/schema\/logo\/image\/\",\"url\":\"https:\/\/www.smedemokrati.sk\/wp-content\/uploads\/2023\/04\/ff.002.jpeg\",\"contentUrl\":\"https:\/\/www.smedemokrati.sk\/wp-content\/uploads\/2023\/04\/ff.002.jpeg\",\"width\":640,\"height\":480,\"caption\":\"Smedemokrati.sk\"},\"image\":{\"@id\":\"https:\/\/www.smedemokrati.sk\/#\/schema\/logo\/image\/\"},\"sameAs\":[\"https:\/\/www.facebook.com\/smedemokrati2023\"]},{\"@type\":\"Person\",\"@id\":\"https:\/\/www.smedemokrati.sk\/#\/schema\/person\/21f147c88d605aa7ded900e1e7c344ba\",\"name\":\"miro.sopko\",\"image\":{\"@type\":\"ImageObject\",\"inLanguage\":\"sv-SE\",\"@id\":\"https:\/\/secure.gravatar.com\/avatar\/267e4a36f704376c109afe3a78740c1f5dd8675a2180a908699e7863c9247606?s=96&d=mm&r=g\",\"url\":\"https:\/\/secure.gravatar.com\/avatar\/267e4a36f704376c109afe3a78740c1f5dd8675a2180a908699e7863c9247606?s=96&d=mm&r=g\",\"contentUrl\":\"https:\/\/secure.gravatar.com\/avatar\/267e4a36f704376c109afe3a78740c1f5dd8675a2180a908699e7863c9247606?s=96&d=mm&r=g\",\"caption\":\"miro.sopko\"},\"url\":\"https:\/\/www.smedemokrati.sk\/sv\/author\/miro-sopko\/\"}]}<\/script>\n<!-- \/ Yoast SEO plugin. -->","yoast_head_json":{"title":"\u0160ubov\u00e1 na p\u00f4de Eur\u00f3pskeho parlamentu: Agrodot\u00e1cie na Slovensku s\u00fa zneu\u017e\u00edvan\u00e9, PPA zlyh\u00e1va a Brusel dost\u00e1va nepravdiv\u00e9 inform\u00e1cie","robots":{"index":"index","follow":"follow","max-snippet":"max-snippet:-1","max-image-preview":"max-image-preview:large","max-video-preview":"max-video-preview:-1"},"canonical":"https:\/\/www.smedemokrati.sk\/sv\/subova-na-pode-europskeho-parlamentu-agrodotacie-na-slovensku-su-zneuzivane-ppa-zlyhava-a-brusel-dostava-nepravdive-informacie\/","og_locale":"sv_SE","og_type":"article","og_title":"[:sk]\u0160ubov\u00e1 na p\u00f4de Eur\u00f3pskeho parlamentu: Agrodot\u00e1cie na Slovensku s\u00fa zneu\u017e\u00edvan\u00e9, PPA zlyh\u00e1va a Brusel dost\u00e1va nepravdiv\u00e9 inform\u00e1cie[:] - Smedemokrati.sk","og_description":"\u0160ubov\u00e1 na p\u00f4de Eur\u00f3pskeho parlamentu: Agrodot\u00e1cie na Slovensku s\u00fa zneu\u017e\u00edvan\u00e9, PPA zlyh\u00e1va a Brusel dost\u00e1va nepravdiv\u00e9 inform\u00e1cie. Slovensko m\u00e1 v\u00e1\u017eny probl\u00e9m s rozkr\u00e1dan\u00edm agrodot\u00e1ci\u00ed a zlyhan\u00edm kontroln\u00fdch mechanizmov na P\u00f4dohospod\u00e1rskej platobnej agent\u00fare (PPA). Na zasadnut\u00ed eur\u00f3pskeho v\u00fdboru na to upozornila Zuzana \u0160ubov\u00e1, ktor\u00e1 vyst\u00fapila s konkr\u00e9tnymi zisteniami o klientelizme, korupcii a systematickom zneu\u017e\u00edvan\u00ed verejn\u00fdch financi\u00ed [&hellip;]","og_url":"https:\/\/www.smedemokrati.sk\/sv\/subova-na-pode-europskeho-parlamentu-agrodotacie-na-slovensku-su-zneuzivane-ppa-zlyhava-a-brusel-dostava-nepravdive-informacie\/","og_site_name":"Smedemokrati.sk","article_publisher":"https:\/\/www.facebook.com\/smedemokrati2023","article_published_time":"2026-01-27T18:28:24+00:00","article_modified_time":"2026-01-27T18:28:26+00:00","og_image":[{"width":1638,"height":1454,"url":"https:\/\/www.smedemokrati.sk\/wp-content\/uploads\/2026\/01\/622806712_1467195181439972_566017307794914386_n-e1769538459378.jpg","type":"image\/jpeg"}],"author":"miro.sopko","twitter_card":"summary_large_image","twitter_misc":{"Skriven av":"miro.sopko","Ber\u00e4knad l\u00e4stid":"2 minuter"},"schema":{"@context":"https:\/\/schema.org","@graph":[{"@type":"Article","@id":"https:\/\/www.smedemokrati.sk\/subova-na-pode-europskeho-parlamentu-agrodotacie-na-slovensku-su-zneuzivane-ppa-zlyhava-a-brusel-dostava-nepravdive-informacie\/#article","isPartOf":{"@id":"https:\/\/www.smedemokrati.sk\/subova-na-pode-europskeho-parlamentu-agrodotacie-na-slovensku-su-zneuzivane-ppa-zlyhava-a-brusel-dostava-nepravdive-informacie\/"},"author":{"name":"miro.sopko","@id":"https:\/\/www.smedemokrati.sk\/#\/schema\/person\/21f147c88d605aa7ded900e1e7c344ba"},"headline":"\u0160ubov\u00e1 na p\u00f4de Eur\u00f3pskeho parlamentu: Agrodot\u00e1cie na Slovensku s\u00fa zneu\u017e\u00edvan\u00e9, PPA zlyh\u00e1va a Brusel dost\u00e1va nepravdiv\u00e9 inform\u00e1cie","datePublished":"2026-01-27T18:28:24+00:00","dateModified":"2026-01-27T18:28:26+00:00","mainEntityOfPage":{"@id":"https:\/\/www.smedemokrati.sk\/subova-na-pode-europskeho-parlamentu-agrodotacie-na-slovensku-su-zneuzivane-ppa-zlyhava-a-brusel-dostava-nepravdive-informacie\/"},"wordCount":454,"publisher":{"@id":"https:\/\/www.smedemokrati.sk\/#organization"},"image":{"@id":"https:\/\/www.smedemokrati.sk\/subova-na-pode-europskeho-parlamentu-agrodotacie-na-slovensku-su-zneuzivane-ppa-zlyhava-a-brusel-dostava-nepravdive-informacie\/#primaryimage"},"thumbnailUrl":"https:\/\/www.smedemokrati.sk\/wp-content\/uploads\/2026\/01\/622806712_1467195181439972_566017307794914386_n-e1769538459378.jpg","articleSection":["Uncategorized"],"inLanguage":"sv-SE"},{"@type":"WebPage","@id":"https:\/\/www.smedemokrati.sk\/subova-na-pode-europskeho-parlamentu-agrodotacie-na-slovensku-su-zneuzivane-ppa-zlyhava-a-brusel-dostava-nepravdive-informacie\/","url":"https:\/\/www.smedemokrati.sk\/subova-na-pode-europskeho-parlamentu-agrodotacie-na-slovensku-su-zneuzivane-ppa-zlyhava-a-brusel-dostava-nepravdive-informacie\/","name":"\u0160ubov\u00e1 na p\u00f4de Eur\u00f3pskeho parlamentu: Agrodot\u00e1cie na Slovensku s\u00fa zneu\u017e\u00edvan\u00e9, PPA zlyh\u00e1va a Brusel dost\u00e1va nepravdiv\u00e9 inform\u00e1cie","isPartOf":{"@id":"https:\/\/www.smedemokrati.sk\/#website"},"primaryImageOfPage":{"@id":"https:\/\/www.smedemokrati.sk\/subova-na-pode-europskeho-parlamentu-agrodotacie-na-slovensku-su-zneuzivane-ppa-zlyhava-a-brusel-dostava-nepravdive-informacie\/#primaryimage"},"image":{"@id":"https:\/\/www.smedemokrati.sk\/subova-na-pode-europskeho-parlamentu-agrodotacie-na-slovensku-su-zneuzivane-ppa-zlyhava-a-brusel-dostava-nepravdive-informacie\/#primaryimage"},"thumbnailUrl":"https:\/\/www.smedemokrati.sk\/wp-content\/uploads\/2026\/01\/622806712_1467195181439972_566017307794914386_n-e1769538459378.jpg","datePublished":"2026-01-27T18:28:24+00:00","dateModified":"2026-01-27T18:28:26+00:00","breadcrumb":{"@id":"https:\/\/www.smedemokrati.sk\/subova-na-pode-europskeho-parlamentu-agrodotacie-na-slovensku-su-zneuzivane-ppa-zlyhava-a-brusel-dostava-nepravdive-informacie\/#breadcrumb"},"inLanguage":"sv-SE","potentialAction":[{"@type":"ReadAction","target":["https:\/\/www.smedemokrati.sk\/subova-na-pode-europskeho-parlamentu-agrodotacie-na-slovensku-su-zneuzivane-ppa-zlyhava-a-brusel-dostava-nepravdive-informacie\/"]}]},{"@type":"ImageObject","inLanguage":"sv-SE","@id":"https:\/\/www.smedemokrati.sk\/subova-na-pode-europskeho-parlamentu-agrodotacie-na-slovensku-su-zneuzivane-ppa-zlyhava-a-brusel-dostava-nepravdive-informacie\/#primaryimage","url":"https:\/\/www.smedemokrati.sk\/wp-content\/uploads\/2026\/01\/622806712_1467195181439972_566017307794914386_n-e1769538459378.jpg","contentUrl":"https:\/\/www.smedemokrati.sk\/wp-content\/uploads\/2026\/01\/622806712_1467195181439972_566017307794914386_n-e1769538459378.jpg","width":1638,"height":1454},{"@type":"BreadcrumbList","@id":"https:\/\/www.smedemokrati.sk\/subova-na-pode-europskeho-parlamentu-agrodotacie-na-slovensku-su-zneuzivane-ppa-zlyhava-a-brusel-dostava-nepravdive-informacie\/#breadcrumb","itemListElement":[{"@type":"ListItem","position":1,"name":"Domovsk\u00e1 str\u00e1nka","item":"https:\/\/www.smedemokrati.sk\/"},{"@type":"ListItem","position":2,"name":"\u0160ubov\u00e1 na p\u00f4de Eur\u00f3pskeho parlamentu: Agrodot\u00e1cie na Slovensku s\u00fa zneu\u017e\u00edvan\u00e9, PPA zlyh\u00e1va a Brusel dost\u00e1va nepravdiv\u00e9 inform\u00e1cie"}]},{"@type":"WebSite","@id":"https:\/\/www.smedemokrati.sk\/#website","url":"https:\/\/www.smedemokrati.sk\/","name":"Smedemokrati.sk","description":"Demokracia a slu\u0161nos\u0165 zv\u00ed\u0165az\u00ed","publisher":{"@id":"https:\/\/www.smedemokrati.sk\/#organization"},"potentialAction":[{"@type":"SearchAction","target":{"@type":"EntryPoint","urlTemplate":"https:\/\/www.smedemokrati.sk\/?s={search_term_string}"},"query-input":{"@type":"PropertyValueSpecification","valueRequired":true,"valueName":"search_term_string"}}],"inLanguage":"sv-SE"},{"@type":"Organization","@id":"https:\/\/www.smedemokrati.sk\/#organization","name":"Smedemokrati.sk","url":"https:\/\/www.smedemokrati.sk\/","logo":{"@type":"ImageObject","inLanguage":"sv-SE","@id":"https:\/\/www.smedemokrati.sk\/#\/schema\/logo\/image\/","url":"https:\/\/www.smedemokrati.sk\/wp-content\/uploads\/2023\/04\/ff.002.jpeg","contentUrl":"https:\/\/www.smedemokrati.sk\/wp-content\/uploads\/2023\/04\/ff.002.jpeg","width":640,"height":480,"caption":"Smedemokrati.sk"},"image":{"@id":"https:\/\/www.smedemokrati.sk\/#\/schema\/logo\/image\/"},"sameAs":["https:\/\/www.facebook.com\/smedemokrati2023"]},{"@type":"Person","@id":"https:\/\/www.smedemokrati.sk\/#\/schema\/person\/21f147c88d605aa7ded900e1e7c344ba","name":"miro.sopko","image":{"@type":"ImageObject","inLanguage":"sv-SE","@id":"https:\/\/secure.gravatar.com\/avatar\/267e4a36f704376c109afe3a78740c1f5dd8675a2180a908699e7863c9247606?s=96&d=mm&r=g","url":"https:\/\/secure.gravatar.com\/avatar\/267e4a36f704376c109afe3a78740c1f5dd8675a2180a908699e7863c9247606?s=96&d=mm&r=g","contentUrl":"https:\/\/secure.gravatar.com\/avatar\/267e4a36f704376c109afe3a78740c1f5dd8675a2180a908699e7863c9247606?s=96&d=mm&r=g","caption":"miro.sopko"},"url":"https:\/\/www.smedemokrati.sk\/sv\/author\/miro-sopko\/"}]}},"_links":{"self":[{"href":"https:\/\/www.smedemokrati.sk\/sv\/wp-json\/wp\/v2\/posts\/8783","targetHints":{"allow":["GET"]}}],"collection":[{"href":"https:\/\/www.smedemokrati.sk\/sv\/wp-json\/wp\/v2\/posts"}],"about":[{"href":"https:\/\/www.smedemokrati.sk\/sv\/wp-json\/wp\/v2\/types\/post"}],"author":[{"embeddable":true,"href":"https:\/\/www.smedemokrati.sk\/sv\/wp-json\/wp\/v2\/users\/13"}],"replies":[{"embeddable":true,"href":"https:\/\/www.smedemokrati.sk\/sv\/wp-json\/wp\/v2\/comments?post=8783"}],"version-history":[{"count":1,"href":"https:\/\/www.smedemokrati.sk\/sv\/wp-json\/wp\/v2\/posts\/8783\/revisions"}],"predecessor-version":[{"id":8785,"href":"https:\/\/www.smedemokrati.sk\/sv\/wp-json\/wp\/v2\/posts\/8783\/revisions\/8785"}],"wp:featuredmedia":[{"embeddable":true,"href":"https:\/\/www.smedemokrati.sk\/sv\/wp-json\/wp\/v2\/media\/8784"}],"wp:attachment":[{"href":"https:\/\/www.smedemokrati.sk\/sv\/wp-json\/wp\/v2\/media?parent=8783"}],"wp:term":[{"taxonomy":"category","embeddable":true,"href":"https:\/\/www.smedemokrati.sk\/sv\/wp-json\/wp\/v2\/categories?post=8783"},{"taxonomy":"post_tag","embeddable":true,"href":"https:\/\/www.smedemokrati.sk\/sv\/wp-json\/wp\/v2\/tags?post=8783"}],"curies":[{"name":"wp","href":"https:\/\/api.w.org\/{rel}","templated":true}]}}