{"id":8577,"date":"2025-12-05T14:17:06","date_gmt":"2025-12-05T13:17:06","guid":{"rendered":"https:\/\/www.smedemokrati.sk\/?p=8577"},"modified":"2025-12-05T14:28:24","modified_gmt":"2025-12-05T13:28:24","slug":"narodny-park-muranska-planina-mohol-pri-predaji-dreva-prist-o-viac-ako-pol-miliona-eur","status":"publish","type":"post","link":"https:\/\/www.smedemokrati.sk\/sv\/narodny-park-muranska-planina-mohol-pri-predaji-dreva-prist-o-viac-ako-pol-miliona-eur\/","title":{"rendered":"N\u00e1rodn\u00fd park Mur\u00e1nska planina mohol pri predaji dreva pr\u00eds\u0165 o viac ako pol mili\u00f3na eur"},"content":{"rendered":"<div id=\"fb-root\"><\/div>\n\n<p><strong>Na Mur\u00e1nskej planine sa kvalitn\u00e9 drevo pred\u00e1va pod cenu, \u0161t\u00e1t mohol od pr\u00eds\u0165 o viac ako pol mili\u00f3na eur. Vypl\u00fdva to z v\u00fdsledkov nieko\u013ekot\u00fd\u017ed\u0148ovej anal\u00fdzy predaja dreva na Spr\u00e1ve&nbsp;N\u00e1rodn\u00e9ho parku Mur\u00e1nska planina&nbsp;za obdobie od 1. novembra 2024 do 31. okt\u00f3bra 2025. Pod\u013ea expertov ide o&nbsp;v\u00e1\u017ene podhodnocovanie \u0161t\u00e1tneho majetku&nbsp;s odhadovan\u00fdm finan\u010dn\u00fdm dopadom a\u017e&nbsp;520 258 eur.<\/strong><\/p>\n\n\n\n<p>K\u013e\u00fa\u010dov\u00fdm probl\u00e9mom je zavedenie neobvykl\u00fdch sortimentov&nbsp;dreva, tzv. \u201ebansk\u00fdch v\u00fdrezov\u201c do ktor\u00fdch Spr\u00e1va NP Mur\u00e1nska planina pri predaji zaradila aj kvalitn\u00e9 drevo, ktor\u00e9 by sa dalo preda\u0165 v drah\u0161\u00edch sortimentoch. T\u00fdmto prekategorizovan\u00edm sa pod\u013ea anal\u00fdzy pred\u00e1va drevo&nbsp;podstatne lacnej\u0161ie, ne\u017e by sa predalo pri be\u017enom trieden\u00ed a cenotvorbe.&nbsp;<\/p>\n\n\n\n<p>Expertn\u00fd t\u00edm \u0161tyroch nez\u00e1visl\u00fdch odborn\u00edkov porovnal tieto sortimenty s&nbsp;cenn\u00edkmi Lesov Slovenskej republiky&nbsp;a s be\u017enou praxou v odvetv\u00ed. Zistil, \u017ee pri tzv. bansk\u00fdch v\u00fdrezoch vznik\u00e1 potenci\u00e1lne podhodnotenie vo v\u00fd\u0161ke&nbsp;340 874 eur. Spolu s rozdielmi cien aj in\u00fdch sortimentov oproti cenn\u00edkom Lesov SR (\u010dasto a\u017e&nbsp;o 5 eur za m\u00b3 ni\u017e\u0161ie ceny&nbsp;ako napr\u00edklad na od\u0161tepnom z\u00e1vode Horehronie v porovnate\u013enom \u010dase) dosiahlo odhadovan\u00e9 podhodnotenie za rok&nbsp;viac ako 520-tis\u00edc eur. Odberatelia dreva z n\u00e1rodn\u00e9ho parku ho m\u00f4\u017eu preda\u0165 drah\u0161ie oproti k\u00fapnej cene pr\u00e1ve o tento rozdiel. Desiatky odvozov naviac zabezpe\u010dovali kami\u00f3ny s po\u013esk\u00fdmi eviden\u010dn\u00fdmi \u010d\u00edslami.&nbsp;<\/p>\n\n\n\n<p>Anal\u00fdza tie\u017e uk\u00e1zala, \u017ee&nbsp;95\u201396 % v\u0161etk\u00fdch \u201ebansk\u00fdch v\u00fdrezov\u201c predan\u00fdch na Slovensku&nbsp;v prvom polroku 2025 poch\u00e1dza pr\u00e1ve z Mur\u00e1nskej planiny, \u010do Demokrati ozna\u010duj\u00fa za&nbsp;trhov\u00fa anom\u00e1liu. Naviac, ide o novozaveden\u00fa kateg\u00f3riu od novembra 2024. In\u00e9 n\u00e1rodn\u00e9 parky, ako napr\u00edklad&nbsp;Slovensk\u00fd raj, pritom vo ve\u013ekej miere kop\u00edruj\u00fa cenn\u00edky Lesov SR a dosahuj\u00fa vy\u0161\u0161ie ceny bez probl\u00e9mov s predajom.<\/p>\n\n\n\n<p>\u201e<em>Spr\u00e1va N\u00e1rodn\u00e9ho parku Mur\u00e1nska planina mala mo\u017enos\u0165 pred\u00e1va\u0165 drevo pod\u013ea cenn\u00edkov Lesov Slovenskej republiky, aj na z\u00e1klade existuj\u00facich r\u00e1mcov\u00fdch zml\u00fav. Pod\u013ea na\u0161ich inform\u00e1ci\u00ed boli z\u00e1ujemcovia ochotn\u00ed k\u00fapi\u0165 drevo aj za tieto pre nich vy\u0161\u0161ie ceny. Namiesto toho si ale n\u00e1rodn\u00fd park opakovane vyberal&nbsp;pre \u0161t\u00e1t nev\u00fdhodn\u00e9 cenn\u00edky. Napokon, po dreve je na trhu enormn\u00fd dopyt. To je pod\u013ea n\u00e1s u\u010debnicov\u00fd pr\u00edklad nezodpovedn\u00e9ho nakladania so \u0161t\u00e1tnym majetkom,<\/em>\u201c vyhl\u00e1sil&nbsp;Michal Ki\u010da.<\/p>\n\n\n\n<p>Pod\u013ea Ki\u010du ide o \u201eprv\u00fd \u00fa\u010det pre Filipa Kuffu za jeho ba\u010dovanie na Mur\u00e1nskej planine\u201c a Demokrati po\u017eaduj\u00fa: okam\u017eit\u00e9&nbsp;preverenie obchodnej politiky&nbsp;Spr\u00e1vy NP Mur\u00e1nska planina, zastavenie predaja dreva a\u017e do okam\u017eit\u00e9ho zavedenia cenn\u00edkov zodpovedaj\u00facim trhov\u00fdm pomerom a vyvodenie&nbsp;osobnej zodpovednosti&nbsp;vo\u010di t\u00fdm, ktor\u00ed nastavili alebo kryli tento sp\u00f4sob predaja dreva pod cenu. Pripom\u00edname, \u017ee d\u00f4le\u017eit\u00e9 dokumenty n\u00e1rodn\u00fdch parkov, medzi ktor\u00e9 patr\u00ed aj obchodn\u00e1 politika, sa m\u00f4\u017eu vyda\u0165 len s vedom\u00edm Ministerstva \u017eivotn\u00e9ho prostredia SR, kde za n\u00e1rodn\u00e9 parky zodpoved\u00e1 Filip Kuffa. Naviac, pod\u013ea na\u0161ich inform\u00e1ci\u00ed mali interne upozor\u0148ova\u0165 na probl\u00e9my s tzv. bansk\u00fdmi v\u00fdrezmi aj samotn\u00ed zamestnanci n\u00e1rodn\u00e9ho parku.&nbsp;<\/p>\n\n\n\n<p>\u201e<em>N\u00e1rodn\u00e9 parky nesm\u00fa by\u0165 priestorom na kreat\u00edvne podhodnocovanie dreva a skryt\u00e9 zv\u00fdhod\u0148ovanie vybran\u00fdch odberate\u013eov. Jedn\u00fdm z princ\u00edpov reformy n\u00e1rodn\u00fdch parkov bolo, aby vy\u0165a\u017een\u00e9 drevo ost\u00e1valo v regi\u00f3ne n\u00e1rodn\u00e9ho parku. To sa v\u0161ak nielen\u017ee nedeje, ale n\u00e1rodn\u00fd park prich\u00e1dza o zisk. Demokrati sa bud\u00fa aj na\u010falej venova\u0165 tejto problematike a&nbsp;avizuj\u00fa \u010fal\u0161ie \u00fa\u010dty pre Filipa Kuffu, ktor\u00e9 bud\u00fa postupne zverej\u0148ova\u0165 a vyu\u017eij\u00fa v pr\u00e1vnych podaniach. U\u017e teraz je v\u0161ak zrejm\u00e9, \u017ee Kuffa nepatr\u00ed ani k \u0161tiepkova\u010du, kam ho posielal Huliak,<\/em>\u201d uzavrel Michal Ki\u010da.&nbsp;<\/p>\n\n\n\n<figure class=\"wp-block-embed is-type-video is-provider-youtube wp-block-embed-youtube wp-embed-aspect-16-9 wp-has-aspect-ratio\"><div class=\"wp-block-embed__wrapper\">\n<iframe title=\"Live: \u00da\u010det pre Filipa Kuffu za Mur\u00e1nsku planinu - \u010das\u0165 1.\" width=\"500\" height=\"281\" src=\"https:\/\/www.youtube.com\/embed\/F4ReL4nHdXk?feature=oembed\" frameborder=\"0\" allow=\"accelerometer; autoplay; clipboard-write; encrypted-media; gyroscope; picture-in-picture; web-share\" referrerpolicy=\"strict-origin-when-cross-origin\" allowfullscreen><\/iframe>\n<\/div><\/figure>\n","protected":false},"excerpt":{"rendered":"<p>Na Mur\u00e1nskej planine sa kvalitn\u00e9 drevo pred\u00e1va pod cenu, \u0161t\u00e1t mohol od pr\u00eds\u0165 o viac ako pol mili\u00f3na eur. Vypl\u00fdva to z v\u00fdsledkov nieko\u013ekot\u00fd\u017ed\u0148ovej anal\u00fdzy predaja dreva na Spr\u00e1ve&nbsp;N\u00e1rodn\u00e9ho parku Mur\u00e1nska planina&nbsp;za obdobie od 1. novembra 2024 do 31. okt\u00f3bra 2025. Pod\u013ea expertov ide o&nbsp;v\u00e1\u017ene podhodnocovanie \u0161t\u00e1tneho majetku&nbsp;s odhadovan\u00fdm finan\u010dn\u00fdm dopadom a\u017e&nbsp;520 258 eur. K\u013e\u00fa\u010dov\u00fdm [&hellip;]<\/p>\n","protected":false},"author":13,"featured_media":8578,"comment_status":"closed","ping_status":"closed","sticky":false,"template":"","format":"standard","meta":{"_acf_changed":false,"ngg_post_thumbnail":0,"footnotes":""},"categories":[4],"tags":[],"class_list":["post-8577","post","type-post","status-publish","format-standard","has-post-thumbnail","hentry","category-tlacove-spravy"],"acf":[],"yoast_head":"<!-- This site is optimized with the Yoast SEO plugin v27.2 - https:\/\/yoast.com\/product\/yoast-seo-wordpress\/ -->\n<title>N\u00e1rodn\u00fd park Mur\u00e1nska planina mohol pri predaji dreva pr\u00eds\u0165 o viac ako pol mili\u00f3na eur<\/title>\n<meta name=\"robots\" content=\"index, follow, max-snippet:-1, max-image-preview:large, max-video-preview:-1\" \/>\n<link rel=\"canonical\" href=\"https:\/\/www.smedemokrati.sk\/sv\/narodny-park-muranska-planina-mohol-pri-predaji-dreva-prist-o-viac-ako-pol-miliona-eur\/\" \/>\n<meta property=\"og:locale\" content=\"sv_SE\" \/>\n<meta property=\"og:locale:alternate\" content=\"en_US\" \/>\n<meta property=\"og:locale:alternate\" content=\"cs_CZ\" \/>\n<meta property=\"og:locale:alternate\" content=\"hu_HU\" \/>\n<meta property=\"og:locale:alternate\" content=\"sk_SK\" \/>\n<meta property=\"og:type\" content=\"article\" \/>\n<meta property=\"og:title\" content=\"N\u00e1rodn\u00fd park Mur\u00e1nska planina mohol pri predaji dreva pr\u00eds\u0165 o viac ako pol mili\u00f3na eur\" \/>\n<meta property=\"og:description\" content=\"Na Mur\u00e1nskej planine sa kvalitn\u00e9 drevo pred\u00e1va pod cenu, \u0161t\u00e1t mohol od pr\u00eds\u0165 o viac ako pol mili\u00f3na eur. Vypl\u00fdva to z v\u00fdsledkov nieko\u013ekot\u00fd\u017ed\u0148ovej anal\u00fdzy predaja dreva na Spr\u00e1ve&nbsp;N\u00e1rodn\u00e9ho parku Mur\u00e1nska planina&nbsp;za obdobie od 1. novembra 2024 do 31. okt\u00f3bra 2025. Pod\u013ea expertov ide o&nbsp;v\u00e1\u017ene podhodnocovanie \u0161t\u00e1tneho majetku&nbsp;s odhadovan\u00fdm finan\u010dn\u00fdm dopadom a\u017e&nbsp;520 258 eur. K\u013e\u00fa\u010dov\u00fdm [&hellip;]\" \/>\n<meta property=\"og:url\" content=\"https:\/\/www.smedemokrati.sk\/sv\/narodny-park-muranska-planina-mohol-pri-predaji-dreva-prist-o-viac-ako-pol-miliona-eur\/\" \/>\n<meta property=\"og:site_name\" content=\"Smedemokrati.sk\" \/>\n<meta property=\"article:publisher\" content=\"https:\/\/www.facebook.com\/smedemokrati2023\" \/>\n<meta property=\"article:published_time\" content=\"2025-12-05T13:17:06+00:00\" \/>\n<meta property=\"article:modified_time\" content=\"2025-12-05T13:28:24+00:00\" \/>\n<meta property=\"og:image\" content=\"https:\/\/www.smedemokrati.sk\/wp-content\/uploads\/2025\/12\/593607013_1182764519985235_760778893731114197_n.jpg\" \/>\n\t<meta property=\"og:image:width\" content=\"1920\" \/>\n\t<meta property=\"og:image:height\" content=\"1080\" \/>\n\t<meta property=\"og:image:type\" content=\"image\/jpeg\" \/>\n<meta name=\"author\" content=\"miro.sopko\" \/>\n<meta name=\"twitter:card\" content=\"summary_large_image\" \/>\n<meta name=\"twitter:label1\" content=\"Skriven av\" \/>\n\t<meta name=\"twitter:data1\" content=\"miro.sopko\" \/>\n\t<meta name=\"twitter:label2\" content=\"Ber\u00e4knad l\u00e4stid\" \/>\n\t<meta name=\"twitter:data2\" content=\"4 minuter\" \/>\n<script type=\"application\/ld+json\" class=\"yoast-schema-graph\">{\"@context\":\"https:\/\/schema.org\",\"@graph\":[{\"@type\":\"Article\",\"@id\":\"https:\/\/www.smedemokrati.sk\/narodny-park-muranska-planina-mohol-pri-predaji-dreva-prist-o-viac-ako-pol-miliona-eur\/#article\",\"isPartOf\":{\"@id\":\"https:\/\/www.smedemokrati.sk\/narodny-park-muranska-planina-mohol-pri-predaji-dreva-prist-o-viac-ako-pol-miliona-eur\/\"},\"author\":{\"name\":\"miro.sopko\",\"@id\":\"https:\/\/www.smedemokrati.sk\/#\/schema\/person\/21f147c88d605aa7ded900e1e7c344ba\"},\"headline\":\"N\u00e1rodn\u00fd park Mur\u00e1nska planina mohol pri predaji dreva pr\u00eds\u0165 o viac ako pol mili\u00f3na eur\",\"datePublished\":\"2025-12-05T13:17:06+00:00\",\"dateModified\":\"2025-12-05T13:28:24+00:00\",\"mainEntityOfPage\":{\"@id\":\"https:\/\/www.smedemokrati.sk\/narodny-park-muranska-planina-mohol-pri-predaji-dreva-prist-o-viac-ako-pol-miliona-eur\/\"},\"wordCount\":739,\"publisher\":{\"@id\":\"https:\/\/www.smedemokrati.sk\/#organization\"},\"image\":{\"@id\":\"https:\/\/www.smedemokrati.sk\/narodny-park-muranska-planina-mohol-pri-predaji-dreva-prist-o-viac-ako-pol-miliona-eur\/#primaryimage\"},\"thumbnailUrl\":\"https:\/\/www.smedemokrati.sk\/wp-content\/uploads\/2025\/12\/593607013_1182764519985235_760778893731114197_n.jpg\",\"articleSection\":[\"Tla\u010dov\u00e9 spr\u00e1vy\"],\"inLanguage\":\"sv-SE\"},{\"@type\":\"WebPage\",\"@id\":\"https:\/\/www.smedemokrati.sk\/narodny-park-muranska-planina-mohol-pri-predaji-dreva-prist-o-viac-ako-pol-miliona-eur\/\",\"url\":\"https:\/\/www.smedemokrati.sk\/narodny-park-muranska-planina-mohol-pri-predaji-dreva-prist-o-viac-ako-pol-miliona-eur\/\",\"name\":\"N\u00e1rodn\u00fd park Mur\u00e1nska planina mohol pri predaji dreva pr\u00eds\u0165 o viac ako pol mili\u00f3na eur\",\"isPartOf\":{\"@id\":\"https:\/\/www.smedemokrati.sk\/#website\"},\"primaryImageOfPage\":{\"@id\":\"https:\/\/www.smedemokrati.sk\/narodny-park-muranska-planina-mohol-pri-predaji-dreva-prist-o-viac-ako-pol-miliona-eur\/#primaryimage\"},\"image\":{\"@id\":\"https:\/\/www.smedemokrati.sk\/narodny-park-muranska-planina-mohol-pri-predaji-dreva-prist-o-viac-ako-pol-miliona-eur\/#primaryimage\"},\"thumbnailUrl\":\"https:\/\/www.smedemokrati.sk\/wp-content\/uploads\/2025\/12\/593607013_1182764519985235_760778893731114197_n.jpg\",\"datePublished\":\"2025-12-05T13:17:06+00:00\",\"dateModified\":\"2025-12-05T13:28:24+00:00\",\"breadcrumb\":{\"@id\":\"https:\/\/www.smedemokrati.sk\/narodny-park-muranska-planina-mohol-pri-predaji-dreva-prist-o-viac-ako-pol-miliona-eur\/#breadcrumb\"},\"inLanguage\":\"sv-SE\",\"potentialAction\":[{\"@type\":\"ReadAction\",\"target\":[\"https:\/\/www.smedemokrati.sk\/narodny-park-muranska-planina-mohol-pri-predaji-dreva-prist-o-viac-ako-pol-miliona-eur\/\"]}]},{\"@type\":\"ImageObject\",\"inLanguage\":\"sv-SE\",\"@id\":\"https:\/\/www.smedemokrati.sk\/narodny-park-muranska-planina-mohol-pri-predaji-dreva-prist-o-viac-ako-pol-miliona-eur\/#primaryimage\",\"url\":\"https:\/\/www.smedemokrati.sk\/wp-content\/uploads\/2025\/12\/593607013_1182764519985235_760778893731114197_n.jpg\",\"contentUrl\":\"https:\/\/www.smedemokrati.sk\/wp-content\/uploads\/2025\/12\/593607013_1182764519985235_760778893731114197_n.jpg\",\"width\":1920,\"height\":1080},{\"@type\":\"BreadcrumbList\",\"@id\":\"https:\/\/www.smedemokrati.sk\/narodny-park-muranska-planina-mohol-pri-predaji-dreva-prist-o-viac-ako-pol-miliona-eur\/#breadcrumb\",\"itemListElement\":[{\"@type\":\"ListItem\",\"position\":1,\"name\":\"Domovsk\u00e1 str\u00e1nka\",\"item\":\"https:\/\/www.smedemokrati.sk\/\"},{\"@type\":\"ListItem\",\"position\":2,\"name\":\"N\u00e1rodn\u00fd park Mur\u00e1nska planina mohol pri predaji dreva pr\u00eds\u0165 o viac ako pol mili\u00f3na eur\"}]},{\"@type\":\"WebSite\",\"@id\":\"https:\/\/www.smedemokrati.sk\/#website\",\"url\":\"https:\/\/www.smedemokrati.sk\/\",\"name\":\"Smedemokrati.sk\",\"description\":\"Demokracia a slu\u0161nos\u0165 zv\u00ed\u0165az\u00ed\",\"publisher\":{\"@id\":\"https:\/\/www.smedemokrati.sk\/#organization\"},\"potentialAction\":[{\"@type\":\"SearchAction\",\"target\":{\"@type\":\"EntryPoint\",\"urlTemplate\":\"https:\/\/www.smedemokrati.sk\/?s={search_term_string}\"},\"query-input\":{\"@type\":\"PropertyValueSpecification\",\"valueRequired\":true,\"valueName\":\"search_term_string\"}}],\"inLanguage\":\"sv-SE\"},{\"@type\":\"Organization\",\"@id\":\"https:\/\/www.smedemokrati.sk\/#organization\",\"name\":\"Smedemokrati.sk\",\"url\":\"https:\/\/www.smedemokrati.sk\/\",\"logo\":{\"@type\":\"ImageObject\",\"inLanguage\":\"sv-SE\",\"@id\":\"https:\/\/www.smedemokrati.sk\/#\/schema\/logo\/image\/\",\"url\":\"https:\/\/www.smedemokrati.sk\/wp-content\/uploads\/2023\/04\/ff.002.jpeg\",\"contentUrl\":\"https:\/\/www.smedemokrati.sk\/wp-content\/uploads\/2023\/04\/ff.002.jpeg\",\"width\":640,\"height\":480,\"caption\":\"Smedemokrati.sk\"},\"image\":{\"@id\":\"https:\/\/www.smedemokrati.sk\/#\/schema\/logo\/image\/\"},\"sameAs\":[\"https:\/\/www.facebook.com\/smedemokrati2023\"]},{\"@type\":\"Person\",\"@id\":\"https:\/\/www.smedemokrati.sk\/#\/schema\/person\/21f147c88d605aa7ded900e1e7c344ba\",\"name\":\"miro.sopko\",\"image\":{\"@type\":\"ImageObject\",\"inLanguage\":\"sv-SE\",\"@id\":\"https:\/\/secure.gravatar.com\/avatar\/267e4a36f704376c109afe3a78740c1f5dd8675a2180a908699e7863c9247606?s=96&d=mm&r=g\",\"url\":\"https:\/\/secure.gravatar.com\/avatar\/267e4a36f704376c109afe3a78740c1f5dd8675a2180a908699e7863c9247606?s=96&d=mm&r=g\",\"contentUrl\":\"https:\/\/secure.gravatar.com\/avatar\/267e4a36f704376c109afe3a78740c1f5dd8675a2180a908699e7863c9247606?s=96&d=mm&r=g\",\"caption\":\"miro.sopko\"},\"url\":\"https:\/\/www.smedemokrati.sk\/sv\/author\/miro-sopko\/\"}]}<\/script>\n<!-- \/ Yoast SEO plugin. -->","yoast_head_json":{"title":"N\u00e1rodn\u00fd park Mur\u00e1nska planina mohol pri predaji dreva pr\u00eds\u0165 o viac ako pol mili\u00f3na eur","robots":{"index":"index","follow":"follow","max-snippet":"max-snippet:-1","max-image-preview":"max-image-preview:large","max-video-preview":"max-video-preview:-1"},"canonical":"https:\/\/www.smedemokrati.sk\/sv\/narodny-park-muranska-planina-mohol-pri-predaji-dreva-prist-o-viac-ako-pol-miliona-eur\/","og_locale":"sv_SE","og_type":"article","og_title":"[:sk]N\u00e1rodn\u00fd park Mur\u00e1nska planina mohol pri predaji dreva pr\u00eds\u0165 o viac ako pol mili\u00f3na eur[:] - Smedemokrati.sk","og_description":"Na Mur\u00e1nskej planine sa kvalitn\u00e9 drevo pred\u00e1va pod cenu, \u0161t\u00e1t mohol od pr\u00eds\u0165 o viac ako pol mili\u00f3na eur. Vypl\u00fdva to z v\u00fdsledkov nieko\u013ekot\u00fd\u017ed\u0148ovej anal\u00fdzy predaja dreva na Spr\u00e1ve&nbsp;N\u00e1rodn\u00e9ho parku Mur\u00e1nska planina&nbsp;za obdobie od 1. novembra 2024 do 31. okt\u00f3bra 2025. Pod\u013ea expertov ide o&nbsp;v\u00e1\u017ene podhodnocovanie \u0161t\u00e1tneho majetku&nbsp;s odhadovan\u00fdm finan\u010dn\u00fdm dopadom a\u017e&nbsp;520 258 eur. K\u013e\u00fa\u010dov\u00fdm [&hellip;]","og_url":"https:\/\/www.smedemokrati.sk\/sv\/narodny-park-muranska-planina-mohol-pri-predaji-dreva-prist-o-viac-ako-pol-miliona-eur\/","og_site_name":"Smedemokrati.sk","article_publisher":"https:\/\/www.facebook.com\/smedemokrati2023","article_published_time":"2025-12-05T13:17:06+00:00","article_modified_time":"2025-12-05T13:28:24+00:00","og_image":[{"width":1920,"height":1080,"url":"https:\/\/www.smedemokrati.sk\/wp-content\/uploads\/2025\/12\/593607013_1182764519985235_760778893731114197_n.jpg","type":"image\/jpeg"}],"author":"miro.sopko","twitter_card":"summary_large_image","twitter_misc":{"Skriven av":"miro.sopko","Ber\u00e4knad l\u00e4stid":"4 minuter"},"schema":{"@context":"https:\/\/schema.org","@graph":[{"@type":"Article","@id":"https:\/\/www.smedemokrati.sk\/narodny-park-muranska-planina-mohol-pri-predaji-dreva-prist-o-viac-ako-pol-miliona-eur\/#article","isPartOf":{"@id":"https:\/\/www.smedemokrati.sk\/narodny-park-muranska-planina-mohol-pri-predaji-dreva-prist-o-viac-ako-pol-miliona-eur\/"},"author":{"name":"miro.sopko","@id":"https:\/\/www.smedemokrati.sk\/#\/schema\/person\/21f147c88d605aa7ded900e1e7c344ba"},"headline":"N\u00e1rodn\u00fd park Mur\u00e1nska planina mohol pri predaji dreva pr\u00eds\u0165 o viac ako pol mili\u00f3na eur","datePublished":"2025-12-05T13:17:06+00:00","dateModified":"2025-12-05T13:28:24+00:00","mainEntityOfPage":{"@id":"https:\/\/www.smedemokrati.sk\/narodny-park-muranska-planina-mohol-pri-predaji-dreva-prist-o-viac-ako-pol-miliona-eur\/"},"wordCount":739,"publisher":{"@id":"https:\/\/www.smedemokrati.sk\/#organization"},"image":{"@id":"https:\/\/www.smedemokrati.sk\/narodny-park-muranska-planina-mohol-pri-predaji-dreva-prist-o-viac-ako-pol-miliona-eur\/#primaryimage"},"thumbnailUrl":"https:\/\/www.smedemokrati.sk\/wp-content\/uploads\/2025\/12\/593607013_1182764519985235_760778893731114197_n.jpg","articleSection":["Tla\u010dov\u00e9 spr\u00e1vy"],"inLanguage":"sv-SE"},{"@type":"WebPage","@id":"https:\/\/www.smedemokrati.sk\/narodny-park-muranska-planina-mohol-pri-predaji-dreva-prist-o-viac-ako-pol-miliona-eur\/","url":"https:\/\/www.smedemokrati.sk\/narodny-park-muranska-planina-mohol-pri-predaji-dreva-prist-o-viac-ako-pol-miliona-eur\/","name":"N\u00e1rodn\u00fd park Mur\u00e1nska planina mohol pri predaji dreva pr\u00eds\u0165 o viac ako pol mili\u00f3na eur","isPartOf":{"@id":"https:\/\/www.smedemokrati.sk\/#website"},"primaryImageOfPage":{"@id":"https:\/\/www.smedemokrati.sk\/narodny-park-muranska-planina-mohol-pri-predaji-dreva-prist-o-viac-ako-pol-miliona-eur\/#primaryimage"},"image":{"@id":"https:\/\/www.smedemokrati.sk\/narodny-park-muranska-planina-mohol-pri-predaji-dreva-prist-o-viac-ako-pol-miliona-eur\/#primaryimage"},"thumbnailUrl":"https:\/\/www.smedemokrati.sk\/wp-content\/uploads\/2025\/12\/593607013_1182764519985235_760778893731114197_n.jpg","datePublished":"2025-12-05T13:17:06+00:00","dateModified":"2025-12-05T13:28:24+00:00","breadcrumb":{"@id":"https:\/\/www.smedemokrati.sk\/narodny-park-muranska-planina-mohol-pri-predaji-dreva-prist-o-viac-ako-pol-miliona-eur\/#breadcrumb"},"inLanguage":"sv-SE","potentialAction":[{"@type":"ReadAction","target":["https:\/\/www.smedemokrati.sk\/narodny-park-muranska-planina-mohol-pri-predaji-dreva-prist-o-viac-ako-pol-miliona-eur\/"]}]},{"@type":"ImageObject","inLanguage":"sv-SE","@id":"https:\/\/www.smedemokrati.sk\/narodny-park-muranska-planina-mohol-pri-predaji-dreva-prist-o-viac-ako-pol-miliona-eur\/#primaryimage","url":"https:\/\/www.smedemokrati.sk\/wp-content\/uploads\/2025\/12\/593607013_1182764519985235_760778893731114197_n.jpg","contentUrl":"https:\/\/www.smedemokrati.sk\/wp-content\/uploads\/2025\/12\/593607013_1182764519985235_760778893731114197_n.jpg","width":1920,"height":1080},{"@type":"BreadcrumbList","@id":"https:\/\/www.smedemokrati.sk\/narodny-park-muranska-planina-mohol-pri-predaji-dreva-prist-o-viac-ako-pol-miliona-eur\/#breadcrumb","itemListElement":[{"@type":"ListItem","position":1,"name":"Domovsk\u00e1 str\u00e1nka","item":"https:\/\/www.smedemokrati.sk\/"},{"@type":"ListItem","position":2,"name":"N\u00e1rodn\u00fd park Mur\u00e1nska planina mohol pri predaji dreva pr\u00eds\u0165 o viac ako pol mili\u00f3na eur"}]},{"@type":"WebSite","@id":"https:\/\/www.smedemokrati.sk\/#website","url":"https:\/\/www.smedemokrati.sk\/","name":"Smedemokrati.sk","description":"Demokracia a slu\u0161nos\u0165 zv\u00ed\u0165az\u00ed","publisher":{"@id":"https:\/\/www.smedemokrati.sk\/#organization"},"potentialAction":[{"@type":"SearchAction","target":{"@type":"EntryPoint","urlTemplate":"https:\/\/www.smedemokrati.sk\/?s={search_term_string}"},"query-input":{"@type":"PropertyValueSpecification","valueRequired":true,"valueName":"search_term_string"}}],"inLanguage":"sv-SE"},{"@type":"Organization","@id":"https:\/\/www.smedemokrati.sk\/#organization","name":"Smedemokrati.sk","url":"https:\/\/www.smedemokrati.sk\/","logo":{"@type":"ImageObject","inLanguage":"sv-SE","@id":"https:\/\/www.smedemokrati.sk\/#\/schema\/logo\/image\/","url":"https:\/\/www.smedemokrati.sk\/wp-content\/uploads\/2023\/04\/ff.002.jpeg","contentUrl":"https:\/\/www.smedemokrati.sk\/wp-content\/uploads\/2023\/04\/ff.002.jpeg","width":640,"height":480,"caption":"Smedemokrati.sk"},"image":{"@id":"https:\/\/www.smedemokrati.sk\/#\/schema\/logo\/image\/"},"sameAs":["https:\/\/www.facebook.com\/smedemokrati2023"]},{"@type":"Person","@id":"https:\/\/www.smedemokrati.sk\/#\/schema\/person\/21f147c88d605aa7ded900e1e7c344ba","name":"miro.sopko","image":{"@type":"ImageObject","inLanguage":"sv-SE","@id":"https:\/\/secure.gravatar.com\/avatar\/267e4a36f704376c109afe3a78740c1f5dd8675a2180a908699e7863c9247606?s=96&d=mm&r=g","url":"https:\/\/secure.gravatar.com\/avatar\/267e4a36f704376c109afe3a78740c1f5dd8675a2180a908699e7863c9247606?s=96&d=mm&r=g","contentUrl":"https:\/\/secure.gravatar.com\/avatar\/267e4a36f704376c109afe3a78740c1f5dd8675a2180a908699e7863c9247606?s=96&d=mm&r=g","caption":"miro.sopko"},"url":"https:\/\/www.smedemokrati.sk\/sv\/author\/miro-sopko\/"}]}},"_links":{"self":[{"href":"https:\/\/www.smedemokrati.sk\/sv\/wp-json\/wp\/v2\/posts\/8577","targetHints":{"allow":["GET"]}}],"collection":[{"href":"https:\/\/www.smedemokrati.sk\/sv\/wp-json\/wp\/v2\/posts"}],"about":[{"href":"https:\/\/www.smedemokrati.sk\/sv\/wp-json\/wp\/v2\/types\/post"}],"author":[{"embeddable":true,"href":"https:\/\/www.smedemokrati.sk\/sv\/wp-json\/wp\/v2\/users\/13"}],"replies":[{"embeddable":true,"href":"https:\/\/www.smedemokrati.sk\/sv\/wp-json\/wp\/v2\/comments?post=8577"}],"version-history":[{"count":1,"href":"https:\/\/www.smedemokrati.sk\/sv\/wp-json\/wp\/v2\/posts\/8577\/revisions"}],"predecessor-version":[{"id":8579,"href":"https:\/\/www.smedemokrati.sk\/sv\/wp-json\/wp\/v2\/posts\/8577\/revisions\/8579"}],"wp:featuredmedia":[{"embeddable":true,"href":"https:\/\/www.smedemokrati.sk\/sv\/wp-json\/wp\/v2\/media\/8578"}],"wp:attachment":[{"href":"https:\/\/www.smedemokrati.sk\/sv\/wp-json\/wp\/v2\/media?parent=8577"}],"wp:term":[{"taxonomy":"category","embeddable":true,"href":"https:\/\/www.smedemokrati.sk\/sv\/wp-json\/wp\/v2\/categories?post=8577"},{"taxonomy":"post_tag","embeddable":true,"href":"https:\/\/www.smedemokrati.sk\/sv\/wp-json\/wp\/v2\/tags?post=8577"}],"curies":[{"name":"wp","href":"https:\/\/api.w.org\/{rel}","templated":true}]}}