{"id":8471,"date":"2025-11-13T14:23:11","date_gmt":"2025-11-13T13:23:11","guid":{"rendered":"https:\/\/www.smedemokrati.sk\/?p=8471"},"modified":"2025-11-13T14:23:13","modified_gmt":"2025-11-13T13:23:13","slug":"taraba-ide-cistit-babisove-istrochem-za-nase-peniaze-pojde-o-miliony-a-zrejme-aj-preto-potopil-dokonca-vlastny-zakon","status":"publish","type":"post","link":"https:\/\/www.smedemokrati.sk\/sv\/taraba-ide-cistit-babisove-istrochem-za-nase-peniaze-pojde-o-miliony-a-zrejme-aj-preto-potopil-dokonca-vlastny-zakon\/","title":{"rendered":"Taraba ide \u010disti\u0165 Babi\u0161ove Istrochem za na\u0161e peniaze. P\u00f4jde o mili\u00f3ny a zrejme aj preto potopil dokonca vlastn\u00fd z\u00e1kon"},"content":{"rendered":"<div id=\"fb-root\"><\/div>\n\n<p><strong>Demokrati maj\u00fa podozrenie, \u017ee minister \u017eivotn\u00e9ho prostredia Tom\u00e1\u0161 Taraba sa zrejme priamo dohodol s Andrejom Babi\u0161om, \u017ee environment\u00e1lnu z\u00e1\u0165a\u017e na pozemkoch Istrochemu, teda na s\u00fakromn\u00fdch pozemkoch firmy z Babi\u0161ovho imp\u00e9ria, odstr\u00e1ni \u0161t\u00e1t. N\u00e1klady maj\u00fa by\u0165 pribli\u017ene 500 mil. eur a p\u00f4jdu z verejn\u00fdch zdrojov, teda z pe\u0148az\u00ed da\u0148ov\u00fdch poplatn\u00edkov. V\u00fdsledkom bude, \u017ee hodnota Babi\u0161ov\u00fdch pozemkov v\u00fdrazne st\u00fapne. Vyz\u00fdvame Tarabu, aby cez z\u00e1kon, ktor\u00fd s\u00e1m navrhoval, ale nedotiahol, zabezpe\u010dil vym\u00e1hanie sumy, o ktor\u00fa sa hodnota pozemkov zv\u00fd\u0161i.<\/strong><\/p>\n\n\n\n<p>Enviroexpert a podpredseda Demokratov Michal Ki\u010da upozor\u0148uje, \u017ee pr\u00e1ve v tejto s\u00favislosti minister Taraba doteraz neposunul na vl\u00e1du svoj vlastn\u00fd z\u00e1kon, ktor\u00fd by tak\u00e9muto zv\u00fdhod\u0148ovaniu zabr\u00e1nil:<\/p>\n\n\n\n<p>\u201eTarabov n\u00e1vrh z\u00e1kon o environment\u00e1lnych z\u00e1\u0165a\u017eiach hovor\u00ed, \u017ee vlastn\u00edk pozemku mus\u00ed \u0161t\u00e1tu zaplati\u0165 sumu, o ktor\u00fa sa jeho pozemok zhodnotil po odstr\u00e1nen\u00ed environment\u00e1lnej z\u00e1\u0165a\u017ee. Tento z\u00e1kon je pripraven\u00fd u\u017e od okt\u00f3bra minul\u00e9ho roka, no minister ho dodnes neposunul \u010falej na vl\u00e1du. P\u00fdtam sa preto, \u010di to nie je pr\u00e1ve preto, aby Andrej Babi\u0161 okrem toho, \u017ee mu v\u0161etci zaplat\u00edme vy\u010distenie, nemusel \u0161t\u00e1tu vr\u00e1ti\u0165 ani cent,\u201c uviedol Michal Ki\u010da, ktor\u00fd z\u00e1rove\u0148 vyzval ministra Tarabu, aby svoj z\u00e1kon posunul na vl\u00e1du sk\u00f4r, ako nech\u00e1 schv\u00e1li\u0165 \u010distenie Istrochemu \u0161t\u00e1tom. Tak\u00fato po\u017eiadavku sme uplatnili aj v pripomienkovom konan\u00ed.<\/p>\n\n\n\n<p>Podpredseda Demokratov Juraj \u0160eliga upozor\u0148uje, \u017ee tak\u00fdto postup dramaticky zv\u00fd\u0161i cenu Babi\u0161ov\u00fdch pozemkov:<\/p>\n\n\n\n<p>\u201eJe to nesyst\u00e9mov\u00fd krok, ktor\u00fd n\u00e1s v\u0161etk\u00fdch bude st\u00e1\u0165 neuverite\u013en\u00fdch 500 mil. eur. Povedzme si to jasne: ak dnes stoj\u00ed meter \u0161tvorcov\u00fd pozemkov Istrochemu okolo 1 000 eur, po vy\u010disten\u00ed m\u00f4\u017ee ma\u0165 hodnotu 10 000 eur. Po odstr\u00e1nen\u00ed enviroz\u00e1\u0165a\u017ee bude m\u00f4c\u0165 Babi\u0161 pozemky v\u00fdhodne preda\u0165 alebo na nich stava\u0165, a to v\u0161etko v\u010faka peniazom da\u0148ov\u00fdch poplatn\u00edkov. Babi\u0161 zarob\u00ed mili\u00f3ny! Je to \u0161ialen\u00e9 a neprijate\u013en\u00e9. Vyz\u00fdvam Tom\u00e1\u0161a Tarabu, aby predstavil syst\u00e9mov\u00e9 rie\u0161enie environment\u00e1lnych z\u00e1\u0165a\u017e\u00ed, nie aby prihr\u00e1val mili\u00f3ny spriaznen\u00fdm \u013eu\u010fom,\u201c zd\u00f4raznil Juraj \u0160eliga.<\/p>\n\n\n\n<figure class=\"wp-block-embed is-type-video is-provider-youtube wp-block-embed-youtube wp-embed-aspect-16-9 wp-has-aspect-ratio\"><div class=\"wp-block-embed__wrapper\">\n<iframe title=\"Vyberie si Taraba Slovensko alebo Babi\u0161a?\" width=\"500\" height=\"281\" src=\"https:\/\/www.youtube.com\/embed\/R_YMU_VGXLA?start=3&#038;feature=oembed\" frameborder=\"0\" allow=\"accelerometer; autoplay; clipboard-write; encrypted-media; gyroscope; picture-in-picture; web-share\" referrerpolicy=\"strict-origin-when-cross-origin\" allowfullscreen><\/iframe>\n<\/div><\/figure>\n","protected":false},"excerpt":{"rendered":"<p>Demokrati maj\u00fa podozrenie, \u017ee minister \u017eivotn\u00e9ho prostredia Tom\u00e1\u0161 Taraba sa zrejme priamo dohodol s Andrejom Babi\u0161om, \u017ee environment\u00e1lnu z\u00e1\u0165a\u017e na pozemkoch Istrochemu, teda na s\u00fakromn\u00fdch pozemkoch firmy z Babi\u0161ovho imp\u00e9ria, odstr\u00e1ni \u0161t\u00e1t. N\u00e1klady maj\u00fa by\u0165 pribli\u017ene 500 mil. eur a p\u00f4jdu z verejn\u00fdch zdrojov, teda z pe\u0148az\u00ed da\u0148ov\u00fdch poplatn\u00edkov. V\u00fdsledkom bude, \u017ee hodnota Babi\u0161ov\u00fdch pozemkov [&hellip;]<\/p>\n","protected":false},"author":13,"featured_media":8472,"comment_status":"closed","ping_status":"closed","sticky":false,"template":"","format":"standard","meta":{"_acf_changed":false,"ngg_post_thumbnail":0,"footnotes":""},"categories":[1],"tags":[],"class_list":["post-8471","post","type-post","status-publish","format-standard","has-post-thumbnail","hentry","category-uncategorized"],"acf":[],"yoast_head":"<!-- This site is optimized with the Yoast SEO plugin v27.2 - https:\/\/yoast.com\/product\/yoast-seo-wordpress\/ -->\n<title>Taraba ide \u010disti\u0165 Babi\u0161ove Istrochem za na\u0161e peniaze. P\u00f4jde o mili\u00f3ny a zrejme aj preto potopil dokonca vlastn\u00fd z\u00e1kon<\/title>\n<meta name=\"robots\" content=\"index, follow, max-snippet:-1, max-image-preview:large, max-video-preview:-1\" \/>\n<link rel=\"canonical\" href=\"https:\/\/www.smedemokrati.sk\/sv\/taraba-ide-cistit-babisove-istrochem-za-nase-peniaze-pojde-o-miliony-a-zrejme-aj-preto-potopil-dokonca-vlastny-zakon\/\" \/>\n<meta property=\"og:locale\" content=\"sv_SE\" \/>\n<meta property=\"og:locale:alternate\" content=\"en_US\" \/>\n<meta property=\"og:locale:alternate\" content=\"cs_CZ\" \/>\n<meta property=\"og:locale:alternate\" content=\"hu_HU\" \/>\n<meta property=\"og:locale:alternate\" content=\"sk_SK\" \/>\n<meta property=\"og:type\" content=\"article\" \/>\n<meta property=\"og:title\" content=\"Taraba ide \u010disti\u0165 Babi\u0161ove Istrochem za na\u0161e peniaze. P\u00f4jde o mili\u00f3ny a zrejme aj preto potopil dokonca vlastn\u00fd z\u00e1kon\" \/>\n<meta property=\"og:description\" content=\"Demokrati maj\u00fa podozrenie, \u017ee minister \u017eivotn\u00e9ho prostredia Tom\u00e1\u0161 Taraba sa zrejme priamo dohodol s Andrejom Babi\u0161om, \u017ee environment\u00e1lnu z\u00e1\u0165a\u017e na pozemkoch Istrochemu, teda na s\u00fakromn\u00fdch pozemkoch firmy z Babi\u0161ovho imp\u00e9ria, odstr\u00e1ni \u0161t\u00e1t. N\u00e1klady maj\u00fa by\u0165 pribli\u017ene 500 mil. eur a p\u00f4jdu z verejn\u00fdch zdrojov, teda z pe\u0148az\u00ed da\u0148ov\u00fdch poplatn\u00edkov. V\u00fdsledkom bude, \u017ee hodnota Babi\u0161ov\u00fdch pozemkov [&hellip;]\" \/>\n<meta property=\"og:url\" content=\"https:\/\/www.smedemokrati.sk\/sv\/taraba-ide-cistit-babisove-istrochem-za-nase-peniaze-pojde-o-miliony-a-zrejme-aj-preto-potopil-dokonca-vlastny-zakon\/\" \/>\n<meta property=\"og:site_name\" content=\"Smedemokrati.sk\" \/>\n<meta property=\"article:publisher\" content=\"https:\/\/www.facebook.com\/smedemokrati2023\" \/>\n<meta property=\"article:published_time\" content=\"2025-11-13T13:23:11+00:00\" \/>\n<meta property=\"article:modified_time\" content=\"2025-11-13T13:23:13+00:00\" \/>\n<meta property=\"og:image\" content=\"https:\/\/www.smedemokrati.sk\/wp-content\/uploads\/2025\/11\/istrochem.jpg\" \/>\n\t<meta property=\"og:image:width\" content=\"1280\" \/>\n\t<meta property=\"og:image:height\" content=\"720\" \/>\n\t<meta property=\"og:image:type\" content=\"image\/jpeg\" \/>\n<meta name=\"author\" content=\"miro.sopko\" \/>\n<meta name=\"twitter:card\" content=\"summary_large_image\" \/>\n<meta name=\"twitter:label1\" content=\"Skriven av\" \/>\n\t<meta name=\"twitter:data1\" content=\"miro.sopko\" \/>\n\t<meta name=\"twitter:label2\" content=\"Ber\u00e4knad l\u00e4stid\" \/>\n\t<meta name=\"twitter:data2\" content=\"2 minuter\" \/>\n<script type=\"application\/ld+json\" class=\"yoast-schema-graph\">{\"@context\":\"https:\/\/schema.org\",\"@graph\":[{\"@type\":\"Article\",\"@id\":\"https:\/\/www.smedemokrati.sk\/taraba-ide-cistit-babisove-istrochem-za-nase-peniaze-pojde-o-miliony-a-zrejme-aj-preto-potopil-dokonca-vlastny-zakon\/#article\",\"isPartOf\":{\"@id\":\"https:\/\/www.smedemokrati.sk\/taraba-ide-cistit-babisove-istrochem-za-nase-peniaze-pojde-o-miliony-a-zrejme-aj-preto-potopil-dokonca-vlastny-zakon\/\"},\"author\":{\"name\":\"miro.sopko\",\"@id\":\"https:\/\/www.smedemokrati.sk\/#\/schema\/person\/21f147c88d605aa7ded900e1e7c344ba\"},\"headline\":\"Taraba ide \u010disti\u0165 Babi\u0161ove Istrochem za na\u0161e peniaze. P\u00f4jde o mili\u00f3ny a zrejme aj preto potopil dokonca vlastn\u00fd z\u00e1kon\",\"datePublished\":\"2025-11-13T13:23:11+00:00\",\"dateModified\":\"2025-11-13T13:23:13+00:00\",\"mainEntityOfPage\":{\"@id\":\"https:\/\/www.smedemokrati.sk\/taraba-ide-cistit-babisove-istrochem-za-nase-peniaze-pojde-o-miliony-a-zrejme-aj-preto-potopil-dokonca-vlastny-zakon\/\"},\"wordCount\":429,\"publisher\":{\"@id\":\"https:\/\/www.smedemokrati.sk\/#organization\"},\"image\":{\"@id\":\"https:\/\/www.smedemokrati.sk\/taraba-ide-cistit-babisove-istrochem-za-nase-peniaze-pojde-o-miliony-a-zrejme-aj-preto-potopil-dokonca-vlastny-zakon\/#primaryimage\"},\"thumbnailUrl\":\"https:\/\/www.smedemokrati.sk\/wp-content\/uploads\/2025\/11\/istrochem.jpg\",\"articleSection\":[\"Uncategorized\"],\"inLanguage\":\"sv-SE\"},{\"@type\":\"WebPage\",\"@id\":\"https:\/\/www.smedemokrati.sk\/taraba-ide-cistit-babisove-istrochem-za-nase-peniaze-pojde-o-miliony-a-zrejme-aj-preto-potopil-dokonca-vlastny-zakon\/\",\"url\":\"https:\/\/www.smedemokrati.sk\/taraba-ide-cistit-babisove-istrochem-za-nase-peniaze-pojde-o-miliony-a-zrejme-aj-preto-potopil-dokonca-vlastny-zakon\/\",\"name\":\"Taraba ide \u010disti\u0165 Babi\u0161ove Istrochem za na\u0161e peniaze. P\u00f4jde o mili\u00f3ny a zrejme aj preto potopil dokonca vlastn\u00fd z\u00e1kon\",\"isPartOf\":{\"@id\":\"https:\/\/www.smedemokrati.sk\/#website\"},\"primaryImageOfPage\":{\"@id\":\"https:\/\/www.smedemokrati.sk\/taraba-ide-cistit-babisove-istrochem-za-nase-peniaze-pojde-o-miliony-a-zrejme-aj-preto-potopil-dokonca-vlastny-zakon\/#primaryimage\"},\"image\":{\"@id\":\"https:\/\/www.smedemokrati.sk\/taraba-ide-cistit-babisove-istrochem-za-nase-peniaze-pojde-o-miliony-a-zrejme-aj-preto-potopil-dokonca-vlastny-zakon\/#primaryimage\"},\"thumbnailUrl\":\"https:\/\/www.smedemokrati.sk\/wp-content\/uploads\/2025\/11\/istrochem.jpg\",\"datePublished\":\"2025-11-13T13:23:11+00:00\",\"dateModified\":\"2025-11-13T13:23:13+00:00\",\"breadcrumb\":{\"@id\":\"https:\/\/www.smedemokrati.sk\/taraba-ide-cistit-babisove-istrochem-za-nase-peniaze-pojde-o-miliony-a-zrejme-aj-preto-potopil-dokonca-vlastny-zakon\/#breadcrumb\"},\"inLanguage\":\"sv-SE\",\"potentialAction\":[{\"@type\":\"ReadAction\",\"target\":[\"https:\/\/www.smedemokrati.sk\/taraba-ide-cistit-babisove-istrochem-za-nase-peniaze-pojde-o-miliony-a-zrejme-aj-preto-potopil-dokonca-vlastny-zakon\/\"]}]},{\"@type\":\"ImageObject\",\"inLanguage\":\"sv-SE\",\"@id\":\"https:\/\/www.smedemokrati.sk\/taraba-ide-cistit-babisove-istrochem-za-nase-peniaze-pojde-o-miliony-a-zrejme-aj-preto-potopil-dokonca-vlastny-zakon\/#primaryimage\",\"url\":\"https:\/\/www.smedemokrati.sk\/wp-content\/uploads\/2025\/11\/istrochem.jpg\",\"contentUrl\":\"https:\/\/www.smedemokrati.sk\/wp-content\/uploads\/2025\/11\/istrochem.jpg\",\"width\":1280,\"height\":720},{\"@type\":\"BreadcrumbList\",\"@id\":\"https:\/\/www.smedemokrati.sk\/taraba-ide-cistit-babisove-istrochem-za-nase-peniaze-pojde-o-miliony-a-zrejme-aj-preto-potopil-dokonca-vlastny-zakon\/#breadcrumb\",\"itemListElement\":[{\"@type\":\"ListItem\",\"position\":1,\"name\":\"Domovsk\u00e1 str\u00e1nka\",\"item\":\"https:\/\/www.smedemokrati.sk\/\"},{\"@type\":\"ListItem\",\"position\":2,\"name\":\"Taraba ide \u010disti\u0165 Babi\u0161ove Istrochem za na\u0161e peniaze. P\u00f4jde o mili\u00f3ny a zrejme aj preto potopil dokonca vlastn\u00fd z\u00e1kon\"}]},{\"@type\":\"WebSite\",\"@id\":\"https:\/\/www.smedemokrati.sk\/#website\",\"url\":\"https:\/\/www.smedemokrati.sk\/\",\"name\":\"Smedemokrati.sk\",\"description\":\"Demokracia a slu\u0161nos\u0165 zv\u00ed\u0165az\u00ed\",\"publisher\":{\"@id\":\"https:\/\/www.smedemokrati.sk\/#organization\"},\"potentialAction\":[{\"@type\":\"SearchAction\",\"target\":{\"@type\":\"EntryPoint\",\"urlTemplate\":\"https:\/\/www.smedemokrati.sk\/?s={search_term_string}\"},\"query-input\":{\"@type\":\"PropertyValueSpecification\",\"valueRequired\":true,\"valueName\":\"search_term_string\"}}],\"inLanguage\":\"sv-SE\"},{\"@type\":\"Organization\",\"@id\":\"https:\/\/www.smedemokrati.sk\/#organization\",\"name\":\"Smedemokrati.sk\",\"url\":\"https:\/\/www.smedemokrati.sk\/\",\"logo\":{\"@type\":\"ImageObject\",\"inLanguage\":\"sv-SE\",\"@id\":\"https:\/\/www.smedemokrati.sk\/#\/schema\/logo\/image\/\",\"url\":\"https:\/\/www.smedemokrati.sk\/wp-content\/uploads\/2023\/04\/ff.002.jpeg\",\"contentUrl\":\"https:\/\/www.smedemokrati.sk\/wp-content\/uploads\/2023\/04\/ff.002.jpeg\",\"width\":640,\"height\":480,\"caption\":\"Smedemokrati.sk\"},\"image\":{\"@id\":\"https:\/\/www.smedemokrati.sk\/#\/schema\/logo\/image\/\"},\"sameAs\":[\"https:\/\/www.facebook.com\/smedemokrati2023\"]},{\"@type\":\"Person\",\"@id\":\"https:\/\/www.smedemokrati.sk\/#\/schema\/person\/21f147c88d605aa7ded900e1e7c344ba\",\"name\":\"miro.sopko\",\"image\":{\"@type\":\"ImageObject\",\"inLanguage\":\"sv-SE\",\"@id\":\"https:\/\/secure.gravatar.com\/avatar\/267e4a36f704376c109afe3a78740c1f5dd8675a2180a908699e7863c9247606?s=96&d=mm&r=g\",\"url\":\"https:\/\/secure.gravatar.com\/avatar\/267e4a36f704376c109afe3a78740c1f5dd8675a2180a908699e7863c9247606?s=96&d=mm&r=g\",\"contentUrl\":\"https:\/\/secure.gravatar.com\/avatar\/267e4a36f704376c109afe3a78740c1f5dd8675a2180a908699e7863c9247606?s=96&d=mm&r=g\",\"caption\":\"miro.sopko\"},\"url\":\"https:\/\/www.smedemokrati.sk\/sv\/author\/miro-sopko\/\"}]}<\/script>\n<!-- \/ Yoast SEO plugin. -->","yoast_head_json":{"title":"Taraba ide \u010disti\u0165 Babi\u0161ove Istrochem za na\u0161e peniaze. P\u00f4jde o mili\u00f3ny a zrejme aj preto potopil dokonca vlastn\u00fd z\u00e1kon","robots":{"index":"index","follow":"follow","max-snippet":"max-snippet:-1","max-image-preview":"max-image-preview:large","max-video-preview":"max-video-preview:-1"},"canonical":"https:\/\/www.smedemokrati.sk\/sv\/taraba-ide-cistit-babisove-istrochem-za-nase-peniaze-pojde-o-miliony-a-zrejme-aj-preto-potopil-dokonca-vlastny-zakon\/","og_locale":"sv_SE","og_type":"article","og_title":"[:sk]Taraba ide \u010disti\u0165 Babi\u0161ove Istrochem za na\u0161e peniaze. P\u00f4jde o mili\u00f3ny a zrejme aj preto potopil dokonca vlastn\u00fd z\u00e1kon[:] - Smedemokrati.sk","og_description":"Demokrati maj\u00fa podozrenie, \u017ee minister \u017eivotn\u00e9ho prostredia Tom\u00e1\u0161 Taraba sa zrejme priamo dohodol s Andrejom Babi\u0161om, \u017ee environment\u00e1lnu z\u00e1\u0165a\u017e na pozemkoch Istrochemu, teda na s\u00fakromn\u00fdch pozemkoch firmy z Babi\u0161ovho imp\u00e9ria, odstr\u00e1ni \u0161t\u00e1t. N\u00e1klady maj\u00fa by\u0165 pribli\u017ene 500 mil. eur a p\u00f4jdu z verejn\u00fdch zdrojov, teda z pe\u0148az\u00ed da\u0148ov\u00fdch poplatn\u00edkov. V\u00fdsledkom bude, \u017ee hodnota Babi\u0161ov\u00fdch pozemkov [&hellip;]","og_url":"https:\/\/www.smedemokrati.sk\/sv\/taraba-ide-cistit-babisove-istrochem-za-nase-peniaze-pojde-o-miliony-a-zrejme-aj-preto-potopil-dokonca-vlastny-zakon\/","og_site_name":"Smedemokrati.sk","article_publisher":"https:\/\/www.facebook.com\/smedemokrati2023","article_published_time":"2025-11-13T13:23:11+00:00","article_modified_time":"2025-11-13T13:23:13+00:00","og_image":[{"width":1280,"height":720,"url":"https:\/\/www.smedemokrati.sk\/wp-content\/uploads\/2025\/11\/istrochem.jpg","type":"image\/jpeg"}],"author":"miro.sopko","twitter_card":"summary_large_image","twitter_misc":{"Skriven av":"miro.sopko","Ber\u00e4knad l\u00e4stid":"2 minuter"},"schema":{"@context":"https:\/\/schema.org","@graph":[{"@type":"Article","@id":"https:\/\/www.smedemokrati.sk\/taraba-ide-cistit-babisove-istrochem-za-nase-peniaze-pojde-o-miliony-a-zrejme-aj-preto-potopil-dokonca-vlastny-zakon\/#article","isPartOf":{"@id":"https:\/\/www.smedemokrati.sk\/taraba-ide-cistit-babisove-istrochem-za-nase-peniaze-pojde-o-miliony-a-zrejme-aj-preto-potopil-dokonca-vlastny-zakon\/"},"author":{"name":"miro.sopko","@id":"https:\/\/www.smedemokrati.sk\/#\/schema\/person\/21f147c88d605aa7ded900e1e7c344ba"},"headline":"Taraba ide \u010disti\u0165 Babi\u0161ove Istrochem za na\u0161e peniaze. P\u00f4jde o mili\u00f3ny a zrejme aj preto potopil dokonca vlastn\u00fd z\u00e1kon","datePublished":"2025-11-13T13:23:11+00:00","dateModified":"2025-11-13T13:23:13+00:00","mainEntityOfPage":{"@id":"https:\/\/www.smedemokrati.sk\/taraba-ide-cistit-babisove-istrochem-za-nase-peniaze-pojde-o-miliony-a-zrejme-aj-preto-potopil-dokonca-vlastny-zakon\/"},"wordCount":429,"publisher":{"@id":"https:\/\/www.smedemokrati.sk\/#organization"},"image":{"@id":"https:\/\/www.smedemokrati.sk\/taraba-ide-cistit-babisove-istrochem-za-nase-peniaze-pojde-o-miliony-a-zrejme-aj-preto-potopil-dokonca-vlastny-zakon\/#primaryimage"},"thumbnailUrl":"https:\/\/www.smedemokrati.sk\/wp-content\/uploads\/2025\/11\/istrochem.jpg","articleSection":["Uncategorized"],"inLanguage":"sv-SE"},{"@type":"WebPage","@id":"https:\/\/www.smedemokrati.sk\/taraba-ide-cistit-babisove-istrochem-za-nase-peniaze-pojde-o-miliony-a-zrejme-aj-preto-potopil-dokonca-vlastny-zakon\/","url":"https:\/\/www.smedemokrati.sk\/taraba-ide-cistit-babisove-istrochem-za-nase-peniaze-pojde-o-miliony-a-zrejme-aj-preto-potopil-dokonca-vlastny-zakon\/","name":"Taraba ide \u010disti\u0165 Babi\u0161ove Istrochem za na\u0161e peniaze. P\u00f4jde o mili\u00f3ny a zrejme aj preto potopil dokonca vlastn\u00fd z\u00e1kon","isPartOf":{"@id":"https:\/\/www.smedemokrati.sk\/#website"},"primaryImageOfPage":{"@id":"https:\/\/www.smedemokrati.sk\/taraba-ide-cistit-babisove-istrochem-za-nase-peniaze-pojde-o-miliony-a-zrejme-aj-preto-potopil-dokonca-vlastny-zakon\/#primaryimage"},"image":{"@id":"https:\/\/www.smedemokrati.sk\/taraba-ide-cistit-babisove-istrochem-za-nase-peniaze-pojde-o-miliony-a-zrejme-aj-preto-potopil-dokonca-vlastny-zakon\/#primaryimage"},"thumbnailUrl":"https:\/\/www.smedemokrati.sk\/wp-content\/uploads\/2025\/11\/istrochem.jpg","datePublished":"2025-11-13T13:23:11+00:00","dateModified":"2025-11-13T13:23:13+00:00","breadcrumb":{"@id":"https:\/\/www.smedemokrati.sk\/taraba-ide-cistit-babisove-istrochem-za-nase-peniaze-pojde-o-miliony-a-zrejme-aj-preto-potopil-dokonca-vlastny-zakon\/#breadcrumb"},"inLanguage":"sv-SE","potentialAction":[{"@type":"ReadAction","target":["https:\/\/www.smedemokrati.sk\/taraba-ide-cistit-babisove-istrochem-za-nase-peniaze-pojde-o-miliony-a-zrejme-aj-preto-potopil-dokonca-vlastny-zakon\/"]}]},{"@type":"ImageObject","inLanguage":"sv-SE","@id":"https:\/\/www.smedemokrati.sk\/taraba-ide-cistit-babisove-istrochem-za-nase-peniaze-pojde-o-miliony-a-zrejme-aj-preto-potopil-dokonca-vlastny-zakon\/#primaryimage","url":"https:\/\/www.smedemokrati.sk\/wp-content\/uploads\/2025\/11\/istrochem.jpg","contentUrl":"https:\/\/www.smedemokrati.sk\/wp-content\/uploads\/2025\/11\/istrochem.jpg","width":1280,"height":720},{"@type":"BreadcrumbList","@id":"https:\/\/www.smedemokrati.sk\/taraba-ide-cistit-babisove-istrochem-za-nase-peniaze-pojde-o-miliony-a-zrejme-aj-preto-potopil-dokonca-vlastny-zakon\/#breadcrumb","itemListElement":[{"@type":"ListItem","position":1,"name":"Domovsk\u00e1 str\u00e1nka","item":"https:\/\/www.smedemokrati.sk\/"},{"@type":"ListItem","position":2,"name":"Taraba ide \u010disti\u0165 Babi\u0161ove Istrochem za na\u0161e peniaze. P\u00f4jde o mili\u00f3ny a zrejme aj preto potopil dokonca vlastn\u00fd z\u00e1kon"}]},{"@type":"WebSite","@id":"https:\/\/www.smedemokrati.sk\/#website","url":"https:\/\/www.smedemokrati.sk\/","name":"Smedemokrati.sk","description":"Demokracia a slu\u0161nos\u0165 zv\u00ed\u0165az\u00ed","publisher":{"@id":"https:\/\/www.smedemokrati.sk\/#organization"},"potentialAction":[{"@type":"SearchAction","target":{"@type":"EntryPoint","urlTemplate":"https:\/\/www.smedemokrati.sk\/?s={search_term_string}"},"query-input":{"@type":"PropertyValueSpecification","valueRequired":true,"valueName":"search_term_string"}}],"inLanguage":"sv-SE"},{"@type":"Organization","@id":"https:\/\/www.smedemokrati.sk\/#organization","name":"Smedemokrati.sk","url":"https:\/\/www.smedemokrati.sk\/","logo":{"@type":"ImageObject","inLanguage":"sv-SE","@id":"https:\/\/www.smedemokrati.sk\/#\/schema\/logo\/image\/","url":"https:\/\/www.smedemokrati.sk\/wp-content\/uploads\/2023\/04\/ff.002.jpeg","contentUrl":"https:\/\/www.smedemokrati.sk\/wp-content\/uploads\/2023\/04\/ff.002.jpeg","width":640,"height":480,"caption":"Smedemokrati.sk"},"image":{"@id":"https:\/\/www.smedemokrati.sk\/#\/schema\/logo\/image\/"},"sameAs":["https:\/\/www.facebook.com\/smedemokrati2023"]},{"@type":"Person","@id":"https:\/\/www.smedemokrati.sk\/#\/schema\/person\/21f147c88d605aa7ded900e1e7c344ba","name":"miro.sopko","image":{"@type":"ImageObject","inLanguage":"sv-SE","@id":"https:\/\/secure.gravatar.com\/avatar\/267e4a36f704376c109afe3a78740c1f5dd8675a2180a908699e7863c9247606?s=96&d=mm&r=g","url":"https:\/\/secure.gravatar.com\/avatar\/267e4a36f704376c109afe3a78740c1f5dd8675a2180a908699e7863c9247606?s=96&d=mm&r=g","contentUrl":"https:\/\/secure.gravatar.com\/avatar\/267e4a36f704376c109afe3a78740c1f5dd8675a2180a908699e7863c9247606?s=96&d=mm&r=g","caption":"miro.sopko"},"url":"https:\/\/www.smedemokrati.sk\/sv\/author\/miro-sopko\/"}]}},"_links":{"self":[{"href":"https:\/\/www.smedemokrati.sk\/sv\/wp-json\/wp\/v2\/posts\/8471","targetHints":{"allow":["GET"]}}],"collection":[{"href":"https:\/\/www.smedemokrati.sk\/sv\/wp-json\/wp\/v2\/posts"}],"about":[{"href":"https:\/\/www.smedemokrati.sk\/sv\/wp-json\/wp\/v2\/types\/post"}],"author":[{"embeddable":true,"href":"https:\/\/www.smedemokrati.sk\/sv\/wp-json\/wp\/v2\/users\/13"}],"replies":[{"embeddable":true,"href":"https:\/\/www.smedemokrati.sk\/sv\/wp-json\/wp\/v2\/comments?post=8471"}],"version-history":[{"count":1,"href":"https:\/\/www.smedemokrati.sk\/sv\/wp-json\/wp\/v2\/posts\/8471\/revisions"}],"predecessor-version":[{"id":8473,"href":"https:\/\/www.smedemokrati.sk\/sv\/wp-json\/wp\/v2\/posts\/8471\/revisions\/8473"}],"wp:featuredmedia":[{"embeddable":true,"href":"https:\/\/www.smedemokrati.sk\/sv\/wp-json\/wp\/v2\/media\/8472"}],"wp:attachment":[{"href":"https:\/\/www.smedemokrati.sk\/sv\/wp-json\/wp\/v2\/media?parent=8471"}],"wp:term":[{"taxonomy":"category","embeddable":true,"href":"https:\/\/www.smedemokrati.sk\/sv\/wp-json\/wp\/v2\/categories?post=8471"},{"taxonomy":"post_tag","embeddable":true,"href":"https:\/\/www.smedemokrati.sk\/sv\/wp-json\/wp\/v2\/tags?post=8471"}],"curies":[{"name":"wp","href":"https:\/\/api.w.org\/{rel}","templated":true}]}}