{"id":8458,"date":"2025-11-12T13:10:53","date_gmt":"2025-11-12T12:10:53","guid":{"rendered":"https:\/\/www.smedemokrati.sk\/?p=8458"},"modified":"2025-11-12T13:10:53","modified_gmt":"2025-11-12T12:10:53","slug":"peticia-stacilo-fica-demokrati-vyzbierali-300-tisic-podpisov-17-novembra-chystaju-celoslovensku-podpisovu-akciu","status":"publish","type":"post","link":"https:\/\/www.smedemokrati.sk\/sv\/peticia-stacilo-fica-demokrati-vyzbierali-300-tisic-podpisov-17-novembra-chystaju-celoslovensku-podpisovu-akciu\/","title":{"rendered":"Pet\u00edcia Sta\u010dilo Fica: Demokrati vyzbierali 300 tis\u00edc podpisov, 17. novembra chystaj\u00fa celoslovensk\u00fa podpisov\u00fa akciu"},"content":{"rendered":"<div id=\"fb-root\"><\/div>\n\n<p><strong>U\u017e vy\u0161e 300 tis\u00edc Slov\u00e1kov sa podp\u00edsalo pod pet\u00edciu za referendum o pred\u010dasn\u00fdch vo\u013eb\u00e1ch, ktor\u00fa v okt\u00f3bri minul\u00e9ho roka spustila strana Demokrati. 17. novembra chystaj\u00fa celoslovensk\u00fa podpisov\u00fa akciu \u201eOdp\u00ed\u0161 Fica svoj\u00edm podpisom&#8221; a poz\u00fdvaj\u00fa verejnos\u0165, aby sa do zberu zapojila \u010di u\u017e odovzdan\u00edm svojho podpisu alebo prihl\u00e1sen\u00edm sa za dobrovo\u013en\u00edka, ktor\u00fd chce podpisy zbiera\u0165.<\/strong><\/p>\n\n\n\n<p><em>\u201eSpolo\u010dne to\u00a0vyzbierame, a to tak aby v prvej polovici bud\u00faceho roka bolo referendum, ktor\u00e9 umo\u017en\u00ed na\u0161ej krajine sa znovu nad\u00fdchnu\u0165. Ch\u00fdba posledn\u00fd krok a poz\u00fdvam v\u0161etk\u00fdch, aby sa zapojili. Z\u00e1rove\u0148 chcem \u00faprimne po\u010fakova\u0165 t\u00fdm, ktor\u00ed sa doteraz zapojili \u010di u\u017e odovzdan\u00edm svojho podpisu a tie\u017e t\u00fdm, ktor\u00ed v hor\u00fa\u010dav\u00e1ch, v da\u017edi a v zime stoja na uliciach s peti\u010dn\u00fdmi h\u00e1rkami,&#8221;<\/em>\u00a0povedal Jaroslav Na\u010f, predseda Demokratov a spresnil, \u017ee na odovzdanie h\u00e1rkov prezidentovi je potrebn\u00fdch 350 tis\u00edc podpisov plus nieko\u013eko tis\u00edcov\u00e1\u00a0rezerva.<\/p>\n\n\n\n<p>Podpredseda strany vysvet\u013euje, ako sa verejnos\u0165 do podpisovej akcie &#8221;Odp\u00ed\u0161 Fica svoj\u00edm podpisom&#8221;, m\u00f4\u017ee zapoji\u0165:\u00a0<em>\u201eVerejnos\u0165 sa m\u00f4\u017ee zapoji\u0165 na dvoch \u00farovniach. Bu\u010f v r\u00e1mci spomienkov\u00fdch podujat\u00ed po celom Slovensku m\u00f4\u017eu z\u00e1ujemcovia odovzda\u0165 svoj podpis, alebo sa m\u00f4\u017eu zapoji\u0165 priamo ako zbera\u010di podpisov. Na webe\u00a0<a href=\"http:\/\/smedemokrati.sk\/\" target=\"_blank\" rel=\"noreferrer noopener\">smedemokrati.sk<\/a>\u00a0sa ka\u017ed\u00fd, komu nie je \u013eahostajn\u00fd osud Slovenska m\u00f4\u017ee prihl\u00e1si\u0165 ako dobrovo\u013en\u00edk, a vo svojom meste pom\u00f4c\u0165 &#8221;Odp\u00edsa\u0165 Fica svojim podpisom&#8221;.&#8221;\u00a0<\/em>Povedal Juraj \u0160eliga podpredseda strany.\u00a0<\/p>\n\n\n\n<p>Strana Demokrati do podpisovej akcie opakovane priz\u00fdva aj v\u0161etky opozi\u010dn\u00e9 strany. \u201e<em>Slovensko sa preb\u00fadza a \u013eudia veria, \u017ee m\u00f4\u017eeme \u017ei\u0165 v slobodnej a demokratickej krajine, poz\u00fdvam opozi\u010dn\u00fdch kolegov, aby sa k n\u00e1m pridali a odporu\u010dili svojim sympatizantom, aby odovzdali svoj podpis alebo sa zapojili ako dobrovo\u013en\u00edci.<\/em>&#8221; Povedal predseda strany Jaroslav Na\u010f.<\/p>\n\n\n\n<p><em>\u201eVn\u00edmame, \u017ee vl\u00e1dna koal\u00edcia sa sna\u017e\u00ed zmari\u0165 na\u0161u pet\u00edciu &#8211; do parlamentu predlo\u017eili mimo MPK n\u00e1vrh z\u00e1kona, ktor\u00fd men\u00ed podmienky pre pet\u00edciu za vyp\u00edsanie referenda. O to viac apelujeme\u00a0na v\u0161etk\u00fdch, ktor\u00fdm z\u00e1le\u017e\u00ed na bud\u00facnosti Slovenska, aby sa zapojili a podp\u00edsali pet\u00edciu za vyp\u00edsanie referenda o pred\u010dasn\u00fdch vo\u013eb\u00e1ch!&#8221;<\/em>\u00a0Hovor\u00ed\u00a0podpredseda strany Juraj \u0160eliga.<\/p>\n\n\n\n<figure class=\"wp-block-embed is-type-video is-provider-youtube wp-block-embed-youtube wp-embed-aspect-16-9 wp-has-aspect-ratio\"><div class=\"wp-block-embed__wrapper\">\n<iframe title=\"Live: Referendum za pred\u010dasn\u00e9 volby: Ch\u00fdba posledn\u00fd krok - v\u00fdzva na 17. november!\" width=\"500\" height=\"281\" src=\"https:\/\/www.youtube.com\/embed\/r-2xHJo3jg0?feature=oembed\" frameborder=\"0\" allow=\"accelerometer; autoplay; clipboard-write; encrypted-media; gyroscope; picture-in-picture; web-share\" referrerpolicy=\"strict-origin-when-cross-origin\" allowfullscreen><\/iframe>\n<\/div><\/figure>\n","protected":false},"excerpt":{"rendered":"<p>U\u017e vy\u0161e 300 tis\u00edc Slov\u00e1kov sa podp\u00edsalo pod pet\u00edciu za referendum o pred\u010dasn\u00fdch vo\u013eb\u00e1ch, ktor\u00fa v okt\u00f3bri minul\u00e9ho roka spustila strana Demokrati. 17. novembra chystaj\u00fa celoslovensk\u00fa podpisov\u00fa akciu \u201eOdp\u00ed\u0161 Fica svoj\u00edm podpisom&#8221; a poz\u00fdvaj\u00fa verejnos\u0165, aby sa do zberu zapojila \u010di u\u017e odovzdan\u00edm svojho podpisu alebo prihl\u00e1sen\u00edm sa za dobrovo\u013en\u00edka, ktor\u00fd chce podpisy zbiera\u0165. \u201eSpolo\u010dne [&hellip;]<\/p>\n","protected":false},"author":13,"featured_media":8375,"comment_status":"closed","ping_status":"closed","sticky":false,"template":"","format":"standard","meta":{"_acf_changed":false,"ngg_post_thumbnail":0,"footnotes":""},"categories":[4],"tags":[],"class_list":["post-8458","post","type-post","status-publish","format-standard","has-post-thumbnail","hentry","category-tlacove-spravy"],"acf":[],"yoast_head":"<!-- This site is optimized with the Yoast SEO plugin v27.2 - https:\/\/yoast.com\/product\/yoast-seo-wordpress\/ -->\n<title>Pet\u00edcia Sta\u010dilo Fica: Demokrati vyzbierali 300 tis\u00edc podpisov, 17. novembra chystaj\u00fa celoslovensk\u00fa podpisov\u00fa akciu<\/title>\n<meta name=\"robots\" content=\"index, follow, max-snippet:-1, max-image-preview:large, max-video-preview:-1\" \/>\n<link rel=\"canonical\" href=\"https:\/\/www.smedemokrati.sk\/sv\/peticia-stacilo-fica-demokrati-vyzbierali-300-tisic-podpisov-17-novembra-chystaju-celoslovensku-podpisovu-akciu\/\" \/>\n<meta property=\"og:locale\" content=\"sv_SE\" \/>\n<meta property=\"og:locale:alternate\" content=\"en_US\" \/>\n<meta property=\"og:locale:alternate\" content=\"cs_CZ\" \/>\n<meta property=\"og:locale:alternate\" content=\"hu_HU\" \/>\n<meta property=\"og:locale:alternate\" content=\"sk_SK\" \/>\n<meta property=\"og:type\" content=\"article\" \/>\n<meta property=\"og:title\" content=\"Pet\u00edcia Sta\u010dilo Fica: Demokrati vyzbierali 300 tis\u00edc podpisov, 17. novembra chystaj\u00fa celoslovensk\u00fa podpisov\u00fa akciu\" \/>\n<meta property=\"og:description\" content=\"U\u017e vy\u0161e 300 tis\u00edc Slov\u00e1kov sa podp\u00edsalo pod pet\u00edciu za referendum o pred\u010dasn\u00fdch vo\u013eb\u00e1ch, ktor\u00fa v okt\u00f3bri minul\u00e9ho roka spustila strana Demokrati. 17. novembra chystaj\u00fa celoslovensk\u00fa podpisov\u00fa akciu \u201eOdp\u00ed\u0161 Fica svoj\u00edm podpisom&#8221; a poz\u00fdvaj\u00fa verejnos\u0165, aby sa do zberu zapojila \u010di u\u017e odovzdan\u00edm svojho podpisu alebo prihl\u00e1sen\u00edm sa za dobrovo\u013en\u00edka, ktor\u00fd chce podpisy zbiera\u0165. \u201eSpolo\u010dne [&hellip;]\" \/>\n<meta property=\"og:url\" content=\"https:\/\/www.smedemokrati.sk\/sv\/peticia-stacilo-fica-demokrati-vyzbierali-300-tisic-podpisov-17-novembra-chystaju-celoslovensku-podpisovu-akciu\/\" \/>\n<meta property=\"og:site_name\" content=\"Smedemokrati.sk\" \/>\n<meta property=\"article:publisher\" content=\"https:\/\/www.facebook.com\/smedemokrati2023\" \/>\n<meta property=\"article:published_time\" content=\"2025-11-12T12:10:53+00:00\" \/>\n<meta property=\"og:image\" content=\"https:\/\/www.smedemokrati.sk\/wp-content\/uploads\/2025\/10\/DOV_web_header.png\" \/>\n\t<meta property=\"og:image:width\" content=\"2560\" \/>\n\t<meta property=\"og:image:height\" content=\"1440\" \/>\n\t<meta property=\"og:image:type\" content=\"image\/png\" \/>\n<meta name=\"author\" content=\"miro.sopko\" \/>\n<meta name=\"twitter:card\" content=\"summary_large_image\" \/>\n<meta name=\"twitter:label1\" content=\"Skriven av\" \/>\n\t<meta name=\"twitter:data1\" content=\"miro.sopko\" \/>\n\t<meta name=\"twitter:label2\" content=\"Ber\u00e4knad l\u00e4stid\" \/>\n\t<meta name=\"twitter:data2\" content=\"2 minuter\" \/>\n<script type=\"application\/ld+json\" class=\"yoast-schema-graph\">{\"@context\":\"https:\/\/schema.org\",\"@graph\":[{\"@type\":\"Article\",\"@id\":\"https:\/\/www.smedemokrati.sk\/peticia-stacilo-fica-demokrati-vyzbierali-300-tisic-podpisov-17-novembra-chystaju-celoslovensku-podpisovu-akciu\/#article\",\"isPartOf\":{\"@id\":\"https:\/\/www.smedemokrati.sk\/peticia-stacilo-fica-demokrati-vyzbierali-300-tisic-podpisov-17-novembra-chystaju-celoslovensku-podpisovu-akciu\/\"},\"author\":{\"name\":\"miro.sopko\",\"@id\":\"https:\/\/www.smedemokrati.sk\/#\/schema\/person\/21f147c88d605aa7ded900e1e7c344ba\"},\"headline\":\"Pet\u00edcia Sta\u010dilo Fica: Demokrati vyzbierali 300 tis\u00edc podpisov, 17. novembra chystaj\u00fa celoslovensk\u00fa podpisov\u00fa akciu\",\"datePublished\":\"2025-11-12T12:10:53+00:00\",\"mainEntityOfPage\":{\"@id\":\"https:\/\/www.smedemokrati.sk\/peticia-stacilo-fica-demokrati-vyzbierali-300-tisic-podpisov-17-novembra-chystaju-celoslovensku-podpisovu-akciu\/\"},\"wordCount\":430,\"publisher\":{\"@id\":\"https:\/\/www.smedemokrati.sk\/#organization\"},\"image\":{\"@id\":\"https:\/\/www.smedemokrati.sk\/peticia-stacilo-fica-demokrati-vyzbierali-300-tisic-podpisov-17-novembra-chystaju-celoslovensku-podpisovu-akciu\/#primaryimage\"},\"thumbnailUrl\":\"https:\/\/www.smedemokrati.sk\/wp-content\/uploads\/2025\/10\/DOV_web_header.png\",\"articleSection\":[\"Tla\u010dov\u00e9 spr\u00e1vy\"],\"inLanguage\":\"sv-SE\"},{\"@type\":\"WebPage\",\"@id\":\"https:\/\/www.smedemokrati.sk\/peticia-stacilo-fica-demokrati-vyzbierali-300-tisic-podpisov-17-novembra-chystaju-celoslovensku-podpisovu-akciu\/\",\"url\":\"https:\/\/www.smedemokrati.sk\/peticia-stacilo-fica-demokrati-vyzbierali-300-tisic-podpisov-17-novembra-chystaju-celoslovensku-podpisovu-akciu\/\",\"name\":\"Pet\u00edcia Sta\u010dilo Fica: Demokrati vyzbierali 300 tis\u00edc podpisov, 17. novembra chystaj\u00fa celoslovensk\u00fa podpisov\u00fa akciu\",\"isPartOf\":{\"@id\":\"https:\/\/www.smedemokrati.sk\/#website\"},\"primaryImageOfPage\":{\"@id\":\"https:\/\/www.smedemokrati.sk\/peticia-stacilo-fica-demokrati-vyzbierali-300-tisic-podpisov-17-novembra-chystaju-celoslovensku-podpisovu-akciu\/#primaryimage\"},\"image\":{\"@id\":\"https:\/\/www.smedemokrati.sk\/peticia-stacilo-fica-demokrati-vyzbierali-300-tisic-podpisov-17-novembra-chystaju-celoslovensku-podpisovu-akciu\/#primaryimage\"},\"thumbnailUrl\":\"https:\/\/www.smedemokrati.sk\/wp-content\/uploads\/2025\/10\/DOV_web_header.png\",\"datePublished\":\"2025-11-12T12:10:53+00:00\",\"breadcrumb\":{\"@id\":\"https:\/\/www.smedemokrati.sk\/peticia-stacilo-fica-demokrati-vyzbierali-300-tisic-podpisov-17-novembra-chystaju-celoslovensku-podpisovu-akciu\/#breadcrumb\"},\"inLanguage\":\"sv-SE\",\"potentialAction\":[{\"@type\":\"ReadAction\",\"target\":[\"https:\/\/www.smedemokrati.sk\/peticia-stacilo-fica-demokrati-vyzbierali-300-tisic-podpisov-17-novembra-chystaju-celoslovensku-podpisovu-akciu\/\"]}]},{\"@type\":\"ImageObject\",\"inLanguage\":\"sv-SE\",\"@id\":\"https:\/\/www.smedemokrati.sk\/peticia-stacilo-fica-demokrati-vyzbierali-300-tisic-podpisov-17-novembra-chystaju-celoslovensku-podpisovu-akciu\/#primaryimage\",\"url\":\"https:\/\/www.smedemokrati.sk\/wp-content\/uploads\/2025\/10\/DOV_web_header.png\",\"contentUrl\":\"https:\/\/www.smedemokrati.sk\/wp-content\/uploads\/2025\/10\/DOV_web_header.png\",\"width\":2560,\"height\":1440},{\"@type\":\"BreadcrumbList\",\"@id\":\"https:\/\/www.smedemokrati.sk\/peticia-stacilo-fica-demokrati-vyzbierali-300-tisic-podpisov-17-novembra-chystaju-celoslovensku-podpisovu-akciu\/#breadcrumb\",\"itemListElement\":[{\"@type\":\"ListItem\",\"position\":1,\"name\":\"Domovsk\u00e1 str\u00e1nka\",\"item\":\"https:\/\/www.smedemokrati.sk\/\"},{\"@type\":\"ListItem\",\"position\":2,\"name\":\"Pet\u00edcia Sta\u010dilo Fica: Demokrati vyzbierali 300 tis\u00edc podpisov, 17. novembra chystaj\u00fa celoslovensk\u00fa podpisov\u00fa akciu\"}]},{\"@type\":\"WebSite\",\"@id\":\"https:\/\/www.smedemokrati.sk\/#website\",\"url\":\"https:\/\/www.smedemokrati.sk\/\",\"name\":\"Smedemokrati.sk\",\"description\":\"Demokracia a slu\u0161nos\u0165 zv\u00ed\u0165az\u00ed\",\"publisher\":{\"@id\":\"https:\/\/www.smedemokrati.sk\/#organization\"},\"potentialAction\":[{\"@type\":\"SearchAction\",\"target\":{\"@type\":\"EntryPoint\",\"urlTemplate\":\"https:\/\/www.smedemokrati.sk\/?s={search_term_string}\"},\"query-input\":{\"@type\":\"PropertyValueSpecification\",\"valueRequired\":true,\"valueName\":\"search_term_string\"}}],\"inLanguage\":\"sv-SE\"},{\"@type\":\"Organization\",\"@id\":\"https:\/\/www.smedemokrati.sk\/#organization\",\"name\":\"Smedemokrati.sk\",\"url\":\"https:\/\/www.smedemokrati.sk\/\",\"logo\":{\"@type\":\"ImageObject\",\"inLanguage\":\"sv-SE\",\"@id\":\"https:\/\/www.smedemokrati.sk\/#\/schema\/logo\/image\/\",\"url\":\"https:\/\/www.smedemokrati.sk\/wp-content\/uploads\/2023\/04\/ff.002.jpeg\",\"contentUrl\":\"https:\/\/www.smedemokrati.sk\/wp-content\/uploads\/2023\/04\/ff.002.jpeg\",\"width\":640,\"height\":480,\"caption\":\"Smedemokrati.sk\"},\"image\":{\"@id\":\"https:\/\/www.smedemokrati.sk\/#\/schema\/logo\/image\/\"},\"sameAs\":[\"https:\/\/www.facebook.com\/smedemokrati2023\"]},{\"@type\":\"Person\",\"@id\":\"https:\/\/www.smedemokrati.sk\/#\/schema\/person\/21f147c88d605aa7ded900e1e7c344ba\",\"name\":\"miro.sopko\",\"image\":{\"@type\":\"ImageObject\",\"inLanguage\":\"sv-SE\",\"@id\":\"https:\/\/secure.gravatar.com\/avatar\/267e4a36f704376c109afe3a78740c1f5dd8675a2180a908699e7863c9247606?s=96&d=mm&r=g\",\"url\":\"https:\/\/secure.gravatar.com\/avatar\/267e4a36f704376c109afe3a78740c1f5dd8675a2180a908699e7863c9247606?s=96&d=mm&r=g\",\"contentUrl\":\"https:\/\/secure.gravatar.com\/avatar\/267e4a36f704376c109afe3a78740c1f5dd8675a2180a908699e7863c9247606?s=96&d=mm&r=g\",\"caption\":\"miro.sopko\"},\"url\":\"https:\/\/www.smedemokrati.sk\/sv\/author\/miro-sopko\/\"}]}<\/script>\n<!-- \/ Yoast SEO plugin. -->","yoast_head_json":{"title":"Pet\u00edcia Sta\u010dilo Fica: Demokrati vyzbierali 300 tis\u00edc podpisov, 17. novembra chystaj\u00fa celoslovensk\u00fa podpisov\u00fa akciu","robots":{"index":"index","follow":"follow","max-snippet":"max-snippet:-1","max-image-preview":"max-image-preview:large","max-video-preview":"max-video-preview:-1"},"canonical":"https:\/\/www.smedemokrati.sk\/sv\/peticia-stacilo-fica-demokrati-vyzbierali-300-tisic-podpisov-17-novembra-chystaju-celoslovensku-podpisovu-akciu\/","og_locale":"sv_SE","og_type":"article","og_title":"[:sk]Pet\u00edcia Sta\u010dilo Fica: Demokrati vyzbierali 300 tis\u00edc podpisov, 17. novembra chystaj\u00fa celoslovensk\u00fa podpisov\u00fa akciu[:] - Smedemokrati.sk","og_description":"U\u017e vy\u0161e 300 tis\u00edc Slov\u00e1kov sa podp\u00edsalo pod pet\u00edciu za referendum o pred\u010dasn\u00fdch vo\u013eb\u00e1ch, ktor\u00fa v okt\u00f3bri minul\u00e9ho roka spustila strana Demokrati. 17. novembra chystaj\u00fa celoslovensk\u00fa podpisov\u00fa akciu \u201eOdp\u00ed\u0161 Fica svoj\u00edm podpisom&#8221; a poz\u00fdvaj\u00fa verejnos\u0165, aby sa do zberu zapojila \u010di u\u017e odovzdan\u00edm svojho podpisu alebo prihl\u00e1sen\u00edm sa za dobrovo\u013en\u00edka, ktor\u00fd chce podpisy zbiera\u0165. \u201eSpolo\u010dne [&hellip;]","og_url":"https:\/\/www.smedemokrati.sk\/sv\/peticia-stacilo-fica-demokrati-vyzbierali-300-tisic-podpisov-17-novembra-chystaju-celoslovensku-podpisovu-akciu\/","og_site_name":"Smedemokrati.sk","article_publisher":"https:\/\/www.facebook.com\/smedemokrati2023","article_published_time":"2025-11-12T12:10:53+00:00","og_image":[{"width":2560,"height":1440,"url":"https:\/\/www.smedemokrati.sk\/wp-content\/uploads\/2025\/10\/DOV_web_header.png","type":"image\/png"}],"author":"miro.sopko","twitter_card":"summary_large_image","twitter_misc":{"Skriven av":"miro.sopko","Ber\u00e4knad l\u00e4stid":"2 minuter"},"schema":{"@context":"https:\/\/schema.org","@graph":[{"@type":"Article","@id":"https:\/\/www.smedemokrati.sk\/peticia-stacilo-fica-demokrati-vyzbierali-300-tisic-podpisov-17-novembra-chystaju-celoslovensku-podpisovu-akciu\/#article","isPartOf":{"@id":"https:\/\/www.smedemokrati.sk\/peticia-stacilo-fica-demokrati-vyzbierali-300-tisic-podpisov-17-novembra-chystaju-celoslovensku-podpisovu-akciu\/"},"author":{"name":"miro.sopko","@id":"https:\/\/www.smedemokrati.sk\/#\/schema\/person\/21f147c88d605aa7ded900e1e7c344ba"},"headline":"Pet\u00edcia Sta\u010dilo Fica: Demokrati vyzbierali 300 tis\u00edc podpisov, 17. novembra chystaj\u00fa celoslovensk\u00fa podpisov\u00fa akciu","datePublished":"2025-11-12T12:10:53+00:00","mainEntityOfPage":{"@id":"https:\/\/www.smedemokrati.sk\/peticia-stacilo-fica-demokrati-vyzbierali-300-tisic-podpisov-17-novembra-chystaju-celoslovensku-podpisovu-akciu\/"},"wordCount":430,"publisher":{"@id":"https:\/\/www.smedemokrati.sk\/#organization"},"image":{"@id":"https:\/\/www.smedemokrati.sk\/peticia-stacilo-fica-demokrati-vyzbierali-300-tisic-podpisov-17-novembra-chystaju-celoslovensku-podpisovu-akciu\/#primaryimage"},"thumbnailUrl":"https:\/\/www.smedemokrati.sk\/wp-content\/uploads\/2025\/10\/DOV_web_header.png","articleSection":["Tla\u010dov\u00e9 spr\u00e1vy"],"inLanguage":"sv-SE"},{"@type":"WebPage","@id":"https:\/\/www.smedemokrati.sk\/peticia-stacilo-fica-demokrati-vyzbierali-300-tisic-podpisov-17-novembra-chystaju-celoslovensku-podpisovu-akciu\/","url":"https:\/\/www.smedemokrati.sk\/peticia-stacilo-fica-demokrati-vyzbierali-300-tisic-podpisov-17-novembra-chystaju-celoslovensku-podpisovu-akciu\/","name":"Pet\u00edcia Sta\u010dilo Fica: Demokrati vyzbierali 300 tis\u00edc podpisov, 17. novembra chystaj\u00fa celoslovensk\u00fa podpisov\u00fa akciu","isPartOf":{"@id":"https:\/\/www.smedemokrati.sk\/#website"},"primaryImageOfPage":{"@id":"https:\/\/www.smedemokrati.sk\/peticia-stacilo-fica-demokrati-vyzbierali-300-tisic-podpisov-17-novembra-chystaju-celoslovensku-podpisovu-akciu\/#primaryimage"},"image":{"@id":"https:\/\/www.smedemokrati.sk\/peticia-stacilo-fica-demokrati-vyzbierali-300-tisic-podpisov-17-novembra-chystaju-celoslovensku-podpisovu-akciu\/#primaryimage"},"thumbnailUrl":"https:\/\/www.smedemokrati.sk\/wp-content\/uploads\/2025\/10\/DOV_web_header.png","datePublished":"2025-11-12T12:10:53+00:00","breadcrumb":{"@id":"https:\/\/www.smedemokrati.sk\/peticia-stacilo-fica-demokrati-vyzbierali-300-tisic-podpisov-17-novembra-chystaju-celoslovensku-podpisovu-akciu\/#breadcrumb"},"inLanguage":"sv-SE","potentialAction":[{"@type":"ReadAction","target":["https:\/\/www.smedemokrati.sk\/peticia-stacilo-fica-demokrati-vyzbierali-300-tisic-podpisov-17-novembra-chystaju-celoslovensku-podpisovu-akciu\/"]}]},{"@type":"ImageObject","inLanguage":"sv-SE","@id":"https:\/\/www.smedemokrati.sk\/peticia-stacilo-fica-demokrati-vyzbierali-300-tisic-podpisov-17-novembra-chystaju-celoslovensku-podpisovu-akciu\/#primaryimage","url":"https:\/\/www.smedemokrati.sk\/wp-content\/uploads\/2025\/10\/DOV_web_header.png","contentUrl":"https:\/\/www.smedemokrati.sk\/wp-content\/uploads\/2025\/10\/DOV_web_header.png","width":2560,"height":1440},{"@type":"BreadcrumbList","@id":"https:\/\/www.smedemokrati.sk\/peticia-stacilo-fica-demokrati-vyzbierali-300-tisic-podpisov-17-novembra-chystaju-celoslovensku-podpisovu-akciu\/#breadcrumb","itemListElement":[{"@type":"ListItem","position":1,"name":"Domovsk\u00e1 str\u00e1nka","item":"https:\/\/www.smedemokrati.sk\/"},{"@type":"ListItem","position":2,"name":"Pet\u00edcia Sta\u010dilo Fica: Demokrati vyzbierali 300 tis\u00edc podpisov, 17. novembra chystaj\u00fa celoslovensk\u00fa podpisov\u00fa akciu"}]},{"@type":"WebSite","@id":"https:\/\/www.smedemokrati.sk\/#website","url":"https:\/\/www.smedemokrati.sk\/","name":"Smedemokrati.sk","description":"Demokracia a slu\u0161nos\u0165 zv\u00ed\u0165az\u00ed","publisher":{"@id":"https:\/\/www.smedemokrati.sk\/#organization"},"potentialAction":[{"@type":"SearchAction","target":{"@type":"EntryPoint","urlTemplate":"https:\/\/www.smedemokrati.sk\/?s={search_term_string}"},"query-input":{"@type":"PropertyValueSpecification","valueRequired":true,"valueName":"search_term_string"}}],"inLanguage":"sv-SE"},{"@type":"Organization","@id":"https:\/\/www.smedemokrati.sk\/#organization","name":"Smedemokrati.sk","url":"https:\/\/www.smedemokrati.sk\/","logo":{"@type":"ImageObject","inLanguage":"sv-SE","@id":"https:\/\/www.smedemokrati.sk\/#\/schema\/logo\/image\/","url":"https:\/\/www.smedemokrati.sk\/wp-content\/uploads\/2023\/04\/ff.002.jpeg","contentUrl":"https:\/\/www.smedemokrati.sk\/wp-content\/uploads\/2023\/04\/ff.002.jpeg","width":640,"height":480,"caption":"Smedemokrati.sk"},"image":{"@id":"https:\/\/www.smedemokrati.sk\/#\/schema\/logo\/image\/"},"sameAs":["https:\/\/www.facebook.com\/smedemokrati2023"]},{"@type":"Person","@id":"https:\/\/www.smedemokrati.sk\/#\/schema\/person\/21f147c88d605aa7ded900e1e7c344ba","name":"miro.sopko","image":{"@type":"ImageObject","inLanguage":"sv-SE","@id":"https:\/\/secure.gravatar.com\/avatar\/267e4a36f704376c109afe3a78740c1f5dd8675a2180a908699e7863c9247606?s=96&d=mm&r=g","url":"https:\/\/secure.gravatar.com\/avatar\/267e4a36f704376c109afe3a78740c1f5dd8675a2180a908699e7863c9247606?s=96&d=mm&r=g","contentUrl":"https:\/\/secure.gravatar.com\/avatar\/267e4a36f704376c109afe3a78740c1f5dd8675a2180a908699e7863c9247606?s=96&d=mm&r=g","caption":"miro.sopko"},"url":"https:\/\/www.smedemokrati.sk\/sv\/author\/miro-sopko\/"}]}},"_links":{"self":[{"href":"https:\/\/www.smedemokrati.sk\/sv\/wp-json\/wp\/v2\/posts\/8458","targetHints":{"allow":["GET"]}}],"collection":[{"href":"https:\/\/www.smedemokrati.sk\/sv\/wp-json\/wp\/v2\/posts"}],"about":[{"href":"https:\/\/www.smedemokrati.sk\/sv\/wp-json\/wp\/v2\/types\/post"}],"author":[{"embeddable":true,"href":"https:\/\/www.smedemokrati.sk\/sv\/wp-json\/wp\/v2\/users\/13"}],"replies":[{"embeddable":true,"href":"https:\/\/www.smedemokrati.sk\/sv\/wp-json\/wp\/v2\/comments?post=8458"}],"version-history":[{"count":1,"href":"https:\/\/www.smedemokrati.sk\/sv\/wp-json\/wp\/v2\/posts\/8458\/revisions"}],"predecessor-version":[{"id":8460,"href":"https:\/\/www.smedemokrati.sk\/sv\/wp-json\/wp\/v2\/posts\/8458\/revisions\/8460"}],"wp:featuredmedia":[{"embeddable":true,"href":"https:\/\/www.smedemokrati.sk\/sv\/wp-json\/wp\/v2\/media\/8375"}],"wp:attachment":[{"href":"https:\/\/www.smedemokrati.sk\/sv\/wp-json\/wp\/v2\/media?parent=8458"}],"wp:term":[{"taxonomy":"category","embeddable":true,"href":"https:\/\/www.smedemokrati.sk\/sv\/wp-json\/wp\/v2\/categories?post=8458"},{"taxonomy":"post_tag","embeddable":true,"href":"https:\/\/www.smedemokrati.sk\/sv\/wp-json\/wp\/v2\/tags?post=8458"}],"curies":[{"name":"wp","href":"https:\/\/api.w.org\/{rel}","templated":true}]}}