{"id":8445,"date":"2025-11-11T09:18:53","date_gmt":"2025-11-11T08:18:53","guid":{"rendered":"https:\/\/www.smedemokrati.sk\/?p=8445"},"modified":"2025-11-11T09:39:43","modified_gmt":"2025-11-11T08:39:43","slug":"sutaj-estok-klamal-prehral-sud-a-musi-odstupit-a-zaplatit","status":"publish","type":"post","link":"https:\/\/www.smedemokrati.sk\/sv\/sutaj-estok-klamal-prehral-sud-a-musi-odstupit-a-zaplatit\/","title":{"rendered":"\u0160utaj E\u0161tok klamal, prehral s\u00fad a mus\u00ed odst\u00fapi\u0165 a zaplati\u0165"},"content":{"rendered":"<div id=\"fb-root\"><\/div>\n\n<p><strong>Minister vn\u00fatra Mat\u00fa\u0161 \u0160utaj E\u0161tok prehral s\u00fadny spor s policajtmi J. \u010curillom, P. \u010eurkom, \u0160. Ma\u0161inom, B. Dun\u010dkom, R. Magulom a M. Sabotom.<\/strong><\/p>\n\n\n\n<p>S\u00fad pr\u00e1voplatne rozhodol, \u017ee sa im mus\u00ed verejne ospravedlni\u0165 a zaplati\u0165 nemajetkov\u00fa ujmu vo v\u00fd\u0161ke 15 000 eur ka\u017ed\u00e9mu, spolu pribli\u017ene 120 000 eur. Pod\u013ea medializovan\u00fdch inform\u00e1ci\u00ed u\u017e exek\u00fator zablokoval ministrovi \u00fa\u010det.<\/p>\n\n\n\n<p><em>\u201eZ\u00e1kon mus\u00ed plati\u0165 pre v\u0161etk\u00fdch a dnes padol aj na ministra \u0160utaja E\u0161toka. S\u00fad jasne povedal, \u017ee klamal a po\u0161kodil \u010des\u0165 a poves\u0165 vy\u0161etrovate\u013eov, ktor\u00fdch bez d\u00f4kazov ozna\u010dil za zlo\u010dincov a prirovnal k \u010cern\u00e1kovi,\u201c&nbsp;<\/em>vyhl\u00e1sil Juraj \u0160eliga, podpredseda strany Demokrati.<\/p>\n\n\n\n<p>\u0160eliga upozor\u0148uje, \u017ee spr\u00e1vanie ministra dlhodobo podr\u00fdva d\u00f4veru v pr\u00e1vny \u0161t\u00e1t, pol\u00edciu a cel\u00e9 ministerstvo vn\u00fatra.<\/p>\n\n\n\n<p><em>\u201e\u0160utaj E\u0161tok je hanbou ministerstva vn\u00fatra, hanbou vl\u00e1dy a hanbou pr\u00e1vneho \u0161t\u00e1tu. Nez\u00e1konne zru\u0161il NAKA, klamal o vy\u0161etrovate\u013eoch, ignoroval s\u00fadne v\u00fdzvy, jeho tendre s\u00fa netransparentn\u00e9 a nedok\u00e1\u017ee vysvetli\u0165 p\u00f4vod svojho majetku. Navy\u0161e zneu\u017e\u00edva pol\u00edciu na politick\u00fd boj a pomstu,\u201c<\/em>&nbsp;uviedol.<\/p>\n\n\n\n<p>Podpredseda Demokratov dod\u00e1va, \u017ee rozhodnutie s\u00fadu je len za\u010diatkom zodpovednosti, ktor\u00fa by mal minister nies\u0165.<\/p>\n\n\n\n<p><em>\u201eT\u00fdch 120 000 eur je len prv\u00fd \u00fa\u010det, ktor\u00fd bude musie\u0165 zaplati\u0165. Ka\u017ed\u00fd de\u0148, ktor\u00fd zostane vo funkcii, zvy\u0161uje \u0161kody, ktor\u00e9 sp\u00f4sobuje pol\u00edcii a \u0161t\u00e1tu,\u201c<\/em>&nbsp;povedal \u0160eliga.<\/p>\n\n\n\n<p>\u0160eliga preto vyzval ministra, aby z funkcie okam\u017eite odst\u00fapil: \u201e<em>P\u00e1n \u0160utaj E\u0161tok, zba\u013ete sa a odst\u00fapte. Nem\u00e1te na to by\u0165 ministrom, neviete by\u0165 ministrom a Slovensko si tak\u00e9ho \u010dloveka na \u010dele rezortu vn\u00fatra nezasl\u00fa\u017ei. Spravodlivos\u0165 melie pomaly, ale ne\u00faprosne a dnes v\u00e1s dobehla.\u201c<\/em><\/p>\n\n\n\n<p>Na z\u00e1ver \u0160eliga dodal, \u017ee rozhodnutie s\u00fadu by malo by\u0165 mementom pre v\u0161etk\u00fdch politikov:&nbsp;<em>\u201eNech je tento verdikt d\u00f4kazom, \u017ee sa oplat\u00ed br\u00e1ni\u0165 pred klamstvami a \u00fatokmi mocn\u00fdch. Slovensko potrebuje politikov, ktor\u00ed chr\u00e1nia z\u00e1kon, nie ho poru\u0161uj\u00fa,\u201c&nbsp;<\/em>uzavrel podpredseda Demokratov.<\/p>\n","protected":false},"excerpt":{"rendered":"<p>Minister vn\u00fatra Mat\u00fa\u0161 \u0160utaj E\u0161tok prehral s\u00fadny spor s policajtmi J. \u010curillom, P. \u010eurkom, \u0160. Ma\u0161inom, B. Dun\u010dkom, R. Magulom a M. Sabotom. S\u00fad pr\u00e1voplatne rozhodol, \u017ee sa im mus\u00ed verejne ospravedlni\u0165 a zaplati\u0165 nemajetkov\u00fa ujmu vo v\u00fd\u0161ke 15 000 eur ka\u017ed\u00e9mu, spolu pribli\u017ene 120 000 eur. Pod\u013ea medializovan\u00fdch inform\u00e1ci\u00ed u\u017e exek\u00fator zablokoval ministrovi \u00fa\u010det. [&hellip;]<\/p>\n","protected":false},"author":13,"featured_media":8447,"comment_status":"closed","ping_status":"closed","sticky":false,"template":"","format":"standard","meta":{"_acf_changed":false,"ngg_post_thumbnail":0,"footnotes":""},"categories":[4],"tags":[],"class_list":["post-8445","post","type-post","status-publish","format-standard","has-post-thumbnail","hentry","category-tlacove-spravy"],"acf":[],"yoast_head":"<!-- This site is optimized with the Yoast SEO plugin v27.2 - https:\/\/yoast.com\/product\/yoast-seo-wordpress\/ -->\n<title>\u0160utaj E\u0161tok klamal, prehral s\u00fad a mus\u00ed odst\u00fapi\u0165 a zaplati\u0165<\/title>\n<meta name=\"robots\" content=\"index, follow, max-snippet:-1, max-image-preview:large, max-video-preview:-1\" \/>\n<link rel=\"canonical\" href=\"https:\/\/www.smedemokrati.sk\/sv\/sutaj-estok-klamal-prehral-sud-a-musi-odstupit-a-zaplatit\/\" \/>\n<meta property=\"og:locale\" content=\"sv_SE\" \/>\n<meta property=\"og:locale:alternate\" content=\"en_US\" \/>\n<meta property=\"og:locale:alternate\" content=\"cs_CZ\" \/>\n<meta property=\"og:locale:alternate\" content=\"hu_HU\" \/>\n<meta property=\"og:locale:alternate\" content=\"sk_SK\" \/>\n<meta property=\"og:type\" content=\"article\" \/>\n<meta property=\"og:title\" content=\"\u0160utaj E\u0161tok klamal, prehral s\u00fad a mus\u00ed odst\u00fapi\u0165 a zaplati\u0165\" \/>\n<meta property=\"og:description\" content=\"Minister vn\u00fatra Mat\u00fa\u0161 \u0160utaj E\u0161tok prehral s\u00fadny spor s policajtmi J. \u010curillom, P. \u010eurkom, \u0160. Ma\u0161inom, B. Dun\u010dkom, R. Magulom a M. Sabotom. S\u00fad pr\u00e1voplatne rozhodol, \u017ee sa im mus\u00ed verejne ospravedlni\u0165 a zaplati\u0165 nemajetkov\u00fa ujmu vo v\u00fd\u0161ke 15 000 eur ka\u017ed\u00e9mu, spolu pribli\u017ene 120 000 eur. Pod\u013ea medializovan\u00fdch inform\u00e1ci\u00ed u\u017e exek\u00fator zablokoval ministrovi \u00fa\u010det. [&hellip;]\" \/>\n<meta property=\"og:url\" content=\"https:\/\/www.smedemokrati.sk\/sv\/sutaj-estok-klamal-prehral-sud-a-musi-odstupit-a-zaplatit\/\" \/>\n<meta property=\"og:site_name\" content=\"Smedemokrati.sk\" \/>\n<meta property=\"article:publisher\" content=\"https:\/\/www.facebook.com\/smedemokrati2023\" \/>\n<meta property=\"article:published_time\" content=\"2025-11-11T08:18:53+00:00\" \/>\n<meta property=\"article:modified_time\" content=\"2025-11-11T08:39:43+00:00\" \/>\n<meta property=\"og:image\" content=\"https:\/\/www.smedemokrati.sk\/wp-content\/uploads\/2025\/11\/8620989_1200x-removebg-preview-1.png\" \/>\n\t<meta property=\"og:image:width\" content=\"612\" \/>\n\t<meta property=\"og:image:height\" content=\"408\" \/>\n\t<meta property=\"og:image:type\" content=\"image\/png\" \/>\n<meta name=\"author\" content=\"miro.sopko\" \/>\n<meta name=\"twitter:card\" content=\"summary_large_image\" \/>\n<meta name=\"twitter:label1\" content=\"Skriven av\" \/>\n\t<meta name=\"twitter:data1\" content=\"miro.sopko\" \/>\n\t<meta name=\"twitter:label2\" content=\"Ber\u00e4knad l\u00e4stid\" \/>\n\t<meta name=\"twitter:data2\" content=\"2 minuter\" \/>\n<script type=\"application\/ld+json\" class=\"yoast-schema-graph\">{\"@context\":\"https:\/\/schema.org\",\"@graph\":[{\"@type\":\"Article\",\"@id\":\"https:\/\/www.smedemokrati.sk\/sutaj-estok-klamal-prehral-sud-a-musi-odstupit-a-zaplatit\/#article\",\"isPartOf\":{\"@id\":\"https:\/\/www.smedemokrati.sk\/sutaj-estok-klamal-prehral-sud-a-musi-odstupit-a-zaplatit\/\"},\"author\":{\"name\":\"miro.sopko\",\"@id\":\"https:\/\/www.smedemokrati.sk\/#\/schema\/person\/21f147c88d605aa7ded900e1e7c344ba\"},\"headline\":\"\u0160utaj E\u0161tok klamal, prehral s\u00fad a mus\u00ed odst\u00fapi\u0165 a zaplati\u0165\",\"datePublished\":\"2025-11-11T08:18:53+00:00\",\"dateModified\":\"2025-11-11T08:39:43+00:00\",\"mainEntityOfPage\":{\"@id\":\"https:\/\/www.smedemokrati.sk\/sutaj-estok-klamal-prehral-sud-a-musi-odstupit-a-zaplatit\/\"},\"wordCount\":373,\"publisher\":{\"@id\":\"https:\/\/www.smedemokrati.sk\/#organization\"},\"image\":{\"@id\":\"https:\/\/www.smedemokrati.sk\/sutaj-estok-klamal-prehral-sud-a-musi-odstupit-a-zaplatit\/#primaryimage\"},\"thumbnailUrl\":\"https:\/\/www.smedemokrati.sk\/wp-content\/uploads\/2025\/11\/8620989_1200x-removebg-preview-1.png\",\"articleSection\":[\"Tla\u010dov\u00e9 spr\u00e1vy\"],\"inLanguage\":\"sv-SE\"},{\"@type\":\"WebPage\",\"@id\":\"https:\/\/www.smedemokrati.sk\/sutaj-estok-klamal-prehral-sud-a-musi-odstupit-a-zaplatit\/\",\"url\":\"https:\/\/www.smedemokrati.sk\/sutaj-estok-klamal-prehral-sud-a-musi-odstupit-a-zaplatit\/\",\"name\":\"\u0160utaj E\u0161tok klamal, prehral s\u00fad a mus\u00ed odst\u00fapi\u0165 a zaplati\u0165\",\"isPartOf\":{\"@id\":\"https:\/\/www.smedemokrati.sk\/#website\"},\"primaryImageOfPage\":{\"@id\":\"https:\/\/www.smedemokrati.sk\/sutaj-estok-klamal-prehral-sud-a-musi-odstupit-a-zaplatit\/#primaryimage\"},\"image\":{\"@id\":\"https:\/\/www.smedemokrati.sk\/sutaj-estok-klamal-prehral-sud-a-musi-odstupit-a-zaplatit\/#primaryimage\"},\"thumbnailUrl\":\"https:\/\/www.smedemokrati.sk\/wp-content\/uploads\/2025\/11\/8620989_1200x-removebg-preview-1.png\",\"datePublished\":\"2025-11-11T08:18:53+00:00\",\"dateModified\":\"2025-11-11T08:39:43+00:00\",\"breadcrumb\":{\"@id\":\"https:\/\/www.smedemokrati.sk\/sutaj-estok-klamal-prehral-sud-a-musi-odstupit-a-zaplatit\/#breadcrumb\"},\"inLanguage\":\"sv-SE\",\"potentialAction\":[{\"@type\":\"ReadAction\",\"target\":[\"https:\/\/www.smedemokrati.sk\/sutaj-estok-klamal-prehral-sud-a-musi-odstupit-a-zaplatit\/\"]}]},{\"@type\":\"ImageObject\",\"inLanguage\":\"sv-SE\",\"@id\":\"https:\/\/www.smedemokrati.sk\/sutaj-estok-klamal-prehral-sud-a-musi-odstupit-a-zaplatit\/#primaryimage\",\"url\":\"https:\/\/www.smedemokrati.sk\/wp-content\/uploads\/2025\/11\/8620989_1200x-removebg-preview-1.png\",\"contentUrl\":\"https:\/\/www.smedemokrati.sk\/wp-content\/uploads\/2025\/11\/8620989_1200x-removebg-preview-1.png\",\"width\":612,\"height\":408},{\"@type\":\"BreadcrumbList\",\"@id\":\"https:\/\/www.smedemokrati.sk\/sutaj-estok-klamal-prehral-sud-a-musi-odstupit-a-zaplatit\/#breadcrumb\",\"itemListElement\":[{\"@type\":\"ListItem\",\"position\":1,\"name\":\"Domovsk\u00e1 str\u00e1nka\",\"item\":\"https:\/\/www.smedemokrati.sk\/\"},{\"@type\":\"ListItem\",\"position\":2,\"name\":\"\u0160utaj E\u0161tok klamal, prehral s\u00fad a mus\u00ed odst\u00fapi\u0165 a zaplati\u0165\"}]},{\"@type\":\"WebSite\",\"@id\":\"https:\/\/www.smedemokrati.sk\/#website\",\"url\":\"https:\/\/www.smedemokrati.sk\/\",\"name\":\"Smedemokrati.sk\",\"description\":\"Demokracia a slu\u0161nos\u0165 zv\u00ed\u0165az\u00ed\",\"publisher\":{\"@id\":\"https:\/\/www.smedemokrati.sk\/#organization\"},\"potentialAction\":[{\"@type\":\"SearchAction\",\"target\":{\"@type\":\"EntryPoint\",\"urlTemplate\":\"https:\/\/www.smedemokrati.sk\/?s={search_term_string}\"},\"query-input\":{\"@type\":\"PropertyValueSpecification\",\"valueRequired\":true,\"valueName\":\"search_term_string\"}}],\"inLanguage\":\"sv-SE\"},{\"@type\":\"Organization\",\"@id\":\"https:\/\/www.smedemokrati.sk\/#organization\",\"name\":\"Smedemokrati.sk\",\"url\":\"https:\/\/www.smedemokrati.sk\/\",\"logo\":{\"@type\":\"ImageObject\",\"inLanguage\":\"sv-SE\",\"@id\":\"https:\/\/www.smedemokrati.sk\/#\/schema\/logo\/image\/\",\"url\":\"https:\/\/www.smedemokrati.sk\/wp-content\/uploads\/2023\/04\/ff.002.jpeg\",\"contentUrl\":\"https:\/\/www.smedemokrati.sk\/wp-content\/uploads\/2023\/04\/ff.002.jpeg\",\"width\":640,\"height\":480,\"caption\":\"Smedemokrati.sk\"},\"image\":{\"@id\":\"https:\/\/www.smedemokrati.sk\/#\/schema\/logo\/image\/\"},\"sameAs\":[\"https:\/\/www.facebook.com\/smedemokrati2023\"]},{\"@type\":\"Person\",\"@id\":\"https:\/\/www.smedemokrati.sk\/#\/schema\/person\/21f147c88d605aa7ded900e1e7c344ba\",\"name\":\"miro.sopko\",\"image\":{\"@type\":\"ImageObject\",\"inLanguage\":\"sv-SE\",\"@id\":\"https:\/\/secure.gravatar.com\/avatar\/267e4a36f704376c109afe3a78740c1f5dd8675a2180a908699e7863c9247606?s=96&d=mm&r=g\",\"url\":\"https:\/\/secure.gravatar.com\/avatar\/267e4a36f704376c109afe3a78740c1f5dd8675a2180a908699e7863c9247606?s=96&d=mm&r=g\",\"contentUrl\":\"https:\/\/secure.gravatar.com\/avatar\/267e4a36f704376c109afe3a78740c1f5dd8675a2180a908699e7863c9247606?s=96&d=mm&r=g\",\"caption\":\"miro.sopko\"},\"url\":\"https:\/\/www.smedemokrati.sk\/sv\/author\/miro-sopko\/\"}]}<\/script>\n<!-- \/ Yoast SEO plugin. -->","yoast_head_json":{"title":"\u0160utaj E\u0161tok klamal, prehral s\u00fad a mus\u00ed odst\u00fapi\u0165 a zaplati\u0165","robots":{"index":"index","follow":"follow","max-snippet":"max-snippet:-1","max-image-preview":"max-image-preview:large","max-video-preview":"max-video-preview:-1"},"canonical":"https:\/\/www.smedemokrati.sk\/sv\/sutaj-estok-klamal-prehral-sud-a-musi-odstupit-a-zaplatit\/","og_locale":"sv_SE","og_type":"article","og_title":"[:sk]\u0160utaj E\u0161tok klamal, prehral s\u00fad a mus\u00ed odst\u00fapi\u0165 a zaplati\u0165[:] - Smedemokrati.sk","og_description":"Minister vn\u00fatra Mat\u00fa\u0161 \u0160utaj E\u0161tok prehral s\u00fadny spor s policajtmi J. \u010curillom, P. \u010eurkom, \u0160. Ma\u0161inom, B. Dun\u010dkom, R. Magulom a M. Sabotom. S\u00fad pr\u00e1voplatne rozhodol, \u017ee sa im mus\u00ed verejne ospravedlni\u0165 a zaplati\u0165 nemajetkov\u00fa ujmu vo v\u00fd\u0161ke 15 000 eur ka\u017ed\u00e9mu, spolu pribli\u017ene 120 000 eur. Pod\u013ea medializovan\u00fdch inform\u00e1ci\u00ed u\u017e exek\u00fator zablokoval ministrovi \u00fa\u010det. [&hellip;]","og_url":"https:\/\/www.smedemokrati.sk\/sv\/sutaj-estok-klamal-prehral-sud-a-musi-odstupit-a-zaplatit\/","og_site_name":"Smedemokrati.sk","article_publisher":"https:\/\/www.facebook.com\/smedemokrati2023","article_published_time":"2025-11-11T08:18:53+00:00","article_modified_time":"2025-11-11T08:39:43+00:00","og_image":[{"width":612,"height":408,"url":"https:\/\/www.smedemokrati.sk\/wp-content\/uploads\/2025\/11\/8620989_1200x-removebg-preview-1.png","type":"image\/png"}],"author":"miro.sopko","twitter_card":"summary_large_image","twitter_misc":{"Skriven av":"miro.sopko","Ber\u00e4knad l\u00e4stid":"2 minuter"},"schema":{"@context":"https:\/\/schema.org","@graph":[{"@type":"Article","@id":"https:\/\/www.smedemokrati.sk\/sutaj-estok-klamal-prehral-sud-a-musi-odstupit-a-zaplatit\/#article","isPartOf":{"@id":"https:\/\/www.smedemokrati.sk\/sutaj-estok-klamal-prehral-sud-a-musi-odstupit-a-zaplatit\/"},"author":{"name":"miro.sopko","@id":"https:\/\/www.smedemokrati.sk\/#\/schema\/person\/21f147c88d605aa7ded900e1e7c344ba"},"headline":"\u0160utaj E\u0161tok klamal, prehral s\u00fad a mus\u00ed odst\u00fapi\u0165 a zaplati\u0165","datePublished":"2025-11-11T08:18:53+00:00","dateModified":"2025-11-11T08:39:43+00:00","mainEntityOfPage":{"@id":"https:\/\/www.smedemokrati.sk\/sutaj-estok-klamal-prehral-sud-a-musi-odstupit-a-zaplatit\/"},"wordCount":373,"publisher":{"@id":"https:\/\/www.smedemokrati.sk\/#organization"},"image":{"@id":"https:\/\/www.smedemokrati.sk\/sutaj-estok-klamal-prehral-sud-a-musi-odstupit-a-zaplatit\/#primaryimage"},"thumbnailUrl":"https:\/\/www.smedemokrati.sk\/wp-content\/uploads\/2025\/11\/8620989_1200x-removebg-preview-1.png","articleSection":["Tla\u010dov\u00e9 spr\u00e1vy"],"inLanguage":"sv-SE"},{"@type":"WebPage","@id":"https:\/\/www.smedemokrati.sk\/sutaj-estok-klamal-prehral-sud-a-musi-odstupit-a-zaplatit\/","url":"https:\/\/www.smedemokrati.sk\/sutaj-estok-klamal-prehral-sud-a-musi-odstupit-a-zaplatit\/","name":"\u0160utaj E\u0161tok klamal, prehral s\u00fad a mus\u00ed odst\u00fapi\u0165 a zaplati\u0165","isPartOf":{"@id":"https:\/\/www.smedemokrati.sk\/#website"},"primaryImageOfPage":{"@id":"https:\/\/www.smedemokrati.sk\/sutaj-estok-klamal-prehral-sud-a-musi-odstupit-a-zaplatit\/#primaryimage"},"image":{"@id":"https:\/\/www.smedemokrati.sk\/sutaj-estok-klamal-prehral-sud-a-musi-odstupit-a-zaplatit\/#primaryimage"},"thumbnailUrl":"https:\/\/www.smedemokrati.sk\/wp-content\/uploads\/2025\/11\/8620989_1200x-removebg-preview-1.png","datePublished":"2025-11-11T08:18:53+00:00","dateModified":"2025-11-11T08:39:43+00:00","breadcrumb":{"@id":"https:\/\/www.smedemokrati.sk\/sutaj-estok-klamal-prehral-sud-a-musi-odstupit-a-zaplatit\/#breadcrumb"},"inLanguage":"sv-SE","potentialAction":[{"@type":"ReadAction","target":["https:\/\/www.smedemokrati.sk\/sutaj-estok-klamal-prehral-sud-a-musi-odstupit-a-zaplatit\/"]}]},{"@type":"ImageObject","inLanguage":"sv-SE","@id":"https:\/\/www.smedemokrati.sk\/sutaj-estok-klamal-prehral-sud-a-musi-odstupit-a-zaplatit\/#primaryimage","url":"https:\/\/www.smedemokrati.sk\/wp-content\/uploads\/2025\/11\/8620989_1200x-removebg-preview-1.png","contentUrl":"https:\/\/www.smedemokrati.sk\/wp-content\/uploads\/2025\/11\/8620989_1200x-removebg-preview-1.png","width":612,"height":408},{"@type":"BreadcrumbList","@id":"https:\/\/www.smedemokrati.sk\/sutaj-estok-klamal-prehral-sud-a-musi-odstupit-a-zaplatit\/#breadcrumb","itemListElement":[{"@type":"ListItem","position":1,"name":"Domovsk\u00e1 str\u00e1nka","item":"https:\/\/www.smedemokrati.sk\/"},{"@type":"ListItem","position":2,"name":"\u0160utaj E\u0161tok klamal, prehral s\u00fad a mus\u00ed odst\u00fapi\u0165 a zaplati\u0165"}]},{"@type":"WebSite","@id":"https:\/\/www.smedemokrati.sk\/#website","url":"https:\/\/www.smedemokrati.sk\/","name":"Smedemokrati.sk","description":"Demokracia a slu\u0161nos\u0165 zv\u00ed\u0165az\u00ed","publisher":{"@id":"https:\/\/www.smedemokrati.sk\/#organization"},"potentialAction":[{"@type":"SearchAction","target":{"@type":"EntryPoint","urlTemplate":"https:\/\/www.smedemokrati.sk\/?s={search_term_string}"},"query-input":{"@type":"PropertyValueSpecification","valueRequired":true,"valueName":"search_term_string"}}],"inLanguage":"sv-SE"},{"@type":"Organization","@id":"https:\/\/www.smedemokrati.sk\/#organization","name":"Smedemokrati.sk","url":"https:\/\/www.smedemokrati.sk\/","logo":{"@type":"ImageObject","inLanguage":"sv-SE","@id":"https:\/\/www.smedemokrati.sk\/#\/schema\/logo\/image\/","url":"https:\/\/www.smedemokrati.sk\/wp-content\/uploads\/2023\/04\/ff.002.jpeg","contentUrl":"https:\/\/www.smedemokrati.sk\/wp-content\/uploads\/2023\/04\/ff.002.jpeg","width":640,"height":480,"caption":"Smedemokrati.sk"},"image":{"@id":"https:\/\/www.smedemokrati.sk\/#\/schema\/logo\/image\/"},"sameAs":["https:\/\/www.facebook.com\/smedemokrati2023"]},{"@type":"Person","@id":"https:\/\/www.smedemokrati.sk\/#\/schema\/person\/21f147c88d605aa7ded900e1e7c344ba","name":"miro.sopko","image":{"@type":"ImageObject","inLanguage":"sv-SE","@id":"https:\/\/secure.gravatar.com\/avatar\/267e4a36f704376c109afe3a78740c1f5dd8675a2180a908699e7863c9247606?s=96&d=mm&r=g","url":"https:\/\/secure.gravatar.com\/avatar\/267e4a36f704376c109afe3a78740c1f5dd8675a2180a908699e7863c9247606?s=96&d=mm&r=g","contentUrl":"https:\/\/secure.gravatar.com\/avatar\/267e4a36f704376c109afe3a78740c1f5dd8675a2180a908699e7863c9247606?s=96&d=mm&r=g","caption":"miro.sopko"},"url":"https:\/\/www.smedemokrati.sk\/sv\/author\/miro-sopko\/"}]}},"_links":{"self":[{"href":"https:\/\/www.smedemokrati.sk\/sv\/wp-json\/wp\/v2\/posts\/8445","targetHints":{"allow":["GET"]}}],"collection":[{"href":"https:\/\/www.smedemokrati.sk\/sv\/wp-json\/wp\/v2\/posts"}],"about":[{"href":"https:\/\/www.smedemokrati.sk\/sv\/wp-json\/wp\/v2\/types\/post"}],"author":[{"embeddable":true,"href":"https:\/\/www.smedemokrati.sk\/sv\/wp-json\/wp\/v2\/users\/13"}],"replies":[{"embeddable":true,"href":"https:\/\/www.smedemokrati.sk\/sv\/wp-json\/wp\/v2\/comments?post=8445"}],"version-history":[{"count":1,"href":"https:\/\/www.smedemokrati.sk\/sv\/wp-json\/wp\/v2\/posts\/8445\/revisions"}],"predecessor-version":[{"id":8446,"href":"https:\/\/www.smedemokrati.sk\/sv\/wp-json\/wp\/v2\/posts\/8445\/revisions\/8446"}],"wp:featuredmedia":[{"embeddable":true,"href":"https:\/\/www.smedemokrati.sk\/sv\/wp-json\/wp\/v2\/media\/8447"}],"wp:attachment":[{"href":"https:\/\/www.smedemokrati.sk\/sv\/wp-json\/wp\/v2\/media?parent=8445"}],"wp:term":[{"taxonomy":"category","embeddable":true,"href":"https:\/\/www.smedemokrati.sk\/sv\/wp-json\/wp\/v2\/categories?post=8445"},{"taxonomy":"post_tag","embeddable":true,"href":"https:\/\/www.smedemokrati.sk\/sv\/wp-json\/wp\/v2\/tags?post=8445"}],"curies":[{"name":"wp","href":"https:\/\/api.w.org\/{rel}","templated":true}]}}