{"id":8413,"date":"2025-11-04T14:27:57","date_gmt":"2025-11-04T13:27:57","guid":{"rendered":"https:\/\/www.smedemokrati.sk\/?p=8413"},"modified":"2025-11-04T14:27:58","modified_gmt":"2025-11-04T13:27:58","slug":"energopomoc-vlady-je-nespravodliva-diskriminuje-tretinu-domacnosti","status":"publish","type":"post","link":"https:\/\/www.smedemokrati.sk\/sv\/energopomoc-vlady-je-nespravodliva-diskriminuje-tretinu-domacnosti\/","title":{"rendered":"Energo\u00adpomoc vl\u00e1dy je nespravodliv\u00e1, diskriminuje tretinu dom\u00e1cnost\u00ed"},"content":{"rendered":"<div id=\"fb-root\"><\/div>\n\n<p><strong>Demokrati upozor\u0148uj\u00fa, \u017ee nastavenie syst\u00e9mu energopomoci vl\u00e1dy nespravodlivo zv\u00fdhod\u0148uje dom\u00e1cnosti vyu\u017e\u00edvaj\u00face plyn a elektrinu, a diskriminuje ve\u013ek\u00fa skupinu \u013eud\u00ed k\u00fariacich drevom \u010di biomasou. Ide pribli\u017ene o tretinu slovensk\u00fdch dom\u00e1cnost\u00ed, vr\u00e1tane t\u00fdch napojen\u00fdch na centr\u00e1lne zdroje tepla.<\/strong><\/p>\n\n\n\n<p>\u201eVl\u00e1da ide v skuto\u010dnosti op\u00e4\u0165 plo\u0161ne dotova\u0165 plyn namiesto toho, aby cie\u013eene pomohla soci\u00e1lne slab\u00fdm dom\u00e1cnostiam, ktor\u00e9 maj\u00fa probl\u00e9m zaplati\u0165 \u00fa\u010dty za energie,\u201c uviedol \u010dlen predsedn\u00edctva Demokratov a b\u00fdval\u00fd minister hospod\u00e1rstva Karel Hirman. \u201eTak\u00fdto pr\u00edstup mal zmysel v \u010dase, ke\u010f boli ceny plynu desa\u0165n\u00e1sobne vy\u0161\u0161ie ako dnes. Dnes je to mrhanie verejn\u00fdmi financiami a soci\u00e1lne nespravodliv\u00e9 vo\u010di t\u00fdm, ktor\u00ed plyn nepou\u017e\u00edvaj\u00fa, preto\u017ee si ho nem\u00f4\u017eu dovoli\u0165 alebo k nemu nemaj\u00fa pr\u00edstup,\u201c dodal.<\/p>\n\n\n\n<p>Hirman z\u00e1rove\u0148 zd\u00f4raznil, \u017ee energo\u00adpomoc by mala prejs\u0165 pod Ministerstvo pr\u00e1ce, soci\u00e1lnych vec\u00ed a rodiny, ktor\u00e9 dok\u00e1\u017ee adresne pom\u00e1ha\u0165 pod\u013ea soci\u00e1lnej situ\u00e1cie dom\u00e1cnost\u00ed.<\/p>\n\n\n\n<p>\u201eLesy \u013eu\u010fom, nie oligarchom! \u010co maj\u00fa slovensk\u00e9 dom\u00e1cnosti, ktor\u00e9 k\u00faria drevom, zo st\u00fapaj\u00facich \u0165a\u017eieb v lesoch, ke\u010f e\u0161te viac st\u00fapa jeho v\u00fdvoz do zahrani\u010dia? Syst\u00e9m, ktor\u00fd udr\u017eiava vl\u00e1da, vyhovuje iba priekupn\u00edkom s drevom. Ak by sme efekt\u00edvne zn\u00ed\u017eili jeho v\u00fdvoz, vieme lep\u0161ie pokry\u0165 potreby slovensk\u00fdch dom\u00e1cnost\u00ed a objemy \u0165a\u017eby dokonca zni\u017eova\u0165. Drevo a biomasa s\u00fa strategick\u00fdm dom\u00e1cim zdrojom nielen pre drev\u00e1rstvo, ale aj ako obnovite\u013en\u00e1 surovina pre vykurovanie. Upozor\u0148ujem, \u017ee hovor\u00edme o hospod\u00e1rskych lesoch, nie o chr\u00e1nen\u00fdch \u00fazemi\u00e1ch, ktor\u00e9 musia by\u0165 striktne chr\u00e1nen\u00e9. Je nevyhnutn\u00e9 zamedzi\u0165 netransparentnej \u0165a\u017ebe a v\u00fdvozom, ktor\u00e9 oberaj\u00fa dom\u00e1cnosti o dostupn\u00fd zdroj energie,\u201c uviedol enviroexpert a \u010dlen predsedn\u00edctva Demokratov Michal Ki\u010da.&nbsp;<\/p>\n\n\n\n<p>\u201ePredlo\u017eili sme z\u00e1kon, ktor\u00fd by priekupn\u00edkov s drevom v \u0161t\u00e1tnych subjektoch obmedzoval a zaviedol by obchodn\u00fa politiku \u0161t\u00e1tnych lesov, ktor\u00e1 by zoh\u013ead\u0148ovala aj energetick\u00e9 potreby slovensk\u00fdch dom\u00e1cnost\u00ed. Koal\u00edcia dala prednos\u0165 priekupn\u00edkom. Predlo\u017e\u00edme ho znova.\u201c Ki\u010da dodal, \u017ee Demokrati bud\u00fa \u010falej presadzova\u0165 podporu pr\u00edrode bl\u00edzkeho hospod\u00e1renia aj v hospod\u00e1rskych lesoch, roz\u0161\u00edrenie modern\u00fdch n\u00edzkoemisn\u00fdch kotlov na biomasu a spravodliv\u00e9 podmienky pre v\u0161etk\u00fdch spr\u00e1vcov a vlastn\u00edkov lesov.<\/p>\n\n\n\n<figure class=\"wp-block-embed is-type-video is-provider-youtube wp-block-embed-youtube wp-embed-aspect-16-9 wp-has-aspect-ratio\"><div class=\"wp-block-embed__wrapper\">\n<iframe title=\"Live: Dom\u00e1cnosti s drevom bez pomoci - drevo ako strategick\u00e1 surovina!\" width=\"500\" height=\"281\" src=\"https:\/\/www.youtube.com\/embed\/AxBGgfu-kXc?feature=oembed\" frameborder=\"0\" allow=\"accelerometer; autoplay; clipboard-write; encrypted-media; gyroscope; picture-in-picture; web-share\" referrerpolicy=\"strict-origin-when-cross-origin\" allowfullscreen><\/iframe>\n<\/div><\/figure>\n","protected":false},"excerpt":{"rendered":"<p>Demokrati upozor\u0148uj\u00fa, \u017ee nastavenie syst\u00e9mu energopomoci vl\u00e1dy nespravodlivo zv\u00fdhod\u0148uje dom\u00e1cnosti vyu\u017e\u00edvaj\u00face plyn a elektrinu, a diskriminuje ve\u013ek\u00fa skupinu \u013eud\u00ed k\u00fariacich drevom \u010di biomasou. Ide pribli\u017ene o tretinu slovensk\u00fdch dom\u00e1cnost\u00ed, vr\u00e1tane t\u00fdch napojen\u00fdch na centr\u00e1lne zdroje tepla. \u201eVl\u00e1da ide v skuto\u010dnosti op\u00e4\u0165 plo\u0161ne dotova\u0165 plyn namiesto toho, aby cie\u013eene pomohla soci\u00e1lne slab\u00fdm dom\u00e1cnostiam, ktor\u00e9 maj\u00fa probl\u00e9m [&hellip;]<\/p>\n","protected":false},"author":13,"featured_media":8414,"comment_status":"closed","ping_status":"closed","sticky":false,"template":"","format":"standard","meta":{"_acf_changed":false,"ngg_post_thumbnail":0,"footnotes":""},"categories":[4],"tags":[],"class_list":["post-8413","post","type-post","status-publish","format-standard","has-post-thumbnail","hentry","category-tlacove-spravy"],"acf":[],"yoast_head":"<!-- This site is optimized with the Yoast SEO plugin v27.2 - https:\/\/yoast.com\/product\/yoast-seo-wordpress\/ -->\n<title>Energo\u00adpomoc vl\u00e1dy je nespravodliv\u00e1, diskriminuje tretinu dom\u00e1cnost\u00ed<\/title>\n<meta name=\"robots\" content=\"index, follow, max-snippet:-1, max-image-preview:large, max-video-preview:-1\" \/>\n<link rel=\"canonical\" href=\"https:\/\/www.smedemokrati.sk\/sv\/energopomoc-vlady-je-nespravodliva-diskriminuje-tretinu-domacnosti\/\" \/>\n<meta property=\"og:locale\" content=\"sv_SE\" \/>\n<meta property=\"og:locale:alternate\" content=\"en_US\" \/>\n<meta property=\"og:locale:alternate\" content=\"cs_CZ\" \/>\n<meta property=\"og:locale:alternate\" content=\"hu_HU\" \/>\n<meta property=\"og:locale:alternate\" content=\"sk_SK\" \/>\n<meta property=\"og:type\" content=\"article\" \/>\n<meta property=\"og:title\" content=\"Energo\u00adpomoc vl\u00e1dy je nespravodliv\u00e1, diskriminuje tretinu dom\u00e1cnost\u00ed\" \/>\n<meta property=\"og:description\" content=\"Demokrati upozor\u0148uj\u00fa, \u017ee nastavenie syst\u00e9mu energopomoci vl\u00e1dy nespravodlivo zv\u00fdhod\u0148uje dom\u00e1cnosti vyu\u017e\u00edvaj\u00face plyn a elektrinu, a diskriminuje ve\u013ek\u00fa skupinu \u013eud\u00ed k\u00fariacich drevom \u010di biomasou. Ide pribli\u017ene o tretinu slovensk\u00fdch dom\u00e1cnost\u00ed, vr\u00e1tane t\u00fdch napojen\u00fdch na centr\u00e1lne zdroje tepla. \u201eVl\u00e1da ide v skuto\u010dnosti op\u00e4\u0165 plo\u0161ne dotova\u0165 plyn namiesto toho, aby cie\u013eene pomohla soci\u00e1lne slab\u00fdm dom\u00e1cnostiam, ktor\u00e9 maj\u00fa probl\u00e9m [&hellip;]\" \/>\n<meta property=\"og:url\" content=\"https:\/\/www.smedemokrati.sk\/sv\/energopomoc-vlady-je-nespravodliva-diskriminuje-tretinu-domacnosti\/\" \/>\n<meta property=\"og:site_name\" content=\"Smedemokrati.sk\" \/>\n<meta property=\"article:publisher\" content=\"https:\/\/www.facebook.com\/smedemokrati2023\" \/>\n<meta property=\"article:published_time\" content=\"2025-11-04T13:27:57+00:00\" \/>\n<meta property=\"article:modified_time\" content=\"2025-11-04T13:27:58+00:00\" \/>\n<meta property=\"og:image\" content=\"https:\/\/www.smedemokrati.sk\/wp-content\/uploads\/2025\/11\/Snimka-obrazovky-2025-11-04-142529.png\" \/>\n\t<meta property=\"og:image:width\" content=\"953\" \/>\n\t<meta property=\"og:image:height\" content=\"628\" \/>\n\t<meta property=\"og:image:type\" content=\"image\/png\" \/>\n<meta name=\"author\" content=\"miro.sopko\" \/>\n<meta name=\"twitter:card\" content=\"summary_large_image\" \/>\n<meta name=\"twitter:label1\" content=\"Skriven av\" \/>\n\t<meta name=\"twitter:data1\" content=\"miro.sopko\" \/>\n\t<meta name=\"twitter:label2\" content=\"Ber\u00e4knad l\u00e4stid\" \/>\n\t<meta name=\"twitter:data2\" content=\"2 minuter\" \/>\n<script type=\"application\/ld+json\" class=\"yoast-schema-graph\">{\"@context\":\"https:\/\/schema.org\",\"@graph\":[{\"@type\":\"Article\",\"@id\":\"https:\/\/www.smedemokrati.sk\/energopomoc-vlady-je-nespravodliva-diskriminuje-tretinu-domacnosti\/#article\",\"isPartOf\":{\"@id\":\"https:\/\/www.smedemokrati.sk\/energopomoc-vlady-je-nespravodliva-diskriminuje-tretinu-domacnosti\/\"},\"author\":{\"name\":\"miro.sopko\",\"@id\":\"https:\/\/www.smedemokrati.sk\/#\/schema\/person\/21f147c88d605aa7ded900e1e7c344ba\"},\"headline\":\"Energo\u00adpomoc vl\u00e1dy je nespravodliv\u00e1, diskriminuje tretinu dom\u00e1cnost\u00ed\",\"datePublished\":\"2025-11-04T13:27:57+00:00\",\"dateModified\":\"2025-11-04T13:27:58+00:00\",\"mainEntityOfPage\":{\"@id\":\"https:\/\/www.smedemokrati.sk\/energopomoc-vlady-je-nespravodliva-diskriminuje-tretinu-domacnosti\/\"},\"wordCount\":438,\"publisher\":{\"@id\":\"https:\/\/www.smedemokrati.sk\/#organization\"},\"image\":{\"@id\":\"https:\/\/www.smedemokrati.sk\/energopomoc-vlady-je-nespravodliva-diskriminuje-tretinu-domacnosti\/#primaryimage\"},\"thumbnailUrl\":\"https:\/\/www.smedemokrati.sk\/wp-content\/uploads\/2025\/11\/Snimka-obrazovky-2025-11-04-142529.png\",\"articleSection\":[\"Tla\u010dov\u00e9 spr\u00e1vy\"],\"inLanguage\":\"sv-SE\"},{\"@type\":\"WebPage\",\"@id\":\"https:\/\/www.smedemokrati.sk\/energopomoc-vlady-je-nespravodliva-diskriminuje-tretinu-domacnosti\/\",\"url\":\"https:\/\/www.smedemokrati.sk\/energopomoc-vlady-je-nespravodliva-diskriminuje-tretinu-domacnosti\/\",\"name\":\"Energo\u00adpomoc vl\u00e1dy je nespravodliv\u00e1, diskriminuje tretinu dom\u00e1cnost\u00ed\",\"isPartOf\":{\"@id\":\"https:\/\/www.smedemokrati.sk\/#website\"},\"primaryImageOfPage\":{\"@id\":\"https:\/\/www.smedemokrati.sk\/energopomoc-vlady-je-nespravodliva-diskriminuje-tretinu-domacnosti\/#primaryimage\"},\"image\":{\"@id\":\"https:\/\/www.smedemokrati.sk\/energopomoc-vlady-je-nespravodliva-diskriminuje-tretinu-domacnosti\/#primaryimage\"},\"thumbnailUrl\":\"https:\/\/www.smedemokrati.sk\/wp-content\/uploads\/2025\/11\/Snimka-obrazovky-2025-11-04-142529.png\",\"datePublished\":\"2025-11-04T13:27:57+00:00\",\"dateModified\":\"2025-11-04T13:27:58+00:00\",\"breadcrumb\":{\"@id\":\"https:\/\/www.smedemokrati.sk\/energopomoc-vlady-je-nespravodliva-diskriminuje-tretinu-domacnosti\/#breadcrumb\"},\"inLanguage\":\"sv-SE\",\"potentialAction\":[{\"@type\":\"ReadAction\",\"target\":[\"https:\/\/www.smedemokrati.sk\/energopomoc-vlady-je-nespravodliva-diskriminuje-tretinu-domacnosti\/\"]}]},{\"@type\":\"ImageObject\",\"inLanguage\":\"sv-SE\",\"@id\":\"https:\/\/www.smedemokrati.sk\/energopomoc-vlady-je-nespravodliva-diskriminuje-tretinu-domacnosti\/#primaryimage\",\"url\":\"https:\/\/www.smedemokrati.sk\/wp-content\/uploads\/2025\/11\/Snimka-obrazovky-2025-11-04-142529.png\",\"contentUrl\":\"https:\/\/www.smedemokrati.sk\/wp-content\/uploads\/2025\/11\/Snimka-obrazovky-2025-11-04-142529.png\",\"width\":953,\"height\":628},{\"@type\":\"BreadcrumbList\",\"@id\":\"https:\/\/www.smedemokrati.sk\/energopomoc-vlady-je-nespravodliva-diskriminuje-tretinu-domacnosti\/#breadcrumb\",\"itemListElement\":[{\"@type\":\"ListItem\",\"position\":1,\"name\":\"Domovsk\u00e1 str\u00e1nka\",\"item\":\"https:\/\/www.smedemokrati.sk\/\"},{\"@type\":\"ListItem\",\"position\":2,\"name\":\"Energo\u00adpomoc vl\u00e1dy je nespravodliv\u00e1, diskriminuje tretinu dom\u00e1cnost\u00ed\"}]},{\"@type\":\"WebSite\",\"@id\":\"https:\/\/www.smedemokrati.sk\/#website\",\"url\":\"https:\/\/www.smedemokrati.sk\/\",\"name\":\"Smedemokrati.sk\",\"description\":\"Demokracia a slu\u0161nos\u0165 zv\u00ed\u0165az\u00ed\",\"publisher\":{\"@id\":\"https:\/\/www.smedemokrati.sk\/#organization\"},\"potentialAction\":[{\"@type\":\"SearchAction\",\"target\":{\"@type\":\"EntryPoint\",\"urlTemplate\":\"https:\/\/www.smedemokrati.sk\/?s={search_term_string}\"},\"query-input\":{\"@type\":\"PropertyValueSpecification\",\"valueRequired\":true,\"valueName\":\"search_term_string\"}}],\"inLanguage\":\"sv-SE\"},{\"@type\":\"Organization\",\"@id\":\"https:\/\/www.smedemokrati.sk\/#organization\",\"name\":\"Smedemokrati.sk\",\"url\":\"https:\/\/www.smedemokrati.sk\/\",\"logo\":{\"@type\":\"ImageObject\",\"inLanguage\":\"sv-SE\",\"@id\":\"https:\/\/www.smedemokrati.sk\/#\/schema\/logo\/image\/\",\"url\":\"https:\/\/www.smedemokrati.sk\/wp-content\/uploads\/2023\/04\/ff.002.jpeg\",\"contentUrl\":\"https:\/\/www.smedemokrati.sk\/wp-content\/uploads\/2023\/04\/ff.002.jpeg\",\"width\":640,\"height\":480,\"caption\":\"Smedemokrati.sk\"},\"image\":{\"@id\":\"https:\/\/www.smedemokrati.sk\/#\/schema\/logo\/image\/\"},\"sameAs\":[\"https:\/\/www.facebook.com\/smedemokrati2023\"]},{\"@type\":\"Person\",\"@id\":\"https:\/\/www.smedemokrati.sk\/#\/schema\/person\/21f147c88d605aa7ded900e1e7c344ba\",\"name\":\"miro.sopko\",\"image\":{\"@type\":\"ImageObject\",\"inLanguage\":\"sv-SE\",\"@id\":\"https:\/\/secure.gravatar.com\/avatar\/267e4a36f704376c109afe3a78740c1f5dd8675a2180a908699e7863c9247606?s=96&d=mm&r=g\",\"url\":\"https:\/\/secure.gravatar.com\/avatar\/267e4a36f704376c109afe3a78740c1f5dd8675a2180a908699e7863c9247606?s=96&d=mm&r=g\",\"contentUrl\":\"https:\/\/secure.gravatar.com\/avatar\/267e4a36f704376c109afe3a78740c1f5dd8675a2180a908699e7863c9247606?s=96&d=mm&r=g\",\"caption\":\"miro.sopko\"},\"url\":\"https:\/\/www.smedemokrati.sk\/sv\/author\/miro-sopko\/\"}]}<\/script>\n<!-- \/ Yoast SEO plugin. -->","yoast_head_json":{"title":"Energo\u00adpomoc vl\u00e1dy je nespravodliv\u00e1, diskriminuje tretinu dom\u00e1cnost\u00ed","robots":{"index":"index","follow":"follow","max-snippet":"max-snippet:-1","max-image-preview":"max-image-preview:large","max-video-preview":"max-video-preview:-1"},"canonical":"https:\/\/www.smedemokrati.sk\/sv\/energopomoc-vlady-je-nespravodliva-diskriminuje-tretinu-domacnosti\/","og_locale":"sv_SE","og_type":"article","og_title":"[:sk]Energo\u00adpomoc vl\u00e1dy je nespravodliv\u00e1, diskriminuje tretinu dom\u00e1cnost\u00ed[:] - Smedemokrati.sk","og_description":"Demokrati upozor\u0148uj\u00fa, \u017ee nastavenie syst\u00e9mu energopomoci vl\u00e1dy nespravodlivo zv\u00fdhod\u0148uje dom\u00e1cnosti vyu\u017e\u00edvaj\u00face plyn a elektrinu, a diskriminuje ve\u013ek\u00fa skupinu \u013eud\u00ed k\u00fariacich drevom \u010di biomasou. Ide pribli\u017ene o tretinu slovensk\u00fdch dom\u00e1cnost\u00ed, vr\u00e1tane t\u00fdch napojen\u00fdch na centr\u00e1lne zdroje tepla. \u201eVl\u00e1da ide v skuto\u010dnosti op\u00e4\u0165 plo\u0161ne dotova\u0165 plyn namiesto toho, aby cie\u013eene pomohla soci\u00e1lne slab\u00fdm dom\u00e1cnostiam, ktor\u00e9 maj\u00fa probl\u00e9m [&hellip;]","og_url":"https:\/\/www.smedemokrati.sk\/sv\/energopomoc-vlady-je-nespravodliva-diskriminuje-tretinu-domacnosti\/","og_site_name":"Smedemokrati.sk","article_publisher":"https:\/\/www.facebook.com\/smedemokrati2023","article_published_time":"2025-11-04T13:27:57+00:00","article_modified_time":"2025-11-04T13:27:58+00:00","og_image":[{"width":953,"height":628,"url":"https:\/\/www.smedemokrati.sk\/wp-content\/uploads\/2025\/11\/Snimka-obrazovky-2025-11-04-142529.png","type":"image\/png"}],"author":"miro.sopko","twitter_card":"summary_large_image","twitter_misc":{"Skriven av":"miro.sopko","Ber\u00e4knad l\u00e4stid":"2 minuter"},"schema":{"@context":"https:\/\/schema.org","@graph":[{"@type":"Article","@id":"https:\/\/www.smedemokrati.sk\/energopomoc-vlady-je-nespravodliva-diskriminuje-tretinu-domacnosti\/#article","isPartOf":{"@id":"https:\/\/www.smedemokrati.sk\/energopomoc-vlady-je-nespravodliva-diskriminuje-tretinu-domacnosti\/"},"author":{"name":"miro.sopko","@id":"https:\/\/www.smedemokrati.sk\/#\/schema\/person\/21f147c88d605aa7ded900e1e7c344ba"},"headline":"Energo\u00adpomoc vl\u00e1dy je nespravodliv\u00e1, diskriminuje tretinu dom\u00e1cnost\u00ed","datePublished":"2025-11-04T13:27:57+00:00","dateModified":"2025-11-04T13:27:58+00:00","mainEntityOfPage":{"@id":"https:\/\/www.smedemokrati.sk\/energopomoc-vlady-je-nespravodliva-diskriminuje-tretinu-domacnosti\/"},"wordCount":438,"publisher":{"@id":"https:\/\/www.smedemokrati.sk\/#organization"},"image":{"@id":"https:\/\/www.smedemokrati.sk\/energopomoc-vlady-je-nespravodliva-diskriminuje-tretinu-domacnosti\/#primaryimage"},"thumbnailUrl":"https:\/\/www.smedemokrati.sk\/wp-content\/uploads\/2025\/11\/Snimka-obrazovky-2025-11-04-142529.png","articleSection":["Tla\u010dov\u00e9 spr\u00e1vy"],"inLanguage":"sv-SE"},{"@type":"WebPage","@id":"https:\/\/www.smedemokrati.sk\/energopomoc-vlady-je-nespravodliva-diskriminuje-tretinu-domacnosti\/","url":"https:\/\/www.smedemokrati.sk\/energopomoc-vlady-je-nespravodliva-diskriminuje-tretinu-domacnosti\/","name":"Energo\u00adpomoc vl\u00e1dy je nespravodliv\u00e1, diskriminuje tretinu dom\u00e1cnost\u00ed","isPartOf":{"@id":"https:\/\/www.smedemokrati.sk\/#website"},"primaryImageOfPage":{"@id":"https:\/\/www.smedemokrati.sk\/energopomoc-vlady-je-nespravodliva-diskriminuje-tretinu-domacnosti\/#primaryimage"},"image":{"@id":"https:\/\/www.smedemokrati.sk\/energopomoc-vlady-je-nespravodliva-diskriminuje-tretinu-domacnosti\/#primaryimage"},"thumbnailUrl":"https:\/\/www.smedemokrati.sk\/wp-content\/uploads\/2025\/11\/Snimka-obrazovky-2025-11-04-142529.png","datePublished":"2025-11-04T13:27:57+00:00","dateModified":"2025-11-04T13:27:58+00:00","breadcrumb":{"@id":"https:\/\/www.smedemokrati.sk\/energopomoc-vlady-je-nespravodliva-diskriminuje-tretinu-domacnosti\/#breadcrumb"},"inLanguage":"sv-SE","potentialAction":[{"@type":"ReadAction","target":["https:\/\/www.smedemokrati.sk\/energopomoc-vlady-je-nespravodliva-diskriminuje-tretinu-domacnosti\/"]}]},{"@type":"ImageObject","inLanguage":"sv-SE","@id":"https:\/\/www.smedemokrati.sk\/energopomoc-vlady-je-nespravodliva-diskriminuje-tretinu-domacnosti\/#primaryimage","url":"https:\/\/www.smedemokrati.sk\/wp-content\/uploads\/2025\/11\/Snimka-obrazovky-2025-11-04-142529.png","contentUrl":"https:\/\/www.smedemokrati.sk\/wp-content\/uploads\/2025\/11\/Snimka-obrazovky-2025-11-04-142529.png","width":953,"height":628},{"@type":"BreadcrumbList","@id":"https:\/\/www.smedemokrati.sk\/energopomoc-vlady-je-nespravodliva-diskriminuje-tretinu-domacnosti\/#breadcrumb","itemListElement":[{"@type":"ListItem","position":1,"name":"Domovsk\u00e1 str\u00e1nka","item":"https:\/\/www.smedemokrati.sk\/"},{"@type":"ListItem","position":2,"name":"Energo\u00adpomoc vl\u00e1dy je nespravodliv\u00e1, diskriminuje tretinu dom\u00e1cnost\u00ed"}]},{"@type":"WebSite","@id":"https:\/\/www.smedemokrati.sk\/#website","url":"https:\/\/www.smedemokrati.sk\/","name":"Smedemokrati.sk","description":"Demokracia a slu\u0161nos\u0165 zv\u00ed\u0165az\u00ed","publisher":{"@id":"https:\/\/www.smedemokrati.sk\/#organization"},"potentialAction":[{"@type":"SearchAction","target":{"@type":"EntryPoint","urlTemplate":"https:\/\/www.smedemokrati.sk\/?s={search_term_string}"},"query-input":{"@type":"PropertyValueSpecification","valueRequired":true,"valueName":"search_term_string"}}],"inLanguage":"sv-SE"},{"@type":"Organization","@id":"https:\/\/www.smedemokrati.sk\/#organization","name":"Smedemokrati.sk","url":"https:\/\/www.smedemokrati.sk\/","logo":{"@type":"ImageObject","inLanguage":"sv-SE","@id":"https:\/\/www.smedemokrati.sk\/#\/schema\/logo\/image\/","url":"https:\/\/www.smedemokrati.sk\/wp-content\/uploads\/2023\/04\/ff.002.jpeg","contentUrl":"https:\/\/www.smedemokrati.sk\/wp-content\/uploads\/2023\/04\/ff.002.jpeg","width":640,"height":480,"caption":"Smedemokrati.sk"},"image":{"@id":"https:\/\/www.smedemokrati.sk\/#\/schema\/logo\/image\/"},"sameAs":["https:\/\/www.facebook.com\/smedemokrati2023"]},{"@type":"Person","@id":"https:\/\/www.smedemokrati.sk\/#\/schema\/person\/21f147c88d605aa7ded900e1e7c344ba","name":"miro.sopko","image":{"@type":"ImageObject","inLanguage":"sv-SE","@id":"https:\/\/secure.gravatar.com\/avatar\/267e4a36f704376c109afe3a78740c1f5dd8675a2180a908699e7863c9247606?s=96&d=mm&r=g","url":"https:\/\/secure.gravatar.com\/avatar\/267e4a36f704376c109afe3a78740c1f5dd8675a2180a908699e7863c9247606?s=96&d=mm&r=g","contentUrl":"https:\/\/secure.gravatar.com\/avatar\/267e4a36f704376c109afe3a78740c1f5dd8675a2180a908699e7863c9247606?s=96&d=mm&r=g","caption":"miro.sopko"},"url":"https:\/\/www.smedemokrati.sk\/sv\/author\/miro-sopko\/"}]}},"_links":{"self":[{"href":"https:\/\/www.smedemokrati.sk\/sv\/wp-json\/wp\/v2\/posts\/8413","targetHints":{"allow":["GET"]}}],"collection":[{"href":"https:\/\/www.smedemokrati.sk\/sv\/wp-json\/wp\/v2\/posts"}],"about":[{"href":"https:\/\/www.smedemokrati.sk\/sv\/wp-json\/wp\/v2\/types\/post"}],"author":[{"embeddable":true,"href":"https:\/\/www.smedemokrati.sk\/sv\/wp-json\/wp\/v2\/users\/13"}],"replies":[{"embeddable":true,"href":"https:\/\/www.smedemokrati.sk\/sv\/wp-json\/wp\/v2\/comments?post=8413"}],"version-history":[{"count":1,"href":"https:\/\/www.smedemokrati.sk\/sv\/wp-json\/wp\/v2\/posts\/8413\/revisions"}],"predecessor-version":[{"id":8415,"href":"https:\/\/www.smedemokrati.sk\/sv\/wp-json\/wp\/v2\/posts\/8413\/revisions\/8415"}],"wp:featuredmedia":[{"embeddable":true,"href":"https:\/\/www.smedemokrati.sk\/sv\/wp-json\/wp\/v2\/media\/8414"}],"wp:attachment":[{"href":"https:\/\/www.smedemokrati.sk\/sv\/wp-json\/wp\/v2\/media?parent=8413"}],"wp:term":[{"taxonomy":"category","embeddable":true,"href":"https:\/\/www.smedemokrati.sk\/sv\/wp-json\/wp\/v2\/categories?post=8413"},{"taxonomy":"post_tag","embeddable":true,"href":"https:\/\/www.smedemokrati.sk\/sv\/wp-json\/wp\/v2\/tags?post=8413"}],"curies":[{"name":"wp","href":"https:\/\/api.w.org\/{rel}","templated":true}]}}