{"id":8394,"date":"2025-10-30T18:31:21","date_gmt":"2025-10-30T17:31:21","guid":{"rendered":"https:\/\/www.smedemokrati.sk\/?p=8394"},"modified":"2025-10-30T18:33:25","modified_gmt":"2025-10-30T17:33:25","slug":"fico-musi-poziadat-o-doveru-nech-si-cti-ustavu-nie-vlastnych-vydieracov","status":"publish","type":"post","link":"https:\/\/www.smedemokrati.sk\/sv\/fico-musi-poziadat-o-doveru-nech-si-cti-ustavu-nie-vlastnych-vydieracov\/","title":{"rendered":"Fico mus\u00ed po\u017eiada\u0165 o d\u00f4veru: nech si ct\u00ed \u00fastavu, nie vlastn\u00fdch vydiera\u010dov"},"content":{"rendered":"<div id=\"fb-root\"><\/div>\n\n<p><strong>21. novembra 2025 sa kon\u010d\u00ed v\u00fdnimka z uplat\u0148ovania pr\u00edsnej\u0161\u00edch sankci\u00ed \u00fastavn\u00e9ho z\u00e1kona o rozpo\u010dtovej zodpovednosti. Znamen\u00e1 to, \u017ee vl\u00e1da Roberta Fica mus\u00ed bezodkladne po\u017eiada\u0165 N\u00e1rodn\u00fa radu SR o vyslovenie d\u00f4very. Tak hovor\u00ed \u00fastava aj v\u00fdklad Rady pre rozpo\u010dtov\u00fa zodpovednos\u0165 po konzult\u00e1ci\u00e1ch s \u00fastavn\u00fdmi pr\u00e1vnikmi.<\/strong><\/p>\n\n\n\n<p><em>\u201ePremi\u00e9r Fico mus\u00ed re\u0161pektova\u0165 \u00fastavu, nie sa skr\u00fdva\u0165 za politick\u00e9 dohody. Jeho vl\u00e1da nebola schopn\u00e1 pokra\u010dova\u0165 v trende zni\u017eovania dlhu, ktor\u00fd za\u010dala na\u0161a vl\u00e1da, ale naopak dlh dostala nad \u00farove\u0148 60 % HDP, a to napriek rekordn\u00fdm da\u0148ov\u00fdm pr\u00edjmom. Ak si ct\u00ed z\u00e1kon, mus\u00ed o d\u00f4veru po\u017eiada\u0165, a to hne\u010f na najbli\u017e\u0161ej sch\u00f4dzi parlamentu,\u201c<\/em>&nbsp;vyhl\u00e1sil Eduard Heger, podpredseda strany.<\/p>\n\n\n\n<p>Slovensk\u00fd dlh sa z 48 % HDP v roku 2019 vy\u0161plhal na 61,5 % v roku 2025, hoci pri odovzd\u00e1van\u00ed vl\u00e1dy v roku 2023 bol len 55,8 %. Napriek rekordn\u00fdm pr\u00edjmom \u0161t\u00e1t hospod\u00e1ri nezodpovedne.<\/p>\n\n\n\n<p>Heger z\u00e1rove\u0148 upozor\u0148uje, \u017ee hlasovanie o d\u00f4vere m\u00f4\u017ee by\u0165 poslednou ve\u013ekou \u0161ancou pre koali\u010dn\u00fdch poslancov v \u00favodzovk\u00e1ch, vydiera\u0165 premi\u00e9ra:&nbsp;<em>\u201eU\u017e sme videli, ako sa Fico nechal vydiera\u0165 Huliakom \u010di Miga\u013eom. Tak\u00e9to k\u0161efty v\u017edy zaplatia ob\u010dania, a to vy\u0161\u0161\u00edm dlhom, vy\u0161\u0161\u00edm deficitom, neodborn\u00fdmi nomin\u00e1ciami na najvy\u0161\u0161\u00edch miestach a ni\u017e\u0161ou d\u00f4verou v \u0161t\u00e1t.\u201c<\/em><\/p>\n\n\n\n<p>\u010clen expertnej skupiny pre ekonomiku Dominik Sumbal dod\u00e1va:&nbsp;<em>\u201eV\u00fdsledkom politick\u00fdch k\u0161eftov s\u00fa ministri, ktor\u00ed nevedia, ak\u00e9 rezorty ved\u00fa, a poslanci, ktor\u00ed sa hanbia za vlastn\u00fa vl\u00e1du. Ak m\u00e1 ma\u0165 Slovensko n\u00e1dej na lep\u0161ie hospod\u00e1renie, aj koali\u010dn\u00ed poslanci musia uk\u00e1za\u0165 chrbtov\u00fa kos\u0165 a odmietnu\u0165 \u010fal\u0161ie kup\u010denie s d\u00f4verou.\u201c<\/em><\/p>\n\n\n\n<p>Vyz\u00fdvame premi\u00e9ra Fica, aby si ctil \u00fastavu&nbsp;a po\u017eiadal o vyslovenie d\u00f4very bez politick\u00fdch hier.<\/p>\n\n\n\n<figure class=\"wp-block-embed is-type-video is-provider-youtube wp-block-embed-youtube wp-embed-aspect-16-9 wp-has-aspect-ratio\"><div class=\"wp-block-embed__wrapper\">\n<iframe title=\"Live: Ustoj\u00ed Fico hlasovanie o d\u00f4vere vl\u00e1de alebo ko\u013eko to bude st\u00e1\u0165 ob\u010danov?\" width=\"500\" height=\"281\" src=\"https:\/\/www.youtube.com\/embed\/0qzClHIMyGQ?feature=oembed\" frameborder=\"0\" allow=\"accelerometer; autoplay; clipboard-write; encrypted-media; gyroscope; picture-in-picture; web-share\" referrerpolicy=\"strict-origin-when-cross-origin\" allowfullscreen><\/iframe>\n<\/div><\/figure>\n","protected":false},"excerpt":{"rendered":"<p>21. novembra 2025 sa kon\u010d\u00ed v\u00fdnimka z uplat\u0148ovania pr\u00edsnej\u0161\u00edch sankci\u00ed \u00fastavn\u00e9ho z\u00e1kona o rozpo\u010dtovej zodpovednosti. Znamen\u00e1 to, \u017ee vl\u00e1da Roberta Fica mus\u00ed bezodkladne po\u017eiada\u0165 N\u00e1rodn\u00fa radu SR o vyslovenie d\u00f4very. Tak hovor\u00ed \u00fastava aj v\u00fdklad Rady pre rozpo\u010dtov\u00fa zodpovednos\u0165 po konzult\u00e1ci\u00e1ch s \u00fastavn\u00fdmi pr\u00e1vnikmi. \u201ePremi\u00e9r Fico mus\u00ed re\u0161pektova\u0165 \u00fastavu, nie sa skr\u00fdva\u0165 za politick\u00e9 dohody. [&hellip;]<\/p>\n","protected":false},"author":13,"featured_media":8395,"comment_status":"closed","ping_status":"closed","sticky":false,"template":"","format":"standard","meta":{"_acf_changed":false,"ngg_post_thumbnail":0,"footnotes":""},"categories":[4],"tags":[],"class_list":["post-8394","post","type-post","status-publish","format-standard","has-post-thumbnail","hentry","category-tlacove-spravy"],"acf":[],"yoast_head":"<!-- This site is optimized with the Yoast SEO plugin v27.2 - https:\/\/yoast.com\/product\/yoast-seo-wordpress\/ -->\n<title>Fico mus\u00ed po\u017eiada\u0165 o d\u00f4veru: nech si ct\u00ed \u00fastavu, nie vlastn\u00fdch vydiera\u010dov<\/title>\n<meta name=\"robots\" content=\"index, follow, max-snippet:-1, max-image-preview:large, max-video-preview:-1\" \/>\n<link rel=\"canonical\" href=\"https:\/\/www.smedemokrati.sk\/sv\/fico-musi-poziadat-o-doveru-nech-si-cti-ustavu-nie-vlastnych-vydieracov\/\" \/>\n<meta property=\"og:locale\" content=\"sv_SE\" \/>\n<meta property=\"og:locale:alternate\" content=\"en_US\" \/>\n<meta property=\"og:locale:alternate\" content=\"cs_CZ\" \/>\n<meta property=\"og:locale:alternate\" content=\"hu_HU\" \/>\n<meta property=\"og:locale:alternate\" content=\"sk_SK\" \/>\n<meta property=\"og:type\" content=\"article\" \/>\n<meta property=\"og:title\" content=\"Fico mus\u00ed po\u017eiada\u0165 o d\u00f4veru: nech si ct\u00ed \u00fastavu, nie vlastn\u00fdch vydiera\u010dov\" \/>\n<meta property=\"og:description\" content=\"21. novembra 2025 sa kon\u010d\u00ed v\u00fdnimka z uplat\u0148ovania pr\u00edsnej\u0161\u00edch sankci\u00ed \u00fastavn\u00e9ho z\u00e1kona o rozpo\u010dtovej zodpovednosti. Znamen\u00e1 to, \u017ee vl\u00e1da Roberta Fica mus\u00ed bezodkladne po\u017eiada\u0165 N\u00e1rodn\u00fa radu SR o vyslovenie d\u00f4very. Tak hovor\u00ed \u00fastava aj v\u00fdklad Rady pre rozpo\u010dtov\u00fa zodpovednos\u0165 po konzult\u00e1ci\u00e1ch s \u00fastavn\u00fdmi pr\u00e1vnikmi. \u201ePremi\u00e9r Fico mus\u00ed re\u0161pektova\u0165 \u00fastavu, nie sa skr\u00fdva\u0165 za politick\u00e9 dohody. [&hellip;]\" \/>\n<meta property=\"og:url\" content=\"https:\/\/www.smedemokrati.sk\/sv\/fico-musi-poziadat-o-doveru-nech-si-cti-ustavu-nie-vlastnych-vydieracov\/\" \/>\n<meta property=\"og:site_name\" content=\"Smedemokrati.sk\" \/>\n<meta property=\"article:publisher\" content=\"https:\/\/www.facebook.com\/smedemokrati2023\" \/>\n<meta property=\"article:published_time\" content=\"2025-10-30T17:31:21+00:00\" \/>\n<meta property=\"article:modified_time\" content=\"2025-10-30T17:33:25+00:00\" \/>\n<meta property=\"og:image\" content=\"https:\/\/www.smedemokrati.sk\/wp-content\/uploads\/2025\/10\/dovera-vlade.jpg\" \/>\n\t<meta property=\"og:image:width\" content=\"1280\" \/>\n\t<meta property=\"og:image:height\" content=\"720\" \/>\n\t<meta property=\"og:image:type\" content=\"image\/jpeg\" \/>\n<meta name=\"author\" content=\"miro.sopko\" \/>\n<meta name=\"twitter:card\" content=\"summary_large_image\" \/>\n<meta name=\"twitter:label1\" content=\"Skriven av\" \/>\n\t<meta name=\"twitter:data1\" content=\"miro.sopko\" \/>\n\t<meta name=\"twitter:label2\" content=\"Ber\u00e4knad l\u00e4stid\" \/>\n\t<meta name=\"twitter:data2\" content=\"2 minuter\" \/>\n<script type=\"application\/ld+json\" class=\"yoast-schema-graph\">{\"@context\":\"https:\/\/schema.org\",\"@graph\":[{\"@type\":\"Article\",\"@id\":\"https:\/\/www.smedemokrati.sk\/fico-musi-poziadat-o-doveru-nech-si-cti-ustavu-nie-vlastnych-vydieracov\/#article\",\"isPartOf\":{\"@id\":\"https:\/\/www.smedemokrati.sk\/fico-musi-poziadat-o-doveru-nech-si-cti-ustavu-nie-vlastnych-vydieracov\/\"},\"author\":{\"name\":\"miro.sopko\",\"@id\":\"https:\/\/www.smedemokrati.sk\/#\/schema\/person\/21f147c88d605aa7ded900e1e7c344ba\"},\"headline\":\"Fico mus\u00ed po\u017eiada\u0165 o d\u00f4veru: nech si ct\u00ed \u00fastavu, nie vlastn\u00fdch vydiera\u010dov\",\"datePublished\":\"2025-10-30T17:31:21+00:00\",\"dateModified\":\"2025-10-30T17:33:25+00:00\",\"mainEntityOfPage\":{\"@id\":\"https:\/\/www.smedemokrati.sk\/fico-musi-poziadat-o-doveru-nech-si-cti-ustavu-nie-vlastnych-vydieracov\/\"},\"wordCount\":349,\"publisher\":{\"@id\":\"https:\/\/www.smedemokrati.sk\/#organization\"},\"image\":{\"@id\":\"https:\/\/www.smedemokrati.sk\/fico-musi-poziadat-o-doveru-nech-si-cti-ustavu-nie-vlastnych-vydieracov\/#primaryimage\"},\"thumbnailUrl\":\"https:\/\/www.smedemokrati.sk\/wp-content\/uploads\/2025\/10\/dovera-vlade.jpg\",\"articleSection\":[\"Tla\u010dov\u00e9 spr\u00e1vy\"],\"inLanguage\":\"sv-SE\"},{\"@type\":\"WebPage\",\"@id\":\"https:\/\/www.smedemokrati.sk\/fico-musi-poziadat-o-doveru-nech-si-cti-ustavu-nie-vlastnych-vydieracov\/\",\"url\":\"https:\/\/www.smedemokrati.sk\/fico-musi-poziadat-o-doveru-nech-si-cti-ustavu-nie-vlastnych-vydieracov\/\",\"name\":\"Fico mus\u00ed po\u017eiada\u0165 o d\u00f4veru: nech si ct\u00ed \u00fastavu, nie vlastn\u00fdch vydiera\u010dov\",\"isPartOf\":{\"@id\":\"https:\/\/www.smedemokrati.sk\/#website\"},\"primaryImageOfPage\":{\"@id\":\"https:\/\/www.smedemokrati.sk\/fico-musi-poziadat-o-doveru-nech-si-cti-ustavu-nie-vlastnych-vydieracov\/#primaryimage\"},\"image\":{\"@id\":\"https:\/\/www.smedemokrati.sk\/fico-musi-poziadat-o-doveru-nech-si-cti-ustavu-nie-vlastnych-vydieracov\/#primaryimage\"},\"thumbnailUrl\":\"https:\/\/www.smedemokrati.sk\/wp-content\/uploads\/2025\/10\/dovera-vlade.jpg\",\"datePublished\":\"2025-10-30T17:31:21+00:00\",\"dateModified\":\"2025-10-30T17:33:25+00:00\",\"breadcrumb\":{\"@id\":\"https:\/\/www.smedemokrati.sk\/fico-musi-poziadat-o-doveru-nech-si-cti-ustavu-nie-vlastnych-vydieracov\/#breadcrumb\"},\"inLanguage\":\"sv-SE\",\"potentialAction\":[{\"@type\":\"ReadAction\",\"target\":[\"https:\/\/www.smedemokrati.sk\/fico-musi-poziadat-o-doveru-nech-si-cti-ustavu-nie-vlastnych-vydieracov\/\"]}]},{\"@type\":\"ImageObject\",\"inLanguage\":\"sv-SE\",\"@id\":\"https:\/\/www.smedemokrati.sk\/fico-musi-poziadat-o-doveru-nech-si-cti-ustavu-nie-vlastnych-vydieracov\/#primaryimage\",\"url\":\"https:\/\/www.smedemokrati.sk\/wp-content\/uploads\/2025\/10\/dovera-vlade.jpg\",\"contentUrl\":\"https:\/\/www.smedemokrati.sk\/wp-content\/uploads\/2025\/10\/dovera-vlade.jpg\",\"width\":1280,\"height\":720},{\"@type\":\"BreadcrumbList\",\"@id\":\"https:\/\/www.smedemokrati.sk\/fico-musi-poziadat-o-doveru-nech-si-cti-ustavu-nie-vlastnych-vydieracov\/#breadcrumb\",\"itemListElement\":[{\"@type\":\"ListItem\",\"position\":1,\"name\":\"Domovsk\u00e1 str\u00e1nka\",\"item\":\"https:\/\/www.smedemokrati.sk\/\"},{\"@type\":\"ListItem\",\"position\":2,\"name\":\"Fico mus\u00ed po\u017eiada\u0165 o d\u00f4veru: nech si ct\u00ed \u00fastavu, nie vlastn\u00fdch vydiera\u010dov\"}]},{\"@type\":\"WebSite\",\"@id\":\"https:\/\/www.smedemokrati.sk\/#website\",\"url\":\"https:\/\/www.smedemokrati.sk\/\",\"name\":\"Smedemokrati.sk\",\"description\":\"Demokracia a slu\u0161nos\u0165 zv\u00ed\u0165az\u00ed\",\"publisher\":{\"@id\":\"https:\/\/www.smedemokrati.sk\/#organization\"},\"potentialAction\":[{\"@type\":\"SearchAction\",\"target\":{\"@type\":\"EntryPoint\",\"urlTemplate\":\"https:\/\/www.smedemokrati.sk\/?s={search_term_string}\"},\"query-input\":{\"@type\":\"PropertyValueSpecification\",\"valueRequired\":true,\"valueName\":\"search_term_string\"}}],\"inLanguage\":\"sv-SE\"},{\"@type\":\"Organization\",\"@id\":\"https:\/\/www.smedemokrati.sk\/#organization\",\"name\":\"Smedemokrati.sk\",\"url\":\"https:\/\/www.smedemokrati.sk\/\",\"logo\":{\"@type\":\"ImageObject\",\"inLanguage\":\"sv-SE\",\"@id\":\"https:\/\/www.smedemokrati.sk\/#\/schema\/logo\/image\/\",\"url\":\"https:\/\/www.smedemokrati.sk\/wp-content\/uploads\/2023\/04\/ff.002.jpeg\",\"contentUrl\":\"https:\/\/www.smedemokrati.sk\/wp-content\/uploads\/2023\/04\/ff.002.jpeg\",\"width\":640,\"height\":480,\"caption\":\"Smedemokrati.sk\"},\"image\":{\"@id\":\"https:\/\/www.smedemokrati.sk\/#\/schema\/logo\/image\/\"},\"sameAs\":[\"https:\/\/www.facebook.com\/smedemokrati2023\"]},{\"@type\":\"Person\",\"@id\":\"https:\/\/www.smedemokrati.sk\/#\/schema\/person\/21f147c88d605aa7ded900e1e7c344ba\",\"name\":\"miro.sopko\",\"image\":{\"@type\":\"ImageObject\",\"inLanguage\":\"sv-SE\",\"@id\":\"https:\/\/secure.gravatar.com\/avatar\/267e4a36f704376c109afe3a78740c1f5dd8675a2180a908699e7863c9247606?s=96&d=mm&r=g\",\"url\":\"https:\/\/secure.gravatar.com\/avatar\/267e4a36f704376c109afe3a78740c1f5dd8675a2180a908699e7863c9247606?s=96&d=mm&r=g\",\"contentUrl\":\"https:\/\/secure.gravatar.com\/avatar\/267e4a36f704376c109afe3a78740c1f5dd8675a2180a908699e7863c9247606?s=96&d=mm&r=g\",\"caption\":\"miro.sopko\"},\"url\":\"https:\/\/www.smedemokrati.sk\/sv\/author\/miro-sopko\/\"}]}<\/script>\n<!-- \/ Yoast SEO plugin. -->","yoast_head_json":{"title":"Fico mus\u00ed po\u017eiada\u0165 o d\u00f4veru: nech si ct\u00ed \u00fastavu, nie vlastn\u00fdch vydiera\u010dov","robots":{"index":"index","follow":"follow","max-snippet":"max-snippet:-1","max-image-preview":"max-image-preview:large","max-video-preview":"max-video-preview:-1"},"canonical":"https:\/\/www.smedemokrati.sk\/sv\/fico-musi-poziadat-o-doveru-nech-si-cti-ustavu-nie-vlastnych-vydieracov\/","og_locale":"sv_SE","og_type":"article","og_title":"[:sk]Fico mus\u00ed po\u017eiada\u0165 o d\u00f4veru: nech si ct\u00ed \u00fastavu, nie vlastn\u00fdch vydiera\u010dov[:] - Smedemokrati.sk","og_description":"21. novembra 2025 sa kon\u010d\u00ed v\u00fdnimka z uplat\u0148ovania pr\u00edsnej\u0161\u00edch sankci\u00ed \u00fastavn\u00e9ho z\u00e1kona o rozpo\u010dtovej zodpovednosti. Znamen\u00e1 to, \u017ee vl\u00e1da Roberta Fica mus\u00ed bezodkladne po\u017eiada\u0165 N\u00e1rodn\u00fa radu SR o vyslovenie d\u00f4very. Tak hovor\u00ed \u00fastava aj v\u00fdklad Rady pre rozpo\u010dtov\u00fa zodpovednos\u0165 po konzult\u00e1ci\u00e1ch s \u00fastavn\u00fdmi pr\u00e1vnikmi. \u201ePremi\u00e9r Fico mus\u00ed re\u0161pektova\u0165 \u00fastavu, nie sa skr\u00fdva\u0165 za politick\u00e9 dohody. [&hellip;]","og_url":"https:\/\/www.smedemokrati.sk\/sv\/fico-musi-poziadat-o-doveru-nech-si-cti-ustavu-nie-vlastnych-vydieracov\/","og_site_name":"Smedemokrati.sk","article_publisher":"https:\/\/www.facebook.com\/smedemokrati2023","article_published_time":"2025-10-30T17:31:21+00:00","article_modified_time":"2025-10-30T17:33:25+00:00","og_image":[{"width":1280,"height":720,"url":"https:\/\/www.smedemokrati.sk\/wp-content\/uploads\/2025\/10\/dovera-vlade.jpg","type":"image\/jpeg"}],"author":"miro.sopko","twitter_card":"summary_large_image","twitter_misc":{"Skriven av":"miro.sopko","Ber\u00e4knad l\u00e4stid":"2 minuter"},"schema":{"@context":"https:\/\/schema.org","@graph":[{"@type":"Article","@id":"https:\/\/www.smedemokrati.sk\/fico-musi-poziadat-o-doveru-nech-si-cti-ustavu-nie-vlastnych-vydieracov\/#article","isPartOf":{"@id":"https:\/\/www.smedemokrati.sk\/fico-musi-poziadat-o-doveru-nech-si-cti-ustavu-nie-vlastnych-vydieracov\/"},"author":{"name":"miro.sopko","@id":"https:\/\/www.smedemokrati.sk\/#\/schema\/person\/21f147c88d605aa7ded900e1e7c344ba"},"headline":"Fico mus\u00ed po\u017eiada\u0165 o d\u00f4veru: nech si ct\u00ed \u00fastavu, nie vlastn\u00fdch vydiera\u010dov","datePublished":"2025-10-30T17:31:21+00:00","dateModified":"2025-10-30T17:33:25+00:00","mainEntityOfPage":{"@id":"https:\/\/www.smedemokrati.sk\/fico-musi-poziadat-o-doveru-nech-si-cti-ustavu-nie-vlastnych-vydieracov\/"},"wordCount":349,"publisher":{"@id":"https:\/\/www.smedemokrati.sk\/#organization"},"image":{"@id":"https:\/\/www.smedemokrati.sk\/fico-musi-poziadat-o-doveru-nech-si-cti-ustavu-nie-vlastnych-vydieracov\/#primaryimage"},"thumbnailUrl":"https:\/\/www.smedemokrati.sk\/wp-content\/uploads\/2025\/10\/dovera-vlade.jpg","articleSection":["Tla\u010dov\u00e9 spr\u00e1vy"],"inLanguage":"sv-SE"},{"@type":"WebPage","@id":"https:\/\/www.smedemokrati.sk\/fico-musi-poziadat-o-doveru-nech-si-cti-ustavu-nie-vlastnych-vydieracov\/","url":"https:\/\/www.smedemokrati.sk\/fico-musi-poziadat-o-doveru-nech-si-cti-ustavu-nie-vlastnych-vydieracov\/","name":"Fico mus\u00ed po\u017eiada\u0165 o d\u00f4veru: nech si ct\u00ed \u00fastavu, nie vlastn\u00fdch vydiera\u010dov","isPartOf":{"@id":"https:\/\/www.smedemokrati.sk\/#website"},"primaryImageOfPage":{"@id":"https:\/\/www.smedemokrati.sk\/fico-musi-poziadat-o-doveru-nech-si-cti-ustavu-nie-vlastnych-vydieracov\/#primaryimage"},"image":{"@id":"https:\/\/www.smedemokrati.sk\/fico-musi-poziadat-o-doveru-nech-si-cti-ustavu-nie-vlastnych-vydieracov\/#primaryimage"},"thumbnailUrl":"https:\/\/www.smedemokrati.sk\/wp-content\/uploads\/2025\/10\/dovera-vlade.jpg","datePublished":"2025-10-30T17:31:21+00:00","dateModified":"2025-10-30T17:33:25+00:00","breadcrumb":{"@id":"https:\/\/www.smedemokrati.sk\/fico-musi-poziadat-o-doveru-nech-si-cti-ustavu-nie-vlastnych-vydieracov\/#breadcrumb"},"inLanguage":"sv-SE","potentialAction":[{"@type":"ReadAction","target":["https:\/\/www.smedemokrati.sk\/fico-musi-poziadat-o-doveru-nech-si-cti-ustavu-nie-vlastnych-vydieracov\/"]}]},{"@type":"ImageObject","inLanguage":"sv-SE","@id":"https:\/\/www.smedemokrati.sk\/fico-musi-poziadat-o-doveru-nech-si-cti-ustavu-nie-vlastnych-vydieracov\/#primaryimage","url":"https:\/\/www.smedemokrati.sk\/wp-content\/uploads\/2025\/10\/dovera-vlade.jpg","contentUrl":"https:\/\/www.smedemokrati.sk\/wp-content\/uploads\/2025\/10\/dovera-vlade.jpg","width":1280,"height":720},{"@type":"BreadcrumbList","@id":"https:\/\/www.smedemokrati.sk\/fico-musi-poziadat-o-doveru-nech-si-cti-ustavu-nie-vlastnych-vydieracov\/#breadcrumb","itemListElement":[{"@type":"ListItem","position":1,"name":"Domovsk\u00e1 str\u00e1nka","item":"https:\/\/www.smedemokrati.sk\/"},{"@type":"ListItem","position":2,"name":"Fico mus\u00ed po\u017eiada\u0165 o d\u00f4veru: nech si ct\u00ed \u00fastavu, nie vlastn\u00fdch vydiera\u010dov"}]},{"@type":"WebSite","@id":"https:\/\/www.smedemokrati.sk\/#website","url":"https:\/\/www.smedemokrati.sk\/","name":"Smedemokrati.sk","description":"Demokracia a slu\u0161nos\u0165 zv\u00ed\u0165az\u00ed","publisher":{"@id":"https:\/\/www.smedemokrati.sk\/#organization"},"potentialAction":[{"@type":"SearchAction","target":{"@type":"EntryPoint","urlTemplate":"https:\/\/www.smedemokrati.sk\/?s={search_term_string}"},"query-input":{"@type":"PropertyValueSpecification","valueRequired":true,"valueName":"search_term_string"}}],"inLanguage":"sv-SE"},{"@type":"Organization","@id":"https:\/\/www.smedemokrati.sk\/#organization","name":"Smedemokrati.sk","url":"https:\/\/www.smedemokrati.sk\/","logo":{"@type":"ImageObject","inLanguage":"sv-SE","@id":"https:\/\/www.smedemokrati.sk\/#\/schema\/logo\/image\/","url":"https:\/\/www.smedemokrati.sk\/wp-content\/uploads\/2023\/04\/ff.002.jpeg","contentUrl":"https:\/\/www.smedemokrati.sk\/wp-content\/uploads\/2023\/04\/ff.002.jpeg","width":640,"height":480,"caption":"Smedemokrati.sk"},"image":{"@id":"https:\/\/www.smedemokrati.sk\/#\/schema\/logo\/image\/"},"sameAs":["https:\/\/www.facebook.com\/smedemokrati2023"]},{"@type":"Person","@id":"https:\/\/www.smedemokrati.sk\/#\/schema\/person\/21f147c88d605aa7ded900e1e7c344ba","name":"miro.sopko","image":{"@type":"ImageObject","inLanguage":"sv-SE","@id":"https:\/\/secure.gravatar.com\/avatar\/267e4a36f704376c109afe3a78740c1f5dd8675a2180a908699e7863c9247606?s=96&d=mm&r=g","url":"https:\/\/secure.gravatar.com\/avatar\/267e4a36f704376c109afe3a78740c1f5dd8675a2180a908699e7863c9247606?s=96&d=mm&r=g","contentUrl":"https:\/\/secure.gravatar.com\/avatar\/267e4a36f704376c109afe3a78740c1f5dd8675a2180a908699e7863c9247606?s=96&d=mm&r=g","caption":"miro.sopko"},"url":"https:\/\/www.smedemokrati.sk\/sv\/author\/miro-sopko\/"}]}},"_links":{"self":[{"href":"https:\/\/www.smedemokrati.sk\/sv\/wp-json\/wp\/v2\/posts\/8394","targetHints":{"allow":["GET"]}}],"collection":[{"href":"https:\/\/www.smedemokrati.sk\/sv\/wp-json\/wp\/v2\/posts"}],"about":[{"href":"https:\/\/www.smedemokrati.sk\/sv\/wp-json\/wp\/v2\/types\/post"}],"author":[{"embeddable":true,"href":"https:\/\/www.smedemokrati.sk\/sv\/wp-json\/wp\/v2\/users\/13"}],"replies":[{"embeddable":true,"href":"https:\/\/www.smedemokrati.sk\/sv\/wp-json\/wp\/v2\/comments?post=8394"}],"version-history":[{"count":2,"href":"https:\/\/www.smedemokrati.sk\/sv\/wp-json\/wp\/v2\/posts\/8394\/revisions"}],"predecessor-version":[{"id":8397,"href":"https:\/\/www.smedemokrati.sk\/sv\/wp-json\/wp\/v2\/posts\/8394\/revisions\/8397"}],"wp:featuredmedia":[{"embeddable":true,"href":"https:\/\/www.smedemokrati.sk\/sv\/wp-json\/wp\/v2\/media\/8395"}],"wp:attachment":[{"href":"https:\/\/www.smedemokrati.sk\/sv\/wp-json\/wp\/v2\/media?parent=8394"}],"wp:term":[{"taxonomy":"category","embeddable":true,"href":"https:\/\/www.smedemokrati.sk\/sv\/wp-json\/wp\/v2\/categories?post=8394"},{"taxonomy":"post_tag","embeddable":true,"href":"https:\/\/www.smedemokrati.sk\/sv\/wp-json\/wp\/v2\/tags?post=8394"}],"curies":[{"name":"wp","href":"https:\/\/api.w.org\/{rel}","templated":true}]}}