{"id":8382,"date":"2025-10-27T18:32:45","date_gmt":"2025-10-27T17:32:45","guid":{"rendered":"https:\/\/www.smedemokrati.sk\/?p=8382"},"modified":"2025-10-27T18:32:45","modified_gmt":"2025-10-27T17:32:45","slug":"ministerstvo-hospodarstva-odmieta-vysvetlit-milionove-zmluvy-pre-vyvolenu-advokatsku-kancelariu-medzitym-pribudol-dalsi-statny-kontrakt","status":"publish","type":"post","link":"https:\/\/www.smedemokrati.sk\/sv\/ministerstvo-hospodarstva-odmieta-vysvetlit-milionove-zmluvy-pre-vyvolenu-advokatsku-kancelariu-medzitym-pribudol-dalsi-statny-kontrakt\/","title":{"rendered":"Ministerstvo hospod\u00e1rstva odmieta vysvetli\u0165 mili\u00f3nov\u00e9 zmluvy pre vyvolen\u00fa advok\u00e1tsku kancel\u00e1riu. Medzit\u00fdm pribudol \u010fal\u0161\u00ed \u0161t\u00e1tny kontrakt"},"content":{"rendered":"<div id=\"fb-root\"><\/div>\n\n<p><strong>Podpredseda Demokratov Juraj \u0160eliga upozor\u0148uje, \u017ee advok\u00e1tska kancel\u00e1ria Chrenek, Toman, Kotrba z\u00edskala od \u0161t\u00e1tu u\u017e z\u00e1kazky za viac ako 1,3 mili\u00f3na eur. Ministerstvo hospod\u00e1rstva v\u0161ak odmietlo vysvetli\u0165, pre\u010do pr\u00e1ve t\u00e1to kancel\u00e1ria z\u00edskava z\u00e1kazky naprie\u010d rezortmi.<\/strong><\/p>\n\n\n\n<p><em>\u201eP\u00fdtal som sa ministerstva hospod\u00e1rstva, v \u010dom je t\u00e1to kancel\u00e1ria v\u00fdnimo\u010dn\u00e1, \u017ee od \u0161t\u00e1tu dostala kontrakty za viac ako mili\u00f3n eur. Namiesto odpovede mi nap\u00edsali, \u017ee mi neodpovedia. To je absurdn\u00e9. \u017diados\u0165 pod\u00e1vam opakovane,\u201c&nbsp;<\/em>uviedol \u0160eliga.<\/p>\n\n\n\n<p>K\u00fdm ministerstvo ml\u010d\u00ed, pribudol \u010fal\u0161\u00ed kontrakt. Finan\u010dn\u00e9 riadite\u013estvo SR podp\u00edsalo s rovnakou kancel\u00e1riou r\u00e1mcov\u00fa zmluvu za 260 000 eur.<\/p>\n\n\n\n<p><em>\u201ePre\u010do op\u00e4\u0165 t\u00e1 ist\u00e1 kancel\u00e1ria? Nevieme. Ale budeme sa p\u00fdta\u0165. Ak ide len o to, \u017ee poznaj\u00fa spr\u00e1vnych \u013eud\u00ed, potom je to star\u00fd syst\u00e9m na\u0161ich \u013eud\u00ed v novom kab\u00e1te,\u201c<\/em>&nbsp;dodal \u0160eliga.<\/p>\n\n\n\n<p>Pod\u013ea zisten\u00ed Demokratov z\u00edskala kancel\u00e1ria Chrenek, Toman, Kotrba kontrakty s viacer\u00fdmi \u0161t\u00e1tnymi podnikmi od JAVYS, MH Invest \u010di Tepl\u00e1rensk\u00e9ho holdingu a\u017e po Valaliky Industrial Park a Finan\u010dn\u00e9 riadite\u013estvo SR spolu za viac ako 1,3 mili\u00f3na eur.<\/p>\n\n\n\n<p><em>\u201ePo kauze B\u017e\u00e1n, kde je obvinen\u00fd p\u00e1n Gedra by mala by\u0165 vl\u00e1da pri tak\u00fdchto zmluv\u00e1ch extr\u00e9mne opatrn\u00e1. Namiesto toho tu vid\u00edme nevysvetlen\u00e9 pr\u00e1vne slu\u017eby za st\u00e1tis\u00edce, k\u00e1vov\u00e9 ko\u0161ele a tendre, ktor\u00e9 smrdia. \u0160t\u00e1t m\u00e1 tis\u00edce advok\u00e1tov, no z\u00e1kazky dost\u00e1vaj\u00fa t\u00ed ist\u00ed, pre\u010do?\u201c&nbsp;<\/em>uzatv\u00e1ra Juraj \u0160eliga, podpredseda Demokratov.<\/p>\n","protected":false},"excerpt":{"rendered":"<p>Podpredseda Demokratov Juraj \u0160eliga upozor\u0148uje, \u017ee advok\u00e1tska kancel\u00e1ria Chrenek, Toman, Kotrba z\u00edskala od \u0161t\u00e1tu u\u017e z\u00e1kazky za viac ako 1,3 mili\u00f3na eur. Ministerstvo hospod\u00e1rstva v\u0161ak odmietlo vysvetli\u0165, pre\u010do pr\u00e1ve t\u00e1to kancel\u00e1ria z\u00edskava z\u00e1kazky naprie\u010d rezortmi. \u201eP\u00fdtal som sa ministerstva hospod\u00e1rstva, v \u010dom je t\u00e1to kancel\u00e1ria v\u00fdnimo\u010dn\u00e1, \u017ee od \u0161t\u00e1tu dostala kontrakty za viac ako mili\u00f3n [&hellip;]<\/p>\n","protected":false},"author":13,"featured_media":8383,"comment_status":"closed","ping_status":"closed","sticky":false,"template":"","format":"standard","meta":{"_acf_changed":false,"ngg_post_thumbnail":0,"footnotes":""},"categories":[4],"tags":[],"class_list":["post-8382","post","type-post","status-publish","format-standard","has-post-thumbnail","hentry","category-tlacove-spravy"],"acf":[],"yoast_head":"<!-- This site is optimized with the Yoast SEO plugin v27.2 - https:\/\/yoast.com\/product\/yoast-seo-wordpress\/ -->\n<title>Ministerstvo hospod\u00e1rstva odmieta vysvetli\u0165 mili\u00f3nov\u00e9 zmluvy pre vyvolen\u00fa advok\u00e1tsku kancel\u00e1riu. Medzit\u00fdm pribudol \u010fal\u0161\u00ed \u0161t\u00e1tny kontrakt<\/title>\n<meta name=\"robots\" content=\"index, follow, max-snippet:-1, max-image-preview:large, max-video-preview:-1\" \/>\n<link rel=\"canonical\" href=\"https:\/\/www.smedemokrati.sk\/sv\/ministerstvo-hospodarstva-odmieta-vysvetlit-milionove-zmluvy-pre-vyvolenu-advokatsku-kancelariu-medzitym-pribudol-dalsi-statny-kontrakt\/\" \/>\n<meta property=\"og:locale\" content=\"sv_SE\" \/>\n<meta property=\"og:locale:alternate\" content=\"en_US\" \/>\n<meta property=\"og:locale:alternate\" content=\"cs_CZ\" \/>\n<meta property=\"og:locale:alternate\" content=\"hu_HU\" \/>\n<meta property=\"og:locale:alternate\" content=\"sk_SK\" \/>\n<meta property=\"og:type\" content=\"article\" \/>\n<meta property=\"og:title\" content=\"Ministerstvo hospod\u00e1rstva odmieta vysvetli\u0165 mili\u00f3nov\u00e9 zmluvy pre vyvolen\u00fa advok\u00e1tsku kancel\u00e1riu. Medzit\u00fdm pribudol \u010fal\u0161\u00ed \u0161t\u00e1tny kontrakt\" \/>\n<meta property=\"og:description\" content=\"Podpredseda Demokratov Juraj \u0160eliga upozor\u0148uje, \u017ee advok\u00e1tska kancel\u00e1ria Chrenek, Toman, Kotrba z\u00edskala od \u0161t\u00e1tu u\u017e z\u00e1kazky za viac ako 1,3 mili\u00f3na eur. Ministerstvo hospod\u00e1rstva v\u0161ak odmietlo vysvetli\u0165, pre\u010do pr\u00e1ve t\u00e1to kancel\u00e1ria z\u00edskava z\u00e1kazky naprie\u010d rezortmi. \u201eP\u00fdtal som sa ministerstva hospod\u00e1rstva, v \u010dom je t\u00e1to kancel\u00e1ria v\u00fdnimo\u010dn\u00e1, \u017ee od \u0161t\u00e1tu dostala kontrakty za viac ako mili\u00f3n [&hellip;]\" \/>\n<meta property=\"og:url\" content=\"https:\/\/www.smedemokrati.sk\/sv\/ministerstvo-hospodarstva-odmieta-vysvetlit-milionove-zmluvy-pre-vyvolenu-advokatsku-kancelariu-medzitym-pribudol-dalsi-statny-kontrakt\/\" \/>\n<meta property=\"og:site_name\" content=\"Smedemokrati.sk\" \/>\n<meta property=\"article:publisher\" content=\"https:\/\/www.facebook.com\/smedemokrati2023\" \/>\n<meta property=\"article:published_time\" content=\"2025-10-27T17:32:45+00:00\" \/>\n<meta property=\"og:image\" content=\"https:\/\/www.smedemokrati.sk\/wp-content\/uploads\/2025\/10\/ak-chrenek-toman-kotrba11252.jpg\" \/>\n\t<meta property=\"og:image:width\" content=\"1773\" \/>\n\t<meta property=\"og:image:height\" content=\"1182\" \/>\n\t<meta property=\"og:image:type\" content=\"image\/jpeg\" \/>\n<meta name=\"author\" content=\"miro.sopko\" \/>\n<meta name=\"twitter:card\" content=\"summary_large_image\" \/>\n<meta name=\"twitter:label1\" content=\"Skriven av\" \/>\n\t<meta name=\"twitter:data1\" content=\"miro.sopko\" \/>\n\t<meta name=\"twitter:label2\" content=\"Ber\u00e4knad l\u00e4stid\" \/>\n\t<meta name=\"twitter:data2\" content=\"2 minuter\" \/>\n<script type=\"application\/ld+json\" class=\"yoast-schema-graph\">{\"@context\":\"https:\/\/schema.org\",\"@graph\":[{\"@type\":\"Article\",\"@id\":\"https:\/\/www.smedemokrati.sk\/ministerstvo-hospodarstva-odmieta-vysvetlit-milionove-zmluvy-pre-vyvolenu-advokatsku-kancelariu-medzitym-pribudol-dalsi-statny-kontrakt\/#article\",\"isPartOf\":{\"@id\":\"https:\/\/www.smedemokrati.sk\/ministerstvo-hospodarstva-odmieta-vysvetlit-milionove-zmluvy-pre-vyvolenu-advokatsku-kancelariu-medzitym-pribudol-dalsi-statny-kontrakt\/\"},\"author\":{\"name\":\"miro.sopko\",\"@id\":\"https:\/\/www.smedemokrati.sk\/#\/schema\/person\/21f147c88d605aa7ded900e1e7c344ba\"},\"headline\":\"Ministerstvo hospod\u00e1rstva odmieta vysvetli\u0165 mili\u00f3nov\u00e9 zmluvy pre vyvolen\u00fa advok\u00e1tsku kancel\u00e1riu. Medzit\u00fdm pribudol \u010fal\u0161\u00ed \u0161t\u00e1tny kontrakt\",\"datePublished\":\"2025-10-27T17:32:45+00:00\",\"mainEntityOfPage\":{\"@id\":\"https:\/\/www.smedemokrati.sk\/ministerstvo-hospodarstva-odmieta-vysvetlit-milionove-zmluvy-pre-vyvolenu-advokatsku-kancelariu-medzitym-pribudol-dalsi-statny-kontrakt\/\"},\"wordCount\":294,\"publisher\":{\"@id\":\"https:\/\/www.smedemokrati.sk\/#organization\"},\"image\":{\"@id\":\"https:\/\/www.smedemokrati.sk\/ministerstvo-hospodarstva-odmieta-vysvetlit-milionove-zmluvy-pre-vyvolenu-advokatsku-kancelariu-medzitym-pribudol-dalsi-statny-kontrakt\/#primaryimage\"},\"thumbnailUrl\":\"https:\/\/www.smedemokrati.sk\/wp-content\/uploads\/2025\/10\/ak-chrenek-toman-kotrba11252.jpg\",\"articleSection\":[\"Tla\u010dov\u00e9 spr\u00e1vy\"],\"inLanguage\":\"sv-SE\"},{\"@type\":\"WebPage\",\"@id\":\"https:\/\/www.smedemokrati.sk\/ministerstvo-hospodarstva-odmieta-vysvetlit-milionove-zmluvy-pre-vyvolenu-advokatsku-kancelariu-medzitym-pribudol-dalsi-statny-kontrakt\/\",\"url\":\"https:\/\/www.smedemokrati.sk\/ministerstvo-hospodarstva-odmieta-vysvetlit-milionove-zmluvy-pre-vyvolenu-advokatsku-kancelariu-medzitym-pribudol-dalsi-statny-kontrakt\/\",\"name\":\"Ministerstvo hospod\u00e1rstva odmieta vysvetli\u0165 mili\u00f3nov\u00e9 zmluvy pre vyvolen\u00fa advok\u00e1tsku kancel\u00e1riu. Medzit\u00fdm pribudol \u010fal\u0161\u00ed \u0161t\u00e1tny kontrakt\",\"isPartOf\":{\"@id\":\"https:\/\/www.smedemokrati.sk\/#website\"},\"primaryImageOfPage\":{\"@id\":\"https:\/\/www.smedemokrati.sk\/ministerstvo-hospodarstva-odmieta-vysvetlit-milionove-zmluvy-pre-vyvolenu-advokatsku-kancelariu-medzitym-pribudol-dalsi-statny-kontrakt\/#primaryimage\"},\"image\":{\"@id\":\"https:\/\/www.smedemokrati.sk\/ministerstvo-hospodarstva-odmieta-vysvetlit-milionove-zmluvy-pre-vyvolenu-advokatsku-kancelariu-medzitym-pribudol-dalsi-statny-kontrakt\/#primaryimage\"},\"thumbnailUrl\":\"https:\/\/www.smedemokrati.sk\/wp-content\/uploads\/2025\/10\/ak-chrenek-toman-kotrba11252.jpg\",\"datePublished\":\"2025-10-27T17:32:45+00:00\",\"breadcrumb\":{\"@id\":\"https:\/\/www.smedemokrati.sk\/ministerstvo-hospodarstva-odmieta-vysvetlit-milionove-zmluvy-pre-vyvolenu-advokatsku-kancelariu-medzitym-pribudol-dalsi-statny-kontrakt\/#breadcrumb\"},\"inLanguage\":\"sv-SE\",\"potentialAction\":[{\"@type\":\"ReadAction\",\"target\":[\"https:\/\/www.smedemokrati.sk\/ministerstvo-hospodarstva-odmieta-vysvetlit-milionove-zmluvy-pre-vyvolenu-advokatsku-kancelariu-medzitym-pribudol-dalsi-statny-kontrakt\/\"]}]},{\"@type\":\"ImageObject\",\"inLanguage\":\"sv-SE\",\"@id\":\"https:\/\/www.smedemokrati.sk\/ministerstvo-hospodarstva-odmieta-vysvetlit-milionove-zmluvy-pre-vyvolenu-advokatsku-kancelariu-medzitym-pribudol-dalsi-statny-kontrakt\/#primaryimage\",\"url\":\"https:\/\/www.smedemokrati.sk\/wp-content\/uploads\/2025\/10\/ak-chrenek-toman-kotrba11252.jpg\",\"contentUrl\":\"https:\/\/www.smedemokrati.sk\/wp-content\/uploads\/2025\/10\/ak-chrenek-toman-kotrba11252.jpg\",\"width\":1773,\"height\":1182},{\"@type\":\"BreadcrumbList\",\"@id\":\"https:\/\/www.smedemokrati.sk\/ministerstvo-hospodarstva-odmieta-vysvetlit-milionove-zmluvy-pre-vyvolenu-advokatsku-kancelariu-medzitym-pribudol-dalsi-statny-kontrakt\/#breadcrumb\",\"itemListElement\":[{\"@type\":\"ListItem\",\"position\":1,\"name\":\"Domovsk\u00e1 str\u00e1nka\",\"item\":\"https:\/\/www.smedemokrati.sk\/\"},{\"@type\":\"ListItem\",\"position\":2,\"name\":\"Ministerstvo hospod\u00e1rstva odmieta vysvetli\u0165 mili\u00f3nov\u00e9 zmluvy pre vyvolen\u00fa advok\u00e1tsku kancel\u00e1riu. Medzit\u00fdm pribudol \u010fal\u0161\u00ed \u0161t\u00e1tny kontrakt\"}]},{\"@type\":\"WebSite\",\"@id\":\"https:\/\/www.smedemokrati.sk\/#website\",\"url\":\"https:\/\/www.smedemokrati.sk\/\",\"name\":\"Smedemokrati.sk\",\"description\":\"Demokracia a slu\u0161nos\u0165 zv\u00ed\u0165az\u00ed\",\"publisher\":{\"@id\":\"https:\/\/www.smedemokrati.sk\/#organization\"},\"potentialAction\":[{\"@type\":\"SearchAction\",\"target\":{\"@type\":\"EntryPoint\",\"urlTemplate\":\"https:\/\/www.smedemokrati.sk\/?s={search_term_string}\"},\"query-input\":{\"@type\":\"PropertyValueSpecification\",\"valueRequired\":true,\"valueName\":\"search_term_string\"}}],\"inLanguage\":\"sv-SE\"},{\"@type\":\"Organization\",\"@id\":\"https:\/\/www.smedemokrati.sk\/#organization\",\"name\":\"Smedemokrati.sk\",\"url\":\"https:\/\/www.smedemokrati.sk\/\",\"logo\":{\"@type\":\"ImageObject\",\"inLanguage\":\"sv-SE\",\"@id\":\"https:\/\/www.smedemokrati.sk\/#\/schema\/logo\/image\/\",\"url\":\"https:\/\/www.smedemokrati.sk\/wp-content\/uploads\/2023\/04\/ff.002.jpeg\",\"contentUrl\":\"https:\/\/www.smedemokrati.sk\/wp-content\/uploads\/2023\/04\/ff.002.jpeg\",\"width\":640,\"height\":480,\"caption\":\"Smedemokrati.sk\"},\"image\":{\"@id\":\"https:\/\/www.smedemokrati.sk\/#\/schema\/logo\/image\/\"},\"sameAs\":[\"https:\/\/www.facebook.com\/smedemokrati2023\"]},{\"@type\":\"Person\",\"@id\":\"https:\/\/www.smedemokrati.sk\/#\/schema\/person\/21f147c88d605aa7ded900e1e7c344ba\",\"name\":\"miro.sopko\",\"image\":{\"@type\":\"ImageObject\",\"inLanguage\":\"sv-SE\",\"@id\":\"https:\/\/secure.gravatar.com\/avatar\/267e4a36f704376c109afe3a78740c1f5dd8675a2180a908699e7863c9247606?s=96&d=mm&r=g\",\"url\":\"https:\/\/secure.gravatar.com\/avatar\/267e4a36f704376c109afe3a78740c1f5dd8675a2180a908699e7863c9247606?s=96&d=mm&r=g\",\"contentUrl\":\"https:\/\/secure.gravatar.com\/avatar\/267e4a36f704376c109afe3a78740c1f5dd8675a2180a908699e7863c9247606?s=96&d=mm&r=g\",\"caption\":\"miro.sopko\"},\"url\":\"https:\/\/www.smedemokrati.sk\/sv\/author\/miro-sopko\/\"}]}<\/script>\n<!-- \/ Yoast SEO plugin. -->","yoast_head_json":{"title":"Ministerstvo hospod\u00e1rstva odmieta vysvetli\u0165 mili\u00f3nov\u00e9 zmluvy pre vyvolen\u00fa advok\u00e1tsku kancel\u00e1riu. Medzit\u00fdm pribudol \u010fal\u0161\u00ed \u0161t\u00e1tny kontrakt","robots":{"index":"index","follow":"follow","max-snippet":"max-snippet:-1","max-image-preview":"max-image-preview:large","max-video-preview":"max-video-preview:-1"},"canonical":"https:\/\/www.smedemokrati.sk\/sv\/ministerstvo-hospodarstva-odmieta-vysvetlit-milionove-zmluvy-pre-vyvolenu-advokatsku-kancelariu-medzitym-pribudol-dalsi-statny-kontrakt\/","og_locale":"sv_SE","og_type":"article","og_title":"[:sk]Ministerstvo hospod\u00e1rstva odmieta vysvetli\u0165 mili\u00f3nov\u00e9 zmluvy pre vyvolen\u00fa advok\u00e1tsku kancel\u00e1riu. Medzit\u00fdm pribudol \u010fal\u0161\u00ed \u0161t\u00e1tny kontrakt[:] - Smedemokrati.sk","og_description":"Podpredseda Demokratov Juraj \u0160eliga upozor\u0148uje, \u017ee advok\u00e1tska kancel\u00e1ria Chrenek, Toman, Kotrba z\u00edskala od \u0161t\u00e1tu u\u017e z\u00e1kazky za viac ako 1,3 mili\u00f3na eur. Ministerstvo hospod\u00e1rstva v\u0161ak odmietlo vysvetli\u0165, pre\u010do pr\u00e1ve t\u00e1to kancel\u00e1ria z\u00edskava z\u00e1kazky naprie\u010d rezortmi. \u201eP\u00fdtal som sa ministerstva hospod\u00e1rstva, v \u010dom je t\u00e1to kancel\u00e1ria v\u00fdnimo\u010dn\u00e1, \u017ee od \u0161t\u00e1tu dostala kontrakty za viac ako mili\u00f3n [&hellip;]","og_url":"https:\/\/www.smedemokrati.sk\/sv\/ministerstvo-hospodarstva-odmieta-vysvetlit-milionove-zmluvy-pre-vyvolenu-advokatsku-kancelariu-medzitym-pribudol-dalsi-statny-kontrakt\/","og_site_name":"Smedemokrati.sk","article_publisher":"https:\/\/www.facebook.com\/smedemokrati2023","article_published_time":"2025-10-27T17:32:45+00:00","og_image":[{"width":1773,"height":1182,"url":"https:\/\/www.smedemokrati.sk\/wp-content\/uploads\/2025\/10\/ak-chrenek-toman-kotrba11252.jpg","type":"image\/jpeg"}],"author":"miro.sopko","twitter_card":"summary_large_image","twitter_misc":{"Skriven av":"miro.sopko","Ber\u00e4knad l\u00e4stid":"2 minuter"},"schema":{"@context":"https:\/\/schema.org","@graph":[{"@type":"Article","@id":"https:\/\/www.smedemokrati.sk\/ministerstvo-hospodarstva-odmieta-vysvetlit-milionove-zmluvy-pre-vyvolenu-advokatsku-kancelariu-medzitym-pribudol-dalsi-statny-kontrakt\/#article","isPartOf":{"@id":"https:\/\/www.smedemokrati.sk\/ministerstvo-hospodarstva-odmieta-vysvetlit-milionove-zmluvy-pre-vyvolenu-advokatsku-kancelariu-medzitym-pribudol-dalsi-statny-kontrakt\/"},"author":{"name":"miro.sopko","@id":"https:\/\/www.smedemokrati.sk\/#\/schema\/person\/21f147c88d605aa7ded900e1e7c344ba"},"headline":"Ministerstvo hospod\u00e1rstva odmieta vysvetli\u0165 mili\u00f3nov\u00e9 zmluvy pre vyvolen\u00fa advok\u00e1tsku kancel\u00e1riu. Medzit\u00fdm pribudol \u010fal\u0161\u00ed \u0161t\u00e1tny kontrakt","datePublished":"2025-10-27T17:32:45+00:00","mainEntityOfPage":{"@id":"https:\/\/www.smedemokrati.sk\/ministerstvo-hospodarstva-odmieta-vysvetlit-milionove-zmluvy-pre-vyvolenu-advokatsku-kancelariu-medzitym-pribudol-dalsi-statny-kontrakt\/"},"wordCount":294,"publisher":{"@id":"https:\/\/www.smedemokrati.sk\/#organization"},"image":{"@id":"https:\/\/www.smedemokrati.sk\/ministerstvo-hospodarstva-odmieta-vysvetlit-milionove-zmluvy-pre-vyvolenu-advokatsku-kancelariu-medzitym-pribudol-dalsi-statny-kontrakt\/#primaryimage"},"thumbnailUrl":"https:\/\/www.smedemokrati.sk\/wp-content\/uploads\/2025\/10\/ak-chrenek-toman-kotrba11252.jpg","articleSection":["Tla\u010dov\u00e9 spr\u00e1vy"],"inLanguage":"sv-SE"},{"@type":"WebPage","@id":"https:\/\/www.smedemokrati.sk\/ministerstvo-hospodarstva-odmieta-vysvetlit-milionove-zmluvy-pre-vyvolenu-advokatsku-kancelariu-medzitym-pribudol-dalsi-statny-kontrakt\/","url":"https:\/\/www.smedemokrati.sk\/ministerstvo-hospodarstva-odmieta-vysvetlit-milionove-zmluvy-pre-vyvolenu-advokatsku-kancelariu-medzitym-pribudol-dalsi-statny-kontrakt\/","name":"Ministerstvo hospod\u00e1rstva odmieta vysvetli\u0165 mili\u00f3nov\u00e9 zmluvy pre vyvolen\u00fa advok\u00e1tsku kancel\u00e1riu. Medzit\u00fdm pribudol \u010fal\u0161\u00ed \u0161t\u00e1tny kontrakt","isPartOf":{"@id":"https:\/\/www.smedemokrati.sk\/#website"},"primaryImageOfPage":{"@id":"https:\/\/www.smedemokrati.sk\/ministerstvo-hospodarstva-odmieta-vysvetlit-milionove-zmluvy-pre-vyvolenu-advokatsku-kancelariu-medzitym-pribudol-dalsi-statny-kontrakt\/#primaryimage"},"image":{"@id":"https:\/\/www.smedemokrati.sk\/ministerstvo-hospodarstva-odmieta-vysvetlit-milionove-zmluvy-pre-vyvolenu-advokatsku-kancelariu-medzitym-pribudol-dalsi-statny-kontrakt\/#primaryimage"},"thumbnailUrl":"https:\/\/www.smedemokrati.sk\/wp-content\/uploads\/2025\/10\/ak-chrenek-toman-kotrba11252.jpg","datePublished":"2025-10-27T17:32:45+00:00","breadcrumb":{"@id":"https:\/\/www.smedemokrati.sk\/ministerstvo-hospodarstva-odmieta-vysvetlit-milionove-zmluvy-pre-vyvolenu-advokatsku-kancelariu-medzitym-pribudol-dalsi-statny-kontrakt\/#breadcrumb"},"inLanguage":"sv-SE","potentialAction":[{"@type":"ReadAction","target":["https:\/\/www.smedemokrati.sk\/ministerstvo-hospodarstva-odmieta-vysvetlit-milionove-zmluvy-pre-vyvolenu-advokatsku-kancelariu-medzitym-pribudol-dalsi-statny-kontrakt\/"]}]},{"@type":"ImageObject","inLanguage":"sv-SE","@id":"https:\/\/www.smedemokrati.sk\/ministerstvo-hospodarstva-odmieta-vysvetlit-milionove-zmluvy-pre-vyvolenu-advokatsku-kancelariu-medzitym-pribudol-dalsi-statny-kontrakt\/#primaryimage","url":"https:\/\/www.smedemokrati.sk\/wp-content\/uploads\/2025\/10\/ak-chrenek-toman-kotrba11252.jpg","contentUrl":"https:\/\/www.smedemokrati.sk\/wp-content\/uploads\/2025\/10\/ak-chrenek-toman-kotrba11252.jpg","width":1773,"height":1182},{"@type":"BreadcrumbList","@id":"https:\/\/www.smedemokrati.sk\/ministerstvo-hospodarstva-odmieta-vysvetlit-milionove-zmluvy-pre-vyvolenu-advokatsku-kancelariu-medzitym-pribudol-dalsi-statny-kontrakt\/#breadcrumb","itemListElement":[{"@type":"ListItem","position":1,"name":"Domovsk\u00e1 str\u00e1nka","item":"https:\/\/www.smedemokrati.sk\/"},{"@type":"ListItem","position":2,"name":"Ministerstvo hospod\u00e1rstva odmieta vysvetli\u0165 mili\u00f3nov\u00e9 zmluvy pre vyvolen\u00fa advok\u00e1tsku kancel\u00e1riu. Medzit\u00fdm pribudol \u010fal\u0161\u00ed \u0161t\u00e1tny kontrakt"}]},{"@type":"WebSite","@id":"https:\/\/www.smedemokrati.sk\/#website","url":"https:\/\/www.smedemokrati.sk\/","name":"Smedemokrati.sk","description":"Demokracia a slu\u0161nos\u0165 zv\u00ed\u0165az\u00ed","publisher":{"@id":"https:\/\/www.smedemokrati.sk\/#organization"},"potentialAction":[{"@type":"SearchAction","target":{"@type":"EntryPoint","urlTemplate":"https:\/\/www.smedemokrati.sk\/?s={search_term_string}"},"query-input":{"@type":"PropertyValueSpecification","valueRequired":true,"valueName":"search_term_string"}}],"inLanguage":"sv-SE"},{"@type":"Organization","@id":"https:\/\/www.smedemokrati.sk\/#organization","name":"Smedemokrati.sk","url":"https:\/\/www.smedemokrati.sk\/","logo":{"@type":"ImageObject","inLanguage":"sv-SE","@id":"https:\/\/www.smedemokrati.sk\/#\/schema\/logo\/image\/","url":"https:\/\/www.smedemokrati.sk\/wp-content\/uploads\/2023\/04\/ff.002.jpeg","contentUrl":"https:\/\/www.smedemokrati.sk\/wp-content\/uploads\/2023\/04\/ff.002.jpeg","width":640,"height":480,"caption":"Smedemokrati.sk"},"image":{"@id":"https:\/\/www.smedemokrati.sk\/#\/schema\/logo\/image\/"},"sameAs":["https:\/\/www.facebook.com\/smedemokrati2023"]},{"@type":"Person","@id":"https:\/\/www.smedemokrati.sk\/#\/schema\/person\/21f147c88d605aa7ded900e1e7c344ba","name":"miro.sopko","image":{"@type":"ImageObject","inLanguage":"sv-SE","@id":"https:\/\/secure.gravatar.com\/avatar\/267e4a36f704376c109afe3a78740c1f5dd8675a2180a908699e7863c9247606?s=96&d=mm&r=g","url":"https:\/\/secure.gravatar.com\/avatar\/267e4a36f704376c109afe3a78740c1f5dd8675a2180a908699e7863c9247606?s=96&d=mm&r=g","contentUrl":"https:\/\/secure.gravatar.com\/avatar\/267e4a36f704376c109afe3a78740c1f5dd8675a2180a908699e7863c9247606?s=96&d=mm&r=g","caption":"miro.sopko"},"url":"https:\/\/www.smedemokrati.sk\/sv\/author\/miro-sopko\/"}]}},"_links":{"self":[{"href":"https:\/\/www.smedemokrati.sk\/sv\/wp-json\/wp\/v2\/posts\/8382","targetHints":{"allow":["GET"]}}],"collection":[{"href":"https:\/\/www.smedemokrati.sk\/sv\/wp-json\/wp\/v2\/posts"}],"about":[{"href":"https:\/\/www.smedemokrati.sk\/sv\/wp-json\/wp\/v2\/types\/post"}],"author":[{"embeddable":true,"href":"https:\/\/www.smedemokrati.sk\/sv\/wp-json\/wp\/v2\/users\/13"}],"replies":[{"embeddable":true,"href":"https:\/\/www.smedemokrati.sk\/sv\/wp-json\/wp\/v2\/comments?post=8382"}],"version-history":[{"count":1,"href":"https:\/\/www.smedemokrati.sk\/sv\/wp-json\/wp\/v2\/posts\/8382\/revisions"}],"predecessor-version":[{"id":8384,"href":"https:\/\/www.smedemokrati.sk\/sv\/wp-json\/wp\/v2\/posts\/8382\/revisions\/8384"}],"wp:featuredmedia":[{"embeddable":true,"href":"https:\/\/www.smedemokrati.sk\/sv\/wp-json\/wp\/v2\/media\/8383"}],"wp:attachment":[{"href":"https:\/\/www.smedemokrati.sk\/sv\/wp-json\/wp\/v2\/media?parent=8382"}],"wp:term":[{"taxonomy":"category","embeddable":true,"href":"https:\/\/www.smedemokrati.sk\/sv\/wp-json\/wp\/v2\/categories?post=8382"},{"taxonomy":"post_tag","embeddable":true,"href":"https:\/\/www.smedemokrati.sk\/sv\/wp-json\/wp\/v2\/tags?post=8382"}],"curies":[{"name":"wp","href":"https:\/\/api.w.org\/{rel}","templated":true}]}}