{"id":8354,"date":"2025-10-20T16:54:35","date_gmt":"2025-10-20T15:54:35","guid":{"rendered":"https:\/\/www.smedemokrati.sk\/?p=8354"},"modified":"2025-10-20T16:55:10","modified_gmt":"2025-10-20T15:55:10","slug":"jana-maskarova-nie-je-nezavisla-policajna-prezidentka-nemala-by-byt-potvrdena-vo-funkcii","status":"publish","type":"post","link":"https:\/\/www.smedemokrati.sk\/sv\/jana-maskarova-nie-je-nezavisla-policajna-prezidentka-nemala-by-byt-potvrdena-vo-funkcii\/","title":{"rendered":"Jana Ma\u0161karov\u00e1 nie je nez\u00e1visl\u00e1 policajn\u00e1 prezidentka. Nemala by by\u0165 potvrden\u00e1 vo funkcii"},"content":{"rendered":"<div id=\"fb-root\"><\/div>\n\n<p><strong>D\u00f4vera v bezpe\u010dnostn\u00e9 zlo\u017eky \u0161t\u00e1tu sa nerod\u00ed \u00fasmevmi ani fr\u00e1zami, ale skutkami. Konanie policajnej prezidentky Jany Ma\u0161karovej v posledn\u00fdch mesiacoch v\u00e1\u017ene spochyb\u0148uje jej schopnos\u0165 nestranne vies\u0165 Policajn\u00fd zbor. Dne\u0161n\u00e9 rokovanie V\u00fdboru pre obranu a bezpe\u010dnos\u0165 v N\u00e1rodnej rade SR to len potvrdilo. Strana Demokrati nes\u00fahlas\u00ed s n\u00e1vrhom menovania pani Ma\u0161karovej do funkcie policajnej prezidentky.<\/strong><\/p>\n\n\n\n<p>Opakovan\u00e9 nejasnosti pri person\u00e1lnych rozhodnutiach, slab\u00e1 komunik\u00e1cia s verejnos\u0165ou a vyh\u00fdbanie sa odpovediam na z\u00e1sadn\u00e9 ot\u00e1zky podkop\u00e1vaj\u00fa d\u00f4veru odborn\u00edkov aj ob\u010danov. Policajn\u00e1 prezidentka nem\u00f4\u017ee ml\u010da\u0165, ke\u010f sa od nej o\u010dak\u00e1va jasn\u00e9 stanovisko \u2013 \u010di u\u017e pri vy\u0161etrovan\u00ed k\u00e1uz, fungovan\u00ed Policajn\u00e9ho zboru alebo politick\u00fdch tlakoch.<\/p>\n\n\n\n<p><em>\u201eJe smutn\u00e9, \u017ee pani Ma\u0161karov\u00e1 sa tv\u00e1ri, \u017ee nevid\u00ed to, \u010do vidia v\u0161etci \u2013 \u017ee novela trestn\u00e9ho z\u00e1kona a trestn\u00e9ho poriadku \u0161kod\u00ed Slovensku, kriminalita st\u00fapa a \u013eudia sa c\u00edtia ohrozen\u00ed,\u201c<\/em> hovor\u00ed Juraj \u0160eliga, podpredseda strany Demokrati.<\/p>\n\n\n\n<p>Aj dne\u0161n\u00e9 vypo\u010dutie pred v\u00fdborom uk\u00e1zalo, \u017ee pani Ma\u0161karov\u00e1 sa vyh\u00fdba zodpovednosti a nedok\u00e1\u017ee sa postavi\u0165 za vlastn\u00fdch policajtov. <em>\u201eNa jednej strane tvrd\u00ed, \u017ee v\u017edy konala z\u00e1konne a rovnako jej podriaden\u00ed. No ke\u010f pr\u00edde na policajtov okolo J\u00e1na \u010curillu, spr\u00e1va sa, akoby ich nepoznala, a s\u00fahlas\u00ed s r\u00e9torikou Tibora Ga\u0161para. Pritom bola vo veden\u00ed pol\u00edcie, ke\u010f prebiehali akcie B\u00farka, V\u00edchrica a O\u010distec, ktor\u00e9 vy\u0161etrovali \u010curillovci. Vtedy nehovorila ani o nez\u00e1konnosti, ani o nemor\u00e1lnosti. Dnes v\u0161ak prikyvuje \u010dloveku, ktor\u00fd je za tieto veci ob\u017ealovan\u00fd,\u201c<\/em> uv\u00e1dza \u0160eliga.<\/p>\n\n\n\n<p>P\u00f4sobenie pani Ma\u0161karovej otv\u00e1ra priestor politick\u00fdm z\u00e1sahom zo strany Roberta Fica, Mat\u00fa\u0161a \u0160utaja E\u0161toka \u010di Tibora Ga\u0161para, ktor\u00fd je pod\u013ea ob\u017ealoby sp\u00e1jan\u00fd so zneu\u017e\u00edvan\u00edm Policajn\u00e9ho zboru a funkcie policajn\u00e9ho prezidenta.<em> \u201eNamiesto jasn\u00e9ho di\u0161tancovania sa od tak\u00fdchto vplyvov na\u010d\u00fava ich r\u00e9torike a toleruje \u00fatoky na vy\u0161etrovate\u013eov a tlaky na Policajn\u00fd zbor,\u201c <\/em>dod\u00e1va \u0160eliga.<\/p>\n\n\n\n<p><em>\u201eOsobitnou kapitolou s\u00fa pracovn\u00e9 podmienky a odme\u0148ovanie policajtov a policajtiek. Pani Ma\u0161karov\u00e1 rozpr\u00e1va o stabiliz\u00e1cii zboru, ale realita je opa\u010dn\u00e1 \u2013 policajti s\u00fa pre\u0165a\u017een\u00ed, valoriz\u00e1cia bola odmietnut\u00e1 a ich materi\u00e1lne zabezpe\u010denie je v zlom stave. Namiesto rie\u0161enia v\u00fdstroja, platov a podmienok sa rie\u0161ia polepy \u00e1ut a marketing, dokonca nov\u00e9 logo policajn\u00e9ho zboru. Pl\u00e1n rozvoja, ktor\u00fd bol pripraven\u00fd, sa nerealizuje, a policajti si kupuj\u00fa vlastn\u00e9 pono\u017eky a tri\u010dk\u00e1, to je realita policajtov na Slovensku\u201c<\/em> upozor\u0148uje \u0160eliga.<\/p>\n\n\n\n<p>Ak m\u00e1 vedenie Policajn\u00e9ho zboru zosta\u0165 nez\u00e1visl\u00e9 a hodn\u00e9 re\u0161pektu, mus\u00ed by\u0165 transparentn\u00e9 a zodpovedn\u00e9. S\u00fa\u010dasn\u00fd stav, ke\u010f sa odpovede ods\u00favaj\u00fa alebo relativizuj\u00fa, je neudr\u017eate\u013en\u00fd. Pani Ma\u0161karov\u00e1 nevie vysvetli\u0165, na z\u00e1klade \u010doho prij\u00edma k\u013e\u00fa\u010dov\u00e9 rozhodnutia ani \u010di dok\u00e1\u017ee garantova\u0165, \u017ee vy\u0161etrovatelia a funkcion\u00e1ri ne\u010delia nepr\u00edpustn\u00fdm z\u00e1sahom.<\/p>\n\n\n\n<p><em>\u201eSvoj\u00edm konan\u00edm potvrdzuje, \u017ee je pod enormn\u00fdm politick\u00fdm tlakom a nekon\u00e1 slobodne ako policajn\u00e1 prezidentka. Dne\u0161n\u00e9 vypo\u010dutie v parlamente to len zv\u00fdraznilo. Preto nem\u00e1 by\u0165 vymenovan\u00e1 za riadnu policajn\u00fa prezidentku,\u201c<\/em> uzatv\u00e1ra Juraj \u0160eliga.<\/p>\n","protected":false},"excerpt":{"rendered":"<p>D\u00f4vera v bezpe\u010dnostn\u00e9 zlo\u017eky \u0161t\u00e1tu sa nerod\u00ed \u00fasmevmi ani fr\u00e1zami, ale skutkami. Konanie policajnej prezidentky Jany Ma\u0161karovej v posledn\u00fdch mesiacoch v\u00e1\u017ene spochyb\u0148uje jej schopnos\u0165 nestranne vies\u0165 Policajn\u00fd zbor. Dne\u0161n\u00e9 rokovanie V\u00fdboru pre obranu a bezpe\u010dnos\u0165 v N\u00e1rodnej rade SR to len potvrdilo. Strana Demokrati nes\u00fahlas\u00ed s n\u00e1vrhom menovania pani Ma\u0161karovej do funkcie policajnej prezidentky. Opakovan\u00e9 [&hellip;]<\/p>\n","protected":false},"author":13,"featured_media":930,"comment_status":"closed","ping_status":"closed","sticky":false,"template":"","format":"standard","meta":{"_acf_changed":false,"ngg_post_thumbnail":0,"footnotes":""},"categories":[4],"tags":[],"class_list":["post-8354","post","type-post","status-publish","format-standard","has-post-thumbnail","hentry","category-tlacove-spravy"],"acf":[],"yoast_head":"<!-- This site is optimized with the Yoast SEO plugin v27.2 - https:\/\/yoast.com\/product\/yoast-seo-wordpress\/ -->\n<title>Jana Ma\u0161karov\u00e1 nie je nez\u00e1visl\u00e1 policajn\u00e1 prezidentka. Nemala by by\u0165 potvrden\u00e1 vo funkcii<\/title>\n<meta name=\"robots\" content=\"index, follow, max-snippet:-1, max-image-preview:large, max-video-preview:-1\" \/>\n<link rel=\"canonical\" href=\"https:\/\/www.smedemokrati.sk\/sv\/jana-maskarova-nie-je-nezavisla-policajna-prezidentka-nemala-by-byt-potvrdena-vo-funkcii\/\" \/>\n<meta property=\"og:locale\" content=\"sv_SE\" \/>\n<meta property=\"og:locale:alternate\" content=\"en_US\" \/>\n<meta property=\"og:locale:alternate\" content=\"cs_CZ\" \/>\n<meta property=\"og:locale:alternate\" content=\"hu_HU\" \/>\n<meta property=\"og:locale:alternate\" content=\"sk_SK\" \/>\n<meta property=\"og:type\" content=\"article\" \/>\n<meta property=\"og:title\" content=\"Jana Ma\u0161karov\u00e1 nie je nez\u00e1visl\u00e1 policajn\u00e1 prezidentka. Nemala by by\u0165 potvrden\u00e1 vo funkcii\" \/>\n<meta property=\"og:description\" content=\"D\u00f4vera v bezpe\u010dnostn\u00e9 zlo\u017eky \u0161t\u00e1tu sa nerod\u00ed \u00fasmevmi ani fr\u00e1zami, ale skutkami. Konanie policajnej prezidentky Jany Ma\u0161karovej v posledn\u00fdch mesiacoch v\u00e1\u017ene spochyb\u0148uje jej schopnos\u0165 nestranne vies\u0165 Policajn\u00fd zbor. Dne\u0161n\u00e9 rokovanie V\u00fdboru pre obranu a bezpe\u010dnos\u0165 v N\u00e1rodnej rade SR to len potvrdilo. Strana Demokrati nes\u00fahlas\u00ed s n\u00e1vrhom menovania pani Ma\u0161karovej do funkcie policajnej prezidentky. Opakovan\u00e9 [&hellip;]\" \/>\n<meta property=\"og:url\" content=\"https:\/\/www.smedemokrati.sk\/sv\/jana-maskarova-nie-je-nezavisla-policajna-prezidentka-nemala-by-byt-potvrdena-vo-funkcii\/\" \/>\n<meta property=\"og:site_name\" content=\"Smedemokrati.sk\" \/>\n<meta property=\"article:publisher\" content=\"https:\/\/www.facebook.com\/smedemokrati2023\" \/>\n<meta property=\"article:published_time\" content=\"2025-10-20T15:54:35+00:00\" \/>\n<meta property=\"article:modified_time\" content=\"2025-10-20T15:55:10+00:00\" \/>\n<meta property=\"og:image\" content=\"https:\/\/www.smedemokrati.sk\/wp-content\/uploads\/2023\/04\/Images_web_portety_JS.jpg\" \/>\n\t<meta property=\"og:image:width\" content=\"1520\" \/>\n\t<meta property=\"og:image:height\" content=\"1080\" \/>\n\t<meta property=\"og:image:type\" content=\"image\/jpeg\" \/>\n<meta name=\"author\" content=\"miro.sopko\" \/>\n<meta name=\"twitter:card\" content=\"summary_large_image\" \/>\n<meta name=\"twitter:label1\" content=\"Skriven av\" \/>\n\t<meta name=\"twitter:data1\" content=\"miro.sopko\" \/>\n\t<meta name=\"twitter:label2\" content=\"Ber\u00e4knad l\u00e4stid\" \/>\n\t<meta name=\"twitter:data2\" content=\"3 minuter\" \/>\n<script type=\"application\/ld+json\" class=\"yoast-schema-graph\">{\"@context\":\"https:\/\/schema.org\",\"@graph\":[{\"@type\":\"Article\",\"@id\":\"https:\/\/www.smedemokrati.sk\/jana-maskarova-nie-je-nezavisla-policajna-prezidentka-nemala-by-byt-potvrdena-vo-funkcii\/#article\",\"isPartOf\":{\"@id\":\"https:\/\/www.smedemokrati.sk\/jana-maskarova-nie-je-nezavisla-policajna-prezidentka-nemala-by-byt-potvrdena-vo-funkcii\/\"},\"author\":{\"name\":\"miro.sopko\",\"@id\":\"https:\/\/www.smedemokrati.sk\/#\/schema\/person\/21f147c88d605aa7ded900e1e7c344ba\"},\"headline\":\"Jana Ma\u0161karov\u00e1 nie je nez\u00e1visl\u00e1 policajn\u00e1 prezidentka. Nemala by by\u0165 potvrden\u00e1 vo funkcii\",\"datePublished\":\"2025-10-20T15:54:35+00:00\",\"dateModified\":\"2025-10-20T15:55:10+00:00\",\"mainEntityOfPage\":{\"@id\":\"https:\/\/www.smedemokrati.sk\/jana-maskarova-nie-je-nezavisla-policajna-prezidentka-nemala-by-byt-potvrdena-vo-funkcii\/\"},\"wordCount\":574,\"publisher\":{\"@id\":\"https:\/\/www.smedemokrati.sk\/#organization\"},\"image\":{\"@id\":\"https:\/\/www.smedemokrati.sk\/jana-maskarova-nie-je-nezavisla-policajna-prezidentka-nemala-by-byt-potvrdena-vo-funkcii\/#primaryimage\"},\"thumbnailUrl\":\"https:\/\/www.smedemokrati.sk\/wp-content\/uploads\/2023\/04\/Images_web_portety_JS.jpg\",\"articleSection\":[\"Tla\u010dov\u00e9 spr\u00e1vy\"],\"inLanguage\":\"sv-SE\"},{\"@type\":\"WebPage\",\"@id\":\"https:\/\/www.smedemokrati.sk\/jana-maskarova-nie-je-nezavisla-policajna-prezidentka-nemala-by-byt-potvrdena-vo-funkcii\/\",\"url\":\"https:\/\/www.smedemokrati.sk\/jana-maskarova-nie-je-nezavisla-policajna-prezidentka-nemala-by-byt-potvrdena-vo-funkcii\/\",\"name\":\"Jana Ma\u0161karov\u00e1 nie je nez\u00e1visl\u00e1 policajn\u00e1 prezidentka. Nemala by by\u0165 potvrden\u00e1 vo funkcii\",\"isPartOf\":{\"@id\":\"https:\/\/www.smedemokrati.sk\/#website\"},\"primaryImageOfPage\":{\"@id\":\"https:\/\/www.smedemokrati.sk\/jana-maskarova-nie-je-nezavisla-policajna-prezidentka-nemala-by-byt-potvrdena-vo-funkcii\/#primaryimage\"},\"image\":{\"@id\":\"https:\/\/www.smedemokrati.sk\/jana-maskarova-nie-je-nezavisla-policajna-prezidentka-nemala-by-byt-potvrdena-vo-funkcii\/#primaryimage\"},\"thumbnailUrl\":\"https:\/\/www.smedemokrati.sk\/wp-content\/uploads\/2023\/04\/Images_web_portety_JS.jpg\",\"datePublished\":\"2025-10-20T15:54:35+00:00\",\"dateModified\":\"2025-10-20T15:55:10+00:00\",\"breadcrumb\":{\"@id\":\"https:\/\/www.smedemokrati.sk\/jana-maskarova-nie-je-nezavisla-policajna-prezidentka-nemala-by-byt-potvrdena-vo-funkcii\/#breadcrumb\"},\"inLanguage\":\"sv-SE\",\"potentialAction\":[{\"@type\":\"ReadAction\",\"target\":[\"https:\/\/www.smedemokrati.sk\/jana-maskarova-nie-je-nezavisla-policajna-prezidentka-nemala-by-byt-potvrdena-vo-funkcii\/\"]}]},{\"@type\":\"ImageObject\",\"inLanguage\":\"sv-SE\",\"@id\":\"https:\/\/www.smedemokrati.sk\/jana-maskarova-nie-je-nezavisla-policajna-prezidentka-nemala-by-byt-potvrdena-vo-funkcii\/#primaryimage\",\"url\":\"https:\/\/www.smedemokrati.sk\/wp-content\/uploads\/2023\/04\/Images_web_portety_JS.jpg\",\"contentUrl\":\"https:\/\/www.smedemokrati.sk\/wp-content\/uploads\/2023\/04\/Images_web_portety_JS.jpg\",\"width\":1520,\"height\":1080},{\"@type\":\"BreadcrumbList\",\"@id\":\"https:\/\/www.smedemokrati.sk\/jana-maskarova-nie-je-nezavisla-policajna-prezidentka-nemala-by-byt-potvrdena-vo-funkcii\/#breadcrumb\",\"itemListElement\":[{\"@type\":\"ListItem\",\"position\":1,\"name\":\"Domovsk\u00e1 str\u00e1nka\",\"item\":\"https:\/\/www.smedemokrati.sk\/\"},{\"@type\":\"ListItem\",\"position\":2,\"name\":\"Jana Ma\u0161karov\u00e1 nie je nez\u00e1visl\u00e1 policajn\u00e1 prezidentka. Nemala by by\u0165 potvrden\u00e1 vo funkcii\"}]},{\"@type\":\"WebSite\",\"@id\":\"https:\/\/www.smedemokrati.sk\/#website\",\"url\":\"https:\/\/www.smedemokrati.sk\/\",\"name\":\"Smedemokrati.sk\",\"description\":\"Demokracia a slu\u0161nos\u0165 zv\u00ed\u0165az\u00ed\",\"publisher\":{\"@id\":\"https:\/\/www.smedemokrati.sk\/#organization\"},\"potentialAction\":[{\"@type\":\"SearchAction\",\"target\":{\"@type\":\"EntryPoint\",\"urlTemplate\":\"https:\/\/www.smedemokrati.sk\/?s={search_term_string}\"},\"query-input\":{\"@type\":\"PropertyValueSpecification\",\"valueRequired\":true,\"valueName\":\"search_term_string\"}}],\"inLanguage\":\"sv-SE\"},{\"@type\":\"Organization\",\"@id\":\"https:\/\/www.smedemokrati.sk\/#organization\",\"name\":\"Smedemokrati.sk\",\"url\":\"https:\/\/www.smedemokrati.sk\/\",\"logo\":{\"@type\":\"ImageObject\",\"inLanguage\":\"sv-SE\",\"@id\":\"https:\/\/www.smedemokrati.sk\/#\/schema\/logo\/image\/\",\"url\":\"https:\/\/www.smedemokrati.sk\/wp-content\/uploads\/2023\/04\/ff.002.jpeg\",\"contentUrl\":\"https:\/\/www.smedemokrati.sk\/wp-content\/uploads\/2023\/04\/ff.002.jpeg\",\"width\":640,\"height\":480,\"caption\":\"Smedemokrati.sk\"},\"image\":{\"@id\":\"https:\/\/www.smedemokrati.sk\/#\/schema\/logo\/image\/\"},\"sameAs\":[\"https:\/\/www.facebook.com\/smedemokrati2023\"]},{\"@type\":\"Person\",\"@id\":\"https:\/\/www.smedemokrati.sk\/#\/schema\/person\/21f147c88d605aa7ded900e1e7c344ba\",\"name\":\"miro.sopko\",\"image\":{\"@type\":\"ImageObject\",\"inLanguage\":\"sv-SE\",\"@id\":\"https:\/\/secure.gravatar.com\/avatar\/267e4a36f704376c109afe3a78740c1f5dd8675a2180a908699e7863c9247606?s=96&d=mm&r=g\",\"url\":\"https:\/\/secure.gravatar.com\/avatar\/267e4a36f704376c109afe3a78740c1f5dd8675a2180a908699e7863c9247606?s=96&d=mm&r=g\",\"contentUrl\":\"https:\/\/secure.gravatar.com\/avatar\/267e4a36f704376c109afe3a78740c1f5dd8675a2180a908699e7863c9247606?s=96&d=mm&r=g\",\"caption\":\"miro.sopko\"},\"url\":\"https:\/\/www.smedemokrati.sk\/sv\/author\/miro-sopko\/\"}]}<\/script>\n<!-- \/ Yoast SEO plugin. -->","yoast_head_json":{"title":"Jana Ma\u0161karov\u00e1 nie je nez\u00e1visl\u00e1 policajn\u00e1 prezidentka. Nemala by by\u0165 potvrden\u00e1 vo funkcii","robots":{"index":"index","follow":"follow","max-snippet":"max-snippet:-1","max-image-preview":"max-image-preview:large","max-video-preview":"max-video-preview:-1"},"canonical":"https:\/\/www.smedemokrati.sk\/sv\/jana-maskarova-nie-je-nezavisla-policajna-prezidentka-nemala-by-byt-potvrdena-vo-funkcii\/","og_locale":"sv_SE","og_type":"article","og_title":"[:sk]Jana Ma\u0161karov\u00e1 nie je nez\u00e1visl\u00e1 policajn\u00e1 prezidentka. Nemala by by\u0165 potvrden\u00e1 vo funkcii[:] - Smedemokrati.sk","og_description":"D\u00f4vera v bezpe\u010dnostn\u00e9 zlo\u017eky \u0161t\u00e1tu sa nerod\u00ed \u00fasmevmi ani fr\u00e1zami, ale skutkami. Konanie policajnej prezidentky Jany Ma\u0161karovej v posledn\u00fdch mesiacoch v\u00e1\u017ene spochyb\u0148uje jej schopnos\u0165 nestranne vies\u0165 Policajn\u00fd zbor. Dne\u0161n\u00e9 rokovanie V\u00fdboru pre obranu a bezpe\u010dnos\u0165 v N\u00e1rodnej rade SR to len potvrdilo. Strana Demokrati nes\u00fahlas\u00ed s n\u00e1vrhom menovania pani Ma\u0161karovej do funkcie policajnej prezidentky. Opakovan\u00e9 [&hellip;]","og_url":"https:\/\/www.smedemokrati.sk\/sv\/jana-maskarova-nie-je-nezavisla-policajna-prezidentka-nemala-by-byt-potvrdena-vo-funkcii\/","og_site_name":"Smedemokrati.sk","article_publisher":"https:\/\/www.facebook.com\/smedemokrati2023","article_published_time":"2025-10-20T15:54:35+00:00","article_modified_time":"2025-10-20T15:55:10+00:00","og_image":[{"width":1520,"height":1080,"url":"https:\/\/www.smedemokrati.sk\/wp-content\/uploads\/2023\/04\/Images_web_portety_JS.jpg","type":"image\/jpeg"}],"author":"miro.sopko","twitter_card":"summary_large_image","twitter_misc":{"Skriven av":"miro.sopko","Ber\u00e4knad l\u00e4stid":"3 minuter"},"schema":{"@context":"https:\/\/schema.org","@graph":[{"@type":"Article","@id":"https:\/\/www.smedemokrati.sk\/jana-maskarova-nie-je-nezavisla-policajna-prezidentka-nemala-by-byt-potvrdena-vo-funkcii\/#article","isPartOf":{"@id":"https:\/\/www.smedemokrati.sk\/jana-maskarova-nie-je-nezavisla-policajna-prezidentka-nemala-by-byt-potvrdena-vo-funkcii\/"},"author":{"name":"miro.sopko","@id":"https:\/\/www.smedemokrati.sk\/#\/schema\/person\/21f147c88d605aa7ded900e1e7c344ba"},"headline":"Jana Ma\u0161karov\u00e1 nie je nez\u00e1visl\u00e1 policajn\u00e1 prezidentka. Nemala by by\u0165 potvrden\u00e1 vo funkcii","datePublished":"2025-10-20T15:54:35+00:00","dateModified":"2025-10-20T15:55:10+00:00","mainEntityOfPage":{"@id":"https:\/\/www.smedemokrati.sk\/jana-maskarova-nie-je-nezavisla-policajna-prezidentka-nemala-by-byt-potvrdena-vo-funkcii\/"},"wordCount":574,"publisher":{"@id":"https:\/\/www.smedemokrati.sk\/#organization"},"image":{"@id":"https:\/\/www.smedemokrati.sk\/jana-maskarova-nie-je-nezavisla-policajna-prezidentka-nemala-by-byt-potvrdena-vo-funkcii\/#primaryimage"},"thumbnailUrl":"https:\/\/www.smedemokrati.sk\/wp-content\/uploads\/2023\/04\/Images_web_portety_JS.jpg","articleSection":["Tla\u010dov\u00e9 spr\u00e1vy"],"inLanguage":"sv-SE"},{"@type":"WebPage","@id":"https:\/\/www.smedemokrati.sk\/jana-maskarova-nie-je-nezavisla-policajna-prezidentka-nemala-by-byt-potvrdena-vo-funkcii\/","url":"https:\/\/www.smedemokrati.sk\/jana-maskarova-nie-je-nezavisla-policajna-prezidentka-nemala-by-byt-potvrdena-vo-funkcii\/","name":"Jana Ma\u0161karov\u00e1 nie je nez\u00e1visl\u00e1 policajn\u00e1 prezidentka. Nemala by by\u0165 potvrden\u00e1 vo funkcii","isPartOf":{"@id":"https:\/\/www.smedemokrati.sk\/#website"},"primaryImageOfPage":{"@id":"https:\/\/www.smedemokrati.sk\/jana-maskarova-nie-je-nezavisla-policajna-prezidentka-nemala-by-byt-potvrdena-vo-funkcii\/#primaryimage"},"image":{"@id":"https:\/\/www.smedemokrati.sk\/jana-maskarova-nie-je-nezavisla-policajna-prezidentka-nemala-by-byt-potvrdena-vo-funkcii\/#primaryimage"},"thumbnailUrl":"https:\/\/www.smedemokrati.sk\/wp-content\/uploads\/2023\/04\/Images_web_portety_JS.jpg","datePublished":"2025-10-20T15:54:35+00:00","dateModified":"2025-10-20T15:55:10+00:00","breadcrumb":{"@id":"https:\/\/www.smedemokrati.sk\/jana-maskarova-nie-je-nezavisla-policajna-prezidentka-nemala-by-byt-potvrdena-vo-funkcii\/#breadcrumb"},"inLanguage":"sv-SE","potentialAction":[{"@type":"ReadAction","target":["https:\/\/www.smedemokrati.sk\/jana-maskarova-nie-je-nezavisla-policajna-prezidentka-nemala-by-byt-potvrdena-vo-funkcii\/"]}]},{"@type":"ImageObject","inLanguage":"sv-SE","@id":"https:\/\/www.smedemokrati.sk\/jana-maskarova-nie-je-nezavisla-policajna-prezidentka-nemala-by-byt-potvrdena-vo-funkcii\/#primaryimage","url":"https:\/\/www.smedemokrati.sk\/wp-content\/uploads\/2023\/04\/Images_web_portety_JS.jpg","contentUrl":"https:\/\/www.smedemokrati.sk\/wp-content\/uploads\/2023\/04\/Images_web_portety_JS.jpg","width":1520,"height":1080},{"@type":"BreadcrumbList","@id":"https:\/\/www.smedemokrati.sk\/jana-maskarova-nie-je-nezavisla-policajna-prezidentka-nemala-by-byt-potvrdena-vo-funkcii\/#breadcrumb","itemListElement":[{"@type":"ListItem","position":1,"name":"Domovsk\u00e1 str\u00e1nka","item":"https:\/\/www.smedemokrati.sk\/"},{"@type":"ListItem","position":2,"name":"Jana Ma\u0161karov\u00e1 nie je nez\u00e1visl\u00e1 policajn\u00e1 prezidentka. Nemala by by\u0165 potvrden\u00e1 vo funkcii"}]},{"@type":"WebSite","@id":"https:\/\/www.smedemokrati.sk\/#website","url":"https:\/\/www.smedemokrati.sk\/","name":"Smedemokrati.sk","description":"Demokracia a slu\u0161nos\u0165 zv\u00ed\u0165az\u00ed","publisher":{"@id":"https:\/\/www.smedemokrati.sk\/#organization"},"potentialAction":[{"@type":"SearchAction","target":{"@type":"EntryPoint","urlTemplate":"https:\/\/www.smedemokrati.sk\/?s={search_term_string}"},"query-input":{"@type":"PropertyValueSpecification","valueRequired":true,"valueName":"search_term_string"}}],"inLanguage":"sv-SE"},{"@type":"Organization","@id":"https:\/\/www.smedemokrati.sk\/#organization","name":"Smedemokrati.sk","url":"https:\/\/www.smedemokrati.sk\/","logo":{"@type":"ImageObject","inLanguage":"sv-SE","@id":"https:\/\/www.smedemokrati.sk\/#\/schema\/logo\/image\/","url":"https:\/\/www.smedemokrati.sk\/wp-content\/uploads\/2023\/04\/ff.002.jpeg","contentUrl":"https:\/\/www.smedemokrati.sk\/wp-content\/uploads\/2023\/04\/ff.002.jpeg","width":640,"height":480,"caption":"Smedemokrati.sk"},"image":{"@id":"https:\/\/www.smedemokrati.sk\/#\/schema\/logo\/image\/"},"sameAs":["https:\/\/www.facebook.com\/smedemokrati2023"]},{"@type":"Person","@id":"https:\/\/www.smedemokrati.sk\/#\/schema\/person\/21f147c88d605aa7ded900e1e7c344ba","name":"miro.sopko","image":{"@type":"ImageObject","inLanguage":"sv-SE","@id":"https:\/\/secure.gravatar.com\/avatar\/267e4a36f704376c109afe3a78740c1f5dd8675a2180a908699e7863c9247606?s=96&d=mm&r=g","url":"https:\/\/secure.gravatar.com\/avatar\/267e4a36f704376c109afe3a78740c1f5dd8675a2180a908699e7863c9247606?s=96&d=mm&r=g","contentUrl":"https:\/\/secure.gravatar.com\/avatar\/267e4a36f704376c109afe3a78740c1f5dd8675a2180a908699e7863c9247606?s=96&d=mm&r=g","caption":"miro.sopko"},"url":"https:\/\/www.smedemokrati.sk\/sv\/author\/miro-sopko\/"}]}},"_links":{"self":[{"href":"https:\/\/www.smedemokrati.sk\/sv\/wp-json\/wp\/v2\/posts\/8354","targetHints":{"allow":["GET"]}}],"collection":[{"href":"https:\/\/www.smedemokrati.sk\/sv\/wp-json\/wp\/v2\/posts"}],"about":[{"href":"https:\/\/www.smedemokrati.sk\/sv\/wp-json\/wp\/v2\/types\/post"}],"author":[{"embeddable":true,"href":"https:\/\/www.smedemokrati.sk\/sv\/wp-json\/wp\/v2\/users\/13"}],"replies":[{"embeddable":true,"href":"https:\/\/www.smedemokrati.sk\/sv\/wp-json\/wp\/v2\/comments?post=8354"}],"version-history":[{"count":1,"href":"https:\/\/www.smedemokrati.sk\/sv\/wp-json\/wp\/v2\/posts\/8354\/revisions"}],"predecessor-version":[{"id":8355,"href":"https:\/\/www.smedemokrati.sk\/sv\/wp-json\/wp\/v2\/posts\/8354\/revisions\/8355"}],"wp:featuredmedia":[{"embeddable":true,"href":"https:\/\/www.smedemokrati.sk\/sv\/wp-json\/wp\/v2\/media\/930"}],"wp:attachment":[{"href":"https:\/\/www.smedemokrati.sk\/sv\/wp-json\/wp\/v2\/media?parent=8354"}],"wp:term":[{"taxonomy":"category","embeddable":true,"href":"https:\/\/www.smedemokrati.sk\/sv\/wp-json\/wp\/v2\/categories?post=8354"},{"taxonomy":"post_tag","embeddable":true,"href":"https:\/\/www.smedemokrati.sk\/sv\/wp-json\/wp\/v2\/tags?post=8354"}],"curies":[{"name":"wp","href":"https:\/\/api.w.org\/{rel}","templated":true}]}}