{"id":8309,"date":"2025-10-10T19:38:43","date_gmt":"2025-10-10T18:38:43","guid":{"rendered":"https:\/\/www.smedemokrati.sk\/?p=8309"},"modified":"2025-10-10T19:38:44","modified_gmt":"2025-10-10T18:38:44","slug":"vlada-schvalila-najhorsi-rozpocet-v-historii-slovenska","status":"publish","type":"post","link":"https:\/\/www.smedemokrati.sk\/sv\/vlada-schvalila-najhorsi-rozpocet-v-historii-slovenska\/","title":{"rendered":"Vl\u00e1da schv\u00e1lila najhor\u0161\u00ed rozpo\u010det v hist\u00f3rii Slovenska"},"content":{"rendered":"<div id=\"fb-root\"><\/div>\n\n<p><strong>Vl\u00e1da schv\u00e1lila najhor\u0161\u00ed \u0161t\u00e1tny rozpo\u010det v hist\u00f3rii Slovenska. Urobila tak bez akejko\u013evek diskusie so soci\u00e1lnymi partnermi, odbormi, samospr\u00e1vami \u010di zamestn\u00e1vate\u013emi. O\u010dak\u00e1vame, \u017ee aj v parlamente bude debata len form\u00e1lna a umelo skr\u00e1ten\u00e1.<\/strong><\/p>\n\n\n\n<p>Ide o rozpo\u010det, ktor\u00fd nepon\u00faka \u017eiadne rie\u0161enia len odha\u013euje hlbok\u00fa ekonomick\u00fa kr\u00edzu a zlyhanie vl\u00e1dy, ktor\u00e1 ju nedok\u00e1\u017ee zvl\u00e1dnu\u0165.<\/p>\n\n\n\n<p>Samotn\u00e9 ministerstvo financi\u00ed prizn\u00e1va spomalenie rastu, rast nezamestnanosti a zhor\u0161enie v\u0161etk\u00fdch k\u013e\u00fa\u010dov\u00fdch ukazovate\u013eov. Slovensko sa dost\u00e1va do recesie a z\u00e1rove\u0148 \u010del\u00ed rekordn\u00e9mu deficitu 6,8 miliardy eur (5 % HDP), \u010do je jeden z najhor\u0161\u00edch v\u00fdsledkov v E\u00da. Konsolid\u00e1cia sa nekon\u00e1, diera sa prehlbuje.<\/p>\n\n\n\n<p>Z n\u00e1vrhu rozpo\u010dtu jasne vypl\u00fdva, \u017ee vl\u00e1da \u0161etri\u0165 bude na pacientoch, nie na sebe. V\u00fddavky na zdravotn\u00fa starostlivos\u0165 klesn\u00fa o 43,3 mili\u00f3na eur, z toho 19,3 mili\u00f3na v nemocniciach a 15,5 mili\u00f3na na lieky a dietetick\u00e9 potraviny. Tieto \u201e\u00faspory\u201c maj\u00fa pod\u013ea n\u00e1vrhu kompenzova\u0165 dividendy s\u00fakromn\u00fdm pois\u0165ovniam.<\/p>\n\n\n\n<p>Rozpo\u010det neobsahuje \u017eiadne reformy ani ozdravn\u00e9 opatrenia. Neprin\u00e1\u0161a d\u00f4veryhodn\u00fd sign\u00e1l investorom ani ob\u010danom. Ide o rozpo\u010det chaosu, ned\u00f4very a zlyhania. Slovensko sa dost\u00e1va do pasce rast\u00faceho dlhu a stagnuj\u00faceho rastu, k\u00fdm susedn\u00e9 krajiny maj\u00fa jasn\u00e9 ozdravn\u00e9 pl\u00e1ny.<\/p>\n\n\n\n<p><em>\u201eTento rozpo\u010det nie je pl\u00e1nom pre bud\u00facnos\u0165, ale dokumentom z\u00fafalstva,\u201c<\/em>&nbsp;hovor\u00ed Eduard Heger, podpredseda strany Demokrati.&nbsp;<em>\u201eSlovensko potrebuje zodpovedn\u00fa vl\u00e1du, ktor\u00e1 bude prin\u00e1\u0161a\u0165 poriadok do verejn\u00fdch financi\u00ed a obnov\u00ed d\u00f4veru ob\u010danov aj investorov.\u201c<\/em><\/p>\n\n\n\n<p>Demokrati preto \u017eiadaj\u00fa zodpovedn\u00fa konsolid\u00e1ciu verejn\u00fdch financi\u00ed, zastavenie plytvania, skuto\u010dn\u00fa rev\u00edziu v\u00fddavkov, reformu da\u0148ov\u00e9ho mixu a invest\u00edcie do vzdelania, vedy a inov\u00e1ci\u00ed aby Slovensko malo bud\u00facnos\u0165, nie len rozpo\u010det na pre\u017eitie.<\/p>\n\n\n\n<figure class=\"wp-block-embed is-type-video is-provider-youtube wp-block-embed-youtube wp-embed-aspect-4-3 wp-has-aspect-ratio\"><div class=\"wp-block-embed__wrapper\">\n<iframe title=\"Vl\u00e1da dnes schva\u013euje rozpo\u010det kr\u00edzy, chaosu a klamstiev\" width=\"500\" height=\"375\" src=\"https:\/\/www.youtube.com\/embed\/HfIxxV7z2NU?feature=oembed\" frameborder=\"0\" allow=\"accelerometer; autoplay; clipboard-write; encrypted-media; gyroscope; picture-in-picture; web-share\" referrerpolicy=\"strict-origin-when-cross-origin\" allowfullscreen><\/iframe>\n<\/div><\/figure>\n","protected":false},"excerpt":{"rendered":"<p>Vl\u00e1da schv\u00e1lila najhor\u0161\u00ed \u0161t\u00e1tny rozpo\u010det v hist\u00f3rii Slovenska. Urobila tak bez akejko\u013evek diskusie so soci\u00e1lnymi partnermi, odbormi, samospr\u00e1vami \u010di zamestn\u00e1vate\u013emi. O\u010dak\u00e1vame, \u017ee aj v parlamente bude debata len form\u00e1lna a umelo skr\u00e1ten\u00e1. Ide o rozpo\u010det, ktor\u00fd nepon\u00faka \u017eiadne rie\u0161enia len odha\u013euje hlbok\u00fa ekonomick\u00fa kr\u00edzu a zlyhanie vl\u00e1dy, ktor\u00e1 ju nedok\u00e1\u017ee zvl\u00e1dnu\u0165. Samotn\u00e9 ministerstvo financi\u00ed prizn\u00e1va [&hellip;]<\/p>\n","protected":false},"author":13,"featured_media":8310,"comment_status":"closed","ping_status":"closed","sticky":false,"template":"","format":"standard","meta":{"_acf_changed":false,"ngg_post_thumbnail":0,"footnotes":""},"categories":[4],"tags":[],"class_list":["post-8309","post","type-post","status-publish","format-standard","has-post-thumbnail","hentry","category-tlacove-spravy"],"acf":[],"yoast_head":"<!-- This site is optimized with the Yoast SEO plugin v27.2 - https:\/\/yoast.com\/product\/yoast-seo-wordpress\/ -->\n<title>Vl\u00e1da schv\u00e1lila najhor\u0161\u00ed rozpo\u010det v hist\u00f3rii Slovenska<\/title>\n<meta name=\"robots\" content=\"index, follow, max-snippet:-1, max-image-preview:large, max-video-preview:-1\" \/>\n<link rel=\"canonical\" href=\"https:\/\/www.smedemokrati.sk\/sv\/vlada-schvalila-najhorsi-rozpocet-v-historii-slovenska\/\" \/>\n<meta property=\"og:locale\" content=\"sv_SE\" \/>\n<meta property=\"og:locale:alternate\" content=\"en_US\" \/>\n<meta property=\"og:locale:alternate\" content=\"cs_CZ\" \/>\n<meta property=\"og:locale:alternate\" content=\"hu_HU\" \/>\n<meta property=\"og:locale:alternate\" content=\"sk_SK\" \/>\n<meta property=\"og:type\" content=\"article\" \/>\n<meta property=\"og:title\" content=\"Vl\u00e1da schv\u00e1lila najhor\u0161\u00ed rozpo\u010det v hist\u00f3rii Slovenska\" \/>\n<meta property=\"og:description\" content=\"Vl\u00e1da schv\u00e1lila najhor\u0161\u00ed \u0161t\u00e1tny rozpo\u010det v hist\u00f3rii Slovenska. Urobila tak bez akejko\u013evek diskusie so soci\u00e1lnymi partnermi, odbormi, samospr\u00e1vami \u010di zamestn\u00e1vate\u013emi. O\u010dak\u00e1vame, \u017ee aj v parlamente bude debata len form\u00e1lna a umelo skr\u00e1ten\u00e1. Ide o rozpo\u010det, ktor\u00fd nepon\u00faka \u017eiadne rie\u0161enia len odha\u013euje hlbok\u00fa ekonomick\u00fa kr\u00edzu a zlyhanie vl\u00e1dy, ktor\u00e1 ju nedok\u00e1\u017ee zvl\u00e1dnu\u0165. Samotn\u00e9 ministerstvo financi\u00ed prizn\u00e1va [&hellip;]\" \/>\n<meta property=\"og:url\" content=\"https:\/\/www.smedemokrati.sk\/sv\/vlada-schvalila-najhorsi-rozpocet-v-historii-slovenska\/\" \/>\n<meta property=\"og:site_name\" content=\"Smedemokrati.sk\" \/>\n<meta property=\"article:publisher\" content=\"https:\/\/www.facebook.com\/smedemokrati2023\" \/>\n<meta property=\"article:published_time\" content=\"2025-10-10T18:38:43+00:00\" \/>\n<meta property=\"article:modified_time\" content=\"2025-10-10T18:38:44+00:00\" \/>\n<meta property=\"og:image\" content=\"https:\/\/www.smedemokrati.sk\/wp-content\/uploads\/2025\/10\/najhorsi-rozpocet.jpg\" \/>\n\t<meta property=\"og:image:width\" content=\"1280\" \/>\n\t<meta property=\"og:image:height\" content=\"720\" \/>\n\t<meta property=\"og:image:type\" content=\"image\/jpeg\" \/>\n<meta name=\"author\" content=\"miro.sopko\" \/>\n<meta name=\"twitter:card\" content=\"summary_large_image\" \/>\n<meta name=\"twitter:label1\" content=\"Skriven av\" \/>\n\t<meta name=\"twitter:data1\" content=\"miro.sopko\" \/>\n\t<meta name=\"twitter:label2\" content=\"Ber\u00e4knad l\u00e4stid\" \/>\n\t<meta name=\"twitter:data2\" content=\"2 minuter\" \/>\n<script type=\"application\/ld+json\" class=\"yoast-schema-graph\">{\"@context\":\"https:\/\/schema.org\",\"@graph\":[{\"@type\":\"Article\",\"@id\":\"https:\/\/www.smedemokrati.sk\/vlada-schvalila-najhorsi-rozpocet-v-historii-slovenska\/#article\",\"isPartOf\":{\"@id\":\"https:\/\/www.smedemokrati.sk\/vlada-schvalila-najhorsi-rozpocet-v-historii-slovenska\/\"},\"author\":{\"name\":\"miro.sopko\",\"@id\":\"https:\/\/www.smedemokrati.sk\/#\/schema\/person\/21f147c88d605aa7ded900e1e7c344ba\"},\"headline\":\"Vl\u00e1da schv\u00e1lila najhor\u0161\u00ed rozpo\u010det v hist\u00f3rii Slovenska\",\"datePublished\":\"2025-10-10T18:38:43+00:00\",\"dateModified\":\"2025-10-10T18:38:44+00:00\",\"mainEntityOfPage\":{\"@id\":\"https:\/\/www.smedemokrati.sk\/vlada-schvalila-najhorsi-rozpocet-v-historii-slovenska\/\"},\"wordCount\":343,\"publisher\":{\"@id\":\"https:\/\/www.smedemokrati.sk\/#organization\"},\"image\":{\"@id\":\"https:\/\/www.smedemokrati.sk\/vlada-schvalila-najhorsi-rozpocet-v-historii-slovenska\/#primaryimage\"},\"thumbnailUrl\":\"https:\/\/www.smedemokrati.sk\/wp-content\/uploads\/2025\/10\/najhorsi-rozpocet.jpg\",\"articleSection\":[\"Tla\u010dov\u00e9 spr\u00e1vy\"],\"inLanguage\":\"sv-SE\"},{\"@type\":\"WebPage\",\"@id\":\"https:\/\/www.smedemokrati.sk\/vlada-schvalila-najhorsi-rozpocet-v-historii-slovenska\/\",\"url\":\"https:\/\/www.smedemokrati.sk\/vlada-schvalila-najhorsi-rozpocet-v-historii-slovenska\/\",\"name\":\"Vl\u00e1da schv\u00e1lila najhor\u0161\u00ed rozpo\u010det v hist\u00f3rii Slovenska\",\"isPartOf\":{\"@id\":\"https:\/\/www.smedemokrati.sk\/#website\"},\"primaryImageOfPage\":{\"@id\":\"https:\/\/www.smedemokrati.sk\/vlada-schvalila-najhorsi-rozpocet-v-historii-slovenska\/#primaryimage\"},\"image\":{\"@id\":\"https:\/\/www.smedemokrati.sk\/vlada-schvalila-najhorsi-rozpocet-v-historii-slovenska\/#primaryimage\"},\"thumbnailUrl\":\"https:\/\/www.smedemokrati.sk\/wp-content\/uploads\/2025\/10\/najhorsi-rozpocet.jpg\",\"datePublished\":\"2025-10-10T18:38:43+00:00\",\"dateModified\":\"2025-10-10T18:38:44+00:00\",\"breadcrumb\":{\"@id\":\"https:\/\/www.smedemokrati.sk\/vlada-schvalila-najhorsi-rozpocet-v-historii-slovenska\/#breadcrumb\"},\"inLanguage\":\"sv-SE\",\"potentialAction\":[{\"@type\":\"ReadAction\",\"target\":[\"https:\/\/www.smedemokrati.sk\/vlada-schvalila-najhorsi-rozpocet-v-historii-slovenska\/\"]}]},{\"@type\":\"ImageObject\",\"inLanguage\":\"sv-SE\",\"@id\":\"https:\/\/www.smedemokrati.sk\/vlada-schvalila-najhorsi-rozpocet-v-historii-slovenska\/#primaryimage\",\"url\":\"https:\/\/www.smedemokrati.sk\/wp-content\/uploads\/2025\/10\/najhorsi-rozpocet.jpg\",\"contentUrl\":\"https:\/\/www.smedemokrati.sk\/wp-content\/uploads\/2025\/10\/najhorsi-rozpocet.jpg\",\"width\":1280,\"height\":720},{\"@type\":\"BreadcrumbList\",\"@id\":\"https:\/\/www.smedemokrati.sk\/vlada-schvalila-najhorsi-rozpocet-v-historii-slovenska\/#breadcrumb\",\"itemListElement\":[{\"@type\":\"ListItem\",\"position\":1,\"name\":\"Domovsk\u00e1 str\u00e1nka\",\"item\":\"https:\/\/www.smedemokrati.sk\/\"},{\"@type\":\"ListItem\",\"position\":2,\"name\":\"Vl\u00e1da schv\u00e1lila najhor\u0161\u00ed rozpo\u010det v hist\u00f3rii Slovenska\"}]},{\"@type\":\"WebSite\",\"@id\":\"https:\/\/www.smedemokrati.sk\/#website\",\"url\":\"https:\/\/www.smedemokrati.sk\/\",\"name\":\"Smedemokrati.sk\",\"description\":\"Demokracia a slu\u0161nos\u0165 zv\u00ed\u0165az\u00ed\",\"publisher\":{\"@id\":\"https:\/\/www.smedemokrati.sk\/#organization\"},\"potentialAction\":[{\"@type\":\"SearchAction\",\"target\":{\"@type\":\"EntryPoint\",\"urlTemplate\":\"https:\/\/www.smedemokrati.sk\/?s={search_term_string}\"},\"query-input\":{\"@type\":\"PropertyValueSpecification\",\"valueRequired\":true,\"valueName\":\"search_term_string\"}}],\"inLanguage\":\"sv-SE\"},{\"@type\":\"Organization\",\"@id\":\"https:\/\/www.smedemokrati.sk\/#organization\",\"name\":\"Smedemokrati.sk\",\"url\":\"https:\/\/www.smedemokrati.sk\/\",\"logo\":{\"@type\":\"ImageObject\",\"inLanguage\":\"sv-SE\",\"@id\":\"https:\/\/www.smedemokrati.sk\/#\/schema\/logo\/image\/\",\"url\":\"https:\/\/www.smedemokrati.sk\/wp-content\/uploads\/2023\/04\/ff.002.jpeg\",\"contentUrl\":\"https:\/\/www.smedemokrati.sk\/wp-content\/uploads\/2023\/04\/ff.002.jpeg\",\"width\":640,\"height\":480,\"caption\":\"Smedemokrati.sk\"},\"image\":{\"@id\":\"https:\/\/www.smedemokrati.sk\/#\/schema\/logo\/image\/\"},\"sameAs\":[\"https:\/\/www.facebook.com\/smedemokrati2023\"]},{\"@type\":\"Person\",\"@id\":\"https:\/\/www.smedemokrati.sk\/#\/schema\/person\/21f147c88d605aa7ded900e1e7c344ba\",\"name\":\"miro.sopko\",\"image\":{\"@type\":\"ImageObject\",\"inLanguage\":\"sv-SE\",\"@id\":\"https:\/\/secure.gravatar.com\/avatar\/267e4a36f704376c109afe3a78740c1f5dd8675a2180a908699e7863c9247606?s=96&d=mm&r=g\",\"url\":\"https:\/\/secure.gravatar.com\/avatar\/267e4a36f704376c109afe3a78740c1f5dd8675a2180a908699e7863c9247606?s=96&d=mm&r=g\",\"contentUrl\":\"https:\/\/secure.gravatar.com\/avatar\/267e4a36f704376c109afe3a78740c1f5dd8675a2180a908699e7863c9247606?s=96&d=mm&r=g\",\"caption\":\"miro.sopko\"},\"url\":\"https:\/\/www.smedemokrati.sk\/sv\/author\/miro-sopko\/\"}]}<\/script>\n<!-- \/ Yoast SEO plugin. -->","yoast_head_json":{"title":"Vl\u00e1da schv\u00e1lila najhor\u0161\u00ed rozpo\u010det v hist\u00f3rii Slovenska","robots":{"index":"index","follow":"follow","max-snippet":"max-snippet:-1","max-image-preview":"max-image-preview:large","max-video-preview":"max-video-preview:-1"},"canonical":"https:\/\/www.smedemokrati.sk\/sv\/vlada-schvalila-najhorsi-rozpocet-v-historii-slovenska\/","og_locale":"sv_SE","og_type":"article","og_title":"[:sk]Vl\u00e1da schv\u00e1lila najhor\u0161\u00ed rozpo\u010det v hist\u00f3rii Slovenska[:] - Smedemokrati.sk","og_description":"Vl\u00e1da schv\u00e1lila najhor\u0161\u00ed \u0161t\u00e1tny rozpo\u010det v hist\u00f3rii Slovenska. Urobila tak bez akejko\u013evek diskusie so soci\u00e1lnymi partnermi, odbormi, samospr\u00e1vami \u010di zamestn\u00e1vate\u013emi. O\u010dak\u00e1vame, \u017ee aj v parlamente bude debata len form\u00e1lna a umelo skr\u00e1ten\u00e1. Ide o rozpo\u010det, ktor\u00fd nepon\u00faka \u017eiadne rie\u0161enia len odha\u013euje hlbok\u00fa ekonomick\u00fa kr\u00edzu a zlyhanie vl\u00e1dy, ktor\u00e1 ju nedok\u00e1\u017ee zvl\u00e1dnu\u0165. Samotn\u00e9 ministerstvo financi\u00ed prizn\u00e1va [&hellip;]","og_url":"https:\/\/www.smedemokrati.sk\/sv\/vlada-schvalila-najhorsi-rozpocet-v-historii-slovenska\/","og_site_name":"Smedemokrati.sk","article_publisher":"https:\/\/www.facebook.com\/smedemokrati2023","article_published_time":"2025-10-10T18:38:43+00:00","article_modified_time":"2025-10-10T18:38:44+00:00","og_image":[{"width":1280,"height":720,"url":"https:\/\/www.smedemokrati.sk\/wp-content\/uploads\/2025\/10\/najhorsi-rozpocet.jpg","type":"image\/jpeg"}],"author":"miro.sopko","twitter_card":"summary_large_image","twitter_misc":{"Skriven av":"miro.sopko","Ber\u00e4knad l\u00e4stid":"2 minuter"},"schema":{"@context":"https:\/\/schema.org","@graph":[{"@type":"Article","@id":"https:\/\/www.smedemokrati.sk\/vlada-schvalila-najhorsi-rozpocet-v-historii-slovenska\/#article","isPartOf":{"@id":"https:\/\/www.smedemokrati.sk\/vlada-schvalila-najhorsi-rozpocet-v-historii-slovenska\/"},"author":{"name":"miro.sopko","@id":"https:\/\/www.smedemokrati.sk\/#\/schema\/person\/21f147c88d605aa7ded900e1e7c344ba"},"headline":"Vl\u00e1da schv\u00e1lila najhor\u0161\u00ed rozpo\u010det v hist\u00f3rii Slovenska","datePublished":"2025-10-10T18:38:43+00:00","dateModified":"2025-10-10T18:38:44+00:00","mainEntityOfPage":{"@id":"https:\/\/www.smedemokrati.sk\/vlada-schvalila-najhorsi-rozpocet-v-historii-slovenska\/"},"wordCount":343,"publisher":{"@id":"https:\/\/www.smedemokrati.sk\/#organization"},"image":{"@id":"https:\/\/www.smedemokrati.sk\/vlada-schvalila-najhorsi-rozpocet-v-historii-slovenska\/#primaryimage"},"thumbnailUrl":"https:\/\/www.smedemokrati.sk\/wp-content\/uploads\/2025\/10\/najhorsi-rozpocet.jpg","articleSection":["Tla\u010dov\u00e9 spr\u00e1vy"],"inLanguage":"sv-SE"},{"@type":"WebPage","@id":"https:\/\/www.smedemokrati.sk\/vlada-schvalila-najhorsi-rozpocet-v-historii-slovenska\/","url":"https:\/\/www.smedemokrati.sk\/vlada-schvalila-najhorsi-rozpocet-v-historii-slovenska\/","name":"Vl\u00e1da schv\u00e1lila najhor\u0161\u00ed rozpo\u010det v hist\u00f3rii Slovenska","isPartOf":{"@id":"https:\/\/www.smedemokrati.sk\/#website"},"primaryImageOfPage":{"@id":"https:\/\/www.smedemokrati.sk\/vlada-schvalila-najhorsi-rozpocet-v-historii-slovenska\/#primaryimage"},"image":{"@id":"https:\/\/www.smedemokrati.sk\/vlada-schvalila-najhorsi-rozpocet-v-historii-slovenska\/#primaryimage"},"thumbnailUrl":"https:\/\/www.smedemokrati.sk\/wp-content\/uploads\/2025\/10\/najhorsi-rozpocet.jpg","datePublished":"2025-10-10T18:38:43+00:00","dateModified":"2025-10-10T18:38:44+00:00","breadcrumb":{"@id":"https:\/\/www.smedemokrati.sk\/vlada-schvalila-najhorsi-rozpocet-v-historii-slovenska\/#breadcrumb"},"inLanguage":"sv-SE","potentialAction":[{"@type":"ReadAction","target":["https:\/\/www.smedemokrati.sk\/vlada-schvalila-najhorsi-rozpocet-v-historii-slovenska\/"]}]},{"@type":"ImageObject","inLanguage":"sv-SE","@id":"https:\/\/www.smedemokrati.sk\/vlada-schvalila-najhorsi-rozpocet-v-historii-slovenska\/#primaryimage","url":"https:\/\/www.smedemokrati.sk\/wp-content\/uploads\/2025\/10\/najhorsi-rozpocet.jpg","contentUrl":"https:\/\/www.smedemokrati.sk\/wp-content\/uploads\/2025\/10\/najhorsi-rozpocet.jpg","width":1280,"height":720},{"@type":"BreadcrumbList","@id":"https:\/\/www.smedemokrati.sk\/vlada-schvalila-najhorsi-rozpocet-v-historii-slovenska\/#breadcrumb","itemListElement":[{"@type":"ListItem","position":1,"name":"Domovsk\u00e1 str\u00e1nka","item":"https:\/\/www.smedemokrati.sk\/"},{"@type":"ListItem","position":2,"name":"Vl\u00e1da schv\u00e1lila najhor\u0161\u00ed rozpo\u010det v hist\u00f3rii Slovenska"}]},{"@type":"WebSite","@id":"https:\/\/www.smedemokrati.sk\/#website","url":"https:\/\/www.smedemokrati.sk\/","name":"Smedemokrati.sk","description":"Demokracia a slu\u0161nos\u0165 zv\u00ed\u0165az\u00ed","publisher":{"@id":"https:\/\/www.smedemokrati.sk\/#organization"},"potentialAction":[{"@type":"SearchAction","target":{"@type":"EntryPoint","urlTemplate":"https:\/\/www.smedemokrati.sk\/?s={search_term_string}"},"query-input":{"@type":"PropertyValueSpecification","valueRequired":true,"valueName":"search_term_string"}}],"inLanguage":"sv-SE"},{"@type":"Organization","@id":"https:\/\/www.smedemokrati.sk\/#organization","name":"Smedemokrati.sk","url":"https:\/\/www.smedemokrati.sk\/","logo":{"@type":"ImageObject","inLanguage":"sv-SE","@id":"https:\/\/www.smedemokrati.sk\/#\/schema\/logo\/image\/","url":"https:\/\/www.smedemokrati.sk\/wp-content\/uploads\/2023\/04\/ff.002.jpeg","contentUrl":"https:\/\/www.smedemokrati.sk\/wp-content\/uploads\/2023\/04\/ff.002.jpeg","width":640,"height":480,"caption":"Smedemokrati.sk"},"image":{"@id":"https:\/\/www.smedemokrati.sk\/#\/schema\/logo\/image\/"},"sameAs":["https:\/\/www.facebook.com\/smedemokrati2023"]},{"@type":"Person","@id":"https:\/\/www.smedemokrati.sk\/#\/schema\/person\/21f147c88d605aa7ded900e1e7c344ba","name":"miro.sopko","image":{"@type":"ImageObject","inLanguage":"sv-SE","@id":"https:\/\/secure.gravatar.com\/avatar\/267e4a36f704376c109afe3a78740c1f5dd8675a2180a908699e7863c9247606?s=96&d=mm&r=g","url":"https:\/\/secure.gravatar.com\/avatar\/267e4a36f704376c109afe3a78740c1f5dd8675a2180a908699e7863c9247606?s=96&d=mm&r=g","contentUrl":"https:\/\/secure.gravatar.com\/avatar\/267e4a36f704376c109afe3a78740c1f5dd8675a2180a908699e7863c9247606?s=96&d=mm&r=g","caption":"miro.sopko"},"url":"https:\/\/www.smedemokrati.sk\/sv\/author\/miro-sopko\/"}]}},"_links":{"self":[{"href":"https:\/\/www.smedemokrati.sk\/sv\/wp-json\/wp\/v2\/posts\/8309","targetHints":{"allow":["GET"]}}],"collection":[{"href":"https:\/\/www.smedemokrati.sk\/sv\/wp-json\/wp\/v2\/posts"}],"about":[{"href":"https:\/\/www.smedemokrati.sk\/sv\/wp-json\/wp\/v2\/types\/post"}],"author":[{"embeddable":true,"href":"https:\/\/www.smedemokrati.sk\/sv\/wp-json\/wp\/v2\/users\/13"}],"replies":[{"embeddable":true,"href":"https:\/\/www.smedemokrati.sk\/sv\/wp-json\/wp\/v2\/comments?post=8309"}],"version-history":[{"count":1,"href":"https:\/\/www.smedemokrati.sk\/sv\/wp-json\/wp\/v2\/posts\/8309\/revisions"}],"predecessor-version":[{"id":8311,"href":"https:\/\/www.smedemokrati.sk\/sv\/wp-json\/wp\/v2\/posts\/8309\/revisions\/8311"}],"wp:featuredmedia":[{"embeddable":true,"href":"https:\/\/www.smedemokrati.sk\/sv\/wp-json\/wp\/v2\/media\/8310"}],"wp:attachment":[{"href":"https:\/\/www.smedemokrati.sk\/sv\/wp-json\/wp\/v2\/media?parent=8309"}],"wp:term":[{"taxonomy":"category","embeddable":true,"href":"https:\/\/www.smedemokrati.sk\/sv\/wp-json\/wp\/v2\/categories?post=8309"},{"taxonomy":"post_tag","embeddable":true,"href":"https:\/\/www.smedemokrati.sk\/sv\/wp-json\/wp\/v2\/tags?post=8309"}],"curies":[{"name":"wp","href":"https:\/\/api.w.org\/{rel}","templated":true}]}}