{"id":8299,"date":"2025-10-08T15:47:00","date_gmt":"2025-10-08T14:47:00","guid":{"rendered":"https:\/\/www.smedemokrati.sk\/?p=8299"},"modified":"2025-10-08T19:50:16","modified_gmt":"2025-10-08T18:50:16","slug":"rozpocet-je-hotova-katastrofa","status":"publish","type":"post","link":"https:\/\/www.smedemokrati.sk\/sv\/rozpocet-je-hotova-katastrofa\/","title":{"rendered":"Rozpo\u010det je hotov\u00e1 katastrofa!"},"content":{"rendered":"<div id=\"fb-root\"><\/div>\n\n<p><strong>Najnov\u0161\u00ed n\u00e1vrh rozpo\u010dtu verejnej spr\u00e1vy na roky 2026 a\u017e 2028 je pod\u013ea b\u00fdval\u00e9ho premi\u00e9ra a podpredsedu Demokratov Eduarda Hegera fi\u0161k\u00e1lnou katastrofou, ktor\u00e1 ohrozuje bud\u00facnos\u0165 Slovenska.<\/strong><\/p>\n\n\n\n<p><em>\u201eVl\u00e1da s\u013eubovala ozdravenie, no priniesla rekordn\u00fd deficit. Tento rozpo\u010det nie je pl\u00e1n zodpovedn\u00e9ho hospod\u00e1renia, ale pl\u00e1n rastu dlhu,\u201c<\/em>&nbsp;uviedol Eduard Heger.<\/p>\n\n\n\n<p>Pod\u013ea Ministerstva financi\u00ed dosiahne deficit verejn\u00fdch financi\u00ed za rok 2025 a\u017e \u20136,87 miliardy eur, teda \u20135,01 % HDP. Rada pre rozpo\u010dtov\u00fa zodpovednos\u0165 (RRZ) z\u00e1rove\u0148 varuje, \u017ee Slovensko m\u00e1 jeden z najhor\u0161\u00edch fi\u0161k\u00e1lnych v\u00fdh\u013eadov v E\u00da, dlh porastie z 61,5 % HDP v roku 2025 na 65,7 % HDP a deficit sa udr\u017e\u00ed nad 5 % HDP aj v roku 2027.<\/p>\n\n\n\n<p><em>\u201eTri konsolida\u010dn\u00e9 bal\u00ed\u010dky a v\u00fdsledok? Dlh rastie \u010falej, v\u00fddavky sa nekrotia a reformy nikde. Je to rozpo\u010det bez v\u00edzie, bez odvahy a bez bud\u00facnosti,\u201c&nbsp;<\/em>dodal Heger.<\/p>\n\n\n\n<p>RRZ z\u00e1rove\u0148 upozor\u0148uje, \u017ee vl\u00e1da nepln\u00ed povinnosti pod\u013ea \u00fastavn\u00e9ho z\u00e1kona o dlhovej brzde. Deklarovan\u00fd cie\u013e 4,1 % deficitu v roku 2026 stoj\u00ed len na do\u010dasn\u00fdch presunoch a \u0161tatistick\u00fdch trikoch, nie na skuto\u010dn\u00fdch \u00faspor\u00e1ch a syst\u00e9mov\u00fdch opatreniach.<br><em><br>\u201eSlovensko sa r\u00fati do fi\u0161k\u00e1lnej pasce. Ka\u017ed\u00e9 \u010fal\u0161ie euro dlhu znamen\u00e1 menej pe\u0148az\u00ed pre \u0161koly, nemocnice \u010di vedu. Potrebujeme poriadok vo verejn\u00fdch financi\u00e1ch, nie rozpo\u010dtov\u00e9 il\u00fazie,\u201c<\/em>&nbsp;uzavrel Eduard Heger.<\/p>\n","protected":false},"excerpt":{"rendered":"<p>Najnov\u0161\u00ed n\u00e1vrh rozpo\u010dtu verejnej spr\u00e1vy na roky 2026 a\u017e 2028 je pod\u013ea b\u00fdval\u00e9ho premi\u00e9ra a podpredsedu Demokratov Eduarda Hegera fi\u0161k\u00e1lnou katastrofou, ktor\u00e1 ohrozuje bud\u00facnos\u0165 Slovenska. \u201eVl\u00e1da s\u013eubovala ozdravenie, no priniesla rekordn\u00fd deficit. Tento rozpo\u010det nie je pl\u00e1n zodpovedn\u00e9ho hospod\u00e1renia, ale pl\u00e1n rastu dlhu,\u201c&nbsp;uviedol Eduard Heger. Pod\u013ea Ministerstva financi\u00ed dosiahne deficit verejn\u00fdch financi\u00ed za rok 2025 [&hellip;]<\/p>\n","protected":false},"author":13,"featured_media":249,"comment_status":"closed","ping_status":"closed","sticky":false,"template":"","format":"standard","meta":{"_acf_changed":false,"ngg_post_thumbnail":0,"footnotes":""},"categories":[4],"tags":[],"class_list":["post-8299","post","type-post","status-publish","format-standard","has-post-thumbnail","hentry","category-tlacove-spravy"],"acf":[],"yoast_head":"<!-- This site is optimized with the Yoast SEO plugin v27.2 - https:\/\/yoast.com\/product\/yoast-seo-wordpress\/ -->\n<title>Rozpo\u010det je hotov\u00e1 katastrofa!<\/title>\n<meta name=\"robots\" content=\"index, follow, max-snippet:-1, max-image-preview:large, max-video-preview:-1\" \/>\n<link rel=\"canonical\" href=\"https:\/\/www.smedemokrati.sk\/sv\/rozpocet-je-hotova-katastrofa\/\" \/>\n<meta property=\"og:locale\" content=\"sv_SE\" \/>\n<meta property=\"og:locale:alternate\" content=\"en_US\" \/>\n<meta property=\"og:locale:alternate\" content=\"cs_CZ\" \/>\n<meta property=\"og:locale:alternate\" content=\"hu_HU\" \/>\n<meta property=\"og:locale:alternate\" content=\"sk_SK\" \/>\n<meta property=\"og:type\" content=\"article\" \/>\n<meta property=\"og:title\" content=\"Rozpo\u010det je hotov\u00e1 katastrofa!\" \/>\n<meta property=\"og:description\" content=\"Najnov\u0161\u00ed n\u00e1vrh rozpo\u010dtu verejnej spr\u00e1vy na roky 2026 a\u017e 2028 je pod\u013ea b\u00fdval\u00e9ho premi\u00e9ra a podpredsedu Demokratov Eduarda Hegera fi\u0161k\u00e1lnou katastrofou, ktor\u00e1 ohrozuje bud\u00facnos\u0165 Slovenska. \u201eVl\u00e1da s\u013eubovala ozdravenie, no priniesla rekordn\u00fd deficit. Tento rozpo\u010det nie je pl\u00e1n zodpovedn\u00e9ho hospod\u00e1renia, ale pl\u00e1n rastu dlhu,\u201c&nbsp;uviedol Eduard Heger. Pod\u013ea Ministerstva financi\u00ed dosiahne deficit verejn\u00fdch financi\u00ed za rok 2025 [&hellip;]\" \/>\n<meta property=\"og:url\" content=\"https:\/\/www.smedemokrati.sk\/sv\/rozpocet-je-hotova-katastrofa\/\" \/>\n<meta property=\"og:site_name\" content=\"Smedemokrati.sk\" \/>\n<meta property=\"article:publisher\" content=\"https:\/\/www.facebook.com\/smedemokrati2023\" \/>\n<meta property=\"article:published_time\" content=\"2025-10-08T14:47:00+00:00\" \/>\n<meta property=\"article:modified_time\" content=\"2025-10-08T18:50:16+00:00\" \/>\n<meta property=\"og:image\" content=\"https:\/\/www.smedemokrati.sk\/wp-content\/uploads\/2023\/04\/EH.jpg\" \/>\n\t<meta property=\"og:image:width\" content=\"1520\" \/>\n\t<meta property=\"og:image:height\" content=\"1080\" \/>\n\t<meta property=\"og:image:type\" content=\"image\/jpeg\" \/>\n<meta name=\"author\" content=\"miro.sopko\" \/>\n<meta name=\"twitter:card\" content=\"summary_large_image\" \/>\n<meta name=\"twitter:label1\" content=\"Skriven av\" \/>\n\t<meta name=\"twitter:data1\" content=\"miro.sopko\" \/>\n\t<meta name=\"twitter:label2\" content=\"Ber\u00e4knad l\u00e4stid\" \/>\n\t<meta name=\"twitter:data2\" content=\"2 minuter\" \/>\n<script type=\"application\/ld+json\" class=\"yoast-schema-graph\">{\"@context\":\"https:\/\/schema.org\",\"@graph\":[{\"@type\":\"Article\",\"@id\":\"https:\/\/www.smedemokrati.sk\/rozpocet-je-hotova-katastrofa\/#article\",\"isPartOf\":{\"@id\":\"https:\/\/www.smedemokrati.sk\/rozpocet-je-hotova-katastrofa\/\"},\"author\":{\"name\":\"miro.sopko\",\"@id\":\"https:\/\/www.smedemokrati.sk\/#\/schema\/person\/21f147c88d605aa7ded900e1e7c344ba\"},\"headline\":\"Rozpo\u010det je hotov\u00e1 katastrofa!\",\"datePublished\":\"2025-10-08T14:47:00+00:00\",\"dateModified\":\"2025-10-08T18:50:16+00:00\",\"mainEntityOfPage\":{\"@id\":\"https:\/\/www.smedemokrati.sk\/rozpocet-je-hotova-katastrofa\/\"},\"wordCount\":247,\"publisher\":{\"@id\":\"https:\/\/www.smedemokrati.sk\/#organization\"},\"image\":{\"@id\":\"https:\/\/www.smedemokrati.sk\/rozpocet-je-hotova-katastrofa\/#primaryimage\"},\"thumbnailUrl\":\"https:\/\/www.smedemokrati.sk\/wp-content\/uploads\/2023\/04\/EH.jpg\",\"articleSection\":[\"Tla\u010dov\u00e9 spr\u00e1vy\"],\"inLanguage\":\"sv-SE\"},{\"@type\":\"WebPage\",\"@id\":\"https:\/\/www.smedemokrati.sk\/rozpocet-je-hotova-katastrofa\/\",\"url\":\"https:\/\/www.smedemokrati.sk\/rozpocet-je-hotova-katastrofa\/\",\"name\":\"Rozpo\u010det je hotov\u00e1 katastrofa!\",\"isPartOf\":{\"@id\":\"https:\/\/www.smedemokrati.sk\/#website\"},\"primaryImageOfPage\":{\"@id\":\"https:\/\/www.smedemokrati.sk\/rozpocet-je-hotova-katastrofa\/#primaryimage\"},\"image\":{\"@id\":\"https:\/\/www.smedemokrati.sk\/rozpocet-je-hotova-katastrofa\/#primaryimage\"},\"thumbnailUrl\":\"https:\/\/www.smedemokrati.sk\/wp-content\/uploads\/2023\/04\/EH.jpg\",\"datePublished\":\"2025-10-08T14:47:00+00:00\",\"dateModified\":\"2025-10-08T18:50:16+00:00\",\"breadcrumb\":{\"@id\":\"https:\/\/www.smedemokrati.sk\/rozpocet-je-hotova-katastrofa\/#breadcrumb\"},\"inLanguage\":\"sv-SE\",\"potentialAction\":[{\"@type\":\"ReadAction\",\"target\":[\"https:\/\/www.smedemokrati.sk\/rozpocet-je-hotova-katastrofa\/\"]}]},{\"@type\":\"ImageObject\",\"inLanguage\":\"sv-SE\",\"@id\":\"https:\/\/www.smedemokrati.sk\/rozpocet-je-hotova-katastrofa\/#primaryimage\",\"url\":\"https:\/\/www.smedemokrati.sk\/wp-content\/uploads\/2023\/04\/EH.jpg\",\"contentUrl\":\"https:\/\/www.smedemokrati.sk\/wp-content\/uploads\/2023\/04\/EH.jpg\",\"width\":1520,\"height\":1080},{\"@type\":\"BreadcrumbList\",\"@id\":\"https:\/\/www.smedemokrati.sk\/rozpocet-je-hotova-katastrofa\/#breadcrumb\",\"itemListElement\":[{\"@type\":\"ListItem\",\"position\":1,\"name\":\"Domovsk\u00e1 str\u00e1nka\",\"item\":\"https:\/\/www.smedemokrati.sk\/\"},{\"@type\":\"ListItem\",\"position\":2,\"name\":\"Rozpo\u010det je hotov\u00e1 katastrofa!\"}]},{\"@type\":\"WebSite\",\"@id\":\"https:\/\/www.smedemokrati.sk\/#website\",\"url\":\"https:\/\/www.smedemokrati.sk\/\",\"name\":\"Smedemokrati.sk\",\"description\":\"Demokracia a slu\u0161nos\u0165 zv\u00ed\u0165az\u00ed\",\"publisher\":{\"@id\":\"https:\/\/www.smedemokrati.sk\/#organization\"},\"potentialAction\":[{\"@type\":\"SearchAction\",\"target\":{\"@type\":\"EntryPoint\",\"urlTemplate\":\"https:\/\/www.smedemokrati.sk\/?s={search_term_string}\"},\"query-input\":{\"@type\":\"PropertyValueSpecification\",\"valueRequired\":true,\"valueName\":\"search_term_string\"}}],\"inLanguage\":\"sv-SE\"},{\"@type\":\"Organization\",\"@id\":\"https:\/\/www.smedemokrati.sk\/#organization\",\"name\":\"Smedemokrati.sk\",\"url\":\"https:\/\/www.smedemokrati.sk\/\",\"logo\":{\"@type\":\"ImageObject\",\"inLanguage\":\"sv-SE\",\"@id\":\"https:\/\/www.smedemokrati.sk\/#\/schema\/logo\/image\/\",\"url\":\"https:\/\/www.smedemokrati.sk\/wp-content\/uploads\/2023\/04\/ff.002.jpeg\",\"contentUrl\":\"https:\/\/www.smedemokrati.sk\/wp-content\/uploads\/2023\/04\/ff.002.jpeg\",\"width\":640,\"height\":480,\"caption\":\"Smedemokrati.sk\"},\"image\":{\"@id\":\"https:\/\/www.smedemokrati.sk\/#\/schema\/logo\/image\/\"},\"sameAs\":[\"https:\/\/www.facebook.com\/smedemokrati2023\"]},{\"@type\":\"Person\",\"@id\":\"https:\/\/www.smedemokrati.sk\/#\/schema\/person\/21f147c88d605aa7ded900e1e7c344ba\",\"name\":\"miro.sopko\",\"image\":{\"@type\":\"ImageObject\",\"inLanguage\":\"sv-SE\",\"@id\":\"https:\/\/secure.gravatar.com\/avatar\/267e4a36f704376c109afe3a78740c1f5dd8675a2180a908699e7863c9247606?s=96&d=mm&r=g\",\"url\":\"https:\/\/secure.gravatar.com\/avatar\/267e4a36f704376c109afe3a78740c1f5dd8675a2180a908699e7863c9247606?s=96&d=mm&r=g\",\"contentUrl\":\"https:\/\/secure.gravatar.com\/avatar\/267e4a36f704376c109afe3a78740c1f5dd8675a2180a908699e7863c9247606?s=96&d=mm&r=g\",\"caption\":\"miro.sopko\"},\"url\":\"https:\/\/www.smedemokrati.sk\/sv\/author\/miro-sopko\/\"}]}<\/script>\n<!-- \/ Yoast SEO plugin. -->","yoast_head_json":{"title":"Rozpo\u010det je hotov\u00e1 katastrofa!","robots":{"index":"index","follow":"follow","max-snippet":"max-snippet:-1","max-image-preview":"max-image-preview:large","max-video-preview":"max-video-preview:-1"},"canonical":"https:\/\/www.smedemokrati.sk\/sv\/rozpocet-je-hotova-katastrofa\/","og_locale":"sv_SE","og_type":"article","og_title":"[:sk]Rozpo\u010det je hotov\u00e1 katastrofa![:] - Smedemokrati.sk","og_description":"Najnov\u0161\u00ed n\u00e1vrh rozpo\u010dtu verejnej spr\u00e1vy na roky 2026 a\u017e 2028 je pod\u013ea b\u00fdval\u00e9ho premi\u00e9ra a podpredsedu Demokratov Eduarda Hegera fi\u0161k\u00e1lnou katastrofou, ktor\u00e1 ohrozuje bud\u00facnos\u0165 Slovenska. \u201eVl\u00e1da s\u013eubovala ozdravenie, no priniesla rekordn\u00fd deficit. Tento rozpo\u010det nie je pl\u00e1n zodpovedn\u00e9ho hospod\u00e1renia, ale pl\u00e1n rastu dlhu,\u201c&nbsp;uviedol Eduard Heger. Pod\u013ea Ministerstva financi\u00ed dosiahne deficit verejn\u00fdch financi\u00ed za rok 2025 [&hellip;]","og_url":"https:\/\/www.smedemokrati.sk\/sv\/rozpocet-je-hotova-katastrofa\/","og_site_name":"Smedemokrati.sk","article_publisher":"https:\/\/www.facebook.com\/smedemokrati2023","article_published_time":"2025-10-08T14:47:00+00:00","article_modified_time":"2025-10-08T18:50:16+00:00","og_image":[{"width":1520,"height":1080,"url":"https:\/\/www.smedemokrati.sk\/wp-content\/uploads\/2023\/04\/EH.jpg","type":"image\/jpeg"}],"author":"miro.sopko","twitter_card":"summary_large_image","twitter_misc":{"Skriven av":"miro.sopko","Ber\u00e4knad l\u00e4stid":"2 minuter"},"schema":{"@context":"https:\/\/schema.org","@graph":[{"@type":"Article","@id":"https:\/\/www.smedemokrati.sk\/rozpocet-je-hotova-katastrofa\/#article","isPartOf":{"@id":"https:\/\/www.smedemokrati.sk\/rozpocet-je-hotova-katastrofa\/"},"author":{"name":"miro.sopko","@id":"https:\/\/www.smedemokrati.sk\/#\/schema\/person\/21f147c88d605aa7ded900e1e7c344ba"},"headline":"Rozpo\u010det je hotov\u00e1 katastrofa!","datePublished":"2025-10-08T14:47:00+00:00","dateModified":"2025-10-08T18:50:16+00:00","mainEntityOfPage":{"@id":"https:\/\/www.smedemokrati.sk\/rozpocet-je-hotova-katastrofa\/"},"wordCount":247,"publisher":{"@id":"https:\/\/www.smedemokrati.sk\/#organization"},"image":{"@id":"https:\/\/www.smedemokrati.sk\/rozpocet-je-hotova-katastrofa\/#primaryimage"},"thumbnailUrl":"https:\/\/www.smedemokrati.sk\/wp-content\/uploads\/2023\/04\/EH.jpg","articleSection":["Tla\u010dov\u00e9 spr\u00e1vy"],"inLanguage":"sv-SE"},{"@type":"WebPage","@id":"https:\/\/www.smedemokrati.sk\/rozpocet-je-hotova-katastrofa\/","url":"https:\/\/www.smedemokrati.sk\/rozpocet-je-hotova-katastrofa\/","name":"Rozpo\u010det je hotov\u00e1 katastrofa!","isPartOf":{"@id":"https:\/\/www.smedemokrati.sk\/#website"},"primaryImageOfPage":{"@id":"https:\/\/www.smedemokrati.sk\/rozpocet-je-hotova-katastrofa\/#primaryimage"},"image":{"@id":"https:\/\/www.smedemokrati.sk\/rozpocet-je-hotova-katastrofa\/#primaryimage"},"thumbnailUrl":"https:\/\/www.smedemokrati.sk\/wp-content\/uploads\/2023\/04\/EH.jpg","datePublished":"2025-10-08T14:47:00+00:00","dateModified":"2025-10-08T18:50:16+00:00","breadcrumb":{"@id":"https:\/\/www.smedemokrati.sk\/rozpocet-je-hotova-katastrofa\/#breadcrumb"},"inLanguage":"sv-SE","potentialAction":[{"@type":"ReadAction","target":["https:\/\/www.smedemokrati.sk\/rozpocet-je-hotova-katastrofa\/"]}]},{"@type":"ImageObject","inLanguage":"sv-SE","@id":"https:\/\/www.smedemokrati.sk\/rozpocet-je-hotova-katastrofa\/#primaryimage","url":"https:\/\/www.smedemokrati.sk\/wp-content\/uploads\/2023\/04\/EH.jpg","contentUrl":"https:\/\/www.smedemokrati.sk\/wp-content\/uploads\/2023\/04\/EH.jpg","width":1520,"height":1080},{"@type":"BreadcrumbList","@id":"https:\/\/www.smedemokrati.sk\/rozpocet-je-hotova-katastrofa\/#breadcrumb","itemListElement":[{"@type":"ListItem","position":1,"name":"Domovsk\u00e1 str\u00e1nka","item":"https:\/\/www.smedemokrati.sk\/"},{"@type":"ListItem","position":2,"name":"Rozpo\u010det je hotov\u00e1 katastrofa!"}]},{"@type":"WebSite","@id":"https:\/\/www.smedemokrati.sk\/#website","url":"https:\/\/www.smedemokrati.sk\/","name":"Smedemokrati.sk","description":"Demokracia a slu\u0161nos\u0165 zv\u00ed\u0165az\u00ed","publisher":{"@id":"https:\/\/www.smedemokrati.sk\/#organization"},"potentialAction":[{"@type":"SearchAction","target":{"@type":"EntryPoint","urlTemplate":"https:\/\/www.smedemokrati.sk\/?s={search_term_string}"},"query-input":{"@type":"PropertyValueSpecification","valueRequired":true,"valueName":"search_term_string"}}],"inLanguage":"sv-SE"},{"@type":"Organization","@id":"https:\/\/www.smedemokrati.sk\/#organization","name":"Smedemokrati.sk","url":"https:\/\/www.smedemokrati.sk\/","logo":{"@type":"ImageObject","inLanguage":"sv-SE","@id":"https:\/\/www.smedemokrati.sk\/#\/schema\/logo\/image\/","url":"https:\/\/www.smedemokrati.sk\/wp-content\/uploads\/2023\/04\/ff.002.jpeg","contentUrl":"https:\/\/www.smedemokrati.sk\/wp-content\/uploads\/2023\/04\/ff.002.jpeg","width":640,"height":480,"caption":"Smedemokrati.sk"},"image":{"@id":"https:\/\/www.smedemokrati.sk\/#\/schema\/logo\/image\/"},"sameAs":["https:\/\/www.facebook.com\/smedemokrati2023"]},{"@type":"Person","@id":"https:\/\/www.smedemokrati.sk\/#\/schema\/person\/21f147c88d605aa7ded900e1e7c344ba","name":"miro.sopko","image":{"@type":"ImageObject","inLanguage":"sv-SE","@id":"https:\/\/secure.gravatar.com\/avatar\/267e4a36f704376c109afe3a78740c1f5dd8675a2180a908699e7863c9247606?s=96&d=mm&r=g","url":"https:\/\/secure.gravatar.com\/avatar\/267e4a36f704376c109afe3a78740c1f5dd8675a2180a908699e7863c9247606?s=96&d=mm&r=g","contentUrl":"https:\/\/secure.gravatar.com\/avatar\/267e4a36f704376c109afe3a78740c1f5dd8675a2180a908699e7863c9247606?s=96&d=mm&r=g","caption":"miro.sopko"},"url":"https:\/\/www.smedemokrati.sk\/sv\/author\/miro-sopko\/"}]}},"_links":{"self":[{"href":"https:\/\/www.smedemokrati.sk\/sv\/wp-json\/wp\/v2\/posts\/8299","targetHints":{"allow":["GET"]}}],"collection":[{"href":"https:\/\/www.smedemokrati.sk\/sv\/wp-json\/wp\/v2\/posts"}],"about":[{"href":"https:\/\/www.smedemokrati.sk\/sv\/wp-json\/wp\/v2\/types\/post"}],"author":[{"embeddable":true,"href":"https:\/\/www.smedemokrati.sk\/sv\/wp-json\/wp\/v2\/users\/13"}],"replies":[{"embeddable":true,"href":"https:\/\/www.smedemokrati.sk\/sv\/wp-json\/wp\/v2\/comments?post=8299"}],"version-history":[{"count":1,"href":"https:\/\/www.smedemokrati.sk\/sv\/wp-json\/wp\/v2\/posts\/8299\/revisions"}],"predecessor-version":[{"id":8300,"href":"https:\/\/www.smedemokrati.sk\/sv\/wp-json\/wp\/v2\/posts\/8299\/revisions\/8300"}],"wp:featuredmedia":[{"embeddable":true,"href":"https:\/\/www.smedemokrati.sk\/sv\/wp-json\/wp\/v2\/media\/249"}],"wp:attachment":[{"href":"https:\/\/www.smedemokrati.sk\/sv\/wp-json\/wp\/v2\/media?parent=8299"}],"wp:term":[{"taxonomy":"category","embeddable":true,"href":"https:\/\/www.smedemokrati.sk\/sv\/wp-json\/wp\/v2\/categories?post=8299"},{"taxonomy":"post_tag","embeddable":true,"href":"https:\/\/www.smedemokrati.sk\/sv\/wp-json\/wp\/v2\/tags?post=8299"}],"curies":[{"name":"wp","href":"https:\/\/api.w.org\/{rel}","templated":true}]}}