{"id":8293,"date":"2025-10-07T12:20:07","date_gmt":"2025-10-07T11:20:07","guid":{"rendered":"https:\/\/www.smedemokrati.sk\/?p=8293"},"modified":"2025-10-07T12:20:08","modified_gmt":"2025-10-07T11:20:08","slug":"utajuje-vlada-zmeny-planu-obnovy-pre-jej-ocividnu-neschopnost","status":"publish","type":"post","link":"https:\/\/www.smedemokrati.sk\/sv\/utajuje-vlada-zmeny-planu-obnovy-pre-jej-ocividnu-neschopnost\/","title":{"rendered":"Utajuje vl\u00e1da zmeny pl\u00e1nu obnovy pre jej o\u010dividn\u00fa neschopnos\u0165?"},"content":{"rendered":"<div id=\"fb-root\"><\/div>\n\n<p><strong>Podpredseda vl\u00e1dy Peter Kmec utajuje rev\u00edziu pl\u00e1nu obnovy, ktorou obi\u0161iel verejnos\u0165, soci\u00e1lnych partnerov a expertov a zaslal ju minul\u00fd t\u00fd\u017ede\u0148 na form\u00e1lne schv\u00e1lenie Eur\u00f3pskej komisii. Demokrati upozor\u0148uj\u00fa aj na \u010fal\u0161ie \u010doraz v\u00e1\u017enej\u0161ie probl\u00e9my pl\u00e1nu obnovy. Za 8 mesiacov m\u00e1 toti\u017e vl\u00e1da splni\u0165 v troch \u017eiadostiach o platbu za 1,85 mld. eur 100 m\u00ed\u013enikov. \u010cak\u00e1 pl\u00e1n obnovy tot\u00e1lne fiasko?<\/strong><\/p>\n\n\n\n<p>Utajovanie zmien pl\u00e1nu obnovy okrem poru\u0161enia z\u00e1kona tot\u00e1lne ignoruje ob\u010danov, samospr\u00e1vy, podnikate\u013esk\u00e9 zv\u00e4zy \u010di expertov. A prich\u00e1dza v \u010dase, kedy riziko stroskotania pl\u00e1nu obnovy zo d\u0148a na de\u0148 narast\u00e1. \u201e<em>K j\u00fanu 2026, teda za 8 mesiacov, musia by\u0165 v\u0161etky reformy a invest\u00edcie z pl\u00e1nu obnovy zrealizovan\u00e9, z\u00fa\u010dtovan\u00e9 a vyplaten\u00e9. S\u00fa\u010dasn\u00e1 vl\u00e1da zatia\u013e kompletne zrealizovala, podala a dostala vyplaten\u00fa jedin\u00fa platbu, a to za dva roky. Za nasleduj\u00facich 8 mesiacov ju \u010dakaj\u00fa tri platby, so 100 m\u00ed\u013enikmi za 1,85 mld. eur, splnen\u00e9 s\u00fa len tri m\u00ed\u013eniky. T\u00fdmto tempom by to nestihla pomaly ani do roku 2030,<\/em>\u201d vysvet\u013euje Michal Ki\u010da, \u010dlen predsedn\u00edctva Demokratov. Pri rev\u00edzii sa naviac ob\u00e1vame opakovaniu zl\u00fdch rozhodnut\u00ed vl\u00e1dy, ktor\u00e1 presmerovala prostriedky na invest\u00edcie, o ktor\u00fdch bolo zrejm\u00e9, \u017ee sa do j\u00fana 2026 nestihn\u00fa.\u00a0<\/p>\n\n\n\n<p>Slovensku tak hrozia hne\u010f tri rizik\u00e1. Jednak nemus\u00edme dosta\u0165 zvy\u0161n\u00e9 miliardy eur z pl\u00e1nu obnovy, v hre je spolu 2,7 mld. eur a za nesplnen\u00e9 m\u00ed\u013eniky, najm\u00e4 reformy, budeme naviac plati\u0165 pokuty r\u00e1dovo v st\u00e1mili\u00f3noch eur. \u201e<em>No zatia\u013e \u00faplne opom\u00ednan\u00e9 je riziko dodato\u010dn\u00e9ho za\u0165a\u017eenia \u0161t\u00e1tneho rozpo\u010dtu st\u00e1mili\u00f3nov\u00fdmi v\u00fddavkami za invest\u00edcie, ktor\u00e9 sa u\u017e z pl\u00e1nu obnovy zazmluvnili, ale nestihn\u00fa sa zrealizova\u0165 a prefinancova\u0165 do j\u00fana 2026. D\u00f4sledkom bude, \u017ee \u0161t\u00e1t, ktor\u00fd v\u0161ak u\u017e zmluvy na realiz\u00e1cie uzavrel, ich bude musie\u0165 financova\u0165 nie z eur\u00f3pkych, ale vlastn\u00fdch zdrojov, a to v \u010dase konsolid\u00e1cie,<\/em>\u201d varuje Michal Ki\u010da.<\/p>\n\n\n\n<p>\u201e<em>K\u00fdm pri pr\u00edprave pl\u00e1nu obnovy boli zapojen\u00ed v\u0161etci, teraz u\u017e vl\u00e1da utajuje aj obsah rev\u00edzie. K\u00fdm v minulosti sme boli premiantmi pl\u00e1nu obnovy, teraz sme na chvoste. Z premi\u00e9rskej t\u00e9my sa stala t\u00e9ma, za ktor\u00fa sa hanb\u00ed aj podpredseda vl\u00e1dy Kmec. Vyz\u00fdvame ho, aby venoval maxim\u00e1lne \u00fasilie naplneniu pl\u00e1nu obnovy, neohrozoval miliardy z eur\u00f3pskych prostriedkov a bezodkladne zverejnil obsah rev\u00edzie poslan\u00fd do Bruselu,<\/em>\u201d uzavrel b\u00fdval\u00fd premi\u00e9r Eduard Heger, ktor\u00fd st\u00e1l pri zrode pl\u00e1nu obnovy.<\/p>\n\n\n\n<figure class=\"wp-block-embed is-type-video is-provider-youtube wp-block-embed-youtube wp-embed-aspect-4-3 wp-has-aspect-ratio\"><div class=\"wp-block-embed__wrapper\">\n<iframe title=\"Tajnosti okolo pl\u00e1nu obnovy a rozpo\u010det na bud\u00faci rok pln\u00fd chaosu, miliardovej diery a \u017eiadneho pl\u00e1nu\" width=\"500\" height=\"375\" src=\"https:\/\/www.youtube.com\/embed\/KXY5q83_Amc?feature=oembed\" frameborder=\"0\" allow=\"accelerometer; autoplay; clipboard-write; encrypted-media; gyroscope; picture-in-picture; web-share\" referrerpolicy=\"strict-origin-when-cross-origin\" allowfullscreen><\/iframe>\n<\/div><\/figure>\n","protected":false},"excerpt":{"rendered":"<p>Podpredseda vl\u00e1dy Peter Kmec utajuje rev\u00edziu pl\u00e1nu obnovy, ktorou obi\u0161iel verejnos\u0165, soci\u00e1lnych partnerov a expertov a zaslal ju minul\u00fd t\u00fd\u017ede\u0148 na form\u00e1lne schv\u00e1lenie Eur\u00f3pskej komisii. Demokrati upozor\u0148uj\u00fa aj na \u010fal\u0161ie \u010doraz v\u00e1\u017enej\u0161ie probl\u00e9my pl\u00e1nu obnovy. Za 8 mesiacov m\u00e1 toti\u017e vl\u00e1da splni\u0165 v troch \u017eiadostiach o platbu za 1,85 mld. eur 100 m\u00ed\u013enikov. \u010cak\u00e1 pl\u00e1n [&hellip;]<\/p>\n","protected":false},"author":13,"featured_media":8294,"comment_status":"closed","ping_status":"closed","sticky":false,"template":"","format":"standard","meta":{"_acf_changed":false,"ngg_post_thumbnail":0,"footnotes":""},"categories":[4],"tags":[],"class_list":["post-8293","post","type-post","status-publish","format-standard","has-post-thumbnail","hentry","category-tlacove-spravy"],"acf":[],"yoast_head":"<!-- This site is optimized with the Yoast SEO plugin v27.2 - https:\/\/yoast.com\/product\/yoast-seo-wordpress\/ -->\n<title>Utajuje vl\u00e1da zmeny pl\u00e1nu obnovy pre jej o\u010dividn\u00fa neschopnos\u0165?<\/title>\n<meta name=\"robots\" content=\"index, follow, max-snippet:-1, max-image-preview:large, max-video-preview:-1\" \/>\n<link rel=\"canonical\" href=\"https:\/\/www.smedemokrati.sk\/sv\/utajuje-vlada-zmeny-planu-obnovy-pre-jej-ocividnu-neschopnost\/\" \/>\n<meta property=\"og:locale\" content=\"sv_SE\" \/>\n<meta property=\"og:locale:alternate\" content=\"en_US\" \/>\n<meta property=\"og:locale:alternate\" content=\"cs_CZ\" \/>\n<meta property=\"og:locale:alternate\" content=\"hu_HU\" \/>\n<meta property=\"og:locale:alternate\" content=\"sk_SK\" \/>\n<meta property=\"og:type\" content=\"article\" \/>\n<meta property=\"og:title\" content=\"Utajuje vl\u00e1da zmeny pl\u00e1nu obnovy pre jej o\u010dividn\u00fa neschopnos\u0165?\" \/>\n<meta property=\"og:description\" content=\"Podpredseda vl\u00e1dy Peter Kmec utajuje rev\u00edziu pl\u00e1nu obnovy, ktorou obi\u0161iel verejnos\u0165, soci\u00e1lnych partnerov a expertov a zaslal ju minul\u00fd t\u00fd\u017ede\u0148 na form\u00e1lne schv\u00e1lenie Eur\u00f3pskej komisii. Demokrati upozor\u0148uj\u00fa aj na \u010fal\u0161ie \u010doraz v\u00e1\u017enej\u0161ie probl\u00e9my pl\u00e1nu obnovy. Za 8 mesiacov m\u00e1 toti\u017e vl\u00e1da splni\u0165 v troch \u017eiadostiach o platbu za 1,85 mld. eur 100 m\u00ed\u013enikov. \u010cak\u00e1 pl\u00e1n [&hellip;]\" \/>\n<meta property=\"og:url\" content=\"https:\/\/www.smedemokrati.sk\/sv\/utajuje-vlada-zmeny-planu-obnovy-pre-jej-ocividnu-neschopnost\/\" \/>\n<meta property=\"og:site_name\" content=\"Smedemokrati.sk\" \/>\n<meta property=\"article:publisher\" content=\"https:\/\/www.facebook.com\/smedemokrati2023\" \/>\n<meta property=\"article:published_time\" content=\"2025-10-07T11:20:07+00:00\" \/>\n<meta property=\"article:modified_time\" content=\"2025-10-07T11:20:08+00:00\" \/>\n<meta property=\"og:image\" content=\"https:\/\/www.smedemokrati.sk\/wp-content\/uploads\/2025\/10\/kde-je-kmec.jpg\" \/>\n\t<meta property=\"og:image:width\" content=\"1280\" \/>\n\t<meta property=\"og:image:height\" content=\"720\" \/>\n\t<meta property=\"og:image:type\" content=\"image\/jpeg\" \/>\n<meta name=\"author\" content=\"miro.sopko\" \/>\n<meta name=\"twitter:card\" content=\"summary_large_image\" \/>\n<meta name=\"twitter:label1\" content=\"Skriven av\" \/>\n\t<meta name=\"twitter:data1\" content=\"miro.sopko\" \/>\n\t<meta name=\"twitter:label2\" content=\"Ber\u00e4knad l\u00e4stid\" \/>\n\t<meta name=\"twitter:data2\" content=\"3 minuter\" \/>\n<script type=\"application\/ld+json\" class=\"yoast-schema-graph\">{\"@context\":\"https:\/\/schema.org\",\"@graph\":[{\"@type\":\"Article\",\"@id\":\"https:\/\/www.smedemokrati.sk\/utajuje-vlada-zmeny-planu-obnovy-pre-jej-ocividnu-neschopnost\/#article\",\"isPartOf\":{\"@id\":\"https:\/\/www.smedemokrati.sk\/utajuje-vlada-zmeny-planu-obnovy-pre-jej-ocividnu-neschopnost\/\"},\"author\":{\"name\":\"miro.sopko\",\"@id\":\"https:\/\/www.smedemokrati.sk\/#\/schema\/person\/21f147c88d605aa7ded900e1e7c344ba\"},\"headline\":\"Utajuje vl\u00e1da zmeny pl\u00e1nu obnovy pre jej o\u010dividn\u00fa neschopnos\u0165?\",\"datePublished\":\"2025-10-07T11:20:07+00:00\",\"dateModified\":\"2025-10-07T11:20:08+00:00\",\"mainEntityOfPage\":{\"@id\":\"https:\/\/www.smedemokrati.sk\/utajuje-vlada-zmeny-planu-obnovy-pre-jej-ocividnu-neschopnost\/\"},\"wordCount\":464,\"publisher\":{\"@id\":\"https:\/\/www.smedemokrati.sk\/#organization\"},\"image\":{\"@id\":\"https:\/\/www.smedemokrati.sk\/utajuje-vlada-zmeny-planu-obnovy-pre-jej-ocividnu-neschopnost\/#primaryimage\"},\"thumbnailUrl\":\"https:\/\/www.smedemokrati.sk\/wp-content\/uploads\/2025\/10\/kde-je-kmec.jpg\",\"articleSection\":[\"Tla\u010dov\u00e9 spr\u00e1vy\"],\"inLanguage\":\"sv-SE\"},{\"@type\":\"WebPage\",\"@id\":\"https:\/\/www.smedemokrati.sk\/utajuje-vlada-zmeny-planu-obnovy-pre-jej-ocividnu-neschopnost\/\",\"url\":\"https:\/\/www.smedemokrati.sk\/utajuje-vlada-zmeny-planu-obnovy-pre-jej-ocividnu-neschopnost\/\",\"name\":\"Utajuje vl\u00e1da zmeny pl\u00e1nu obnovy pre jej o\u010dividn\u00fa neschopnos\u0165?\",\"isPartOf\":{\"@id\":\"https:\/\/www.smedemokrati.sk\/#website\"},\"primaryImageOfPage\":{\"@id\":\"https:\/\/www.smedemokrati.sk\/utajuje-vlada-zmeny-planu-obnovy-pre-jej-ocividnu-neschopnost\/#primaryimage\"},\"image\":{\"@id\":\"https:\/\/www.smedemokrati.sk\/utajuje-vlada-zmeny-planu-obnovy-pre-jej-ocividnu-neschopnost\/#primaryimage\"},\"thumbnailUrl\":\"https:\/\/www.smedemokrati.sk\/wp-content\/uploads\/2025\/10\/kde-je-kmec.jpg\",\"datePublished\":\"2025-10-07T11:20:07+00:00\",\"dateModified\":\"2025-10-07T11:20:08+00:00\",\"breadcrumb\":{\"@id\":\"https:\/\/www.smedemokrati.sk\/utajuje-vlada-zmeny-planu-obnovy-pre-jej-ocividnu-neschopnost\/#breadcrumb\"},\"inLanguage\":\"sv-SE\",\"potentialAction\":[{\"@type\":\"ReadAction\",\"target\":[\"https:\/\/www.smedemokrati.sk\/utajuje-vlada-zmeny-planu-obnovy-pre-jej-ocividnu-neschopnost\/\"]}]},{\"@type\":\"ImageObject\",\"inLanguage\":\"sv-SE\",\"@id\":\"https:\/\/www.smedemokrati.sk\/utajuje-vlada-zmeny-planu-obnovy-pre-jej-ocividnu-neschopnost\/#primaryimage\",\"url\":\"https:\/\/www.smedemokrati.sk\/wp-content\/uploads\/2025\/10\/kde-je-kmec.jpg\",\"contentUrl\":\"https:\/\/www.smedemokrati.sk\/wp-content\/uploads\/2025\/10\/kde-je-kmec.jpg\",\"width\":1280,\"height\":720},{\"@type\":\"BreadcrumbList\",\"@id\":\"https:\/\/www.smedemokrati.sk\/utajuje-vlada-zmeny-planu-obnovy-pre-jej-ocividnu-neschopnost\/#breadcrumb\",\"itemListElement\":[{\"@type\":\"ListItem\",\"position\":1,\"name\":\"Domovsk\u00e1 str\u00e1nka\",\"item\":\"https:\/\/www.smedemokrati.sk\/\"},{\"@type\":\"ListItem\",\"position\":2,\"name\":\"Utajuje vl\u00e1da zmeny pl\u00e1nu obnovy pre jej o\u010dividn\u00fa neschopnos\u0165?\"}]},{\"@type\":\"WebSite\",\"@id\":\"https:\/\/www.smedemokrati.sk\/#website\",\"url\":\"https:\/\/www.smedemokrati.sk\/\",\"name\":\"Smedemokrati.sk\",\"description\":\"Demokracia a slu\u0161nos\u0165 zv\u00ed\u0165az\u00ed\",\"publisher\":{\"@id\":\"https:\/\/www.smedemokrati.sk\/#organization\"},\"potentialAction\":[{\"@type\":\"SearchAction\",\"target\":{\"@type\":\"EntryPoint\",\"urlTemplate\":\"https:\/\/www.smedemokrati.sk\/?s={search_term_string}\"},\"query-input\":{\"@type\":\"PropertyValueSpecification\",\"valueRequired\":true,\"valueName\":\"search_term_string\"}}],\"inLanguage\":\"sv-SE\"},{\"@type\":\"Organization\",\"@id\":\"https:\/\/www.smedemokrati.sk\/#organization\",\"name\":\"Smedemokrati.sk\",\"url\":\"https:\/\/www.smedemokrati.sk\/\",\"logo\":{\"@type\":\"ImageObject\",\"inLanguage\":\"sv-SE\",\"@id\":\"https:\/\/www.smedemokrati.sk\/#\/schema\/logo\/image\/\",\"url\":\"https:\/\/www.smedemokrati.sk\/wp-content\/uploads\/2023\/04\/ff.002.jpeg\",\"contentUrl\":\"https:\/\/www.smedemokrati.sk\/wp-content\/uploads\/2023\/04\/ff.002.jpeg\",\"width\":640,\"height\":480,\"caption\":\"Smedemokrati.sk\"},\"image\":{\"@id\":\"https:\/\/www.smedemokrati.sk\/#\/schema\/logo\/image\/\"},\"sameAs\":[\"https:\/\/www.facebook.com\/smedemokrati2023\"]},{\"@type\":\"Person\",\"@id\":\"https:\/\/www.smedemokrati.sk\/#\/schema\/person\/21f147c88d605aa7ded900e1e7c344ba\",\"name\":\"miro.sopko\",\"image\":{\"@type\":\"ImageObject\",\"inLanguage\":\"sv-SE\",\"@id\":\"https:\/\/secure.gravatar.com\/avatar\/267e4a36f704376c109afe3a78740c1f5dd8675a2180a908699e7863c9247606?s=96&d=mm&r=g\",\"url\":\"https:\/\/secure.gravatar.com\/avatar\/267e4a36f704376c109afe3a78740c1f5dd8675a2180a908699e7863c9247606?s=96&d=mm&r=g\",\"contentUrl\":\"https:\/\/secure.gravatar.com\/avatar\/267e4a36f704376c109afe3a78740c1f5dd8675a2180a908699e7863c9247606?s=96&d=mm&r=g\",\"caption\":\"miro.sopko\"},\"url\":\"https:\/\/www.smedemokrati.sk\/sv\/author\/miro-sopko\/\"}]}<\/script>\n<!-- \/ Yoast SEO plugin. -->","yoast_head_json":{"title":"Utajuje vl\u00e1da zmeny pl\u00e1nu obnovy pre jej o\u010dividn\u00fa neschopnos\u0165?","robots":{"index":"index","follow":"follow","max-snippet":"max-snippet:-1","max-image-preview":"max-image-preview:large","max-video-preview":"max-video-preview:-1"},"canonical":"https:\/\/www.smedemokrati.sk\/sv\/utajuje-vlada-zmeny-planu-obnovy-pre-jej-ocividnu-neschopnost\/","og_locale":"sv_SE","og_type":"article","og_title":"[:sk]Utajuje vl\u00e1da zmeny pl\u00e1nu obnovy pre jej o\u010dividn\u00fa neschopnos\u0165?[:] - Smedemokrati.sk","og_description":"Podpredseda vl\u00e1dy Peter Kmec utajuje rev\u00edziu pl\u00e1nu obnovy, ktorou obi\u0161iel verejnos\u0165, soci\u00e1lnych partnerov a expertov a zaslal ju minul\u00fd t\u00fd\u017ede\u0148 na form\u00e1lne schv\u00e1lenie Eur\u00f3pskej komisii. Demokrati upozor\u0148uj\u00fa aj na \u010fal\u0161ie \u010doraz v\u00e1\u017enej\u0161ie probl\u00e9my pl\u00e1nu obnovy. Za 8 mesiacov m\u00e1 toti\u017e vl\u00e1da splni\u0165 v troch \u017eiadostiach o platbu za 1,85 mld. eur 100 m\u00ed\u013enikov. \u010cak\u00e1 pl\u00e1n [&hellip;]","og_url":"https:\/\/www.smedemokrati.sk\/sv\/utajuje-vlada-zmeny-planu-obnovy-pre-jej-ocividnu-neschopnost\/","og_site_name":"Smedemokrati.sk","article_publisher":"https:\/\/www.facebook.com\/smedemokrati2023","article_published_time":"2025-10-07T11:20:07+00:00","article_modified_time":"2025-10-07T11:20:08+00:00","og_image":[{"width":1280,"height":720,"url":"https:\/\/www.smedemokrati.sk\/wp-content\/uploads\/2025\/10\/kde-je-kmec.jpg","type":"image\/jpeg"}],"author":"miro.sopko","twitter_card":"summary_large_image","twitter_misc":{"Skriven av":"miro.sopko","Ber\u00e4knad l\u00e4stid":"3 minuter"},"schema":{"@context":"https:\/\/schema.org","@graph":[{"@type":"Article","@id":"https:\/\/www.smedemokrati.sk\/utajuje-vlada-zmeny-planu-obnovy-pre-jej-ocividnu-neschopnost\/#article","isPartOf":{"@id":"https:\/\/www.smedemokrati.sk\/utajuje-vlada-zmeny-planu-obnovy-pre-jej-ocividnu-neschopnost\/"},"author":{"name":"miro.sopko","@id":"https:\/\/www.smedemokrati.sk\/#\/schema\/person\/21f147c88d605aa7ded900e1e7c344ba"},"headline":"Utajuje vl\u00e1da zmeny pl\u00e1nu obnovy pre jej o\u010dividn\u00fa neschopnos\u0165?","datePublished":"2025-10-07T11:20:07+00:00","dateModified":"2025-10-07T11:20:08+00:00","mainEntityOfPage":{"@id":"https:\/\/www.smedemokrati.sk\/utajuje-vlada-zmeny-planu-obnovy-pre-jej-ocividnu-neschopnost\/"},"wordCount":464,"publisher":{"@id":"https:\/\/www.smedemokrati.sk\/#organization"},"image":{"@id":"https:\/\/www.smedemokrati.sk\/utajuje-vlada-zmeny-planu-obnovy-pre-jej-ocividnu-neschopnost\/#primaryimage"},"thumbnailUrl":"https:\/\/www.smedemokrati.sk\/wp-content\/uploads\/2025\/10\/kde-je-kmec.jpg","articleSection":["Tla\u010dov\u00e9 spr\u00e1vy"],"inLanguage":"sv-SE"},{"@type":"WebPage","@id":"https:\/\/www.smedemokrati.sk\/utajuje-vlada-zmeny-planu-obnovy-pre-jej-ocividnu-neschopnost\/","url":"https:\/\/www.smedemokrati.sk\/utajuje-vlada-zmeny-planu-obnovy-pre-jej-ocividnu-neschopnost\/","name":"Utajuje vl\u00e1da zmeny pl\u00e1nu obnovy pre jej o\u010dividn\u00fa neschopnos\u0165?","isPartOf":{"@id":"https:\/\/www.smedemokrati.sk\/#website"},"primaryImageOfPage":{"@id":"https:\/\/www.smedemokrati.sk\/utajuje-vlada-zmeny-planu-obnovy-pre-jej-ocividnu-neschopnost\/#primaryimage"},"image":{"@id":"https:\/\/www.smedemokrati.sk\/utajuje-vlada-zmeny-planu-obnovy-pre-jej-ocividnu-neschopnost\/#primaryimage"},"thumbnailUrl":"https:\/\/www.smedemokrati.sk\/wp-content\/uploads\/2025\/10\/kde-je-kmec.jpg","datePublished":"2025-10-07T11:20:07+00:00","dateModified":"2025-10-07T11:20:08+00:00","breadcrumb":{"@id":"https:\/\/www.smedemokrati.sk\/utajuje-vlada-zmeny-planu-obnovy-pre-jej-ocividnu-neschopnost\/#breadcrumb"},"inLanguage":"sv-SE","potentialAction":[{"@type":"ReadAction","target":["https:\/\/www.smedemokrati.sk\/utajuje-vlada-zmeny-planu-obnovy-pre-jej-ocividnu-neschopnost\/"]}]},{"@type":"ImageObject","inLanguage":"sv-SE","@id":"https:\/\/www.smedemokrati.sk\/utajuje-vlada-zmeny-planu-obnovy-pre-jej-ocividnu-neschopnost\/#primaryimage","url":"https:\/\/www.smedemokrati.sk\/wp-content\/uploads\/2025\/10\/kde-je-kmec.jpg","contentUrl":"https:\/\/www.smedemokrati.sk\/wp-content\/uploads\/2025\/10\/kde-je-kmec.jpg","width":1280,"height":720},{"@type":"BreadcrumbList","@id":"https:\/\/www.smedemokrati.sk\/utajuje-vlada-zmeny-planu-obnovy-pre-jej-ocividnu-neschopnost\/#breadcrumb","itemListElement":[{"@type":"ListItem","position":1,"name":"Domovsk\u00e1 str\u00e1nka","item":"https:\/\/www.smedemokrati.sk\/"},{"@type":"ListItem","position":2,"name":"Utajuje vl\u00e1da zmeny pl\u00e1nu obnovy pre jej o\u010dividn\u00fa neschopnos\u0165?"}]},{"@type":"WebSite","@id":"https:\/\/www.smedemokrati.sk\/#website","url":"https:\/\/www.smedemokrati.sk\/","name":"Smedemokrati.sk","description":"Demokracia a slu\u0161nos\u0165 zv\u00ed\u0165az\u00ed","publisher":{"@id":"https:\/\/www.smedemokrati.sk\/#organization"},"potentialAction":[{"@type":"SearchAction","target":{"@type":"EntryPoint","urlTemplate":"https:\/\/www.smedemokrati.sk\/?s={search_term_string}"},"query-input":{"@type":"PropertyValueSpecification","valueRequired":true,"valueName":"search_term_string"}}],"inLanguage":"sv-SE"},{"@type":"Organization","@id":"https:\/\/www.smedemokrati.sk\/#organization","name":"Smedemokrati.sk","url":"https:\/\/www.smedemokrati.sk\/","logo":{"@type":"ImageObject","inLanguage":"sv-SE","@id":"https:\/\/www.smedemokrati.sk\/#\/schema\/logo\/image\/","url":"https:\/\/www.smedemokrati.sk\/wp-content\/uploads\/2023\/04\/ff.002.jpeg","contentUrl":"https:\/\/www.smedemokrati.sk\/wp-content\/uploads\/2023\/04\/ff.002.jpeg","width":640,"height":480,"caption":"Smedemokrati.sk"},"image":{"@id":"https:\/\/www.smedemokrati.sk\/#\/schema\/logo\/image\/"},"sameAs":["https:\/\/www.facebook.com\/smedemokrati2023"]},{"@type":"Person","@id":"https:\/\/www.smedemokrati.sk\/#\/schema\/person\/21f147c88d605aa7ded900e1e7c344ba","name":"miro.sopko","image":{"@type":"ImageObject","inLanguage":"sv-SE","@id":"https:\/\/secure.gravatar.com\/avatar\/267e4a36f704376c109afe3a78740c1f5dd8675a2180a908699e7863c9247606?s=96&d=mm&r=g","url":"https:\/\/secure.gravatar.com\/avatar\/267e4a36f704376c109afe3a78740c1f5dd8675a2180a908699e7863c9247606?s=96&d=mm&r=g","contentUrl":"https:\/\/secure.gravatar.com\/avatar\/267e4a36f704376c109afe3a78740c1f5dd8675a2180a908699e7863c9247606?s=96&d=mm&r=g","caption":"miro.sopko"},"url":"https:\/\/www.smedemokrati.sk\/sv\/author\/miro-sopko\/"}]}},"_links":{"self":[{"href":"https:\/\/www.smedemokrati.sk\/sv\/wp-json\/wp\/v2\/posts\/8293","targetHints":{"allow":["GET"]}}],"collection":[{"href":"https:\/\/www.smedemokrati.sk\/sv\/wp-json\/wp\/v2\/posts"}],"about":[{"href":"https:\/\/www.smedemokrati.sk\/sv\/wp-json\/wp\/v2\/types\/post"}],"author":[{"embeddable":true,"href":"https:\/\/www.smedemokrati.sk\/sv\/wp-json\/wp\/v2\/users\/13"}],"replies":[{"embeddable":true,"href":"https:\/\/www.smedemokrati.sk\/sv\/wp-json\/wp\/v2\/comments?post=8293"}],"version-history":[{"count":1,"href":"https:\/\/www.smedemokrati.sk\/sv\/wp-json\/wp\/v2\/posts\/8293\/revisions"}],"predecessor-version":[{"id":8295,"href":"https:\/\/www.smedemokrati.sk\/sv\/wp-json\/wp\/v2\/posts\/8293\/revisions\/8295"}],"wp:featuredmedia":[{"embeddable":true,"href":"https:\/\/www.smedemokrati.sk\/sv\/wp-json\/wp\/v2\/media\/8294"}],"wp:attachment":[{"href":"https:\/\/www.smedemokrati.sk\/sv\/wp-json\/wp\/v2\/media?parent=8293"}],"wp:term":[{"taxonomy":"category","embeddable":true,"href":"https:\/\/www.smedemokrati.sk\/sv\/wp-json\/wp\/v2\/categories?post=8293"},{"taxonomy":"post_tag","embeddable":true,"href":"https:\/\/www.smedemokrati.sk\/sv\/wp-json\/wp\/v2\/tags?post=8293"}],"curies":[{"name":"wp","href":"https:\/\/api.w.org\/{rel}","templated":true}]}}