{"id":8277,"date":"2025-10-03T11:18:14","date_gmt":"2025-10-03T10:18:14","guid":{"rendered":"https:\/\/www.smedemokrati.sk\/?p=8277"},"modified":"2025-10-03T11:18:15","modified_gmt":"2025-10-03T10:18:15","slug":"je-to-oficialne-precerpavacia-elektraren-na-podpolani-je-v-rozpore-s-uzemnym-planom","status":"publish","type":"post","link":"https:\/\/www.smedemokrati.sk\/sv\/je-to-oficialne-precerpavacia-elektraren-na-podpolani-je-v-rozpore-s-uzemnym-planom\/","title":{"rendered":"Je to ofici\u00e1lne: pre\u010derp\u00e1vacia elektr\u00e1re\u0148 na Podpo\u013ean\u00ed je v rozpore s \u00fazemn\u00fdm pl\u00e1nom"},"content":{"rendered":"<div id=\"fb-root\"><\/div>\n\n<p><strong>Demokrati disponuj\u00fa ofici\u00e1lnym stanoviskom, \u017ee pl\u00e1novan\u00e1 v\u00fdstavba vodnej elektr\u00e1rne M\u00e1linec &#8211; L\u00e1tky je v rozpore s \u00fazemn\u00fdm pl\u00e1nom a nem\u00f4\u017ee by\u0165 preto vyhl\u00e1sen\u00e1 za strategick\u00fa invest\u00edciu. Enviroexpert&nbsp;Demokratov Michal Ki\u010da v tejto s\u00favislosti pova\u017euje za nemyslite\u013en\u00e9, aby \u0161t\u00e1t vynalo\u017eil 1,3 mili\u00f3na eur na dokument\u00e1ciu k stavebn\u00e9mu z\u00e1meru ku projektu, ktor\u00fd nem\u00e1 ani z\u00e1kladn\u00fa \u0161t\u00fadiu realizovate\u013enosti.<\/strong><\/p>\n\n\n\n<p>\u201e<em>V\u00fdstavba pre\u010derp\u00e1vacej elektr\u00e1rne v katastri obce L\u00e1tky je v rozpore s \u00fazemn\u00fdm pl\u00e1nom Banskobystrick\u00e9ho samospr\u00e1vneho kraja aj pod\u013ea stanoviska \u00daradu pre \u00fazemn\u00e9 pl\u00e1novanie,<\/em>\u201c upozor\u0148uje b\u00fdval\u00fd \u0161t\u00e1tny tajomn\u00edk ministerstva \u017eivotn\u00e9ho prostredia Michal Ki\u010da (Demokrati). \u201e<em>Odvol\u00e1vam sa pritom na ofici\u00e1lne stanovisko poskytnut\u00e9 \u0161t\u00e1tnemu podniku Vodohospod\u00e1rska v\u00fdstavba,<\/em>\u201c dodal. D\u00f4sledkom tejto skuto\u010dnosti je z\u00e1konn\u00e1 prek\u00e1\u017eka pre vyhl\u00e1senie PVE M\u00e1linec &#8211; L\u00e1tky za strategick\u00fa invest\u00edciu, ak vl\u00e1da dodr\u017eiava z\u00e1kon. A to nehovor\u00ed opoz\u00edcia, ani aktivisti, \u010di \u201csliepkari\u201d, ako dehonestoval Taraba miestnych obyvate\u013eov, ale \u00fastredn\u00fd org\u00e1n \u0161t\u00e1tnej spr\u00e1vy.&nbsp;<\/p>\n\n\n\n<p>Projekt pre\u010derp\u00e1vacej elektr\u00e1rne, ktor\u00fd presadzuje minister \u017eivotn\u00e9ho prostredia Tom\u00e1\u0161 Taraba, je pod\u013ea neho nielen pred\u010dasn\u00fd, ale aj problematick\u00fd. Minister p\u00f4vodne odhadoval n\u00e1klady na v\u00fdstavbu na pribli\u017ene dve miliardy eur.<\/p>\n\n\n\n<p>Ki\u010da upozornil, \u017ee \u0161t\u00e1tny podnik Vodohospod\u00e1rska v\u00fdstavba u\u017e rozbehol s\u00fa\u0165a\u017e v hodnote 1,3 mili\u00f3na eur na spracovanie dokument\u00e1cie k stavebn\u00e9mu z\u00e1meru. \u201e<em>Je neprijate\u013en\u00e9, aby \u0161t\u00e1t m\u00ed\u0148al verejn\u00e9 peniaze na projekt, ktor\u00fd nem\u00e1 ani z\u00e1kladn\u00fa \u0161t\u00fadiu realizovate\u013enosti,<\/em>\u201c vyhl\u00e1sil.<\/p>\n\n\n\n<p>Pod\u013ea Ki\u010du bude d\u00f4le\u017eit\u00e9, aby sa vl\u00e1da detailne obozn\u00e1mila s aktu\u00e1lnym stanoviskom. \u201e<em>Tento dokument doru\u010d\u00edm v\u0161etk\u00fdm \u010dlenom vl\u00e1dy. Je d\u00f4le\u017eit\u00e9, aby si ka\u017ed\u00fd uvedomil, \u017ee projekt je v rozpore s \u00fazemnopl\u00e1novacou dokument\u00e1ciou a nie je mo\u017en\u00e9 pokra\u010dova\u0165 v jeho pr\u00edprave bez toho, aby sa tento z\u00e1sadn\u00fd nes\u00falad vyrie\u0161il,<\/em>\u201c uzavrel.<\/p>\n\n\n\n<figure class=\"wp-block-embed is-type-video is-provider-youtube wp-block-embed-youtube wp-embed-aspect-4-3 wp-has-aspect-ratio\"><div class=\"wp-block-embed__wrapper\">\n<iframe title=\"Nov\u00e9 zistenia v kauze M\u00e1linec\" width=\"500\" height=\"375\" src=\"https:\/\/www.youtube.com\/embed\/7CywC6903NA?feature=oembed\" frameborder=\"0\" allow=\"accelerometer; autoplay; clipboard-write; encrypted-media; gyroscope; picture-in-picture; web-share\" referrerpolicy=\"strict-origin-when-cross-origin\" allowfullscreen><\/iframe>\n<\/div><\/figure>\n","protected":false},"excerpt":{"rendered":"<p>Demokrati disponuj\u00fa ofici\u00e1lnym stanoviskom, \u017ee pl\u00e1novan\u00e1 v\u00fdstavba vodnej elektr\u00e1rne M\u00e1linec &#8211; L\u00e1tky je v rozpore s \u00fazemn\u00fdm pl\u00e1nom a nem\u00f4\u017ee by\u0165 preto vyhl\u00e1sen\u00e1 za strategick\u00fa invest\u00edciu. Enviroexpert&nbsp;Demokratov Michal Ki\u010da v tejto s\u00favislosti pova\u017euje za nemyslite\u013en\u00e9, aby \u0161t\u00e1t vynalo\u017eil 1,3 mili\u00f3na eur na dokument\u00e1ciu k stavebn\u00e9mu z\u00e1meru ku projektu, ktor\u00fd nem\u00e1 ani z\u00e1kladn\u00fa \u0161t\u00fadiu realizovate\u013enosti. \u201eV\u00fdstavba [&hellip;]<\/p>\n","protected":false},"author":13,"featured_media":8278,"comment_status":"closed","ping_status":"closed","sticky":false,"template":"","format":"standard","meta":{"_acf_changed":false,"ngg_post_thumbnail":0,"footnotes":""},"categories":[4],"tags":[],"class_list":["post-8277","post","type-post","status-publish","format-standard","has-post-thumbnail","hentry","category-tlacove-spravy"],"acf":[],"yoast_head":"<!-- This site is optimized with the Yoast SEO plugin v27.2 - https:\/\/yoast.com\/product\/yoast-seo-wordpress\/ -->\n<title>Je to ofici\u00e1lne: pre\u010derp\u00e1vacia elektr\u00e1re\u0148 na Podpo\u013ean\u00ed je v rozpore s \u00fazemn\u00fdm pl\u00e1nom<\/title>\n<meta name=\"robots\" content=\"index, follow, max-snippet:-1, max-image-preview:large, max-video-preview:-1\" \/>\n<link rel=\"canonical\" href=\"https:\/\/www.smedemokrati.sk\/sv\/je-to-oficialne-precerpavacia-elektraren-na-podpolani-je-v-rozpore-s-uzemnym-planom\/\" \/>\n<meta property=\"og:locale\" content=\"sv_SE\" \/>\n<meta property=\"og:locale:alternate\" content=\"en_US\" \/>\n<meta property=\"og:locale:alternate\" content=\"cs_CZ\" \/>\n<meta property=\"og:locale:alternate\" content=\"hu_HU\" \/>\n<meta property=\"og:locale:alternate\" content=\"sk_SK\" \/>\n<meta property=\"og:type\" content=\"article\" \/>\n<meta property=\"og:title\" content=\"Je to ofici\u00e1lne: pre\u010derp\u00e1vacia elektr\u00e1re\u0148 na Podpo\u013ean\u00ed je v rozpore s \u00fazemn\u00fdm pl\u00e1nom\" \/>\n<meta property=\"og:description\" content=\"Demokrati disponuj\u00fa ofici\u00e1lnym stanoviskom, \u017ee pl\u00e1novan\u00e1 v\u00fdstavba vodnej elektr\u00e1rne M\u00e1linec &#8211; L\u00e1tky je v rozpore s \u00fazemn\u00fdm pl\u00e1nom a nem\u00f4\u017ee by\u0165 preto vyhl\u00e1sen\u00e1 za strategick\u00fa invest\u00edciu. Enviroexpert&nbsp;Demokratov Michal Ki\u010da v tejto s\u00favislosti pova\u017euje za nemyslite\u013en\u00e9, aby \u0161t\u00e1t vynalo\u017eil 1,3 mili\u00f3na eur na dokument\u00e1ciu k stavebn\u00e9mu z\u00e1meru ku projektu, ktor\u00fd nem\u00e1 ani z\u00e1kladn\u00fa \u0161t\u00fadiu realizovate\u013enosti. \u201eV\u00fdstavba [&hellip;]\" \/>\n<meta property=\"og:url\" content=\"https:\/\/www.smedemokrati.sk\/sv\/je-to-oficialne-precerpavacia-elektraren-na-podpolani-je-v-rozpore-s-uzemnym-planom\/\" \/>\n<meta property=\"og:site_name\" content=\"Smedemokrati.sk\" \/>\n<meta property=\"article:publisher\" content=\"https:\/\/www.facebook.com\/smedemokrati2023\" \/>\n<meta property=\"article:published_time\" content=\"2025-10-03T10:18:14+00:00\" \/>\n<meta property=\"article:modified_time\" content=\"2025-10-03T10:18:15+00:00\" \/>\n<meta property=\"og:image\" content=\"https:\/\/www.smedemokrati.sk\/wp-content\/uploads\/2025\/10\/malinec-rozpor.jpg\" \/>\n\t<meta property=\"og:image:width\" content=\"1280\" \/>\n\t<meta property=\"og:image:height\" content=\"720\" \/>\n\t<meta property=\"og:image:type\" content=\"image\/jpeg\" \/>\n<meta name=\"author\" content=\"miro.sopko\" \/>\n<meta name=\"twitter:card\" content=\"summary_large_image\" \/>\n<meta name=\"twitter:label1\" content=\"Skriven av\" \/>\n\t<meta name=\"twitter:data1\" content=\"miro.sopko\" \/>\n\t<meta name=\"twitter:label2\" content=\"Ber\u00e4knad l\u00e4stid\" \/>\n\t<meta name=\"twitter:data2\" content=\"2 minuter\" \/>\n<script type=\"application\/ld+json\" class=\"yoast-schema-graph\">{\"@context\":\"https:\/\/schema.org\",\"@graph\":[{\"@type\":\"Article\",\"@id\":\"https:\/\/www.smedemokrati.sk\/je-to-oficialne-precerpavacia-elektraren-na-podpolani-je-v-rozpore-s-uzemnym-planom\/#article\",\"isPartOf\":{\"@id\":\"https:\/\/www.smedemokrati.sk\/je-to-oficialne-precerpavacia-elektraren-na-podpolani-je-v-rozpore-s-uzemnym-planom\/\"},\"author\":{\"name\":\"miro.sopko\",\"@id\":\"https:\/\/www.smedemokrati.sk\/#\/schema\/person\/21f147c88d605aa7ded900e1e7c344ba\"},\"headline\":\"Je to ofici\u00e1lne: pre\u010derp\u00e1vacia elektr\u00e1re\u0148 na Podpo\u013ean\u00ed je v rozpore s \u00fazemn\u00fdm pl\u00e1nom\",\"datePublished\":\"2025-10-03T10:18:14+00:00\",\"dateModified\":\"2025-10-03T10:18:15+00:00\",\"mainEntityOfPage\":{\"@id\":\"https:\/\/www.smedemokrati.sk\/je-to-oficialne-precerpavacia-elektraren-na-podpolani-je-v-rozpore-s-uzemnym-planom\/\"},\"wordCount\":392,\"publisher\":{\"@id\":\"https:\/\/www.smedemokrati.sk\/#organization\"},\"image\":{\"@id\":\"https:\/\/www.smedemokrati.sk\/je-to-oficialne-precerpavacia-elektraren-na-podpolani-je-v-rozpore-s-uzemnym-planom\/#primaryimage\"},\"thumbnailUrl\":\"https:\/\/www.smedemokrati.sk\/wp-content\/uploads\/2025\/10\/malinec-rozpor.jpg\",\"articleSection\":[\"Tla\u010dov\u00e9 spr\u00e1vy\"],\"inLanguage\":\"sv-SE\"},{\"@type\":\"WebPage\",\"@id\":\"https:\/\/www.smedemokrati.sk\/je-to-oficialne-precerpavacia-elektraren-na-podpolani-je-v-rozpore-s-uzemnym-planom\/\",\"url\":\"https:\/\/www.smedemokrati.sk\/je-to-oficialne-precerpavacia-elektraren-na-podpolani-je-v-rozpore-s-uzemnym-planom\/\",\"name\":\"Je to ofici\u00e1lne: pre\u010derp\u00e1vacia elektr\u00e1re\u0148 na Podpo\u013ean\u00ed je v rozpore s \u00fazemn\u00fdm pl\u00e1nom\",\"isPartOf\":{\"@id\":\"https:\/\/www.smedemokrati.sk\/#website\"},\"primaryImageOfPage\":{\"@id\":\"https:\/\/www.smedemokrati.sk\/je-to-oficialne-precerpavacia-elektraren-na-podpolani-je-v-rozpore-s-uzemnym-planom\/#primaryimage\"},\"image\":{\"@id\":\"https:\/\/www.smedemokrati.sk\/je-to-oficialne-precerpavacia-elektraren-na-podpolani-je-v-rozpore-s-uzemnym-planom\/#primaryimage\"},\"thumbnailUrl\":\"https:\/\/www.smedemokrati.sk\/wp-content\/uploads\/2025\/10\/malinec-rozpor.jpg\",\"datePublished\":\"2025-10-03T10:18:14+00:00\",\"dateModified\":\"2025-10-03T10:18:15+00:00\",\"breadcrumb\":{\"@id\":\"https:\/\/www.smedemokrati.sk\/je-to-oficialne-precerpavacia-elektraren-na-podpolani-je-v-rozpore-s-uzemnym-planom\/#breadcrumb\"},\"inLanguage\":\"sv-SE\",\"potentialAction\":[{\"@type\":\"ReadAction\",\"target\":[\"https:\/\/www.smedemokrati.sk\/je-to-oficialne-precerpavacia-elektraren-na-podpolani-je-v-rozpore-s-uzemnym-planom\/\"]}]},{\"@type\":\"ImageObject\",\"inLanguage\":\"sv-SE\",\"@id\":\"https:\/\/www.smedemokrati.sk\/je-to-oficialne-precerpavacia-elektraren-na-podpolani-je-v-rozpore-s-uzemnym-planom\/#primaryimage\",\"url\":\"https:\/\/www.smedemokrati.sk\/wp-content\/uploads\/2025\/10\/malinec-rozpor.jpg\",\"contentUrl\":\"https:\/\/www.smedemokrati.sk\/wp-content\/uploads\/2025\/10\/malinec-rozpor.jpg\",\"width\":1280,\"height\":720},{\"@type\":\"BreadcrumbList\",\"@id\":\"https:\/\/www.smedemokrati.sk\/je-to-oficialne-precerpavacia-elektraren-na-podpolani-je-v-rozpore-s-uzemnym-planom\/#breadcrumb\",\"itemListElement\":[{\"@type\":\"ListItem\",\"position\":1,\"name\":\"Domovsk\u00e1 str\u00e1nka\",\"item\":\"https:\/\/www.smedemokrati.sk\/\"},{\"@type\":\"ListItem\",\"position\":2,\"name\":\"Je to ofici\u00e1lne: pre\u010derp\u00e1vacia elektr\u00e1re\u0148 na Podpo\u013ean\u00ed je v rozpore s \u00fazemn\u00fdm pl\u00e1nom\"}]},{\"@type\":\"WebSite\",\"@id\":\"https:\/\/www.smedemokrati.sk\/#website\",\"url\":\"https:\/\/www.smedemokrati.sk\/\",\"name\":\"Smedemokrati.sk\",\"description\":\"Demokracia a slu\u0161nos\u0165 zv\u00ed\u0165az\u00ed\",\"publisher\":{\"@id\":\"https:\/\/www.smedemokrati.sk\/#organization\"},\"potentialAction\":[{\"@type\":\"SearchAction\",\"target\":{\"@type\":\"EntryPoint\",\"urlTemplate\":\"https:\/\/www.smedemokrati.sk\/?s={search_term_string}\"},\"query-input\":{\"@type\":\"PropertyValueSpecification\",\"valueRequired\":true,\"valueName\":\"search_term_string\"}}],\"inLanguage\":\"sv-SE\"},{\"@type\":\"Organization\",\"@id\":\"https:\/\/www.smedemokrati.sk\/#organization\",\"name\":\"Smedemokrati.sk\",\"url\":\"https:\/\/www.smedemokrati.sk\/\",\"logo\":{\"@type\":\"ImageObject\",\"inLanguage\":\"sv-SE\",\"@id\":\"https:\/\/www.smedemokrati.sk\/#\/schema\/logo\/image\/\",\"url\":\"https:\/\/www.smedemokrati.sk\/wp-content\/uploads\/2023\/04\/ff.002.jpeg\",\"contentUrl\":\"https:\/\/www.smedemokrati.sk\/wp-content\/uploads\/2023\/04\/ff.002.jpeg\",\"width\":640,\"height\":480,\"caption\":\"Smedemokrati.sk\"},\"image\":{\"@id\":\"https:\/\/www.smedemokrati.sk\/#\/schema\/logo\/image\/\"},\"sameAs\":[\"https:\/\/www.facebook.com\/smedemokrati2023\"]},{\"@type\":\"Person\",\"@id\":\"https:\/\/www.smedemokrati.sk\/#\/schema\/person\/21f147c88d605aa7ded900e1e7c344ba\",\"name\":\"miro.sopko\",\"image\":{\"@type\":\"ImageObject\",\"inLanguage\":\"sv-SE\",\"@id\":\"https:\/\/secure.gravatar.com\/avatar\/267e4a36f704376c109afe3a78740c1f5dd8675a2180a908699e7863c9247606?s=96&d=mm&r=g\",\"url\":\"https:\/\/secure.gravatar.com\/avatar\/267e4a36f704376c109afe3a78740c1f5dd8675a2180a908699e7863c9247606?s=96&d=mm&r=g\",\"contentUrl\":\"https:\/\/secure.gravatar.com\/avatar\/267e4a36f704376c109afe3a78740c1f5dd8675a2180a908699e7863c9247606?s=96&d=mm&r=g\",\"caption\":\"miro.sopko\"},\"url\":\"https:\/\/www.smedemokrati.sk\/sv\/author\/miro-sopko\/\"}]}<\/script>\n<!-- \/ Yoast SEO plugin. -->","yoast_head_json":{"title":"Je to ofici\u00e1lne: pre\u010derp\u00e1vacia elektr\u00e1re\u0148 na Podpo\u013ean\u00ed je v rozpore s \u00fazemn\u00fdm pl\u00e1nom","robots":{"index":"index","follow":"follow","max-snippet":"max-snippet:-1","max-image-preview":"max-image-preview:large","max-video-preview":"max-video-preview:-1"},"canonical":"https:\/\/www.smedemokrati.sk\/sv\/je-to-oficialne-precerpavacia-elektraren-na-podpolani-je-v-rozpore-s-uzemnym-planom\/","og_locale":"sv_SE","og_type":"article","og_title":"[:sk]Je to ofici\u00e1lne: pre\u010derp\u00e1vacia elektr\u00e1re\u0148 na Podpo\u013ean\u00ed je v rozpore s \u00fazemn\u00fdm pl\u00e1nom[:] - Smedemokrati.sk","og_description":"Demokrati disponuj\u00fa ofici\u00e1lnym stanoviskom, \u017ee pl\u00e1novan\u00e1 v\u00fdstavba vodnej elektr\u00e1rne M\u00e1linec &#8211; L\u00e1tky je v rozpore s \u00fazemn\u00fdm pl\u00e1nom a nem\u00f4\u017ee by\u0165 preto vyhl\u00e1sen\u00e1 za strategick\u00fa invest\u00edciu. Enviroexpert&nbsp;Demokratov Michal Ki\u010da v tejto s\u00favislosti pova\u017euje za nemyslite\u013en\u00e9, aby \u0161t\u00e1t vynalo\u017eil 1,3 mili\u00f3na eur na dokument\u00e1ciu k stavebn\u00e9mu z\u00e1meru ku projektu, ktor\u00fd nem\u00e1 ani z\u00e1kladn\u00fa \u0161t\u00fadiu realizovate\u013enosti. \u201eV\u00fdstavba [&hellip;]","og_url":"https:\/\/www.smedemokrati.sk\/sv\/je-to-oficialne-precerpavacia-elektraren-na-podpolani-je-v-rozpore-s-uzemnym-planom\/","og_site_name":"Smedemokrati.sk","article_publisher":"https:\/\/www.facebook.com\/smedemokrati2023","article_published_time":"2025-10-03T10:18:14+00:00","article_modified_time":"2025-10-03T10:18:15+00:00","og_image":[{"width":1280,"height":720,"url":"https:\/\/www.smedemokrati.sk\/wp-content\/uploads\/2025\/10\/malinec-rozpor.jpg","type":"image\/jpeg"}],"author":"miro.sopko","twitter_card":"summary_large_image","twitter_misc":{"Skriven av":"miro.sopko","Ber\u00e4knad l\u00e4stid":"2 minuter"},"schema":{"@context":"https:\/\/schema.org","@graph":[{"@type":"Article","@id":"https:\/\/www.smedemokrati.sk\/je-to-oficialne-precerpavacia-elektraren-na-podpolani-je-v-rozpore-s-uzemnym-planom\/#article","isPartOf":{"@id":"https:\/\/www.smedemokrati.sk\/je-to-oficialne-precerpavacia-elektraren-na-podpolani-je-v-rozpore-s-uzemnym-planom\/"},"author":{"name":"miro.sopko","@id":"https:\/\/www.smedemokrati.sk\/#\/schema\/person\/21f147c88d605aa7ded900e1e7c344ba"},"headline":"Je to ofici\u00e1lne: pre\u010derp\u00e1vacia elektr\u00e1re\u0148 na Podpo\u013ean\u00ed je v rozpore s \u00fazemn\u00fdm pl\u00e1nom","datePublished":"2025-10-03T10:18:14+00:00","dateModified":"2025-10-03T10:18:15+00:00","mainEntityOfPage":{"@id":"https:\/\/www.smedemokrati.sk\/je-to-oficialne-precerpavacia-elektraren-na-podpolani-je-v-rozpore-s-uzemnym-planom\/"},"wordCount":392,"publisher":{"@id":"https:\/\/www.smedemokrati.sk\/#organization"},"image":{"@id":"https:\/\/www.smedemokrati.sk\/je-to-oficialne-precerpavacia-elektraren-na-podpolani-je-v-rozpore-s-uzemnym-planom\/#primaryimage"},"thumbnailUrl":"https:\/\/www.smedemokrati.sk\/wp-content\/uploads\/2025\/10\/malinec-rozpor.jpg","articleSection":["Tla\u010dov\u00e9 spr\u00e1vy"],"inLanguage":"sv-SE"},{"@type":"WebPage","@id":"https:\/\/www.smedemokrati.sk\/je-to-oficialne-precerpavacia-elektraren-na-podpolani-je-v-rozpore-s-uzemnym-planom\/","url":"https:\/\/www.smedemokrati.sk\/je-to-oficialne-precerpavacia-elektraren-na-podpolani-je-v-rozpore-s-uzemnym-planom\/","name":"Je to ofici\u00e1lne: pre\u010derp\u00e1vacia elektr\u00e1re\u0148 na Podpo\u013ean\u00ed je v rozpore s \u00fazemn\u00fdm pl\u00e1nom","isPartOf":{"@id":"https:\/\/www.smedemokrati.sk\/#website"},"primaryImageOfPage":{"@id":"https:\/\/www.smedemokrati.sk\/je-to-oficialne-precerpavacia-elektraren-na-podpolani-je-v-rozpore-s-uzemnym-planom\/#primaryimage"},"image":{"@id":"https:\/\/www.smedemokrati.sk\/je-to-oficialne-precerpavacia-elektraren-na-podpolani-je-v-rozpore-s-uzemnym-planom\/#primaryimage"},"thumbnailUrl":"https:\/\/www.smedemokrati.sk\/wp-content\/uploads\/2025\/10\/malinec-rozpor.jpg","datePublished":"2025-10-03T10:18:14+00:00","dateModified":"2025-10-03T10:18:15+00:00","breadcrumb":{"@id":"https:\/\/www.smedemokrati.sk\/je-to-oficialne-precerpavacia-elektraren-na-podpolani-je-v-rozpore-s-uzemnym-planom\/#breadcrumb"},"inLanguage":"sv-SE","potentialAction":[{"@type":"ReadAction","target":["https:\/\/www.smedemokrati.sk\/je-to-oficialne-precerpavacia-elektraren-na-podpolani-je-v-rozpore-s-uzemnym-planom\/"]}]},{"@type":"ImageObject","inLanguage":"sv-SE","@id":"https:\/\/www.smedemokrati.sk\/je-to-oficialne-precerpavacia-elektraren-na-podpolani-je-v-rozpore-s-uzemnym-planom\/#primaryimage","url":"https:\/\/www.smedemokrati.sk\/wp-content\/uploads\/2025\/10\/malinec-rozpor.jpg","contentUrl":"https:\/\/www.smedemokrati.sk\/wp-content\/uploads\/2025\/10\/malinec-rozpor.jpg","width":1280,"height":720},{"@type":"BreadcrumbList","@id":"https:\/\/www.smedemokrati.sk\/je-to-oficialne-precerpavacia-elektraren-na-podpolani-je-v-rozpore-s-uzemnym-planom\/#breadcrumb","itemListElement":[{"@type":"ListItem","position":1,"name":"Domovsk\u00e1 str\u00e1nka","item":"https:\/\/www.smedemokrati.sk\/"},{"@type":"ListItem","position":2,"name":"Je to ofici\u00e1lne: pre\u010derp\u00e1vacia elektr\u00e1re\u0148 na Podpo\u013ean\u00ed je v rozpore s \u00fazemn\u00fdm pl\u00e1nom"}]},{"@type":"WebSite","@id":"https:\/\/www.smedemokrati.sk\/#website","url":"https:\/\/www.smedemokrati.sk\/","name":"Smedemokrati.sk","description":"Demokracia a slu\u0161nos\u0165 zv\u00ed\u0165az\u00ed","publisher":{"@id":"https:\/\/www.smedemokrati.sk\/#organization"},"potentialAction":[{"@type":"SearchAction","target":{"@type":"EntryPoint","urlTemplate":"https:\/\/www.smedemokrati.sk\/?s={search_term_string}"},"query-input":{"@type":"PropertyValueSpecification","valueRequired":true,"valueName":"search_term_string"}}],"inLanguage":"sv-SE"},{"@type":"Organization","@id":"https:\/\/www.smedemokrati.sk\/#organization","name":"Smedemokrati.sk","url":"https:\/\/www.smedemokrati.sk\/","logo":{"@type":"ImageObject","inLanguage":"sv-SE","@id":"https:\/\/www.smedemokrati.sk\/#\/schema\/logo\/image\/","url":"https:\/\/www.smedemokrati.sk\/wp-content\/uploads\/2023\/04\/ff.002.jpeg","contentUrl":"https:\/\/www.smedemokrati.sk\/wp-content\/uploads\/2023\/04\/ff.002.jpeg","width":640,"height":480,"caption":"Smedemokrati.sk"},"image":{"@id":"https:\/\/www.smedemokrati.sk\/#\/schema\/logo\/image\/"},"sameAs":["https:\/\/www.facebook.com\/smedemokrati2023"]},{"@type":"Person","@id":"https:\/\/www.smedemokrati.sk\/#\/schema\/person\/21f147c88d605aa7ded900e1e7c344ba","name":"miro.sopko","image":{"@type":"ImageObject","inLanguage":"sv-SE","@id":"https:\/\/secure.gravatar.com\/avatar\/267e4a36f704376c109afe3a78740c1f5dd8675a2180a908699e7863c9247606?s=96&d=mm&r=g","url":"https:\/\/secure.gravatar.com\/avatar\/267e4a36f704376c109afe3a78740c1f5dd8675a2180a908699e7863c9247606?s=96&d=mm&r=g","contentUrl":"https:\/\/secure.gravatar.com\/avatar\/267e4a36f704376c109afe3a78740c1f5dd8675a2180a908699e7863c9247606?s=96&d=mm&r=g","caption":"miro.sopko"},"url":"https:\/\/www.smedemokrati.sk\/sv\/author\/miro-sopko\/"}]}},"_links":{"self":[{"href":"https:\/\/www.smedemokrati.sk\/sv\/wp-json\/wp\/v2\/posts\/8277","targetHints":{"allow":["GET"]}}],"collection":[{"href":"https:\/\/www.smedemokrati.sk\/sv\/wp-json\/wp\/v2\/posts"}],"about":[{"href":"https:\/\/www.smedemokrati.sk\/sv\/wp-json\/wp\/v2\/types\/post"}],"author":[{"embeddable":true,"href":"https:\/\/www.smedemokrati.sk\/sv\/wp-json\/wp\/v2\/users\/13"}],"replies":[{"embeddable":true,"href":"https:\/\/www.smedemokrati.sk\/sv\/wp-json\/wp\/v2\/comments?post=8277"}],"version-history":[{"count":1,"href":"https:\/\/www.smedemokrati.sk\/sv\/wp-json\/wp\/v2\/posts\/8277\/revisions"}],"predecessor-version":[{"id":8279,"href":"https:\/\/www.smedemokrati.sk\/sv\/wp-json\/wp\/v2\/posts\/8277\/revisions\/8279"}],"wp:featuredmedia":[{"embeddable":true,"href":"https:\/\/www.smedemokrati.sk\/sv\/wp-json\/wp\/v2\/media\/8278"}],"wp:attachment":[{"href":"https:\/\/www.smedemokrati.sk\/sv\/wp-json\/wp\/v2\/media?parent=8277"}],"wp:term":[{"taxonomy":"category","embeddable":true,"href":"https:\/\/www.smedemokrati.sk\/sv\/wp-json\/wp\/v2\/categories?post=8277"},{"taxonomy":"post_tag","embeddable":true,"href":"https:\/\/www.smedemokrati.sk\/sv\/wp-json\/wp\/v2\/tags?post=8277"}],"curies":[{"name":"wp","href":"https:\/\/api.w.org\/{rel}","templated":true}]}}