{"id":8235,"date":"2025-09-25T15:19:45","date_gmt":"2025-09-25T14:19:45","guid":{"rendered":"https:\/\/www.smedemokrati.sk\/?p=8235"},"modified":"2025-09-25T15:19:46","modified_gmt":"2025-09-25T14:19:46","slug":"fica-usvedcil-dalsi-cennik-klame-ze-cesi-mali-ten-isty-plyn-lacnejsi-ako-slovaci-len-jeden-mesiac-naopak-ficova-vlada-okrada-slovakov-teraz-aj-buduci-rok","status":"publish","type":"post","link":"https:\/\/www.smedemokrati.sk\/sv\/fica-usvedcil-dalsi-cennik-klame-ze-cesi-mali-ten-isty-plyn-lacnejsi-ako-slovaci-len-jeden-mesiac-naopak-ficova-vlada-okrada-slovakov-teraz-aj-buduci-rok\/","title":{"rendered":"Fica usved\u010dil \u010fal\u0161\u00ed cenn\u00edk. Klame, \u017ee \u010cesi mali ten ist\u00fd plyn lacnej\u0161\u00ed ako Slov\u00e1ci, len jeden mesiac. Naopak, Ficova vl\u00e1da okr\u00e1da Slov\u00e1kov teraz aj bud\u00faci rok"},"content":{"rendered":"<div id=\"fb-root\"><\/div>\n\n<p><strong>Demokrati usved\u010dili Roberta Fica z klamstva, ktor\u00fd tvrdil, \u017ee v \u010cesku je plyn lacnej\u0161\u00ed len do\u010dasne jeden mesiac. Strana uk\u00e1zala viacer\u00e9 verejn\u00e9 cenn\u00edky SPP CZ platn\u00e9 od 1. augusta 2025, ktor\u00e9 na\u010falej platia a dokonca jeden z nich fixuje cenu plynu na rok dopredu. Potvrdzuj\u00fa, \u017ee nielen \u010desk\u00e9 dom\u00e1cnosti, ale hlavne mal\u00ed odberatelia-\u017eivnostn\u00edci, maj\u00fa od SPP ten ist\u00fd plyn lacnej\u0161\u00ed, a to bez energopomoci&nbsp;a bez podielu rusk\u00e9ho plynu.&nbsp;<\/strong><\/p>\n\n\n\n<p><em>\u201eRobert Fico klame a zav\u00e1dza, ke\u010f tvrd\u00ed, \u017ee na Slovensku je lacnej\u0161\u00ed plyn ako v \u010cesku. Jeho rozpr\u00e1vka o stabilite cien energi\u00ed a politike na \u0161tyri svetov\u00e9 strany, kla\u0148anie sa Putinovi, to v\u0161etko je len zastierac\u00ed man\u00e9ver, aby na energopomoci a plyne zarobila skupina vyvolen\u00fdch podnikate\u013eov.&#8221;\u00a0<\/em>otv\u00e1ra t\u00e9mu Juraj \u0160eliga, podpredseda strany Demokrati<\/p>\n\n\n\n<p><em>\u201eVyjadrenie Roberta Fica a jeho \u0161\u00e9fa \u00daradu pre regul\u00e1ciu sie\u0165ov\u00fdch odvetv\u00ed (\u00daRSO) p\u00e1na Holjen\u010d\u00edka ale hlavne samotn\u00e9ho SPP ukazuj\u00fa, \u017ee sme mali pravdu. V Brne sa pred\u00e1va plyn od \u0161t\u00e1tneho SPP lacnej\u0161ie ako v Bratislave. Zvl\u00e1\u0161\u0165 ak k tomu prir\u00e1tame tzv. energopomoc, ktor\u00e1 je v skuto\u010dnosti cenou za plyn. Pre\u010do? Kto na tom zarob\u00ed? \u010cerp\u00e1me z verejne dostupn\u00fdch cenn\u00edkov, ktor\u00e9 s\u00fa zverejnen\u00e9 na str\u00e1nkach SPP. Ak sa pozrieme na \u010fal\u0161ie prvky, ktor\u00e9 vstupuj\u00fa do cien, tak vid\u00edme, \u017ee v \u010cesku je lacnej\u0161\u00ed poplatok za plynomer, priemerne 14 eur ako na Slovensku, kde stoj\u00ed 77,50 eur.&#8221;<\/em>\u00a0vysvet\u013euje\u00a0Karel Hirman, expert strany Demokrati.\u00a0<\/p>\n\n\n\n<p><em>\u201eFico a Holjen\u010d\u00edk prekrucuj\u00fa z\u00e1kladn\u00fa matematiku a verejn\u00e9 cenn\u00edky. Priemern\u00e1 cena len samotn\u00e9ho plynu v \u010cesku pre maloodberate\u013ea\u00a0je 39,00 eur\/MWh a na Slovensku 68,50 eur\/MW &#8211; nehovoriac o t\u00fdch celkov\u00fdch. O \u010dom sa potom bav\u00edme p\u00e1n Fico? Kde je ten lacnej\u0161\u00ed plyn od Putina? A to nehovor\u00edm o tom, \u017ee na Slovensku ten drobn\u00fd odberate\u013e -\u017eivnostn\u00edk, m\u00e1 aj drah\u0161ie a vy\u0161\u0161ie odvody, vy\u0161\u0161ie dane, transak\u010dn\u00fa da\u0148. Jednoducho na Slovensku napriek Ficov\u00fdm re\u010diam je plyn drah\u0161\u00ed. Kamufl\u00e1\u017ee a manipulat\u00edvne porovn\u00e1vanie len cien plynu na varenie a podobne, je z\u00e1mern\u00e9 zahmlievanie\u00a0 a zav\u00e1dzanie od podstaty veci: My v\u0161etci na Slovensku plat\u00edme vy\u0161\u0161ie ceny za plyn aj s tzv. energopomocou, ktor\u00e1 v skuto\u010dnosti n\u00e1m len vy\u0165ahuje \u010fal\u0161ie peniaze z na\u0161ich rodinn\u00fdch a firemn\u00fdch \u00fa\u010dtov, lebo ju neplat\u00ed Ficovl\u00e1da zo svojich v\u00fdplat, ale my v\u0161etci cez zv\u00fd\u0161en\u00e9 dane a odvody,&#8221;<\/em>\u00a0hovor\u00ed Hirman.\u00a0<\/p>\n\n\n\n<p>Rovnako Ficovo klamstvo je skuto\u010dnos\u0165, \u017ee v\u010faka jeho cest\u00e1m do Moskvy m\u00e1me stabilnej\u0161ie a lacnej\u0161ie ceny. SPP pred\u00e1va v \u010cesku plyn s 0% rusk\u00e9ho plynu, na Slovensku je to do 50% rusk\u00e9ho plynu v n\u00e1kupnom mixe SPP. Napriek tomu je plyn v \u010cesku lacnej\u0161\u00ed. Op\u00e4\u0165 sa ukazuje, \u017ee na plyne zar\u00e1ba len skupina vybran\u00fdch \u013eud\u00ed a firiem, a my v\u0161etci ostatn\u00ed spotrebitelia prer\u00e1bame a sklad\u00e1me sa na zisk s\u00fakromn\u00fdm firm\u00e1m.&nbsp;<\/p>\n\n\n\n<p><em>\u201eNad r\u00e1mec povedan\u00e9ho nesmieme zab\u00fada\u0165 na to, \u017ee slovensk\u00e1 vl\u00e1da chce na vykrytie skryto predra\u017een\u00fdch cien plynu, pou\u017ei\u0165 e\u0161te aj peniaze E\u00da da\u0148ov\u00fdch poplatn\u00edkov, od ktor\u00fdch Fico chce preplati\u0165 t\u00fa- tzv. energopomoc za 435 mili\u00f3nov eur pre bud\u00faci rok. Minister Kamenick\u00fd tvrd\u00ed, \u017ee bez tejto pomoci by ceny bud\u00faci rok vzr\u00e1stli o \u010fal\u0161\u00edch 30%. To znamen\u00e1, \u017ee u\u017e teraz m\u00e1me drah\u0161\u00ed plyn a e\u0161te k tomu n\u00e1m vystavuje vl\u00e1da \u00fa\u010det pod klamliv\u00fdm zastierac\u00edm n\u00e1zvom energopomoc. Ako je mo\u017en\u00e9, \u017ee s eur\u00f3pskymi peniazmi je to drah\u0161ie? Op\u00e4\u0165, kto na tom zar\u00e1ba, preto\u017ee takto sa vy\u0165ahuj\u00fa peniaze u\u017e nielen od slovensk\u00fdch dom\u00e1cnost\u00ed a firiem, ale u\u017e aj t\u00fdch v E\u00da&#8221;\u00a0<\/em>hovor\u00ed \u010falej Karel Hirman.\u00a0<\/p>\n\n\n\n<p><em>\u201eNi\u010d nebr\u00e1ni SPP, aby ke\u010f v\u00fdhodne nakupuje pre z\u00e1kazn\u00edkov v \u010cR a v\u00fdhodne pred\u00e1val, aby tak robil aj na Slovensku a s\u00e1m iniciat\u00edvne ceny zn\u00ed\u017eil. Len to by znamenalo, \u017ee Fico a spol. nebud\u00fa m\u00f4c\u0165 kradn\u00fa\u0165 a o\u017eobra\u010dova\u0165\u00a0\u013eud\u00ed cez dot\u00e1cie na ceny plynu. Je neuverite\u013en\u00e9, \u017ee regul\u00e1tor ml\u010d\u00ed a vyhov\u00e1ra sa, neuverite\u013en\u00e9 \u017ee Fico sa vyhov\u00e1ra a medzit\u00fdm v\u0161etci plat\u00edme dot\u00e1cie na u\u017e tak drah\u00fd plyn. Toto je najv\u00e4\u010d\u0161ia plynov\u00e1 kr\u00e1de\u017e na Slovensku, hlavn\u00fd akt\u00e9r je osobne predseda vl\u00e1dy.&#8221;\u00a0<\/em>hovor\u00ed Juraj \u0160eliga.\u00a0<\/p>\n\n\n<div id=\"fb-root\"><\/div><script async defer crossorigin=\"anonymous\" src=\"https:\/\/connect.facebook.net\/sk_SK\/sdk.js#xfbml=1&version=v18.0\"><\/script><div class=\"fb-video\" data-href=\"https:\/\/fb.watch\/CkR9OxW_Nu\/\" data-width=\"560\" data-show-text=\"false\"><blockquote cite=\"https:\/\/fb.watch\/CkR9OxW_Nu\/\" class=\"fb-xfbml-parse-ignore\"><a href=\"https:\/\/fb.watch\/CkR9OxW_Nu\/\">Video<\/a><\/blockquote><\/div>\n","protected":false},"excerpt":{"rendered":"<p>Demokrati usved\u010dili Roberta Fica z klamstva, ktor\u00fd tvrdil, \u017ee v \u010cesku je plyn lacnej\u0161\u00ed len do\u010dasne jeden mesiac. Strana uk\u00e1zala viacer\u00e9 verejn\u00e9 cenn\u00edky SPP CZ platn\u00e9 od 1. augusta 2025, ktor\u00e9 na\u010falej platia a dokonca jeden z nich fixuje cenu plynu na rok dopredu. Potvrdzuj\u00fa, \u017ee nielen \u010desk\u00e9 dom\u00e1cnosti, ale hlavne mal\u00ed odberatelia-\u017eivnostn\u00edci, maj\u00fa od [&hellip;]<\/p>\n","protected":false},"author":13,"featured_media":8236,"comment_status":"closed","ping_status":"closed","sticky":false,"template":"","format":"standard","meta":{"_acf_changed":false,"ngg_post_thumbnail":0,"footnotes":""},"categories":[4],"tags":[],"class_list":["post-8235","post","type-post","status-publish","format-standard","has-post-thumbnail","hentry","category-tlacove-spravy"],"acf":[],"yoast_head":"<!-- This site is optimized with the Yoast SEO plugin v27.2 - https:\/\/yoast.com\/product\/yoast-seo-wordpress\/ -->\n<title>Fica usved\u010dil \u010fal\u0161\u00ed cenn\u00edk. Klame, \u017ee \u010cesi mali ten ist\u00fd plyn lacnej\u0161\u00ed ako Slov\u00e1ci, len jeden mesiac. Naopak, Ficova vl\u00e1da okr\u00e1da Slov\u00e1kov teraz aj bud\u00faci rok<\/title>\n<meta name=\"robots\" content=\"index, follow, max-snippet:-1, max-image-preview:large, max-video-preview:-1\" \/>\n<link rel=\"canonical\" href=\"https:\/\/www.smedemokrati.sk\/sv\/fica-usvedcil-dalsi-cennik-klame-ze-cesi-mali-ten-isty-plyn-lacnejsi-ako-slovaci-len-jeden-mesiac-naopak-ficova-vlada-okrada-slovakov-teraz-aj-buduci-rok\/\" \/>\n<meta property=\"og:locale\" content=\"sv_SE\" \/>\n<meta property=\"og:locale:alternate\" content=\"en_US\" \/>\n<meta property=\"og:locale:alternate\" content=\"cs_CZ\" \/>\n<meta property=\"og:locale:alternate\" content=\"hu_HU\" \/>\n<meta property=\"og:locale:alternate\" content=\"sk_SK\" \/>\n<meta property=\"og:type\" content=\"article\" \/>\n<meta property=\"og:title\" content=\"Fica usved\u010dil \u010fal\u0161\u00ed cenn\u00edk. Klame, \u017ee \u010cesi mali ten ist\u00fd plyn lacnej\u0161\u00ed ako Slov\u00e1ci, len jeden mesiac. Naopak, Ficova vl\u00e1da okr\u00e1da Slov\u00e1kov teraz aj bud\u00faci rok\" \/>\n<meta property=\"og:description\" content=\"Demokrati usved\u010dili Roberta Fica z klamstva, ktor\u00fd tvrdil, \u017ee v \u010cesku je plyn lacnej\u0161\u00ed len do\u010dasne jeden mesiac. Strana uk\u00e1zala viacer\u00e9 verejn\u00e9 cenn\u00edky SPP CZ platn\u00e9 od 1. augusta 2025, ktor\u00e9 na\u010falej platia a dokonca jeden z nich fixuje cenu plynu na rok dopredu. Potvrdzuj\u00fa, \u017ee nielen \u010desk\u00e9 dom\u00e1cnosti, ale hlavne mal\u00ed odberatelia-\u017eivnostn\u00edci, maj\u00fa od [&hellip;]\" \/>\n<meta property=\"og:url\" content=\"https:\/\/www.smedemokrati.sk\/sv\/fica-usvedcil-dalsi-cennik-klame-ze-cesi-mali-ten-isty-plyn-lacnejsi-ako-slovaci-len-jeden-mesiac-naopak-ficova-vlada-okrada-slovakov-teraz-aj-buduci-rok\/\" \/>\n<meta property=\"og:site_name\" content=\"Smedemokrati.sk\" \/>\n<meta property=\"article:publisher\" content=\"https:\/\/www.facebook.com\/smedemokrati2023\" \/>\n<meta property=\"article:published_time\" content=\"2025-09-25T14:19:45+00:00\" \/>\n<meta property=\"article:modified_time\" content=\"2025-09-25T14:19:46+00:00\" \/>\n<meta property=\"og:image\" content=\"https:\/\/www.smedemokrati.sk\/wp-content\/uploads\/2025\/09\/fico-klame.jpg\" \/>\n\t<meta property=\"og:image:width\" content=\"1280\" \/>\n\t<meta property=\"og:image:height\" content=\"720\" \/>\n\t<meta property=\"og:image:type\" content=\"image\/jpeg\" \/>\n<meta name=\"author\" content=\"miro.sopko\" \/>\n<meta name=\"twitter:card\" content=\"summary_large_image\" \/>\n<meta name=\"twitter:label1\" content=\"Skriven av\" \/>\n\t<meta name=\"twitter:data1\" content=\"miro.sopko\" \/>\n\t<meta name=\"twitter:label2\" content=\"Ber\u00e4knad l\u00e4stid\" \/>\n\t<meta name=\"twitter:data2\" content=\"4 minuter\" \/>\n<script type=\"application\/ld+json\" class=\"yoast-schema-graph\">{\"@context\":\"https:\/\/schema.org\",\"@graph\":[{\"@type\":\"Article\",\"@id\":\"https:\/\/www.smedemokrati.sk\/fica-usvedcil-dalsi-cennik-klame-ze-cesi-mali-ten-isty-plyn-lacnejsi-ako-slovaci-len-jeden-mesiac-naopak-ficova-vlada-okrada-slovakov-teraz-aj-buduci-rok\/#article\",\"isPartOf\":{\"@id\":\"https:\/\/www.smedemokrati.sk\/fica-usvedcil-dalsi-cennik-klame-ze-cesi-mali-ten-isty-plyn-lacnejsi-ako-slovaci-len-jeden-mesiac-naopak-ficova-vlada-okrada-slovakov-teraz-aj-buduci-rok\/\"},\"author\":{\"name\":\"miro.sopko\",\"@id\":\"https:\/\/www.smedemokrati.sk\/#\/schema\/person\/21f147c88d605aa7ded900e1e7c344ba\"},\"headline\":\"Fica usved\u010dil \u010fal\u0161\u00ed cenn\u00edk. Klame, \u017ee \u010cesi mali ten ist\u00fd plyn lacnej\u0161\u00ed ako Slov\u00e1ci, len jeden mesiac. Naopak, Ficova vl\u00e1da okr\u00e1da Slov\u00e1kov teraz aj bud\u00faci rok\",\"datePublished\":\"2025-09-25T14:19:45+00:00\",\"dateModified\":\"2025-09-25T14:19:46+00:00\",\"mainEntityOfPage\":{\"@id\":\"https:\/\/www.smedemokrati.sk\/fica-usvedcil-dalsi-cennik-klame-ze-cesi-mali-ten-isty-plyn-lacnejsi-ako-slovaci-len-jeden-mesiac-naopak-ficova-vlada-okrada-slovakov-teraz-aj-buduci-rok\/\"},\"wordCount\":817,\"publisher\":{\"@id\":\"https:\/\/www.smedemokrati.sk\/#organization\"},\"image\":{\"@id\":\"https:\/\/www.smedemokrati.sk\/fica-usvedcil-dalsi-cennik-klame-ze-cesi-mali-ten-isty-plyn-lacnejsi-ako-slovaci-len-jeden-mesiac-naopak-ficova-vlada-okrada-slovakov-teraz-aj-buduci-rok\/#primaryimage\"},\"thumbnailUrl\":\"https:\/\/www.smedemokrati.sk\/wp-content\/uploads\/2025\/09\/fico-klame.jpg\",\"articleSection\":[\"Tla\u010dov\u00e9 spr\u00e1vy\"],\"inLanguage\":\"sv-SE\"},{\"@type\":\"WebPage\",\"@id\":\"https:\/\/www.smedemokrati.sk\/fica-usvedcil-dalsi-cennik-klame-ze-cesi-mali-ten-isty-plyn-lacnejsi-ako-slovaci-len-jeden-mesiac-naopak-ficova-vlada-okrada-slovakov-teraz-aj-buduci-rok\/\",\"url\":\"https:\/\/www.smedemokrati.sk\/fica-usvedcil-dalsi-cennik-klame-ze-cesi-mali-ten-isty-plyn-lacnejsi-ako-slovaci-len-jeden-mesiac-naopak-ficova-vlada-okrada-slovakov-teraz-aj-buduci-rok\/\",\"name\":\"Fica usved\u010dil \u010fal\u0161\u00ed cenn\u00edk. Klame, \u017ee \u010cesi mali ten ist\u00fd plyn lacnej\u0161\u00ed ako Slov\u00e1ci, len jeden mesiac. Naopak, Ficova vl\u00e1da okr\u00e1da Slov\u00e1kov teraz aj bud\u00faci rok\",\"isPartOf\":{\"@id\":\"https:\/\/www.smedemokrati.sk\/#website\"},\"primaryImageOfPage\":{\"@id\":\"https:\/\/www.smedemokrati.sk\/fica-usvedcil-dalsi-cennik-klame-ze-cesi-mali-ten-isty-plyn-lacnejsi-ako-slovaci-len-jeden-mesiac-naopak-ficova-vlada-okrada-slovakov-teraz-aj-buduci-rok\/#primaryimage\"},\"image\":{\"@id\":\"https:\/\/www.smedemokrati.sk\/fica-usvedcil-dalsi-cennik-klame-ze-cesi-mali-ten-isty-plyn-lacnejsi-ako-slovaci-len-jeden-mesiac-naopak-ficova-vlada-okrada-slovakov-teraz-aj-buduci-rok\/#primaryimage\"},\"thumbnailUrl\":\"https:\/\/www.smedemokrati.sk\/wp-content\/uploads\/2025\/09\/fico-klame.jpg\",\"datePublished\":\"2025-09-25T14:19:45+00:00\",\"dateModified\":\"2025-09-25T14:19:46+00:00\",\"breadcrumb\":{\"@id\":\"https:\/\/www.smedemokrati.sk\/fica-usvedcil-dalsi-cennik-klame-ze-cesi-mali-ten-isty-plyn-lacnejsi-ako-slovaci-len-jeden-mesiac-naopak-ficova-vlada-okrada-slovakov-teraz-aj-buduci-rok\/#breadcrumb\"},\"inLanguage\":\"sv-SE\",\"potentialAction\":[{\"@type\":\"ReadAction\",\"target\":[\"https:\/\/www.smedemokrati.sk\/fica-usvedcil-dalsi-cennik-klame-ze-cesi-mali-ten-isty-plyn-lacnejsi-ako-slovaci-len-jeden-mesiac-naopak-ficova-vlada-okrada-slovakov-teraz-aj-buduci-rok\/\"]}]},{\"@type\":\"ImageObject\",\"inLanguage\":\"sv-SE\",\"@id\":\"https:\/\/www.smedemokrati.sk\/fica-usvedcil-dalsi-cennik-klame-ze-cesi-mali-ten-isty-plyn-lacnejsi-ako-slovaci-len-jeden-mesiac-naopak-ficova-vlada-okrada-slovakov-teraz-aj-buduci-rok\/#primaryimage\",\"url\":\"https:\/\/www.smedemokrati.sk\/wp-content\/uploads\/2025\/09\/fico-klame.jpg\",\"contentUrl\":\"https:\/\/www.smedemokrati.sk\/wp-content\/uploads\/2025\/09\/fico-klame.jpg\",\"width\":1280,\"height\":720},{\"@type\":\"BreadcrumbList\",\"@id\":\"https:\/\/www.smedemokrati.sk\/fica-usvedcil-dalsi-cennik-klame-ze-cesi-mali-ten-isty-plyn-lacnejsi-ako-slovaci-len-jeden-mesiac-naopak-ficova-vlada-okrada-slovakov-teraz-aj-buduci-rok\/#breadcrumb\",\"itemListElement\":[{\"@type\":\"ListItem\",\"position\":1,\"name\":\"Domovsk\u00e1 str\u00e1nka\",\"item\":\"https:\/\/www.smedemokrati.sk\/\"},{\"@type\":\"ListItem\",\"position\":2,\"name\":\"Fica usved\u010dil \u010fal\u0161\u00ed cenn\u00edk. Klame, \u017ee \u010cesi mali ten ist\u00fd plyn lacnej\u0161\u00ed ako Slov\u00e1ci, len jeden mesiac. Naopak, Ficova vl\u00e1da okr\u00e1da Slov\u00e1kov teraz aj bud\u00faci rok\"}]},{\"@type\":\"WebSite\",\"@id\":\"https:\/\/www.smedemokrati.sk\/#website\",\"url\":\"https:\/\/www.smedemokrati.sk\/\",\"name\":\"Smedemokrati.sk\",\"description\":\"Demokracia a slu\u0161nos\u0165 zv\u00ed\u0165az\u00ed\",\"publisher\":{\"@id\":\"https:\/\/www.smedemokrati.sk\/#organization\"},\"potentialAction\":[{\"@type\":\"SearchAction\",\"target\":{\"@type\":\"EntryPoint\",\"urlTemplate\":\"https:\/\/www.smedemokrati.sk\/?s={search_term_string}\"},\"query-input\":{\"@type\":\"PropertyValueSpecification\",\"valueRequired\":true,\"valueName\":\"search_term_string\"}}],\"inLanguage\":\"sv-SE\"},{\"@type\":\"Organization\",\"@id\":\"https:\/\/www.smedemokrati.sk\/#organization\",\"name\":\"Smedemokrati.sk\",\"url\":\"https:\/\/www.smedemokrati.sk\/\",\"logo\":{\"@type\":\"ImageObject\",\"inLanguage\":\"sv-SE\",\"@id\":\"https:\/\/www.smedemokrati.sk\/#\/schema\/logo\/image\/\",\"url\":\"https:\/\/www.smedemokrati.sk\/wp-content\/uploads\/2023\/04\/ff.002.jpeg\",\"contentUrl\":\"https:\/\/www.smedemokrati.sk\/wp-content\/uploads\/2023\/04\/ff.002.jpeg\",\"width\":640,\"height\":480,\"caption\":\"Smedemokrati.sk\"},\"image\":{\"@id\":\"https:\/\/www.smedemokrati.sk\/#\/schema\/logo\/image\/\"},\"sameAs\":[\"https:\/\/www.facebook.com\/smedemokrati2023\"]},{\"@type\":\"Person\",\"@id\":\"https:\/\/www.smedemokrati.sk\/#\/schema\/person\/21f147c88d605aa7ded900e1e7c344ba\",\"name\":\"miro.sopko\",\"image\":{\"@type\":\"ImageObject\",\"inLanguage\":\"sv-SE\",\"@id\":\"https:\/\/secure.gravatar.com\/avatar\/267e4a36f704376c109afe3a78740c1f5dd8675a2180a908699e7863c9247606?s=96&d=mm&r=g\",\"url\":\"https:\/\/secure.gravatar.com\/avatar\/267e4a36f704376c109afe3a78740c1f5dd8675a2180a908699e7863c9247606?s=96&d=mm&r=g\",\"contentUrl\":\"https:\/\/secure.gravatar.com\/avatar\/267e4a36f704376c109afe3a78740c1f5dd8675a2180a908699e7863c9247606?s=96&d=mm&r=g\",\"caption\":\"miro.sopko\"},\"url\":\"https:\/\/www.smedemokrati.sk\/sv\/author\/miro-sopko\/\"}]}<\/script>\n<!-- \/ Yoast SEO plugin. -->","yoast_head_json":{"title":"Fica usved\u010dil \u010fal\u0161\u00ed cenn\u00edk. Klame, \u017ee \u010cesi mali ten ist\u00fd plyn lacnej\u0161\u00ed ako Slov\u00e1ci, len jeden mesiac. Naopak, Ficova vl\u00e1da okr\u00e1da Slov\u00e1kov teraz aj bud\u00faci rok","robots":{"index":"index","follow":"follow","max-snippet":"max-snippet:-1","max-image-preview":"max-image-preview:large","max-video-preview":"max-video-preview:-1"},"canonical":"https:\/\/www.smedemokrati.sk\/sv\/fica-usvedcil-dalsi-cennik-klame-ze-cesi-mali-ten-isty-plyn-lacnejsi-ako-slovaci-len-jeden-mesiac-naopak-ficova-vlada-okrada-slovakov-teraz-aj-buduci-rok\/","og_locale":"sv_SE","og_type":"article","og_title":"[:sk]Fica usved\u010dil \u010fal\u0161\u00ed cenn\u00edk. Klame, \u017ee \u010cesi mali ten ist\u00fd plyn lacnej\u0161\u00ed ako Slov\u00e1ci, len jeden mesiac. Naopak, Ficova vl\u00e1da okr\u00e1da Slov\u00e1kov teraz aj bud\u00faci rok[:] - Smedemokrati.sk","og_description":"Demokrati usved\u010dili Roberta Fica z klamstva, ktor\u00fd tvrdil, \u017ee v \u010cesku je plyn lacnej\u0161\u00ed len do\u010dasne jeden mesiac. Strana uk\u00e1zala viacer\u00e9 verejn\u00e9 cenn\u00edky SPP CZ platn\u00e9 od 1. augusta 2025, ktor\u00e9 na\u010falej platia a dokonca jeden z nich fixuje cenu plynu na rok dopredu. Potvrdzuj\u00fa, \u017ee nielen \u010desk\u00e9 dom\u00e1cnosti, ale hlavne mal\u00ed odberatelia-\u017eivnostn\u00edci, maj\u00fa od [&hellip;]","og_url":"https:\/\/www.smedemokrati.sk\/sv\/fica-usvedcil-dalsi-cennik-klame-ze-cesi-mali-ten-isty-plyn-lacnejsi-ako-slovaci-len-jeden-mesiac-naopak-ficova-vlada-okrada-slovakov-teraz-aj-buduci-rok\/","og_site_name":"Smedemokrati.sk","article_publisher":"https:\/\/www.facebook.com\/smedemokrati2023","article_published_time":"2025-09-25T14:19:45+00:00","article_modified_time":"2025-09-25T14:19:46+00:00","og_image":[{"width":1280,"height":720,"url":"https:\/\/www.smedemokrati.sk\/wp-content\/uploads\/2025\/09\/fico-klame.jpg","type":"image\/jpeg"}],"author":"miro.sopko","twitter_card":"summary_large_image","twitter_misc":{"Skriven av":"miro.sopko","Ber\u00e4knad l\u00e4stid":"4 minuter"},"schema":{"@context":"https:\/\/schema.org","@graph":[{"@type":"Article","@id":"https:\/\/www.smedemokrati.sk\/fica-usvedcil-dalsi-cennik-klame-ze-cesi-mali-ten-isty-plyn-lacnejsi-ako-slovaci-len-jeden-mesiac-naopak-ficova-vlada-okrada-slovakov-teraz-aj-buduci-rok\/#article","isPartOf":{"@id":"https:\/\/www.smedemokrati.sk\/fica-usvedcil-dalsi-cennik-klame-ze-cesi-mali-ten-isty-plyn-lacnejsi-ako-slovaci-len-jeden-mesiac-naopak-ficova-vlada-okrada-slovakov-teraz-aj-buduci-rok\/"},"author":{"name":"miro.sopko","@id":"https:\/\/www.smedemokrati.sk\/#\/schema\/person\/21f147c88d605aa7ded900e1e7c344ba"},"headline":"Fica usved\u010dil \u010fal\u0161\u00ed cenn\u00edk. Klame, \u017ee \u010cesi mali ten ist\u00fd plyn lacnej\u0161\u00ed ako Slov\u00e1ci, len jeden mesiac. Naopak, Ficova vl\u00e1da okr\u00e1da Slov\u00e1kov teraz aj bud\u00faci rok","datePublished":"2025-09-25T14:19:45+00:00","dateModified":"2025-09-25T14:19:46+00:00","mainEntityOfPage":{"@id":"https:\/\/www.smedemokrati.sk\/fica-usvedcil-dalsi-cennik-klame-ze-cesi-mali-ten-isty-plyn-lacnejsi-ako-slovaci-len-jeden-mesiac-naopak-ficova-vlada-okrada-slovakov-teraz-aj-buduci-rok\/"},"wordCount":817,"publisher":{"@id":"https:\/\/www.smedemokrati.sk\/#organization"},"image":{"@id":"https:\/\/www.smedemokrati.sk\/fica-usvedcil-dalsi-cennik-klame-ze-cesi-mali-ten-isty-plyn-lacnejsi-ako-slovaci-len-jeden-mesiac-naopak-ficova-vlada-okrada-slovakov-teraz-aj-buduci-rok\/#primaryimage"},"thumbnailUrl":"https:\/\/www.smedemokrati.sk\/wp-content\/uploads\/2025\/09\/fico-klame.jpg","articleSection":["Tla\u010dov\u00e9 spr\u00e1vy"],"inLanguage":"sv-SE"},{"@type":"WebPage","@id":"https:\/\/www.smedemokrati.sk\/fica-usvedcil-dalsi-cennik-klame-ze-cesi-mali-ten-isty-plyn-lacnejsi-ako-slovaci-len-jeden-mesiac-naopak-ficova-vlada-okrada-slovakov-teraz-aj-buduci-rok\/","url":"https:\/\/www.smedemokrati.sk\/fica-usvedcil-dalsi-cennik-klame-ze-cesi-mali-ten-isty-plyn-lacnejsi-ako-slovaci-len-jeden-mesiac-naopak-ficova-vlada-okrada-slovakov-teraz-aj-buduci-rok\/","name":"Fica usved\u010dil \u010fal\u0161\u00ed cenn\u00edk. Klame, \u017ee \u010cesi mali ten ist\u00fd plyn lacnej\u0161\u00ed ako Slov\u00e1ci, len jeden mesiac. Naopak, Ficova vl\u00e1da okr\u00e1da Slov\u00e1kov teraz aj bud\u00faci rok","isPartOf":{"@id":"https:\/\/www.smedemokrati.sk\/#website"},"primaryImageOfPage":{"@id":"https:\/\/www.smedemokrati.sk\/fica-usvedcil-dalsi-cennik-klame-ze-cesi-mali-ten-isty-plyn-lacnejsi-ako-slovaci-len-jeden-mesiac-naopak-ficova-vlada-okrada-slovakov-teraz-aj-buduci-rok\/#primaryimage"},"image":{"@id":"https:\/\/www.smedemokrati.sk\/fica-usvedcil-dalsi-cennik-klame-ze-cesi-mali-ten-isty-plyn-lacnejsi-ako-slovaci-len-jeden-mesiac-naopak-ficova-vlada-okrada-slovakov-teraz-aj-buduci-rok\/#primaryimage"},"thumbnailUrl":"https:\/\/www.smedemokrati.sk\/wp-content\/uploads\/2025\/09\/fico-klame.jpg","datePublished":"2025-09-25T14:19:45+00:00","dateModified":"2025-09-25T14:19:46+00:00","breadcrumb":{"@id":"https:\/\/www.smedemokrati.sk\/fica-usvedcil-dalsi-cennik-klame-ze-cesi-mali-ten-isty-plyn-lacnejsi-ako-slovaci-len-jeden-mesiac-naopak-ficova-vlada-okrada-slovakov-teraz-aj-buduci-rok\/#breadcrumb"},"inLanguage":"sv-SE","potentialAction":[{"@type":"ReadAction","target":["https:\/\/www.smedemokrati.sk\/fica-usvedcil-dalsi-cennik-klame-ze-cesi-mali-ten-isty-plyn-lacnejsi-ako-slovaci-len-jeden-mesiac-naopak-ficova-vlada-okrada-slovakov-teraz-aj-buduci-rok\/"]}]},{"@type":"ImageObject","inLanguage":"sv-SE","@id":"https:\/\/www.smedemokrati.sk\/fica-usvedcil-dalsi-cennik-klame-ze-cesi-mali-ten-isty-plyn-lacnejsi-ako-slovaci-len-jeden-mesiac-naopak-ficova-vlada-okrada-slovakov-teraz-aj-buduci-rok\/#primaryimage","url":"https:\/\/www.smedemokrati.sk\/wp-content\/uploads\/2025\/09\/fico-klame.jpg","contentUrl":"https:\/\/www.smedemokrati.sk\/wp-content\/uploads\/2025\/09\/fico-klame.jpg","width":1280,"height":720},{"@type":"BreadcrumbList","@id":"https:\/\/www.smedemokrati.sk\/fica-usvedcil-dalsi-cennik-klame-ze-cesi-mali-ten-isty-plyn-lacnejsi-ako-slovaci-len-jeden-mesiac-naopak-ficova-vlada-okrada-slovakov-teraz-aj-buduci-rok\/#breadcrumb","itemListElement":[{"@type":"ListItem","position":1,"name":"Domovsk\u00e1 str\u00e1nka","item":"https:\/\/www.smedemokrati.sk\/"},{"@type":"ListItem","position":2,"name":"Fica usved\u010dil \u010fal\u0161\u00ed cenn\u00edk. Klame, \u017ee \u010cesi mali ten ist\u00fd plyn lacnej\u0161\u00ed ako Slov\u00e1ci, len jeden mesiac. Naopak, Ficova vl\u00e1da okr\u00e1da Slov\u00e1kov teraz aj bud\u00faci rok"}]},{"@type":"WebSite","@id":"https:\/\/www.smedemokrati.sk\/#website","url":"https:\/\/www.smedemokrati.sk\/","name":"Smedemokrati.sk","description":"Demokracia a slu\u0161nos\u0165 zv\u00ed\u0165az\u00ed","publisher":{"@id":"https:\/\/www.smedemokrati.sk\/#organization"},"potentialAction":[{"@type":"SearchAction","target":{"@type":"EntryPoint","urlTemplate":"https:\/\/www.smedemokrati.sk\/?s={search_term_string}"},"query-input":{"@type":"PropertyValueSpecification","valueRequired":true,"valueName":"search_term_string"}}],"inLanguage":"sv-SE"},{"@type":"Organization","@id":"https:\/\/www.smedemokrati.sk\/#organization","name":"Smedemokrati.sk","url":"https:\/\/www.smedemokrati.sk\/","logo":{"@type":"ImageObject","inLanguage":"sv-SE","@id":"https:\/\/www.smedemokrati.sk\/#\/schema\/logo\/image\/","url":"https:\/\/www.smedemokrati.sk\/wp-content\/uploads\/2023\/04\/ff.002.jpeg","contentUrl":"https:\/\/www.smedemokrati.sk\/wp-content\/uploads\/2023\/04\/ff.002.jpeg","width":640,"height":480,"caption":"Smedemokrati.sk"},"image":{"@id":"https:\/\/www.smedemokrati.sk\/#\/schema\/logo\/image\/"},"sameAs":["https:\/\/www.facebook.com\/smedemokrati2023"]},{"@type":"Person","@id":"https:\/\/www.smedemokrati.sk\/#\/schema\/person\/21f147c88d605aa7ded900e1e7c344ba","name":"miro.sopko","image":{"@type":"ImageObject","inLanguage":"sv-SE","@id":"https:\/\/secure.gravatar.com\/avatar\/267e4a36f704376c109afe3a78740c1f5dd8675a2180a908699e7863c9247606?s=96&d=mm&r=g","url":"https:\/\/secure.gravatar.com\/avatar\/267e4a36f704376c109afe3a78740c1f5dd8675a2180a908699e7863c9247606?s=96&d=mm&r=g","contentUrl":"https:\/\/secure.gravatar.com\/avatar\/267e4a36f704376c109afe3a78740c1f5dd8675a2180a908699e7863c9247606?s=96&d=mm&r=g","caption":"miro.sopko"},"url":"https:\/\/www.smedemokrati.sk\/sv\/author\/miro-sopko\/"}]}},"_links":{"self":[{"href":"https:\/\/www.smedemokrati.sk\/sv\/wp-json\/wp\/v2\/posts\/8235","targetHints":{"allow":["GET"]}}],"collection":[{"href":"https:\/\/www.smedemokrati.sk\/sv\/wp-json\/wp\/v2\/posts"}],"about":[{"href":"https:\/\/www.smedemokrati.sk\/sv\/wp-json\/wp\/v2\/types\/post"}],"author":[{"embeddable":true,"href":"https:\/\/www.smedemokrati.sk\/sv\/wp-json\/wp\/v2\/users\/13"}],"replies":[{"embeddable":true,"href":"https:\/\/www.smedemokrati.sk\/sv\/wp-json\/wp\/v2\/comments?post=8235"}],"version-history":[{"count":1,"href":"https:\/\/www.smedemokrati.sk\/sv\/wp-json\/wp\/v2\/posts\/8235\/revisions"}],"predecessor-version":[{"id":8237,"href":"https:\/\/www.smedemokrati.sk\/sv\/wp-json\/wp\/v2\/posts\/8235\/revisions\/8237"}],"wp:featuredmedia":[{"embeddable":true,"href":"https:\/\/www.smedemokrati.sk\/sv\/wp-json\/wp\/v2\/media\/8236"}],"wp:attachment":[{"href":"https:\/\/www.smedemokrati.sk\/sv\/wp-json\/wp\/v2\/media?parent=8235"}],"wp:term":[{"taxonomy":"category","embeddable":true,"href":"https:\/\/www.smedemokrati.sk\/sv\/wp-json\/wp\/v2\/categories?post=8235"},{"taxonomy":"post_tag","embeddable":true,"href":"https:\/\/www.smedemokrati.sk\/sv\/wp-json\/wp\/v2\/tags?post=8235"}],"curies":[{"name":"wp","href":"https:\/\/api.w.org\/{rel}","templated":true}]}}