{"id":8224,"date":"2025-09-24T11:42:48","date_gmt":"2025-09-24T10:42:48","guid":{"rendered":"https:\/\/www.smedemokrati.sk\/?p=8224"},"modified":"2025-09-24T11:42:49","modified_gmt":"2025-09-24T10:42:49","slug":"demokrati-vyzyvaju-prezidenta-petra-pellegriniho-aby-konal-a-odvolal-z-funkcie-nekompetentneho-riaditela-sis-a-po-novom-aj-zlodeja-pavla-gaspara","status":"publish","type":"post","link":"https:\/\/www.smedemokrati.sk\/sv\/demokrati-vyzyvaju-prezidenta-petra-pellegriniho-aby-konal-a-odvolal-z-funkcie-nekompetentneho-riaditela-sis-a-po-novom-aj-zlodeja-pavla-gaspara\/","title":{"rendered":"Demokrati vyz\u00fdvaj\u00fa prezidenta Petra Pellegriniho, aby konal a odvolal z funkcie nekompetentn\u00e9ho riadite\u013ea SIS a po novom aj zlodeja, Pavla Ga\u0161para"},"content":{"rendered":"<div id=\"fb-root\"><\/div>\n\n<p>Juraj \u0160eliga, podpredseda strany: \u201e<em>Diplomov\u00e1 pr\u00e1ca, plagi\u00e1torstvo a zlodejina Pavla Ga\u0161para nesm\u00fa osta\u0165 bez pov\u0161imnutia. Vyz\u00fdvame preto prezidenta Petra Pellegriniho, ktor\u00fd v minulosti kritizoval in\u00fdch plagi\u00e1torov, aby po n\u00e1vrate zo Spojen\u00fdch \u0161t\u00e1tov konal. Plagi\u00e1torstvo je jednoducho zlodejina. Prezident Pellegrini je jedin\u00fd, kto m\u00e1 disciplin\u00e1rnu pr\u00e1vomoc nad riadite\u013eom SIS. Je jedin\u00fd, kto ho m\u00f4\u017ee odvola\u0165. Pavol Ga\u0161par je \u010dlovek, ktor\u00fd nem\u00e1 \u010do h\u013eada\u0165 na \u010dele takejto d\u00f4le\u017eitej in\u0161tit\u00facie. Okrem toho, \u017ee nevie d\u00f4veryhodne vysvetli\u0165 p\u00f4vod svojho majetku, je po novom aj zlodej, preto\u017ee ukradol cudzie my\u0161lienky a vyd\u00e1val ich za svoje. Teraz je \u010das, aby p\u00e1n prezident pre\u0161iel od slov k \u010dinom a konal!&#8221;<\/em><\/p>\n\n\n<div id=\"fb-root\"><\/div><script async defer crossorigin=\"anonymous\" src=\"https:\/\/connect.facebook.net\/sk_SK\/sdk.js#xfbml=1&version=v18.0\"><\/script><div class=\"fb-video\" data-href=\"https:\/\/www.facebook.com\/reel\/1975414836558059\" data-width=\"560\" data-show-text=\"false\"><blockquote cite=\"https:\/\/www.facebook.com\/reel\/1975414836558059\" class=\"fb-xfbml-parse-ignore\"><a href=\"https:\/\/www.facebook.com\/reel\/1975414836558059\">Video<\/a><\/blockquote><\/div>\n","protected":false},"excerpt":{"rendered":"<p>Juraj \u0160eliga, podpredseda strany: \u201eDiplomov\u00e1 pr\u00e1ca, plagi\u00e1torstvo a zlodejina Pavla Ga\u0161para nesm\u00fa osta\u0165 bez pov\u0161imnutia. Vyz\u00fdvame preto prezidenta Petra Pellegriniho, ktor\u00fd v minulosti kritizoval in\u00fdch plagi\u00e1torov, aby po n\u00e1vrate zo Spojen\u00fdch \u0161t\u00e1tov konal. Plagi\u00e1torstvo je jednoducho zlodejina. Prezident Pellegrini je jedin\u00fd, kto m\u00e1 disciplin\u00e1rnu pr\u00e1vomoc nad riadite\u013eom SIS. Je jedin\u00fd, kto ho m\u00f4\u017ee odvola\u0165. Pavol [&hellip;]<\/p>\n","protected":false},"author":13,"featured_media":8225,"comment_status":"closed","ping_status":"closed","sticky":false,"template":"","format":"standard","meta":{"_acf_changed":false,"ngg_post_thumbnail":0,"footnotes":""},"categories":[11],"tags":[],"class_list":["post-8224","post","type-post","status-publish","format-standard","has-post-thumbnail","hentry","category-vyhlasenia"],"acf":[],"yoast_head":"<!-- This site is optimized with the Yoast SEO plugin v27.2 - https:\/\/yoast.com\/product\/yoast-seo-wordpress\/ -->\n<title>Demokrati vyz\u00fdvaj\u00fa prezidenta Petra Pellegriniho, aby konal a odvolal z funkcie nekompetentn\u00e9ho riadite\u013ea SIS a po novom aj zlodeja, Pavla Ga\u0161para<\/title>\n<meta name=\"robots\" content=\"index, follow, max-snippet:-1, max-image-preview:large, max-video-preview:-1\" \/>\n<link rel=\"canonical\" href=\"https:\/\/www.smedemokrati.sk\/sv\/demokrati-vyzyvaju-prezidenta-petra-pellegriniho-aby-konal-a-odvolal-z-funkcie-nekompetentneho-riaditela-sis-a-po-novom-aj-zlodeja-pavla-gaspara\/\" \/>\n<meta property=\"og:locale\" content=\"sv_SE\" \/>\n<meta property=\"og:locale:alternate\" content=\"en_US\" \/>\n<meta property=\"og:locale:alternate\" content=\"cs_CZ\" \/>\n<meta property=\"og:locale:alternate\" content=\"hu_HU\" \/>\n<meta property=\"og:locale:alternate\" content=\"sk_SK\" \/>\n<meta property=\"og:type\" content=\"article\" \/>\n<meta property=\"og:title\" content=\"Demokrati vyz\u00fdvaj\u00fa prezidenta Petra Pellegriniho, aby konal a odvolal z funkcie nekompetentn\u00e9ho riadite\u013ea SIS a po novom aj zlodeja, Pavla Ga\u0161para\" \/>\n<meta property=\"og:description\" content=\"Juraj \u0160eliga, podpredseda strany: \u201eDiplomov\u00e1 pr\u00e1ca, plagi\u00e1torstvo a zlodejina Pavla Ga\u0161para nesm\u00fa osta\u0165 bez pov\u0161imnutia. Vyz\u00fdvame preto prezidenta Petra Pellegriniho, ktor\u00fd v minulosti kritizoval in\u00fdch plagi\u00e1torov, aby po n\u00e1vrate zo Spojen\u00fdch \u0161t\u00e1tov konal. Plagi\u00e1torstvo je jednoducho zlodejina. Prezident Pellegrini je jedin\u00fd, kto m\u00e1 disciplin\u00e1rnu pr\u00e1vomoc nad riadite\u013eom SIS. Je jedin\u00fd, kto ho m\u00f4\u017ee odvola\u0165. Pavol [&hellip;]\" \/>\n<meta property=\"og:url\" content=\"https:\/\/www.smedemokrati.sk\/sv\/demokrati-vyzyvaju-prezidenta-petra-pellegriniho-aby-konal-a-odvolal-z-funkcie-nekompetentneho-riaditela-sis-a-po-novom-aj-zlodeja-pavla-gaspara\/\" \/>\n<meta property=\"og:site_name\" content=\"Smedemokrati.sk\" \/>\n<meta property=\"article:publisher\" content=\"https:\/\/www.facebook.com\/smedemokrati2023\" \/>\n<meta property=\"article:published_time\" content=\"2025-09-24T10:42:48+00:00\" \/>\n<meta property=\"article:modified_time\" content=\"2025-09-24T10:42:49+00:00\" \/>\n<meta property=\"og:image\" content=\"https:\/\/www.smedemokrati.sk\/wp-content\/uploads\/2025\/09\/552994493_3794785420820548_5960090615047506434_n-e1758710534607.jpg\" \/>\n\t<meta property=\"og:image:width\" content=\"1080\" \/>\n\t<meta property=\"og:image:height\" content=\"1085\" \/>\n\t<meta property=\"og:image:type\" content=\"image\/jpeg\" \/>\n<meta name=\"author\" content=\"miro.sopko\" \/>\n<meta name=\"twitter:card\" content=\"summary_large_image\" \/>\n<meta name=\"twitter:label1\" content=\"Skriven av\" \/>\n\t<meta name=\"twitter:data1\" content=\"miro.sopko\" \/>\n\t<meta name=\"twitter:label2\" content=\"Ber\u00e4knad l\u00e4stid\" \/>\n\t<meta name=\"twitter:data2\" content=\"1 minut\" \/>\n<script type=\"application\/ld+json\" class=\"yoast-schema-graph\">{\"@context\":\"https:\/\/schema.org\",\"@graph\":[{\"@type\":\"Article\",\"@id\":\"https:\/\/www.smedemokrati.sk\/demokrati-vyzyvaju-prezidenta-petra-pellegriniho-aby-konal-a-odvolal-z-funkcie-nekompetentneho-riaditela-sis-a-po-novom-aj-zlodeja-pavla-gaspara\/#article\",\"isPartOf\":{\"@id\":\"https:\/\/www.smedemokrati.sk\/demokrati-vyzyvaju-prezidenta-petra-pellegriniho-aby-konal-a-odvolal-z-funkcie-nekompetentneho-riaditela-sis-a-po-novom-aj-zlodeja-pavla-gaspara\/\"},\"author\":{\"name\":\"miro.sopko\",\"@id\":\"https:\/\/www.smedemokrati.sk\/#\/schema\/person\/21f147c88d605aa7ded900e1e7c344ba\"},\"headline\":\"Demokrati vyz\u00fdvaj\u00fa prezidenta Petra Pellegriniho, aby konal a odvolal z funkcie nekompetentn\u00e9ho riadite\u013ea SIS a po novom aj zlodeja, Pavla Ga\u0161para\",\"datePublished\":\"2025-09-24T10:42:48+00:00\",\"dateModified\":\"2025-09-24T10:42:49+00:00\",\"mainEntityOfPage\":{\"@id\":\"https:\/\/www.smedemokrati.sk\/demokrati-vyzyvaju-prezidenta-petra-pellegriniho-aby-konal-a-odvolal-z-funkcie-nekompetentneho-riaditela-sis-a-po-novom-aj-zlodeja-pavla-gaspara\/\"},\"wordCount\":165,\"publisher\":{\"@id\":\"https:\/\/www.smedemokrati.sk\/#organization\"},\"image\":{\"@id\":\"https:\/\/www.smedemokrati.sk\/demokrati-vyzyvaju-prezidenta-petra-pellegriniho-aby-konal-a-odvolal-z-funkcie-nekompetentneho-riaditela-sis-a-po-novom-aj-zlodeja-pavla-gaspara\/#primaryimage\"},\"thumbnailUrl\":\"https:\/\/www.smedemokrati.sk\/wp-content\/uploads\/2025\/09\/552994493_3794785420820548_5960090615047506434_n-e1758710534607.jpg\",\"articleSection\":[\"Vyhl\u00e1senia\"],\"inLanguage\":\"sv-SE\"},{\"@type\":\"WebPage\",\"@id\":\"https:\/\/www.smedemokrati.sk\/demokrati-vyzyvaju-prezidenta-petra-pellegriniho-aby-konal-a-odvolal-z-funkcie-nekompetentneho-riaditela-sis-a-po-novom-aj-zlodeja-pavla-gaspara\/\",\"url\":\"https:\/\/www.smedemokrati.sk\/demokrati-vyzyvaju-prezidenta-petra-pellegriniho-aby-konal-a-odvolal-z-funkcie-nekompetentneho-riaditela-sis-a-po-novom-aj-zlodeja-pavla-gaspara\/\",\"name\":\"Demokrati vyz\u00fdvaj\u00fa prezidenta Petra Pellegriniho, aby konal a odvolal z funkcie nekompetentn\u00e9ho riadite\u013ea SIS a po novom aj zlodeja, Pavla Ga\u0161para\",\"isPartOf\":{\"@id\":\"https:\/\/www.smedemokrati.sk\/#website\"},\"primaryImageOfPage\":{\"@id\":\"https:\/\/www.smedemokrati.sk\/demokrati-vyzyvaju-prezidenta-petra-pellegriniho-aby-konal-a-odvolal-z-funkcie-nekompetentneho-riaditela-sis-a-po-novom-aj-zlodeja-pavla-gaspara\/#primaryimage\"},\"image\":{\"@id\":\"https:\/\/www.smedemokrati.sk\/demokrati-vyzyvaju-prezidenta-petra-pellegriniho-aby-konal-a-odvolal-z-funkcie-nekompetentneho-riaditela-sis-a-po-novom-aj-zlodeja-pavla-gaspara\/#primaryimage\"},\"thumbnailUrl\":\"https:\/\/www.smedemokrati.sk\/wp-content\/uploads\/2025\/09\/552994493_3794785420820548_5960090615047506434_n-e1758710534607.jpg\",\"datePublished\":\"2025-09-24T10:42:48+00:00\",\"dateModified\":\"2025-09-24T10:42:49+00:00\",\"breadcrumb\":{\"@id\":\"https:\/\/www.smedemokrati.sk\/demokrati-vyzyvaju-prezidenta-petra-pellegriniho-aby-konal-a-odvolal-z-funkcie-nekompetentneho-riaditela-sis-a-po-novom-aj-zlodeja-pavla-gaspara\/#breadcrumb\"},\"inLanguage\":\"sv-SE\",\"potentialAction\":[{\"@type\":\"ReadAction\",\"target\":[\"https:\/\/www.smedemokrati.sk\/demokrati-vyzyvaju-prezidenta-petra-pellegriniho-aby-konal-a-odvolal-z-funkcie-nekompetentneho-riaditela-sis-a-po-novom-aj-zlodeja-pavla-gaspara\/\"]}]},{\"@type\":\"ImageObject\",\"inLanguage\":\"sv-SE\",\"@id\":\"https:\/\/www.smedemokrati.sk\/demokrati-vyzyvaju-prezidenta-petra-pellegriniho-aby-konal-a-odvolal-z-funkcie-nekompetentneho-riaditela-sis-a-po-novom-aj-zlodeja-pavla-gaspara\/#primaryimage\",\"url\":\"https:\/\/www.smedemokrati.sk\/wp-content\/uploads\/2025\/09\/552994493_3794785420820548_5960090615047506434_n-e1758710534607.jpg\",\"contentUrl\":\"https:\/\/www.smedemokrati.sk\/wp-content\/uploads\/2025\/09\/552994493_3794785420820548_5960090615047506434_n-e1758710534607.jpg\",\"width\":1080,\"height\":1085},{\"@type\":\"BreadcrumbList\",\"@id\":\"https:\/\/www.smedemokrati.sk\/demokrati-vyzyvaju-prezidenta-petra-pellegriniho-aby-konal-a-odvolal-z-funkcie-nekompetentneho-riaditela-sis-a-po-novom-aj-zlodeja-pavla-gaspara\/#breadcrumb\",\"itemListElement\":[{\"@type\":\"ListItem\",\"position\":1,\"name\":\"Domovsk\u00e1 str\u00e1nka\",\"item\":\"https:\/\/www.smedemokrati.sk\/\"},{\"@type\":\"ListItem\",\"position\":2,\"name\":\"Demokrati vyz\u00fdvaj\u00fa prezidenta Petra Pellegriniho, aby konal a odvolal z funkcie nekompetentn\u00e9ho riadite\u013ea SIS a po novom aj zlodeja, Pavla Ga\u0161para\"}]},{\"@type\":\"WebSite\",\"@id\":\"https:\/\/www.smedemokrati.sk\/#website\",\"url\":\"https:\/\/www.smedemokrati.sk\/\",\"name\":\"Smedemokrati.sk\",\"description\":\"Demokracia a slu\u0161nos\u0165 zv\u00ed\u0165az\u00ed\",\"publisher\":{\"@id\":\"https:\/\/www.smedemokrati.sk\/#organization\"},\"potentialAction\":[{\"@type\":\"SearchAction\",\"target\":{\"@type\":\"EntryPoint\",\"urlTemplate\":\"https:\/\/www.smedemokrati.sk\/?s={search_term_string}\"},\"query-input\":{\"@type\":\"PropertyValueSpecification\",\"valueRequired\":true,\"valueName\":\"search_term_string\"}}],\"inLanguage\":\"sv-SE\"},{\"@type\":\"Organization\",\"@id\":\"https:\/\/www.smedemokrati.sk\/#organization\",\"name\":\"Smedemokrati.sk\",\"url\":\"https:\/\/www.smedemokrati.sk\/\",\"logo\":{\"@type\":\"ImageObject\",\"inLanguage\":\"sv-SE\",\"@id\":\"https:\/\/www.smedemokrati.sk\/#\/schema\/logo\/image\/\",\"url\":\"https:\/\/www.smedemokrati.sk\/wp-content\/uploads\/2023\/04\/ff.002.jpeg\",\"contentUrl\":\"https:\/\/www.smedemokrati.sk\/wp-content\/uploads\/2023\/04\/ff.002.jpeg\",\"width\":640,\"height\":480,\"caption\":\"Smedemokrati.sk\"},\"image\":{\"@id\":\"https:\/\/www.smedemokrati.sk\/#\/schema\/logo\/image\/\"},\"sameAs\":[\"https:\/\/www.facebook.com\/smedemokrati2023\"]},{\"@type\":\"Person\",\"@id\":\"https:\/\/www.smedemokrati.sk\/#\/schema\/person\/21f147c88d605aa7ded900e1e7c344ba\",\"name\":\"miro.sopko\",\"image\":{\"@type\":\"ImageObject\",\"inLanguage\":\"sv-SE\",\"@id\":\"https:\/\/secure.gravatar.com\/avatar\/267e4a36f704376c109afe3a78740c1f5dd8675a2180a908699e7863c9247606?s=96&d=mm&r=g\",\"url\":\"https:\/\/secure.gravatar.com\/avatar\/267e4a36f704376c109afe3a78740c1f5dd8675a2180a908699e7863c9247606?s=96&d=mm&r=g\",\"contentUrl\":\"https:\/\/secure.gravatar.com\/avatar\/267e4a36f704376c109afe3a78740c1f5dd8675a2180a908699e7863c9247606?s=96&d=mm&r=g\",\"caption\":\"miro.sopko\"},\"url\":\"https:\/\/www.smedemokrati.sk\/sv\/author\/miro-sopko\/\"}]}<\/script>\n<!-- \/ Yoast SEO plugin. -->","yoast_head_json":{"title":"Demokrati vyz\u00fdvaj\u00fa prezidenta Petra Pellegriniho, aby konal a odvolal z funkcie nekompetentn\u00e9ho riadite\u013ea SIS a po novom aj zlodeja, Pavla Ga\u0161para","robots":{"index":"index","follow":"follow","max-snippet":"max-snippet:-1","max-image-preview":"max-image-preview:large","max-video-preview":"max-video-preview:-1"},"canonical":"https:\/\/www.smedemokrati.sk\/sv\/demokrati-vyzyvaju-prezidenta-petra-pellegriniho-aby-konal-a-odvolal-z-funkcie-nekompetentneho-riaditela-sis-a-po-novom-aj-zlodeja-pavla-gaspara\/","og_locale":"sv_SE","og_type":"article","og_title":"[:sk]Demokrati vyz\u00fdvaj\u00fa prezidenta Petra Pellegriniho, aby konal a odvolal z funkcie nekompetentn\u00e9ho riadite\u013ea SIS a po novom aj zlodeja, Pavla Ga\u0161para[:] - Smedemokrati.sk","og_description":"Juraj \u0160eliga, podpredseda strany: \u201eDiplomov\u00e1 pr\u00e1ca, plagi\u00e1torstvo a zlodejina Pavla Ga\u0161para nesm\u00fa osta\u0165 bez pov\u0161imnutia. Vyz\u00fdvame preto prezidenta Petra Pellegriniho, ktor\u00fd v minulosti kritizoval in\u00fdch plagi\u00e1torov, aby po n\u00e1vrate zo Spojen\u00fdch \u0161t\u00e1tov konal. Plagi\u00e1torstvo je jednoducho zlodejina. Prezident Pellegrini je jedin\u00fd, kto m\u00e1 disciplin\u00e1rnu pr\u00e1vomoc nad riadite\u013eom SIS. Je jedin\u00fd, kto ho m\u00f4\u017ee odvola\u0165. Pavol [&hellip;]","og_url":"https:\/\/www.smedemokrati.sk\/sv\/demokrati-vyzyvaju-prezidenta-petra-pellegriniho-aby-konal-a-odvolal-z-funkcie-nekompetentneho-riaditela-sis-a-po-novom-aj-zlodeja-pavla-gaspara\/","og_site_name":"Smedemokrati.sk","article_publisher":"https:\/\/www.facebook.com\/smedemokrati2023","article_published_time":"2025-09-24T10:42:48+00:00","article_modified_time":"2025-09-24T10:42:49+00:00","og_image":[{"width":1080,"height":1085,"url":"https:\/\/www.smedemokrati.sk\/wp-content\/uploads\/2025\/09\/552994493_3794785420820548_5960090615047506434_n-e1758710534607.jpg","type":"image\/jpeg"}],"author":"miro.sopko","twitter_card":"summary_large_image","twitter_misc":{"Skriven av":"miro.sopko","Ber\u00e4knad l\u00e4stid":"1 minut"},"schema":{"@context":"https:\/\/schema.org","@graph":[{"@type":"Article","@id":"https:\/\/www.smedemokrati.sk\/demokrati-vyzyvaju-prezidenta-petra-pellegriniho-aby-konal-a-odvolal-z-funkcie-nekompetentneho-riaditela-sis-a-po-novom-aj-zlodeja-pavla-gaspara\/#article","isPartOf":{"@id":"https:\/\/www.smedemokrati.sk\/demokrati-vyzyvaju-prezidenta-petra-pellegriniho-aby-konal-a-odvolal-z-funkcie-nekompetentneho-riaditela-sis-a-po-novom-aj-zlodeja-pavla-gaspara\/"},"author":{"name":"miro.sopko","@id":"https:\/\/www.smedemokrati.sk\/#\/schema\/person\/21f147c88d605aa7ded900e1e7c344ba"},"headline":"Demokrati vyz\u00fdvaj\u00fa prezidenta Petra Pellegriniho, aby konal a odvolal z funkcie nekompetentn\u00e9ho riadite\u013ea SIS a po novom aj zlodeja, Pavla Ga\u0161para","datePublished":"2025-09-24T10:42:48+00:00","dateModified":"2025-09-24T10:42:49+00:00","mainEntityOfPage":{"@id":"https:\/\/www.smedemokrati.sk\/demokrati-vyzyvaju-prezidenta-petra-pellegriniho-aby-konal-a-odvolal-z-funkcie-nekompetentneho-riaditela-sis-a-po-novom-aj-zlodeja-pavla-gaspara\/"},"wordCount":165,"publisher":{"@id":"https:\/\/www.smedemokrati.sk\/#organization"},"image":{"@id":"https:\/\/www.smedemokrati.sk\/demokrati-vyzyvaju-prezidenta-petra-pellegriniho-aby-konal-a-odvolal-z-funkcie-nekompetentneho-riaditela-sis-a-po-novom-aj-zlodeja-pavla-gaspara\/#primaryimage"},"thumbnailUrl":"https:\/\/www.smedemokrati.sk\/wp-content\/uploads\/2025\/09\/552994493_3794785420820548_5960090615047506434_n-e1758710534607.jpg","articleSection":["Vyhl\u00e1senia"],"inLanguage":"sv-SE"},{"@type":"WebPage","@id":"https:\/\/www.smedemokrati.sk\/demokrati-vyzyvaju-prezidenta-petra-pellegriniho-aby-konal-a-odvolal-z-funkcie-nekompetentneho-riaditela-sis-a-po-novom-aj-zlodeja-pavla-gaspara\/","url":"https:\/\/www.smedemokrati.sk\/demokrati-vyzyvaju-prezidenta-petra-pellegriniho-aby-konal-a-odvolal-z-funkcie-nekompetentneho-riaditela-sis-a-po-novom-aj-zlodeja-pavla-gaspara\/","name":"Demokrati vyz\u00fdvaj\u00fa prezidenta Petra Pellegriniho, aby konal a odvolal z funkcie nekompetentn\u00e9ho riadite\u013ea SIS a po novom aj zlodeja, Pavla Ga\u0161para","isPartOf":{"@id":"https:\/\/www.smedemokrati.sk\/#website"},"primaryImageOfPage":{"@id":"https:\/\/www.smedemokrati.sk\/demokrati-vyzyvaju-prezidenta-petra-pellegriniho-aby-konal-a-odvolal-z-funkcie-nekompetentneho-riaditela-sis-a-po-novom-aj-zlodeja-pavla-gaspara\/#primaryimage"},"image":{"@id":"https:\/\/www.smedemokrati.sk\/demokrati-vyzyvaju-prezidenta-petra-pellegriniho-aby-konal-a-odvolal-z-funkcie-nekompetentneho-riaditela-sis-a-po-novom-aj-zlodeja-pavla-gaspara\/#primaryimage"},"thumbnailUrl":"https:\/\/www.smedemokrati.sk\/wp-content\/uploads\/2025\/09\/552994493_3794785420820548_5960090615047506434_n-e1758710534607.jpg","datePublished":"2025-09-24T10:42:48+00:00","dateModified":"2025-09-24T10:42:49+00:00","breadcrumb":{"@id":"https:\/\/www.smedemokrati.sk\/demokrati-vyzyvaju-prezidenta-petra-pellegriniho-aby-konal-a-odvolal-z-funkcie-nekompetentneho-riaditela-sis-a-po-novom-aj-zlodeja-pavla-gaspara\/#breadcrumb"},"inLanguage":"sv-SE","potentialAction":[{"@type":"ReadAction","target":["https:\/\/www.smedemokrati.sk\/demokrati-vyzyvaju-prezidenta-petra-pellegriniho-aby-konal-a-odvolal-z-funkcie-nekompetentneho-riaditela-sis-a-po-novom-aj-zlodeja-pavla-gaspara\/"]}]},{"@type":"ImageObject","inLanguage":"sv-SE","@id":"https:\/\/www.smedemokrati.sk\/demokrati-vyzyvaju-prezidenta-petra-pellegriniho-aby-konal-a-odvolal-z-funkcie-nekompetentneho-riaditela-sis-a-po-novom-aj-zlodeja-pavla-gaspara\/#primaryimage","url":"https:\/\/www.smedemokrati.sk\/wp-content\/uploads\/2025\/09\/552994493_3794785420820548_5960090615047506434_n-e1758710534607.jpg","contentUrl":"https:\/\/www.smedemokrati.sk\/wp-content\/uploads\/2025\/09\/552994493_3794785420820548_5960090615047506434_n-e1758710534607.jpg","width":1080,"height":1085},{"@type":"BreadcrumbList","@id":"https:\/\/www.smedemokrati.sk\/demokrati-vyzyvaju-prezidenta-petra-pellegriniho-aby-konal-a-odvolal-z-funkcie-nekompetentneho-riaditela-sis-a-po-novom-aj-zlodeja-pavla-gaspara\/#breadcrumb","itemListElement":[{"@type":"ListItem","position":1,"name":"Domovsk\u00e1 str\u00e1nka","item":"https:\/\/www.smedemokrati.sk\/"},{"@type":"ListItem","position":2,"name":"Demokrati vyz\u00fdvaj\u00fa prezidenta Petra Pellegriniho, aby konal a odvolal z funkcie nekompetentn\u00e9ho riadite\u013ea SIS a po novom aj zlodeja, Pavla Ga\u0161para"}]},{"@type":"WebSite","@id":"https:\/\/www.smedemokrati.sk\/#website","url":"https:\/\/www.smedemokrati.sk\/","name":"Smedemokrati.sk","description":"Demokracia a slu\u0161nos\u0165 zv\u00ed\u0165az\u00ed","publisher":{"@id":"https:\/\/www.smedemokrati.sk\/#organization"},"potentialAction":[{"@type":"SearchAction","target":{"@type":"EntryPoint","urlTemplate":"https:\/\/www.smedemokrati.sk\/?s={search_term_string}"},"query-input":{"@type":"PropertyValueSpecification","valueRequired":true,"valueName":"search_term_string"}}],"inLanguage":"sv-SE"},{"@type":"Organization","@id":"https:\/\/www.smedemokrati.sk\/#organization","name":"Smedemokrati.sk","url":"https:\/\/www.smedemokrati.sk\/","logo":{"@type":"ImageObject","inLanguage":"sv-SE","@id":"https:\/\/www.smedemokrati.sk\/#\/schema\/logo\/image\/","url":"https:\/\/www.smedemokrati.sk\/wp-content\/uploads\/2023\/04\/ff.002.jpeg","contentUrl":"https:\/\/www.smedemokrati.sk\/wp-content\/uploads\/2023\/04\/ff.002.jpeg","width":640,"height":480,"caption":"Smedemokrati.sk"},"image":{"@id":"https:\/\/www.smedemokrati.sk\/#\/schema\/logo\/image\/"},"sameAs":["https:\/\/www.facebook.com\/smedemokrati2023"]},{"@type":"Person","@id":"https:\/\/www.smedemokrati.sk\/#\/schema\/person\/21f147c88d605aa7ded900e1e7c344ba","name":"miro.sopko","image":{"@type":"ImageObject","inLanguage":"sv-SE","@id":"https:\/\/secure.gravatar.com\/avatar\/267e4a36f704376c109afe3a78740c1f5dd8675a2180a908699e7863c9247606?s=96&d=mm&r=g","url":"https:\/\/secure.gravatar.com\/avatar\/267e4a36f704376c109afe3a78740c1f5dd8675a2180a908699e7863c9247606?s=96&d=mm&r=g","contentUrl":"https:\/\/secure.gravatar.com\/avatar\/267e4a36f704376c109afe3a78740c1f5dd8675a2180a908699e7863c9247606?s=96&d=mm&r=g","caption":"miro.sopko"},"url":"https:\/\/www.smedemokrati.sk\/sv\/author\/miro-sopko\/"}]}},"_links":{"self":[{"href":"https:\/\/www.smedemokrati.sk\/sv\/wp-json\/wp\/v2\/posts\/8224","targetHints":{"allow":["GET"]}}],"collection":[{"href":"https:\/\/www.smedemokrati.sk\/sv\/wp-json\/wp\/v2\/posts"}],"about":[{"href":"https:\/\/www.smedemokrati.sk\/sv\/wp-json\/wp\/v2\/types\/post"}],"author":[{"embeddable":true,"href":"https:\/\/www.smedemokrati.sk\/sv\/wp-json\/wp\/v2\/users\/13"}],"replies":[{"embeddable":true,"href":"https:\/\/www.smedemokrati.sk\/sv\/wp-json\/wp\/v2\/comments?post=8224"}],"version-history":[{"count":1,"href":"https:\/\/www.smedemokrati.sk\/sv\/wp-json\/wp\/v2\/posts\/8224\/revisions"}],"predecessor-version":[{"id":8226,"href":"https:\/\/www.smedemokrati.sk\/sv\/wp-json\/wp\/v2\/posts\/8224\/revisions\/8226"}],"wp:featuredmedia":[{"embeddable":true,"href":"https:\/\/www.smedemokrati.sk\/sv\/wp-json\/wp\/v2\/media\/8225"}],"wp:attachment":[{"href":"https:\/\/www.smedemokrati.sk\/sv\/wp-json\/wp\/v2\/media?parent=8224"}],"wp:term":[{"taxonomy":"category","embeddable":true,"href":"https:\/\/www.smedemokrati.sk\/sv\/wp-json\/wp\/v2\/categories?post=8224"},{"taxonomy":"post_tag","embeddable":true,"href":"https:\/\/www.smedemokrati.sk\/sv\/wp-json\/wp\/v2\/tags?post=8224"}],"curies":[{"name":"wp","href":"https:\/\/api.w.org\/{rel}","templated":true}]}}