{"id":8160,"date":"2025-09-14T17:02:42","date_gmt":"2025-09-14T16:02:42","guid":{"rendered":"https:\/\/www.smedemokrati.sk\/?p=8160"},"modified":"2025-09-14T17:04:05","modified_gmt":"2025-09-14T16:04:05","slug":"vladny-chaos-v-konsolidacnych-opatreniach-a-narastajuci-verejny-dlh","status":"publish","type":"post","link":"https:\/\/www.smedemokrati.sk\/sv\/vladny-chaos-v-konsolidacnych-opatreniach-a-narastajuci-verejny-dlh\/","title":{"rendered":"Vl\u00e1dny chaos v konsolida\u010dn\u00fdch opatreniach a narastaj\u00faci verejn\u00fd dlh"},"content":{"rendered":"<div id=\"fb-root\"><\/div>\n\n<p><strong>Na dne\u0161nom br\u00edfingu predstavitelia strany Demokrati \u2013 Eduard Heger, Juraj \u0160eliga a Dominik Sumbal \u2013 ostro kritizovali vl\u00e1du Roberta Fica za chaos v konsolida\u010dn\u00fdch opatreniach a narastaj\u00faci verejn\u00fd dlh.<\/strong><\/p>\n\n\n\n<p>Eduard Heger, b\u00fdval\u00fd premi\u00e9r a podpredseda Demokratov, upozornil, \u017ee Slovensko sa prepad\u00e1 do \u0161pir\u00e1ly dlhu:<\/p>\n\n\n\n<p><em>\u201eDlh rastie, no vl\u00e1da namiesto zodpovedn\u00fdch rozhodnut\u00ed predklad\u00e1 len pr\u00e1zdne s\u013euby. Minister Kamenick\u00fd mus\u00ed okam\u017eite predstavi\u0165 konsolida\u010dn\u00e9 kroky na strane \u0161t\u00e1tu, nie na \u00fakor \u013eud\u00ed a podnikate\u013eov. Bez toho bude d\u00f4vera investorov v Slovensko \u010falej pada\u0165. Minister Kamenick\u00fd sa boj\u00ed oponentov a diskusie. Ale v tejto situ\u00e1cii je to pr\u00e1ve potrebn\u00e9, po\u010d\u00fava\u0165 a diskutova\u0165. a o\u017eobra\u010duje ich. Z\u00e1rove\u0148 sa p\u00fdtam, kde je premi\u00e9r Fico? Op\u00e4\u0165 dovolenkuje? Toto je probl\u00e9m premi\u00e9ra, preto\u017ee jeho vl\u00e1da o\u017eobra\u010duje \u013eud\u00ed!\u201c<\/em><\/p>\n\n\n\n<p>Dominik Sumbal, \u010dlen ekonomick\u00e9ho t\u00edmu Demokratov, pouk\u00e1zal na v\u00e1\u017ene nedostatky v \u010d\u00edslach ministerstva financi\u00ed:<\/p>\n\n\n\n<p><em>\u201eV odhadoch vl\u00e1dy s\u00fa diery a\u017e vo v\u00fd\u0161ke 284 mili\u00f3nov eur. To je jasn\u00fd d\u00f4kaz, \u017ee ich n\u00e1vrh nie je postaven\u00fd na re\u00e1lnych z\u00e1kladoch. S\u00fa\u010dasn\u00e9 nastavenia navy\u0161e otv\u00e1raj\u00fa priestor na rozmach \u0161edej ekonomiky. Konsolid\u00e1cia postaven\u00e1 na tak\u00fdchto pilieroch je len il\u00faziou.\u201c<\/em><\/p>\n\n\n\n<p>Juraj \u0160eliga, podpredseda strany, sa zameral na situ\u00e1ciu v bezpe\u010dnostn\u00fdch zlo\u017ek\u00e1ch:<\/p>\n\n\n\n<p><em>\u201eSlovensk\u00e1 pol\u00edcia je vinou \u0160utaja E\u0161toka v rozklade a vl\u00e1da ju nech\u00e1va napospas chaosu, policajtov opakovane klame a pri\u0161lo to a\u017e do bodu, \u017ee policajti s\u00fa n\u00faten\u00ed zva\u017eova\u0165 \u0161trajk. Vyz\u00fdvam ministra vn\u00fatra \u0160utaja E\u0161t\u00f3ka aj policajn\u00fa prezidentku, aby okam\u017eite rokovali s policajn\u00fdmi odbor\u00e1rmi. Ignorova\u0165 ich po\u017eiadavky znamen\u00e1 hazardova\u0165 s bezpe\u010dnos\u0165ou ob\u010danov.\u201c<\/em><\/p>\n\n\n\n<p>Demokrati zd\u00f4raznili, \u017ee konsolid\u00e1cia mus\u00ed by\u0165 f\u00e9rov\u00e1, predv\u00eddate\u013en\u00e1 a predov\u0161etk\u00fdm postaven\u00e1 na jasn\u00fdch a udr\u017eate\u013en\u00fdch rie\u0161eniach. Vl\u00e1da pod\u013ea nich nesmie pren\u00e1\u0161a\u0165 bremeno svojich zlyhan\u00ed len na plecia ob\u010danov a poctiv\u00fdch podnikate\u013eov.<\/p>\n\n\n\n<p><em>\u201eV\u0161etci vid\u00edme, \u017ee vl\u00e1da svoju \u00falohu nezvl\u00e1da, neschopnos\u0165 sa sna\u017e\u00ed prekr\u00fdva\u0165 fabul\u00e1ciami \u010d\u00edsiel, \u00fatokmi alebo novelami \u00fastavy. Pr\u00e1ve preto, aby to neprekryli p\u00f4jdeme ako opoz\u00edcia v utorok spolo\u010dne do ul\u00edc.\u201d<\/em> uzatv\u00e1ra Juraj \u0160eliga.<\/p>\n\n\n<div id=\"fb-root\"><\/div><script async defer crossorigin=\"anonymous\" src=\"https:\/\/connect.facebook.net\/sk_SK\/sdk.js#xfbml=1&version=v18.0\"><\/script><div class=\"fb-video\" data-href=\"https:\/\/www.facebook.com\/JurajSeligaPravnik\/videos\/764858573122432\" data-width=\"560\" data-show-text=\"false\"><blockquote cite=\"https:\/\/www.facebook.com\/JurajSeligaPravnik\/videos\/764858573122432\" class=\"fb-xfbml-parse-ignore\"><a href=\"https:\/\/www.facebook.com\/JurajSeligaPravnik\/videos\/764858573122432\">Video<\/a><\/blockquote><\/div>\n","protected":false},"excerpt":{"rendered":"<p>Na dne\u0161nom br\u00edfingu predstavitelia strany Demokrati \u2013 Eduard Heger, Juraj \u0160eliga a Dominik Sumbal \u2013 ostro kritizovali vl\u00e1du Roberta Fica za chaos v konsolida\u010dn\u00fdch opatreniach a narastaj\u00faci verejn\u00fd dlh. Eduard Heger, b\u00fdval\u00fd premi\u00e9r a podpredseda Demokratov, upozornil, \u017ee Slovensko sa prepad\u00e1 do \u0161pir\u00e1ly dlhu: \u201eDlh rastie, no vl\u00e1da namiesto zodpovedn\u00fdch rozhodnut\u00ed predklad\u00e1 len pr\u00e1zdne s\u013euby. [&hellip;]<\/p>\n","protected":false},"author":13,"featured_media":8161,"comment_status":"closed","ping_status":"closed","sticky":false,"template":"","format":"standard","meta":{"_acf_changed":false,"ngg_post_thumbnail":0,"footnotes":""},"categories":[4],"tags":[],"class_list":["post-8160","post","type-post","status-publish","format-standard","has-post-thumbnail","hentry","category-tlacove-spravy"],"acf":[],"yoast_head":"<!-- This site is optimized with the Yoast SEO plugin v27.2 - https:\/\/yoast.com\/product\/yoast-seo-wordpress\/ -->\n<title>Vl\u00e1dny chaos v konsolida\u010dn\u00fdch opatreniach a narastaj\u00faci verejn\u00fd dlh<\/title>\n<meta name=\"description\" content=\"Na dne\u0161nom br\u00edfingu predstavitelia strany Demokrati \u2013 Eduard Heger, Juraj \u0160eliga a Dominik Sumbal \u2013 ostro kritizovali vl\u00e1du Roberta Fica za chaos v konsolida\u010dn\u00fdch opatreniach a narastaj\u00faci verejn\u00fd dlh.\" \/>\n<meta name=\"robots\" content=\"index, follow, max-snippet:-1, max-image-preview:large, max-video-preview:-1\" \/>\n<link rel=\"canonical\" href=\"https:\/\/www.smedemokrati.sk\/sv\/vladny-chaos-v-konsolidacnych-opatreniach-a-narastajuci-verejny-dlh\/\" \/>\n<meta property=\"og:locale\" content=\"sv_SE\" \/>\n<meta property=\"og:locale:alternate\" content=\"en_US\" \/>\n<meta property=\"og:locale:alternate\" content=\"cs_CZ\" \/>\n<meta property=\"og:locale:alternate\" content=\"hu_HU\" \/>\n<meta property=\"og:locale:alternate\" content=\"sk_SK\" \/>\n<meta property=\"og:type\" content=\"article\" \/>\n<meta property=\"og:title\" content=\"Vl\u00e1dny chaos v konsolida\u010dn\u00fdch opatreniach a narastaj\u00faci verejn\u00fd dlh\" \/>\n<meta property=\"og:description\" content=\"Na dne\u0161nom br\u00edfingu predstavitelia strany Demokrati \u2013 Eduard Heger, Juraj \u0160eliga a Dominik Sumbal \u2013 ostro kritizovali vl\u00e1du Roberta Fica za chaos v konsolida\u010dn\u00fdch opatreniach a narastaj\u00faci verejn\u00fd dlh.\" \/>\n<meta property=\"og:url\" content=\"https:\/\/www.smedemokrati.sk\/sv\/vladny-chaos-v-konsolidacnych-opatreniach-a-narastajuci-verejny-dlh\/\" \/>\n<meta property=\"og:site_name\" content=\"Smedemokrati.sk\" \/>\n<meta property=\"article:publisher\" content=\"https:\/\/www.facebook.com\/smedemokrati2023\" \/>\n<meta property=\"article:published_time\" content=\"2025-09-14T16:02:42+00:00\" \/>\n<meta property=\"article:modified_time\" content=\"2025-09-14T16:04:05+00:00\" \/>\n<meta property=\"og:image\" content=\"https:\/\/www.smedemokrati.sk\/wp-content\/uploads\/2025\/09\/546355487_2255651644908602_6097000256214133927_n-e1757865752742.jpg\" \/>\n\t<meta property=\"og:image:width\" content=\"552\" \/>\n\t<meta property=\"og:image:height\" content=\"410\" \/>\n\t<meta property=\"og:image:type\" content=\"image\/jpeg\" \/>\n<meta name=\"author\" content=\"miro.sopko\" \/>\n<meta name=\"twitter:card\" content=\"summary_large_image\" \/>\n<meta name=\"twitter:label1\" content=\"Skriven av\" \/>\n\t<meta name=\"twitter:data1\" content=\"miro.sopko\" \/>\n\t<meta name=\"twitter:label2\" content=\"Ber\u00e4knad l\u00e4stid\" \/>\n\t<meta name=\"twitter:data2\" content=\"2 minuter\" \/>\n<script type=\"application\/ld+json\" class=\"yoast-schema-graph\">{\"@context\":\"https:\/\/schema.org\",\"@graph\":[{\"@type\":\"Article\",\"@id\":\"https:\/\/www.smedemokrati.sk\/vladny-chaos-v-konsolidacnych-opatreniach-a-narastajuci-verejny-dlh\/#article\",\"isPartOf\":{\"@id\":\"https:\/\/www.smedemokrati.sk\/vladny-chaos-v-konsolidacnych-opatreniach-a-narastajuci-verejny-dlh\/\"},\"author\":{\"name\":\"miro.sopko\",\"@id\":\"https:\/\/www.smedemokrati.sk\/#\/schema\/person\/21f147c88d605aa7ded900e1e7c344ba\"},\"headline\":\"Vl\u00e1dny chaos v konsolida\u010dn\u00fdch opatreniach a narastaj\u00faci verejn\u00fd dlh\",\"datePublished\":\"2025-09-14T16:02:42+00:00\",\"dateModified\":\"2025-09-14T16:04:05+00:00\",\"mainEntityOfPage\":{\"@id\":\"https:\/\/www.smedemokrati.sk\/vladny-chaos-v-konsolidacnych-opatreniach-a-narastajuci-verejny-dlh\/\"},\"wordCount\":422,\"publisher\":{\"@id\":\"https:\/\/www.smedemokrati.sk\/#organization\"},\"image\":{\"@id\":\"https:\/\/www.smedemokrati.sk\/vladny-chaos-v-konsolidacnych-opatreniach-a-narastajuci-verejny-dlh\/#primaryimage\"},\"thumbnailUrl\":\"https:\/\/www.smedemokrati.sk\/wp-content\/uploads\/2025\/09\/546355487_2255651644908602_6097000256214133927_n-e1757865752742.jpg\",\"articleSection\":[\"Tla\u010dov\u00e9 spr\u00e1vy\"],\"inLanguage\":\"sv-SE\"},{\"@type\":\"WebPage\",\"@id\":\"https:\/\/www.smedemokrati.sk\/vladny-chaos-v-konsolidacnych-opatreniach-a-narastajuci-verejny-dlh\/\",\"url\":\"https:\/\/www.smedemokrati.sk\/vladny-chaos-v-konsolidacnych-opatreniach-a-narastajuci-verejny-dlh\/\",\"name\":\"Vl\u00e1dny chaos v konsolida\u010dn\u00fdch opatreniach a narastaj\u00faci verejn\u00fd dlh\",\"isPartOf\":{\"@id\":\"https:\/\/www.smedemokrati.sk\/#website\"},\"primaryImageOfPage\":{\"@id\":\"https:\/\/www.smedemokrati.sk\/vladny-chaos-v-konsolidacnych-opatreniach-a-narastajuci-verejny-dlh\/#primaryimage\"},\"image\":{\"@id\":\"https:\/\/www.smedemokrati.sk\/vladny-chaos-v-konsolidacnych-opatreniach-a-narastajuci-verejny-dlh\/#primaryimage\"},\"thumbnailUrl\":\"https:\/\/www.smedemokrati.sk\/wp-content\/uploads\/2025\/09\/546355487_2255651644908602_6097000256214133927_n-e1757865752742.jpg\",\"datePublished\":\"2025-09-14T16:02:42+00:00\",\"dateModified\":\"2025-09-14T16:04:05+00:00\",\"description\":\"Na dne\u0161nom br\u00edfingu predstavitelia strany Demokrati \u2013 Eduard Heger, Juraj \u0160eliga a Dominik Sumbal \u2013 ostro kritizovali vl\u00e1du Roberta Fica za chaos v konsolida\u010dn\u00fdch opatreniach a narastaj\u00faci verejn\u00fd dlh.\",\"breadcrumb\":{\"@id\":\"https:\/\/www.smedemokrati.sk\/vladny-chaos-v-konsolidacnych-opatreniach-a-narastajuci-verejny-dlh\/#breadcrumb\"},\"inLanguage\":\"sv-SE\",\"potentialAction\":[{\"@type\":\"ReadAction\",\"target\":[\"https:\/\/www.smedemokrati.sk\/vladny-chaos-v-konsolidacnych-opatreniach-a-narastajuci-verejny-dlh\/\"]}]},{\"@type\":\"ImageObject\",\"inLanguage\":\"sv-SE\",\"@id\":\"https:\/\/www.smedemokrati.sk\/vladny-chaos-v-konsolidacnych-opatreniach-a-narastajuci-verejny-dlh\/#primaryimage\",\"url\":\"https:\/\/www.smedemokrati.sk\/wp-content\/uploads\/2025\/09\/546355487_2255651644908602_6097000256214133927_n-e1757865752742.jpg\",\"contentUrl\":\"https:\/\/www.smedemokrati.sk\/wp-content\/uploads\/2025\/09\/546355487_2255651644908602_6097000256214133927_n-e1757865752742.jpg\",\"width\":552,\"height\":410},{\"@type\":\"BreadcrumbList\",\"@id\":\"https:\/\/www.smedemokrati.sk\/vladny-chaos-v-konsolidacnych-opatreniach-a-narastajuci-verejny-dlh\/#breadcrumb\",\"itemListElement\":[{\"@type\":\"ListItem\",\"position\":1,\"name\":\"Domovsk\u00e1 str\u00e1nka\",\"item\":\"https:\/\/www.smedemokrati.sk\/\"},{\"@type\":\"ListItem\",\"position\":2,\"name\":\"Vl\u00e1dny chaos v konsolida\u010dn\u00fdch opatreniach a narastaj\u00faci verejn\u00fd dlh\"}]},{\"@type\":\"WebSite\",\"@id\":\"https:\/\/www.smedemokrati.sk\/#website\",\"url\":\"https:\/\/www.smedemokrati.sk\/\",\"name\":\"Smedemokrati.sk\",\"description\":\"Demokracia a slu\u0161nos\u0165 zv\u00ed\u0165az\u00ed\",\"publisher\":{\"@id\":\"https:\/\/www.smedemokrati.sk\/#organization\"},\"potentialAction\":[{\"@type\":\"SearchAction\",\"target\":{\"@type\":\"EntryPoint\",\"urlTemplate\":\"https:\/\/www.smedemokrati.sk\/?s={search_term_string}\"},\"query-input\":{\"@type\":\"PropertyValueSpecification\",\"valueRequired\":true,\"valueName\":\"search_term_string\"}}],\"inLanguage\":\"sv-SE\"},{\"@type\":\"Organization\",\"@id\":\"https:\/\/www.smedemokrati.sk\/#organization\",\"name\":\"Smedemokrati.sk\",\"url\":\"https:\/\/www.smedemokrati.sk\/\",\"logo\":{\"@type\":\"ImageObject\",\"inLanguage\":\"sv-SE\",\"@id\":\"https:\/\/www.smedemokrati.sk\/#\/schema\/logo\/image\/\",\"url\":\"https:\/\/www.smedemokrati.sk\/wp-content\/uploads\/2023\/04\/ff.002.jpeg\",\"contentUrl\":\"https:\/\/www.smedemokrati.sk\/wp-content\/uploads\/2023\/04\/ff.002.jpeg\",\"width\":640,\"height\":480,\"caption\":\"Smedemokrati.sk\"},\"image\":{\"@id\":\"https:\/\/www.smedemokrati.sk\/#\/schema\/logo\/image\/\"},\"sameAs\":[\"https:\/\/www.facebook.com\/smedemokrati2023\"]},{\"@type\":\"Person\",\"@id\":\"https:\/\/www.smedemokrati.sk\/#\/schema\/person\/21f147c88d605aa7ded900e1e7c344ba\",\"name\":\"miro.sopko\",\"image\":{\"@type\":\"ImageObject\",\"inLanguage\":\"sv-SE\",\"@id\":\"https:\/\/secure.gravatar.com\/avatar\/267e4a36f704376c109afe3a78740c1f5dd8675a2180a908699e7863c9247606?s=96&d=mm&r=g\",\"url\":\"https:\/\/secure.gravatar.com\/avatar\/267e4a36f704376c109afe3a78740c1f5dd8675a2180a908699e7863c9247606?s=96&d=mm&r=g\",\"contentUrl\":\"https:\/\/secure.gravatar.com\/avatar\/267e4a36f704376c109afe3a78740c1f5dd8675a2180a908699e7863c9247606?s=96&d=mm&r=g\",\"caption\":\"miro.sopko\"},\"url\":\"https:\/\/www.smedemokrati.sk\/sv\/author\/miro-sopko\/\"}]}<\/script>\n<!-- \/ Yoast SEO plugin. -->","yoast_head_json":{"title":"Vl\u00e1dny chaos v konsolida\u010dn\u00fdch opatreniach a narastaj\u00faci verejn\u00fd dlh","description":"Na dne\u0161nom br\u00edfingu predstavitelia strany Demokrati \u2013 Eduard Heger, Juraj \u0160eliga a Dominik Sumbal \u2013 ostro kritizovali vl\u00e1du Roberta Fica za chaos v konsolida\u010dn\u00fdch opatreniach a narastaj\u00faci verejn\u00fd dlh.","robots":{"index":"index","follow":"follow","max-snippet":"max-snippet:-1","max-image-preview":"max-image-preview:large","max-video-preview":"max-video-preview:-1"},"canonical":"https:\/\/www.smedemokrati.sk\/sv\/vladny-chaos-v-konsolidacnych-opatreniach-a-narastajuci-verejny-dlh\/","og_locale":"sv_SE","og_type":"article","og_title":"[:sk]Vl\u00e1dny chaos v konsolida\u010dn\u00fdch opatreniach a narastaj\u00faci verejn\u00fd dlh[:] - Smedemokrati.sk","og_description":"[:sk]Na dne\u0161nom br\u00edfingu predstavitelia strany Demokrati \u2013 Eduard Heger, Juraj \u0160eliga a Dominik Sumbal \u2013 ostro kritizovali vl\u00e1du Roberta Fica za chaos v konsolida\u010dn\u00fdch opatreniach a narastaj\u00faci verejn\u00fd dlh.[:]","og_url":"https:\/\/www.smedemokrati.sk\/sv\/vladny-chaos-v-konsolidacnych-opatreniach-a-narastajuci-verejny-dlh\/","og_site_name":"Smedemokrati.sk","article_publisher":"https:\/\/www.facebook.com\/smedemokrati2023","article_published_time":"2025-09-14T16:02:42+00:00","article_modified_time":"2025-09-14T16:04:05+00:00","og_image":[{"width":552,"height":410,"url":"https:\/\/www.smedemokrati.sk\/wp-content\/uploads\/2025\/09\/546355487_2255651644908602_6097000256214133927_n-e1757865752742.jpg","type":"image\/jpeg"}],"author":"miro.sopko","twitter_card":"summary_large_image","twitter_misc":{"Skriven av":"miro.sopko","Ber\u00e4knad l\u00e4stid":"2 minuter"},"schema":{"@context":"https:\/\/schema.org","@graph":[{"@type":"Article","@id":"https:\/\/www.smedemokrati.sk\/vladny-chaos-v-konsolidacnych-opatreniach-a-narastajuci-verejny-dlh\/#article","isPartOf":{"@id":"https:\/\/www.smedemokrati.sk\/vladny-chaos-v-konsolidacnych-opatreniach-a-narastajuci-verejny-dlh\/"},"author":{"name":"miro.sopko","@id":"https:\/\/www.smedemokrati.sk\/#\/schema\/person\/21f147c88d605aa7ded900e1e7c344ba"},"headline":"Vl\u00e1dny chaos v konsolida\u010dn\u00fdch opatreniach a narastaj\u00faci verejn\u00fd dlh","datePublished":"2025-09-14T16:02:42+00:00","dateModified":"2025-09-14T16:04:05+00:00","mainEntityOfPage":{"@id":"https:\/\/www.smedemokrati.sk\/vladny-chaos-v-konsolidacnych-opatreniach-a-narastajuci-verejny-dlh\/"},"wordCount":422,"publisher":{"@id":"https:\/\/www.smedemokrati.sk\/#organization"},"image":{"@id":"https:\/\/www.smedemokrati.sk\/vladny-chaos-v-konsolidacnych-opatreniach-a-narastajuci-verejny-dlh\/#primaryimage"},"thumbnailUrl":"https:\/\/www.smedemokrati.sk\/wp-content\/uploads\/2025\/09\/546355487_2255651644908602_6097000256214133927_n-e1757865752742.jpg","articleSection":["Tla\u010dov\u00e9 spr\u00e1vy"],"inLanguage":"sv-SE"},{"@type":"WebPage","@id":"https:\/\/www.smedemokrati.sk\/vladny-chaos-v-konsolidacnych-opatreniach-a-narastajuci-verejny-dlh\/","url":"https:\/\/www.smedemokrati.sk\/vladny-chaos-v-konsolidacnych-opatreniach-a-narastajuci-verejny-dlh\/","name":"Vl\u00e1dny chaos v konsolida\u010dn\u00fdch opatreniach a narastaj\u00faci verejn\u00fd dlh","isPartOf":{"@id":"https:\/\/www.smedemokrati.sk\/#website"},"primaryImageOfPage":{"@id":"https:\/\/www.smedemokrati.sk\/vladny-chaos-v-konsolidacnych-opatreniach-a-narastajuci-verejny-dlh\/#primaryimage"},"image":{"@id":"https:\/\/www.smedemokrati.sk\/vladny-chaos-v-konsolidacnych-opatreniach-a-narastajuci-verejny-dlh\/#primaryimage"},"thumbnailUrl":"https:\/\/www.smedemokrati.sk\/wp-content\/uploads\/2025\/09\/546355487_2255651644908602_6097000256214133927_n-e1757865752742.jpg","datePublished":"2025-09-14T16:02:42+00:00","dateModified":"2025-09-14T16:04:05+00:00","description":"Na dne\u0161nom br\u00edfingu predstavitelia strany Demokrati \u2013 Eduard Heger, Juraj \u0160eliga a Dominik Sumbal \u2013 ostro kritizovali vl\u00e1du Roberta Fica za chaos v konsolida\u010dn\u00fdch opatreniach a narastaj\u00faci verejn\u00fd dlh.","breadcrumb":{"@id":"https:\/\/www.smedemokrati.sk\/vladny-chaos-v-konsolidacnych-opatreniach-a-narastajuci-verejny-dlh\/#breadcrumb"},"inLanguage":"sv-SE","potentialAction":[{"@type":"ReadAction","target":["https:\/\/www.smedemokrati.sk\/vladny-chaos-v-konsolidacnych-opatreniach-a-narastajuci-verejny-dlh\/"]}]},{"@type":"ImageObject","inLanguage":"sv-SE","@id":"https:\/\/www.smedemokrati.sk\/vladny-chaos-v-konsolidacnych-opatreniach-a-narastajuci-verejny-dlh\/#primaryimage","url":"https:\/\/www.smedemokrati.sk\/wp-content\/uploads\/2025\/09\/546355487_2255651644908602_6097000256214133927_n-e1757865752742.jpg","contentUrl":"https:\/\/www.smedemokrati.sk\/wp-content\/uploads\/2025\/09\/546355487_2255651644908602_6097000256214133927_n-e1757865752742.jpg","width":552,"height":410},{"@type":"BreadcrumbList","@id":"https:\/\/www.smedemokrati.sk\/vladny-chaos-v-konsolidacnych-opatreniach-a-narastajuci-verejny-dlh\/#breadcrumb","itemListElement":[{"@type":"ListItem","position":1,"name":"Domovsk\u00e1 str\u00e1nka","item":"https:\/\/www.smedemokrati.sk\/"},{"@type":"ListItem","position":2,"name":"Vl\u00e1dny chaos v konsolida\u010dn\u00fdch opatreniach a narastaj\u00faci verejn\u00fd dlh"}]},{"@type":"WebSite","@id":"https:\/\/www.smedemokrati.sk\/#website","url":"https:\/\/www.smedemokrati.sk\/","name":"Smedemokrati.sk","description":"Demokracia a slu\u0161nos\u0165 zv\u00ed\u0165az\u00ed","publisher":{"@id":"https:\/\/www.smedemokrati.sk\/#organization"},"potentialAction":[{"@type":"SearchAction","target":{"@type":"EntryPoint","urlTemplate":"https:\/\/www.smedemokrati.sk\/?s={search_term_string}"},"query-input":{"@type":"PropertyValueSpecification","valueRequired":true,"valueName":"search_term_string"}}],"inLanguage":"sv-SE"},{"@type":"Organization","@id":"https:\/\/www.smedemokrati.sk\/#organization","name":"Smedemokrati.sk","url":"https:\/\/www.smedemokrati.sk\/","logo":{"@type":"ImageObject","inLanguage":"sv-SE","@id":"https:\/\/www.smedemokrati.sk\/#\/schema\/logo\/image\/","url":"https:\/\/www.smedemokrati.sk\/wp-content\/uploads\/2023\/04\/ff.002.jpeg","contentUrl":"https:\/\/www.smedemokrati.sk\/wp-content\/uploads\/2023\/04\/ff.002.jpeg","width":640,"height":480,"caption":"Smedemokrati.sk"},"image":{"@id":"https:\/\/www.smedemokrati.sk\/#\/schema\/logo\/image\/"},"sameAs":["https:\/\/www.facebook.com\/smedemokrati2023"]},{"@type":"Person","@id":"https:\/\/www.smedemokrati.sk\/#\/schema\/person\/21f147c88d605aa7ded900e1e7c344ba","name":"miro.sopko","image":{"@type":"ImageObject","inLanguage":"sv-SE","@id":"https:\/\/secure.gravatar.com\/avatar\/267e4a36f704376c109afe3a78740c1f5dd8675a2180a908699e7863c9247606?s=96&d=mm&r=g","url":"https:\/\/secure.gravatar.com\/avatar\/267e4a36f704376c109afe3a78740c1f5dd8675a2180a908699e7863c9247606?s=96&d=mm&r=g","contentUrl":"https:\/\/secure.gravatar.com\/avatar\/267e4a36f704376c109afe3a78740c1f5dd8675a2180a908699e7863c9247606?s=96&d=mm&r=g","caption":"miro.sopko"},"url":"https:\/\/www.smedemokrati.sk\/sv\/author\/miro-sopko\/"}]}},"_links":{"self":[{"href":"https:\/\/www.smedemokrati.sk\/sv\/wp-json\/wp\/v2\/posts\/8160","targetHints":{"allow":["GET"]}}],"collection":[{"href":"https:\/\/www.smedemokrati.sk\/sv\/wp-json\/wp\/v2\/posts"}],"about":[{"href":"https:\/\/www.smedemokrati.sk\/sv\/wp-json\/wp\/v2\/types\/post"}],"author":[{"embeddable":true,"href":"https:\/\/www.smedemokrati.sk\/sv\/wp-json\/wp\/v2\/users\/13"}],"replies":[{"embeddable":true,"href":"https:\/\/www.smedemokrati.sk\/sv\/wp-json\/wp\/v2\/comments?post=8160"}],"version-history":[{"count":3,"href":"https:\/\/www.smedemokrati.sk\/sv\/wp-json\/wp\/v2\/posts\/8160\/revisions"}],"predecessor-version":[{"id":8164,"href":"https:\/\/www.smedemokrati.sk\/sv\/wp-json\/wp\/v2\/posts\/8160\/revisions\/8164"}],"wp:featuredmedia":[{"embeddable":true,"href":"https:\/\/www.smedemokrati.sk\/sv\/wp-json\/wp\/v2\/media\/8161"}],"wp:attachment":[{"href":"https:\/\/www.smedemokrati.sk\/sv\/wp-json\/wp\/v2\/media?parent=8160"}],"wp:term":[{"taxonomy":"category","embeddable":true,"href":"https:\/\/www.smedemokrati.sk\/sv\/wp-json\/wp\/v2\/categories?post=8160"},{"taxonomy":"post_tag","embeddable":true,"href":"https:\/\/www.smedemokrati.sk\/sv\/wp-json\/wp\/v2\/tags?post=8160"}],"curies":[{"name":"wp","href":"https:\/\/api.w.org\/{rel}","templated":true}]}}