{"id":8144,"date":"2025-09-12T15:18:44","date_gmt":"2025-09-12T14:18:44","guid":{"rendered":"https:\/\/www.smedemokrati.sk\/?p=8144"},"modified":"2025-09-12T15:21:18","modified_gmt":"2025-09-12T14:21:18","slug":"uz-teraz-je-jasne-ze-pri-konsolidacii-kamenicky-nevyberie-o-284-mil-eur-ako-planuje","status":"publish","type":"post","link":"https:\/\/www.smedemokrati.sk\/sv\/uz-teraz-je-jasne-ze-pri-konsolidacii-kamenicky-nevyberie-o-284-mil-eur-ako-planuje\/","title":{"rendered":"U\u017e teraz je jasn\u00e9, \u017ee pri konsolid\u00e1cii Kamenick\u00fd nevyberie o 284 mil. eur, ako pl\u00e1nuje"},"content":{"rendered":"<div id=\"fb-root\"><\/div>\n\n<p><strong>Pod\u013ea Demokratov je Kamenick\u00e9ho konsolida\u010dn\u00fd pl\u00e1n nere\u00e1lny. Odhaduj\u00fa, \u017ee pri viacer\u00fdch konkr\u00e9tnych opatreniach bude v\u00fdber na nule alebo dokonca v z\u00e1porn\u00fdch \u010d\u00edslach. Sumarizuj\u00fa, \u017ee vl\u00e1da vyberie minim\u00e1lne o 284 mili\u00f3nov eur menej, ako o\u010dak\u00e1va. Expremi\u00e9r Eduard Heger na \u010d\u00edslach z Kamenick\u00e9ho ministerstva ukazuje, \u017ee vl\u00e1da za\u0165a\u017euje \u013eud\u00ed, vyber\u00e1 od nich peniaze, no dlh \u0161t\u00e1tu aj napriek tomu nekles\u00e1.<\/strong><\/p>\n\n\n\n<p>Expremi\u00e9r Eduard Heger kritizuje, \u017ee vl\u00e1da vyber\u00e1 od \u013eud\u00ed peniaze, pri\u010dom pod\u013ea ofici\u00e1lnych \u010d\u00edsel z Kamenick\u00e9ho rezortu \u0161t\u00e1t nespl\u00e1ca svoj dlh a nekles\u00e1 ani deficit:&nbsp;<em>\u201eToto je babr\u00e1ctvo najhrub\u0161ieho zrna. Slovensko dnes nie je za\u0165a\u017een\u00e9 \u017eiadnymi kr\u00edzami, vyber\u00e1 od \u013eud\u00ed miliardy a Kamenick\u00e9ho \u010d\u00edsla ukazuj\u00fa, \u017ee ako krajina sme na tom hor\u0161ie ako v \u010dase vypuknutia vojny alebo covidovej pand\u00e9mie. K\u00fdm dlh Slovenska bol v roku 2023 na \u00farovni 55,6 % HDP, dnes sme u\u017e na \u00farovni 65,4 % HDP. A vl\u00e1da vyber\u00e1 a vyber\u00e1 od \u013eud\u00ed peniaze ako zmyslov zbaven\u00e1, dus\u00ed ekonomiku a jednoducho nevie hospod\u00e1ri\u0165.\u201c<\/em><\/p>\n\n\n\n<p>Pod\u013ea \u010dlena expertnej skupiny pre ekonomiku Dominika Sumbala s\u00fa niektor\u00e9 opatrenia konsolid\u00e1cie doslova nere\u00e1lne:&nbsp;<em>\u201eO\u010dak\u00e1vame, \u017ee pre viacer\u00e9 nere\u00e1lne opatrenia bude pl\u00e1novan\u00fd v\u00fdber financi\u00ed ni\u017e\u0161\u00ed o 284 mili\u00f3nov eur. Hovor\u00edm o opatreniach ako da\u0148ov\u00e1 amnestia, QR platby, odvodov\u00e9 pr\u00e1zdniny a \u010fal\u0161ie, kde Kamenick\u00e9ho kalkula\u010dka chybne ukazuje, \u017ee vyberie mili\u00f3ny. Predpoklad\u00e1me, \u017ee nielen\u017ee tu bude v\u00fdber nula eur, ale vo viacer\u00fdch pr\u00edpadoch ako da\u0148ov\u00e1 amnestia, vyn\u00faten\u00e9 \u017eivnosti \u010di polovi\u010dn\u00fd odpis vozidiel, sa dokonca dostaneme do z\u00e1porn\u00fdch \u010d\u00edsel.\u201c<\/em><\/p>\n\n\n\n<p>Demokrati vy\u010d\u00edtaj\u00fa vl\u00e1de, \u017ee doteraz nepredstavila konkr\u00e9tne opatrenia, ktor\u00fdmi chce \u0161t\u00e1t \u0161etri\u0165 na sebe. Vyz\u00fdvaj\u00fa ministra Kamenick\u00e9ho, aby prehodnotil sporn\u00e9 opatrenia, ktor\u00e9 v realite nebud\u00fa ma\u0165 \u017eiaden pozit\u00edvny efekt.<\/p>\n\n\n<div id=\"fb-root\"><\/div><script async defer crossorigin=\"anonymous\" src=\"https:\/\/connect.facebook.net\/sk_SK\/sdk.js#xfbml=1&version=v18.0\"><\/script><div class=\"fb-video\" data-href=\"https:\/\/fb.watch\/C3DHI1LyoW\/\" data-width=\"560\" data-show-text=\"false\"><blockquote cite=\"https:\/\/fb.watch\/C3DHI1LyoW\/\" class=\"fb-xfbml-parse-ignore\"><a href=\"https:\/\/fb.watch\/C3DHI1LyoW\/\">Video<\/a><\/blockquote><\/div>\n","protected":false},"excerpt":{"rendered":"<p>Pod\u013ea Demokratov je Kamenick\u00e9ho konsolida\u010dn\u00fd pl\u00e1n nere\u00e1lny. Odhaduj\u00fa, \u017ee pri viacer\u00fdch konkr\u00e9tnych opatreniach bude v\u00fdber na nule alebo dokonca v z\u00e1porn\u00fdch \u010d\u00edslach. Sumarizuj\u00fa, \u017ee vl\u00e1da vyberie minim\u00e1lne o 284 mili\u00f3nov eur menej, ako o\u010dak\u00e1va. Expremi\u00e9r Eduard Heger na \u010d\u00edslach z Kamenick\u00e9ho ministerstva ukazuje, \u017ee vl\u00e1da za\u0165a\u017euje \u013eud\u00ed, vyber\u00e1 od nich peniaze, no dlh \u0161t\u00e1tu aj [&hellip;]<\/p>\n","protected":false},"author":13,"featured_media":8145,"comment_status":"closed","ping_status":"closed","sticky":false,"template":"","format":"standard","meta":{"_acf_changed":false,"ngg_post_thumbnail":0,"footnotes":""},"categories":[4],"tags":[],"class_list":["post-8144","post","type-post","status-publish","format-standard","has-post-thumbnail","hentry","category-tlacove-spravy"],"acf":[],"yoast_head":"<!-- This site is optimized with the Yoast SEO plugin v27.2 - https:\/\/yoast.com\/product\/yoast-seo-wordpress\/ -->\n<title>U\u017e teraz je jasn\u00e9, \u017ee pri konsolid\u00e1cii Kamenick\u00fd nevyberie o 284 mil. eur, ako pl\u00e1nuje<\/title>\n<meta name=\"robots\" content=\"index, follow, max-snippet:-1, max-image-preview:large, max-video-preview:-1\" \/>\n<link rel=\"canonical\" href=\"https:\/\/www.smedemokrati.sk\/sv\/uz-teraz-je-jasne-ze-pri-konsolidacii-kamenicky-nevyberie-o-284-mil-eur-ako-planuje\/\" \/>\n<meta property=\"og:locale\" content=\"sv_SE\" \/>\n<meta property=\"og:locale:alternate\" content=\"en_US\" \/>\n<meta property=\"og:locale:alternate\" content=\"cs_CZ\" \/>\n<meta property=\"og:locale:alternate\" content=\"hu_HU\" \/>\n<meta property=\"og:locale:alternate\" content=\"sk_SK\" \/>\n<meta property=\"og:type\" content=\"article\" \/>\n<meta property=\"og:title\" content=\"U\u017e teraz je jasn\u00e9, \u017ee pri konsolid\u00e1cii Kamenick\u00fd nevyberie o 284 mil. eur, ako pl\u00e1nuje\" \/>\n<meta property=\"og:description\" content=\"Pod\u013ea Demokratov je Kamenick\u00e9ho konsolida\u010dn\u00fd pl\u00e1n nere\u00e1lny. Odhaduj\u00fa, \u017ee pri viacer\u00fdch konkr\u00e9tnych opatreniach bude v\u00fdber na nule alebo dokonca v z\u00e1porn\u00fdch \u010d\u00edslach. Sumarizuj\u00fa, \u017ee vl\u00e1da vyberie minim\u00e1lne o 284 mili\u00f3nov eur menej, ako o\u010dak\u00e1va. Expremi\u00e9r Eduard Heger na \u010d\u00edslach z Kamenick\u00e9ho ministerstva ukazuje, \u017ee vl\u00e1da za\u0165a\u017euje \u013eud\u00ed, vyber\u00e1 od nich peniaze, no dlh \u0161t\u00e1tu aj [&hellip;]\" \/>\n<meta property=\"og:url\" content=\"https:\/\/www.smedemokrati.sk\/sv\/uz-teraz-je-jasne-ze-pri-konsolidacii-kamenicky-nevyberie-o-284-mil-eur-ako-planuje\/\" \/>\n<meta property=\"og:site_name\" content=\"Smedemokrati.sk\" \/>\n<meta property=\"article:publisher\" content=\"https:\/\/www.facebook.com\/smedemokrati2023\" \/>\n<meta property=\"article:published_time\" content=\"2025-09-12T14:18:44+00:00\" \/>\n<meta property=\"article:modified_time\" content=\"2025-09-12T14:21:18+00:00\" \/>\n<meta property=\"og:image\" content=\"https:\/\/www.smedemokrati.sk\/wp-content\/uploads\/2025\/09\/zivnostnici-v-ohrozeni.jpg\" \/>\n\t<meta property=\"og:image:width\" content=\"1920\" \/>\n\t<meta property=\"og:image:height\" content=\"1080\" \/>\n\t<meta property=\"og:image:type\" content=\"image\/jpeg\" \/>\n<meta name=\"author\" content=\"miro.sopko\" \/>\n<meta name=\"twitter:card\" content=\"summary_large_image\" \/>\n<meta name=\"twitter:label1\" content=\"Skriven av\" \/>\n\t<meta name=\"twitter:data1\" content=\"miro.sopko\" \/>\n\t<meta name=\"twitter:label2\" content=\"Ber\u00e4knad l\u00e4stid\" \/>\n\t<meta name=\"twitter:data2\" content=\"2 minuter\" \/>\n<script type=\"application\/ld+json\" class=\"yoast-schema-graph\">{\"@context\":\"https:\/\/schema.org\",\"@graph\":[{\"@type\":\"Article\",\"@id\":\"https:\/\/www.smedemokrati.sk\/uz-teraz-je-jasne-ze-pri-konsolidacii-kamenicky-nevyberie-o-284-mil-eur-ako-planuje\/#article\",\"isPartOf\":{\"@id\":\"https:\/\/www.smedemokrati.sk\/uz-teraz-je-jasne-ze-pri-konsolidacii-kamenicky-nevyberie-o-284-mil-eur-ako-planuje\/\"},\"author\":{\"name\":\"miro.sopko\",\"@id\":\"https:\/\/www.smedemokrati.sk\/#\/schema\/person\/21f147c88d605aa7ded900e1e7c344ba\"},\"headline\":\"U\u017e teraz je jasn\u00e9, \u017ee pri konsolid\u00e1cii Kamenick\u00fd nevyberie o 284 mil. eur, ako pl\u00e1nuje\",\"datePublished\":\"2025-09-12T14:18:44+00:00\",\"dateModified\":\"2025-09-12T14:21:18+00:00\",\"mainEntityOfPage\":{\"@id\":\"https:\/\/www.smedemokrati.sk\/uz-teraz-je-jasne-ze-pri-konsolidacii-kamenicky-nevyberie-o-284-mil-eur-ako-planuje\/\"},\"wordCount\":355,\"publisher\":{\"@id\":\"https:\/\/www.smedemokrati.sk\/#organization\"},\"image\":{\"@id\":\"https:\/\/www.smedemokrati.sk\/uz-teraz-je-jasne-ze-pri-konsolidacii-kamenicky-nevyberie-o-284-mil-eur-ako-planuje\/#primaryimage\"},\"thumbnailUrl\":\"https:\/\/www.smedemokrati.sk\/wp-content\/uploads\/2025\/09\/zivnostnici-v-ohrozeni.jpg\",\"articleSection\":[\"Tla\u010dov\u00e9 spr\u00e1vy\"],\"inLanguage\":\"sv-SE\"},{\"@type\":\"WebPage\",\"@id\":\"https:\/\/www.smedemokrati.sk\/uz-teraz-je-jasne-ze-pri-konsolidacii-kamenicky-nevyberie-o-284-mil-eur-ako-planuje\/\",\"url\":\"https:\/\/www.smedemokrati.sk\/uz-teraz-je-jasne-ze-pri-konsolidacii-kamenicky-nevyberie-o-284-mil-eur-ako-planuje\/\",\"name\":\"U\u017e teraz je jasn\u00e9, \u017ee pri konsolid\u00e1cii Kamenick\u00fd nevyberie o 284 mil. eur, ako pl\u00e1nuje\",\"isPartOf\":{\"@id\":\"https:\/\/www.smedemokrati.sk\/#website\"},\"primaryImageOfPage\":{\"@id\":\"https:\/\/www.smedemokrati.sk\/uz-teraz-je-jasne-ze-pri-konsolidacii-kamenicky-nevyberie-o-284-mil-eur-ako-planuje\/#primaryimage\"},\"image\":{\"@id\":\"https:\/\/www.smedemokrati.sk\/uz-teraz-je-jasne-ze-pri-konsolidacii-kamenicky-nevyberie-o-284-mil-eur-ako-planuje\/#primaryimage\"},\"thumbnailUrl\":\"https:\/\/www.smedemokrati.sk\/wp-content\/uploads\/2025\/09\/zivnostnici-v-ohrozeni.jpg\",\"datePublished\":\"2025-09-12T14:18:44+00:00\",\"dateModified\":\"2025-09-12T14:21:18+00:00\",\"breadcrumb\":{\"@id\":\"https:\/\/www.smedemokrati.sk\/uz-teraz-je-jasne-ze-pri-konsolidacii-kamenicky-nevyberie-o-284-mil-eur-ako-planuje\/#breadcrumb\"},\"inLanguage\":\"sv-SE\",\"potentialAction\":[{\"@type\":\"ReadAction\",\"target\":[\"https:\/\/www.smedemokrati.sk\/uz-teraz-je-jasne-ze-pri-konsolidacii-kamenicky-nevyberie-o-284-mil-eur-ako-planuje\/\"]}]},{\"@type\":\"ImageObject\",\"inLanguage\":\"sv-SE\",\"@id\":\"https:\/\/www.smedemokrati.sk\/uz-teraz-je-jasne-ze-pri-konsolidacii-kamenicky-nevyberie-o-284-mil-eur-ako-planuje\/#primaryimage\",\"url\":\"https:\/\/www.smedemokrati.sk\/wp-content\/uploads\/2025\/09\/zivnostnici-v-ohrozeni.jpg\",\"contentUrl\":\"https:\/\/www.smedemokrati.sk\/wp-content\/uploads\/2025\/09\/zivnostnici-v-ohrozeni.jpg\",\"width\":1920,\"height\":1080},{\"@type\":\"BreadcrumbList\",\"@id\":\"https:\/\/www.smedemokrati.sk\/uz-teraz-je-jasne-ze-pri-konsolidacii-kamenicky-nevyberie-o-284-mil-eur-ako-planuje\/#breadcrumb\",\"itemListElement\":[{\"@type\":\"ListItem\",\"position\":1,\"name\":\"Domovsk\u00e1 str\u00e1nka\",\"item\":\"https:\/\/www.smedemokrati.sk\/\"},{\"@type\":\"ListItem\",\"position\":2,\"name\":\"U\u017e teraz je jasn\u00e9, \u017ee pri konsolid\u00e1cii Kamenick\u00fd nevyberie o 284 mil. eur, ako pl\u00e1nuje\"}]},{\"@type\":\"WebSite\",\"@id\":\"https:\/\/www.smedemokrati.sk\/#website\",\"url\":\"https:\/\/www.smedemokrati.sk\/\",\"name\":\"Smedemokrati.sk\",\"description\":\"Demokracia a slu\u0161nos\u0165 zv\u00ed\u0165az\u00ed\",\"publisher\":{\"@id\":\"https:\/\/www.smedemokrati.sk\/#organization\"},\"potentialAction\":[{\"@type\":\"SearchAction\",\"target\":{\"@type\":\"EntryPoint\",\"urlTemplate\":\"https:\/\/www.smedemokrati.sk\/?s={search_term_string}\"},\"query-input\":{\"@type\":\"PropertyValueSpecification\",\"valueRequired\":true,\"valueName\":\"search_term_string\"}}],\"inLanguage\":\"sv-SE\"},{\"@type\":\"Organization\",\"@id\":\"https:\/\/www.smedemokrati.sk\/#organization\",\"name\":\"Smedemokrati.sk\",\"url\":\"https:\/\/www.smedemokrati.sk\/\",\"logo\":{\"@type\":\"ImageObject\",\"inLanguage\":\"sv-SE\",\"@id\":\"https:\/\/www.smedemokrati.sk\/#\/schema\/logo\/image\/\",\"url\":\"https:\/\/www.smedemokrati.sk\/wp-content\/uploads\/2023\/04\/ff.002.jpeg\",\"contentUrl\":\"https:\/\/www.smedemokrati.sk\/wp-content\/uploads\/2023\/04\/ff.002.jpeg\",\"width\":640,\"height\":480,\"caption\":\"Smedemokrati.sk\"},\"image\":{\"@id\":\"https:\/\/www.smedemokrati.sk\/#\/schema\/logo\/image\/\"},\"sameAs\":[\"https:\/\/www.facebook.com\/smedemokrati2023\"]},{\"@type\":\"Person\",\"@id\":\"https:\/\/www.smedemokrati.sk\/#\/schema\/person\/21f147c88d605aa7ded900e1e7c344ba\",\"name\":\"miro.sopko\",\"image\":{\"@type\":\"ImageObject\",\"inLanguage\":\"sv-SE\",\"@id\":\"https:\/\/secure.gravatar.com\/avatar\/267e4a36f704376c109afe3a78740c1f5dd8675a2180a908699e7863c9247606?s=96&d=mm&r=g\",\"url\":\"https:\/\/secure.gravatar.com\/avatar\/267e4a36f704376c109afe3a78740c1f5dd8675a2180a908699e7863c9247606?s=96&d=mm&r=g\",\"contentUrl\":\"https:\/\/secure.gravatar.com\/avatar\/267e4a36f704376c109afe3a78740c1f5dd8675a2180a908699e7863c9247606?s=96&d=mm&r=g\",\"caption\":\"miro.sopko\"},\"url\":\"https:\/\/www.smedemokrati.sk\/sv\/author\/miro-sopko\/\"}]}<\/script>\n<!-- \/ Yoast SEO plugin. -->","yoast_head_json":{"title":"U\u017e teraz je jasn\u00e9, \u017ee pri konsolid\u00e1cii Kamenick\u00fd nevyberie o 284 mil. eur, ako pl\u00e1nuje","robots":{"index":"index","follow":"follow","max-snippet":"max-snippet:-1","max-image-preview":"max-image-preview:large","max-video-preview":"max-video-preview:-1"},"canonical":"https:\/\/www.smedemokrati.sk\/sv\/uz-teraz-je-jasne-ze-pri-konsolidacii-kamenicky-nevyberie-o-284-mil-eur-ako-planuje\/","og_locale":"sv_SE","og_type":"article","og_title":"[:sk]U\u017e teraz je jasn\u00e9, \u017ee pri konsolid\u00e1cii Kamenick\u00fd nevyberie o 284 mil. eur, ako pl\u00e1nuje[:] - Smedemokrati.sk","og_description":"Pod\u013ea Demokratov je Kamenick\u00e9ho konsolida\u010dn\u00fd pl\u00e1n nere\u00e1lny. Odhaduj\u00fa, \u017ee pri viacer\u00fdch konkr\u00e9tnych opatreniach bude v\u00fdber na nule alebo dokonca v z\u00e1porn\u00fdch \u010d\u00edslach. Sumarizuj\u00fa, \u017ee vl\u00e1da vyberie minim\u00e1lne o 284 mili\u00f3nov eur menej, ako o\u010dak\u00e1va. Expremi\u00e9r Eduard Heger na \u010d\u00edslach z Kamenick\u00e9ho ministerstva ukazuje, \u017ee vl\u00e1da za\u0165a\u017euje \u013eud\u00ed, vyber\u00e1 od nich peniaze, no dlh \u0161t\u00e1tu aj [&hellip;]","og_url":"https:\/\/www.smedemokrati.sk\/sv\/uz-teraz-je-jasne-ze-pri-konsolidacii-kamenicky-nevyberie-o-284-mil-eur-ako-planuje\/","og_site_name":"Smedemokrati.sk","article_publisher":"https:\/\/www.facebook.com\/smedemokrati2023","article_published_time":"2025-09-12T14:18:44+00:00","article_modified_time":"2025-09-12T14:21:18+00:00","og_image":[{"width":1920,"height":1080,"url":"https:\/\/www.smedemokrati.sk\/wp-content\/uploads\/2025\/09\/zivnostnici-v-ohrozeni.jpg","type":"image\/jpeg"}],"author":"miro.sopko","twitter_card":"summary_large_image","twitter_misc":{"Skriven av":"miro.sopko","Ber\u00e4knad l\u00e4stid":"2 minuter"},"schema":{"@context":"https:\/\/schema.org","@graph":[{"@type":"Article","@id":"https:\/\/www.smedemokrati.sk\/uz-teraz-je-jasne-ze-pri-konsolidacii-kamenicky-nevyberie-o-284-mil-eur-ako-planuje\/#article","isPartOf":{"@id":"https:\/\/www.smedemokrati.sk\/uz-teraz-je-jasne-ze-pri-konsolidacii-kamenicky-nevyberie-o-284-mil-eur-ako-planuje\/"},"author":{"name":"miro.sopko","@id":"https:\/\/www.smedemokrati.sk\/#\/schema\/person\/21f147c88d605aa7ded900e1e7c344ba"},"headline":"U\u017e teraz je jasn\u00e9, \u017ee pri konsolid\u00e1cii Kamenick\u00fd nevyberie o 284 mil. eur, ako pl\u00e1nuje","datePublished":"2025-09-12T14:18:44+00:00","dateModified":"2025-09-12T14:21:18+00:00","mainEntityOfPage":{"@id":"https:\/\/www.smedemokrati.sk\/uz-teraz-je-jasne-ze-pri-konsolidacii-kamenicky-nevyberie-o-284-mil-eur-ako-planuje\/"},"wordCount":355,"publisher":{"@id":"https:\/\/www.smedemokrati.sk\/#organization"},"image":{"@id":"https:\/\/www.smedemokrati.sk\/uz-teraz-je-jasne-ze-pri-konsolidacii-kamenicky-nevyberie-o-284-mil-eur-ako-planuje\/#primaryimage"},"thumbnailUrl":"https:\/\/www.smedemokrati.sk\/wp-content\/uploads\/2025\/09\/zivnostnici-v-ohrozeni.jpg","articleSection":["Tla\u010dov\u00e9 spr\u00e1vy"],"inLanguage":"sv-SE"},{"@type":"WebPage","@id":"https:\/\/www.smedemokrati.sk\/uz-teraz-je-jasne-ze-pri-konsolidacii-kamenicky-nevyberie-o-284-mil-eur-ako-planuje\/","url":"https:\/\/www.smedemokrati.sk\/uz-teraz-je-jasne-ze-pri-konsolidacii-kamenicky-nevyberie-o-284-mil-eur-ako-planuje\/","name":"U\u017e teraz je jasn\u00e9, \u017ee pri konsolid\u00e1cii Kamenick\u00fd nevyberie o 284 mil. eur, ako pl\u00e1nuje","isPartOf":{"@id":"https:\/\/www.smedemokrati.sk\/#website"},"primaryImageOfPage":{"@id":"https:\/\/www.smedemokrati.sk\/uz-teraz-je-jasne-ze-pri-konsolidacii-kamenicky-nevyberie-o-284-mil-eur-ako-planuje\/#primaryimage"},"image":{"@id":"https:\/\/www.smedemokrati.sk\/uz-teraz-je-jasne-ze-pri-konsolidacii-kamenicky-nevyberie-o-284-mil-eur-ako-planuje\/#primaryimage"},"thumbnailUrl":"https:\/\/www.smedemokrati.sk\/wp-content\/uploads\/2025\/09\/zivnostnici-v-ohrozeni.jpg","datePublished":"2025-09-12T14:18:44+00:00","dateModified":"2025-09-12T14:21:18+00:00","breadcrumb":{"@id":"https:\/\/www.smedemokrati.sk\/uz-teraz-je-jasne-ze-pri-konsolidacii-kamenicky-nevyberie-o-284-mil-eur-ako-planuje\/#breadcrumb"},"inLanguage":"sv-SE","potentialAction":[{"@type":"ReadAction","target":["https:\/\/www.smedemokrati.sk\/uz-teraz-je-jasne-ze-pri-konsolidacii-kamenicky-nevyberie-o-284-mil-eur-ako-planuje\/"]}]},{"@type":"ImageObject","inLanguage":"sv-SE","@id":"https:\/\/www.smedemokrati.sk\/uz-teraz-je-jasne-ze-pri-konsolidacii-kamenicky-nevyberie-o-284-mil-eur-ako-planuje\/#primaryimage","url":"https:\/\/www.smedemokrati.sk\/wp-content\/uploads\/2025\/09\/zivnostnici-v-ohrozeni.jpg","contentUrl":"https:\/\/www.smedemokrati.sk\/wp-content\/uploads\/2025\/09\/zivnostnici-v-ohrozeni.jpg","width":1920,"height":1080},{"@type":"BreadcrumbList","@id":"https:\/\/www.smedemokrati.sk\/uz-teraz-je-jasne-ze-pri-konsolidacii-kamenicky-nevyberie-o-284-mil-eur-ako-planuje\/#breadcrumb","itemListElement":[{"@type":"ListItem","position":1,"name":"Domovsk\u00e1 str\u00e1nka","item":"https:\/\/www.smedemokrati.sk\/"},{"@type":"ListItem","position":2,"name":"U\u017e teraz je jasn\u00e9, \u017ee pri konsolid\u00e1cii Kamenick\u00fd nevyberie o 284 mil. eur, ako pl\u00e1nuje"}]},{"@type":"WebSite","@id":"https:\/\/www.smedemokrati.sk\/#website","url":"https:\/\/www.smedemokrati.sk\/","name":"Smedemokrati.sk","description":"Demokracia a slu\u0161nos\u0165 zv\u00ed\u0165az\u00ed","publisher":{"@id":"https:\/\/www.smedemokrati.sk\/#organization"},"potentialAction":[{"@type":"SearchAction","target":{"@type":"EntryPoint","urlTemplate":"https:\/\/www.smedemokrati.sk\/?s={search_term_string}"},"query-input":{"@type":"PropertyValueSpecification","valueRequired":true,"valueName":"search_term_string"}}],"inLanguage":"sv-SE"},{"@type":"Organization","@id":"https:\/\/www.smedemokrati.sk\/#organization","name":"Smedemokrati.sk","url":"https:\/\/www.smedemokrati.sk\/","logo":{"@type":"ImageObject","inLanguage":"sv-SE","@id":"https:\/\/www.smedemokrati.sk\/#\/schema\/logo\/image\/","url":"https:\/\/www.smedemokrati.sk\/wp-content\/uploads\/2023\/04\/ff.002.jpeg","contentUrl":"https:\/\/www.smedemokrati.sk\/wp-content\/uploads\/2023\/04\/ff.002.jpeg","width":640,"height":480,"caption":"Smedemokrati.sk"},"image":{"@id":"https:\/\/www.smedemokrati.sk\/#\/schema\/logo\/image\/"},"sameAs":["https:\/\/www.facebook.com\/smedemokrati2023"]},{"@type":"Person","@id":"https:\/\/www.smedemokrati.sk\/#\/schema\/person\/21f147c88d605aa7ded900e1e7c344ba","name":"miro.sopko","image":{"@type":"ImageObject","inLanguage":"sv-SE","@id":"https:\/\/secure.gravatar.com\/avatar\/267e4a36f704376c109afe3a78740c1f5dd8675a2180a908699e7863c9247606?s=96&d=mm&r=g","url":"https:\/\/secure.gravatar.com\/avatar\/267e4a36f704376c109afe3a78740c1f5dd8675a2180a908699e7863c9247606?s=96&d=mm&r=g","contentUrl":"https:\/\/secure.gravatar.com\/avatar\/267e4a36f704376c109afe3a78740c1f5dd8675a2180a908699e7863c9247606?s=96&d=mm&r=g","caption":"miro.sopko"},"url":"https:\/\/www.smedemokrati.sk\/sv\/author\/miro-sopko\/"}]}},"_links":{"self":[{"href":"https:\/\/www.smedemokrati.sk\/sv\/wp-json\/wp\/v2\/posts\/8144","targetHints":{"allow":["GET"]}}],"collection":[{"href":"https:\/\/www.smedemokrati.sk\/sv\/wp-json\/wp\/v2\/posts"}],"about":[{"href":"https:\/\/www.smedemokrati.sk\/sv\/wp-json\/wp\/v2\/types\/post"}],"author":[{"embeddable":true,"href":"https:\/\/www.smedemokrati.sk\/sv\/wp-json\/wp\/v2\/users\/13"}],"replies":[{"embeddable":true,"href":"https:\/\/www.smedemokrati.sk\/sv\/wp-json\/wp\/v2\/comments?post=8144"}],"version-history":[{"count":1,"href":"https:\/\/www.smedemokrati.sk\/sv\/wp-json\/wp\/v2\/posts\/8144\/revisions"}],"predecessor-version":[{"id":8146,"href":"https:\/\/www.smedemokrati.sk\/sv\/wp-json\/wp\/v2\/posts\/8144\/revisions\/8146"}],"wp:featuredmedia":[{"embeddable":true,"href":"https:\/\/www.smedemokrati.sk\/sv\/wp-json\/wp\/v2\/media\/8145"}],"wp:attachment":[{"href":"https:\/\/www.smedemokrati.sk\/sv\/wp-json\/wp\/v2\/media?parent=8144"}],"wp:term":[{"taxonomy":"category","embeddable":true,"href":"https:\/\/www.smedemokrati.sk\/sv\/wp-json\/wp\/v2\/categories?post=8144"},{"taxonomy":"post_tag","embeddable":true,"href":"https:\/\/www.smedemokrati.sk\/sv\/wp-json\/wp\/v2\/tags?post=8144"}],"curies":[{"name":"wp","href":"https:\/\/api.w.org\/{rel}","templated":true}]}}