{"id":8110,"date":"2025-09-08T11:49:16","date_gmt":"2025-09-08T10:49:16","guid":{"rendered":"https:\/\/www.smedemokrati.sk\/?p=8110"},"modified":"2025-09-08T11:49:17","modified_gmt":"2025-09-08T10:49:17","slug":"vyzyvame-estoka-aby-od-zmluvy-na-hasicske-auta-okamzite-odstupil","status":"publish","type":"post","link":"https:\/\/www.smedemokrati.sk\/sv\/vyzyvame-estoka-aby-od-zmluvy-na-hasicske-auta-okamzite-odstupil\/","title":{"rendered":"Vyz\u00fdvame E\u0161toka aby od zmluvy na hasi\u010dsk\u00e9 aut\u00e1 okam\u017eite odst\u00fapil"},"content":{"rendered":"<div id=\"fb-root\"><\/div>\n\n<p><strong>Demokrati vyz\u00fdvaj\u00fa ministra \u0160utaja E\u0161toka aby odst\u00fapil od zmluvy na hasi\u010dsk\u00e9 aut\u00e1. Z\u00e1rove\u0148 sa ho cez info\u017eiados\u0165 p\u00fdtaj\u00fa ko\u013eko \u00e1ut bolo objednan\u00fdch, ko\u013eko bolo re\u00e1lne dodan\u00fdch, ak\u00fd je \u010dasov\u00fd harmonogram dod\u00e1vok a ak\u00e1 je v\u00fd\u0161ka finan\u010dn\u00e9ho plnenie zo strany SR. Doteraz bolo hasi\u010dom pod\u013ea medializovan\u00fdch inform\u00e1ci\u00ed dodan\u00e9 jedno auto a pod\u013ea zisten\u00ed Denn\u00edka N je aj to nevyhovuj\u00face.<\/strong><\/p>\n\n\n\n<p>Pod\u013ea Juraja \u0160eligu ide o \u010fal\u0161\u00ed amaterizmus ministra vn\u00fatra a vyz\u00fdva ho, aby od zmluvy na 80 hasi\u010dsk\u00fdch \u00e1ut od spolo\u010dnosti LRK Trading odst\u00fapil:&nbsp;<em>&#8221;Ide o r\u00e1mcov\u00fa zmluvu a t\u00e1 ho \u017eiadnym sp\u00f4sobom nezav\u00e4zuje v kontrakte pokra\u010dova\u0165. Pripom\u00ednam E\u0161tokovi jeho vlastn\u00e9 slov\u00e1, ke\u010f sa pred p\u00e1r d\u0148ami du\u0161oval, \u017ee bude prv\u00fd, kto bude d\u00e1va\u0165 n\u00e1vrh na ukon\u010denie zmluvy, ak firma nebude aut\u00e1 schopn\u00e1 dod\u00e1va\u0165. Kde je dnes po tom, \u010do sme sa dozvedeli \u017ee nov\u00e9 auto za st\u00e1tis\u00edce, ktor\u00e9 hasi\u010di prebrali, m\u00e1 probl\u00e9m s brzdami a zatek\u00e1 do neho voda? V\u010faka odvahe hasi\u010dov&nbsp;vieme op\u00e4\u0165 poveda\u0165, \u017ee tento tender je zbabran\u00fd a netransparentn\u00fd.&#8221;<\/em>&nbsp;hovor\u00ed Juraj \u0160eliga, podpredseda Demokratov.<\/p>\n\n\n\n<p>Juraj \u0160eliga opakovane kritizuje obstar\u00e1vaciu cenu a hovor\u00ed, \u017ee suma 12 mili\u00f3nov, ktor\u00fa si pripo\u010d\u00edtava firma LRK Trading je doteraz nevysvetlen\u00e1.&nbsp;<em>&#8221;Minister \u0160utaj E\u0161tok \u010doho sa chyt\u00ed to je katastrofa. U\u017e ani neviem \u010di sa idem p\u00fdta\u0165 na t\u00fdch 12 mili\u00f3nov eur, o ktor\u00e9 je z\u00e1kazka zjavne nav\u00fd\u0161en\u00e1. Dnes som odoslal na ministerstvo info\u017eiados\u0165, kde sa p\u00fdtam ko\u013eko bolo \u00e1ut obstaran\u00fdch a dodan\u00fdch, ko\u013eko sme za to v\u0161etci zaplatili a ak\u00fd je harmonogram dod\u00e1vok. Na z\u00e1klade odpovede budeme postupova\u0165 \u010falej.&#8221;<\/em><\/p>\n\n\n\n<p>Podpredseda Demokratov sumarizuje, \u017ee zmluva je moment\u00e1lne na 80 \u00e1ut za 48 mili\u00f3nov eur, no cena nie je kone\u010dn\u00e1, ke\u010f\u017ee v zmluve je nastaven\u00e1 tzv. index\u00e1cia, \u010do znamen\u00e1, \u017ee sa m\u00f4\u017ee pod\u013ea infl\u00e1cie e\u0161te meni\u0165.<\/p>\n\n\n<div id=\"fb-root\"><\/div><script async defer crossorigin=\"anonymous\" src=\"https:\/\/connect.facebook.net\/sk_SK\/sdk.js#xfbml=1&version=v18.0\"><\/script><div class=\"fb-video\" data-href=\"https:\/\/fb.watch\/B_qbhY72U4\/\" data-width=\"560\" data-show-text=\"false\"><blockquote cite=\"https:\/\/fb.watch\/B_qbhY72U4\/\" class=\"fb-xfbml-parse-ignore\"><a href=\"https:\/\/fb.watch\/B_qbhY72U4\/\">Video<\/a><\/blockquote><\/div>\n","protected":false},"excerpt":{"rendered":"<p>Demokrati vyz\u00fdvaj\u00fa ministra \u0160utaja E\u0161toka aby odst\u00fapil od zmluvy na hasi\u010dsk\u00e9 aut\u00e1. Z\u00e1rove\u0148 sa ho cez info\u017eiados\u0165 p\u00fdtaj\u00fa ko\u013eko \u00e1ut bolo objednan\u00fdch, ko\u013eko bolo re\u00e1lne dodan\u00fdch, ak\u00fd je \u010dasov\u00fd harmonogram dod\u00e1vok a ak\u00e1 je v\u00fd\u0161ka finan\u010dn\u00e9ho plnenie zo strany SR. Doteraz bolo hasi\u010dom pod\u013ea medializovan\u00fdch inform\u00e1ci\u00ed dodan\u00e9 jedno auto a pod\u013ea zisten\u00ed Denn\u00edka N je [&hellip;]<\/p>\n","protected":false},"author":13,"featured_media":8112,"comment_status":"closed","ping_status":"closed","sticky":false,"template":"","format":"standard","meta":{"_acf_changed":false,"ngg_post_thumbnail":0,"footnotes":""},"categories":[4],"tags":[],"class_list":["post-8110","post","type-post","status-publish","format-standard","has-post-thumbnail","hentry","category-tlacove-spravy"],"acf":[],"yoast_head":"<!-- This site is optimized with the Yoast SEO plugin v27.2 - https:\/\/yoast.com\/product\/yoast-seo-wordpress\/ -->\n<title>Vyz\u00fdvame E\u0161toka aby od zmluvy na hasi\u010dsk\u00e9 aut\u00e1 okam\u017eite odst\u00fapil<\/title>\n<meta name=\"robots\" content=\"index, follow, max-snippet:-1, max-image-preview:large, max-video-preview:-1\" \/>\n<link rel=\"canonical\" href=\"https:\/\/www.smedemokrati.sk\/sv\/vyzyvame-estoka-aby-od-zmluvy-na-hasicske-auta-okamzite-odstupil\/\" \/>\n<meta property=\"og:locale\" content=\"sv_SE\" \/>\n<meta property=\"og:locale:alternate\" content=\"en_US\" \/>\n<meta property=\"og:locale:alternate\" content=\"cs_CZ\" \/>\n<meta property=\"og:locale:alternate\" content=\"hu_HU\" \/>\n<meta property=\"og:locale:alternate\" content=\"sk_SK\" \/>\n<meta property=\"og:type\" content=\"article\" \/>\n<meta property=\"og:title\" content=\"Vyz\u00fdvame E\u0161toka aby od zmluvy na hasi\u010dsk\u00e9 aut\u00e1 okam\u017eite odst\u00fapil\" \/>\n<meta property=\"og:description\" content=\"Demokrati vyz\u00fdvaj\u00fa ministra \u0160utaja E\u0161toka aby odst\u00fapil od zmluvy na hasi\u010dsk\u00e9 aut\u00e1. Z\u00e1rove\u0148 sa ho cez info\u017eiados\u0165 p\u00fdtaj\u00fa ko\u013eko \u00e1ut bolo objednan\u00fdch, ko\u013eko bolo re\u00e1lne dodan\u00fdch, ak\u00fd je \u010dasov\u00fd harmonogram dod\u00e1vok a ak\u00e1 je v\u00fd\u0161ka finan\u010dn\u00e9ho plnenie zo strany SR. Doteraz bolo hasi\u010dom pod\u013ea medializovan\u00fdch inform\u00e1ci\u00ed dodan\u00e9 jedno auto a pod\u013ea zisten\u00ed Denn\u00edka N je [&hellip;]\" \/>\n<meta property=\"og:url\" content=\"https:\/\/www.smedemokrati.sk\/sv\/vyzyvame-estoka-aby-od-zmluvy-na-hasicske-auta-okamzite-odstupil\/\" \/>\n<meta property=\"og:site_name\" content=\"Smedemokrati.sk\" \/>\n<meta property=\"article:publisher\" content=\"https:\/\/www.facebook.com\/smedemokrati2023\" \/>\n<meta property=\"article:published_time\" content=\"2025-09-08T10:49:16+00:00\" \/>\n<meta property=\"article:modified_time\" content=\"2025-09-08T10:49:17+00:00\" \/>\n<meta property=\"og:image\" content=\"https:\/\/www.smedemokrati.sk\/wp-content\/uploads\/2025\/09\/seliga-sutaj-auticka-scaled.jpg\" \/>\n\t<meta property=\"og:image:width\" content=\"2560\" \/>\n\t<meta property=\"og:image:height\" content=\"1541\" \/>\n\t<meta property=\"og:image:type\" content=\"image\/jpeg\" \/>\n<meta name=\"author\" content=\"miro.sopko\" \/>\n<meta name=\"twitter:card\" content=\"summary_large_image\" \/>\n<meta name=\"twitter:label1\" content=\"Skriven av\" \/>\n\t<meta name=\"twitter:data1\" content=\"miro.sopko\" \/>\n\t<meta name=\"twitter:label2\" content=\"Ber\u00e4knad l\u00e4stid\" \/>\n\t<meta name=\"twitter:data2\" content=\"2 minuter\" \/>\n<script type=\"application\/ld+json\" class=\"yoast-schema-graph\">{\"@context\":\"https:\/\/schema.org\",\"@graph\":[{\"@type\":\"Article\",\"@id\":\"https:\/\/www.smedemokrati.sk\/vyzyvame-estoka-aby-od-zmluvy-na-hasicske-auta-okamzite-odstupil\/#article\",\"isPartOf\":{\"@id\":\"https:\/\/www.smedemokrati.sk\/vyzyvame-estoka-aby-od-zmluvy-na-hasicske-auta-okamzite-odstupil\/\"},\"author\":{\"name\":\"miro.sopko\",\"@id\":\"https:\/\/www.smedemokrati.sk\/#\/schema\/person\/21f147c88d605aa7ded900e1e7c344ba\"},\"headline\":\"Vyz\u00fdvame E\u0161toka aby od zmluvy na hasi\u010dsk\u00e9 aut\u00e1 okam\u017eite odst\u00fapil\",\"datePublished\":\"2025-09-08T10:49:16+00:00\",\"dateModified\":\"2025-09-08T10:49:17+00:00\",\"mainEntityOfPage\":{\"@id\":\"https:\/\/www.smedemokrati.sk\/vyzyvame-estoka-aby-od-zmluvy-na-hasicske-auta-okamzite-odstupil\/\"},\"wordCount\":381,\"publisher\":{\"@id\":\"https:\/\/www.smedemokrati.sk\/#organization\"},\"image\":{\"@id\":\"https:\/\/www.smedemokrati.sk\/vyzyvame-estoka-aby-od-zmluvy-na-hasicske-auta-okamzite-odstupil\/#primaryimage\"},\"thumbnailUrl\":\"https:\/\/www.smedemokrati.sk\/wp-content\/uploads\/2025\/09\/seliga-sutaj-auticka-scaled.jpg\",\"articleSection\":[\"Tla\u010dov\u00e9 spr\u00e1vy\"],\"inLanguage\":\"sv-SE\"},{\"@type\":\"WebPage\",\"@id\":\"https:\/\/www.smedemokrati.sk\/vyzyvame-estoka-aby-od-zmluvy-na-hasicske-auta-okamzite-odstupil\/\",\"url\":\"https:\/\/www.smedemokrati.sk\/vyzyvame-estoka-aby-od-zmluvy-na-hasicske-auta-okamzite-odstupil\/\",\"name\":\"Vyz\u00fdvame E\u0161toka aby od zmluvy na hasi\u010dsk\u00e9 aut\u00e1 okam\u017eite odst\u00fapil\",\"isPartOf\":{\"@id\":\"https:\/\/www.smedemokrati.sk\/#website\"},\"primaryImageOfPage\":{\"@id\":\"https:\/\/www.smedemokrati.sk\/vyzyvame-estoka-aby-od-zmluvy-na-hasicske-auta-okamzite-odstupil\/#primaryimage\"},\"image\":{\"@id\":\"https:\/\/www.smedemokrati.sk\/vyzyvame-estoka-aby-od-zmluvy-na-hasicske-auta-okamzite-odstupil\/#primaryimage\"},\"thumbnailUrl\":\"https:\/\/www.smedemokrati.sk\/wp-content\/uploads\/2025\/09\/seliga-sutaj-auticka-scaled.jpg\",\"datePublished\":\"2025-09-08T10:49:16+00:00\",\"dateModified\":\"2025-09-08T10:49:17+00:00\",\"breadcrumb\":{\"@id\":\"https:\/\/www.smedemokrati.sk\/vyzyvame-estoka-aby-od-zmluvy-na-hasicske-auta-okamzite-odstupil\/#breadcrumb\"},\"inLanguage\":\"sv-SE\",\"potentialAction\":[{\"@type\":\"ReadAction\",\"target\":[\"https:\/\/www.smedemokrati.sk\/vyzyvame-estoka-aby-od-zmluvy-na-hasicske-auta-okamzite-odstupil\/\"]}]},{\"@type\":\"ImageObject\",\"inLanguage\":\"sv-SE\",\"@id\":\"https:\/\/www.smedemokrati.sk\/vyzyvame-estoka-aby-od-zmluvy-na-hasicske-auta-okamzite-odstupil\/#primaryimage\",\"url\":\"https:\/\/www.smedemokrati.sk\/wp-content\/uploads\/2025\/09\/seliga-sutaj-auticka-scaled.jpg\",\"contentUrl\":\"https:\/\/www.smedemokrati.sk\/wp-content\/uploads\/2025\/09\/seliga-sutaj-auticka-scaled.jpg\",\"width\":2560,\"height\":1541},{\"@type\":\"BreadcrumbList\",\"@id\":\"https:\/\/www.smedemokrati.sk\/vyzyvame-estoka-aby-od-zmluvy-na-hasicske-auta-okamzite-odstupil\/#breadcrumb\",\"itemListElement\":[{\"@type\":\"ListItem\",\"position\":1,\"name\":\"Domovsk\u00e1 str\u00e1nka\",\"item\":\"https:\/\/www.smedemokrati.sk\/\"},{\"@type\":\"ListItem\",\"position\":2,\"name\":\"Vyz\u00fdvame E\u0161toka aby od zmluvy na hasi\u010dsk\u00e9 aut\u00e1 okam\u017eite odst\u00fapil\"}]},{\"@type\":\"WebSite\",\"@id\":\"https:\/\/www.smedemokrati.sk\/#website\",\"url\":\"https:\/\/www.smedemokrati.sk\/\",\"name\":\"Smedemokrati.sk\",\"description\":\"Demokracia a slu\u0161nos\u0165 zv\u00ed\u0165az\u00ed\",\"publisher\":{\"@id\":\"https:\/\/www.smedemokrati.sk\/#organization\"},\"potentialAction\":[{\"@type\":\"SearchAction\",\"target\":{\"@type\":\"EntryPoint\",\"urlTemplate\":\"https:\/\/www.smedemokrati.sk\/?s={search_term_string}\"},\"query-input\":{\"@type\":\"PropertyValueSpecification\",\"valueRequired\":true,\"valueName\":\"search_term_string\"}}],\"inLanguage\":\"sv-SE\"},{\"@type\":\"Organization\",\"@id\":\"https:\/\/www.smedemokrati.sk\/#organization\",\"name\":\"Smedemokrati.sk\",\"url\":\"https:\/\/www.smedemokrati.sk\/\",\"logo\":{\"@type\":\"ImageObject\",\"inLanguage\":\"sv-SE\",\"@id\":\"https:\/\/www.smedemokrati.sk\/#\/schema\/logo\/image\/\",\"url\":\"https:\/\/www.smedemokrati.sk\/wp-content\/uploads\/2023\/04\/ff.002.jpeg\",\"contentUrl\":\"https:\/\/www.smedemokrati.sk\/wp-content\/uploads\/2023\/04\/ff.002.jpeg\",\"width\":640,\"height\":480,\"caption\":\"Smedemokrati.sk\"},\"image\":{\"@id\":\"https:\/\/www.smedemokrati.sk\/#\/schema\/logo\/image\/\"},\"sameAs\":[\"https:\/\/www.facebook.com\/smedemokrati2023\"]},{\"@type\":\"Person\",\"@id\":\"https:\/\/www.smedemokrati.sk\/#\/schema\/person\/21f147c88d605aa7ded900e1e7c344ba\",\"name\":\"miro.sopko\",\"image\":{\"@type\":\"ImageObject\",\"inLanguage\":\"sv-SE\",\"@id\":\"https:\/\/secure.gravatar.com\/avatar\/267e4a36f704376c109afe3a78740c1f5dd8675a2180a908699e7863c9247606?s=96&d=mm&r=g\",\"url\":\"https:\/\/secure.gravatar.com\/avatar\/267e4a36f704376c109afe3a78740c1f5dd8675a2180a908699e7863c9247606?s=96&d=mm&r=g\",\"contentUrl\":\"https:\/\/secure.gravatar.com\/avatar\/267e4a36f704376c109afe3a78740c1f5dd8675a2180a908699e7863c9247606?s=96&d=mm&r=g\",\"caption\":\"miro.sopko\"},\"url\":\"https:\/\/www.smedemokrati.sk\/sv\/author\/miro-sopko\/\"}]}<\/script>\n<!-- \/ Yoast SEO plugin. -->","yoast_head_json":{"title":"Vyz\u00fdvame E\u0161toka aby od zmluvy na hasi\u010dsk\u00e9 aut\u00e1 okam\u017eite odst\u00fapil","robots":{"index":"index","follow":"follow","max-snippet":"max-snippet:-1","max-image-preview":"max-image-preview:large","max-video-preview":"max-video-preview:-1"},"canonical":"https:\/\/www.smedemokrati.sk\/sv\/vyzyvame-estoka-aby-od-zmluvy-na-hasicske-auta-okamzite-odstupil\/","og_locale":"sv_SE","og_type":"article","og_title":"[:sk]Vyz\u00fdvame E\u0161toka aby od zmluvy na hasi\u010dsk\u00e9 aut\u00e1 okam\u017eite odst\u00fapil[:] - Smedemokrati.sk","og_description":"Demokrati vyz\u00fdvaj\u00fa ministra \u0160utaja E\u0161toka aby odst\u00fapil od zmluvy na hasi\u010dsk\u00e9 aut\u00e1. Z\u00e1rove\u0148 sa ho cez info\u017eiados\u0165 p\u00fdtaj\u00fa ko\u013eko \u00e1ut bolo objednan\u00fdch, ko\u013eko bolo re\u00e1lne dodan\u00fdch, ak\u00fd je \u010dasov\u00fd harmonogram dod\u00e1vok a ak\u00e1 je v\u00fd\u0161ka finan\u010dn\u00e9ho plnenie zo strany SR. Doteraz bolo hasi\u010dom pod\u013ea medializovan\u00fdch inform\u00e1ci\u00ed dodan\u00e9 jedno auto a pod\u013ea zisten\u00ed Denn\u00edka N je [&hellip;]","og_url":"https:\/\/www.smedemokrati.sk\/sv\/vyzyvame-estoka-aby-od-zmluvy-na-hasicske-auta-okamzite-odstupil\/","og_site_name":"Smedemokrati.sk","article_publisher":"https:\/\/www.facebook.com\/smedemokrati2023","article_published_time":"2025-09-08T10:49:16+00:00","article_modified_time":"2025-09-08T10:49:17+00:00","og_image":[{"width":2560,"height":1541,"url":"https:\/\/www.smedemokrati.sk\/wp-content\/uploads\/2025\/09\/seliga-sutaj-auticka-scaled.jpg","type":"image\/jpeg"}],"author":"miro.sopko","twitter_card":"summary_large_image","twitter_misc":{"Skriven av":"miro.sopko","Ber\u00e4knad l\u00e4stid":"2 minuter"},"schema":{"@context":"https:\/\/schema.org","@graph":[{"@type":"Article","@id":"https:\/\/www.smedemokrati.sk\/vyzyvame-estoka-aby-od-zmluvy-na-hasicske-auta-okamzite-odstupil\/#article","isPartOf":{"@id":"https:\/\/www.smedemokrati.sk\/vyzyvame-estoka-aby-od-zmluvy-na-hasicske-auta-okamzite-odstupil\/"},"author":{"name":"miro.sopko","@id":"https:\/\/www.smedemokrati.sk\/#\/schema\/person\/21f147c88d605aa7ded900e1e7c344ba"},"headline":"Vyz\u00fdvame E\u0161toka aby od zmluvy na hasi\u010dsk\u00e9 aut\u00e1 okam\u017eite odst\u00fapil","datePublished":"2025-09-08T10:49:16+00:00","dateModified":"2025-09-08T10:49:17+00:00","mainEntityOfPage":{"@id":"https:\/\/www.smedemokrati.sk\/vyzyvame-estoka-aby-od-zmluvy-na-hasicske-auta-okamzite-odstupil\/"},"wordCount":381,"publisher":{"@id":"https:\/\/www.smedemokrati.sk\/#organization"},"image":{"@id":"https:\/\/www.smedemokrati.sk\/vyzyvame-estoka-aby-od-zmluvy-na-hasicske-auta-okamzite-odstupil\/#primaryimage"},"thumbnailUrl":"https:\/\/www.smedemokrati.sk\/wp-content\/uploads\/2025\/09\/seliga-sutaj-auticka-scaled.jpg","articleSection":["Tla\u010dov\u00e9 spr\u00e1vy"],"inLanguage":"sv-SE"},{"@type":"WebPage","@id":"https:\/\/www.smedemokrati.sk\/vyzyvame-estoka-aby-od-zmluvy-na-hasicske-auta-okamzite-odstupil\/","url":"https:\/\/www.smedemokrati.sk\/vyzyvame-estoka-aby-od-zmluvy-na-hasicske-auta-okamzite-odstupil\/","name":"Vyz\u00fdvame E\u0161toka aby od zmluvy na hasi\u010dsk\u00e9 aut\u00e1 okam\u017eite odst\u00fapil","isPartOf":{"@id":"https:\/\/www.smedemokrati.sk\/#website"},"primaryImageOfPage":{"@id":"https:\/\/www.smedemokrati.sk\/vyzyvame-estoka-aby-od-zmluvy-na-hasicske-auta-okamzite-odstupil\/#primaryimage"},"image":{"@id":"https:\/\/www.smedemokrati.sk\/vyzyvame-estoka-aby-od-zmluvy-na-hasicske-auta-okamzite-odstupil\/#primaryimage"},"thumbnailUrl":"https:\/\/www.smedemokrati.sk\/wp-content\/uploads\/2025\/09\/seliga-sutaj-auticka-scaled.jpg","datePublished":"2025-09-08T10:49:16+00:00","dateModified":"2025-09-08T10:49:17+00:00","breadcrumb":{"@id":"https:\/\/www.smedemokrati.sk\/vyzyvame-estoka-aby-od-zmluvy-na-hasicske-auta-okamzite-odstupil\/#breadcrumb"},"inLanguage":"sv-SE","potentialAction":[{"@type":"ReadAction","target":["https:\/\/www.smedemokrati.sk\/vyzyvame-estoka-aby-od-zmluvy-na-hasicske-auta-okamzite-odstupil\/"]}]},{"@type":"ImageObject","inLanguage":"sv-SE","@id":"https:\/\/www.smedemokrati.sk\/vyzyvame-estoka-aby-od-zmluvy-na-hasicske-auta-okamzite-odstupil\/#primaryimage","url":"https:\/\/www.smedemokrati.sk\/wp-content\/uploads\/2025\/09\/seliga-sutaj-auticka-scaled.jpg","contentUrl":"https:\/\/www.smedemokrati.sk\/wp-content\/uploads\/2025\/09\/seliga-sutaj-auticka-scaled.jpg","width":2560,"height":1541},{"@type":"BreadcrumbList","@id":"https:\/\/www.smedemokrati.sk\/vyzyvame-estoka-aby-od-zmluvy-na-hasicske-auta-okamzite-odstupil\/#breadcrumb","itemListElement":[{"@type":"ListItem","position":1,"name":"Domovsk\u00e1 str\u00e1nka","item":"https:\/\/www.smedemokrati.sk\/"},{"@type":"ListItem","position":2,"name":"Vyz\u00fdvame E\u0161toka aby od zmluvy na hasi\u010dsk\u00e9 aut\u00e1 okam\u017eite odst\u00fapil"}]},{"@type":"WebSite","@id":"https:\/\/www.smedemokrati.sk\/#website","url":"https:\/\/www.smedemokrati.sk\/","name":"Smedemokrati.sk","description":"Demokracia a slu\u0161nos\u0165 zv\u00ed\u0165az\u00ed","publisher":{"@id":"https:\/\/www.smedemokrati.sk\/#organization"},"potentialAction":[{"@type":"SearchAction","target":{"@type":"EntryPoint","urlTemplate":"https:\/\/www.smedemokrati.sk\/?s={search_term_string}"},"query-input":{"@type":"PropertyValueSpecification","valueRequired":true,"valueName":"search_term_string"}}],"inLanguage":"sv-SE"},{"@type":"Organization","@id":"https:\/\/www.smedemokrati.sk\/#organization","name":"Smedemokrati.sk","url":"https:\/\/www.smedemokrati.sk\/","logo":{"@type":"ImageObject","inLanguage":"sv-SE","@id":"https:\/\/www.smedemokrati.sk\/#\/schema\/logo\/image\/","url":"https:\/\/www.smedemokrati.sk\/wp-content\/uploads\/2023\/04\/ff.002.jpeg","contentUrl":"https:\/\/www.smedemokrati.sk\/wp-content\/uploads\/2023\/04\/ff.002.jpeg","width":640,"height":480,"caption":"Smedemokrati.sk"},"image":{"@id":"https:\/\/www.smedemokrati.sk\/#\/schema\/logo\/image\/"},"sameAs":["https:\/\/www.facebook.com\/smedemokrati2023"]},{"@type":"Person","@id":"https:\/\/www.smedemokrati.sk\/#\/schema\/person\/21f147c88d605aa7ded900e1e7c344ba","name":"miro.sopko","image":{"@type":"ImageObject","inLanguage":"sv-SE","@id":"https:\/\/secure.gravatar.com\/avatar\/267e4a36f704376c109afe3a78740c1f5dd8675a2180a908699e7863c9247606?s=96&d=mm&r=g","url":"https:\/\/secure.gravatar.com\/avatar\/267e4a36f704376c109afe3a78740c1f5dd8675a2180a908699e7863c9247606?s=96&d=mm&r=g","contentUrl":"https:\/\/secure.gravatar.com\/avatar\/267e4a36f704376c109afe3a78740c1f5dd8675a2180a908699e7863c9247606?s=96&d=mm&r=g","caption":"miro.sopko"},"url":"https:\/\/www.smedemokrati.sk\/sv\/author\/miro-sopko\/"}]}},"_links":{"self":[{"href":"https:\/\/www.smedemokrati.sk\/sv\/wp-json\/wp\/v2\/posts\/8110","targetHints":{"allow":["GET"]}}],"collection":[{"href":"https:\/\/www.smedemokrati.sk\/sv\/wp-json\/wp\/v2\/posts"}],"about":[{"href":"https:\/\/www.smedemokrati.sk\/sv\/wp-json\/wp\/v2\/types\/post"}],"author":[{"embeddable":true,"href":"https:\/\/www.smedemokrati.sk\/sv\/wp-json\/wp\/v2\/users\/13"}],"replies":[{"embeddable":true,"href":"https:\/\/www.smedemokrati.sk\/sv\/wp-json\/wp\/v2\/comments?post=8110"}],"version-history":[{"count":1,"href":"https:\/\/www.smedemokrati.sk\/sv\/wp-json\/wp\/v2\/posts\/8110\/revisions"}],"predecessor-version":[{"id":8113,"href":"https:\/\/www.smedemokrati.sk\/sv\/wp-json\/wp\/v2\/posts\/8110\/revisions\/8113"}],"wp:featuredmedia":[{"embeddable":true,"href":"https:\/\/www.smedemokrati.sk\/sv\/wp-json\/wp\/v2\/media\/8112"}],"wp:attachment":[{"href":"https:\/\/www.smedemokrati.sk\/sv\/wp-json\/wp\/v2\/media?parent=8110"}],"wp:term":[{"taxonomy":"category","embeddable":true,"href":"https:\/\/www.smedemokrati.sk\/sv\/wp-json\/wp\/v2\/categories?post=8110"},{"taxonomy":"post_tag","embeddable":true,"href":"https:\/\/www.smedemokrati.sk\/sv\/wp-json\/wp\/v2\/tags?post=8110"}],"curies":[{"name":"wp","href":"https:\/\/api.w.org\/{rel}","templated":true}]}}