{"id":8051,"date":"2025-09-02T11:38:24","date_gmt":"2025-09-02T10:38:24","guid":{"rendered":"https:\/\/www.smedemokrati.sk\/?p=8051"},"modified":"2025-09-02T11:38:26","modified_gmt":"2025-09-02T10:38:26","slug":"nemocnici-vo-zvolene-ktoru-prevadzkuje-agel-podozrivo-stupli-mesacne-pausaly-navysenie-je-na-neuveritelnych-21-miliona-eur","status":"publish","type":"post","link":"https:\/\/www.smedemokrati.sk\/sv\/nemocnici-vo-zvolene-ktoru-prevadzkuje-agel-podozrivo-stupli-mesacne-pausaly-navysenie-je-na-neuveritelnych-21-miliona-eur\/","title":{"rendered":"Nemocnici vo Zvolene, ktor\u00fa prev\u00e1dzkuje Agel podozrivo st\u00fapli mesa\u010dn\u00e9 pau\u0161\u00e1ly, nav\u00fd\u0161enie je na neuverite\u013en\u00fdch 2,1 mili\u00f3na eur"},"content":{"rendered":"<div id=\"fb-root\"><\/div>\n\n<p><strong>Demokrati upozor\u0148uj\u00fa na skokov\u00fd n\u00e1rast mesa\u010dn\u00fdch pau\u0161\u00e1lov od V\u0161eobecnej zdravotnej pois\u0165ovne pre nemocnicu vo Zvolene, ktor\u00fa prev\u00e1dzkuje skupina Agel. V j\u00fali dost\u00e1vali od V\u0161eobecnej zdravotnej pois\u0165ovne mesa\u010dne za \u00fakony 384 tis\u00edc eur mesa\u010dne a od janu\u00e1ra 2026 to bude a\u017e 2,1 mili\u00f3na eur. Demokrati upozor\u0148uj\u00fa na obch\u00e1dzanie hospod\u00e1rskej s\u00fa\u0165a\u017ee a po\u017eaduj\u00fa vysvetlenie, pre\u010do sa nemocnici takto radik\u00e1lne zv\u00fd\u0161ili pau\u0161\u00e1lne platby.<\/strong><\/p>\n\n\n\n<p><em>&#8221;Nemocnica vo Zvolene poskytuje nepochybne profesion\u00e1lnu zdravotn\u00fa starostlivos\u0165. Chceme ale rozumie\u0165, pre\u010do lok\u00e1lnej nemocnici st\u00fapne mesa\u010dn\u00fd pau\u0161\u00e1l a\u017e 5,5 n\u00e1sobne. K\u00fdm v j\u00fali tohto roka dost\u00e1vali za n\u00e1klady spojen\u00e9 s laborat\u00f3rnymi alebo vy\u0161etrovac\u00edmi \u00fakonmi 384-tis\u00edc mesa\u010dne, od janu\u00e1ra bud\u00faceho roka je pl\u00e1novan\u00fdch neuverite\u013en\u00fdch 2,1 mili\u00f3na eur mesa\u010dne.&#8221;&nbsp;<\/em>Otv\u00e1ra t\u00e9mu Juraj \u0160eliga, podpredseda Demokratov. Upres\u0148uje, \u017ee platby sa nemocnici zvy\u0161uj\u00fa priebe\u017ene, k\u00fdm v j\u00fani tohto roka to bolo 384- tis\u00edc eur, od j\u00fala je to cez dodatok 544-tis\u00edc eur, potom pau\u0161\u00e1l st\u00fapol na 944-tis\u00edc eur a od janu\u00e1ra 2026 to bude a\u017e 2,1 mili\u00f3na eur.&nbsp;<\/p>\n\n\n\n<p>Juraj \u0160eliga vyz\u00fdva kompetentn\u00fdch na vysvetlenie:&nbsp;<em>&#8221;Je to preto, lebo Peter Pellegrini je pod\u013ea slov jeho vlastn\u00e9ho ministra prepojen\u00fd s Agelom? Alebo je to preto, \u017ee t\u00e1to nemocnica za\u010dala robi\u0165 extr\u00e9mny a a\u017e nad\u013eudsk\u00fd po\u010det \u00fakonov, ktor\u00e9 jej treba prepati\u0165 Alebo je to preto, \u017ee Kamil \u0160a\u0161ko m\u00e1 dobr\u00e9 vz\u0165ahy s&nbsp;touto skupinou? \u010co je skuto\u010dn\u00fd d\u00f4vod? O\u010dak\u00e1vame verejn\u00e9 vysvetlenie!&#8221;&nbsp;<\/em><\/p>\n\n\n\n<p>Demokrati upozor\u0148uj\u00fa, \u017ee nemocnica vo Zvolene m\u00f4\u017ee obch\u00e1dza\u0165 z\u00e1kon:<em>&nbsp;&#8221;Domnievame sa, \u017ee ide o obch\u00e1dzanie z\u00e1kona. Toti\u017e, v\u0161eobecn\u00e1 zdravotn\u00e1 pois\u0165ov\u0148a m\u00e1 zazmluvnen\u00e9 akreditovan\u00e9 laborat\u00f3ri\u00e1, a medzi nimi nie laborat\u00f3riumu skupiny Agel \u2013 Agel Lab. Podozrenie tu teda je, \u017ee Agel tak\u00fdmto sp\u00f4sobom cez nemocnicu Zvolen pom\u00f4\u017ee nov\u00e9mu laborat\u00f3riu Agel Lab. V&nbsp;takom pr\u00edpade by i\u0161lo o&nbsp;neopr\u00e1vnen\u00fa v\u00fdhodu na trhu. Toto podozrenie e\u0161te zv\u00fdraz\u0148uje i&nbsp;skuto\u010dnos\u0165, \u017ee riadite\u013e Agelu p. Pi\u0161oja otvorene prizn\u00e1va s\u00fakromn\u00fd kontakt a&nbsp;tr\u00e1venie \u010dasu s&nbsp;riadite\u013eom Mat\u00fa\u0161om Jurov\u00fdm, ktor\u00fd bol vymenovan\u00fd do predstavenstva napriek tomu, \u017ee nedostal jednohlasn\u00e9 odpor\u00fa\u010danie.&#8221;&nbsp;<\/em>Upozornil Eduard Heger, podpredseda Demokratov. Dod\u00e1va, \u017ee t\u00fdmto objemom bude nemocnica vo Zvolene vykon\u00e1va\u0165 a\u017e 90% zo v\u0161etk\u00fdch \u00fakonov pr\u00e1ve laborat\u00f3rne vy\u0161etrenia, \u010do je pravdepodobne nere\u00e1lne.&nbsp;<\/p>\n\n\n\n<p>\u201e<em>Upozor\u0148ujeme na toto enormn\u00e9 nav\u00fd\u0161enie aj v&nbsp;kontexte postavenia ostatn\u00fdch laborat\u00f3ri\u00ed na trhu. Napr\u00edklad najv\u00e4\u010d\u0161ie laborat\u00f3rium Medirex m\u00e1 mesa\u010dn\u00fd pau\u0161\u00e1l vo v\u00fd\u0161ke 3.886.000 eur, pri\u010dom Agel Lab, ktor\u00fd by mal zastre\u0161i\u0165 v\u0161etky nemocnice Agel by sa takto cez oby\u010dajn\u00fd dodatok pre nemocnicu Zvolen dostal na sumu 3.260.000 eur mesa\u010dne. Je to nevysvetlite\u013en\u00fd skokov\u00fd n\u00e1rast platieb zo strany V\u0161eobecnej zdravotnej pois\u0165ovne.<\/em>\u201c Uzatv\u00e1ra Eduard Heger, podpredseda strany Demokrati.&nbsp;<\/p>\n\n\n\n<p>Link na zmluvu V\u0160ZP a Zvolen\u00a0<a href=\"https:\/\/www.vszp.sk\/files\/Zverejnovanie_dokumentov\/Zmluvy_s_PZS\/25\/07\/ZML_21NSP2000122_34_250701.pdf\" target=\"_blank\" rel=\"noreferrer noopener\">https:\/\/www.vszp.sk\/files\/Zverejnovanie_dokumentov\/Zmluvy_s_PZS\/25\/07\/ZML_21NSP2000122_34_250701.pdf<\/a><\/p>\n\n\n<div class=\"fb-video\" data-href=\"https:\/\/fb.watch\/BSrvPm7n_x\" data-allowfullscreen=\"true\" data-autoplay=\"false\" data-width=\"\" data-show-text=\"false\" data-show-captions=\"true\"><\/div>\n\n\n\n<p><\/p>\n\n\n\n<p><br><\/p>\n","protected":false},"excerpt":{"rendered":"<p>Demokrati upozor\u0148uj\u00fa na skokov\u00fd n\u00e1rast mesa\u010dn\u00fdch pau\u0161\u00e1lov od V\u0161eobecnej zdravotnej pois\u0165ovne pre nemocnicu vo Zvolene, ktor\u00fa prev\u00e1dzkuje skupina Agel. V j\u00fali dost\u00e1vali od V\u0161eobecnej zdravotnej pois\u0165ovne mesa\u010dne za \u00fakony 384 tis\u00edc eur mesa\u010dne a od janu\u00e1ra 2026 to bude a\u017e 2,1 mili\u00f3na eur. Demokrati upozor\u0148uj\u00fa na obch\u00e1dzanie hospod\u00e1rskej s\u00fa\u0165a\u017ee a po\u017eaduj\u00fa vysvetlenie, pre\u010do sa nemocnici [&hellip;]<\/p>\n","protected":false},"author":13,"featured_media":8052,"comment_status":"closed","ping_status":"closed","sticky":false,"template":"","format":"standard","meta":{"_acf_changed":false,"ngg_post_thumbnail":0,"footnotes":""},"categories":[4],"tags":[],"class_list":["post-8051","post","type-post","status-publish","format-standard","has-post-thumbnail","hentry","category-tlacove-spravy"],"acf":[],"yoast_head":"<!-- This site is optimized with the Yoast SEO plugin v27.2 - https:\/\/yoast.com\/product\/yoast-seo-wordpress\/ -->\n<title>Nemocnici vo Zvolene, ktor\u00fa prev\u00e1dzkuje Agel podozrivo st\u00fapli mesa\u010dn\u00e9 pau\u0161\u00e1ly, nav\u00fd\u0161enie je na neuverite\u013en\u00fdch 2,1 mili\u00f3na eur<\/title>\n<meta name=\"robots\" content=\"index, follow, max-snippet:-1, max-image-preview:large, max-video-preview:-1\" \/>\n<link rel=\"canonical\" href=\"https:\/\/www.smedemokrati.sk\/sv\/nemocnici-vo-zvolene-ktoru-prevadzkuje-agel-podozrivo-stupli-mesacne-pausaly-navysenie-je-na-neuveritelnych-21-miliona-eur\/\" \/>\n<meta property=\"og:locale\" content=\"sv_SE\" \/>\n<meta property=\"og:locale:alternate\" content=\"en_US\" \/>\n<meta property=\"og:locale:alternate\" content=\"cs_CZ\" \/>\n<meta property=\"og:locale:alternate\" content=\"hu_HU\" \/>\n<meta property=\"og:locale:alternate\" content=\"sk_SK\" \/>\n<meta property=\"og:type\" content=\"article\" \/>\n<meta property=\"og:title\" content=\"Nemocnici vo Zvolene, ktor\u00fa prev\u00e1dzkuje Agel podozrivo st\u00fapli mesa\u010dn\u00e9 pau\u0161\u00e1ly, nav\u00fd\u0161enie je na neuverite\u013en\u00fdch 2,1 mili\u00f3na eur\" \/>\n<meta property=\"og:description\" content=\"Demokrati upozor\u0148uj\u00fa na skokov\u00fd n\u00e1rast mesa\u010dn\u00fdch pau\u0161\u00e1lov od V\u0161eobecnej zdravotnej pois\u0165ovne pre nemocnicu vo Zvolene, ktor\u00fa prev\u00e1dzkuje skupina Agel. V j\u00fali dost\u00e1vali od V\u0161eobecnej zdravotnej pois\u0165ovne mesa\u010dne za \u00fakony 384 tis\u00edc eur mesa\u010dne a od janu\u00e1ra 2026 to bude a\u017e 2,1 mili\u00f3na eur. Demokrati upozor\u0148uj\u00fa na obch\u00e1dzanie hospod\u00e1rskej s\u00fa\u0165a\u017ee a po\u017eaduj\u00fa vysvetlenie, pre\u010do sa nemocnici [&hellip;]\" \/>\n<meta property=\"og:url\" content=\"https:\/\/www.smedemokrati.sk\/sv\/nemocnici-vo-zvolene-ktoru-prevadzkuje-agel-podozrivo-stupli-mesacne-pausaly-navysenie-je-na-neuveritelnych-21-miliona-eur\/\" \/>\n<meta property=\"og:site_name\" content=\"Smedemokrati.sk\" \/>\n<meta property=\"article:publisher\" content=\"https:\/\/www.facebook.com\/smedemokrati2023\" \/>\n<meta property=\"article:published_time\" content=\"2025-09-02T10:38:24+00:00\" \/>\n<meta property=\"article:modified_time\" content=\"2025-09-02T10:38:26+00:00\" \/>\n<meta property=\"og:image\" content=\"https:\/\/www.smedemokrati.sk\/wp-content\/uploads\/2025\/09\/kauza_agel.jpg\" \/>\n\t<meta property=\"og:image:width\" content=\"1920\" \/>\n\t<meta property=\"og:image:height\" content=\"1080\" \/>\n\t<meta property=\"og:image:type\" content=\"image\/jpeg\" \/>\n<meta name=\"author\" content=\"miro.sopko\" \/>\n<meta name=\"twitter:card\" content=\"summary_large_image\" \/>\n<meta name=\"twitter:label1\" content=\"Skriven av\" \/>\n\t<meta name=\"twitter:data1\" content=\"miro.sopko\" \/>\n\t<meta name=\"twitter:label2\" content=\"Ber\u00e4knad l\u00e4stid\" \/>\n\t<meta name=\"twitter:data2\" content=\"3 minuter\" \/>\n<script type=\"application\/ld+json\" class=\"yoast-schema-graph\">{\"@context\":\"https:\/\/schema.org\",\"@graph\":[{\"@type\":\"Article\",\"@id\":\"https:\/\/www.smedemokrati.sk\/nemocnici-vo-zvolene-ktoru-prevadzkuje-agel-podozrivo-stupli-mesacne-pausaly-navysenie-je-na-neuveritelnych-21-miliona-eur\/#article\",\"isPartOf\":{\"@id\":\"https:\/\/www.smedemokrati.sk\/nemocnici-vo-zvolene-ktoru-prevadzkuje-agel-podozrivo-stupli-mesacne-pausaly-navysenie-je-na-neuveritelnych-21-miliona-eur\/\"},\"author\":{\"name\":\"miro.sopko\",\"@id\":\"https:\/\/www.smedemokrati.sk\/#\/schema\/person\/21f147c88d605aa7ded900e1e7c344ba\"},\"headline\":\"Nemocnici vo Zvolene, ktor\u00fa prev\u00e1dzkuje Agel podozrivo st\u00fapli mesa\u010dn\u00e9 pau\u0161\u00e1ly, nav\u00fd\u0161enie je na neuverite\u013en\u00fdch 2,1 mili\u00f3na eur\",\"datePublished\":\"2025-09-02T10:38:24+00:00\",\"dateModified\":\"2025-09-02T10:38:26+00:00\",\"mainEntityOfPage\":{\"@id\":\"https:\/\/www.smedemokrati.sk\/nemocnici-vo-zvolene-ktoru-prevadzkuje-agel-podozrivo-stupli-mesacne-pausaly-navysenie-je-na-neuveritelnych-21-miliona-eur\/\"},\"wordCount\":601,\"publisher\":{\"@id\":\"https:\/\/www.smedemokrati.sk\/#organization\"},\"image\":{\"@id\":\"https:\/\/www.smedemokrati.sk\/nemocnici-vo-zvolene-ktoru-prevadzkuje-agel-podozrivo-stupli-mesacne-pausaly-navysenie-je-na-neuveritelnych-21-miliona-eur\/#primaryimage\"},\"thumbnailUrl\":\"https:\/\/www.smedemokrati.sk\/wp-content\/uploads\/2025\/09\/kauza_agel.jpg\",\"articleSection\":[\"Tla\u010dov\u00e9 spr\u00e1vy\"],\"inLanguage\":\"sv-SE\"},{\"@type\":\"WebPage\",\"@id\":\"https:\/\/www.smedemokrati.sk\/nemocnici-vo-zvolene-ktoru-prevadzkuje-agel-podozrivo-stupli-mesacne-pausaly-navysenie-je-na-neuveritelnych-21-miliona-eur\/\",\"url\":\"https:\/\/www.smedemokrati.sk\/nemocnici-vo-zvolene-ktoru-prevadzkuje-agel-podozrivo-stupli-mesacne-pausaly-navysenie-je-na-neuveritelnych-21-miliona-eur\/\",\"name\":\"Nemocnici vo Zvolene, ktor\u00fa prev\u00e1dzkuje Agel podozrivo st\u00fapli mesa\u010dn\u00e9 pau\u0161\u00e1ly, nav\u00fd\u0161enie je na neuverite\u013en\u00fdch 2,1 mili\u00f3na eur\",\"isPartOf\":{\"@id\":\"https:\/\/www.smedemokrati.sk\/#website\"},\"primaryImageOfPage\":{\"@id\":\"https:\/\/www.smedemokrati.sk\/nemocnici-vo-zvolene-ktoru-prevadzkuje-agel-podozrivo-stupli-mesacne-pausaly-navysenie-je-na-neuveritelnych-21-miliona-eur\/#primaryimage\"},\"image\":{\"@id\":\"https:\/\/www.smedemokrati.sk\/nemocnici-vo-zvolene-ktoru-prevadzkuje-agel-podozrivo-stupli-mesacne-pausaly-navysenie-je-na-neuveritelnych-21-miliona-eur\/#primaryimage\"},\"thumbnailUrl\":\"https:\/\/www.smedemokrati.sk\/wp-content\/uploads\/2025\/09\/kauza_agel.jpg\",\"datePublished\":\"2025-09-02T10:38:24+00:00\",\"dateModified\":\"2025-09-02T10:38:26+00:00\",\"breadcrumb\":{\"@id\":\"https:\/\/www.smedemokrati.sk\/nemocnici-vo-zvolene-ktoru-prevadzkuje-agel-podozrivo-stupli-mesacne-pausaly-navysenie-je-na-neuveritelnych-21-miliona-eur\/#breadcrumb\"},\"inLanguage\":\"sv-SE\",\"potentialAction\":[{\"@type\":\"ReadAction\",\"target\":[\"https:\/\/www.smedemokrati.sk\/nemocnici-vo-zvolene-ktoru-prevadzkuje-agel-podozrivo-stupli-mesacne-pausaly-navysenie-je-na-neuveritelnych-21-miliona-eur\/\"]}]},{\"@type\":\"ImageObject\",\"inLanguage\":\"sv-SE\",\"@id\":\"https:\/\/www.smedemokrati.sk\/nemocnici-vo-zvolene-ktoru-prevadzkuje-agel-podozrivo-stupli-mesacne-pausaly-navysenie-je-na-neuveritelnych-21-miliona-eur\/#primaryimage\",\"url\":\"https:\/\/www.smedemokrati.sk\/wp-content\/uploads\/2025\/09\/kauza_agel.jpg\",\"contentUrl\":\"https:\/\/www.smedemokrati.sk\/wp-content\/uploads\/2025\/09\/kauza_agel.jpg\",\"width\":1920,\"height\":1080},{\"@type\":\"BreadcrumbList\",\"@id\":\"https:\/\/www.smedemokrati.sk\/nemocnici-vo-zvolene-ktoru-prevadzkuje-agel-podozrivo-stupli-mesacne-pausaly-navysenie-je-na-neuveritelnych-21-miliona-eur\/#breadcrumb\",\"itemListElement\":[{\"@type\":\"ListItem\",\"position\":1,\"name\":\"Domovsk\u00e1 str\u00e1nka\",\"item\":\"https:\/\/www.smedemokrati.sk\/\"},{\"@type\":\"ListItem\",\"position\":2,\"name\":\"Nemocnici vo Zvolene, ktor\u00fa prev\u00e1dzkuje Agel podozrivo st\u00fapli mesa\u010dn\u00e9 pau\u0161\u00e1ly, nav\u00fd\u0161enie je na neuverite\u013en\u00fdch 2,1 mili\u00f3na eur\"}]},{\"@type\":\"WebSite\",\"@id\":\"https:\/\/www.smedemokrati.sk\/#website\",\"url\":\"https:\/\/www.smedemokrati.sk\/\",\"name\":\"Smedemokrati.sk\",\"description\":\"Demokracia a slu\u0161nos\u0165 zv\u00ed\u0165az\u00ed\",\"publisher\":{\"@id\":\"https:\/\/www.smedemokrati.sk\/#organization\"},\"potentialAction\":[{\"@type\":\"SearchAction\",\"target\":{\"@type\":\"EntryPoint\",\"urlTemplate\":\"https:\/\/www.smedemokrati.sk\/?s={search_term_string}\"},\"query-input\":{\"@type\":\"PropertyValueSpecification\",\"valueRequired\":true,\"valueName\":\"search_term_string\"}}],\"inLanguage\":\"sv-SE\"},{\"@type\":\"Organization\",\"@id\":\"https:\/\/www.smedemokrati.sk\/#organization\",\"name\":\"Smedemokrati.sk\",\"url\":\"https:\/\/www.smedemokrati.sk\/\",\"logo\":{\"@type\":\"ImageObject\",\"inLanguage\":\"sv-SE\",\"@id\":\"https:\/\/www.smedemokrati.sk\/#\/schema\/logo\/image\/\",\"url\":\"https:\/\/www.smedemokrati.sk\/wp-content\/uploads\/2023\/04\/ff.002.jpeg\",\"contentUrl\":\"https:\/\/www.smedemokrati.sk\/wp-content\/uploads\/2023\/04\/ff.002.jpeg\",\"width\":640,\"height\":480,\"caption\":\"Smedemokrati.sk\"},\"image\":{\"@id\":\"https:\/\/www.smedemokrati.sk\/#\/schema\/logo\/image\/\"},\"sameAs\":[\"https:\/\/www.facebook.com\/smedemokrati2023\"]},{\"@type\":\"Person\",\"@id\":\"https:\/\/www.smedemokrati.sk\/#\/schema\/person\/21f147c88d605aa7ded900e1e7c344ba\",\"name\":\"miro.sopko\",\"image\":{\"@type\":\"ImageObject\",\"inLanguage\":\"sv-SE\",\"@id\":\"https:\/\/secure.gravatar.com\/avatar\/267e4a36f704376c109afe3a78740c1f5dd8675a2180a908699e7863c9247606?s=96&d=mm&r=g\",\"url\":\"https:\/\/secure.gravatar.com\/avatar\/267e4a36f704376c109afe3a78740c1f5dd8675a2180a908699e7863c9247606?s=96&d=mm&r=g\",\"contentUrl\":\"https:\/\/secure.gravatar.com\/avatar\/267e4a36f704376c109afe3a78740c1f5dd8675a2180a908699e7863c9247606?s=96&d=mm&r=g\",\"caption\":\"miro.sopko\"},\"url\":\"https:\/\/www.smedemokrati.sk\/sv\/author\/miro-sopko\/\"}]}<\/script>\n<!-- \/ Yoast SEO plugin. -->","yoast_head_json":{"title":"Nemocnici vo Zvolene, ktor\u00fa prev\u00e1dzkuje Agel podozrivo st\u00fapli mesa\u010dn\u00e9 pau\u0161\u00e1ly, nav\u00fd\u0161enie je na neuverite\u013en\u00fdch 2,1 mili\u00f3na eur","robots":{"index":"index","follow":"follow","max-snippet":"max-snippet:-1","max-image-preview":"max-image-preview:large","max-video-preview":"max-video-preview:-1"},"canonical":"https:\/\/www.smedemokrati.sk\/sv\/nemocnici-vo-zvolene-ktoru-prevadzkuje-agel-podozrivo-stupli-mesacne-pausaly-navysenie-je-na-neuveritelnych-21-miliona-eur\/","og_locale":"sv_SE","og_type":"article","og_title":"[:sk]Nemocnici vo Zvolene, ktor\u00fa prev\u00e1dzkuje Agel podozrivo st\u00fapli mesa\u010dn\u00e9 pau\u0161\u00e1ly, nav\u00fd\u0161enie je na neuverite\u013en\u00fdch 2,1 mili\u00f3na eur[:] - Smedemokrati.sk","og_description":"Demokrati upozor\u0148uj\u00fa na skokov\u00fd n\u00e1rast mesa\u010dn\u00fdch pau\u0161\u00e1lov od V\u0161eobecnej zdravotnej pois\u0165ovne pre nemocnicu vo Zvolene, ktor\u00fa prev\u00e1dzkuje skupina Agel. V j\u00fali dost\u00e1vali od V\u0161eobecnej zdravotnej pois\u0165ovne mesa\u010dne za \u00fakony 384 tis\u00edc eur mesa\u010dne a od janu\u00e1ra 2026 to bude a\u017e 2,1 mili\u00f3na eur. Demokrati upozor\u0148uj\u00fa na obch\u00e1dzanie hospod\u00e1rskej s\u00fa\u0165a\u017ee a po\u017eaduj\u00fa vysvetlenie, pre\u010do sa nemocnici [&hellip;]","og_url":"https:\/\/www.smedemokrati.sk\/sv\/nemocnici-vo-zvolene-ktoru-prevadzkuje-agel-podozrivo-stupli-mesacne-pausaly-navysenie-je-na-neuveritelnych-21-miliona-eur\/","og_site_name":"Smedemokrati.sk","article_publisher":"https:\/\/www.facebook.com\/smedemokrati2023","article_published_time":"2025-09-02T10:38:24+00:00","article_modified_time":"2025-09-02T10:38:26+00:00","og_image":[{"width":1920,"height":1080,"url":"https:\/\/www.smedemokrati.sk\/wp-content\/uploads\/2025\/09\/kauza_agel.jpg","type":"image\/jpeg"}],"author":"miro.sopko","twitter_card":"summary_large_image","twitter_misc":{"Skriven av":"miro.sopko","Ber\u00e4knad l\u00e4stid":"3 minuter"},"schema":{"@context":"https:\/\/schema.org","@graph":[{"@type":"Article","@id":"https:\/\/www.smedemokrati.sk\/nemocnici-vo-zvolene-ktoru-prevadzkuje-agel-podozrivo-stupli-mesacne-pausaly-navysenie-je-na-neuveritelnych-21-miliona-eur\/#article","isPartOf":{"@id":"https:\/\/www.smedemokrati.sk\/nemocnici-vo-zvolene-ktoru-prevadzkuje-agel-podozrivo-stupli-mesacne-pausaly-navysenie-je-na-neuveritelnych-21-miliona-eur\/"},"author":{"name":"miro.sopko","@id":"https:\/\/www.smedemokrati.sk\/#\/schema\/person\/21f147c88d605aa7ded900e1e7c344ba"},"headline":"Nemocnici vo Zvolene, ktor\u00fa prev\u00e1dzkuje Agel podozrivo st\u00fapli mesa\u010dn\u00e9 pau\u0161\u00e1ly, nav\u00fd\u0161enie je na neuverite\u013en\u00fdch 2,1 mili\u00f3na eur","datePublished":"2025-09-02T10:38:24+00:00","dateModified":"2025-09-02T10:38:26+00:00","mainEntityOfPage":{"@id":"https:\/\/www.smedemokrati.sk\/nemocnici-vo-zvolene-ktoru-prevadzkuje-agel-podozrivo-stupli-mesacne-pausaly-navysenie-je-na-neuveritelnych-21-miliona-eur\/"},"wordCount":601,"publisher":{"@id":"https:\/\/www.smedemokrati.sk\/#organization"},"image":{"@id":"https:\/\/www.smedemokrati.sk\/nemocnici-vo-zvolene-ktoru-prevadzkuje-agel-podozrivo-stupli-mesacne-pausaly-navysenie-je-na-neuveritelnych-21-miliona-eur\/#primaryimage"},"thumbnailUrl":"https:\/\/www.smedemokrati.sk\/wp-content\/uploads\/2025\/09\/kauza_agel.jpg","articleSection":["Tla\u010dov\u00e9 spr\u00e1vy"],"inLanguage":"sv-SE"},{"@type":"WebPage","@id":"https:\/\/www.smedemokrati.sk\/nemocnici-vo-zvolene-ktoru-prevadzkuje-agel-podozrivo-stupli-mesacne-pausaly-navysenie-je-na-neuveritelnych-21-miliona-eur\/","url":"https:\/\/www.smedemokrati.sk\/nemocnici-vo-zvolene-ktoru-prevadzkuje-agel-podozrivo-stupli-mesacne-pausaly-navysenie-je-na-neuveritelnych-21-miliona-eur\/","name":"Nemocnici vo Zvolene, ktor\u00fa prev\u00e1dzkuje Agel podozrivo st\u00fapli mesa\u010dn\u00e9 pau\u0161\u00e1ly, nav\u00fd\u0161enie je na neuverite\u013en\u00fdch 2,1 mili\u00f3na eur","isPartOf":{"@id":"https:\/\/www.smedemokrati.sk\/#website"},"primaryImageOfPage":{"@id":"https:\/\/www.smedemokrati.sk\/nemocnici-vo-zvolene-ktoru-prevadzkuje-agel-podozrivo-stupli-mesacne-pausaly-navysenie-je-na-neuveritelnych-21-miliona-eur\/#primaryimage"},"image":{"@id":"https:\/\/www.smedemokrati.sk\/nemocnici-vo-zvolene-ktoru-prevadzkuje-agel-podozrivo-stupli-mesacne-pausaly-navysenie-je-na-neuveritelnych-21-miliona-eur\/#primaryimage"},"thumbnailUrl":"https:\/\/www.smedemokrati.sk\/wp-content\/uploads\/2025\/09\/kauza_agel.jpg","datePublished":"2025-09-02T10:38:24+00:00","dateModified":"2025-09-02T10:38:26+00:00","breadcrumb":{"@id":"https:\/\/www.smedemokrati.sk\/nemocnici-vo-zvolene-ktoru-prevadzkuje-agel-podozrivo-stupli-mesacne-pausaly-navysenie-je-na-neuveritelnych-21-miliona-eur\/#breadcrumb"},"inLanguage":"sv-SE","potentialAction":[{"@type":"ReadAction","target":["https:\/\/www.smedemokrati.sk\/nemocnici-vo-zvolene-ktoru-prevadzkuje-agel-podozrivo-stupli-mesacne-pausaly-navysenie-je-na-neuveritelnych-21-miliona-eur\/"]}]},{"@type":"ImageObject","inLanguage":"sv-SE","@id":"https:\/\/www.smedemokrati.sk\/nemocnici-vo-zvolene-ktoru-prevadzkuje-agel-podozrivo-stupli-mesacne-pausaly-navysenie-je-na-neuveritelnych-21-miliona-eur\/#primaryimage","url":"https:\/\/www.smedemokrati.sk\/wp-content\/uploads\/2025\/09\/kauza_agel.jpg","contentUrl":"https:\/\/www.smedemokrati.sk\/wp-content\/uploads\/2025\/09\/kauza_agel.jpg","width":1920,"height":1080},{"@type":"BreadcrumbList","@id":"https:\/\/www.smedemokrati.sk\/nemocnici-vo-zvolene-ktoru-prevadzkuje-agel-podozrivo-stupli-mesacne-pausaly-navysenie-je-na-neuveritelnych-21-miliona-eur\/#breadcrumb","itemListElement":[{"@type":"ListItem","position":1,"name":"Domovsk\u00e1 str\u00e1nka","item":"https:\/\/www.smedemokrati.sk\/"},{"@type":"ListItem","position":2,"name":"Nemocnici vo Zvolene, ktor\u00fa prev\u00e1dzkuje Agel podozrivo st\u00fapli mesa\u010dn\u00e9 pau\u0161\u00e1ly, nav\u00fd\u0161enie je na neuverite\u013en\u00fdch 2,1 mili\u00f3na eur"}]},{"@type":"WebSite","@id":"https:\/\/www.smedemokrati.sk\/#website","url":"https:\/\/www.smedemokrati.sk\/","name":"Smedemokrati.sk","description":"Demokracia a slu\u0161nos\u0165 zv\u00ed\u0165az\u00ed","publisher":{"@id":"https:\/\/www.smedemokrati.sk\/#organization"},"potentialAction":[{"@type":"SearchAction","target":{"@type":"EntryPoint","urlTemplate":"https:\/\/www.smedemokrati.sk\/?s={search_term_string}"},"query-input":{"@type":"PropertyValueSpecification","valueRequired":true,"valueName":"search_term_string"}}],"inLanguage":"sv-SE"},{"@type":"Organization","@id":"https:\/\/www.smedemokrati.sk\/#organization","name":"Smedemokrati.sk","url":"https:\/\/www.smedemokrati.sk\/","logo":{"@type":"ImageObject","inLanguage":"sv-SE","@id":"https:\/\/www.smedemokrati.sk\/#\/schema\/logo\/image\/","url":"https:\/\/www.smedemokrati.sk\/wp-content\/uploads\/2023\/04\/ff.002.jpeg","contentUrl":"https:\/\/www.smedemokrati.sk\/wp-content\/uploads\/2023\/04\/ff.002.jpeg","width":640,"height":480,"caption":"Smedemokrati.sk"},"image":{"@id":"https:\/\/www.smedemokrati.sk\/#\/schema\/logo\/image\/"},"sameAs":["https:\/\/www.facebook.com\/smedemokrati2023"]},{"@type":"Person","@id":"https:\/\/www.smedemokrati.sk\/#\/schema\/person\/21f147c88d605aa7ded900e1e7c344ba","name":"miro.sopko","image":{"@type":"ImageObject","inLanguage":"sv-SE","@id":"https:\/\/secure.gravatar.com\/avatar\/267e4a36f704376c109afe3a78740c1f5dd8675a2180a908699e7863c9247606?s=96&d=mm&r=g","url":"https:\/\/secure.gravatar.com\/avatar\/267e4a36f704376c109afe3a78740c1f5dd8675a2180a908699e7863c9247606?s=96&d=mm&r=g","contentUrl":"https:\/\/secure.gravatar.com\/avatar\/267e4a36f704376c109afe3a78740c1f5dd8675a2180a908699e7863c9247606?s=96&d=mm&r=g","caption":"miro.sopko"},"url":"https:\/\/www.smedemokrati.sk\/sv\/author\/miro-sopko\/"}]}},"_links":{"self":[{"href":"https:\/\/www.smedemokrati.sk\/sv\/wp-json\/wp\/v2\/posts\/8051","targetHints":{"allow":["GET"]}}],"collection":[{"href":"https:\/\/www.smedemokrati.sk\/sv\/wp-json\/wp\/v2\/posts"}],"about":[{"href":"https:\/\/www.smedemokrati.sk\/sv\/wp-json\/wp\/v2\/types\/post"}],"author":[{"embeddable":true,"href":"https:\/\/www.smedemokrati.sk\/sv\/wp-json\/wp\/v2\/users\/13"}],"replies":[{"embeddable":true,"href":"https:\/\/www.smedemokrati.sk\/sv\/wp-json\/wp\/v2\/comments?post=8051"}],"version-history":[{"count":1,"href":"https:\/\/www.smedemokrati.sk\/sv\/wp-json\/wp\/v2\/posts\/8051\/revisions"}],"predecessor-version":[{"id":8053,"href":"https:\/\/www.smedemokrati.sk\/sv\/wp-json\/wp\/v2\/posts\/8051\/revisions\/8053"}],"wp:featuredmedia":[{"embeddable":true,"href":"https:\/\/www.smedemokrati.sk\/sv\/wp-json\/wp\/v2\/media\/8052"}],"wp:attachment":[{"href":"https:\/\/www.smedemokrati.sk\/sv\/wp-json\/wp\/v2\/media?parent=8051"}],"wp:term":[{"taxonomy":"category","embeddable":true,"href":"https:\/\/www.smedemokrati.sk\/sv\/wp-json\/wp\/v2\/categories?post=8051"},{"taxonomy":"post_tag","embeddable":true,"href":"https:\/\/www.smedemokrati.sk\/sv\/wp-json\/wp\/v2\/tags?post=8051"}],"curies":[{"name":"wp","href":"https:\/\/api.w.org\/{rel}","templated":true}]}}