{"id":7941,"date":"2025-08-13T13:59:31","date_gmt":"2025-08-13T12:59:31","guid":{"rendered":"https:\/\/www.smedemokrati.sk\/?p=7941"},"modified":"2025-08-13T15:26:16","modified_gmt":"2025-08-13T14:26:16","slug":"rovnake-dane-rovnaky-normativ-pan-drucker-navrh-ministerstva-je-ustavne-sporny-a-navratom-k-praktikam-komunizmu","status":"publish","type":"post","link":"https:\/\/www.smedemokrati.sk\/sv\/rovnake-dane-rovnaky-normativ-pan-drucker-navrh-ministerstva-je-ustavne-sporny-a-navratom-k-praktikam-komunizmu\/","title":{"rendered":"Rovnak\u00e9 dane, rovnak\u00fd normat\u00edv, p\u00e1n Drucker! N\u00e1vrh ministerstva je \u00fastavne sporn\u00fd a n\u00e1vratom k praktik\u00e1m komunizmu"},"content":{"rendered":"<div id=\"fb-root\"><\/div>\n\n<p><strong>Minister \u0161kolstva Tom\u00e1\u0161 Drucker predstavil n\u00e1vrh financovania \u0161k\u00f4l, ktor\u00fd pod\u013ea strany Demokrati vytv\u00e1ra deti druhej kateg\u00f3rie a diskriminuje cirkevn\u00e9 a s\u00fakromn\u00e9 \u0161koly. Na dne\u0161nej tla\u010dovej besede Eduard Heger, Juraj \u0160eliga a Mat\u00fa\u0161 Grzn\u00e1r varovali, \u017ee ide o krok proti logike verejn\u00fdch financi\u00ed, proti \u00dastave SR a proti princ\u00edpom slobodnej spolo\u010dnosti.<\/strong><\/p>\n\n\n\n<p>Podpredseda strany Juraj \u0160eliga hovor\u00ed, \u017ee n\u00e1vrh m\u00e1 nebezpe\u010dn\u00fd ideologick\u00fd podt\u00f3n:<\/p>\n\n\n\n<p>\u201eMinister a ministerstvo t\u00fdmto krokom vytv\u00e1raj\u00fa deti druhej kateg\u00f3rie. To je myslenie, ktor\u00e9 sme tu mali pred rokom 1989 \u2013 kto sa nehod\u00ed do \u0161t\u00e1tneho vzoru, dostane menej. Takto sa uva\u017eovalo v komunizme, nie v slobodnej a demokratickej spolo\u010dnosti.\u201c<\/p>\n\n\n\n<p>\u201eTak\u00fdto z\u00e1kon nie je pripraven\u00fd na rokovanie v parlamente. M\u00e1me 2 341 pripomienok, z toho viac ako 55 % z\u00e1sadn\u00fdch. To je legislat\u00edvny \u201acrash test\u2018, ktor\u00fdm n\u00e1vrh jednoducho nepre\u0161iel. Na prerokovanie tak\u00e9ho mno\u017estva pripomienok s\u00fa potrebn\u00e9 mesiace, nie 14 dn\u00ed, ako si to predstavuje ministerstvo.\u201c<\/p>\n\n\n\n<p>\u201eAk m\u00e1 ma\u0165 niektor\u00e9 die\u0165a o 20 % ni\u017e\u0161\u00ed normat\u00edv len preto, \u017ee chod\u00ed do cirkevnej \u010di s\u00fakromnej \u0161koly, potom sa p\u00fdtam \u2013 bud\u00fa jeho rodi\u010dia plati\u0165 o 20 % ni\u017e\u0161ie dane?\u201c Eduard Heger \u010falej upozornil, \u017ee s\u00fakromn\u00e9 a cirkevn\u00e9 \u0161koly s\u00fa u\u017e dnes z poh\u013eadu \u0161t\u00e1tu najlacnej\u0161ie a napriek rovnak\u00e9mu normat\u00edvu dost\u00e1vaj\u00fa v praxi o 8\u201315 % menej financi\u00ed.<\/p>\n\n\n\n<p>\u201eAk minister zn\u00ed\u017ei normat\u00edv, tieto \u0161koly pr\u00eddu o 25\u201335 % prostriedkov. To bude pre mnoh\u00e9 likvida\u010dn\u00e9 a zasiahne to a\u017e 150 000 det\u00ed,\u201c dodal.<\/p>\n\n\n\n<p>Pod\u013ea Hegera s\u00fa cirkevn\u00e9 a s\u00fakromn\u00e9 \u0161koly s\u00fa\u010das\u0165ou n\u00e1\u0161ho \u0161kolstva u\u017e 30 rokov. \u201ePo p\u00e1de komunizmu priniesli rozmanitos\u0165, inov\u00e1cie a kvalitu. Siaha\u0165 im na peniaze znamen\u00e1 potiera\u0165 n\u00e1bo\u017eensk\u00fa slobodu, ktor\u00fa sme si po rokoch totality vybojovali. V&nbsp;tomto kontexte je o&nbsp;to smutnej\u0161ie, \u017ee aj pri neverejn\u00fdch poradniach chce \u0161t\u00e1t tie\u017e potl\u00e1\u010da\u0165 slobodu rodi\u010da a \u017ee chce neverejn\u00e9 poradne podriadi\u0165 verejn\u00fdm. Pri\u010dom neverejn\u00e9 poradne vznikli pr\u00e1ve preto, \u017ee verejn\u00e9 nest\u00edhali, resp. nevedeli obsl\u00fa\u017ei\u0165 v\u0161etky deti.\u201c<\/p>\n\n\n\n<p>Mat\u00fa\u0161 Grzn\u00e1r, expert strany Demokrati na \u0161kolstvo vysvet\u013euje, \u017ee \u201eDostupnos\u0165 \u0161k\u00f4l pre v\u0161etky deti je cie\u013e, na ktorom sa vieme zhodn\u00fa\u0165. Ale ministerstvo si zvolilo chybn\u00fa cestu. Slovensko m\u00e1 obrovsk\u00fa rozmanitos\u0165 \u0161k\u00f4l \u2013 od t\u00fdch na Orave \u010di Spi\u0161i a\u017e po \u0161koly v Bratislave. Rie\u0161ia odli\u0161n\u00e9 probl\u00e9my, maj\u00fa in\u00e9 podmienky a potrebuj\u00fa flexibiln\u00e9 rie\u0161enia, nie uniformn\u00e9 obmedzenia. Zabudnime na komunistick\u00e9 zm\u00fd\u0161\u013eanie typu \u201av\u0161etci p\u00ed\u0161te modr\u00fdm perom a pravou rukou\u2018.\u201c Grzn\u00e1r varoval, \u017ee navrhovan\u00e9 zmeny ohrozia aj \u0161koly pre deti so zdravotn\u00fdm znev\u00fdhodnen\u00edm a \u0161peci\u00e1lnymi potrebami. \u201ePr\u00edbehy pani Gabiky a pani O\u013egy s\u00fa d\u00f4kazom, \u017ee s\u00fakromn\u00e9 a cirkevn\u00e9 \u0161koly zachra\u0148uj\u00fa deti, ktor\u00fdm \u0161t\u00e1tne \u0161koly nevedia pom\u00f4c\u0165. Ak im vezmeme financie, vezmeme im aj t\u00fato \u0161ancu,\u201c dodal.<\/p>\n\n\n\n<p>B\u00fdval\u00fd premi\u00e9r a&nbsp;podpredseda Demokratov Eduard Heger \u201eP\u00e1n minister, chcete urobi\u0165 ve\u013ek\u00fd skok, ale star\u00e9 pr\u00edslovie hovor\u00ed: Pomaly \u010falej z\u00e1jde\u0161. E\u0161te je \u010das vr\u00e1ti\u0165 sa a h\u013eada\u0165 lep\u0161iu cestu \u2013 odborn\u00fa, \u00fastavne \u010dist\u00fa a f\u00e9rov\u00fa vo\u010di v\u0161etk\u00fdm de\u0165om.\u201c<\/p>\n\n\n<div class=\"fb-video\" data-href=\"https:\/\/fb.watch\/BsfCpXXtnS\" data-allowfullscreen=\"true\" data-autoplay=\"false\" data-width=\"\" data-show-text=\"false\" data-show-captions=\"true\"><\/div>\n","protected":false},"excerpt":{"rendered":"<p>Minister \u0161kolstva Tom\u00e1\u0161 Drucker predstavil n\u00e1vrh financovania \u0161k\u00f4l, ktor\u00fd pod\u013ea strany Demokrati vytv\u00e1ra deti druhej kateg\u00f3rie a diskriminuje cirkevn\u00e9 a s\u00fakromn\u00e9 \u0161koly. Na dne\u0161nej tla\u010dovej besede Eduard Heger, Juraj \u0160eliga a Mat\u00fa\u0161 Grzn\u00e1r varovali, \u017ee ide o krok proti logike verejn\u00fdch financi\u00ed, proti \u00dastave SR a proti princ\u00edpom slobodnej spolo\u010dnosti. Podpredseda strany Juraj \u0160eliga hovor\u00ed, [&hellip;]<\/p>\n","protected":false},"author":13,"featured_media":7942,"comment_status":"closed","ping_status":"closed","sticky":false,"template":"","format":"standard","meta":{"_acf_changed":false,"ngg_post_thumbnail":0,"footnotes":""},"categories":[4],"tags":[],"class_list":["post-7941","post","type-post","status-publish","format-standard","has-post-thumbnail","hentry","category-tlacove-spravy"],"acf":[],"yoast_head":"<!-- This site is optimized with the Yoast SEO plugin v27.2 - https:\/\/yoast.com\/product\/yoast-seo-wordpress\/ -->\n<title>Rovnak\u00e9 dane, rovnak\u00fd normat\u00edv, p\u00e1n Drucker! N\u00e1vrh ministerstva je \u00fastavne sporn\u00fd a n\u00e1vratom k praktik\u00e1m komunizmu<\/title>\n<meta name=\"robots\" content=\"index, follow, max-snippet:-1, max-image-preview:large, max-video-preview:-1\" \/>\n<link rel=\"canonical\" href=\"https:\/\/www.smedemokrati.sk\/sv\/rovnake-dane-rovnaky-normativ-pan-drucker-navrh-ministerstva-je-ustavne-sporny-a-navratom-k-praktikam-komunizmu\/\" \/>\n<meta property=\"og:locale\" content=\"sv_SE\" \/>\n<meta property=\"og:locale:alternate\" content=\"en_US\" \/>\n<meta property=\"og:locale:alternate\" content=\"cs_CZ\" \/>\n<meta property=\"og:locale:alternate\" content=\"hu_HU\" \/>\n<meta property=\"og:locale:alternate\" content=\"sk_SK\" \/>\n<meta property=\"og:type\" content=\"article\" \/>\n<meta property=\"og:title\" content=\"Rovnak\u00e9 dane, rovnak\u00fd normat\u00edv, p\u00e1n Drucker! N\u00e1vrh ministerstva je \u00fastavne sporn\u00fd a n\u00e1vratom k praktik\u00e1m komunizmu\" \/>\n<meta property=\"og:description\" content=\"Minister \u0161kolstva Tom\u00e1\u0161 Drucker predstavil n\u00e1vrh financovania \u0161k\u00f4l, ktor\u00fd pod\u013ea strany Demokrati vytv\u00e1ra deti druhej kateg\u00f3rie a diskriminuje cirkevn\u00e9 a s\u00fakromn\u00e9 \u0161koly. Na dne\u0161nej tla\u010dovej besede Eduard Heger, Juraj \u0160eliga a Mat\u00fa\u0161 Grzn\u00e1r varovali, \u017ee ide o krok proti logike verejn\u00fdch financi\u00ed, proti \u00dastave SR a proti princ\u00edpom slobodnej spolo\u010dnosti. Podpredseda strany Juraj \u0160eliga hovor\u00ed, [&hellip;]\" \/>\n<meta property=\"og:url\" content=\"https:\/\/www.smedemokrati.sk\/sv\/rovnake-dane-rovnaky-normativ-pan-drucker-navrh-ministerstva-je-ustavne-sporny-a-navratom-k-praktikam-komunizmu\/\" \/>\n<meta property=\"og:site_name\" content=\"Smedemokrati.sk\" \/>\n<meta property=\"article:publisher\" content=\"https:\/\/www.facebook.com\/smedemokrati2023\" \/>\n<meta property=\"article:published_time\" content=\"2025-08-13T12:59:31+00:00\" \/>\n<meta property=\"article:modified_time\" content=\"2025-08-13T14:26:16+00:00\" \/>\n<meta property=\"og:image\" content=\"https:\/\/www.smedemokrati.sk\/wp-content\/uploads\/2025\/08\/skolstvo.jpg\" \/>\n\t<meta property=\"og:image:width\" content=\"1062\" \/>\n\t<meta property=\"og:image:height\" content=\"531\" \/>\n\t<meta property=\"og:image:type\" content=\"image\/jpeg\" \/>\n<meta name=\"author\" content=\"miro.sopko\" \/>\n<meta name=\"twitter:card\" content=\"summary_large_image\" \/>\n<meta name=\"twitter:label1\" content=\"Skriven av\" \/>\n\t<meta name=\"twitter:data1\" content=\"miro.sopko\" \/>\n\t<meta name=\"twitter:label2\" content=\"Ber\u00e4knad l\u00e4stid\" \/>\n\t<meta name=\"twitter:data2\" content=\"3 minuter\" \/>\n<script type=\"application\/ld+json\" class=\"yoast-schema-graph\">{\"@context\":\"https:\/\/schema.org\",\"@graph\":[{\"@type\":\"Article\",\"@id\":\"https:\/\/www.smedemokrati.sk\/rovnake-dane-rovnaky-normativ-pan-drucker-navrh-ministerstva-je-ustavne-sporny-a-navratom-k-praktikam-komunizmu\/#article\",\"isPartOf\":{\"@id\":\"https:\/\/www.smedemokrati.sk\/rovnake-dane-rovnaky-normativ-pan-drucker-navrh-ministerstva-je-ustavne-sporny-a-navratom-k-praktikam-komunizmu\/\"},\"author\":{\"name\":\"miro.sopko\",\"@id\":\"https:\/\/www.smedemokrati.sk\/#\/schema\/person\/21f147c88d605aa7ded900e1e7c344ba\"},\"headline\":\"Rovnak\u00e9 dane, rovnak\u00fd normat\u00edv, p\u00e1n Drucker! N\u00e1vrh ministerstva je \u00fastavne sporn\u00fd a n\u00e1vratom k praktik\u00e1m komunizmu\",\"datePublished\":\"2025-08-13T12:59:31+00:00\",\"dateModified\":\"2025-08-13T14:26:16+00:00\",\"mainEntityOfPage\":{\"@id\":\"https:\/\/www.smedemokrati.sk\/rovnake-dane-rovnaky-normativ-pan-drucker-navrh-ministerstva-je-ustavne-sporny-a-navratom-k-praktikam-komunizmu\/\"},\"wordCount\":583,\"publisher\":{\"@id\":\"https:\/\/www.smedemokrati.sk\/#organization\"},\"image\":{\"@id\":\"https:\/\/www.smedemokrati.sk\/rovnake-dane-rovnaky-normativ-pan-drucker-navrh-ministerstva-je-ustavne-sporny-a-navratom-k-praktikam-komunizmu\/#primaryimage\"},\"thumbnailUrl\":\"https:\/\/www.smedemokrati.sk\/wp-content\/uploads\/2025\/08\/skolstvo.jpg\",\"articleSection\":[\"Tla\u010dov\u00e9 spr\u00e1vy\"],\"inLanguage\":\"sv-SE\"},{\"@type\":\"WebPage\",\"@id\":\"https:\/\/www.smedemokrati.sk\/rovnake-dane-rovnaky-normativ-pan-drucker-navrh-ministerstva-je-ustavne-sporny-a-navratom-k-praktikam-komunizmu\/\",\"url\":\"https:\/\/www.smedemokrati.sk\/rovnake-dane-rovnaky-normativ-pan-drucker-navrh-ministerstva-je-ustavne-sporny-a-navratom-k-praktikam-komunizmu\/\",\"name\":\"Rovnak\u00e9 dane, rovnak\u00fd normat\u00edv, p\u00e1n Drucker! N\u00e1vrh ministerstva je \u00fastavne sporn\u00fd a n\u00e1vratom k praktik\u00e1m komunizmu\",\"isPartOf\":{\"@id\":\"https:\/\/www.smedemokrati.sk\/#website\"},\"primaryImageOfPage\":{\"@id\":\"https:\/\/www.smedemokrati.sk\/rovnake-dane-rovnaky-normativ-pan-drucker-navrh-ministerstva-je-ustavne-sporny-a-navratom-k-praktikam-komunizmu\/#primaryimage\"},\"image\":{\"@id\":\"https:\/\/www.smedemokrati.sk\/rovnake-dane-rovnaky-normativ-pan-drucker-navrh-ministerstva-je-ustavne-sporny-a-navratom-k-praktikam-komunizmu\/#primaryimage\"},\"thumbnailUrl\":\"https:\/\/www.smedemokrati.sk\/wp-content\/uploads\/2025\/08\/skolstvo.jpg\",\"datePublished\":\"2025-08-13T12:59:31+00:00\",\"dateModified\":\"2025-08-13T14:26:16+00:00\",\"breadcrumb\":{\"@id\":\"https:\/\/www.smedemokrati.sk\/rovnake-dane-rovnaky-normativ-pan-drucker-navrh-ministerstva-je-ustavne-sporny-a-navratom-k-praktikam-komunizmu\/#breadcrumb\"},\"inLanguage\":\"sv-SE\",\"potentialAction\":[{\"@type\":\"ReadAction\",\"target\":[\"https:\/\/www.smedemokrati.sk\/rovnake-dane-rovnaky-normativ-pan-drucker-navrh-ministerstva-je-ustavne-sporny-a-navratom-k-praktikam-komunizmu\/\"]}]},{\"@type\":\"ImageObject\",\"inLanguage\":\"sv-SE\",\"@id\":\"https:\/\/www.smedemokrati.sk\/rovnake-dane-rovnaky-normativ-pan-drucker-navrh-ministerstva-je-ustavne-sporny-a-navratom-k-praktikam-komunizmu\/#primaryimage\",\"url\":\"https:\/\/www.smedemokrati.sk\/wp-content\/uploads\/2025\/08\/skolstvo.jpg\",\"contentUrl\":\"https:\/\/www.smedemokrati.sk\/wp-content\/uploads\/2025\/08\/skolstvo.jpg\",\"width\":1062,\"height\":531},{\"@type\":\"BreadcrumbList\",\"@id\":\"https:\/\/www.smedemokrati.sk\/rovnake-dane-rovnaky-normativ-pan-drucker-navrh-ministerstva-je-ustavne-sporny-a-navratom-k-praktikam-komunizmu\/#breadcrumb\",\"itemListElement\":[{\"@type\":\"ListItem\",\"position\":1,\"name\":\"Domovsk\u00e1 str\u00e1nka\",\"item\":\"https:\/\/www.smedemokrati.sk\/\"},{\"@type\":\"ListItem\",\"position\":2,\"name\":\"Rovnak\u00e9 dane, rovnak\u00fd normat\u00edv, p\u00e1n Drucker! N\u00e1vrh ministerstva je \u00fastavne sporn\u00fd a n\u00e1vratom k praktik\u00e1m komunizmu\"}]},{\"@type\":\"WebSite\",\"@id\":\"https:\/\/www.smedemokrati.sk\/#website\",\"url\":\"https:\/\/www.smedemokrati.sk\/\",\"name\":\"Smedemokrati.sk\",\"description\":\"Demokracia a slu\u0161nos\u0165 zv\u00ed\u0165az\u00ed\",\"publisher\":{\"@id\":\"https:\/\/www.smedemokrati.sk\/#organization\"},\"potentialAction\":[{\"@type\":\"SearchAction\",\"target\":{\"@type\":\"EntryPoint\",\"urlTemplate\":\"https:\/\/www.smedemokrati.sk\/?s={search_term_string}\"},\"query-input\":{\"@type\":\"PropertyValueSpecification\",\"valueRequired\":true,\"valueName\":\"search_term_string\"}}],\"inLanguage\":\"sv-SE\"},{\"@type\":\"Organization\",\"@id\":\"https:\/\/www.smedemokrati.sk\/#organization\",\"name\":\"Smedemokrati.sk\",\"url\":\"https:\/\/www.smedemokrati.sk\/\",\"logo\":{\"@type\":\"ImageObject\",\"inLanguage\":\"sv-SE\",\"@id\":\"https:\/\/www.smedemokrati.sk\/#\/schema\/logo\/image\/\",\"url\":\"https:\/\/www.smedemokrati.sk\/wp-content\/uploads\/2023\/04\/ff.002.jpeg\",\"contentUrl\":\"https:\/\/www.smedemokrati.sk\/wp-content\/uploads\/2023\/04\/ff.002.jpeg\",\"width\":640,\"height\":480,\"caption\":\"Smedemokrati.sk\"},\"image\":{\"@id\":\"https:\/\/www.smedemokrati.sk\/#\/schema\/logo\/image\/\"},\"sameAs\":[\"https:\/\/www.facebook.com\/smedemokrati2023\"]},{\"@type\":\"Person\",\"@id\":\"https:\/\/www.smedemokrati.sk\/#\/schema\/person\/21f147c88d605aa7ded900e1e7c344ba\",\"name\":\"miro.sopko\",\"image\":{\"@type\":\"ImageObject\",\"inLanguage\":\"sv-SE\",\"@id\":\"https:\/\/secure.gravatar.com\/avatar\/267e4a36f704376c109afe3a78740c1f5dd8675a2180a908699e7863c9247606?s=96&d=mm&r=g\",\"url\":\"https:\/\/secure.gravatar.com\/avatar\/267e4a36f704376c109afe3a78740c1f5dd8675a2180a908699e7863c9247606?s=96&d=mm&r=g\",\"contentUrl\":\"https:\/\/secure.gravatar.com\/avatar\/267e4a36f704376c109afe3a78740c1f5dd8675a2180a908699e7863c9247606?s=96&d=mm&r=g\",\"caption\":\"miro.sopko\"},\"url\":\"https:\/\/www.smedemokrati.sk\/sv\/author\/miro-sopko\/\"}]}<\/script>\n<!-- \/ Yoast SEO plugin. -->","yoast_head_json":{"title":"Rovnak\u00e9 dane, rovnak\u00fd normat\u00edv, p\u00e1n Drucker! N\u00e1vrh ministerstva je \u00fastavne sporn\u00fd a n\u00e1vratom k praktik\u00e1m komunizmu","robots":{"index":"index","follow":"follow","max-snippet":"max-snippet:-1","max-image-preview":"max-image-preview:large","max-video-preview":"max-video-preview:-1"},"canonical":"https:\/\/www.smedemokrati.sk\/sv\/rovnake-dane-rovnaky-normativ-pan-drucker-navrh-ministerstva-je-ustavne-sporny-a-navratom-k-praktikam-komunizmu\/","og_locale":"sv_SE","og_type":"article","og_title":"[:sk]Rovnak\u00e9 dane, rovnak\u00fd normat\u00edv, p\u00e1n Drucker! N\u00e1vrh ministerstva je \u00fastavne sporn\u00fd a n\u00e1vratom k praktik\u00e1m komunizmu[:] - Smedemokrati.sk","og_description":"Minister \u0161kolstva Tom\u00e1\u0161 Drucker predstavil n\u00e1vrh financovania \u0161k\u00f4l, ktor\u00fd pod\u013ea strany Demokrati vytv\u00e1ra deti druhej kateg\u00f3rie a diskriminuje cirkevn\u00e9 a s\u00fakromn\u00e9 \u0161koly. Na dne\u0161nej tla\u010dovej besede Eduard Heger, Juraj \u0160eliga a Mat\u00fa\u0161 Grzn\u00e1r varovali, \u017ee ide o krok proti logike verejn\u00fdch financi\u00ed, proti \u00dastave SR a proti princ\u00edpom slobodnej spolo\u010dnosti. Podpredseda strany Juraj \u0160eliga hovor\u00ed, [&hellip;]","og_url":"https:\/\/www.smedemokrati.sk\/sv\/rovnake-dane-rovnaky-normativ-pan-drucker-navrh-ministerstva-je-ustavne-sporny-a-navratom-k-praktikam-komunizmu\/","og_site_name":"Smedemokrati.sk","article_publisher":"https:\/\/www.facebook.com\/smedemokrati2023","article_published_time":"2025-08-13T12:59:31+00:00","article_modified_time":"2025-08-13T14:26:16+00:00","og_image":[{"width":1062,"height":531,"url":"https:\/\/www.smedemokrati.sk\/wp-content\/uploads\/2025\/08\/skolstvo.jpg","type":"image\/jpeg"}],"author":"miro.sopko","twitter_card":"summary_large_image","twitter_misc":{"Skriven av":"miro.sopko","Ber\u00e4knad l\u00e4stid":"3 minuter"},"schema":{"@context":"https:\/\/schema.org","@graph":[{"@type":"Article","@id":"https:\/\/www.smedemokrati.sk\/rovnake-dane-rovnaky-normativ-pan-drucker-navrh-ministerstva-je-ustavne-sporny-a-navratom-k-praktikam-komunizmu\/#article","isPartOf":{"@id":"https:\/\/www.smedemokrati.sk\/rovnake-dane-rovnaky-normativ-pan-drucker-navrh-ministerstva-je-ustavne-sporny-a-navratom-k-praktikam-komunizmu\/"},"author":{"name":"miro.sopko","@id":"https:\/\/www.smedemokrati.sk\/#\/schema\/person\/21f147c88d605aa7ded900e1e7c344ba"},"headline":"Rovnak\u00e9 dane, rovnak\u00fd normat\u00edv, p\u00e1n Drucker! N\u00e1vrh ministerstva je \u00fastavne sporn\u00fd a n\u00e1vratom k praktik\u00e1m komunizmu","datePublished":"2025-08-13T12:59:31+00:00","dateModified":"2025-08-13T14:26:16+00:00","mainEntityOfPage":{"@id":"https:\/\/www.smedemokrati.sk\/rovnake-dane-rovnaky-normativ-pan-drucker-navrh-ministerstva-je-ustavne-sporny-a-navratom-k-praktikam-komunizmu\/"},"wordCount":583,"publisher":{"@id":"https:\/\/www.smedemokrati.sk\/#organization"},"image":{"@id":"https:\/\/www.smedemokrati.sk\/rovnake-dane-rovnaky-normativ-pan-drucker-navrh-ministerstva-je-ustavne-sporny-a-navratom-k-praktikam-komunizmu\/#primaryimage"},"thumbnailUrl":"https:\/\/www.smedemokrati.sk\/wp-content\/uploads\/2025\/08\/skolstvo.jpg","articleSection":["Tla\u010dov\u00e9 spr\u00e1vy"],"inLanguage":"sv-SE"},{"@type":"WebPage","@id":"https:\/\/www.smedemokrati.sk\/rovnake-dane-rovnaky-normativ-pan-drucker-navrh-ministerstva-je-ustavne-sporny-a-navratom-k-praktikam-komunizmu\/","url":"https:\/\/www.smedemokrati.sk\/rovnake-dane-rovnaky-normativ-pan-drucker-navrh-ministerstva-je-ustavne-sporny-a-navratom-k-praktikam-komunizmu\/","name":"Rovnak\u00e9 dane, rovnak\u00fd normat\u00edv, p\u00e1n Drucker! N\u00e1vrh ministerstva je \u00fastavne sporn\u00fd a n\u00e1vratom k praktik\u00e1m komunizmu","isPartOf":{"@id":"https:\/\/www.smedemokrati.sk\/#website"},"primaryImageOfPage":{"@id":"https:\/\/www.smedemokrati.sk\/rovnake-dane-rovnaky-normativ-pan-drucker-navrh-ministerstva-je-ustavne-sporny-a-navratom-k-praktikam-komunizmu\/#primaryimage"},"image":{"@id":"https:\/\/www.smedemokrati.sk\/rovnake-dane-rovnaky-normativ-pan-drucker-navrh-ministerstva-je-ustavne-sporny-a-navratom-k-praktikam-komunizmu\/#primaryimage"},"thumbnailUrl":"https:\/\/www.smedemokrati.sk\/wp-content\/uploads\/2025\/08\/skolstvo.jpg","datePublished":"2025-08-13T12:59:31+00:00","dateModified":"2025-08-13T14:26:16+00:00","breadcrumb":{"@id":"https:\/\/www.smedemokrati.sk\/rovnake-dane-rovnaky-normativ-pan-drucker-navrh-ministerstva-je-ustavne-sporny-a-navratom-k-praktikam-komunizmu\/#breadcrumb"},"inLanguage":"sv-SE","potentialAction":[{"@type":"ReadAction","target":["https:\/\/www.smedemokrati.sk\/rovnake-dane-rovnaky-normativ-pan-drucker-navrh-ministerstva-je-ustavne-sporny-a-navratom-k-praktikam-komunizmu\/"]}]},{"@type":"ImageObject","inLanguage":"sv-SE","@id":"https:\/\/www.smedemokrati.sk\/rovnake-dane-rovnaky-normativ-pan-drucker-navrh-ministerstva-je-ustavne-sporny-a-navratom-k-praktikam-komunizmu\/#primaryimage","url":"https:\/\/www.smedemokrati.sk\/wp-content\/uploads\/2025\/08\/skolstvo.jpg","contentUrl":"https:\/\/www.smedemokrati.sk\/wp-content\/uploads\/2025\/08\/skolstvo.jpg","width":1062,"height":531},{"@type":"BreadcrumbList","@id":"https:\/\/www.smedemokrati.sk\/rovnake-dane-rovnaky-normativ-pan-drucker-navrh-ministerstva-je-ustavne-sporny-a-navratom-k-praktikam-komunizmu\/#breadcrumb","itemListElement":[{"@type":"ListItem","position":1,"name":"Domovsk\u00e1 str\u00e1nka","item":"https:\/\/www.smedemokrati.sk\/"},{"@type":"ListItem","position":2,"name":"Rovnak\u00e9 dane, rovnak\u00fd normat\u00edv, p\u00e1n Drucker! N\u00e1vrh ministerstva je \u00fastavne sporn\u00fd a n\u00e1vratom k praktik\u00e1m komunizmu"}]},{"@type":"WebSite","@id":"https:\/\/www.smedemokrati.sk\/#website","url":"https:\/\/www.smedemokrati.sk\/","name":"Smedemokrati.sk","description":"Demokracia a slu\u0161nos\u0165 zv\u00ed\u0165az\u00ed","publisher":{"@id":"https:\/\/www.smedemokrati.sk\/#organization"},"potentialAction":[{"@type":"SearchAction","target":{"@type":"EntryPoint","urlTemplate":"https:\/\/www.smedemokrati.sk\/?s={search_term_string}"},"query-input":{"@type":"PropertyValueSpecification","valueRequired":true,"valueName":"search_term_string"}}],"inLanguage":"sv-SE"},{"@type":"Organization","@id":"https:\/\/www.smedemokrati.sk\/#organization","name":"Smedemokrati.sk","url":"https:\/\/www.smedemokrati.sk\/","logo":{"@type":"ImageObject","inLanguage":"sv-SE","@id":"https:\/\/www.smedemokrati.sk\/#\/schema\/logo\/image\/","url":"https:\/\/www.smedemokrati.sk\/wp-content\/uploads\/2023\/04\/ff.002.jpeg","contentUrl":"https:\/\/www.smedemokrati.sk\/wp-content\/uploads\/2023\/04\/ff.002.jpeg","width":640,"height":480,"caption":"Smedemokrati.sk"},"image":{"@id":"https:\/\/www.smedemokrati.sk\/#\/schema\/logo\/image\/"},"sameAs":["https:\/\/www.facebook.com\/smedemokrati2023"]},{"@type":"Person","@id":"https:\/\/www.smedemokrati.sk\/#\/schema\/person\/21f147c88d605aa7ded900e1e7c344ba","name":"miro.sopko","image":{"@type":"ImageObject","inLanguage":"sv-SE","@id":"https:\/\/secure.gravatar.com\/avatar\/267e4a36f704376c109afe3a78740c1f5dd8675a2180a908699e7863c9247606?s=96&d=mm&r=g","url":"https:\/\/secure.gravatar.com\/avatar\/267e4a36f704376c109afe3a78740c1f5dd8675a2180a908699e7863c9247606?s=96&d=mm&r=g","contentUrl":"https:\/\/secure.gravatar.com\/avatar\/267e4a36f704376c109afe3a78740c1f5dd8675a2180a908699e7863c9247606?s=96&d=mm&r=g","caption":"miro.sopko"},"url":"https:\/\/www.smedemokrati.sk\/sv\/author\/miro-sopko\/"}]}},"_links":{"self":[{"href":"https:\/\/www.smedemokrati.sk\/sv\/wp-json\/wp\/v2\/posts\/7941","targetHints":{"allow":["GET"]}}],"collection":[{"href":"https:\/\/www.smedemokrati.sk\/sv\/wp-json\/wp\/v2\/posts"}],"about":[{"href":"https:\/\/www.smedemokrati.sk\/sv\/wp-json\/wp\/v2\/types\/post"}],"author":[{"embeddable":true,"href":"https:\/\/www.smedemokrati.sk\/sv\/wp-json\/wp\/v2\/users\/13"}],"replies":[{"embeddable":true,"href":"https:\/\/www.smedemokrati.sk\/sv\/wp-json\/wp\/v2\/comments?post=7941"}],"version-history":[{"count":1,"href":"https:\/\/www.smedemokrati.sk\/sv\/wp-json\/wp\/v2\/posts\/7941\/revisions"}],"predecessor-version":[{"id":7943,"href":"https:\/\/www.smedemokrati.sk\/sv\/wp-json\/wp\/v2\/posts\/7941\/revisions\/7943"}],"wp:featuredmedia":[{"embeddable":true,"href":"https:\/\/www.smedemokrati.sk\/sv\/wp-json\/wp\/v2\/media\/7942"}],"wp:attachment":[{"href":"https:\/\/www.smedemokrati.sk\/sv\/wp-json\/wp\/v2\/media?parent=7941"}],"wp:term":[{"taxonomy":"category","embeddable":true,"href":"https:\/\/www.smedemokrati.sk\/sv\/wp-json\/wp\/v2\/categories?post=7941"},{"taxonomy":"post_tag","embeddable":true,"href":"https:\/\/www.smedemokrati.sk\/sv\/wp-json\/wp\/v2\/tags?post=7941"}],"curies":[{"name":"wp","href":"https:\/\/api.w.org\/{rel}","templated":true}]}}