{"id":7922,"date":"2025-08-11T16:54:01","date_gmt":"2025-08-11T15:54:01","guid":{"rendered":"https:\/\/www.smedemokrati.sk\/?p=7922"},"modified":"2025-08-11T16:54:03","modified_gmt":"2025-08-11T15:54:03","slug":"o-com-bude-rozhodovat-pan-povolny-na-svojej-staronovej-pozicii","status":"publish","type":"post","link":"https:\/\/www.smedemokrati.sk\/sv\/o-com-bude-rozhodovat-pan-povolny-na-svojej-staronovej-pozicii\/","title":{"rendered":"O \u010dom bude rozhodova\u0165 p\u00e1n Povoln\u00fd na svojej staronovej poz\u00edci\u00ed?"},"content":{"rendered":"<div id=\"fb-root\"><\/div>\n\n<p><em><strong>P\u00e1n Povoln\u00fd skon\u010dil ako \u0161\u00e9f z\u00e1chraniek &#8211; opera\u010dn\u00e9ho strediska. Vracia sa v\u0161ak \u00a0do Automobilov\u00fdch opravovn\u00ed Ministerstva vn\u00fatra Slovenskej republiky. Odtia\u013e bol uvo\u013enen\u00fd pre slu\u017ebu na Ministerstve zdravotn\u00edctva, resp. z\u00e1chrank\u00e1ch &#8211; opera\u010dnom stredisku.\u00a0<\/strong><\/em><\/p>\n\n\n\n<p><em>A teraz t\u00e1 slovensk\u00e1 n\u00e1hoda, ktor\u00e1 sa v tomto karpatskom obl\u00faku vyskytuje \u010dasto<\/em><strong><em>.<\/em><\/strong><\/p>\n\n\n\n<p><strong><em>V j\u00fali podp\u00edsali BAYERN Centrum &#8211; firma dnes u\u017e zn\u00e1meho \u0160tefana Baumanna ramcov\u00fa zmluvu s Ministerstvom vn\u00fatra Slovenskej republiky na servis a\u00fat. Ak Automobilov\u00e9\u00a0 oprav\u00e1rne Ministerstva vn\u00fatra nebud\u00fa st\u00edha\u0165, aut\u00e1 sa posielaj\u00fa do BAYERN Centrum. P\u00e1n Bauman je za firmou EMS (v z\u00e1chrankovom tendri) a je to otec \u00fadajn\u00e9ho sponzora Hlasu, Olivera. Zmluvu podp\u00edsal pr\u00e1ve Oliver Baumann, pod\u013ea medializovan\u00fdch inform\u00e1ci\u00ed, onen sponzor Hlasu.<\/em><\/strong><\/p>\n\n\n\n<p><em><u>Tak verejn\u00e1 ot\u00e1zka bude p\u00e1n Povoln\u00fd potenci\u00e1lne rozhodova\u0165 o tom, \u017ee kapacity AO MV SR s\u00fa pln\u00e9 a posiela\u0165 aut\u00e1 na opravu BAYERN Centrum?<\/u><\/em><\/p>\n\n\n\n<p><em>P\u00fdtame sa vopred a pre istotu, aby sme predi\u0161li \u201ckomunika\u010dn\u00fdm probl\u00e9mom\u201d alebo ako t\u00fa zlodejinu pri z\u00e1chrank\u00e1ch nazval premi\u00e9r Fico\u2026\u201c<\/em>&nbsp;&nbsp;p\u00fdta sa Juraj \u0160eliga.<\/p>\n\n\n\n<div class=\"fb-post\" data-href=\"https:\/\/www.facebook.com\/JurajSeligaPravnik\/posts\/pfbid02yYyMTJEAmSBkhJYXfqEZURPRn9cSiGJATUUFZAKxG2xfeLonfRoJP1X5YCJWLSoil\" data-width=\"500\" data-show-text=\"true\"><blockquote cite=\"https:\/\/www.facebook.com\/JurajSeligaPravnik\/posts\/1259349465987750\" class=\"fb-xfbml-parse-ignore\"><p>P\u00e1n Povoln\u00fd skon\u010dil ako \u0161\u00e9f z\u00e1chraniek &#8211; opera\u010dn\u00e9ho strediska. Ale nebojte sa neodch\u00e1dza \u010faleko, vracia sa do&#8230;<\/p>Uverejnil pou\u017e\u00edvate\u013e <a href=\"https:\/\/www.facebook.com\/JurajSeligaPravnik\">Juraj \u0160eliga<\/a>&nbsp;<a href=\"https:\/\/www.facebook.com\/JurajSeligaPravnik\/posts\/1259349465987750\">Pondelok 11. augusta 2025<\/a><\/blockquote><\/div>\n","protected":false},"excerpt":{"rendered":"<p>P\u00e1n Povoln\u00fd skon\u010dil ako \u0161\u00e9f z\u00e1chraniek &#8211; opera\u010dn\u00e9ho strediska. Vracia sa v\u0161ak \u00a0do Automobilov\u00fdch opravovn\u00ed Ministerstva vn\u00fatra Slovenskej republiky. Odtia\u013e bol uvo\u013enen\u00fd pre slu\u017ebu na Ministerstve zdravotn\u00edctva, resp. z\u00e1chrank\u00e1ch &#8211; opera\u010dnom stredisku.\u00a0 A teraz t\u00e1 slovensk\u00e1 n\u00e1hoda, ktor\u00e1 sa v tomto karpatskom obl\u00faku vyskytuje \u010dasto. V j\u00fali podp\u00edsali BAYERN Centrum &#8211; firma dnes u\u017e zn\u00e1meho [&hellip;]<\/p>\n","protected":false},"author":13,"featured_media":7923,"comment_status":"closed","ping_status":"closed","sticky":false,"template":"","format":"standard","meta":{"_acf_changed":false,"ngg_post_thumbnail":0,"footnotes":""},"categories":[4],"tags":[],"class_list":["post-7922","post","type-post","status-publish","format-standard","has-post-thumbnail","hentry","category-tlacove-spravy"],"acf":[],"yoast_head":"<!-- This site is optimized with the Yoast SEO plugin v27.2 - https:\/\/yoast.com\/product\/yoast-seo-wordpress\/ -->\n<title>O \u010dom bude rozhodova\u0165 p\u00e1n Povoln\u00fd na svojej staronovej poz\u00edci\u00ed?<\/title>\n<meta name=\"robots\" content=\"index, follow, max-snippet:-1, max-image-preview:large, max-video-preview:-1\" \/>\n<link rel=\"canonical\" href=\"https:\/\/www.smedemokrati.sk\/sv\/o-com-bude-rozhodovat-pan-povolny-na-svojej-staronovej-pozicii\/\" \/>\n<meta property=\"og:locale\" content=\"sv_SE\" \/>\n<meta property=\"og:locale:alternate\" content=\"en_US\" \/>\n<meta property=\"og:locale:alternate\" content=\"cs_CZ\" \/>\n<meta property=\"og:locale:alternate\" content=\"hu_HU\" \/>\n<meta property=\"og:locale:alternate\" content=\"sk_SK\" \/>\n<meta property=\"og:type\" content=\"article\" \/>\n<meta property=\"og:title\" content=\"O \u010dom bude rozhodova\u0165 p\u00e1n Povoln\u00fd na svojej staronovej poz\u00edci\u00ed?\" \/>\n<meta property=\"og:description\" content=\"P\u00e1n Povoln\u00fd skon\u010dil ako \u0161\u00e9f z\u00e1chraniek &#8211; opera\u010dn\u00e9ho strediska. Vracia sa v\u0161ak \u00a0do Automobilov\u00fdch opravovn\u00ed Ministerstva vn\u00fatra Slovenskej republiky. Odtia\u013e bol uvo\u013enen\u00fd pre slu\u017ebu na Ministerstve zdravotn\u00edctva, resp. z\u00e1chrank\u00e1ch &#8211; opera\u010dnom stredisku.\u00a0 A teraz t\u00e1 slovensk\u00e1 n\u00e1hoda, ktor\u00e1 sa v tomto karpatskom obl\u00faku vyskytuje \u010dasto. V j\u00fali podp\u00edsali BAYERN Centrum &#8211; firma dnes u\u017e zn\u00e1meho [&hellip;]\" \/>\n<meta property=\"og:url\" content=\"https:\/\/www.smedemokrati.sk\/sv\/o-com-bude-rozhodovat-pan-povolny-na-svojej-staronovej-pozicii\/\" \/>\n<meta property=\"og:site_name\" content=\"Smedemokrati.sk\" \/>\n<meta property=\"article:publisher\" content=\"https:\/\/www.facebook.com\/smedemokrati2023\" \/>\n<meta property=\"article:published_time\" content=\"2025-08-11T15:54:01+00:00\" \/>\n<meta property=\"article:modified_time\" content=\"2025-08-11T15:54:03+00:00\" \/>\n<meta property=\"og:image\" content=\"https:\/\/www.smedemokrati.sk\/wp-content\/uploads\/2025\/08\/531965353_1259349229321107_4666571561524237773_n.jpg\" \/>\n\t<meta property=\"og:image:width\" content=\"370\" \/>\n\t<meta property=\"og:image:height\" content=\"523\" \/>\n\t<meta property=\"og:image:type\" content=\"image\/jpeg\" \/>\n<meta name=\"author\" content=\"miro.sopko\" \/>\n<meta name=\"twitter:card\" content=\"summary_large_image\" \/>\n<meta name=\"twitter:label1\" content=\"Skriven av\" \/>\n\t<meta name=\"twitter:data1\" content=\"miro.sopko\" \/>\n\t<meta name=\"twitter:label2\" content=\"Ber\u00e4knad l\u00e4stid\" \/>\n\t<meta name=\"twitter:data2\" content=\"2 minuter\" \/>\n<script type=\"application\/ld+json\" class=\"yoast-schema-graph\">{\"@context\":\"https:\/\/schema.org\",\"@graph\":[{\"@type\":\"Article\",\"@id\":\"https:\/\/www.smedemokrati.sk\/o-com-bude-rozhodovat-pan-povolny-na-svojej-staronovej-pozicii\/#article\",\"isPartOf\":{\"@id\":\"https:\/\/www.smedemokrati.sk\/o-com-bude-rozhodovat-pan-povolny-na-svojej-staronovej-pozicii\/\"},\"author\":{\"name\":\"miro.sopko\",\"@id\":\"https:\/\/www.smedemokrati.sk\/#\/schema\/person\/21f147c88d605aa7ded900e1e7c344ba\"},\"headline\":\"O \u010dom bude rozhodova\u0165 p\u00e1n Povoln\u00fd na svojej staronovej poz\u00edci\u00ed?\",\"datePublished\":\"2025-08-11T15:54:01+00:00\",\"dateModified\":\"2025-08-11T15:54:03+00:00\",\"mainEntityOfPage\":{\"@id\":\"https:\/\/www.smedemokrati.sk\/o-com-bude-rozhodovat-pan-povolny-na-svojej-staronovej-pozicii\/\"},\"wordCount\":247,\"publisher\":{\"@id\":\"https:\/\/www.smedemokrati.sk\/#organization\"},\"image\":{\"@id\":\"https:\/\/www.smedemokrati.sk\/o-com-bude-rozhodovat-pan-povolny-na-svojej-staronovej-pozicii\/#primaryimage\"},\"thumbnailUrl\":\"https:\/\/www.smedemokrati.sk\/wp-content\/uploads\/2025\/08\/531965353_1259349229321107_4666571561524237773_n.jpg\",\"articleSection\":[\"Tla\u010dov\u00e9 spr\u00e1vy\"],\"inLanguage\":\"sv-SE\"},{\"@type\":\"WebPage\",\"@id\":\"https:\/\/www.smedemokrati.sk\/o-com-bude-rozhodovat-pan-povolny-na-svojej-staronovej-pozicii\/\",\"url\":\"https:\/\/www.smedemokrati.sk\/o-com-bude-rozhodovat-pan-povolny-na-svojej-staronovej-pozicii\/\",\"name\":\"O \u010dom bude rozhodova\u0165 p\u00e1n Povoln\u00fd na svojej staronovej poz\u00edci\u00ed?\",\"isPartOf\":{\"@id\":\"https:\/\/www.smedemokrati.sk\/#website\"},\"primaryImageOfPage\":{\"@id\":\"https:\/\/www.smedemokrati.sk\/o-com-bude-rozhodovat-pan-povolny-na-svojej-staronovej-pozicii\/#primaryimage\"},\"image\":{\"@id\":\"https:\/\/www.smedemokrati.sk\/o-com-bude-rozhodovat-pan-povolny-na-svojej-staronovej-pozicii\/#primaryimage\"},\"thumbnailUrl\":\"https:\/\/www.smedemokrati.sk\/wp-content\/uploads\/2025\/08\/531965353_1259349229321107_4666571561524237773_n.jpg\",\"datePublished\":\"2025-08-11T15:54:01+00:00\",\"dateModified\":\"2025-08-11T15:54:03+00:00\",\"breadcrumb\":{\"@id\":\"https:\/\/www.smedemokrati.sk\/o-com-bude-rozhodovat-pan-povolny-na-svojej-staronovej-pozicii\/#breadcrumb\"},\"inLanguage\":\"sv-SE\",\"potentialAction\":[{\"@type\":\"ReadAction\",\"target\":[\"https:\/\/www.smedemokrati.sk\/o-com-bude-rozhodovat-pan-povolny-na-svojej-staronovej-pozicii\/\"]}]},{\"@type\":\"ImageObject\",\"inLanguage\":\"sv-SE\",\"@id\":\"https:\/\/www.smedemokrati.sk\/o-com-bude-rozhodovat-pan-povolny-na-svojej-staronovej-pozicii\/#primaryimage\",\"url\":\"https:\/\/www.smedemokrati.sk\/wp-content\/uploads\/2025\/08\/531965353_1259349229321107_4666571561524237773_n.jpg\",\"contentUrl\":\"https:\/\/www.smedemokrati.sk\/wp-content\/uploads\/2025\/08\/531965353_1259349229321107_4666571561524237773_n.jpg\",\"width\":370,\"height\":523},{\"@type\":\"BreadcrumbList\",\"@id\":\"https:\/\/www.smedemokrati.sk\/o-com-bude-rozhodovat-pan-povolny-na-svojej-staronovej-pozicii\/#breadcrumb\",\"itemListElement\":[{\"@type\":\"ListItem\",\"position\":1,\"name\":\"Domovsk\u00e1 str\u00e1nka\",\"item\":\"https:\/\/www.smedemokrati.sk\/\"},{\"@type\":\"ListItem\",\"position\":2,\"name\":\"O \u010dom bude rozhodova\u0165 p\u00e1n Povoln\u00fd na svojej staronovej poz\u00edci\u00ed?\"}]},{\"@type\":\"WebSite\",\"@id\":\"https:\/\/www.smedemokrati.sk\/#website\",\"url\":\"https:\/\/www.smedemokrati.sk\/\",\"name\":\"Smedemokrati.sk\",\"description\":\"Demokracia a slu\u0161nos\u0165 zv\u00ed\u0165az\u00ed\",\"publisher\":{\"@id\":\"https:\/\/www.smedemokrati.sk\/#organization\"},\"potentialAction\":[{\"@type\":\"SearchAction\",\"target\":{\"@type\":\"EntryPoint\",\"urlTemplate\":\"https:\/\/www.smedemokrati.sk\/?s={search_term_string}\"},\"query-input\":{\"@type\":\"PropertyValueSpecification\",\"valueRequired\":true,\"valueName\":\"search_term_string\"}}],\"inLanguage\":\"sv-SE\"},{\"@type\":\"Organization\",\"@id\":\"https:\/\/www.smedemokrati.sk\/#organization\",\"name\":\"Smedemokrati.sk\",\"url\":\"https:\/\/www.smedemokrati.sk\/\",\"logo\":{\"@type\":\"ImageObject\",\"inLanguage\":\"sv-SE\",\"@id\":\"https:\/\/www.smedemokrati.sk\/#\/schema\/logo\/image\/\",\"url\":\"https:\/\/www.smedemokrati.sk\/wp-content\/uploads\/2023\/04\/ff.002.jpeg\",\"contentUrl\":\"https:\/\/www.smedemokrati.sk\/wp-content\/uploads\/2023\/04\/ff.002.jpeg\",\"width\":640,\"height\":480,\"caption\":\"Smedemokrati.sk\"},\"image\":{\"@id\":\"https:\/\/www.smedemokrati.sk\/#\/schema\/logo\/image\/\"},\"sameAs\":[\"https:\/\/www.facebook.com\/smedemokrati2023\"]},{\"@type\":\"Person\",\"@id\":\"https:\/\/www.smedemokrati.sk\/#\/schema\/person\/21f147c88d605aa7ded900e1e7c344ba\",\"name\":\"miro.sopko\",\"image\":{\"@type\":\"ImageObject\",\"inLanguage\":\"sv-SE\",\"@id\":\"https:\/\/secure.gravatar.com\/avatar\/267e4a36f704376c109afe3a78740c1f5dd8675a2180a908699e7863c9247606?s=96&d=mm&r=g\",\"url\":\"https:\/\/secure.gravatar.com\/avatar\/267e4a36f704376c109afe3a78740c1f5dd8675a2180a908699e7863c9247606?s=96&d=mm&r=g\",\"contentUrl\":\"https:\/\/secure.gravatar.com\/avatar\/267e4a36f704376c109afe3a78740c1f5dd8675a2180a908699e7863c9247606?s=96&d=mm&r=g\",\"caption\":\"miro.sopko\"},\"url\":\"https:\/\/www.smedemokrati.sk\/sv\/author\/miro-sopko\/\"}]}<\/script>\n<!-- \/ Yoast SEO plugin. -->","yoast_head_json":{"title":"O \u010dom bude rozhodova\u0165 p\u00e1n Povoln\u00fd na svojej staronovej poz\u00edci\u00ed?","robots":{"index":"index","follow":"follow","max-snippet":"max-snippet:-1","max-image-preview":"max-image-preview:large","max-video-preview":"max-video-preview:-1"},"canonical":"https:\/\/www.smedemokrati.sk\/sv\/o-com-bude-rozhodovat-pan-povolny-na-svojej-staronovej-pozicii\/","og_locale":"sv_SE","og_type":"article","og_title":"[:sk]O \u010dom bude rozhodova\u0165 p\u00e1n Povoln\u00fd na svojej staronovej poz\u00edci\u00ed?[:] - Smedemokrati.sk","og_description":"P\u00e1n Povoln\u00fd skon\u010dil ako \u0161\u00e9f z\u00e1chraniek &#8211; opera\u010dn\u00e9ho strediska. Vracia sa v\u0161ak \u00a0do Automobilov\u00fdch opravovn\u00ed Ministerstva vn\u00fatra Slovenskej republiky. Odtia\u013e bol uvo\u013enen\u00fd pre slu\u017ebu na Ministerstve zdravotn\u00edctva, resp. z\u00e1chrank\u00e1ch &#8211; opera\u010dnom stredisku.\u00a0 A teraz t\u00e1 slovensk\u00e1 n\u00e1hoda, ktor\u00e1 sa v tomto karpatskom obl\u00faku vyskytuje \u010dasto. V j\u00fali podp\u00edsali BAYERN Centrum &#8211; firma dnes u\u017e zn\u00e1meho [&hellip;]","og_url":"https:\/\/www.smedemokrati.sk\/sv\/o-com-bude-rozhodovat-pan-povolny-na-svojej-staronovej-pozicii\/","og_site_name":"Smedemokrati.sk","article_publisher":"https:\/\/www.facebook.com\/smedemokrati2023","article_published_time":"2025-08-11T15:54:01+00:00","article_modified_time":"2025-08-11T15:54:03+00:00","og_image":[{"width":370,"height":523,"url":"https:\/\/www.smedemokrati.sk\/wp-content\/uploads\/2025\/08\/531965353_1259349229321107_4666571561524237773_n.jpg","type":"image\/jpeg"}],"author":"miro.sopko","twitter_card":"summary_large_image","twitter_misc":{"Skriven av":"miro.sopko","Ber\u00e4knad l\u00e4stid":"2 minuter"},"schema":{"@context":"https:\/\/schema.org","@graph":[{"@type":"Article","@id":"https:\/\/www.smedemokrati.sk\/o-com-bude-rozhodovat-pan-povolny-na-svojej-staronovej-pozicii\/#article","isPartOf":{"@id":"https:\/\/www.smedemokrati.sk\/o-com-bude-rozhodovat-pan-povolny-na-svojej-staronovej-pozicii\/"},"author":{"name":"miro.sopko","@id":"https:\/\/www.smedemokrati.sk\/#\/schema\/person\/21f147c88d605aa7ded900e1e7c344ba"},"headline":"O \u010dom bude rozhodova\u0165 p\u00e1n Povoln\u00fd na svojej staronovej poz\u00edci\u00ed?","datePublished":"2025-08-11T15:54:01+00:00","dateModified":"2025-08-11T15:54:03+00:00","mainEntityOfPage":{"@id":"https:\/\/www.smedemokrati.sk\/o-com-bude-rozhodovat-pan-povolny-na-svojej-staronovej-pozicii\/"},"wordCount":247,"publisher":{"@id":"https:\/\/www.smedemokrati.sk\/#organization"},"image":{"@id":"https:\/\/www.smedemokrati.sk\/o-com-bude-rozhodovat-pan-povolny-na-svojej-staronovej-pozicii\/#primaryimage"},"thumbnailUrl":"https:\/\/www.smedemokrati.sk\/wp-content\/uploads\/2025\/08\/531965353_1259349229321107_4666571561524237773_n.jpg","articleSection":["Tla\u010dov\u00e9 spr\u00e1vy"],"inLanguage":"sv-SE"},{"@type":"WebPage","@id":"https:\/\/www.smedemokrati.sk\/o-com-bude-rozhodovat-pan-povolny-na-svojej-staronovej-pozicii\/","url":"https:\/\/www.smedemokrati.sk\/o-com-bude-rozhodovat-pan-povolny-na-svojej-staronovej-pozicii\/","name":"O \u010dom bude rozhodova\u0165 p\u00e1n Povoln\u00fd na svojej staronovej poz\u00edci\u00ed?","isPartOf":{"@id":"https:\/\/www.smedemokrati.sk\/#website"},"primaryImageOfPage":{"@id":"https:\/\/www.smedemokrati.sk\/o-com-bude-rozhodovat-pan-povolny-na-svojej-staronovej-pozicii\/#primaryimage"},"image":{"@id":"https:\/\/www.smedemokrati.sk\/o-com-bude-rozhodovat-pan-povolny-na-svojej-staronovej-pozicii\/#primaryimage"},"thumbnailUrl":"https:\/\/www.smedemokrati.sk\/wp-content\/uploads\/2025\/08\/531965353_1259349229321107_4666571561524237773_n.jpg","datePublished":"2025-08-11T15:54:01+00:00","dateModified":"2025-08-11T15:54:03+00:00","breadcrumb":{"@id":"https:\/\/www.smedemokrati.sk\/o-com-bude-rozhodovat-pan-povolny-na-svojej-staronovej-pozicii\/#breadcrumb"},"inLanguage":"sv-SE","potentialAction":[{"@type":"ReadAction","target":["https:\/\/www.smedemokrati.sk\/o-com-bude-rozhodovat-pan-povolny-na-svojej-staronovej-pozicii\/"]}]},{"@type":"ImageObject","inLanguage":"sv-SE","@id":"https:\/\/www.smedemokrati.sk\/o-com-bude-rozhodovat-pan-povolny-na-svojej-staronovej-pozicii\/#primaryimage","url":"https:\/\/www.smedemokrati.sk\/wp-content\/uploads\/2025\/08\/531965353_1259349229321107_4666571561524237773_n.jpg","contentUrl":"https:\/\/www.smedemokrati.sk\/wp-content\/uploads\/2025\/08\/531965353_1259349229321107_4666571561524237773_n.jpg","width":370,"height":523},{"@type":"BreadcrumbList","@id":"https:\/\/www.smedemokrati.sk\/o-com-bude-rozhodovat-pan-povolny-na-svojej-staronovej-pozicii\/#breadcrumb","itemListElement":[{"@type":"ListItem","position":1,"name":"Domovsk\u00e1 str\u00e1nka","item":"https:\/\/www.smedemokrati.sk\/"},{"@type":"ListItem","position":2,"name":"O \u010dom bude rozhodova\u0165 p\u00e1n Povoln\u00fd na svojej staronovej poz\u00edci\u00ed?"}]},{"@type":"WebSite","@id":"https:\/\/www.smedemokrati.sk\/#website","url":"https:\/\/www.smedemokrati.sk\/","name":"Smedemokrati.sk","description":"Demokracia a slu\u0161nos\u0165 zv\u00ed\u0165az\u00ed","publisher":{"@id":"https:\/\/www.smedemokrati.sk\/#organization"},"potentialAction":[{"@type":"SearchAction","target":{"@type":"EntryPoint","urlTemplate":"https:\/\/www.smedemokrati.sk\/?s={search_term_string}"},"query-input":{"@type":"PropertyValueSpecification","valueRequired":true,"valueName":"search_term_string"}}],"inLanguage":"sv-SE"},{"@type":"Organization","@id":"https:\/\/www.smedemokrati.sk\/#organization","name":"Smedemokrati.sk","url":"https:\/\/www.smedemokrati.sk\/","logo":{"@type":"ImageObject","inLanguage":"sv-SE","@id":"https:\/\/www.smedemokrati.sk\/#\/schema\/logo\/image\/","url":"https:\/\/www.smedemokrati.sk\/wp-content\/uploads\/2023\/04\/ff.002.jpeg","contentUrl":"https:\/\/www.smedemokrati.sk\/wp-content\/uploads\/2023\/04\/ff.002.jpeg","width":640,"height":480,"caption":"Smedemokrati.sk"},"image":{"@id":"https:\/\/www.smedemokrati.sk\/#\/schema\/logo\/image\/"},"sameAs":["https:\/\/www.facebook.com\/smedemokrati2023"]},{"@type":"Person","@id":"https:\/\/www.smedemokrati.sk\/#\/schema\/person\/21f147c88d605aa7ded900e1e7c344ba","name":"miro.sopko","image":{"@type":"ImageObject","inLanguage":"sv-SE","@id":"https:\/\/secure.gravatar.com\/avatar\/267e4a36f704376c109afe3a78740c1f5dd8675a2180a908699e7863c9247606?s=96&d=mm&r=g","url":"https:\/\/secure.gravatar.com\/avatar\/267e4a36f704376c109afe3a78740c1f5dd8675a2180a908699e7863c9247606?s=96&d=mm&r=g","contentUrl":"https:\/\/secure.gravatar.com\/avatar\/267e4a36f704376c109afe3a78740c1f5dd8675a2180a908699e7863c9247606?s=96&d=mm&r=g","caption":"miro.sopko"},"url":"https:\/\/www.smedemokrati.sk\/sv\/author\/miro-sopko\/"}]}},"_links":{"self":[{"href":"https:\/\/www.smedemokrati.sk\/sv\/wp-json\/wp\/v2\/posts\/7922","targetHints":{"allow":["GET"]}}],"collection":[{"href":"https:\/\/www.smedemokrati.sk\/sv\/wp-json\/wp\/v2\/posts"}],"about":[{"href":"https:\/\/www.smedemokrati.sk\/sv\/wp-json\/wp\/v2\/types\/post"}],"author":[{"embeddable":true,"href":"https:\/\/www.smedemokrati.sk\/sv\/wp-json\/wp\/v2\/users\/13"}],"replies":[{"embeddable":true,"href":"https:\/\/www.smedemokrati.sk\/sv\/wp-json\/wp\/v2\/comments?post=7922"}],"version-history":[{"count":1,"href":"https:\/\/www.smedemokrati.sk\/sv\/wp-json\/wp\/v2\/posts\/7922\/revisions"}],"predecessor-version":[{"id":7924,"href":"https:\/\/www.smedemokrati.sk\/sv\/wp-json\/wp\/v2\/posts\/7922\/revisions\/7924"}],"wp:featuredmedia":[{"embeddable":true,"href":"https:\/\/www.smedemokrati.sk\/sv\/wp-json\/wp\/v2\/media\/7923"}],"wp:attachment":[{"href":"https:\/\/www.smedemokrati.sk\/sv\/wp-json\/wp\/v2\/media?parent=7922"}],"wp:term":[{"taxonomy":"category","embeddable":true,"href":"https:\/\/www.smedemokrati.sk\/sv\/wp-json\/wp\/v2\/categories?post=7922"},{"taxonomy":"post_tag","embeddable":true,"href":"https:\/\/www.smedemokrati.sk\/sv\/wp-json\/wp\/v2\/tags?post=7922"}],"curies":[{"name":"wp","href":"https:\/\/api.w.org\/{rel}","templated":true}]}}