{"id":7906,"date":"2025-08-08T15:34:07","date_gmt":"2025-08-08T14:34:07","guid":{"rendered":"https:\/\/www.smedemokrati.sk\/?p=7906"},"modified":"2025-08-08T15:34:49","modified_gmt":"2025-08-08T14:34:49","slug":"kuffa-utajuje-zonacie-ktore-idu-po-ruke-developerom-a-mozu-ohrozit-plan-obnovy","status":"publish","type":"post","link":"https:\/\/www.smedemokrati.sk\/sv\/kuffa-utajuje-zonacie-ktore-idu-po-ruke-developerom-a-mozu-ohrozit-plan-obnovy\/","title":{"rendered":"Kuffa utajuje zon\u00e1cie, ktor\u00e9 id\u00fa po ruke developerom a m\u00f4\u017eu ohrozi\u0165 pl\u00e1n obnovy"},"content":{"rendered":"<div id=\"fb-root\"><\/div>\n\n<p><strong>N\u00e1vrhy zon\u00e1ci\u00ed Tatransk\u00e9ho n\u00e1rodn\u00e9ho parku (TANAP) a N\u00e1rodn\u00e9ho parku N\u00edzke Tatry (NAPANT) napriek vyhl\u00e1seniam Filipa Kuffu nie s\u00fa dodnes pr\u00edstupn\u00e9 verejnosti. Okrem mas\u00edvnych \u00fastupkov developerom ved\u00facim k mo\u017enej privatiz\u00e1cii pozemkov pod zjazdovkami hroz\u00ed aj ich nes\u00falad s po\u017eiadavkami a term\u00ednmi Pl\u00e1nu obnovy vo vz\u0165ahu k platbe za 577 mil. eur. Proces sprev\u00e1dzaj\u00fa podozriv\u00e9 okolnosti, akou je oklamanie Rady TANAP-u, nes\u00falad medzi Kuffov\u00fdmi vyhl\u00e1seniami a p\u00edsomn\u00fdmi pokynmi alebo odmietnutie spr\u00edstupnenia zon\u00e1cie zo strany NAPANT-u. Pre mo\u017en\u00e9 pr\u00e1vne pochybenia sa op\u00e4tovne obr\u00e1time na Krajsk\u00fa prokurat\u00faru v Pre\u0161ove a budeme po\u017eadova\u0165 stretnutie so z\u00e1stupcami Eur\u00f3pskej komisie.<\/strong>\u00a0<\/p>\n\n\n\n<p>Proces prerokovania zon\u00e1ci\u00ed tatransk\u00fdch n\u00e1rodn\u00fdch parkov s verejnos\u0165ou nebol dodnes zo strany pr\u00edslu\u0161n\u00fdch okresn\u00fdch \u00faradov za\u010dat\u00fd a n\u00e1vrhy neboli zverejnen\u00e9, hoci pod\u013ea Kuffu mali by\u0165 u\u017e v utorok (5. augusta) predlo\u017een\u00e9 okresn\u00fdm \u00faradom. Nielen z h\u013eadiska nedodr\u017eania term\u00ednov, ale aj obsahu m\u00f4\u017eu by\u0165 zon\u00e1cie v rozpore s po\u017eiadavkami pl\u00e1nu obnovy chr\u00e1ni\u0165 najcennej\u0161ie lokality pralesov alebo v\u00fdskyt hluch\u00e1\u0148a h\u00f4rneho, \u010do by priamo ohrozilo \u00f4smu \u017eiados\u0165 o platbu za 577 mil. eur. Z dokumentov, ktor\u00fdmi ale disponujeme, vypl\u00fdva, \u017ee v cenn\u00fdch oblastiach doch\u00e1dza ku \u0161kandal\u00f3znym \u00fastupkom developerov.  <em><em>\u201e<\/em>Preradenie pozemkov pod zjazdovkami do tzv. D z\u00f3ny (druh\u00fd stupe\u0148 ochrany), z\u00e1sadne roz\u0161\u00edri mo\u017enosti ich privatiz\u00e1cie, teda prevodov a z\u00e1mien v prospech developerov. Odhadom sa m\u00f4\u017ee jedna\u0165 aj o viac ako 200 hekt\u00e1rov v oboch n\u00e1rodn\u00fdch parkov. Preradenie t\u00fdchto pozemkov do D z\u00f3ny umo\u017en\u00ed prelety vrtu\u013en\u00edkom, umiest\u0148ovanie stavieb, z\u00e1sahy do p\u00f4dy, aplik\u00e1ciu chemick\u00fdch l\u00e1tok, \u010fal\u0161ie v\u00fdruby \u010di organiz\u00e1ciu spolo\u010densk\u00fdch, \u010d\u00edm z\u00e1rove\u0148 oslab\u00ed ochranu pr\u00edrody v bezprostrednej bl\u00edzkosti vz\u00e1cnych \u00fazem\u00ed<\/em>,\u201d uv\u00e1dza probl\u00e9m Michal Ki\u010da, enviroexpert Demokratov.\u00a0<\/p>\n\n\n\n<p>Naviac, s Radou TANAP-u bola 14. j\u00fala prerokovan\u00e1 in\u00e1 verzia zon\u00e1cie, bez zjazdoviek v D z\u00f3ne, \u010do pova\u017eujeme za netransparentn\u00e9 a za podvod na rade n\u00e1rodn\u00e9ho parku. Rovnako \u0161okuj\u00face je, \u017ee NAPANT n\u00e1m odmietol spr\u00edstupni\u0165 n\u00e1vrh zon\u00e1cie, preto\u017ee \u0148ou zatia\u013e \u00fadajne nedisponuj\u00fa v elektronickej forme. To sa v\u0161ak vylu\u010duje s Kuffov\u00fdmi tvrdeniami, \u017ee zon\u00e1cie boli v utorok predlo\u017een\u00e9 okresn\u00fdm \u00faradom, ktor\u00fdm spr\u00e1vy n\u00e1rodn\u00fdch parkov musia zon\u00e1cie doru\u010di\u0165 aj v elektronickej podobe. <em><em>\u201e<\/em>Pre\u010do Kuffa zon\u00e1cie utajuje pred verejnos\u0165ou? Z d\u00f4vodu \u0161kandal\u00f3znych \u00fastkupkov developerom? Alebo hral v utorok iba divadlo pre Eur\u00f3psku komisiu? \u010ci preto, lebo obsahuj\u00fa mno\u017estvo ch\u00fdb? Zon\u00e1cia TANAP-u m\u00f4\u017ee ma\u0165 aj pr\u00e1vny probl\u00e9m. Do dne\u0161n\u00e9ho d\u0148a neevidujem ako pod\u00e1vate\u013e podnetu proti skor\u0161iemu n\u00e1vrhu zon\u00e1cie rozhodnutie Okresn\u00e9ho \u00faradu Pre\u0161ov, ktor\u00fdm by vyhovel protestu prokur\u00e1tora vo forme rozhodnutia. Ak nebol riadne a vecne v zmysle z\u00e1kona o prokurat\u00fare zru\u0161en\u00fd p\u00f4vodn\u00fd proces, vznik\u00e1 tu prek\u00e1\u017eka a duplicita iniciovania novej zon\u00e1cie TANAP-u<\/em>,\u201d kritizuje Michal Ki\u010da.\u00a0<\/p>\n\n\n\n<p>Disponujeme \u010falej Kuffov\u00fdm listom, v ktorom riadite\u013eom n\u00e1rodn\u00fdch parkov uklad\u00e1 zabezpe\u010di\u0165 s\u00falad zon\u00e1ci\u00ed s pl\u00e1nom obnovy, av\u0161ak verejne deklaruje rozhodnutia nezlu\u010dite\u013en\u00e9 s po\u017eiadavkami na zon\u00e1cie. Z jeho strany tak ide o alibizmus a snahu o zbavenie sa zodpovednosti, aby mal v pr\u00edpade probl\u00e9mov, ktor\u00e9 nes\u00falad zon\u00e1ci\u00ed s pl\u00e1nom obnovy m\u00f4\u017ee sp\u00f4sobi\u0165, krytie. V kone\u010dnom d\u00f4sledku tak zodpovednos\u0165 za mo\u017en\u00e9 ohrozenie st\u00e1mili\u00f3nov z pl\u00e1nu obnovy bud\u00fa nies\u0165 Kuffovi nominanti, ktor\u00fdch ale on nebude ma\u0165 probl\u00e9m pri prvej pr\u00edle\u017eitosti obetova\u0165.&nbsp;<\/p>\n\n\n\n<p>No a Taraba namiesto rie\u0161enia probl\u00e9mov ml\u010d\u00ed.  <em><em>\u201e<\/em>Vedenie envirorezortu uprednost\u0148uje po\u0161kodzovanie pr\u00edrody, ide po ruke developerom, zav\u00e1dza radu n\u00e1rodn\u00e9ho parku,\u00a0 Eur\u00f3psku komisiu a slovensk\u00fa verejnos\u0165, zon\u00e1cie zatajuje a pritom v\u0161etkom ohrozuje \u010derpanie pl\u00e1nu obnovy. Za \u0161tvrtej vl\u00e1dy Roberta Fica sa m\u00f4\u017eeme v\u00fdrazne pribl\u00ed\u017ei\u0165 k privatiz\u00e1cii Vysok\u00fdch Tatier. Aby sme tomu predi\u0161li, pros\u00edm verejnos\u0165 o z\u00e1ujem o na\u0161e n\u00e1rodn\u00e9 parky, obr\u00e1tim sa s \u010fal\u0161\u00edm podnetom na prokurat\u00faru a vy\u017eiadam si stretnutie so z\u00e1stupcami Eur\u00f3pskej komisie,<\/em>\u201d uzavrel Michal Ki\u010da.<\/p>\n\n\n<div class=\"fb-video\" data-href=\"https:\/\/fb.watch\/BlJ3r8iLbV\" data-allowfullscreen=\"true\" data-autoplay=\"false\" data-width=\"\" data-show-text=\"false\" data-show-captions=\"true\"><\/div>\n","protected":false},"excerpt":{"rendered":"<p>N\u00e1vrhy zon\u00e1ci\u00ed Tatransk\u00e9ho n\u00e1rodn\u00e9ho parku (TANAP) a N\u00e1rodn\u00e9ho parku N\u00edzke Tatry (NAPANT) napriek vyhl\u00e1seniam Filipa Kuffu nie s\u00fa dodnes pr\u00edstupn\u00e9 verejnosti. Okrem mas\u00edvnych \u00fastupkov developerom ved\u00facim k mo\u017enej privatiz\u00e1cii pozemkov pod zjazdovkami hroz\u00ed aj ich nes\u00falad s po\u017eiadavkami a term\u00ednmi Pl\u00e1nu obnovy vo vz\u0165ahu k platbe za 577 mil. eur. Proces sprev\u00e1dzaj\u00fa podozriv\u00e9 okolnosti, akou [&hellip;]<\/p>\n","protected":false},"author":13,"featured_media":7908,"comment_status":"closed","ping_status":"closed","sticky":false,"template":"","format":"standard","meta":{"_acf_changed":false,"ngg_post_thumbnail":0,"footnotes":""},"categories":[4],"tags":[],"class_list":["post-7906","post","type-post","status-publish","format-standard","has-post-thumbnail","hentry","category-tlacove-spravy"],"acf":[],"yoast_head":"<!-- This site is optimized with the Yoast SEO plugin v27.2 - https:\/\/yoast.com\/product\/yoast-seo-wordpress\/ -->\n<title>Kuffa utajuje zon\u00e1cie, ktor\u00e9 id\u00fa po ruke developerom a m\u00f4\u017eu ohrozi\u0165 pl\u00e1n obnovy<\/title>\n<meta name=\"robots\" content=\"index, follow, max-snippet:-1, max-image-preview:large, max-video-preview:-1\" \/>\n<link rel=\"canonical\" href=\"https:\/\/www.smedemokrati.sk\/sv\/kuffa-utajuje-zonacie-ktore-idu-po-ruke-developerom-a-mozu-ohrozit-plan-obnovy\/\" \/>\n<meta property=\"og:locale\" content=\"sv_SE\" \/>\n<meta property=\"og:locale:alternate\" content=\"en_US\" \/>\n<meta property=\"og:locale:alternate\" content=\"cs_CZ\" \/>\n<meta property=\"og:locale:alternate\" content=\"hu_HU\" \/>\n<meta property=\"og:locale:alternate\" content=\"sk_SK\" \/>\n<meta property=\"og:type\" content=\"article\" \/>\n<meta property=\"og:title\" content=\"Kuffa utajuje zon\u00e1cie, ktor\u00e9 id\u00fa po ruke developerom a m\u00f4\u017eu ohrozi\u0165 pl\u00e1n obnovy\" \/>\n<meta property=\"og:description\" content=\"N\u00e1vrhy zon\u00e1ci\u00ed Tatransk\u00e9ho n\u00e1rodn\u00e9ho parku (TANAP) a N\u00e1rodn\u00e9ho parku N\u00edzke Tatry (NAPANT) napriek vyhl\u00e1seniam Filipa Kuffu nie s\u00fa dodnes pr\u00edstupn\u00e9 verejnosti. Okrem mas\u00edvnych \u00fastupkov developerom ved\u00facim k mo\u017enej privatiz\u00e1cii pozemkov pod zjazdovkami hroz\u00ed aj ich nes\u00falad s po\u017eiadavkami a term\u00ednmi Pl\u00e1nu obnovy vo vz\u0165ahu k platbe za 577 mil. eur. Proces sprev\u00e1dzaj\u00fa podozriv\u00e9 okolnosti, akou [&hellip;]\" \/>\n<meta property=\"og:url\" content=\"https:\/\/www.smedemokrati.sk\/sv\/kuffa-utajuje-zonacie-ktore-idu-po-ruke-developerom-a-mozu-ohrozit-plan-obnovy\/\" \/>\n<meta property=\"og:site_name\" content=\"Smedemokrati.sk\" \/>\n<meta property=\"article:publisher\" content=\"https:\/\/www.facebook.com\/smedemokrati2023\" \/>\n<meta property=\"article:published_time\" content=\"2025-08-08T14:34:07+00:00\" \/>\n<meta property=\"article:modified_time\" content=\"2025-08-08T14:34:49+00:00\" \/>\n<meta property=\"og:image\" content=\"https:\/\/www.smedemokrati.sk\/wp-content\/uploads\/2025\/08\/530366480_741151988893667_5939490059524407487_n.jpg\" \/>\n\t<meta property=\"og:image:width\" content=\"1078\" \/>\n\t<meta property=\"og:image:height\" content=\"1300\" \/>\n\t<meta property=\"og:image:type\" content=\"image\/jpeg\" \/>\n<meta name=\"author\" content=\"miro.sopko\" \/>\n<meta name=\"twitter:card\" content=\"summary_large_image\" \/>\n<meta name=\"twitter:label1\" content=\"Skriven av\" \/>\n\t<meta name=\"twitter:data1\" content=\"miro.sopko\" \/>\n\t<meta name=\"twitter:label2\" content=\"Ber\u00e4knad l\u00e4stid\" \/>\n\t<meta name=\"twitter:data2\" content=\"4 minuter\" \/>\n<script type=\"application\/ld+json\" class=\"yoast-schema-graph\">{\"@context\":\"https:\/\/schema.org\",\"@graph\":[{\"@type\":\"Article\",\"@id\":\"https:\/\/www.smedemokrati.sk\/kuffa-utajuje-zonacie-ktore-idu-po-ruke-developerom-a-mozu-ohrozit-plan-obnovy\/#article\",\"isPartOf\":{\"@id\":\"https:\/\/www.smedemokrati.sk\/kuffa-utajuje-zonacie-ktore-idu-po-ruke-developerom-a-mozu-ohrozit-plan-obnovy\/\"},\"author\":{\"name\":\"miro.sopko\",\"@id\":\"https:\/\/www.smedemokrati.sk\/#\/schema\/person\/21f147c88d605aa7ded900e1e7c344ba\"},\"headline\":\"Kuffa utajuje zon\u00e1cie, ktor\u00e9 id\u00fa po ruke developerom a m\u00f4\u017eu ohrozi\u0165 pl\u00e1n obnovy\",\"datePublished\":\"2025-08-08T14:34:07+00:00\",\"dateModified\":\"2025-08-08T14:34:49+00:00\",\"mainEntityOfPage\":{\"@id\":\"https:\/\/www.smedemokrati.sk\/kuffa-utajuje-zonacie-ktore-idu-po-ruke-developerom-a-mozu-ohrozit-plan-obnovy\/\"},\"wordCount\":798,\"publisher\":{\"@id\":\"https:\/\/www.smedemokrati.sk\/#organization\"},\"image\":{\"@id\":\"https:\/\/www.smedemokrati.sk\/kuffa-utajuje-zonacie-ktore-idu-po-ruke-developerom-a-mozu-ohrozit-plan-obnovy\/#primaryimage\"},\"thumbnailUrl\":\"https:\/\/www.smedemokrati.sk\/wp-content\/uploads\/2025\/08\/530366480_741151988893667_5939490059524407487_n.jpg\",\"articleSection\":[\"Tla\u010dov\u00e9 spr\u00e1vy\"],\"inLanguage\":\"sv-SE\"},{\"@type\":\"WebPage\",\"@id\":\"https:\/\/www.smedemokrati.sk\/kuffa-utajuje-zonacie-ktore-idu-po-ruke-developerom-a-mozu-ohrozit-plan-obnovy\/\",\"url\":\"https:\/\/www.smedemokrati.sk\/kuffa-utajuje-zonacie-ktore-idu-po-ruke-developerom-a-mozu-ohrozit-plan-obnovy\/\",\"name\":\"Kuffa utajuje zon\u00e1cie, ktor\u00e9 id\u00fa po ruke developerom a m\u00f4\u017eu ohrozi\u0165 pl\u00e1n obnovy\",\"isPartOf\":{\"@id\":\"https:\/\/www.smedemokrati.sk\/#website\"},\"primaryImageOfPage\":{\"@id\":\"https:\/\/www.smedemokrati.sk\/kuffa-utajuje-zonacie-ktore-idu-po-ruke-developerom-a-mozu-ohrozit-plan-obnovy\/#primaryimage\"},\"image\":{\"@id\":\"https:\/\/www.smedemokrati.sk\/kuffa-utajuje-zonacie-ktore-idu-po-ruke-developerom-a-mozu-ohrozit-plan-obnovy\/#primaryimage\"},\"thumbnailUrl\":\"https:\/\/www.smedemokrati.sk\/wp-content\/uploads\/2025\/08\/530366480_741151988893667_5939490059524407487_n.jpg\",\"datePublished\":\"2025-08-08T14:34:07+00:00\",\"dateModified\":\"2025-08-08T14:34:49+00:00\",\"breadcrumb\":{\"@id\":\"https:\/\/www.smedemokrati.sk\/kuffa-utajuje-zonacie-ktore-idu-po-ruke-developerom-a-mozu-ohrozit-plan-obnovy\/#breadcrumb\"},\"inLanguage\":\"sv-SE\",\"potentialAction\":[{\"@type\":\"ReadAction\",\"target\":[\"https:\/\/www.smedemokrati.sk\/kuffa-utajuje-zonacie-ktore-idu-po-ruke-developerom-a-mozu-ohrozit-plan-obnovy\/\"]}]},{\"@type\":\"ImageObject\",\"inLanguage\":\"sv-SE\",\"@id\":\"https:\/\/www.smedemokrati.sk\/kuffa-utajuje-zonacie-ktore-idu-po-ruke-developerom-a-mozu-ohrozit-plan-obnovy\/#primaryimage\",\"url\":\"https:\/\/www.smedemokrati.sk\/wp-content\/uploads\/2025\/08\/530366480_741151988893667_5939490059524407487_n.jpg\",\"contentUrl\":\"https:\/\/www.smedemokrati.sk\/wp-content\/uploads\/2025\/08\/530366480_741151988893667_5939490059524407487_n.jpg\",\"width\":1078,\"height\":1300},{\"@type\":\"BreadcrumbList\",\"@id\":\"https:\/\/www.smedemokrati.sk\/kuffa-utajuje-zonacie-ktore-idu-po-ruke-developerom-a-mozu-ohrozit-plan-obnovy\/#breadcrumb\",\"itemListElement\":[{\"@type\":\"ListItem\",\"position\":1,\"name\":\"Domovsk\u00e1 str\u00e1nka\",\"item\":\"https:\/\/www.smedemokrati.sk\/\"},{\"@type\":\"ListItem\",\"position\":2,\"name\":\"Kuffa utajuje zon\u00e1cie, ktor\u00e9 id\u00fa po ruke developerom a m\u00f4\u017eu ohrozi\u0165 pl\u00e1n obnovy\"}]},{\"@type\":\"WebSite\",\"@id\":\"https:\/\/www.smedemokrati.sk\/#website\",\"url\":\"https:\/\/www.smedemokrati.sk\/\",\"name\":\"Smedemokrati.sk\",\"description\":\"Demokracia a slu\u0161nos\u0165 zv\u00ed\u0165az\u00ed\",\"publisher\":{\"@id\":\"https:\/\/www.smedemokrati.sk\/#organization\"},\"potentialAction\":[{\"@type\":\"SearchAction\",\"target\":{\"@type\":\"EntryPoint\",\"urlTemplate\":\"https:\/\/www.smedemokrati.sk\/?s={search_term_string}\"},\"query-input\":{\"@type\":\"PropertyValueSpecification\",\"valueRequired\":true,\"valueName\":\"search_term_string\"}}],\"inLanguage\":\"sv-SE\"},{\"@type\":\"Organization\",\"@id\":\"https:\/\/www.smedemokrati.sk\/#organization\",\"name\":\"Smedemokrati.sk\",\"url\":\"https:\/\/www.smedemokrati.sk\/\",\"logo\":{\"@type\":\"ImageObject\",\"inLanguage\":\"sv-SE\",\"@id\":\"https:\/\/www.smedemokrati.sk\/#\/schema\/logo\/image\/\",\"url\":\"https:\/\/www.smedemokrati.sk\/wp-content\/uploads\/2023\/04\/ff.002.jpeg\",\"contentUrl\":\"https:\/\/www.smedemokrati.sk\/wp-content\/uploads\/2023\/04\/ff.002.jpeg\",\"width\":640,\"height\":480,\"caption\":\"Smedemokrati.sk\"},\"image\":{\"@id\":\"https:\/\/www.smedemokrati.sk\/#\/schema\/logo\/image\/\"},\"sameAs\":[\"https:\/\/www.facebook.com\/smedemokrati2023\"]},{\"@type\":\"Person\",\"@id\":\"https:\/\/www.smedemokrati.sk\/#\/schema\/person\/21f147c88d605aa7ded900e1e7c344ba\",\"name\":\"miro.sopko\",\"image\":{\"@type\":\"ImageObject\",\"inLanguage\":\"sv-SE\",\"@id\":\"https:\/\/secure.gravatar.com\/avatar\/267e4a36f704376c109afe3a78740c1f5dd8675a2180a908699e7863c9247606?s=96&d=mm&r=g\",\"url\":\"https:\/\/secure.gravatar.com\/avatar\/267e4a36f704376c109afe3a78740c1f5dd8675a2180a908699e7863c9247606?s=96&d=mm&r=g\",\"contentUrl\":\"https:\/\/secure.gravatar.com\/avatar\/267e4a36f704376c109afe3a78740c1f5dd8675a2180a908699e7863c9247606?s=96&d=mm&r=g\",\"caption\":\"miro.sopko\"},\"url\":\"https:\/\/www.smedemokrati.sk\/sv\/author\/miro-sopko\/\"}]}<\/script>\n<!-- \/ Yoast SEO plugin. -->","yoast_head_json":{"title":"Kuffa utajuje zon\u00e1cie, ktor\u00e9 id\u00fa po ruke developerom a m\u00f4\u017eu ohrozi\u0165 pl\u00e1n obnovy","robots":{"index":"index","follow":"follow","max-snippet":"max-snippet:-1","max-image-preview":"max-image-preview:large","max-video-preview":"max-video-preview:-1"},"canonical":"https:\/\/www.smedemokrati.sk\/sv\/kuffa-utajuje-zonacie-ktore-idu-po-ruke-developerom-a-mozu-ohrozit-plan-obnovy\/","og_locale":"sv_SE","og_type":"article","og_title":"[:sk]Kuffa utajuje zon\u00e1cie, ktor\u00e9 id\u00fa po ruke developerom a m\u00f4\u017eu ohrozi\u0165 pl\u00e1n obnovy[:] - Smedemokrati.sk","og_description":"N\u00e1vrhy zon\u00e1ci\u00ed Tatransk\u00e9ho n\u00e1rodn\u00e9ho parku (TANAP) a N\u00e1rodn\u00e9ho parku N\u00edzke Tatry (NAPANT) napriek vyhl\u00e1seniam Filipa Kuffu nie s\u00fa dodnes pr\u00edstupn\u00e9 verejnosti. Okrem mas\u00edvnych \u00fastupkov developerom ved\u00facim k mo\u017enej privatiz\u00e1cii pozemkov pod zjazdovkami hroz\u00ed aj ich nes\u00falad s po\u017eiadavkami a term\u00ednmi Pl\u00e1nu obnovy vo vz\u0165ahu k platbe za 577 mil. eur. Proces sprev\u00e1dzaj\u00fa podozriv\u00e9 okolnosti, akou [&hellip;]","og_url":"https:\/\/www.smedemokrati.sk\/sv\/kuffa-utajuje-zonacie-ktore-idu-po-ruke-developerom-a-mozu-ohrozit-plan-obnovy\/","og_site_name":"Smedemokrati.sk","article_publisher":"https:\/\/www.facebook.com\/smedemokrati2023","article_published_time":"2025-08-08T14:34:07+00:00","article_modified_time":"2025-08-08T14:34:49+00:00","og_image":[{"width":1078,"height":1300,"url":"https:\/\/www.smedemokrati.sk\/wp-content\/uploads\/2025\/08\/530366480_741151988893667_5939490059524407487_n.jpg","type":"image\/jpeg"}],"author":"miro.sopko","twitter_card":"summary_large_image","twitter_misc":{"Skriven av":"miro.sopko","Ber\u00e4knad l\u00e4stid":"4 minuter"},"schema":{"@context":"https:\/\/schema.org","@graph":[{"@type":"Article","@id":"https:\/\/www.smedemokrati.sk\/kuffa-utajuje-zonacie-ktore-idu-po-ruke-developerom-a-mozu-ohrozit-plan-obnovy\/#article","isPartOf":{"@id":"https:\/\/www.smedemokrati.sk\/kuffa-utajuje-zonacie-ktore-idu-po-ruke-developerom-a-mozu-ohrozit-plan-obnovy\/"},"author":{"name":"miro.sopko","@id":"https:\/\/www.smedemokrati.sk\/#\/schema\/person\/21f147c88d605aa7ded900e1e7c344ba"},"headline":"Kuffa utajuje zon\u00e1cie, ktor\u00e9 id\u00fa po ruke developerom a m\u00f4\u017eu ohrozi\u0165 pl\u00e1n obnovy","datePublished":"2025-08-08T14:34:07+00:00","dateModified":"2025-08-08T14:34:49+00:00","mainEntityOfPage":{"@id":"https:\/\/www.smedemokrati.sk\/kuffa-utajuje-zonacie-ktore-idu-po-ruke-developerom-a-mozu-ohrozit-plan-obnovy\/"},"wordCount":798,"publisher":{"@id":"https:\/\/www.smedemokrati.sk\/#organization"},"image":{"@id":"https:\/\/www.smedemokrati.sk\/kuffa-utajuje-zonacie-ktore-idu-po-ruke-developerom-a-mozu-ohrozit-plan-obnovy\/#primaryimage"},"thumbnailUrl":"https:\/\/www.smedemokrati.sk\/wp-content\/uploads\/2025\/08\/530366480_741151988893667_5939490059524407487_n.jpg","articleSection":["Tla\u010dov\u00e9 spr\u00e1vy"],"inLanguage":"sv-SE"},{"@type":"WebPage","@id":"https:\/\/www.smedemokrati.sk\/kuffa-utajuje-zonacie-ktore-idu-po-ruke-developerom-a-mozu-ohrozit-plan-obnovy\/","url":"https:\/\/www.smedemokrati.sk\/kuffa-utajuje-zonacie-ktore-idu-po-ruke-developerom-a-mozu-ohrozit-plan-obnovy\/","name":"Kuffa utajuje zon\u00e1cie, ktor\u00e9 id\u00fa po ruke developerom a m\u00f4\u017eu ohrozi\u0165 pl\u00e1n obnovy","isPartOf":{"@id":"https:\/\/www.smedemokrati.sk\/#website"},"primaryImageOfPage":{"@id":"https:\/\/www.smedemokrati.sk\/kuffa-utajuje-zonacie-ktore-idu-po-ruke-developerom-a-mozu-ohrozit-plan-obnovy\/#primaryimage"},"image":{"@id":"https:\/\/www.smedemokrati.sk\/kuffa-utajuje-zonacie-ktore-idu-po-ruke-developerom-a-mozu-ohrozit-plan-obnovy\/#primaryimage"},"thumbnailUrl":"https:\/\/www.smedemokrati.sk\/wp-content\/uploads\/2025\/08\/530366480_741151988893667_5939490059524407487_n.jpg","datePublished":"2025-08-08T14:34:07+00:00","dateModified":"2025-08-08T14:34:49+00:00","breadcrumb":{"@id":"https:\/\/www.smedemokrati.sk\/kuffa-utajuje-zonacie-ktore-idu-po-ruke-developerom-a-mozu-ohrozit-plan-obnovy\/#breadcrumb"},"inLanguage":"sv-SE","potentialAction":[{"@type":"ReadAction","target":["https:\/\/www.smedemokrati.sk\/kuffa-utajuje-zonacie-ktore-idu-po-ruke-developerom-a-mozu-ohrozit-plan-obnovy\/"]}]},{"@type":"ImageObject","inLanguage":"sv-SE","@id":"https:\/\/www.smedemokrati.sk\/kuffa-utajuje-zonacie-ktore-idu-po-ruke-developerom-a-mozu-ohrozit-plan-obnovy\/#primaryimage","url":"https:\/\/www.smedemokrati.sk\/wp-content\/uploads\/2025\/08\/530366480_741151988893667_5939490059524407487_n.jpg","contentUrl":"https:\/\/www.smedemokrati.sk\/wp-content\/uploads\/2025\/08\/530366480_741151988893667_5939490059524407487_n.jpg","width":1078,"height":1300},{"@type":"BreadcrumbList","@id":"https:\/\/www.smedemokrati.sk\/kuffa-utajuje-zonacie-ktore-idu-po-ruke-developerom-a-mozu-ohrozit-plan-obnovy\/#breadcrumb","itemListElement":[{"@type":"ListItem","position":1,"name":"Domovsk\u00e1 str\u00e1nka","item":"https:\/\/www.smedemokrati.sk\/"},{"@type":"ListItem","position":2,"name":"Kuffa utajuje zon\u00e1cie, ktor\u00e9 id\u00fa po ruke developerom a m\u00f4\u017eu ohrozi\u0165 pl\u00e1n obnovy"}]},{"@type":"WebSite","@id":"https:\/\/www.smedemokrati.sk\/#website","url":"https:\/\/www.smedemokrati.sk\/","name":"Smedemokrati.sk","description":"Demokracia a slu\u0161nos\u0165 zv\u00ed\u0165az\u00ed","publisher":{"@id":"https:\/\/www.smedemokrati.sk\/#organization"},"potentialAction":[{"@type":"SearchAction","target":{"@type":"EntryPoint","urlTemplate":"https:\/\/www.smedemokrati.sk\/?s={search_term_string}"},"query-input":{"@type":"PropertyValueSpecification","valueRequired":true,"valueName":"search_term_string"}}],"inLanguage":"sv-SE"},{"@type":"Organization","@id":"https:\/\/www.smedemokrati.sk\/#organization","name":"Smedemokrati.sk","url":"https:\/\/www.smedemokrati.sk\/","logo":{"@type":"ImageObject","inLanguage":"sv-SE","@id":"https:\/\/www.smedemokrati.sk\/#\/schema\/logo\/image\/","url":"https:\/\/www.smedemokrati.sk\/wp-content\/uploads\/2023\/04\/ff.002.jpeg","contentUrl":"https:\/\/www.smedemokrati.sk\/wp-content\/uploads\/2023\/04\/ff.002.jpeg","width":640,"height":480,"caption":"Smedemokrati.sk"},"image":{"@id":"https:\/\/www.smedemokrati.sk\/#\/schema\/logo\/image\/"},"sameAs":["https:\/\/www.facebook.com\/smedemokrati2023"]},{"@type":"Person","@id":"https:\/\/www.smedemokrati.sk\/#\/schema\/person\/21f147c88d605aa7ded900e1e7c344ba","name":"miro.sopko","image":{"@type":"ImageObject","inLanguage":"sv-SE","@id":"https:\/\/secure.gravatar.com\/avatar\/267e4a36f704376c109afe3a78740c1f5dd8675a2180a908699e7863c9247606?s=96&d=mm&r=g","url":"https:\/\/secure.gravatar.com\/avatar\/267e4a36f704376c109afe3a78740c1f5dd8675a2180a908699e7863c9247606?s=96&d=mm&r=g","contentUrl":"https:\/\/secure.gravatar.com\/avatar\/267e4a36f704376c109afe3a78740c1f5dd8675a2180a908699e7863c9247606?s=96&d=mm&r=g","caption":"miro.sopko"},"url":"https:\/\/www.smedemokrati.sk\/sv\/author\/miro-sopko\/"}]}},"_links":{"self":[{"href":"https:\/\/www.smedemokrati.sk\/sv\/wp-json\/wp\/v2\/posts\/7906","targetHints":{"allow":["GET"]}}],"collection":[{"href":"https:\/\/www.smedemokrati.sk\/sv\/wp-json\/wp\/v2\/posts"}],"about":[{"href":"https:\/\/www.smedemokrati.sk\/sv\/wp-json\/wp\/v2\/types\/post"}],"author":[{"embeddable":true,"href":"https:\/\/www.smedemokrati.sk\/sv\/wp-json\/wp\/v2\/users\/13"}],"replies":[{"embeddable":true,"href":"https:\/\/www.smedemokrati.sk\/sv\/wp-json\/wp\/v2\/comments?post=7906"}],"version-history":[{"count":1,"href":"https:\/\/www.smedemokrati.sk\/sv\/wp-json\/wp\/v2\/posts\/7906\/revisions"}],"predecessor-version":[{"id":7907,"href":"https:\/\/www.smedemokrati.sk\/sv\/wp-json\/wp\/v2\/posts\/7906\/revisions\/7907"}],"wp:featuredmedia":[{"embeddable":true,"href":"https:\/\/www.smedemokrati.sk\/sv\/wp-json\/wp\/v2\/media\/7908"}],"wp:attachment":[{"href":"https:\/\/www.smedemokrati.sk\/sv\/wp-json\/wp\/v2\/media?parent=7906"}],"wp:term":[{"taxonomy":"category","embeddable":true,"href":"https:\/\/www.smedemokrati.sk\/sv\/wp-json\/wp\/v2\/categories?post=7906"},{"taxonomy":"post_tag","embeddable":true,"href":"https:\/\/www.smedemokrati.sk\/sv\/wp-json\/wp\/v2\/tags?post=7906"}],"curies":[{"name":"wp","href":"https:\/\/api.w.org\/{rel}","templated":true}]}}