{"id":7904,"date":"2025-08-07T19:32:57","date_gmt":"2025-08-07T18:32:57","guid":{"rendered":"https:\/\/www.smedemokrati.sk\/?p=7904"},"modified":"2025-08-07T19:32:58","modified_gmt":"2025-08-07T18:32:58","slug":"tarabove-klamstva-o-vyvoze-dreva-vyvracaju-oficialne-data-jeho-vlastnej-vlady","status":"publish","type":"post","link":"https:\/\/www.smedemokrati.sk\/sv\/tarabove-klamstva-o-vyvoze-dreva-vyvracaju-oficialne-data-jeho-vlastnej-vlady\/","title":{"rendered":"Tarabove klamstv\u00e1 o v\u00fdvoze dreva vyvracaj\u00fa ofici\u00e1lne d\u00e1ta jeho vlastnej vl\u00e1dy"},"content":{"rendered":"<div id=\"fb-root\"><\/div>\n\n<p><strong>Minister Taraba bu\u010f nedok\u00e1\u017ee \u010d\u00edta\u0165 s porozumen\u00edm, alebo zo z\u00fafalstva dok\u00e1\u017ee u\u017e len hl\u00fapo zav\u00e1dza\u0165. TASR toti\u017e informovala, \u017ee pod\u013ea Tarabu \u201cs\u00fa\u010dasn\u00e1 opoz\u00edcia v minulosti exportovala omnoho viac dreva.\u201d Tento z\u00e1ver v\u0161ak okam\u017eite vyvracaj\u00fa ofici\u00e1lne d\u00e1ta z n\u00e1vrhu Spr\u00e1vy o lesnom hospod\u00e1rstve v Slovenskej republike za rok 2024 (tzv. Zelen\u00e1 spr\u00e1va) predlo\u017eenej jeho vl\u00e1dnym kolegom ministrom p\u00f4dohospod\u00e1rstva Tak\u00e1\u010dom. Export dreva v roku 2024 do zahrani\u010dia bol vy\u0161\u0161\u00ed ako v roku 2021 alebo 2022, na ktor\u00e9 poukazuje Taraba.\u00a0<\/strong><\/p>\n\n\n\n<p>Z tzv. Zelen\u00fdch spr\u00e1v vypl\u00fdva, \u017ee v roku 2021 bolo do zahrani\u010dia exportovan\u00fdch 2,064 mil. m3 dreva, v roku 2022 1,888 mil. m3 dreva. No a z n\u00e1vrhu Zelenej spr\u00e1vy s \u00fadajmi za rok 2024, ktor\u00fa predlo\u017eil Tak\u00e1\u010d do pripomienkov\u00e9ho konania, vypl\u00fdva, \u017ee za s\u00fa\u010dasnej vl\u00e1dy je to a\u017e 2,649 mil. m3. Do zahrani\u010dia sa vyviezlo tak viac dreva ako v roku 2021 alebo 2022. \u201c<em>Taraba sa zmohol na komunika\u010dn\u00fd faul hodn\u00fd \u00fa\u010dtovn\u00edka Fantozziho, kedy spojil export za dva roky do jedn\u00e9ho \u00fadaju. Ofici\u00e1lne d\u00e1ta tejto vl\u00e1dy ho ale vysmiali, ke\u010f\u017ee za rok 2024 bol export vy\u0161\u0161\u00ed ako za roky, ktor\u00fdmi operuje. A \u010do je z\u00e1va\u017enej\u0161ie, exportuje sa aj rekordn\u00e9 mno\u017estvo piliarskej gu\u013eatiny, a to a\u017e 940 000 m3, ktor\u00e1 ch\u00fdba slovensk\u00fdm spracovate\u013eom. V\u00fdvoz tohto sortimentu bol ni\u017e\u0161\u00ed v ktoromko\u013evek z rokov 2021 (716 000 m3) \u010di 2022 (512 000 m3). Tarabovu demag\u00f3giu a zav\u00e1dzanie m\u00f4\u017ee vysvetli\u0165 jeho strach z otvorenia tejto t\u00e9my a z na\u0161ej legislat\u00edvnej iniciat\u00edvy smeruj\u00facej k obmedzovaniu v\u00fdvozu slovensk\u00e9ho dreva do zahrani\u010dia. Jeho argumenty s\u00fa u\u017e nato\u013eko smie\u0161ne, \u017ee ich mo\u017eno vyvr\u00e1ti\u0165 \u00fadajmi jeho vlastnej vl\u00e1dy a napokon aj stanoviskom Zv\u00e4zu spracovate\u013eov dreva SR,<\/em>\u201d vysvet\u013euje enviroexpert Demokratov Michal Ki\u010da a b\u00fdval\u00fd \u0161t\u00e1tny tajomn\u00edk envirorezortu.&nbsp;<\/p>\n\n\n\n<p>\u201cN\u00e1rodniar\u201d Taraba kryje svojou demag\u00f3giou rekordn\u00e9 exporty. Rozumieme, \u017ee je leto a teplo, ale nabud\u00face by si mohol svoju komunik\u00e1ciu vopred premyslie\u0165, aby nemusel svoj status na soci\u00e1lnej sieti sedem kr\u00e1t upravova\u0165 a nerobil zo seba pred verejnos\u0165ou \u0161a\u0161a.<\/p>\n\n\n\n<p>\u00a0<\/p>\n\n\n<div class=\"fb-video\" data-href=\"https:\/\/www.facebook.com\/100089966184789\/videos\/1273260294258696\" data-allowfullscreen=\"true\" data-autoplay=\"false\" data-width=\"\" data-show-text=\"false\" data-show-captions=\"true\"><\/div>\n","protected":false},"excerpt":{"rendered":"<p>Minister Taraba bu\u010f nedok\u00e1\u017ee \u010d\u00edta\u0165 s porozumen\u00edm, alebo zo z\u00fafalstva dok\u00e1\u017ee u\u017e len hl\u00fapo zav\u00e1dza\u0165. TASR toti\u017e informovala, \u017ee pod\u013ea Tarabu \u201cs\u00fa\u010dasn\u00e1 opoz\u00edcia v minulosti exportovala omnoho viac dreva.\u201d Tento z\u00e1ver v\u0161ak okam\u017eite vyvracaj\u00fa ofici\u00e1lne d\u00e1ta z n\u00e1vrhu Spr\u00e1vy o lesnom hospod\u00e1rstve v Slovenskej republike za rok 2024 (tzv. Zelen\u00e1 spr\u00e1va) predlo\u017eenej jeho vl\u00e1dnym kolegom [&hellip;]<\/p>\n","protected":false},"author":13,"featured_media":385,"comment_status":"closed","ping_status":"closed","sticky":false,"template":"","format":"standard","meta":{"_acf_changed":false,"ngg_post_thumbnail":0,"footnotes":""},"categories":[4],"tags":[],"class_list":["post-7904","post","type-post","status-publish","format-standard","has-post-thumbnail","hentry","category-tlacove-spravy"],"acf":[],"yoast_head":"<!-- This site is optimized with the Yoast SEO plugin v27.2 - https:\/\/yoast.com\/product\/yoast-seo-wordpress\/ -->\n<title>Tarabove klamstv\u00e1 o v\u00fdvoze dreva vyvracaj\u00fa ofici\u00e1lne d\u00e1ta jeho vlastnej vl\u00e1dy<\/title>\n<meta name=\"description\" content=\"Minister Taraba bu\u010f nedok\u00e1\u017ee \u010d\u00edta\u0165 s porozumen\u00edm, alebo zo z\u00fafalstva dok\u00e1\u017ee u\u017e len hl\u00fapo zav\u00e1dza\u0165. TASR toti\u017e informovala, \u017ee pod\u013ea Tarabu \u201cs\u00fa\u010dasn\u00e1 opoz\u00edcia v minulosti exportovala omnoho viac dreva.\u201d Tento z\u00e1ver v\u0161ak okam\u017eite vyvracaj\u00fa ofici\u00e1lne d\u00e1ta z n\u00e1vrhu Spr\u00e1vy o lesnom hospod\u00e1rstve v Slovenskej republike za rok 2024 (tzv. Zelen\u00e1 spr\u00e1va) predlo\u017eenej jeho vl\u00e1dnym kolegom ministrom p\u00f4dohospod\u00e1rstva Tak\u00e1\u010dom. Export dreva v roku 2024 do zahrani\u010dia bol vy\u0161\u0161\u00ed ako v roku 2021 alebo 2022, na ktor\u00e9 poukazuje Taraba.\u00a0\" \/>\n<meta name=\"robots\" content=\"index, follow, max-snippet:-1, max-image-preview:large, max-video-preview:-1\" \/>\n<link rel=\"canonical\" href=\"https:\/\/www.smedemokrati.sk\/sv\/tarabove-klamstva-o-vyvoze-dreva-vyvracaju-oficialne-data-jeho-vlastnej-vlady\/\" \/>\n<meta property=\"og:locale\" content=\"sv_SE\" \/>\n<meta property=\"og:locale:alternate\" content=\"en_US\" \/>\n<meta property=\"og:locale:alternate\" content=\"cs_CZ\" \/>\n<meta property=\"og:locale:alternate\" content=\"hu_HU\" \/>\n<meta property=\"og:locale:alternate\" content=\"sk_SK\" \/>\n<meta property=\"og:type\" content=\"article\" \/>\n<meta property=\"og:title\" content=\"Tarabove klamstv\u00e1 o v\u00fdvoze dreva vyvracaj\u00fa ofici\u00e1lne d\u00e1ta jeho vlastnej vl\u00e1dy\" \/>\n<meta property=\"og:description\" content=\"Minister Taraba bu\u010f nedok\u00e1\u017ee \u010d\u00edta\u0165 s porozumen\u00edm, alebo zo z\u00fafalstva dok\u00e1\u017ee u\u017e len hl\u00fapo zav\u00e1dza\u0165. TASR toti\u017e informovala, \u017ee pod\u013ea Tarabu \u201cs\u00fa\u010dasn\u00e1 opoz\u00edcia v minulosti exportovala omnoho viac dreva.\u201d Tento z\u00e1ver v\u0161ak okam\u017eite vyvracaj\u00fa ofici\u00e1lne d\u00e1ta z n\u00e1vrhu Spr\u00e1vy o lesnom hospod\u00e1rstve v Slovenskej republike za rok 2024 (tzv. Zelen\u00e1 spr\u00e1va) predlo\u017eenej jeho vl\u00e1dnym kolegom ministrom p\u00f4dohospod\u00e1rstva Tak\u00e1\u010dom. Export dreva v roku 2024 do zahrani\u010dia bol vy\u0161\u0161\u00ed ako v roku 2021 alebo 2022, na ktor\u00e9 poukazuje Taraba.\u00a0\" \/>\n<meta property=\"og:url\" content=\"https:\/\/www.smedemokrati.sk\/sv\/tarabove-klamstva-o-vyvoze-dreva-vyvracaju-oficialne-data-jeho-vlastnej-vlady\/\" \/>\n<meta property=\"og:site_name\" content=\"Smedemokrati.sk\" \/>\n<meta property=\"article:publisher\" content=\"https:\/\/www.facebook.com\/smedemokrati2023\" \/>\n<meta property=\"article:published_time\" content=\"2025-08-07T18:32:57+00:00\" \/>\n<meta property=\"article:modified_time\" content=\"2025-08-07T18:32:58+00:00\" \/>\n<meta property=\"og:image\" content=\"https:\/\/www.smedemokrati.sk\/wp-content\/uploads\/2023\/04\/MKica.jpg\" \/>\n\t<meta property=\"og:image:width\" content=\"1520\" \/>\n\t<meta property=\"og:image:height\" content=\"1080\" \/>\n\t<meta property=\"og:image:type\" content=\"image\/jpeg\" \/>\n<meta name=\"author\" content=\"miro.sopko\" \/>\n<meta name=\"twitter:card\" content=\"summary_large_image\" \/>\n<meta name=\"twitter:label1\" content=\"Skriven av\" \/>\n\t<meta name=\"twitter:data1\" content=\"miro.sopko\" \/>\n\t<meta name=\"twitter:label2\" content=\"Ber\u00e4knad l\u00e4stid\" \/>\n\t<meta name=\"twitter:data2\" content=\"2 minuter\" \/>\n<script type=\"application\/ld+json\" class=\"yoast-schema-graph\">{\"@context\":\"https:\/\/schema.org\",\"@graph\":[{\"@type\":\"Article\",\"@id\":\"https:\/\/www.smedemokrati.sk\/tarabove-klamstva-o-vyvoze-dreva-vyvracaju-oficialne-data-jeho-vlastnej-vlady\/#article\",\"isPartOf\":{\"@id\":\"https:\/\/www.smedemokrati.sk\/tarabove-klamstva-o-vyvoze-dreva-vyvracaju-oficialne-data-jeho-vlastnej-vlady\/\"},\"author\":{\"name\":\"miro.sopko\",\"@id\":\"https:\/\/www.smedemokrati.sk\/#\/schema\/person\/21f147c88d605aa7ded900e1e7c344ba\"},\"headline\":\"Tarabove klamstv\u00e1 o v\u00fdvoze dreva vyvracaj\u00fa ofici\u00e1lne d\u00e1ta jeho vlastnej vl\u00e1dy\",\"datePublished\":\"2025-08-07T18:32:57+00:00\",\"dateModified\":\"2025-08-07T18:32:58+00:00\",\"mainEntityOfPage\":{\"@id\":\"https:\/\/www.smedemokrati.sk\/tarabove-klamstva-o-vyvoze-dreva-vyvracaju-oficialne-data-jeho-vlastnej-vlady\/\"},\"wordCount\":406,\"publisher\":{\"@id\":\"https:\/\/www.smedemokrati.sk\/#organization\"},\"image\":{\"@id\":\"https:\/\/www.smedemokrati.sk\/tarabove-klamstva-o-vyvoze-dreva-vyvracaju-oficialne-data-jeho-vlastnej-vlady\/#primaryimage\"},\"thumbnailUrl\":\"https:\/\/www.smedemokrati.sk\/wp-content\/uploads\/2023\/04\/MKica.jpg\",\"articleSection\":[\"Tla\u010dov\u00e9 spr\u00e1vy\"],\"inLanguage\":\"sv-SE\"},{\"@type\":\"WebPage\",\"@id\":\"https:\/\/www.smedemokrati.sk\/tarabove-klamstva-o-vyvoze-dreva-vyvracaju-oficialne-data-jeho-vlastnej-vlady\/\",\"url\":\"https:\/\/www.smedemokrati.sk\/tarabove-klamstva-o-vyvoze-dreva-vyvracaju-oficialne-data-jeho-vlastnej-vlady\/\",\"name\":\"Tarabove klamstv\u00e1 o v\u00fdvoze dreva vyvracaj\u00fa ofici\u00e1lne d\u00e1ta jeho vlastnej vl\u00e1dy\",\"isPartOf\":{\"@id\":\"https:\/\/www.smedemokrati.sk\/#website\"},\"primaryImageOfPage\":{\"@id\":\"https:\/\/www.smedemokrati.sk\/tarabove-klamstva-o-vyvoze-dreva-vyvracaju-oficialne-data-jeho-vlastnej-vlady\/#primaryimage\"},\"image\":{\"@id\":\"https:\/\/www.smedemokrati.sk\/tarabove-klamstva-o-vyvoze-dreva-vyvracaju-oficialne-data-jeho-vlastnej-vlady\/#primaryimage\"},\"thumbnailUrl\":\"https:\/\/www.smedemokrati.sk\/wp-content\/uploads\/2023\/04\/MKica.jpg\",\"datePublished\":\"2025-08-07T18:32:57+00:00\",\"dateModified\":\"2025-08-07T18:32:58+00:00\",\"description\":\"Minister Taraba bu\u010f nedok\u00e1\u017ee \u010d\u00edta\u0165 s porozumen\u00edm, alebo zo z\u00fafalstva dok\u00e1\u017ee u\u017e len hl\u00fapo zav\u00e1dza\u0165. TASR toti\u017e informovala, \u017ee pod\u013ea Tarabu \u201cs\u00fa\u010dasn\u00e1 opoz\u00edcia v minulosti exportovala omnoho viac dreva.\u201d Tento z\u00e1ver v\u0161ak okam\u017eite vyvracaj\u00fa ofici\u00e1lne d\u00e1ta z n\u00e1vrhu Spr\u00e1vy o lesnom hospod\u00e1rstve v Slovenskej republike za rok 2024 (tzv. Zelen\u00e1 spr\u00e1va) predlo\u017eenej jeho vl\u00e1dnym kolegom ministrom p\u00f4dohospod\u00e1rstva Tak\u00e1\u010dom. Export dreva v roku 2024 do zahrani\u010dia bol vy\u0161\u0161\u00ed ako v roku 2021 alebo 2022, na ktor\u00e9 poukazuje Taraba.\u00a0\",\"breadcrumb\":{\"@id\":\"https:\/\/www.smedemokrati.sk\/tarabove-klamstva-o-vyvoze-dreva-vyvracaju-oficialne-data-jeho-vlastnej-vlady\/#breadcrumb\"},\"inLanguage\":\"sv-SE\",\"potentialAction\":[{\"@type\":\"ReadAction\",\"target\":[\"https:\/\/www.smedemokrati.sk\/tarabove-klamstva-o-vyvoze-dreva-vyvracaju-oficialne-data-jeho-vlastnej-vlady\/\"]}]},{\"@type\":\"ImageObject\",\"inLanguage\":\"sv-SE\",\"@id\":\"https:\/\/www.smedemokrati.sk\/tarabove-klamstva-o-vyvoze-dreva-vyvracaju-oficialne-data-jeho-vlastnej-vlady\/#primaryimage\",\"url\":\"https:\/\/www.smedemokrati.sk\/wp-content\/uploads\/2023\/04\/MKica.jpg\",\"contentUrl\":\"https:\/\/www.smedemokrati.sk\/wp-content\/uploads\/2023\/04\/MKica.jpg\",\"width\":1520,\"height\":1080},{\"@type\":\"BreadcrumbList\",\"@id\":\"https:\/\/www.smedemokrati.sk\/tarabove-klamstva-o-vyvoze-dreva-vyvracaju-oficialne-data-jeho-vlastnej-vlady\/#breadcrumb\",\"itemListElement\":[{\"@type\":\"ListItem\",\"position\":1,\"name\":\"Domovsk\u00e1 str\u00e1nka\",\"item\":\"https:\/\/www.smedemokrati.sk\/\"},{\"@type\":\"ListItem\",\"position\":2,\"name\":\"Tarabove klamstv\u00e1 o v\u00fdvoze dreva vyvracaj\u00fa ofici\u00e1lne d\u00e1ta jeho vlastnej vl\u00e1dy\"}]},{\"@type\":\"WebSite\",\"@id\":\"https:\/\/www.smedemokrati.sk\/#website\",\"url\":\"https:\/\/www.smedemokrati.sk\/\",\"name\":\"Smedemokrati.sk\",\"description\":\"Demokracia a slu\u0161nos\u0165 zv\u00ed\u0165az\u00ed\",\"publisher\":{\"@id\":\"https:\/\/www.smedemokrati.sk\/#organization\"},\"potentialAction\":[{\"@type\":\"SearchAction\",\"target\":{\"@type\":\"EntryPoint\",\"urlTemplate\":\"https:\/\/www.smedemokrati.sk\/?s={search_term_string}\"},\"query-input\":{\"@type\":\"PropertyValueSpecification\",\"valueRequired\":true,\"valueName\":\"search_term_string\"}}],\"inLanguage\":\"sv-SE\"},{\"@type\":\"Organization\",\"@id\":\"https:\/\/www.smedemokrati.sk\/#organization\",\"name\":\"Smedemokrati.sk\",\"url\":\"https:\/\/www.smedemokrati.sk\/\",\"logo\":{\"@type\":\"ImageObject\",\"inLanguage\":\"sv-SE\",\"@id\":\"https:\/\/www.smedemokrati.sk\/#\/schema\/logo\/image\/\",\"url\":\"https:\/\/www.smedemokrati.sk\/wp-content\/uploads\/2023\/04\/ff.002.jpeg\",\"contentUrl\":\"https:\/\/www.smedemokrati.sk\/wp-content\/uploads\/2023\/04\/ff.002.jpeg\",\"width\":640,\"height\":480,\"caption\":\"Smedemokrati.sk\"},\"image\":{\"@id\":\"https:\/\/www.smedemokrati.sk\/#\/schema\/logo\/image\/\"},\"sameAs\":[\"https:\/\/www.facebook.com\/smedemokrati2023\"]},{\"@type\":\"Person\",\"@id\":\"https:\/\/www.smedemokrati.sk\/#\/schema\/person\/21f147c88d605aa7ded900e1e7c344ba\",\"name\":\"miro.sopko\",\"image\":{\"@type\":\"ImageObject\",\"inLanguage\":\"sv-SE\",\"@id\":\"https:\/\/secure.gravatar.com\/avatar\/267e4a36f704376c109afe3a78740c1f5dd8675a2180a908699e7863c9247606?s=96&d=mm&r=g\",\"url\":\"https:\/\/secure.gravatar.com\/avatar\/267e4a36f704376c109afe3a78740c1f5dd8675a2180a908699e7863c9247606?s=96&d=mm&r=g\",\"contentUrl\":\"https:\/\/secure.gravatar.com\/avatar\/267e4a36f704376c109afe3a78740c1f5dd8675a2180a908699e7863c9247606?s=96&d=mm&r=g\",\"caption\":\"miro.sopko\"},\"url\":\"https:\/\/www.smedemokrati.sk\/sv\/author\/miro-sopko\/\"}]}<\/script>\n<!-- \/ Yoast SEO plugin. -->","yoast_head_json":{"title":"Tarabove klamstv\u00e1 o v\u00fdvoze dreva vyvracaj\u00fa ofici\u00e1lne d\u00e1ta jeho vlastnej vl\u00e1dy","description":"Minister Taraba bu\u010f nedok\u00e1\u017ee \u010d\u00edta\u0165 s porozumen\u00edm, alebo zo z\u00fafalstva dok\u00e1\u017ee u\u017e len hl\u00fapo zav\u00e1dza\u0165. TASR toti\u017e informovala, \u017ee pod\u013ea Tarabu \u201cs\u00fa\u010dasn\u00e1 opoz\u00edcia v minulosti exportovala omnoho viac dreva.\u201d Tento z\u00e1ver v\u0161ak okam\u017eite vyvracaj\u00fa ofici\u00e1lne d\u00e1ta z n\u00e1vrhu Spr\u00e1vy o lesnom hospod\u00e1rstve v Slovenskej republike za rok 2024 (tzv. Zelen\u00e1 spr\u00e1va) predlo\u017eenej jeho vl\u00e1dnym kolegom ministrom p\u00f4dohospod\u00e1rstva Tak\u00e1\u010dom. Export dreva v roku 2024 do zahrani\u010dia bol vy\u0161\u0161\u00ed ako v roku 2021 alebo 2022, na ktor\u00e9 poukazuje Taraba.\u00a0","robots":{"index":"index","follow":"follow","max-snippet":"max-snippet:-1","max-image-preview":"max-image-preview:large","max-video-preview":"max-video-preview:-1"},"canonical":"https:\/\/www.smedemokrati.sk\/sv\/tarabove-klamstva-o-vyvoze-dreva-vyvracaju-oficialne-data-jeho-vlastnej-vlady\/","og_locale":"sv_SE","og_type":"article","og_title":"[:sk]Tarabove klamstv\u00e1 o v\u00fdvoze dreva vyvracaj\u00fa ofici\u00e1lne d\u00e1ta jeho vlastnej vl\u00e1dy[:] - Smedemokrati.sk","og_description":"[:sk]Minister Taraba bu\u010f nedok\u00e1\u017ee \u010d\u00edta\u0165 s porozumen\u00edm, alebo zo z\u00fafalstva dok\u00e1\u017ee u\u017e len hl\u00fapo zav\u00e1dza\u0165. TASR toti\u017e informovala, \u017ee pod\u013ea Tarabu \u201cs\u00fa\u010dasn\u00e1 opoz\u00edcia v minulosti exportovala omnoho viac dreva.\u201d Tento z\u00e1ver v\u0161ak okam\u017eite vyvracaj\u00fa ofici\u00e1lne d\u00e1ta z n\u00e1vrhu Spr\u00e1vy o lesnom hospod\u00e1rstve v Slovenskej republike za rok 2024 (tzv. Zelen\u00e1 spr\u00e1va) predlo\u017eenej jeho vl\u00e1dnym kolegom ministrom p\u00f4dohospod\u00e1rstva Tak\u00e1\u010dom. Export dreva v roku 2024 do zahrani\u010dia bol vy\u0161\u0161\u00ed ako v roku 2021 alebo 2022, na ktor\u00e9 poukazuje Taraba.\u00a0[:]","og_url":"https:\/\/www.smedemokrati.sk\/sv\/tarabove-klamstva-o-vyvoze-dreva-vyvracaju-oficialne-data-jeho-vlastnej-vlady\/","og_site_name":"Smedemokrati.sk","article_publisher":"https:\/\/www.facebook.com\/smedemokrati2023","article_published_time":"2025-08-07T18:32:57+00:00","article_modified_time":"2025-08-07T18:32:58+00:00","og_image":[{"width":1520,"height":1080,"url":"https:\/\/www.smedemokrati.sk\/wp-content\/uploads\/2023\/04\/MKica.jpg","type":"image\/jpeg"}],"author":"miro.sopko","twitter_card":"summary_large_image","twitter_misc":{"Skriven av":"miro.sopko","Ber\u00e4knad l\u00e4stid":"2 minuter"},"schema":{"@context":"https:\/\/schema.org","@graph":[{"@type":"Article","@id":"https:\/\/www.smedemokrati.sk\/tarabove-klamstva-o-vyvoze-dreva-vyvracaju-oficialne-data-jeho-vlastnej-vlady\/#article","isPartOf":{"@id":"https:\/\/www.smedemokrati.sk\/tarabove-klamstva-o-vyvoze-dreva-vyvracaju-oficialne-data-jeho-vlastnej-vlady\/"},"author":{"name":"miro.sopko","@id":"https:\/\/www.smedemokrati.sk\/#\/schema\/person\/21f147c88d605aa7ded900e1e7c344ba"},"headline":"Tarabove klamstv\u00e1 o v\u00fdvoze dreva vyvracaj\u00fa ofici\u00e1lne d\u00e1ta jeho vlastnej vl\u00e1dy","datePublished":"2025-08-07T18:32:57+00:00","dateModified":"2025-08-07T18:32:58+00:00","mainEntityOfPage":{"@id":"https:\/\/www.smedemokrati.sk\/tarabove-klamstva-o-vyvoze-dreva-vyvracaju-oficialne-data-jeho-vlastnej-vlady\/"},"wordCount":406,"publisher":{"@id":"https:\/\/www.smedemokrati.sk\/#organization"},"image":{"@id":"https:\/\/www.smedemokrati.sk\/tarabove-klamstva-o-vyvoze-dreva-vyvracaju-oficialne-data-jeho-vlastnej-vlady\/#primaryimage"},"thumbnailUrl":"https:\/\/www.smedemokrati.sk\/wp-content\/uploads\/2023\/04\/MKica.jpg","articleSection":["Tla\u010dov\u00e9 spr\u00e1vy"],"inLanguage":"sv-SE"},{"@type":"WebPage","@id":"https:\/\/www.smedemokrati.sk\/tarabove-klamstva-o-vyvoze-dreva-vyvracaju-oficialne-data-jeho-vlastnej-vlady\/","url":"https:\/\/www.smedemokrati.sk\/tarabove-klamstva-o-vyvoze-dreva-vyvracaju-oficialne-data-jeho-vlastnej-vlady\/","name":"Tarabove klamstv\u00e1 o v\u00fdvoze dreva vyvracaj\u00fa ofici\u00e1lne d\u00e1ta jeho vlastnej vl\u00e1dy","isPartOf":{"@id":"https:\/\/www.smedemokrati.sk\/#website"},"primaryImageOfPage":{"@id":"https:\/\/www.smedemokrati.sk\/tarabove-klamstva-o-vyvoze-dreva-vyvracaju-oficialne-data-jeho-vlastnej-vlady\/#primaryimage"},"image":{"@id":"https:\/\/www.smedemokrati.sk\/tarabove-klamstva-o-vyvoze-dreva-vyvracaju-oficialne-data-jeho-vlastnej-vlady\/#primaryimage"},"thumbnailUrl":"https:\/\/www.smedemokrati.sk\/wp-content\/uploads\/2023\/04\/MKica.jpg","datePublished":"2025-08-07T18:32:57+00:00","dateModified":"2025-08-07T18:32:58+00:00","description":"Minister Taraba bu\u010f nedok\u00e1\u017ee \u010d\u00edta\u0165 s porozumen\u00edm, alebo zo z\u00fafalstva dok\u00e1\u017ee u\u017e len hl\u00fapo zav\u00e1dza\u0165. TASR toti\u017e informovala, \u017ee pod\u013ea Tarabu \u201cs\u00fa\u010dasn\u00e1 opoz\u00edcia v minulosti exportovala omnoho viac dreva.\u201d Tento z\u00e1ver v\u0161ak okam\u017eite vyvracaj\u00fa ofici\u00e1lne d\u00e1ta z n\u00e1vrhu Spr\u00e1vy o lesnom hospod\u00e1rstve v Slovenskej republike za rok 2024 (tzv. Zelen\u00e1 spr\u00e1va) predlo\u017eenej jeho vl\u00e1dnym kolegom ministrom p\u00f4dohospod\u00e1rstva Tak\u00e1\u010dom. Export dreva v roku 2024 do zahrani\u010dia bol vy\u0161\u0161\u00ed ako v roku 2021 alebo 2022, na ktor\u00e9 poukazuje Taraba.\u00a0","breadcrumb":{"@id":"https:\/\/www.smedemokrati.sk\/tarabove-klamstva-o-vyvoze-dreva-vyvracaju-oficialne-data-jeho-vlastnej-vlady\/#breadcrumb"},"inLanguage":"sv-SE","potentialAction":[{"@type":"ReadAction","target":["https:\/\/www.smedemokrati.sk\/tarabove-klamstva-o-vyvoze-dreva-vyvracaju-oficialne-data-jeho-vlastnej-vlady\/"]}]},{"@type":"ImageObject","inLanguage":"sv-SE","@id":"https:\/\/www.smedemokrati.sk\/tarabove-klamstva-o-vyvoze-dreva-vyvracaju-oficialne-data-jeho-vlastnej-vlady\/#primaryimage","url":"https:\/\/www.smedemokrati.sk\/wp-content\/uploads\/2023\/04\/MKica.jpg","contentUrl":"https:\/\/www.smedemokrati.sk\/wp-content\/uploads\/2023\/04\/MKica.jpg","width":1520,"height":1080},{"@type":"BreadcrumbList","@id":"https:\/\/www.smedemokrati.sk\/tarabove-klamstva-o-vyvoze-dreva-vyvracaju-oficialne-data-jeho-vlastnej-vlady\/#breadcrumb","itemListElement":[{"@type":"ListItem","position":1,"name":"Domovsk\u00e1 str\u00e1nka","item":"https:\/\/www.smedemokrati.sk\/"},{"@type":"ListItem","position":2,"name":"Tarabove klamstv\u00e1 o v\u00fdvoze dreva vyvracaj\u00fa ofici\u00e1lne d\u00e1ta jeho vlastnej vl\u00e1dy"}]},{"@type":"WebSite","@id":"https:\/\/www.smedemokrati.sk\/#website","url":"https:\/\/www.smedemokrati.sk\/","name":"Smedemokrati.sk","description":"Demokracia a slu\u0161nos\u0165 zv\u00ed\u0165az\u00ed","publisher":{"@id":"https:\/\/www.smedemokrati.sk\/#organization"},"potentialAction":[{"@type":"SearchAction","target":{"@type":"EntryPoint","urlTemplate":"https:\/\/www.smedemokrati.sk\/?s={search_term_string}"},"query-input":{"@type":"PropertyValueSpecification","valueRequired":true,"valueName":"search_term_string"}}],"inLanguage":"sv-SE"},{"@type":"Organization","@id":"https:\/\/www.smedemokrati.sk\/#organization","name":"Smedemokrati.sk","url":"https:\/\/www.smedemokrati.sk\/","logo":{"@type":"ImageObject","inLanguage":"sv-SE","@id":"https:\/\/www.smedemokrati.sk\/#\/schema\/logo\/image\/","url":"https:\/\/www.smedemokrati.sk\/wp-content\/uploads\/2023\/04\/ff.002.jpeg","contentUrl":"https:\/\/www.smedemokrati.sk\/wp-content\/uploads\/2023\/04\/ff.002.jpeg","width":640,"height":480,"caption":"Smedemokrati.sk"},"image":{"@id":"https:\/\/www.smedemokrati.sk\/#\/schema\/logo\/image\/"},"sameAs":["https:\/\/www.facebook.com\/smedemokrati2023"]},{"@type":"Person","@id":"https:\/\/www.smedemokrati.sk\/#\/schema\/person\/21f147c88d605aa7ded900e1e7c344ba","name":"miro.sopko","image":{"@type":"ImageObject","inLanguage":"sv-SE","@id":"https:\/\/secure.gravatar.com\/avatar\/267e4a36f704376c109afe3a78740c1f5dd8675a2180a908699e7863c9247606?s=96&d=mm&r=g","url":"https:\/\/secure.gravatar.com\/avatar\/267e4a36f704376c109afe3a78740c1f5dd8675a2180a908699e7863c9247606?s=96&d=mm&r=g","contentUrl":"https:\/\/secure.gravatar.com\/avatar\/267e4a36f704376c109afe3a78740c1f5dd8675a2180a908699e7863c9247606?s=96&d=mm&r=g","caption":"miro.sopko"},"url":"https:\/\/www.smedemokrati.sk\/sv\/author\/miro-sopko\/"}]}},"_links":{"self":[{"href":"https:\/\/www.smedemokrati.sk\/sv\/wp-json\/wp\/v2\/posts\/7904","targetHints":{"allow":["GET"]}}],"collection":[{"href":"https:\/\/www.smedemokrati.sk\/sv\/wp-json\/wp\/v2\/posts"}],"about":[{"href":"https:\/\/www.smedemokrati.sk\/sv\/wp-json\/wp\/v2\/types\/post"}],"author":[{"embeddable":true,"href":"https:\/\/www.smedemokrati.sk\/sv\/wp-json\/wp\/v2\/users\/13"}],"replies":[{"embeddable":true,"href":"https:\/\/www.smedemokrati.sk\/sv\/wp-json\/wp\/v2\/comments?post=7904"}],"version-history":[{"count":1,"href":"https:\/\/www.smedemokrati.sk\/sv\/wp-json\/wp\/v2\/posts\/7904\/revisions"}],"predecessor-version":[{"id":7905,"href":"https:\/\/www.smedemokrati.sk\/sv\/wp-json\/wp\/v2\/posts\/7904\/revisions\/7905"}],"wp:featuredmedia":[{"embeddable":true,"href":"https:\/\/www.smedemokrati.sk\/sv\/wp-json\/wp\/v2\/media\/385"}],"wp:attachment":[{"href":"https:\/\/www.smedemokrati.sk\/sv\/wp-json\/wp\/v2\/media?parent=7904"}],"wp:term":[{"taxonomy":"category","embeddable":true,"href":"https:\/\/www.smedemokrati.sk\/sv\/wp-json\/wp\/v2\/categories?post=7904"},{"taxonomy":"post_tag","embeddable":true,"href":"https:\/\/www.smedemokrati.sk\/sv\/wp-json\/wp\/v2\/tags?post=7904"}],"curies":[{"name":"wp","href":"https:\/\/api.w.org\/{rel}","templated":true}]}}