{"id":7884,"date":"2025-08-06T12:45:00","date_gmt":"2025-08-06T11:45:00","guid":{"rendered":"https:\/\/www.smedemokrati.sk\/?p=7884"},"modified":"2025-08-07T11:35:15","modified_gmt":"2025-08-07T10:35:15","slug":"vyzva-zilinkovi-a-maskarovej-na-specialny-vysetrovaci-tim","status":"publish","type":"post","link":"https:\/\/www.smedemokrati.sk\/sv\/vyzva-zilinkovi-a-maskarovej-na-specialny-vysetrovaci-tim\/","title":{"rendered":"V\u00fdzva \u017dilinkovi a Ma\u0161karovej na \u0161peci\u00e1lny vy\u0161etrovac\u00ed t\u00edm"},"content":{"rendered":"<div id=\"fb-root\"><\/div>\n\n<p><strong>Strana Demokrati v spolupr\u00e1ci so Zuzanou \u0160ubovou z Pir\u00e1tskej strany doru\u010dila na gener\u00e1lnu prokurat\u00faru list pre GP Maro\u0161a \u017dilinku so \u017eiados\u0165ou o zriadenie \u0161peci\u00e1lneho vy\u0161etrovacieho t\u00edmu v s\u00favislosti s podvodmi a podozreniami na Po\u013enohospod\u00e1rskej platobnej agent\u00fare. Rovnak\u00fd apel je adresovan\u00fd i policajnej prezidentke Ma\u0161karovej.&nbsp;<\/strong><\/p>\n\n\n\n<p><em>\u201cZa posledn\u00e9 mesiace sme pouk\u00e1zali na desiatky pr\u00edpadov, ke\u010f prostriedky ur\u010den\u00e9 na rozvoj po\u013enohospod\u00e1rstva, rozvoj turizmu boli zneu\u017eit\u00e9 na v\u00fdstavbu penzi\u00f3nov, ktor\u00e9 s\u00fa vlastne rodinn\u00e9 domy alebo asfaltov\u00e9 cesty k t\u00fdmto rodinn\u00fdm domom, ktor\u00e9 predstieraj\u00fa, \u017ee s\u00fa penzi\u00f3ny. Rovnako opakovane upozor\u0148ujeme, \u017ee x-kr\u00e1t boli vyplaten\u00e9 dot\u00e1cie trestne st\u00edhan\u00fdm subjektom alebo fyzick\u00fdm osob\u00e1m, ktor\u00e9 na tieto dot\u00e1cie nemali pr\u00e1vo. S\u00fa to desiatky podozren\u00ed a aj ke\u010f niektor\u00e9 vy\u0161etrovania dozoruje Eur\u00f3pska prokurat\u00fara, s\u00fa pre\u0165a\u017een\u00ed a pr\u00edpady s\u00fa rozbit\u00e9 po celom Slovensku. S\u00fa\u010dinnos\u0165 pol\u00edcie je v t\u00fdchto pr\u00edpadoch absol\u00fatne poddimenzovan\u00e1. Pr\u00e1ve preto, ke\u010f tu m\u00f4\u017eu by\u0165 vy\u0161etrovacie t\u00edmy na vy\u0161etrovanie opoz\u00edcie (t\u00edm Darca), tak o\u010dak\u00e1vame aj od Maro\u0161a \u017dilinku aj od pani Ma\u0161karovej, \u017ee zriadia \u0161peci\u00e1lny vy\u0161etrovac\u00ed t\u00edm, aby sa tieto podvody a podozrenia riadne vy\u0161etrili.\u201d<\/em>&nbsp;vysvet\u013euje Juraj \u0160eliga, podpredseda strany Demokrati.&nbsp;<\/p>\n\n\n\n<p><em>\u201cZ vlastnej sk\u00fasenosti, ako b\u00fdval\u00e1 riadite\u013eka protikorup\u010dnej sekcie PPA viem, \u017ee neopr\u00e1vnen\u00e9 subjekty systematicky \u010derpaj\u00fa mili\u00f3ny eur, \u017ee z\u00e1kon sa poru\u0161oval a poru\u0161uje vedome a organizovane, a \u017ee t\u00ed, ktor\u00ed to chceli zastavi\u0165, boli uml\u010diavan\u00ed. Dnes u\u017e vieme, \u017ee ak by po vra\u017ede J\u00e1na a Martiny nebol zriaden\u00fd \u0161peci\u00e1lny vy\u0161etrovac\u00ed t\u00edm, nikdy by sa tento zlo\u010din neobjasnil. Pr\u00e1ve t\u00fato iniciat\u00edvu vtedy rozbehol gener\u00e1lny prokur\u00e1tor \u010ci\u017en\u00e1r.\u201d<\/em>&nbsp;hovor\u00ed Zuzana \u0160ubov\u00e1.&nbsp;<\/p>\n\n\n\n<p><em>\u201cSom presved\u010den\u00e1, \u017ee aj v pr\u00edpade podvodov na PPA je situ\u00e1cia nato\u013eko v\u00e1\u017ena, \u017ee bez vytvorenia \u0161peci\u00e1lneho vy\u0161etrovacieho t\u00edmu pod priamym dozorom Gener\u00e1lnej prokurat\u00fary sa pravda nikdy neuk\u00e1\u017ee. T\u00edm, ktor\u00fd pod jednu strechu zjednot\u00ed v\u0161etky podozrenia a d\u00f4kazy, ktor\u00e9 sa u\u017e roky len fragmentovane a ne\u00faspe\u0161ne individu\u00e1lne rie\u0161ia.\u201d<\/em>&nbsp;vysvet\u013euje \u010falej \u0160ubov\u00e1.<\/p>\n\n\n\n<p><em>\u201cVl\u00e1dna koal\u00edcia dnes u\u017e vy\u0161e 20-kr\u00e1t nedovolila otvori\u0165 parlamentn\u00fd v\u00fdbor pre p\u00f4dohospod\u00e1rstvo a \u017eivotne prostredie, ktor\u00fd mal rokova\u0165 o t\u00fdchto podvodoch. Minister Tak\u00e1\u010d utek\u00e1 pred ot\u00e1zkami, vl\u00e1dna koal\u00edcia ho kryje a be\u017en\u00fd farm\u00e1r trp\u00ed. To je \u0161ialen\u00e1 situ\u00e1cia, preto ak p\u00e1n gener\u00e1lny prokur\u00e1tor chce dost\u00e1\u0165 svojich slov o z\u00e1konnosti, rovnako p. Ma\u0161karov\u00e1, o\u010dak\u00e1vame, \u017ee bez ot\u00e1\u013eania zriadia vy\u0161etrovac\u00ed t\u00edm.\u201d<\/em>&nbsp;vysvet\u013euje Michal Ki\u010da, enviroexpert strany Demokrati.&nbsp;<\/p>\n\n\n\n<p><em>\u201cP\u00e1n \u017dilinka, pani Ma\u0161karov\u00e1 konajte! Aj slep\u00ed dnes vidia, \u017ee na PPA sa poru\u0161uje z\u00e1kon, systematicky!\u201d<\/em>\u00a0uzatv\u00e1ra Juraj \u0160eliga, podpredseda strany Demokrati.<\/p>\n\n\n<div class=\"fb-video\" data-href=\"https:\/\/fb.watch\/BiUnTHsf1W\" data-allowfullscreen=\"true\" data-autoplay=\"false\" data-width=\"\" data-show-text=\"false\" data-show-captions=\"true\"><\/div>\n","protected":false},"excerpt":{"rendered":"<p>Strana Demokrati v spolupr\u00e1ci so Zuzanou \u0160ubovou z Pir\u00e1tskej strany doru\u010dila na gener\u00e1lnu prokurat\u00faru list pre GP Maro\u0161a \u017dilinku so \u017eiados\u0165ou o zriadenie \u0161peci\u00e1lneho vy\u0161etrovacieho t\u00edmu v s\u00favislosti s podvodmi a podozreniami na Po\u013enohospod\u00e1rskej platobnej agent\u00fare. Rovnak\u00fd apel je adresovan\u00fd i policajnej prezidentke Ma\u0161karovej.&nbsp; \u201cZa posledn\u00e9 mesiace sme pouk\u00e1zali na desiatky pr\u00edpadov, ke\u010f prostriedky ur\u010den\u00e9 [&hellip;]<\/p>\n","protected":false},"author":13,"featured_media":7885,"comment_status":"closed","ping_status":"closed","sticky":false,"template":"","format":"standard","meta":{"_acf_changed":false,"ngg_post_thumbnail":0,"footnotes":""},"categories":[4],"tags":[],"class_list":["post-7884","post","type-post","status-publish","format-standard","has-post-thumbnail","hentry","category-tlacove-spravy"],"acf":[],"yoast_head":"<!-- This site is optimized with the Yoast SEO plugin v27.2 - https:\/\/yoast.com\/product\/yoast-seo-wordpress\/ -->\n<title>V\u00fdzva \u017dilinkovi a Ma\u0161karovej na \u0161peci\u00e1lny vy\u0161etrovac\u00ed t\u00edm<\/title>\n<meta name=\"robots\" content=\"index, follow, max-snippet:-1, max-image-preview:large, max-video-preview:-1\" \/>\n<link rel=\"canonical\" href=\"https:\/\/www.smedemokrati.sk\/sv\/vyzva-zilinkovi-a-maskarovej-na-specialny-vysetrovaci-tim\/\" \/>\n<meta property=\"og:locale\" content=\"sv_SE\" \/>\n<meta property=\"og:locale:alternate\" content=\"en_US\" \/>\n<meta property=\"og:locale:alternate\" content=\"cs_CZ\" \/>\n<meta property=\"og:locale:alternate\" content=\"hu_HU\" \/>\n<meta property=\"og:locale:alternate\" content=\"sk_SK\" \/>\n<meta property=\"og:type\" content=\"article\" \/>\n<meta property=\"og:title\" content=\"V\u00fdzva \u017dilinkovi a Ma\u0161karovej na \u0161peci\u00e1lny vy\u0161etrovac\u00ed t\u00edm\" \/>\n<meta property=\"og:description\" content=\"Strana Demokrati v spolupr\u00e1ci so Zuzanou \u0160ubovou z Pir\u00e1tskej strany doru\u010dila na gener\u00e1lnu prokurat\u00faru list pre GP Maro\u0161a \u017dilinku so \u017eiados\u0165ou o zriadenie \u0161peci\u00e1lneho vy\u0161etrovacieho t\u00edmu v s\u00favislosti s podvodmi a podozreniami na Po\u013enohospod\u00e1rskej platobnej agent\u00fare. Rovnak\u00fd apel je adresovan\u00fd i policajnej prezidentke Ma\u0161karovej.&nbsp; \u201cZa posledn\u00e9 mesiace sme pouk\u00e1zali na desiatky pr\u00edpadov, ke\u010f prostriedky ur\u010den\u00e9 [&hellip;]\" \/>\n<meta property=\"og:url\" content=\"https:\/\/www.smedemokrati.sk\/sv\/vyzva-zilinkovi-a-maskarovej-na-specialny-vysetrovaci-tim\/\" \/>\n<meta property=\"og:site_name\" content=\"Smedemokrati.sk\" \/>\n<meta property=\"article:publisher\" content=\"https:\/\/www.facebook.com\/smedemokrati2023\" \/>\n<meta property=\"article:published_time\" content=\"2025-08-06T11:45:00+00:00\" \/>\n<meta property=\"article:modified_time\" content=\"2025-08-07T10:35:15+00:00\" \/>\n<meta property=\"og:image\" content=\"https:\/\/www.smedemokrati.sk\/wp-content\/uploads\/2025\/08\/vyzva-zilinkovi-maskarovej.jpg\" \/>\n\t<meta property=\"og:image:width\" content=\"1754\" \/>\n\t<meta property=\"og:image:height\" content=\"923\" \/>\n\t<meta property=\"og:image:type\" content=\"image\/jpeg\" \/>\n<meta name=\"author\" content=\"miro.sopko\" \/>\n<meta name=\"twitter:card\" content=\"summary_large_image\" \/>\n<meta name=\"twitter:label1\" content=\"Skriven av\" \/>\n\t<meta name=\"twitter:data1\" content=\"miro.sopko\" \/>\n\t<meta name=\"twitter:label2\" content=\"Ber\u00e4knad l\u00e4stid\" \/>\n\t<meta name=\"twitter:data2\" content=\"3 minuter\" \/>\n<script type=\"application\/ld+json\" class=\"yoast-schema-graph\">{\"@context\":\"https:\/\/schema.org\",\"@graph\":[{\"@type\":\"Article\",\"@id\":\"https:\/\/www.smedemokrati.sk\/vyzva-zilinkovi-a-maskarovej-na-specialny-vysetrovaci-tim\/#article\",\"isPartOf\":{\"@id\":\"https:\/\/www.smedemokrati.sk\/vyzva-zilinkovi-a-maskarovej-na-specialny-vysetrovaci-tim\/\"},\"author\":{\"name\":\"miro.sopko\",\"@id\":\"https:\/\/www.smedemokrati.sk\/#\/schema\/person\/21f147c88d605aa7ded900e1e7c344ba\"},\"headline\":\"V\u00fdzva \u017dilinkovi a Ma\u0161karovej na \u0161peci\u00e1lny vy\u0161etrovac\u00ed t\u00edm\",\"datePublished\":\"2025-08-06T11:45:00+00:00\",\"dateModified\":\"2025-08-07T10:35:15+00:00\",\"mainEntityOfPage\":{\"@id\":\"https:\/\/www.smedemokrati.sk\/vyzva-zilinkovi-a-maskarovej-na-specialny-vysetrovaci-tim\/\"},\"wordCount\":546,\"publisher\":{\"@id\":\"https:\/\/www.smedemokrati.sk\/#organization\"},\"image\":{\"@id\":\"https:\/\/www.smedemokrati.sk\/vyzva-zilinkovi-a-maskarovej-na-specialny-vysetrovaci-tim\/#primaryimage\"},\"thumbnailUrl\":\"https:\/\/www.smedemokrati.sk\/wp-content\/uploads\/2025\/08\/vyzva-zilinkovi-maskarovej.jpg\",\"articleSection\":[\"Tla\u010dov\u00e9 spr\u00e1vy\"],\"inLanguage\":\"sv-SE\"},{\"@type\":\"WebPage\",\"@id\":\"https:\/\/www.smedemokrati.sk\/vyzva-zilinkovi-a-maskarovej-na-specialny-vysetrovaci-tim\/\",\"url\":\"https:\/\/www.smedemokrati.sk\/vyzva-zilinkovi-a-maskarovej-na-specialny-vysetrovaci-tim\/\",\"name\":\"V\u00fdzva \u017dilinkovi a Ma\u0161karovej na \u0161peci\u00e1lny vy\u0161etrovac\u00ed t\u00edm\",\"isPartOf\":{\"@id\":\"https:\/\/www.smedemokrati.sk\/#website\"},\"primaryImageOfPage\":{\"@id\":\"https:\/\/www.smedemokrati.sk\/vyzva-zilinkovi-a-maskarovej-na-specialny-vysetrovaci-tim\/#primaryimage\"},\"image\":{\"@id\":\"https:\/\/www.smedemokrati.sk\/vyzva-zilinkovi-a-maskarovej-na-specialny-vysetrovaci-tim\/#primaryimage\"},\"thumbnailUrl\":\"https:\/\/www.smedemokrati.sk\/wp-content\/uploads\/2025\/08\/vyzva-zilinkovi-maskarovej.jpg\",\"datePublished\":\"2025-08-06T11:45:00+00:00\",\"dateModified\":\"2025-08-07T10:35:15+00:00\",\"breadcrumb\":{\"@id\":\"https:\/\/www.smedemokrati.sk\/vyzva-zilinkovi-a-maskarovej-na-specialny-vysetrovaci-tim\/#breadcrumb\"},\"inLanguage\":\"sv-SE\",\"potentialAction\":[{\"@type\":\"ReadAction\",\"target\":[\"https:\/\/www.smedemokrati.sk\/vyzva-zilinkovi-a-maskarovej-na-specialny-vysetrovaci-tim\/\"]}]},{\"@type\":\"ImageObject\",\"inLanguage\":\"sv-SE\",\"@id\":\"https:\/\/www.smedemokrati.sk\/vyzva-zilinkovi-a-maskarovej-na-specialny-vysetrovaci-tim\/#primaryimage\",\"url\":\"https:\/\/www.smedemokrati.sk\/wp-content\/uploads\/2025\/08\/vyzva-zilinkovi-maskarovej.jpg\",\"contentUrl\":\"https:\/\/www.smedemokrati.sk\/wp-content\/uploads\/2025\/08\/vyzva-zilinkovi-maskarovej.jpg\",\"width\":1754,\"height\":923},{\"@type\":\"BreadcrumbList\",\"@id\":\"https:\/\/www.smedemokrati.sk\/vyzva-zilinkovi-a-maskarovej-na-specialny-vysetrovaci-tim\/#breadcrumb\",\"itemListElement\":[{\"@type\":\"ListItem\",\"position\":1,\"name\":\"Domovsk\u00e1 str\u00e1nka\",\"item\":\"https:\/\/www.smedemokrati.sk\/\"},{\"@type\":\"ListItem\",\"position\":2,\"name\":\"V\u00fdzva \u017dilinkovi a Ma\u0161karovej na \u0161peci\u00e1lny vy\u0161etrovac\u00ed t\u00edm\"}]},{\"@type\":\"WebSite\",\"@id\":\"https:\/\/www.smedemokrati.sk\/#website\",\"url\":\"https:\/\/www.smedemokrati.sk\/\",\"name\":\"Smedemokrati.sk\",\"description\":\"Demokracia a slu\u0161nos\u0165 zv\u00ed\u0165az\u00ed\",\"publisher\":{\"@id\":\"https:\/\/www.smedemokrati.sk\/#organization\"},\"potentialAction\":[{\"@type\":\"SearchAction\",\"target\":{\"@type\":\"EntryPoint\",\"urlTemplate\":\"https:\/\/www.smedemokrati.sk\/?s={search_term_string}\"},\"query-input\":{\"@type\":\"PropertyValueSpecification\",\"valueRequired\":true,\"valueName\":\"search_term_string\"}}],\"inLanguage\":\"sv-SE\"},{\"@type\":\"Organization\",\"@id\":\"https:\/\/www.smedemokrati.sk\/#organization\",\"name\":\"Smedemokrati.sk\",\"url\":\"https:\/\/www.smedemokrati.sk\/\",\"logo\":{\"@type\":\"ImageObject\",\"inLanguage\":\"sv-SE\",\"@id\":\"https:\/\/www.smedemokrati.sk\/#\/schema\/logo\/image\/\",\"url\":\"https:\/\/www.smedemokrati.sk\/wp-content\/uploads\/2023\/04\/ff.002.jpeg\",\"contentUrl\":\"https:\/\/www.smedemokrati.sk\/wp-content\/uploads\/2023\/04\/ff.002.jpeg\",\"width\":640,\"height\":480,\"caption\":\"Smedemokrati.sk\"},\"image\":{\"@id\":\"https:\/\/www.smedemokrati.sk\/#\/schema\/logo\/image\/\"},\"sameAs\":[\"https:\/\/www.facebook.com\/smedemokrati2023\"]},{\"@type\":\"Person\",\"@id\":\"https:\/\/www.smedemokrati.sk\/#\/schema\/person\/21f147c88d605aa7ded900e1e7c344ba\",\"name\":\"miro.sopko\",\"image\":{\"@type\":\"ImageObject\",\"inLanguage\":\"sv-SE\",\"@id\":\"https:\/\/secure.gravatar.com\/avatar\/267e4a36f704376c109afe3a78740c1f5dd8675a2180a908699e7863c9247606?s=96&d=mm&r=g\",\"url\":\"https:\/\/secure.gravatar.com\/avatar\/267e4a36f704376c109afe3a78740c1f5dd8675a2180a908699e7863c9247606?s=96&d=mm&r=g\",\"contentUrl\":\"https:\/\/secure.gravatar.com\/avatar\/267e4a36f704376c109afe3a78740c1f5dd8675a2180a908699e7863c9247606?s=96&d=mm&r=g\",\"caption\":\"miro.sopko\"},\"url\":\"https:\/\/www.smedemokrati.sk\/sv\/author\/miro-sopko\/\"}]}<\/script>\n<!-- \/ Yoast SEO plugin. -->","yoast_head_json":{"title":"V\u00fdzva \u017dilinkovi a Ma\u0161karovej na \u0161peci\u00e1lny vy\u0161etrovac\u00ed t\u00edm","robots":{"index":"index","follow":"follow","max-snippet":"max-snippet:-1","max-image-preview":"max-image-preview:large","max-video-preview":"max-video-preview:-1"},"canonical":"https:\/\/www.smedemokrati.sk\/sv\/vyzva-zilinkovi-a-maskarovej-na-specialny-vysetrovaci-tim\/","og_locale":"sv_SE","og_type":"article","og_title":"[:sk]V\u00fdzva \u017dilinkovi a Ma\u0161karovej na \u0161peci\u00e1lny vy\u0161etrovac\u00ed t\u00edm[:] - Smedemokrati.sk","og_description":"Strana Demokrati v spolupr\u00e1ci so Zuzanou \u0160ubovou z Pir\u00e1tskej strany doru\u010dila na gener\u00e1lnu prokurat\u00faru list pre GP Maro\u0161a \u017dilinku so \u017eiados\u0165ou o zriadenie \u0161peci\u00e1lneho vy\u0161etrovacieho t\u00edmu v s\u00favislosti s podvodmi a podozreniami na Po\u013enohospod\u00e1rskej platobnej agent\u00fare. Rovnak\u00fd apel je adresovan\u00fd i policajnej prezidentke Ma\u0161karovej.&nbsp; \u201cZa posledn\u00e9 mesiace sme pouk\u00e1zali na desiatky pr\u00edpadov, ke\u010f prostriedky ur\u010den\u00e9 [&hellip;]","og_url":"https:\/\/www.smedemokrati.sk\/sv\/vyzva-zilinkovi-a-maskarovej-na-specialny-vysetrovaci-tim\/","og_site_name":"Smedemokrati.sk","article_publisher":"https:\/\/www.facebook.com\/smedemokrati2023","article_published_time":"2025-08-06T11:45:00+00:00","article_modified_time":"2025-08-07T10:35:15+00:00","og_image":[{"width":1754,"height":923,"url":"https:\/\/www.smedemokrati.sk\/wp-content\/uploads\/2025\/08\/vyzva-zilinkovi-maskarovej.jpg","type":"image\/jpeg"}],"author":"miro.sopko","twitter_card":"summary_large_image","twitter_misc":{"Skriven av":"miro.sopko","Ber\u00e4knad l\u00e4stid":"3 minuter"},"schema":{"@context":"https:\/\/schema.org","@graph":[{"@type":"Article","@id":"https:\/\/www.smedemokrati.sk\/vyzva-zilinkovi-a-maskarovej-na-specialny-vysetrovaci-tim\/#article","isPartOf":{"@id":"https:\/\/www.smedemokrati.sk\/vyzva-zilinkovi-a-maskarovej-na-specialny-vysetrovaci-tim\/"},"author":{"name":"miro.sopko","@id":"https:\/\/www.smedemokrati.sk\/#\/schema\/person\/21f147c88d605aa7ded900e1e7c344ba"},"headline":"V\u00fdzva \u017dilinkovi a Ma\u0161karovej na \u0161peci\u00e1lny vy\u0161etrovac\u00ed t\u00edm","datePublished":"2025-08-06T11:45:00+00:00","dateModified":"2025-08-07T10:35:15+00:00","mainEntityOfPage":{"@id":"https:\/\/www.smedemokrati.sk\/vyzva-zilinkovi-a-maskarovej-na-specialny-vysetrovaci-tim\/"},"wordCount":546,"publisher":{"@id":"https:\/\/www.smedemokrati.sk\/#organization"},"image":{"@id":"https:\/\/www.smedemokrati.sk\/vyzva-zilinkovi-a-maskarovej-na-specialny-vysetrovaci-tim\/#primaryimage"},"thumbnailUrl":"https:\/\/www.smedemokrati.sk\/wp-content\/uploads\/2025\/08\/vyzva-zilinkovi-maskarovej.jpg","articleSection":["Tla\u010dov\u00e9 spr\u00e1vy"],"inLanguage":"sv-SE"},{"@type":"WebPage","@id":"https:\/\/www.smedemokrati.sk\/vyzva-zilinkovi-a-maskarovej-na-specialny-vysetrovaci-tim\/","url":"https:\/\/www.smedemokrati.sk\/vyzva-zilinkovi-a-maskarovej-na-specialny-vysetrovaci-tim\/","name":"V\u00fdzva \u017dilinkovi a Ma\u0161karovej na \u0161peci\u00e1lny vy\u0161etrovac\u00ed t\u00edm","isPartOf":{"@id":"https:\/\/www.smedemokrati.sk\/#website"},"primaryImageOfPage":{"@id":"https:\/\/www.smedemokrati.sk\/vyzva-zilinkovi-a-maskarovej-na-specialny-vysetrovaci-tim\/#primaryimage"},"image":{"@id":"https:\/\/www.smedemokrati.sk\/vyzva-zilinkovi-a-maskarovej-na-specialny-vysetrovaci-tim\/#primaryimage"},"thumbnailUrl":"https:\/\/www.smedemokrati.sk\/wp-content\/uploads\/2025\/08\/vyzva-zilinkovi-maskarovej.jpg","datePublished":"2025-08-06T11:45:00+00:00","dateModified":"2025-08-07T10:35:15+00:00","breadcrumb":{"@id":"https:\/\/www.smedemokrati.sk\/vyzva-zilinkovi-a-maskarovej-na-specialny-vysetrovaci-tim\/#breadcrumb"},"inLanguage":"sv-SE","potentialAction":[{"@type":"ReadAction","target":["https:\/\/www.smedemokrati.sk\/vyzva-zilinkovi-a-maskarovej-na-specialny-vysetrovaci-tim\/"]}]},{"@type":"ImageObject","inLanguage":"sv-SE","@id":"https:\/\/www.smedemokrati.sk\/vyzva-zilinkovi-a-maskarovej-na-specialny-vysetrovaci-tim\/#primaryimage","url":"https:\/\/www.smedemokrati.sk\/wp-content\/uploads\/2025\/08\/vyzva-zilinkovi-maskarovej.jpg","contentUrl":"https:\/\/www.smedemokrati.sk\/wp-content\/uploads\/2025\/08\/vyzva-zilinkovi-maskarovej.jpg","width":1754,"height":923},{"@type":"BreadcrumbList","@id":"https:\/\/www.smedemokrati.sk\/vyzva-zilinkovi-a-maskarovej-na-specialny-vysetrovaci-tim\/#breadcrumb","itemListElement":[{"@type":"ListItem","position":1,"name":"Domovsk\u00e1 str\u00e1nka","item":"https:\/\/www.smedemokrati.sk\/"},{"@type":"ListItem","position":2,"name":"V\u00fdzva \u017dilinkovi a Ma\u0161karovej na \u0161peci\u00e1lny vy\u0161etrovac\u00ed t\u00edm"}]},{"@type":"WebSite","@id":"https:\/\/www.smedemokrati.sk\/#website","url":"https:\/\/www.smedemokrati.sk\/","name":"Smedemokrati.sk","description":"Demokracia a slu\u0161nos\u0165 zv\u00ed\u0165az\u00ed","publisher":{"@id":"https:\/\/www.smedemokrati.sk\/#organization"},"potentialAction":[{"@type":"SearchAction","target":{"@type":"EntryPoint","urlTemplate":"https:\/\/www.smedemokrati.sk\/?s={search_term_string}"},"query-input":{"@type":"PropertyValueSpecification","valueRequired":true,"valueName":"search_term_string"}}],"inLanguage":"sv-SE"},{"@type":"Organization","@id":"https:\/\/www.smedemokrati.sk\/#organization","name":"Smedemokrati.sk","url":"https:\/\/www.smedemokrati.sk\/","logo":{"@type":"ImageObject","inLanguage":"sv-SE","@id":"https:\/\/www.smedemokrati.sk\/#\/schema\/logo\/image\/","url":"https:\/\/www.smedemokrati.sk\/wp-content\/uploads\/2023\/04\/ff.002.jpeg","contentUrl":"https:\/\/www.smedemokrati.sk\/wp-content\/uploads\/2023\/04\/ff.002.jpeg","width":640,"height":480,"caption":"Smedemokrati.sk"},"image":{"@id":"https:\/\/www.smedemokrati.sk\/#\/schema\/logo\/image\/"},"sameAs":["https:\/\/www.facebook.com\/smedemokrati2023"]},{"@type":"Person","@id":"https:\/\/www.smedemokrati.sk\/#\/schema\/person\/21f147c88d605aa7ded900e1e7c344ba","name":"miro.sopko","image":{"@type":"ImageObject","inLanguage":"sv-SE","@id":"https:\/\/secure.gravatar.com\/avatar\/267e4a36f704376c109afe3a78740c1f5dd8675a2180a908699e7863c9247606?s=96&d=mm&r=g","url":"https:\/\/secure.gravatar.com\/avatar\/267e4a36f704376c109afe3a78740c1f5dd8675a2180a908699e7863c9247606?s=96&d=mm&r=g","contentUrl":"https:\/\/secure.gravatar.com\/avatar\/267e4a36f704376c109afe3a78740c1f5dd8675a2180a908699e7863c9247606?s=96&d=mm&r=g","caption":"miro.sopko"},"url":"https:\/\/www.smedemokrati.sk\/sv\/author\/miro-sopko\/"}]}},"_links":{"self":[{"href":"https:\/\/www.smedemokrati.sk\/sv\/wp-json\/wp\/v2\/posts\/7884","targetHints":{"allow":["GET"]}}],"collection":[{"href":"https:\/\/www.smedemokrati.sk\/sv\/wp-json\/wp\/v2\/posts"}],"about":[{"href":"https:\/\/www.smedemokrati.sk\/sv\/wp-json\/wp\/v2\/types\/post"}],"author":[{"embeddable":true,"href":"https:\/\/www.smedemokrati.sk\/sv\/wp-json\/wp\/v2\/users\/13"}],"replies":[{"embeddable":true,"href":"https:\/\/www.smedemokrati.sk\/sv\/wp-json\/wp\/v2\/comments?post=7884"}],"version-history":[{"count":1,"href":"https:\/\/www.smedemokrati.sk\/sv\/wp-json\/wp\/v2\/posts\/7884\/revisions"}],"predecessor-version":[{"id":7893,"href":"https:\/\/www.smedemokrati.sk\/sv\/wp-json\/wp\/v2\/posts\/7884\/revisions\/7893"}],"wp:featuredmedia":[{"embeddable":true,"href":"https:\/\/www.smedemokrati.sk\/sv\/wp-json\/wp\/v2\/media\/7885"}],"wp:attachment":[{"href":"https:\/\/www.smedemokrati.sk\/sv\/wp-json\/wp\/v2\/media?parent=7884"}],"wp:term":[{"taxonomy":"category","embeddable":true,"href":"https:\/\/www.smedemokrati.sk\/sv\/wp-json\/wp\/v2\/categories?post=7884"},{"taxonomy":"post_tag","embeddable":true,"href":"https:\/\/www.smedemokrati.sk\/sv\/wp-json\/wp\/v2\/tags?post=7884"}],"curies":[{"name":"wp","href":"https:\/\/api.w.org\/{rel}","templated":true}]}}