{"id":7877,"date":"2025-08-05T18:57:41","date_gmt":"2025-08-05T17:57:41","guid":{"rendered":"https:\/\/www.smedemokrati.sk\/?p=7877"},"modified":"2025-08-05T18:57:42","modified_gmt":"2025-08-05T17:57:42","slug":"privatizacia-tatier-je-po-dnesku-realnym-scenarom","status":"publish","type":"post","link":"https:\/\/www.smedemokrati.sk\/sv\/privatizacia-tatier-je-po-dnesku-realnym-scenarom\/","title":{"rendered":"Privatiz\u00e1cia Tatier je po dne\u0161ku re\u00e1lnym scen\u00e1rom"},"content":{"rendered":"<div id=\"fb-root\"><\/div>\n\n<p><strong>Scen\u00e1r, ktor\u00e9ho sme sa ob\u00e1vali, sa nap\u013a\u0148a. Pod\u013ea inform\u00e1ci\u00ed Demokratov umo\u017enia dnes predlo\u017een\u00e9 zon\u00e1cie Tatransk\u00e9ho n\u00e1rodn\u00e9ho parku a N\u00e1rodn\u00e9ho parku N\u00edzke Tatry doslova privatiz\u00e1ciu stoviek hekt\u00e1rov pozemkov v prospech developerov. Viac ako 200 hekt\u00e1rov zjazdoviek, a to aj e\u0161te len pl\u00e1novan\u00fdch, sa m\u00e1 preradi\u0165 do ni\u017e\u0161ieho stup\u0148a ochrany, \u010do by umo\u017enilo predaj a prevod pozemkov vo vlastn\u00edctve \u0161t\u00e1tu do r\u00fak developerov.<\/strong><\/p>\n\n\n\n<p>\u0160t\u00e1tny tajomn\u00edk Filip Kuffa dnes v Tatranskej Javorine predstavil prepracovan\u00e9 zon\u00e1cie n\u00e1rodn\u00fdch parkov. Na tla\u010dovej konferencii v\u0161ak neuviedol, \u017ee v pr\u00edpade Tatransk\u00e9ho n\u00e1rodn\u00e9ho parku (TANAP) a N\u00e1rodn\u00e9ho parku N\u00edzke Tatry (NAPANT) dcoh\u00e1dza ku \u0161kandal\u00f3znym \u00fastupkom developerom, na ktor\u00e9 si netr\u00fafla doteraz \u017eiadna vl\u00e1da. \u201e<em>Zn\u00ed\u017eenie stup\u0148a ochrany pod zjazdovkami, a to aj e\u0161te len pl\u00e1novan\u00fdmi, by toti\u017e nielen\u017ee oslabilo ochranu pr\u00edrody, ale v tzv. D z\u00f3ne (2. stupe\u0148 ochrany), by umo\u017enilo aj prev\u00e1dza\u0165 a scudzova\u0165 pozemky vo vlastn\u00edctve a spr\u00e1ve \u0161t\u00e1tu v prospech developerov. I\u0161lo by o priamu privatiz\u00e1ciu lukrat\u00edvnych vysokohorsk\u00fdch pozemkov za mili\u00f3ny eur. Pod\u013ea z\u00e1kona plat\u00ed z\u00e1kaz prevodu \u0161t\u00e1tnych pozemkov od tretieho stup\u0148a ochrany vy\u0161\u0161ie. Ak sa ale zon\u00e1cie v navrhnutej podobe schv\u00e1lia, t\u00e1to prek\u00e1\u017eka by odpadla,<\/em>\u201d vysvet\u013euje Michal Ki\u010da, enviroexpert Demokratov.\u00a0<\/p>\n\n\n\n<p>V pr\u00edpade NAPANT-u sa m\u00e1 do D z\u00f3ny preradi\u0165 pribli\u017ene viac ako 100 hekt\u00e1rov zjazdoviek, pri\u010dom najv\u00e4\u010d\u0161ie zast\u00fapenie \u0161t\u00e1tneho vlastn\u00edctva je na ju\u017enej strane Chopku. V TANAP-e sa jedn\u00e1 rovnako o pribli\u017ene 100 hekt\u00e1rov pozemkov, v ktor\u00fdch podstatn\u00fa \u010das\u0165 vlastn\u00ed \u0161t\u00e1t. K \u0161t\u00e1tnym pozemkom by sa po schv\u00e1len\u00ed zon\u00e1ci\u00ed mohli dosta\u0165 developeri. S\u00fa\u010dasn\u00e9mu prev\u00e1dzkovate\u013eovi ly\u017eiarsk\u00fdch stred\u00edk v oboch Tatr\u00e1ch v bud\u00facich rokoch uplynie nieko\u013eko n\u00e1jomn\u00fdch zml\u00fav, jeho z\u00e1ujem o nadobudnutie pozemkov by bol prirodzen\u00fd. Napokon, spolo\u010dnos\u0165 Tatra Mountain Resort, a.s. v minulosti privatizovala aj tatransk\u00e9 lanov\u00e9 dr\u00e1hy. Ur\u010dite by boli v komfortnej\u0161ej situ\u00e1cii, ak by u\u017e neboli z\u00e1visl\u00ed na n\u00e1jomn\u00fdch zmluv\u00e1ch so \u0161t\u00e1tom, ale \u0161t\u00e1tne pozemky pod zjazdovkami priamo vlastnili.<\/p>\n\n\n\n<p>K zmene doch\u00e1dza aj za mimoriadne podozriv\u00fdch okolnost\u00ed. \u201e<em>Pod\u013ea na\u0161ich inform\u00e1ci\u00ed preradenie zjazdoviek do D z\u00f3ny nebolo predmetom rokovania v r\u00e1mci rady TANAP-u v polovici j\u00fala. To pri\u0161lo a\u017e po n\u00e1stupe nov\u00e9ho riadite\u013ea Babni\u010da. Zon\u00e1cie nie s\u00fa doteraz zverejnen\u00e9, Kuffa informoval iba ve\u013emi v\u0161eobecne. Ak by chcel t\u00fato \u0161kandal\u00f3znu zmenu prekry\u0165 po\u010das letn\u00fdch dovoleniek, nepostupoval by inak,<\/em>\u201d vysvet\u013euje Michal Ki\u010da.\u00a0<\/p>\n\n\n\n<p>Tak\u00e1to skryt\u00e1 privatiz\u00e1cia Tatier by obrala oba n\u00e1rodn\u00e9 parky o zdroj pr\u00edjmov z pren\u00e1jmov pozemkov. Ide to presne proti cie\u013eom deklarovan\u00fdm samotn\u00fdm Tarabom n\u00e1rodn\u00e9 parky ekonomicky posilni\u0165. V d\u00f4sledku preradenia t\u00fdchto pozemkov do D z\u00f3ny \u0161t\u00e1t \u010falej str\u00e1ca predkupn\u00e9 pr\u00e1vo vo vz\u0165ahu k pozemkom urb\u00e1rov a s\u00fakromn\u00fdch vlastn\u00edkov, ktor\u00e9 ich bud\u00fa m\u00f4c\u0165 n\u00e1sledne vo\u013ene preda\u0165 developerom. Michal Ki\u010da uv\u00e1dza, \u017ee \u201e<em>pod\u013ea na\u0161ich inform\u00e1ci\u00ed n\u00e1vrhy zon\u00e1ci\u00ed \u0161okuj\u00faco roz\u0161iruj\u00fa \u00fazemia ur\u010den\u00e9 na v\u00fdstavbu ly\u017eiarskych stred\u00edsk, napr. o Salat\u00edn v Z\u00e1padn\u00fdch Tatr\u00e1ch. Tento z\u00e1mer nem\u00e1 zatia\u013e \u017eiadne povolenia, ale zon\u00e1cia ho u\u017e m\u00e1 predpoklada\u0165.<\/em>\u201d Taraba s Kuffom sa oh\u00e1\u0148aj\u00fa s\u00fakromn\u00fdmi vlastn\u00edkmi, av\u0161ak k\u00fdm ich pozemky ponech\u00e1vaj\u00fa v striktnej ochrane, developerom vych\u00e1dzaj\u00fa maxim\u00e1lne v \u00fastrety. \u201c<em>Tatry u\u017e za\u017eili v\u0161eli\u010do, ale a\u017e za \u0161tvrtej vl\u00e1dy Roberta Fica je scen\u00e1r ich privatiz\u00e1cie re\u00e1lny. Pri kupliaroch Tarabovi a Kuffovi, ktor\u00ed s\u00fa na \u010dele rezortu, m\u00f4\u017eeme predpoklada\u0165, \u017ee toto nie je omyl, ale premyslen\u00fd scen\u00e1r. Ob\u010dania a opoz\u00edcia mus\u00edme tejto hroziacej katastrofe zabr\u00e1ni\u0165,<\/em>\u201d uzavrel predseda Demokratov Jaroslav Na\u010f.\u00a0<\/p>\n\n\n<div class=\"fb-video\" data-href=\"https:\/\/fb.watch\/BhS6gwBfJx\" data-allowfullscreen=\"true\" data-autoplay=\"false\" data-width=\"\" data-show-text=\"false\" data-show-captions=\"true\"><\/div>\n","protected":false},"excerpt":{"rendered":"<p>Scen\u00e1r, ktor\u00e9ho sme sa ob\u00e1vali, sa nap\u013a\u0148a. Pod\u013ea inform\u00e1ci\u00ed Demokratov umo\u017enia dnes predlo\u017een\u00e9 zon\u00e1cie Tatransk\u00e9ho n\u00e1rodn\u00e9ho parku a N\u00e1rodn\u00e9ho parku N\u00edzke Tatry doslova privatiz\u00e1ciu stoviek hekt\u00e1rov pozemkov v prospech developerov. Viac ako 200 hekt\u00e1rov zjazdoviek, a to aj e\u0161te len pl\u00e1novan\u00fdch, sa m\u00e1 preradi\u0165 do ni\u017e\u0161ieho stup\u0148a ochrany, \u010do by umo\u017enilo predaj a prevod pozemkov [&hellip;]<\/p>\n","protected":false},"author":13,"featured_media":7878,"comment_status":"closed","ping_status":"closed","sticky":false,"template":"","format":"standard","meta":{"_acf_changed":false,"ngg_post_thumbnail":0,"footnotes":""},"categories":[4],"tags":[],"class_list":["post-7877","post","type-post","status-publish","format-standard","has-post-thumbnail","hentry","category-tlacove-spravy"],"acf":[],"yoast_head":"<!-- This site is optimized with the Yoast SEO plugin v27.2 - https:\/\/yoast.com\/product\/yoast-seo-wordpress\/ -->\n<title>Privatiz\u00e1cia Tatier je po dne\u0161ku re\u00e1lnym scen\u00e1rom<\/title>\n<meta name=\"description\" content=\"Scen\u00e1r, ktor\u00e9ho sme sa ob\u00e1vali, sa nap\u013a\u0148a. Pod\u013ea inform\u00e1ci\u00ed Demokratov umo\u017enia dnes predlo\u017een\u00e9 zon\u00e1cie Tatransk\u00e9ho n\u00e1rodn\u00e9ho parku a N\u00e1rodn\u00e9ho parku N\u00edzke Tatry doslova privatiz\u00e1ciu stoviek hekt\u00e1rov pozemkov v prospech developerov.\" \/>\n<meta name=\"robots\" content=\"index, follow, max-snippet:-1, max-image-preview:large, max-video-preview:-1\" \/>\n<link rel=\"canonical\" href=\"https:\/\/www.smedemokrati.sk\/sv\/privatizacia-tatier-je-po-dnesku-realnym-scenarom\/\" \/>\n<meta property=\"og:locale\" content=\"sv_SE\" \/>\n<meta property=\"og:locale:alternate\" content=\"en_US\" \/>\n<meta property=\"og:locale:alternate\" content=\"cs_CZ\" \/>\n<meta property=\"og:locale:alternate\" content=\"hu_HU\" \/>\n<meta property=\"og:locale:alternate\" content=\"sk_SK\" \/>\n<meta property=\"og:type\" content=\"article\" \/>\n<meta property=\"og:title\" content=\"Privatiz\u00e1cia Tatier je po dne\u0161ku re\u00e1lnym scen\u00e1rom\" \/>\n<meta property=\"og:description\" content=\"Scen\u00e1r, ktor\u00e9ho sme sa ob\u00e1vali, sa nap\u013a\u0148a. Pod\u013ea inform\u00e1ci\u00ed Demokratov umo\u017enia dnes predlo\u017een\u00e9 zon\u00e1cie Tatransk\u00e9ho n\u00e1rodn\u00e9ho parku a N\u00e1rodn\u00e9ho parku N\u00edzke Tatry doslova privatiz\u00e1ciu stoviek hekt\u00e1rov pozemkov v prospech developerov.\" \/>\n<meta property=\"og:url\" content=\"https:\/\/www.smedemokrati.sk\/sv\/privatizacia-tatier-je-po-dnesku-realnym-scenarom\/\" \/>\n<meta property=\"og:site_name\" content=\"Smedemokrati.sk\" \/>\n<meta property=\"article:publisher\" content=\"https:\/\/www.facebook.com\/smedemokrati2023\" \/>\n<meta property=\"article:published_time\" content=\"2025-08-05T17:57:41+00:00\" \/>\n<meta property=\"article:modified_time\" content=\"2025-08-05T17:57:42+00:00\" \/>\n<meta property=\"og:image\" content=\"https:\/\/www.smedemokrati.sk\/wp-content\/uploads\/2025\/08\/skryta-privatizacia.jpg\" \/>\n\t<meta property=\"og:image:width\" content=\"855\" \/>\n\t<meta property=\"og:image:height\" content=\"521\" \/>\n\t<meta property=\"og:image:type\" content=\"image\/jpeg\" \/>\n<meta name=\"author\" content=\"miro.sopko\" \/>\n<meta name=\"twitter:card\" content=\"summary_large_image\" \/>\n<meta name=\"twitter:label1\" content=\"Skriven av\" \/>\n\t<meta name=\"twitter:data1\" content=\"miro.sopko\" \/>\n\t<meta name=\"twitter:label2\" content=\"Ber\u00e4knad l\u00e4stid\" \/>\n\t<meta name=\"twitter:data2\" content=\"4 minuter\" \/>\n<script type=\"application\/ld+json\" class=\"yoast-schema-graph\">{\"@context\":\"https:\/\/schema.org\",\"@graph\":[{\"@type\":\"Article\",\"@id\":\"https:\/\/www.smedemokrati.sk\/privatizacia-tatier-je-po-dnesku-realnym-scenarom\/#article\",\"isPartOf\":{\"@id\":\"https:\/\/www.smedemokrati.sk\/privatizacia-tatier-je-po-dnesku-realnym-scenarom\/\"},\"author\":{\"name\":\"miro.sopko\",\"@id\":\"https:\/\/www.smedemokrati.sk\/#\/schema\/person\/21f147c88d605aa7ded900e1e7c344ba\"},\"headline\":\"Privatiz\u00e1cia Tatier je po dne\u0161ku re\u00e1lnym scen\u00e1rom\",\"datePublished\":\"2025-08-05T17:57:41+00:00\",\"dateModified\":\"2025-08-05T17:57:42+00:00\",\"mainEntityOfPage\":{\"@id\":\"https:\/\/www.smedemokrati.sk\/privatizacia-tatier-je-po-dnesku-realnym-scenarom\/\"},\"wordCount\":736,\"publisher\":{\"@id\":\"https:\/\/www.smedemokrati.sk\/#organization\"},\"image\":{\"@id\":\"https:\/\/www.smedemokrati.sk\/privatizacia-tatier-je-po-dnesku-realnym-scenarom\/#primaryimage\"},\"thumbnailUrl\":\"https:\/\/www.smedemokrati.sk\/wp-content\/uploads\/2025\/08\/skryta-privatizacia.jpg\",\"articleSection\":[\"Tla\u010dov\u00e9 spr\u00e1vy\"],\"inLanguage\":\"sv-SE\"},{\"@type\":\"WebPage\",\"@id\":\"https:\/\/www.smedemokrati.sk\/privatizacia-tatier-je-po-dnesku-realnym-scenarom\/\",\"url\":\"https:\/\/www.smedemokrati.sk\/privatizacia-tatier-je-po-dnesku-realnym-scenarom\/\",\"name\":\"Privatiz\u00e1cia Tatier je po dne\u0161ku re\u00e1lnym scen\u00e1rom\",\"isPartOf\":{\"@id\":\"https:\/\/www.smedemokrati.sk\/#website\"},\"primaryImageOfPage\":{\"@id\":\"https:\/\/www.smedemokrati.sk\/privatizacia-tatier-je-po-dnesku-realnym-scenarom\/#primaryimage\"},\"image\":{\"@id\":\"https:\/\/www.smedemokrati.sk\/privatizacia-tatier-je-po-dnesku-realnym-scenarom\/#primaryimage\"},\"thumbnailUrl\":\"https:\/\/www.smedemokrati.sk\/wp-content\/uploads\/2025\/08\/skryta-privatizacia.jpg\",\"datePublished\":\"2025-08-05T17:57:41+00:00\",\"dateModified\":\"2025-08-05T17:57:42+00:00\",\"description\":\"Scen\u00e1r, ktor\u00e9ho sme sa ob\u00e1vali, sa nap\u013a\u0148a. Pod\u013ea inform\u00e1ci\u00ed Demokratov umo\u017enia dnes predlo\u017een\u00e9 zon\u00e1cie Tatransk\u00e9ho n\u00e1rodn\u00e9ho parku a N\u00e1rodn\u00e9ho parku N\u00edzke Tatry doslova privatiz\u00e1ciu stoviek hekt\u00e1rov pozemkov v prospech developerov.\",\"breadcrumb\":{\"@id\":\"https:\/\/www.smedemokrati.sk\/privatizacia-tatier-je-po-dnesku-realnym-scenarom\/#breadcrumb\"},\"inLanguage\":\"sv-SE\",\"potentialAction\":[{\"@type\":\"ReadAction\",\"target\":[\"https:\/\/www.smedemokrati.sk\/privatizacia-tatier-je-po-dnesku-realnym-scenarom\/\"]}]},{\"@type\":\"ImageObject\",\"inLanguage\":\"sv-SE\",\"@id\":\"https:\/\/www.smedemokrati.sk\/privatizacia-tatier-je-po-dnesku-realnym-scenarom\/#primaryimage\",\"url\":\"https:\/\/www.smedemokrati.sk\/wp-content\/uploads\/2025\/08\/skryta-privatizacia.jpg\",\"contentUrl\":\"https:\/\/www.smedemokrati.sk\/wp-content\/uploads\/2025\/08\/skryta-privatizacia.jpg\",\"width\":855,\"height\":521},{\"@type\":\"BreadcrumbList\",\"@id\":\"https:\/\/www.smedemokrati.sk\/privatizacia-tatier-je-po-dnesku-realnym-scenarom\/#breadcrumb\",\"itemListElement\":[{\"@type\":\"ListItem\",\"position\":1,\"name\":\"Domovsk\u00e1 str\u00e1nka\",\"item\":\"https:\/\/www.smedemokrati.sk\/\"},{\"@type\":\"ListItem\",\"position\":2,\"name\":\"Privatiz\u00e1cia Tatier je po dne\u0161ku re\u00e1lnym scen\u00e1rom\"}]},{\"@type\":\"WebSite\",\"@id\":\"https:\/\/www.smedemokrati.sk\/#website\",\"url\":\"https:\/\/www.smedemokrati.sk\/\",\"name\":\"Smedemokrati.sk\",\"description\":\"Demokracia a slu\u0161nos\u0165 zv\u00ed\u0165az\u00ed\",\"publisher\":{\"@id\":\"https:\/\/www.smedemokrati.sk\/#organization\"},\"potentialAction\":[{\"@type\":\"SearchAction\",\"target\":{\"@type\":\"EntryPoint\",\"urlTemplate\":\"https:\/\/www.smedemokrati.sk\/?s={search_term_string}\"},\"query-input\":{\"@type\":\"PropertyValueSpecification\",\"valueRequired\":true,\"valueName\":\"search_term_string\"}}],\"inLanguage\":\"sv-SE\"},{\"@type\":\"Organization\",\"@id\":\"https:\/\/www.smedemokrati.sk\/#organization\",\"name\":\"Smedemokrati.sk\",\"url\":\"https:\/\/www.smedemokrati.sk\/\",\"logo\":{\"@type\":\"ImageObject\",\"inLanguage\":\"sv-SE\",\"@id\":\"https:\/\/www.smedemokrati.sk\/#\/schema\/logo\/image\/\",\"url\":\"https:\/\/www.smedemokrati.sk\/wp-content\/uploads\/2023\/04\/ff.002.jpeg\",\"contentUrl\":\"https:\/\/www.smedemokrati.sk\/wp-content\/uploads\/2023\/04\/ff.002.jpeg\",\"width\":640,\"height\":480,\"caption\":\"Smedemokrati.sk\"},\"image\":{\"@id\":\"https:\/\/www.smedemokrati.sk\/#\/schema\/logo\/image\/\"},\"sameAs\":[\"https:\/\/www.facebook.com\/smedemokrati2023\"]},{\"@type\":\"Person\",\"@id\":\"https:\/\/www.smedemokrati.sk\/#\/schema\/person\/21f147c88d605aa7ded900e1e7c344ba\",\"name\":\"miro.sopko\",\"image\":{\"@type\":\"ImageObject\",\"inLanguage\":\"sv-SE\",\"@id\":\"https:\/\/secure.gravatar.com\/avatar\/267e4a36f704376c109afe3a78740c1f5dd8675a2180a908699e7863c9247606?s=96&d=mm&r=g\",\"url\":\"https:\/\/secure.gravatar.com\/avatar\/267e4a36f704376c109afe3a78740c1f5dd8675a2180a908699e7863c9247606?s=96&d=mm&r=g\",\"contentUrl\":\"https:\/\/secure.gravatar.com\/avatar\/267e4a36f704376c109afe3a78740c1f5dd8675a2180a908699e7863c9247606?s=96&d=mm&r=g\",\"caption\":\"miro.sopko\"},\"url\":\"https:\/\/www.smedemokrati.sk\/sv\/author\/miro-sopko\/\"}]}<\/script>\n<!-- \/ Yoast SEO plugin. -->","yoast_head_json":{"title":"Privatiz\u00e1cia Tatier je po dne\u0161ku re\u00e1lnym scen\u00e1rom","description":"Scen\u00e1r, ktor\u00e9ho sme sa ob\u00e1vali, sa nap\u013a\u0148a. Pod\u013ea inform\u00e1ci\u00ed Demokratov umo\u017enia dnes predlo\u017een\u00e9 zon\u00e1cie Tatransk\u00e9ho n\u00e1rodn\u00e9ho parku a N\u00e1rodn\u00e9ho parku N\u00edzke Tatry doslova privatiz\u00e1ciu stoviek hekt\u00e1rov pozemkov v prospech developerov.","robots":{"index":"index","follow":"follow","max-snippet":"max-snippet:-1","max-image-preview":"max-image-preview:large","max-video-preview":"max-video-preview:-1"},"canonical":"https:\/\/www.smedemokrati.sk\/sv\/privatizacia-tatier-je-po-dnesku-realnym-scenarom\/","og_locale":"sv_SE","og_type":"article","og_title":"[:sk]Privatiz\u00e1cia Tatier je po dne\u0161ku re\u00e1lnym scen\u00e1rom[:] - Smedemokrati.sk","og_description":"[:sk]Scen\u00e1r, ktor\u00e9ho sme sa ob\u00e1vali, sa nap\u013a\u0148a. Pod\u013ea inform\u00e1ci\u00ed Demokratov umo\u017enia dnes predlo\u017een\u00e9 zon\u00e1cie Tatransk\u00e9ho n\u00e1rodn\u00e9ho parku a N\u00e1rodn\u00e9ho parku N\u00edzke Tatry doslova privatiz\u00e1ciu stoviek hekt\u00e1rov pozemkov v prospech developerov.[:]","og_url":"https:\/\/www.smedemokrati.sk\/sv\/privatizacia-tatier-je-po-dnesku-realnym-scenarom\/","og_site_name":"Smedemokrati.sk","article_publisher":"https:\/\/www.facebook.com\/smedemokrati2023","article_published_time":"2025-08-05T17:57:41+00:00","article_modified_time":"2025-08-05T17:57:42+00:00","og_image":[{"width":855,"height":521,"url":"https:\/\/www.smedemokrati.sk\/wp-content\/uploads\/2025\/08\/skryta-privatizacia.jpg","type":"image\/jpeg"}],"author":"miro.sopko","twitter_card":"summary_large_image","twitter_misc":{"Skriven av":"miro.sopko","Ber\u00e4knad l\u00e4stid":"4 minuter"},"schema":{"@context":"https:\/\/schema.org","@graph":[{"@type":"Article","@id":"https:\/\/www.smedemokrati.sk\/privatizacia-tatier-je-po-dnesku-realnym-scenarom\/#article","isPartOf":{"@id":"https:\/\/www.smedemokrati.sk\/privatizacia-tatier-je-po-dnesku-realnym-scenarom\/"},"author":{"name":"miro.sopko","@id":"https:\/\/www.smedemokrati.sk\/#\/schema\/person\/21f147c88d605aa7ded900e1e7c344ba"},"headline":"Privatiz\u00e1cia Tatier je po dne\u0161ku re\u00e1lnym scen\u00e1rom","datePublished":"2025-08-05T17:57:41+00:00","dateModified":"2025-08-05T17:57:42+00:00","mainEntityOfPage":{"@id":"https:\/\/www.smedemokrati.sk\/privatizacia-tatier-je-po-dnesku-realnym-scenarom\/"},"wordCount":736,"publisher":{"@id":"https:\/\/www.smedemokrati.sk\/#organization"},"image":{"@id":"https:\/\/www.smedemokrati.sk\/privatizacia-tatier-je-po-dnesku-realnym-scenarom\/#primaryimage"},"thumbnailUrl":"https:\/\/www.smedemokrati.sk\/wp-content\/uploads\/2025\/08\/skryta-privatizacia.jpg","articleSection":["Tla\u010dov\u00e9 spr\u00e1vy"],"inLanguage":"sv-SE"},{"@type":"WebPage","@id":"https:\/\/www.smedemokrati.sk\/privatizacia-tatier-je-po-dnesku-realnym-scenarom\/","url":"https:\/\/www.smedemokrati.sk\/privatizacia-tatier-je-po-dnesku-realnym-scenarom\/","name":"Privatiz\u00e1cia Tatier je po dne\u0161ku re\u00e1lnym scen\u00e1rom","isPartOf":{"@id":"https:\/\/www.smedemokrati.sk\/#website"},"primaryImageOfPage":{"@id":"https:\/\/www.smedemokrati.sk\/privatizacia-tatier-je-po-dnesku-realnym-scenarom\/#primaryimage"},"image":{"@id":"https:\/\/www.smedemokrati.sk\/privatizacia-tatier-je-po-dnesku-realnym-scenarom\/#primaryimage"},"thumbnailUrl":"https:\/\/www.smedemokrati.sk\/wp-content\/uploads\/2025\/08\/skryta-privatizacia.jpg","datePublished":"2025-08-05T17:57:41+00:00","dateModified":"2025-08-05T17:57:42+00:00","description":"Scen\u00e1r, ktor\u00e9ho sme sa ob\u00e1vali, sa nap\u013a\u0148a. Pod\u013ea inform\u00e1ci\u00ed Demokratov umo\u017enia dnes predlo\u017een\u00e9 zon\u00e1cie Tatransk\u00e9ho n\u00e1rodn\u00e9ho parku a N\u00e1rodn\u00e9ho parku N\u00edzke Tatry doslova privatiz\u00e1ciu stoviek hekt\u00e1rov pozemkov v prospech developerov.","breadcrumb":{"@id":"https:\/\/www.smedemokrati.sk\/privatizacia-tatier-je-po-dnesku-realnym-scenarom\/#breadcrumb"},"inLanguage":"sv-SE","potentialAction":[{"@type":"ReadAction","target":["https:\/\/www.smedemokrati.sk\/privatizacia-tatier-je-po-dnesku-realnym-scenarom\/"]}]},{"@type":"ImageObject","inLanguage":"sv-SE","@id":"https:\/\/www.smedemokrati.sk\/privatizacia-tatier-je-po-dnesku-realnym-scenarom\/#primaryimage","url":"https:\/\/www.smedemokrati.sk\/wp-content\/uploads\/2025\/08\/skryta-privatizacia.jpg","contentUrl":"https:\/\/www.smedemokrati.sk\/wp-content\/uploads\/2025\/08\/skryta-privatizacia.jpg","width":855,"height":521},{"@type":"BreadcrumbList","@id":"https:\/\/www.smedemokrati.sk\/privatizacia-tatier-je-po-dnesku-realnym-scenarom\/#breadcrumb","itemListElement":[{"@type":"ListItem","position":1,"name":"Domovsk\u00e1 str\u00e1nka","item":"https:\/\/www.smedemokrati.sk\/"},{"@type":"ListItem","position":2,"name":"Privatiz\u00e1cia Tatier je po dne\u0161ku re\u00e1lnym scen\u00e1rom"}]},{"@type":"WebSite","@id":"https:\/\/www.smedemokrati.sk\/#website","url":"https:\/\/www.smedemokrati.sk\/","name":"Smedemokrati.sk","description":"Demokracia a slu\u0161nos\u0165 zv\u00ed\u0165az\u00ed","publisher":{"@id":"https:\/\/www.smedemokrati.sk\/#organization"},"potentialAction":[{"@type":"SearchAction","target":{"@type":"EntryPoint","urlTemplate":"https:\/\/www.smedemokrati.sk\/?s={search_term_string}"},"query-input":{"@type":"PropertyValueSpecification","valueRequired":true,"valueName":"search_term_string"}}],"inLanguage":"sv-SE"},{"@type":"Organization","@id":"https:\/\/www.smedemokrati.sk\/#organization","name":"Smedemokrati.sk","url":"https:\/\/www.smedemokrati.sk\/","logo":{"@type":"ImageObject","inLanguage":"sv-SE","@id":"https:\/\/www.smedemokrati.sk\/#\/schema\/logo\/image\/","url":"https:\/\/www.smedemokrati.sk\/wp-content\/uploads\/2023\/04\/ff.002.jpeg","contentUrl":"https:\/\/www.smedemokrati.sk\/wp-content\/uploads\/2023\/04\/ff.002.jpeg","width":640,"height":480,"caption":"Smedemokrati.sk"},"image":{"@id":"https:\/\/www.smedemokrati.sk\/#\/schema\/logo\/image\/"},"sameAs":["https:\/\/www.facebook.com\/smedemokrati2023"]},{"@type":"Person","@id":"https:\/\/www.smedemokrati.sk\/#\/schema\/person\/21f147c88d605aa7ded900e1e7c344ba","name":"miro.sopko","image":{"@type":"ImageObject","inLanguage":"sv-SE","@id":"https:\/\/secure.gravatar.com\/avatar\/267e4a36f704376c109afe3a78740c1f5dd8675a2180a908699e7863c9247606?s=96&d=mm&r=g","url":"https:\/\/secure.gravatar.com\/avatar\/267e4a36f704376c109afe3a78740c1f5dd8675a2180a908699e7863c9247606?s=96&d=mm&r=g","contentUrl":"https:\/\/secure.gravatar.com\/avatar\/267e4a36f704376c109afe3a78740c1f5dd8675a2180a908699e7863c9247606?s=96&d=mm&r=g","caption":"miro.sopko"},"url":"https:\/\/www.smedemokrati.sk\/sv\/author\/miro-sopko\/"}]}},"_links":{"self":[{"href":"https:\/\/www.smedemokrati.sk\/sv\/wp-json\/wp\/v2\/posts\/7877","targetHints":{"allow":["GET"]}}],"collection":[{"href":"https:\/\/www.smedemokrati.sk\/sv\/wp-json\/wp\/v2\/posts"}],"about":[{"href":"https:\/\/www.smedemokrati.sk\/sv\/wp-json\/wp\/v2\/types\/post"}],"author":[{"embeddable":true,"href":"https:\/\/www.smedemokrati.sk\/sv\/wp-json\/wp\/v2\/users\/13"}],"replies":[{"embeddable":true,"href":"https:\/\/www.smedemokrati.sk\/sv\/wp-json\/wp\/v2\/comments?post=7877"}],"version-history":[{"count":1,"href":"https:\/\/www.smedemokrati.sk\/sv\/wp-json\/wp\/v2\/posts\/7877\/revisions"}],"predecessor-version":[{"id":7879,"href":"https:\/\/www.smedemokrati.sk\/sv\/wp-json\/wp\/v2\/posts\/7877\/revisions\/7879"}],"wp:featuredmedia":[{"embeddable":true,"href":"https:\/\/www.smedemokrati.sk\/sv\/wp-json\/wp\/v2\/media\/7878"}],"wp:attachment":[{"href":"https:\/\/www.smedemokrati.sk\/sv\/wp-json\/wp\/v2\/media?parent=7877"}],"wp:term":[{"taxonomy":"category","embeddable":true,"href":"https:\/\/www.smedemokrati.sk\/sv\/wp-json\/wp\/v2\/categories?post=7877"},{"taxonomy":"post_tag","embeddable":true,"href":"https:\/\/www.smedemokrati.sk\/sv\/wp-json\/wp\/v2\/tags?post=7877"}],"curies":[{"name":"wp","href":"https:\/\/api.w.org\/{rel}","templated":true}]}}