{"id":7851,"date":"2025-08-04T11:17:55","date_gmt":"2025-08-04T10:17:55","guid":{"rendered":"https:\/\/www.smedemokrati.sk\/?p=7851"},"modified":"2025-08-04T11:21:08","modified_gmt":"2025-08-04T10:21:08","slug":"kalinak-nechava-likvidovat-rodinne-zlato-slovenska-spickove-sportove-centrum-dukla-sa-rozpada-pod-rukami-kalinakovho-nominanta-s-prepojenim-na-jt","status":"publish","type":"post","link":"https:\/\/www.smedemokrati.sk\/sv\/kalinak-nechava-likvidovat-rodinne-zlato-slovenska-spickove-sportove-centrum-dukla-sa-rozpada-pod-rukami-kalinakovho-nominanta-s-prepojenim-na-jt\/","title":{"rendered":"Kali\u0148\u00e1k nech\u00e1va likvidova\u0165 &#8221;rodinn\u00e9 zlato&#8221; Slovenska. \u0160pi\u010dkov\u00e9 \u0161portov\u00e9 centrum Dukla sa rozpad\u00e1 pod rukami Kali\u0148\u00e1kovho nominanta s prepojen\u00edm na J&#038;T"},"content":{"rendered":"<div id=\"fb-root\"><\/div>\n\n<p><strong>Rodinn\u00e9 zlato, Vojensk\u00e9 \u0161portov\u00e9 centrum Dukla Bansk\u00e1 Bystrica, je po nieko\u013ek\u00fdch mesiacoch pod veden\u00edm nov\u00e9ho riadite\u013ea Gabriela Barana v hlbokom person\u00e1lnom aj finan\u010dnom rozvrate. Baran zastavil invest\u00edcie do rozvoja, zn\u00ed\u017eil finan\u010dn\u00fa podporu \u0161portovcov a tr\u00e9nerov, nepochopite\u013ene zredukoval ich po\u010det a zjavne \u00fa\u010delovo prihr\u00e1va biznis vybran\u00fdm firm\u00e1m a osob\u00e1m. Zamestnanci Dukly v liste, ktor\u00fd zaslali Jaroslavovi Na\u010fovi hovoria o v\u00e1\u017enom podozren\u00ed na z\u00e1mern\u00fa likvid\u00e1ciu centra. Predseda Demokratov vyz\u00fdva ministra obrany Roberta Kali\u0148\u00e1ka, aby okam\u017eite zasiahol.<\/strong><\/p>\n\n\n\n<p><em>\u201eZa posledn\u00fdch 50 rokov priniesla Dukla Slovensku presne 1167 medail\u00ed z vrcholov\u00fdch \u0161portov\u00fdch podujat\u00ed. Po\u010das m\u00f4jho p\u00f4sobenia sme zv\u00fd\u0161ili rozpo\u010det zo 6,5 mili\u00f3na eur na pribli\u017ene 17&nbsp;mili\u00f3nov eur, opravili sme a vybudovali z\u00e1sadn\u00e9 \u0161portovisk\u00e1, investovali do vybavenia a posilnili realiza\u010dn\u00e9 t\u00edmy. Ka\u017ed\u00fd o\u010dak\u00e1val, \u017ee Dukla bude na\u010falej r\u00e1s\u0165. No potom pri\u0161la vl\u00e1da Roberta Fica a s \u0148ou nominant J&#038;T, ktor\u00fd vymenil olympijsk\u00fdch v\u00ed\u0165azov a odchovancov Dukly Mateja T\u00f3tha a Elenu Kalisk\u00fa,\u201c&nbsp;<\/em>uviedol Jaroslav Na\u010f.<\/p>\n\n\n\n<p>Na\u010f kritizuje, \u017ee minister Kali\u0148\u00e1k ani raz za cel\u00e9 svoje funk\u010dn\u00e9 obdobie Duklu nenav\u0161t\u00edvil. Situ\u00e1cia pod\u013ea neho smeruje k systematick\u00e9mu rozkladu.&nbsp;<em>\u201eZ kedysi 130 zazmluvnen\u00fdch \u0161portovcov zostalo len okolo 30. Riadite\u013e Baran stanovil nezmyseln\u00fa podmienku, \u017ee zmluvu dostane len ten, kto skon\u010d\u00ed do 10. miesta na majstrovstv\u00e1ch sveta. Priebe\u017ene vyhodil u\u017e pribli\u017ene 100 vrcholov\u00fdch \u0161portovcov. Je jasn\u00e9, \u017ee chce Duklu okresa\u0165 na minimum, aby n\u00e1sledne tvrdil, \u017ee nem\u00e1 v\u00fdznam a m\u00f4\u017ee sa rozpusti\u0165. U\u017e dnes vrabce \u010dvirikaj\u00fa, \u017ee \u0161tadi\u00f3n na \u0160tiavni\u010dk\u00e1ch m\u00e1 prejs\u0165 pod Slovensk\u00fd futbalov\u00fd zv\u00e4z. Budovy a \u0161portovisk\u00e1 zrejme skon\u010dia u spriaznen\u00fdch firiem a \u201ena\u0161ich \u013eud\u00ed\u201c.\u201c<\/em><\/p>\n\n\n\n<p>Na\u010f poukazuje aj na konkr\u00e9tne pr\u00edpady po\u0161kodzovania \u0161portovcov:&nbsp;<em>\u201e\u0160pi\u010dkov\u00fd olympionik&nbsp;Jakub Grigar dostal mail, \u017ee mu zni\u017euj\u00fa finan\u010dn\u00fa podporu, vraj nie s\u00fa peniaze. Zauj\u00edmav\u00e9 je, \u017ee pre extern\u00fdch fyzioterapeutov peniaze s\u00fa. Aj na pr\u00e1vne slu\u017eby, hoci ministerstvo obrany m\u00e1 vlastn\u00fa pr\u00e1vnu sekciu a Dukla intern\u00e9ho pr\u00e1vnika. Riadite\u013e Baran z\u00e1rove\u0148 posiela objedn\u00e1vky do \u0161portov\u00e9ho klubu J&#038;T, kde v minulosti p\u00f4sobil ako \u0161tatut\u00e1r, na pren\u00e1jom plaveck\u00fdch dr\u00e1h, hoci Dukla a rezort obrany m\u00e1 dlhodobo dostupn\u00e9 in\u00e9 kapacity.\u201c<\/em><\/p>\n\n\n\n<p>Na\u010f uzatv\u00e1ra, \u017ee Dukla je v najhor\u0161om stave za posledn\u00e9 desa\u0165ro\u010dia a situ\u00e1ciu ilustruje aj fakt, \u017ee posledn\u00e1 porada vedenia sa uskuto\u010dnila e\u0161te 3. febru\u00e1ra 2025.&nbsp;<em>\u201eVyz\u00fdvam ministra Kali\u0148\u00e1ka, aby prestal zatv\u00e1ra\u0165 o\u010di a okam\u017eite konal a odvolal riadite\u013ea Barana. Zachr\u00e1\u0148me naj\u00faspe\u0161nej\u0161ie \u0161portov\u00e9 centrum, ak\u00e9 kedy Slovensko malo.\u201c<\/em><\/p>\n\n\n<div class=\"fb-video\" data-href=\"https:\/\/fb.watch\/BgdUBm-6bw\" data-allowfullscreen=\"true\" data-autoplay=\"false\" data-width=\"\" data-show-text=\"false\" data-show-captions=\"true\"><\/div>\n","protected":false},"excerpt":{"rendered":"<p>Rodinn\u00e9 zlato, Vojensk\u00e9 \u0161portov\u00e9 centrum Dukla Bansk\u00e1 Bystrica, je po nieko\u013ek\u00fdch mesiacoch pod veden\u00edm nov\u00e9ho riadite\u013ea Gabriela Barana v hlbokom person\u00e1lnom aj finan\u010dnom rozvrate. Baran zastavil invest\u00edcie do rozvoja, zn\u00ed\u017eil finan\u010dn\u00fa podporu \u0161portovcov a tr\u00e9nerov, nepochopite\u013ene zredukoval ich po\u010det a zjavne \u00fa\u010delovo prihr\u00e1va biznis vybran\u00fdm firm\u00e1m a osob\u00e1m. Zamestnanci Dukly v liste, ktor\u00fd zaslali Jaroslavovi [&hellip;]<\/p>\n","protected":false},"author":13,"featured_media":7853,"comment_status":"closed","ping_status":"closed","sticky":false,"template":"","format":"standard","meta":{"_acf_changed":false,"ngg_post_thumbnail":0,"footnotes":""},"categories":[4],"tags":[],"class_list":["post-7851","post","type-post","status-publish","format-standard","has-post-thumbnail","hentry","category-tlacove-spravy"],"acf":[],"yoast_head":"<!-- This site is optimized with the Yoast SEO plugin v27.2 - https:\/\/yoast.com\/product\/yoast-seo-wordpress\/ -->\n<title>Kali\u0148\u00e1k nech\u00e1va likvidova\u0165 &quot;rodinn\u00e9 zlato&quot; Slovenska. \u0160pi\u010dkov\u00e9 \u0161portov\u00e9 centrum Dukla sa rozpad\u00e1 pod rukami Kali\u0148\u00e1kovho nominanta s prepojen\u00edm na J&amp;T<\/title>\n<meta name=\"description\" content=\"Rodinn\u00e9 zlato, Vojensk\u00e9 \u0161portov\u00e9 centrum Dukla Bansk\u00e1 Bystrica, je po nieko\u013ek\u00fdch mesiacoch pod veden\u00edm nov\u00e9ho riadite\u013ea Gabriela Barana v hlbokom person\u00e1lnom aj finan\u010dnom rozvrate. Baran zastavil invest\u00edcie do rozvoja, zn\u00ed\u017eil finan\u010dn\u00fa podporu \u0161portovcov a tr\u00e9nerov, nepochopite\u013ene zredukoval ich po\u010det a zjavne \u00fa\u010delovo prihr\u00e1va biznis vybran\u00fdm firm\u00e1m a osob\u00e1m. Zamestnanci Dukly v liste, ktor\u00fd zaslali Jaroslavovi Na\u010fovi hovoria o v\u00e1\u017enom podozren\u00ed na z\u00e1mern\u00fa likvid\u00e1ciu centra.\" \/>\n<meta name=\"robots\" content=\"index, follow, max-snippet:-1, max-image-preview:large, max-video-preview:-1\" \/>\n<link rel=\"canonical\" href=\"https:\/\/www.smedemokrati.sk\/sv\/kalinak-nechava-likvidovat-rodinne-zlato-slovenska-spickove-sportove-centrum-dukla-sa-rozpada-pod-rukami-kalinakovho-nominanta-s-prepojenim-na-jt\/\" \/>\n<meta property=\"og:locale\" content=\"sv_SE\" \/>\n<meta property=\"og:locale:alternate\" content=\"en_US\" \/>\n<meta property=\"og:locale:alternate\" content=\"cs_CZ\" \/>\n<meta property=\"og:locale:alternate\" content=\"hu_HU\" \/>\n<meta property=\"og:locale:alternate\" content=\"sk_SK\" \/>\n<meta property=\"og:type\" content=\"article\" \/>\n<meta property=\"og:title\" content=\"Kali\u0148\u00e1k nech\u00e1va likvidova\u0165 &quot;rodinn\u00e9 zlato&quot; Slovenska. \u0160pi\u010dkov\u00e9 \u0161portov\u00e9 centrum Dukla sa rozpad\u00e1 pod rukami Kali\u0148\u00e1kovho nominanta s prepojen\u00edm na J&amp;T\" \/>\n<meta property=\"og:description\" content=\"Rodinn\u00e9 zlato, Vojensk\u00e9 \u0161portov\u00e9 centrum Dukla Bansk\u00e1 Bystrica, je po nieko\u013ek\u00fdch mesiacoch pod veden\u00edm nov\u00e9ho riadite\u013ea Gabriela Barana v hlbokom person\u00e1lnom aj finan\u010dnom rozvrate. Baran zastavil invest\u00edcie do rozvoja, zn\u00ed\u017eil finan\u010dn\u00fa podporu \u0161portovcov a tr\u00e9nerov, nepochopite\u013ene zredukoval ich po\u010det a zjavne \u00fa\u010delovo prihr\u00e1va biznis vybran\u00fdm firm\u00e1m a osob\u00e1m. Zamestnanci Dukly v liste, ktor\u00fd zaslali Jaroslavovi Na\u010fovi hovoria o v\u00e1\u017enom podozren\u00ed na z\u00e1mern\u00fa likvid\u00e1ciu centra.\" \/>\n<meta property=\"og:url\" content=\"https:\/\/www.smedemokrati.sk\/sv\/kalinak-nechava-likvidovat-rodinne-zlato-slovenska-spickove-sportove-centrum-dukla-sa-rozpada-pod-rukami-kalinakovho-nominanta-s-prepojenim-na-jt\/\" \/>\n<meta property=\"og:site_name\" content=\"Smedemokrati.sk\" \/>\n<meta property=\"article:publisher\" content=\"https:\/\/www.facebook.com\/smedemokrati2023\" \/>\n<meta property=\"article:published_time\" content=\"2025-08-04T10:17:55+00:00\" \/>\n<meta property=\"article:modified_time\" content=\"2025-08-04T10:21:08+00:00\" \/>\n<meta property=\"og:image\" content=\"https:\/\/www.smedemokrati.sk\/wp-content\/uploads\/2025\/08\/dukla.jpg\" \/>\n\t<meta property=\"og:image:width\" content=\"1750\" \/>\n\t<meta property=\"og:image:height\" content=\"921\" \/>\n\t<meta property=\"og:image:type\" content=\"image\/jpeg\" \/>\n<meta name=\"author\" content=\"miro.sopko\" \/>\n<meta name=\"twitter:card\" content=\"summary_large_image\" \/>\n<meta name=\"twitter:label1\" content=\"Skriven av\" \/>\n\t<meta name=\"twitter:data1\" content=\"miro.sopko\" \/>\n\t<meta name=\"twitter:label2\" content=\"Ber\u00e4knad l\u00e4stid\" \/>\n\t<meta name=\"twitter:data2\" content=\"3 minuter\" \/>\n<script type=\"application\/ld+json\" class=\"yoast-schema-graph\">{\"@context\":\"https:\/\/schema.org\",\"@graph\":[{\"@type\":\"Article\",\"@id\":\"https:\/\/www.smedemokrati.sk\/kalinak-nechava-likvidovat-rodinne-zlato-slovenska-spickove-sportove-centrum-dukla-sa-rozpada-pod-rukami-kalinakovho-nominanta-s-prepojenim-na-jt\/#article\",\"isPartOf\":{\"@id\":\"https:\/\/www.smedemokrati.sk\/kalinak-nechava-likvidovat-rodinne-zlato-slovenska-spickove-sportove-centrum-dukla-sa-rozpada-pod-rukami-kalinakovho-nominanta-s-prepojenim-na-jt\/\"},\"author\":{\"name\":\"miro.sopko\",\"@id\":\"https:\/\/www.smedemokrati.sk\/#\/schema\/person\/21f147c88d605aa7ded900e1e7c344ba\"},\"headline\":\"Kali\u0148\u00e1k nech\u00e1va likvidova\u0165 &#8221;rodinn\u00e9 zlato&#8221; Slovenska. \u0160pi\u010dkov\u00e9 \u0161portov\u00e9 centrum Dukla sa rozpad\u00e1 pod rukami Kali\u0148\u00e1kovho nominanta s prepojen\u00edm na J&#038;T\",\"datePublished\":\"2025-08-04T10:17:55+00:00\",\"dateModified\":\"2025-08-04T10:21:08+00:00\",\"mainEntityOfPage\":{\"@id\":\"https:\/\/www.smedemokrati.sk\/kalinak-nechava-likvidovat-rodinne-zlato-slovenska-spickove-sportove-centrum-dukla-sa-rozpada-pod-rukami-kalinakovho-nominanta-s-prepojenim-na-jt\/\"},\"wordCount\":517,\"publisher\":{\"@id\":\"https:\/\/www.smedemokrati.sk\/#organization\"},\"image\":{\"@id\":\"https:\/\/www.smedemokrati.sk\/kalinak-nechava-likvidovat-rodinne-zlato-slovenska-spickove-sportove-centrum-dukla-sa-rozpada-pod-rukami-kalinakovho-nominanta-s-prepojenim-na-jt\/#primaryimage\"},\"thumbnailUrl\":\"https:\/\/www.smedemokrati.sk\/wp-content\/uploads\/2025\/08\/dukla.jpg\",\"articleSection\":[\"Tla\u010dov\u00e9 spr\u00e1vy\"],\"inLanguage\":\"sv-SE\"},{\"@type\":\"WebPage\",\"@id\":\"https:\/\/www.smedemokrati.sk\/kalinak-nechava-likvidovat-rodinne-zlato-slovenska-spickove-sportove-centrum-dukla-sa-rozpada-pod-rukami-kalinakovho-nominanta-s-prepojenim-na-jt\/\",\"url\":\"https:\/\/www.smedemokrati.sk\/kalinak-nechava-likvidovat-rodinne-zlato-slovenska-spickove-sportove-centrum-dukla-sa-rozpada-pod-rukami-kalinakovho-nominanta-s-prepojenim-na-jt\/\",\"name\":\"Kali\u0148\u00e1k nech\u00e1va likvidova\u0165 \\\"rodinn\u00e9 zlato\\\" Slovenska. \u0160pi\u010dkov\u00e9 \u0161portov\u00e9 centrum Dukla sa rozpad\u00e1 pod rukami Kali\u0148\u00e1kovho nominanta s prepojen\u00edm na J&T\",\"isPartOf\":{\"@id\":\"https:\/\/www.smedemokrati.sk\/#website\"},\"primaryImageOfPage\":{\"@id\":\"https:\/\/www.smedemokrati.sk\/kalinak-nechava-likvidovat-rodinne-zlato-slovenska-spickove-sportove-centrum-dukla-sa-rozpada-pod-rukami-kalinakovho-nominanta-s-prepojenim-na-jt\/#primaryimage\"},\"image\":{\"@id\":\"https:\/\/www.smedemokrati.sk\/kalinak-nechava-likvidovat-rodinne-zlato-slovenska-spickove-sportove-centrum-dukla-sa-rozpada-pod-rukami-kalinakovho-nominanta-s-prepojenim-na-jt\/#primaryimage\"},\"thumbnailUrl\":\"https:\/\/www.smedemokrati.sk\/wp-content\/uploads\/2025\/08\/dukla.jpg\",\"datePublished\":\"2025-08-04T10:17:55+00:00\",\"dateModified\":\"2025-08-04T10:21:08+00:00\",\"description\":\"Rodinn\u00e9 zlato, Vojensk\u00e9 \u0161portov\u00e9 centrum Dukla Bansk\u00e1 Bystrica, je po nieko\u013ek\u00fdch mesiacoch pod veden\u00edm nov\u00e9ho riadite\u013ea Gabriela Barana v hlbokom person\u00e1lnom aj finan\u010dnom rozvrate. Baran zastavil invest\u00edcie do rozvoja, zn\u00ed\u017eil finan\u010dn\u00fa podporu \u0161portovcov a tr\u00e9nerov, nepochopite\u013ene zredukoval ich po\u010det a zjavne \u00fa\u010delovo prihr\u00e1va biznis vybran\u00fdm firm\u00e1m a osob\u00e1m. Zamestnanci Dukly v liste, ktor\u00fd zaslali Jaroslavovi Na\u010fovi hovoria o v\u00e1\u017enom podozren\u00ed na z\u00e1mern\u00fa likvid\u00e1ciu centra.\",\"breadcrumb\":{\"@id\":\"https:\/\/www.smedemokrati.sk\/kalinak-nechava-likvidovat-rodinne-zlato-slovenska-spickove-sportove-centrum-dukla-sa-rozpada-pod-rukami-kalinakovho-nominanta-s-prepojenim-na-jt\/#breadcrumb\"},\"inLanguage\":\"sv-SE\",\"potentialAction\":[{\"@type\":\"ReadAction\",\"target\":[\"https:\/\/www.smedemokrati.sk\/kalinak-nechava-likvidovat-rodinne-zlato-slovenska-spickove-sportove-centrum-dukla-sa-rozpada-pod-rukami-kalinakovho-nominanta-s-prepojenim-na-jt\/\"]}]},{\"@type\":\"ImageObject\",\"inLanguage\":\"sv-SE\",\"@id\":\"https:\/\/www.smedemokrati.sk\/kalinak-nechava-likvidovat-rodinne-zlato-slovenska-spickove-sportove-centrum-dukla-sa-rozpada-pod-rukami-kalinakovho-nominanta-s-prepojenim-na-jt\/#primaryimage\",\"url\":\"https:\/\/www.smedemokrati.sk\/wp-content\/uploads\/2025\/08\/dukla.jpg\",\"contentUrl\":\"https:\/\/www.smedemokrati.sk\/wp-content\/uploads\/2025\/08\/dukla.jpg\",\"width\":1750,\"height\":921},{\"@type\":\"BreadcrumbList\",\"@id\":\"https:\/\/www.smedemokrati.sk\/kalinak-nechava-likvidovat-rodinne-zlato-slovenska-spickove-sportove-centrum-dukla-sa-rozpada-pod-rukami-kalinakovho-nominanta-s-prepojenim-na-jt\/#breadcrumb\",\"itemListElement\":[{\"@type\":\"ListItem\",\"position\":1,\"name\":\"Domovsk\u00e1 str\u00e1nka\",\"item\":\"https:\/\/www.smedemokrati.sk\/\"},{\"@type\":\"ListItem\",\"position\":2,\"name\":\"Kali\u0148\u00e1k nech\u00e1va likvidova\u0165 &#8222;rodinn\u00e9 zlato&#8220; Slovenska. \u0160pi\u010dkov\u00e9 \u0161portov\u00e9 centrum Dukla sa rozpad\u00e1 pod rukami Kali\u0148\u00e1kovho nominanta s prepojen\u00edm na J&#038;T\"}]},{\"@type\":\"WebSite\",\"@id\":\"https:\/\/www.smedemokrati.sk\/#website\",\"url\":\"https:\/\/www.smedemokrati.sk\/\",\"name\":\"Smedemokrati.sk\",\"description\":\"Demokracia a slu\u0161nos\u0165 zv\u00ed\u0165az\u00ed\",\"publisher\":{\"@id\":\"https:\/\/www.smedemokrati.sk\/#organization\"},\"potentialAction\":[{\"@type\":\"SearchAction\",\"target\":{\"@type\":\"EntryPoint\",\"urlTemplate\":\"https:\/\/www.smedemokrati.sk\/?s={search_term_string}\"},\"query-input\":{\"@type\":\"PropertyValueSpecification\",\"valueRequired\":true,\"valueName\":\"search_term_string\"}}],\"inLanguage\":\"sv-SE\"},{\"@type\":\"Organization\",\"@id\":\"https:\/\/www.smedemokrati.sk\/#organization\",\"name\":\"Smedemokrati.sk\",\"url\":\"https:\/\/www.smedemokrati.sk\/\",\"logo\":{\"@type\":\"ImageObject\",\"inLanguage\":\"sv-SE\",\"@id\":\"https:\/\/www.smedemokrati.sk\/#\/schema\/logo\/image\/\",\"url\":\"https:\/\/www.smedemokrati.sk\/wp-content\/uploads\/2023\/04\/ff.002.jpeg\",\"contentUrl\":\"https:\/\/www.smedemokrati.sk\/wp-content\/uploads\/2023\/04\/ff.002.jpeg\",\"width\":640,\"height\":480,\"caption\":\"Smedemokrati.sk\"},\"image\":{\"@id\":\"https:\/\/www.smedemokrati.sk\/#\/schema\/logo\/image\/\"},\"sameAs\":[\"https:\/\/www.facebook.com\/smedemokrati2023\"]},{\"@type\":\"Person\",\"@id\":\"https:\/\/www.smedemokrati.sk\/#\/schema\/person\/21f147c88d605aa7ded900e1e7c344ba\",\"name\":\"miro.sopko\",\"image\":{\"@type\":\"ImageObject\",\"inLanguage\":\"sv-SE\",\"@id\":\"https:\/\/secure.gravatar.com\/avatar\/267e4a36f704376c109afe3a78740c1f5dd8675a2180a908699e7863c9247606?s=96&d=mm&r=g\",\"url\":\"https:\/\/secure.gravatar.com\/avatar\/267e4a36f704376c109afe3a78740c1f5dd8675a2180a908699e7863c9247606?s=96&d=mm&r=g\",\"contentUrl\":\"https:\/\/secure.gravatar.com\/avatar\/267e4a36f704376c109afe3a78740c1f5dd8675a2180a908699e7863c9247606?s=96&d=mm&r=g\",\"caption\":\"miro.sopko\"},\"url\":\"https:\/\/www.smedemokrati.sk\/sv\/author\/miro-sopko\/\"}]}<\/script>\n<!-- \/ Yoast SEO plugin. -->","yoast_head_json":{"title":"Kali\u0148\u00e1k nech\u00e1va likvidova\u0165 \"rodinn\u00e9 zlato\" Slovenska. \u0160pi\u010dkov\u00e9 \u0161portov\u00e9 centrum Dukla sa rozpad\u00e1 pod rukami Kali\u0148\u00e1kovho nominanta s prepojen\u00edm na J&T","description":"Rodinn\u00e9 zlato, Vojensk\u00e9 \u0161portov\u00e9 centrum Dukla Bansk\u00e1 Bystrica, je po nieko\u013ek\u00fdch mesiacoch pod veden\u00edm nov\u00e9ho riadite\u013ea Gabriela Barana v hlbokom person\u00e1lnom aj finan\u010dnom rozvrate. Baran zastavil invest\u00edcie do rozvoja, zn\u00ed\u017eil finan\u010dn\u00fa podporu \u0161portovcov a tr\u00e9nerov, nepochopite\u013ene zredukoval ich po\u010det a zjavne \u00fa\u010delovo prihr\u00e1va biznis vybran\u00fdm firm\u00e1m a osob\u00e1m. Zamestnanci Dukly v liste, ktor\u00fd zaslali Jaroslavovi Na\u010fovi hovoria o v\u00e1\u017enom podozren\u00ed na z\u00e1mern\u00fa likvid\u00e1ciu centra.","robots":{"index":"index","follow":"follow","max-snippet":"max-snippet:-1","max-image-preview":"max-image-preview:large","max-video-preview":"max-video-preview:-1"},"canonical":"https:\/\/www.smedemokrati.sk\/sv\/kalinak-nechava-likvidovat-rodinne-zlato-slovenska-spickove-sportove-centrum-dukla-sa-rozpada-pod-rukami-kalinakovho-nominanta-s-prepojenim-na-jt\/","og_locale":"sv_SE","og_type":"article","og_title":"[:sk]Kali\u0148\u00e1k nech\u00e1va likvidova\u0165 \"rodinn\u00e9 zlato\" Slovenska. \u0160pi\u010dkov\u00e9 \u0161portov\u00e9 centrum Dukla sa rozpad\u00e1 pod rukami Kali\u0148\u00e1kovho nominanta s prepojen\u00edm na J&amp;T[:] - Smedemokrati.sk","og_description":"[:sk]Rodinn\u00e9 zlato, Vojensk\u00e9 \u0161portov\u00e9 centrum Dukla Bansk\u00e1 Bystrica, je po nieko\u013ek\u00fdch mesiacoch pod veden\u00edm nov\u00e9ho riadite\u013ea Gabriela Barana v hlbokom person\u00e1lnom aj finan\u010dnom rozvrate. Baran zastavil invest\u00edcie do rozvoja, zn\u00ed\u017eil finan\u010dn\u00fa podporu \u0161portovcov a tr\u00e9nerov, nepochopite\u013ene zredukoval ich po\u010det a zjavne \u00fa\u010delovo prihr\u00e1va biznis vybran\u00fdm firm\u00e1m a osob\u00e1m. Zamestnanci Dukly v liste, ktor\u00fd zaslali Jaroslavovi Na\u010fovi hovoria o v\u00e1\u017enom podozren\u00ed na z\u00e1mern\u00fa likvid\u00e1ciu centra.[:]","og_url":"https:\/\/www.smedemokrati.sk\/sv\/kalinak-nechava-likvidovat-rodinne-zlato-slovenska-spickove-sportove-centrum-dukla-sa-rozpada-pod-rukami-kalinakovho-nominanta-s-prepojenim-na-jt\/","og_site_name":"Smedemokrati.sk","article_publisher":"https:\/\/www.facebook.com\/smedemokrati2023","article_published_time":"2025-08-04T10:17:55+00:00","article_modified_time":"2025-08-04T10:21:08+00:00","og_image":[{"width":1750,"height":921,"url":"https:\/\/www.smedemokrati.sk\/wp-content\/uploads\/2025\/08\/dukla.jpg","type":"image\/jpeg"}],"author":"miro.sopko","twitter_card":"summary_large_image","twitter_misc":{"Skriven av":"miro.sopko","Ber\u00e4knad l\u00e4stid":"3 minuter"},"schema":{"@context":"https:\/\/schema.org","@graph":[{"@type":"Article","@id":"https:\/\/www.smedemokrati.sk\/kalinak-nechava-likvidovat-rodinne-zlato-slovenska-spickove-sportove-centrum-dukla-sa-rozpada-pod-rukami-kalinakovho-nominanta-s-prepojenim-na-jt\/#article","isPartOf":{"@id":"https:\/\/www.smedemokrati.sk\/kalinak-nechava-likvidovat-rodinne-zlato-slovenska-spickove-sportove-centrum-dukla-sa-rozpada-pod-rukami-kalinakovho-nominanta-s-prepojenim-na-jt\/"},"author":{"name":"miro.sopko","@id":"https:\/\/www.smedemokrati.sk\/#\/schema\/person\/21f147c88d605aa7ded900e1e7c344ba"},"headline":"Kali\u0148\u00e1k nech\u00e1va likvidova\u0165 &#8221;rodinn\u00e9 zlato&#8221; Slovenska. \u0160pi\u010dkov\u00e9 \u0161portov\u00e9 centrum Dukla sa rozpad\u00e1 pod rukami Kali\u0148\u00e1kovho nominanta s prepojen\u00edm na J&#038;T","datePublished":"2025-08-04T10:17:55+00:00","dateModified":"2025-08-04T10:21:08+00:00","mainEntityOfPage":{"@id":"https:\/\/www.smedemokrati.sk\/kalinak-nechava-likvidovat-rodinne-zlato-slovenska-spickove-sportove-centrum-dukla-sa-rozpada-pod-rukami-kalinakovho-nominanta-s-prepojenim-na-jt\/"},"wordCount":517,"publisher":{"@id":"https:\/\/www.smedemokrati.sk\/#organization"},"image":{"@id":"https:\/\/www.smedemokrati.sk\/kalinak-nechava-likvidovat-rodinne-zlato-slovenska-spickove-sportove-centrum-dukla-sa-rozpada-pod-rukami-kalinakovho-nominanta-s-prepojenim-na-jt\/#primaryimage"},"thumbnailUrl":"https:\/\/www.smedemokrati.sk\/wp-content\/uploads\/2025\/08\/dukla.jpg","articleSection":["Tla\u010dov\u00e9 spr\u00e1vy"],"inLanguage":"sv-SE"},{"@type":"WebPage","@id":"https:\/\/www.smedemokrati.sk\/kalinak-nechava-likvidovat-rodinne-zlato-slovenska-spickove-sportove-centrum-dukla-sa-rozpada-pod-rukami-kalinakovho-nominanta-s-prepojenim-na-jt\/","url":"https:\/\/www.smedemokrati.sk\/kalinak-nechava-likvidovat-rodinne-zlato-slovenska-spickove-sportove-centrum-dukla-sa-rozpada-pod-rukami-kalinakovho-nominanta-s-prepojenim-na-jt\/","name":"Kali\u0148\u00e1k nech\u00e1va likvidova\u0165 \"rodinn\u00e9 zlato\" Slovenska. \u0160pi\u010dkov\u00e9 \u0161portov\u00e9 centrum Dukla sa rozpad\u00e1 pod rukami Kali\u0148\u00e1kovho nominanta s prepojen\u00edm na J&T","isPartOf":{"@id":"https:\/\/www.smedemokrati.sk\/#website"},"primaryImageOfPage":{"@id":"https:\/\/www.smedemokrati.sk\/kalinak-nechava-likvidovat-rodinne-zlato-slovenska-spickove-sportove-centrum-dukla-sa-rozpada-pod-rukami-kalinakovho-nominanta-s-prepojenim-na-jt\/#primaryimage"},"image":{"@id":"https:\/\/www.smedemokrati.sk\/kalinak-nechava-likvidovat-rodinne-zlato-slovenska-spickove-sportove-centrum-dukla-sa-rozpada-pod-rukami-kalinakovho-nominanta-s-prepojenim-na-jt\/#primaryimage"},"thumbnailUrl":"https:\/\/www.smedemokrati.sk\/wp-content\/uploads\/2025\/08\/dukla.jpg","datePublished":"2025-08-04T10:17:55+00:00","dateModified":"2025-08-04T10:21:08+00:00","description":"Rodinn\u00e9 zlato, Vojensk\u00e9 \u0161portov\u00e9 centrum Dukla Bansk\u00e1 Bystrica, je po nieko\u013ek\u00fdch mesiacoch pod veden\u00edm nov\u00e9ho riadite\u013ea Gabriela Barana v hlbokom person\u00e1lnom aj finan\u010dnom rozvrate. Baran zastavil invest\u00edcie do rozvoja, zn\u00ed\u017eil finan\u010dn\u00fa podporu \u0161portovcov a tr\u00e9nerov, nepochopite\u013ene zredukoval ich po\u010det a zjavne \u00fa\u010delovo prihr\u00e1va biznis vybran\u00fdm firm\u00e1m a osob\u00e1m. Zamestnanci Dukly v liste, ktor\u00fd zaslali Jaroslavovi Na\u010fovi hovoria o v\u00e1\u017enom podozren\u00ed na z\u00e1mern\u00fa likvid\u00e1ciu centra.","breadcrumb":{"@id":"https:\/\/www.smedemokrati.sk\/kalinak-nechava-likvidovat-rodinne-zlato-slovenska-spickove-sportove-centrum-dukla-sa-rozpada-pod-rukami-kalinakovho-nominanta-s-prepojenim-na-jt\/#breadcrumb"},"inLanguage":"sv-SE","potentialAction":[{"@type":"ReadAction","target":["https:\/\/www.smedemokrati.sk\/kalinak-nechava-likvidovat-rodinne-zlato-slovenska-spickove-sportove-centrum-dukla-sa-rozpada-pod-rukami-kalinakovho-nominanta-s-prepojenim-na-jt\/"]}]},{"@type":"ImageObject","inLanguage":"sv-SE","@id":"https:\/\/www.smedemokrati.sk\/kalinak-nechava-likvidovat-rodinne-zlato-slovenska-spickove-sportove-centrum-dukla-sa-rozpada-pod-rukami-kalinakovho-nominanta-s-prepojenim-na-jt\/#primaryimage","url":"https:\/\/www.smedemokrati.sk\/wp-content\/uploads\/2025\/08\/dukla.jpg","contentUrl":"https:\/\/www.smedemokrati.sk\/wp-content\/uploads\/2025\/08\/dukla.jpg","width":1750,"height":921},{"@type":"BreadcrumbList","@id":"https:\/\/www.smedemokrati.sk\/kalinak-nechava-likvidovat-rodinne-zlato-slovenska-spickove-sportove-centrum-dukla-sa-rozpada-pod-rukami-kalinakovho-nominanta-s-prepojenim-na-jt\/#breadcrumb","itemListElement":[{"@type":"ListItem","position":1,"name":"Domovsk\u00e1 str\u00e1nka","item":"https:\/\/www.smedemokrati.sk\/"},{"@type":"ListItem","position":2,"name":"Kali\u0148\u00e1k nech\u00e1va likvidova\u0165 &#8222;rodinn\u00e9 zlato&#8220; Slovenska. \u0160pi\u010dkov\u00e9 \u0161portov\u00e9 centrum Dukla sa rozpad\u00e1 pod rukami Kali\u0148\u00e1kovho nominanta s prepojen\u00edm na J&#038;T"}]},{"@type":"WebSite","@id":"https:\/\/www.smedemokrati.sk\/#website","url":"https:\/\/www.smedemokrati.sk\/","name":"Smedemokrati.sk","description":"Demokracia a slu\u0161nos\u0165 zv\u00ed\u0165az\u00ed","publisher":{"@id":"https:\/\/www.smedemokrati.sk\/#organization"},"potentialAction":[{"@type":"SearchAction","target":{"@type":"EntryPoint","urlTemplate":"https:\/\/www.smedemokrati.sk\/?s={search_term_string}"},"query-input":{"@type":"PropertyValueSpecification","valueRequired":true,"valueName":"search_term_string"}}],"inLanguage":"sv-SE"},{"@type":"Organization","@id":"https:\/\/www.smedemokrati.sk\/#organization","name":"Smedemokrati.sk","url":"https:\/\/www.smedemokrati.sk\/","logo":{"@type":"ImageObject","inLanguage":"sv-SE","@id":"https:\/\/www.smedemokrati.sk\/#\/schema\/logo\/image\/","url":"https:\/\/www.smedemokrati.sk\/wp-content\/uploads\/2023\/04\/ff.002.jpeg","contentUrl":"https:\/\/www.smedemokrati.sk\/wp-content\/uploads\/2023\/04\/ff.002.jpeg","width":640,"height":480,"caption":"Smedemokrati.sk"},"image":{"@id":"https:\/\/www.smedemokrati.sk\/#\/schema\/logo\/image\/"},"sameAs":["https:\/\/www.facebook.com\/smedemokrati2023"]},{"@type":"Person","@id":"https:\/\/www.smedemokrati.sk\/#\/schema\/person\/21f147c88d605aa7ded900e1e7c344ba","name":"miro.sopko","image":{"@type":"ImageObject","inLanguage":"sv-SE","@id":"https:\/\/secure.gravatar.com\/avatar\/267e4a36f704376c109afe3a78740c1f5dd8675a2180a908699e7863c9247606?s=96&d=mm&r=g","url":"https:\/\/secure.gravatar.com\/avatar\/267e4a36f704376c109afe3a78740c1f5dd8675a2180a908699e7863c9247606?s=96&d=mm&r=g","contentUrl":"https:\/\/secure.gravatar.com\/avatar\/267e4a36f704376c109afe3a78740c1f5dd8675a2180a908699e7863c9247606?s=96&d=mm&r=g","caption":"miro.sopko"},"url":"https:\/\/www.smedemokrati.sk\/sv\/author\/miro-sopko\/"}]}},"_links":{"self":[{"href":"https:\/\/www.smedemokrati.sk\/sv\/wp-json\/wp\/v2\/posts\/7851","targetHints":{"allow":["GET"]}}],"collection":[{"href":"https:\/\/www.smedemokrati.sk\/sv\/wp-json\/wp\/v2\/posts"}],"about":[{"href":"https:\/\/www.smedemokrati.sk\/sv\/wp-json\/wp\/v2\/types\/post"}],"author":[{"embeddable":true,"href":"https:\/\/www.smedemokrati.sk\/sv\/wp-json\/wp\/v2\/users\/13"}],"replies":[{"embeddable":true,"href":"https:\/\/www.smedemokrati.sk\/sv\/wp-json\/wp\/v2\/comments?post=7851"}],"version-history":[{"count":1,"href":"https:\/\/www.smedemokrati.sk\/sv\/wp-json\/wp\/v2\/posts\/7851\/revisions"}],"predecessor-version":[{"id":7854,"href":"https:\/\/www.smedemokrati.sk\/sv\/wp-json\/wp\/v2\/posts\/7851\/revisions\/7854"}],"wp:featuredmedia":[{"embeddable":true,"href":"https:\/\/www.smedemokrati.sk\/sv\/wp-json\/wp\/v2\/media\/7853"}],"wp:attachment":[{"href":"https:\/\/www.smedemokrati.sk\/sv\/wp-json\/wp\/v2\/media?parent=7851"}],"wp:term":[{"taxonomy":"category","embeddable":true,"href":"https:\/\/www.smedemokrati.sk\/sv\/wp-json\/wp\/v2\/categories?post=7851"},{"taxonomy":"post_tag","embeddable":true,"href":"https:\/\/www.smedemokrati.sk\/sv\/wp-json\/wp\/v2\/tags?post=7851"}],"curies":[{"name":"wp","href":"https:\/\/api.w.org\/{rel}","templated":true}]}}