{"id":784,"date":"2023-05-04T21:23:41","date_gmt":"2023-05-04T19:23:41","guid":{"rendered":"https:\/\/www.smedemokrati.sk\/?p=784"},"modified":"2023-05-09T12:05:31","modified_gmt":"2023-05-09T10:05:31","slug":"eduard-heger-chceme-slovensko-chranit-pred-chaosom","status":"publish","type":"post","link":"https:\/\/www.smedemokrati.sk\/sv\/eduard-heger-chceme-slovensko-chranit-pred-chaosom\/","title":{"rendered":"Eduard Heger: Chceme Slovensko chr\u00e1ni\u0165 pred chaosom"},"content":{"rendered":"<div id=\"fb-root\"><\/div>\n\n<figure class=\"wp-block-embed is-type-video is-provider-youtube wp-block-embed-youtube wp-embed-aspect-16-9 wp-has-aspect-ratio\"><div class=\"wp-block-embed__wrapper\">\n<iframe title=\"Slovensko je vo v\u00e1\u017enej kr\u00edze, je v kr\u00edze chaosu\" width=\"500\" height=\"281\" src=\"https:\/\/www.youtube.com\/embed\/Mmv_Dy9-67A?feature=oembed\" frameborder=\"0\" allow=\"accelerometer; autoplay; clipboard-write; encrypted-media; gyroscope; picture-in-picture; web-share\" referrerpolicy=\"strict-origin-when-cross-origin\" allowfullscreen><\/iframe>\n<\/div><\/figure>\n\n\n\n<p><strong>Mil\u00e9 spoluob\u010dianky, mil\u00ed spoluob\u010dania.<\/strong><\/p>\n\n\n\n<p>M\u00e1m za krajinu zodpovednos\u0165, viem, \u010do pre\u017e\u00edvate a preto nem\u00e1 zmysel hovori\u0165 V\u00e1m \u010doko\u013evek in\u00e9, ako pravdu, ktor\u00fa aj tak c\u00edtite ka\u017ed\u00fd de\u0148.<\/p>\n\n\n\n<p>Slovensko je vo v\u00e1\u017enej kr\u00edze, je v kr\u00edze chaosu.<\/p>\n\n\n\n<p>Neza\u010dala sa v\u010dera, ani pred mesiacom. Chaos naplno prepukol covidovou kr\u00edzou, chybami v jej mana\u017emente. Chaos priniesla vojna, n\u00e1sledn\u00e1 infla\u010dn\u00e1 a energetick\u00e1 kr\u00edza, zdra\u017eovanie a strach o na\u0161u bud\u00facnos\u0165. Chaos rozd\u00fachavali \u013eudia ako Fico, ktor\u00ed sa boja spravodliv\u00fdch vy\u0161etrovan\u00ed a extr\u00e9misti, ktor\u00ed nen\u00e1vidia na\u0161u demokraciu.<\/p>\n\n\n\n<p>Ale priatelia, dnes V\u00e1m chcem poveda\u0165 najm\u00e4 to, \u017ee chaos sme priniesli aj my. \u00c1no, prizn\u00e1vam, na chaose m\u00e1m nepochybne svoj podiel viny aj ja.<\/p>\n\n\n\n<p>Pozeral som sa na h\u00e1dky Matovi\u010da, Sul\u00edka a ostatn\u00fdch, hr\u00fdzol som si do jazyka a trpel ich h\u00e1dky a konflikty. Ale robil som to, aby som udr\u017eal zhodu v vl\u00e1dnej koal\u00edcii a predi\u0161iel nestabilite. Dnes viem, \u017ee to napokon prispelo k v\u00e4\u010d\u0161iemu chaosu v krajine.<\/p>\n\n\n\n<p>V mene \u013eud\u00ed, ktor\u00ed nes\u00fa zodpovednos\u0165 za krajinu, v mojom mene V\u00e1m chcem poveda\u0165: prep\u00e1\u010dte mi to.<\/p>\n\n\n\n<p>Jedin\u00e9, ako m\u00f4\u017eem od\u010dini\u0165 svoje chyby, je sna\u017ei\u0165 sa privies\u0165 Slovensko stabilne a v pokoji k demokratick\u00fdm parlamentn\u00fdm vo\u013eb\u00e1m.<\/p>\n\n\n\n<p>Chcem to urobi\u0165 ako premi\u00e9r. Ka\u017ed\u00fd de\u0148 rob\u00edme mno\u017estvo &#8211; ja a moji kolegovia vo vl\u00e1de &#8211; \u0165a\u017ek\u00fdch rozhodnut\u00ed, v obdob\u00ed najv\u00e4\u010d\u0161\u00edch kr\u00edz za posledn\u00e9 desa\u0165ro\u010dia, v\u017edy s vedom\u00edm, \u017ee sa niekomu nebud\u00fa p\u00e1\u010di\u0165. Ale rob\u00edme ich. Neviem si predstavi\u0165, \u017ee by teraz nast\u00fapila \u00faradn\u00edcka vl\u00e1da, na miesto na\u0161ich ministrov nast\u00fapili \u013eudia, ktor\u00ed by mo\u017eno mali dobr\u00e9 \u00famysly, ale nemaj\u00fa sk\u00fasenosti, nepre\u0161li sk\u00fa\u0161kami ako my, nemaj\u00fa k\u013e\u00fa\u010dov\u00e9 vz\u0165ahy v zahrani\u010d\u00ed, museli by sa u\u010di\u0165 a ohrozili by tak aktu\u00e1lnu stabilitu, ktor\u00fa sa n\u00e1m podarilo udr\u017ea\u0165.<\/p>\n\n\n\n<p>Slovensko \u010dakaj\u00fa v najbli\u017e\u0161\u00edch mesiacoch \u0165a\u017ek\u00e9 chv\u00edle a ja nechcem hodi\u0165 zodpovednos\u0165 na druh\u00fdch.<\/p>\n\n\n\n<p>Uvedomujem si svoju zodpovednos\u0165 a preto p\u00f4jdem do rokovan\u00ed s pani prezidentkou s postojom, \u017ee chcem Slovensko chr\u00e1ni\u0165 pred chaosom a krajinu stabilne privies\u0165 k pred\u010dasn\u00fdm vo\u013eb\u00e1m ako premi\u00e9r.<\/p>\n\n\n\n<p>Uvedomujem si v\u0161ak zodpovednos\u0165 pani prezidentky a viem, \u017ee jej ide tie\u017e o dobro a stabilitu na\u0161ej vlasti. Budem re\u0161pektova\u0165, ak bude ma\u0165 na vec in\u00fd n\u00e1zor a rozhodne sa inak.<\/p>\n\n\n\n<p>Som presved\u010den\u00fd, \u017ee spolo\u010dne n\u00e1jdeme rie\u0161enie ako najlep\u0161ie vies\u0165 Slovensko v kr\u00edze chaosu. Chaos a h\u00e1dky toti\u017e ubli\u017euj\u00fa na\u0161ej krajine, ubli\u017euj\u00fa V\u00e1m.<\/p>\n\n\n\n<p>Chcem to napravi\u0165. Urob\u00edm v\u0161etko, aby sme V\u00e1m vr\u00e1tili do \u017eivota pokoj.<\/p>\n\n\n\n<p><\/p>\n","protected":false},"excerpt":{"rendered":"<p>Mil\u00e9 spoluob\u010dianky, mil\u00ed spoluob\u010dania. M\u00e1m za krajinu zodpovednos\u0165, viem, \u010do pre\u017e\u00edvate a preto nem\u00e1 zmysel hovori\u0165 V\u00e1m \u010doko\u013evek in\u00e9, ako pravdu, ktor\u00fa aj tak c\u00edtite ka\u017ed\u00fd de\u0148. Slovensko je vo v\u00e1\u017enej kr\u00edze, je v kr\u00edze chaosu. Neza\u010dala sa v\u010dera, ani pred mesiacom. Chaos naplno prepukol covidovou kr\u00edzou, chybami v jej mana\u017emente. Chaos priniesla vojna, n\u00e1sledn\u00e1 [&hellip;]<\/p>\n","protected":false},"author":3,"featured_media":785,"comment_status":"closed","ping_status":"closed","sticky":false,"template":"","format":"standard","meta":{"_acf_changed":false,"ngg_post_thumbnail":0,"footnotes":""},"categories":[6],"tags":[],"class_list":["post-784","post","type-post","status-publish","format-standard","has-post-thumbnail","hentry","category-videa"],"acf":[],"yoast_head":"<!-- This site is optimized with the Yoast SEO plugin v27.2 - https:\/\/yoast.com\/product\/yoast-seo-wordpress\/ -->\n<title>Eduard Heger: Chceme Slovensko chr\u00e1ni\u0165 pred chaosom - Smedemokrati.sk<\/title>\n<meta name=\"robots\" content=\"index, follow, max-snippet:-1, max-image-preview:large, max-video-preview:-1\" \/>\n<link rel=\"canonical\" href=\"https:\/\/www.smedemokrati.sk\/sv\/eduard-heger-chceme-slovensko-chranit-pred-chaosom\/\" \/>\n<meta property=\"og:locale\" content=\"sv_SE\" \/>\n<meta property=\"og:locale:alternate\" content=\"en_US\" \/>\n<meta property=\"og:locale:alternate\" content=\"cs_CZ\" \/>\n<meta property=\"og:locale:alternate\" content=\"hu_HU\" \/>\n<meta property=\"og:locale:alternate\" content=\"sk_SK\" \/>\n<meta property=\"og:type\" content=\"article\" \/>\n<meta property=\"og:title\" content=\"Eduard Heger: Chceme Slovensko chr\u00e1ni\u0165 pred chaosom - Smedemokrati.sk\" \/>\n<meta property=\"og:description\" content=\"Mil\u00e9 spoluob\u010dianky, mil\u00ed spoluob\u010dania. M\u00e1m za krajinu zodpovednos\u0165, viem, \u010do pre\u017e\u00edvate a preto nem\u00e1 zmysel hovori\u0165 V\u00e1m \u010doko\u013evek in\u00e9, ako pravdu, ktor\u00fa aj tak c\u00edtite ka\u017ed\u00fd de\u0148. Slovensko je vo v\u00e1\u017enej kr\u00edze, je v kr\u00edze chaosu. Neza\u010dala sa v\u010dera, ani pred mesiacom. Chaos naplno prepukol covidovou kr\u00edzou, chybami v jej mana\u017emente. Chaos priniesla vojna, n\u00e1sledn\u00e1 [&hellip;]\" \/>\n<meta property=\"og:url\" content=\"https:\/\/www.smedemokrati.sk\/sv\/eduard-heger-chceme-slovensko-chranit-pred-chaosom\/\" \/>\n<meta property=\"og:site_name\" content=\"Smedemokrati.sk\" \/>\n<meta property=\"article:publisher\" content=\"https:\/\/www.facebook.com\/smedemokrati2023\" \/>\n<meta property=\"article:published_time\" content=\"2023-05-04T19:23:41+00:00\" \/>\n<meta property=\"article:modified_time\" content=\"2023-05-09T10:05:31+00:00\" \/>\n<meta property=\"og:image\" content=\"https:\/\/www.smedemokrati.sk\/wp-content\/uploads\/2023\/05\/Snimka-obrazovky-2023-05-04-o-21.17.42-e1683228165323-1024x627.png\" \/>\n\t<meta property=\"og:image:width\" content=\"1024\" \/>\n\t<meta property=\"og:image:height\" content=\"627\" \/>\n\t<meta property=\"og:image:type\" content=\"image\/png\" \/>\n<meta name=\"author\" content=\"maros\" \/>\n<meta name=\"twitter:card\" content=\"summary_large_image\" \/>\n<meta name=\"twitter:label1\" content=\"Skriven av\" \/>\n\t<meta name=\"twitter:data1\" content=\"maros\" \/>\n\t<meta name=\"twitter:label2\" content=\"Ber\u00e4knad l\u00e4stid\" \/>\n\t<meta name=\"twitter:data2\" content=\"3 minuter\" \/>\n<script type=\"application\/ld+json\" class=\"yoast-schema-graph\">{\"@context\":\"https:\/\/schema.org\",\"@graph\":[{\"@type\":\"Article\",\"@id\":\"https:\/\/www.smedemokrati.sk\/eduard-heger-chceme-slovensko-chranit-pred-chaosom\/#article\",\"isPartOf\":{\"@id\":\"https:\/\/www.smedemokrati.sk\/eduard-heger-chceme-slovensko-chranit-pred-chaosom\/\"},\"author\":{\"name\":\"maros\",\"@id\":\"https:\/\/www.smedemokrati.sk\/#\/schema\/person\/bd0990e764a2ab0275700db075c868f2\"},\"headline\":\"Eduard Heger: Chceme Slovensko chr\u00e1ni\u0165 pred chaosom\",\"datePublished\":\"2023-05-04T19:23:41+00:00\",\"dateModified\":\"2023-05-09T10:05:31+00:00\",\"mainEntityOfPage\":{\"@id\":\"https:\/\/www.smedemokrati.sk\/eduard-heger-chceme-slovensko-chranit-pred-chaosom\/\"},\"wordCount\":505,\"publisher\":{\"@id\":\"https:\/\/www.smedemokrati.sk\/#organization\"},\"image\":{\"@id\":\"https:\/\/www.smedemokrati.sk\/eduard-heger-chceme-slovensko-chranit-pred-chaosom\/#primaryimage\"},\"thumbnailUrl\":\"https:\/\/www.smedemokrati.sk\/wp-content\/uploads\/2023\/05\/Snimka-obrazovky-2023-05-04-o-21.17.42-e1683228165323.png\",\"articleSection\":[\"Vide\u00e1\"],\"inLanguage\":\"sv-SE\"},{\"@type\":\"WebPage\",\"@id\":\"https:\/\/www.smedemokrati.sk\/eduard-heger-chceme-slovensko-chranit-pred-chaosom\/\",\"url\":\"https:\/\/www.smedemokrati.sk\/eduard-heger-chceme-slovensko-chranit-pred-chaosom\/\",\"name\":\"Eduard Heger: Chceme Slovensko chr\u00e1ni\u0165 pred chaosom - Smedemokrati.sk\",\"isPartOf\":{\"@id\":\"https:\/\/www.smedemokrati.sk\/#website\"},\"primaryImageOfPage\":{\"@id\":\"https:\/\/www.smedemokrati.sk\/eduard-heger-chceme-slovensko-chranit-pred-chaosom\/#primaryimage\"},\"image\":{\"@id\":\"https:\/\/www.smedemokrati.sk\/eduard-heger-chceme-slovensko-chranit-pred-chaosom\/#primaryimage\"},\"thumbnailUrl\":\"https:\/\/www.smedemokrati.sk\/wp-content\/uploads\/2023\/05\/Snimka-obrazovky-2023-05-04-o-21.17.42-e1683228165323.png\",\"datePublished\":\"2023-05-04T19:23:41+00:00\",\"dateModified\":\"2023-05-09T10:05:31+00:00\",\"breadcrumb\":{\"@id\":\"https:\/\/www.smedemokrati.sk\/eduard-heger-chceme-slovensko-chranit-pred-chaosom\/#breadcrumb\"},\"inLanguage\":\"sv-SE\",\"potentialAction\":[{\"@type\":\"ReadAction\",\"target\":[\"https:\/\/www.smedemokrati.sk\/eduard-heger-chceme-slovensko-chranit-pred-chaosom\/\"]}]},{\"@type\":\"ImageObject\",\"inLanguage\":\"sv-SE\",\"@id\":\"https:\/\/www.smedemokrati.sk\/eduard-heger-chceme-slovensko-chranit-pred-chaosom\/#primaryimage\",\"url\":\"https:\/\/www.smedemokrati.sk\/wp-content\/uploads\/2023\/05\/Snimka-obrazovky-2023-05-04-o-21.17.42-e1683228165323.png\",\"contentUrl\":\"https:\/\/www.smedemokrati.sk\/wp-content\/uploads\/2023\/05\/Snimka-obrazovky-2023-05-04-o-21.17.42-e1683228165323.png\",\"width\":3032,\"height\":1856},{\"@type\":\"BreadcrumbList\",\"@id\":\"https:\/\/www.smedemokrati.sk\/eduard-heger-chceme-slovensko-chranit-pred-chaosom\/#breadcrumb\",\"itemListElement\":[{\"@type\":\"ListItem\",\"position\":1,\"name\":\"Domovsk\u00e1 str\u00e1nka\",\"item\":\"https:\/\/www.smedemokrati.sk\/\"},{\"@type\":\"ListItem\",\"position\":2,\"name\":\"Eduard Heger: Chceme Slovensko chr\u00e1ni\u0165 pred chaosom\"}]},{\"@type\":\"WebSite\",\"@id\":\"https:\/\/www.smedemokrati.sk\/#website\",\"url\":\"https:\/\/www.smedemokrati.sk\/\",\"name\":\"Smedemokrati.sk\",\"description\":\"Demokracia a slu\u0161nos\u0165 zv\u00ed\u0165az\u00ed\",\"publisher\":{\"@id\":\"https:\/\/www.smedemokrati.sk\/#organization\"},\"potentialAction\":[{\"@type\":\"SearchAction\",\"target\":{\"@type\":\"EntryPoint\",\"urlTemplate\":\"https:\/\/www.smedemokrati.sk\/?s={search_term_string}\"},\"query-input\":{\"@type\":\"PropertyValueSpecification\",\"valueRequired\":true,\"valueName\":\"search_term_string\"}}],\"inLanguage\":\"sv-SE\"},{\"@type\":\"Organization\",\"@id\":\"https:\/\/www.smedemokrati.sk\/#organization\",\"name\":\"Smedemokrati.sk\",\"url\":\"https:\/\/www.smedemokrati.sk\/\",\"logo\":{\"@type\":\"ImageObject\",\"inLanguage\":\"sv-SE\",\"@id\":\"https:\/\/www.smedemokrati.sk\/#\/schema\/logo\/image\/\",\"url\":\"https:\/\/www.smedemokrati.sk\/wp-content\/uploads\/2023\/04\/ff.002.jpeg\",\"contentUrl\":\"https:\/\/www.smedemokrati.sk\/wp-content\/uploads\/2023\/04\/ff.002.jpeg\",\"width\":640,\"height\":480,\"caption\":\"Smedemokrati.sk\"},\"image\":{\"@id\":\"https:\/\/www.smedemokrati.sk\/#\/schema\/logo\/image\/\"},\"sameAs\":[\"https:\/\/www.facebook.com\/smedemokrati2023\"]},{\"@type\":\"Person\",\"@id\":\"https:\/\/www.smedemokrati.sk\/#\/schema\/person\/bd0990e764a2ab0275700db075c868f2\",\"name\":\"maros\",\"image\":{\"@type\":\"ImageObject\",\"inLanguage\":\"sv-SE\",\"@id\":\"https:\/\/secure.gravatar.com\/avatar\/d4ec49d1719a815fbf0afdd518c9c759c1998fab3d944dc1e3be24ba4218e4ef?s=96&d=mm&r=g\",\"url\":\"https:\/\/secure.gravatar.com\/avatar\/d4ec49d1719a815fbf0afdd518c9c759c1998fab3d944dc1e3be24ba4218e4ef?s=96&d=mm&r=g\",\"contentUrl\":\"https:\/\/secure.gravatar.com\/avatar\/d4ec49d1719a815fbf0afdd518c9c759c1998fab3d944dc1e3be24ba4218e4ef?s=96&d=mm&r=g\",\"caption\":\"maros\"},\"url\":\"https:\/\/www.smedemokrati.sk\/sv\/author\/maros\/\"}]}<\/script>\n<!-- \/ Yoast SEO plugin. -->","yoast_head_json":{"title":"Eduard Heger: Chceme Slovensko chr\u00e1ni\u0165 pred chaosom - Smedemokrati.sk","robots":{"index":"index","follow":"follow","max-snippet":"max-snippet:-1","max-image-preview":"max-image-preview:large","max-video-preview":"max-video-preview:-1"},"canonical":"https:\/\/www.smedemokrati.sk\/sv\/eduard-heger-chceme-slovensko-chranit-pred-chaosom\/","og_locale":"sv_SE","og_type":"article","og_title":"Eduard Heger: Chceme Slovensko chr\u00e1ni\u0165 pred chaosom - Smedemokrati.sk","og_description":"Mil\u00e9 spoluob\u010dianky, mil\u00ed spoluob\u010dania. M\u00e1m za krajinu zodpovednos\u0165, viem, \u010do pre\u017e\u00edvate a preto nem\u00e1 zmysel hovori\u0165 V\u00e1m \u010doko\u013evek in\u00e9, ako pravdu, ktor\u00fa aj tak c\u00edtite ka\u017ed\u00fd de\u0148. Slovensko je vo v\u00e1\u017enej kr\u00edze, je v kr\u00edze chaosu. Neza\u010dala sa v\u010dera, ani pred mesiacom. Chaos naplno prepukol covidovou kr\u00edzou, chybami v jej mana\u017emente. Chaos priniesla vojna, n\u00e1sledn\u00e1 [&hellip;]","og_url":"https:\/\/www.smedemokrati.sk\/sv\/eduard-heger-chceme-slovensko-chranit-pred-chaosom\/","og_site_name":"Smedemokrati.sk","article_publisher":"https:\/\/www.facebook.com\/smedemokrati2023","article_published_time":"2023-05-04T19:23:41+00:00","article_modified_time":"2023-05-09T10:05:31+00:00","og_image":[{"width":1024,"height":627,"url":"https:\/\/www.smedemokrati.sk\/wp-content\/uploads\/2023\/05\/Snimka-obrazovky-2023-05-04-o-21.17.42-e1683228165323-1024x627.png","type":"image\/png"}],"author":"maros","twitter_card":"summary_large_image","twitter_misc":{"Skriven av":"maros","Ber\u00e4knad l\u00e4stid":"3 minuter"},"schema":{"@context":"https:\/\/schema.org","@graph":[{"@type":"Article","@id":"https:\/\/www.smedemokrati.sk\/eduard-heger-chceme-slovensko-chranit-pred-chaosom\/#article","isPartOf":{"@id":"https:\/\/www.smedemokrati.sk\/eduard-heger-chceme-slovensko-chranit-pred-chaosom\/"},"author":{"name":"maros","@id":"https:\/\/www.smedemokrati.sk\/#\/schema\/person\/bd0990e764a2ab0275700db075c868f2"},"headline":"Eduard Heger: Chceme Slovensko chr\u00e1ni\u0165 pred chaosom","datePublished":"2023-05-04T19:23:41+00:00","dateModified":"2023-05-09T10:05:31+00:00","mainEntityOfPage":{"@id":"https:\/\/www.smedemokrati.sk\/eduard-heger-chceme-slovensko-chranit-pred-chaosom\/"},"wordCount":505,"publisher":{"@id":"https:\/\/www.smedemokrati.sk\/#organization"},"image":{"@id":"https:\/\/www.smedemokrati.sk\/eduard-heger-chceme-slovensko-chranit-pred-chaosom\/#primaryimage"},"thumbnailUrl":"https:\/\/www.smedemokrati.sk\/wp-content\/uploads\/2023\/05\/Snimka-obrazovky-2023-05-04-o-21.17.42-e1683228165323.png","articleSection":["Vide\u00e1"],"inLanguage":"sv-SE"},{"@type":"WebPage","@id":"https:\/\/www.smedemokrati.sk\/eduard-heger-chceme-slovensko-chranit-pred-chaosom\/","url":"https:\/\/www.smedemokrati.sk\/eduard-heger-chceme-slovensko-chranit-pred-chaosom\/","name":"Eduard Heger: Chceme Slovensko chr\u00e1ni\u0165 pred chaosom - Smedemokrati.sk","isPartOf":{"@id":"https:\/\/www.smedemokrati.sk\/#website"},"primaryImageOfPage":{"@id":"https:\/\/www.smedemokrati.sk\/eduard-heger-chceme-slovensko-chranit-pred-chaosom\/#primaryimage"},"image":{"@id":"https:\/\/www.smedemokrati.sk\/eduard-heger-chceme-slovensko-chranit-pred-chaosom\/#primaryimage"},"thumbnailUrl":"https:\/\/www.smedemokrati.sk\/wp-content\/uploads\/2023\/05\/Snimka-obrazovky-2023-05-04-o-21.17.42-e1683228165323.png","datePublished":"2023-05-04T19:23:41+00:00","dateModified":"2023-05-09T10:05:31+00:00","breadcrumb":{"@id":"https:\/\/www.smedemokrati.sk\/eduard-heger-chceme-slovensko-chranit-pred-chaosom\/#breadcrumb"},"inLanguage":"sv-SE","potentialAction":[{"@type":"ReadAction","target":["https:\/\/www.smedemokrati.sk\/eduard-heger-chceme-slovensko-chranit-pred-chaosom\/"]}]},{"@type":"ImageObject","inLanguage":"sv-SE","@id":"https:\/\/www.smedemokrati.sk\/eduard-heger-chceme-slovensko-chranit-pred-chaosom\/#primaryimage","url":"https:\/\/www.smedemokrati.sk\/wp-content\/uploads\/2023\/05\/Snimka-obrazovky-2023-05-04-o-21.17.42-e1683228165323.png","contentUrl":"https:\/\/www.smedemokrati.sk\/wp-content\/uploads\/2023\/05\/Snimka-obrazovky-2023-05-04-o-21.17.42-e1683228165323.png","width":3032,"height":1856},{"@type":"BreadcrumbList","@id":"https:\/\/www.smedemokrati.sk\/eduard-heger-chceme-slovensko-chranit-pred-chaosom\/#breadcrumb","itemListElement":[{"@type":"ListItem","position":1,"name":"Domovsk\u00e1 str\u00e1nka","item":"https:\/\/www.smedemokrati.sk\/"},{"@type":"ListItem","position":2,"name":"Eduard Heger: Chceme Slovensko chr\u00e1ni\u0165 pred chaosom"}]},{"@type":"WebSite","@id":"https:\/\/www.smedemokrati.sk\/#website","url":"https:\/\/www.smedemokrati.sk\/","name":"Smedemokrati.sk","description":"Demokracia a slu\u0161nos\u0165 zv\u00ed\u0165az\u00ed","publisher":{"@id":"https:\/\/www.smedemokrati.sk\/#organization"},"potentialAction":[{"@type":"SearchAction","target":{"@type":"EntryPoint","urlTemplate":"https:\/\/www.smedemokrati.sk\/?s={search_term_string}"},"query-input":{"@type":"PropertyValueSpecification","valueRequired":true,"valueName":"search_term_string"}}],"inLanguage":"sv-SE"},{"@type":"Organization","@id":"https:\/\/www.smedemokrati.sk\/#organization","name":"Smedemokrati.sk","url":"https:\/\/www.smedemokrati.sk\/","logo":{"@type":"ImageObject","inLanguage":"sv-SE","@id":"https:\/\/www.smedemokrati.sk\/#\/schema\/logo\/image\/","url":"https:\/\/www.smedemokrati.sk\/wp-content\/uploads\/2023\/04\/ff.002.jpeg","contentUrl":"https:\/\/www.smedemokrati.sk\/wp-content\/uploads\/2023\/04\/ff.002.jpeg","width":640,"height":480,"caption":"Smedemokrati.sk"},"image":{"@id":"https:\/\/www.smedemokrati.sk\/#\/schema\/logo\/image\/"},"sameAs":["https:\/\/www.facebook.com\/smedemokrati2023"]},{"@type":"Person","@id":"https:\/\/www.smedemokrati.sk\/#\/schema\/person\/bd0990e764a2ab0275700db075c868f2","name":"maros","image":{"@type":"ImageObject","inLanguage":"sv-SE","@id":"https:\/\/secure.gravatar.com\/avatar\/d4ec49d1719a815fbf0afdd518c9c759c1998fab3d944dc1e3be24ba4218e4ef?s=96&d=mm&r=g","url":"https:\/\/secure.gravatar.com\/avatar\/d4ec49d1719a815fbf0afdd518c9c759c1998fab3d944dc1e3be24ba4218e4ef?s=96&d=mm&r=g","contentUrl":"https:\/\/secure.gravatar.com\/avatar\/d4ec49d1719a815fbf0afdd518c9c759c1998fab3d944dc1e3be24ba4218e4ef?s=96&d=mm&r=g","caption":"maros"},"url":"https:\/\/www.smedemokrati.sk\/sv\/author\/maros\/"}]}},"_links":{"self":[{"href":"https:\/\/www.smedemokrati.sk\/sv\/wp-json\/wp\/v2\/posts\/784","targetHints":{"allow":["GET"]}}],"collection":[{"href":"https:\/\/www.smedemokrati.sk\/sv\/wp-json\/wp\/v2\/posts"}],"about":[{"href":"https:\/\/www.smedemokrati.sk\/sv\/wp-json\/wp\/v2\/types\/post"}],"author":[{"embeddable":true,"href":"https:\/\/www.smedemokrati.sk\/sv\/wp-json\/wp\/v2\/users\/3"}],"replies":[{"embeddable":true,"href":"https:\/\/www.smedemokrati.sk\/sv\/wp-json\/wp\/v2\/comments?post=784"}],"version-history":[{"count":3,"href":"https:\/\/www.smedemokrati.sk\/sv\/wp-json\/wp\/v2\/posts\/784\/revisions"}],"predecessor-version":[{"id":789,"href":"https:\/\/www.smedemokrati.sk\/sv\/wp-json\/wp\/v2\/posts\/784\/revisions\/789"}],"wp:featuredmedia":[{"embeddable":true,"href":"https:\/\/www.smedemokrati.sk\/sv\/wp-json\/wp\/v2\/media\/785"}],"wp:attachment":[{"href":"https:\/\/www.smedemokrati.sk\/sv\/wp-json\/wp\/v2\/media?parent=784"}],"wp:term":[{"taxonomy":"category","embeddable":true,"href":"https:\/\/www.smedemokrati.sk\/sv\/wp-json\/wp\/v2\/categories?post=784"},{"taxonomy":"post_tag","embeddable":true,"href":"https:\/\/www.smedemokrati.sk\/sv\/wp-json\/wp\/v2\/tags?post=784"}],"curies":[{"name":"wp","href":"https:\/\/api.w.org\/{rel}","templated":true}]}}