{"id":7791,"date":"2025-08-01T10:41:14","date_gmt":"2025-08-01T09:41:14","guid":{"rendered":"https:\/\/www.smedemokrati.sk\/?p=7791"},"modified":"2025-08-01T10:41:15","modified_gmt":"2025-08-01T09:41:15","slug":"kolko-usetria-ministerstva-na-sebe-zbabrana-konsolidacia","status":"publish","type":"post","link":"https:\/\/www.smedemokrati.sk\/sv\/kolko-usetria-ministerstva-na-sebe-zbabrana-konsolidacia\/","title":{"rendered":"Ko\u013eko u\u0161etria ministerstv\u00e1 na sebe? Zbabran\u00e1 konsolid\u00e1cia"},"content":{"rendered":"<div id=\"fb-root\"><\/div>\n\n<p><strong>Strana Demokrati e\u0161te 18. j\u00fala 2025 podala na Ministerstvo financi\u00ed \u017eiados\u0165 o\u00a0poskytnutie inform\u00e1ci\u00ed, ak\u00fdm sp\u00f4sobom bude ministerstvo konsolidova\u0165 verejn\u00e9 financie. Pod\u013ea inform\u00e1ci\u00ed Demokratov je v\u00a0pl\u00e1ne zvy\u0161ovanie DPH a\u017e na 25%, dokonca vybran\u00e9 produkty na 27%, pri\u010dom z\u00e1kladn\u00e9 potraviny pod\u013ea inform\u00e1ci\u00ed Demokratov by mali \u00eds\u0165 na 0% (resp. 1%, kv\u00f4li E\u00da regul\u00e1cii). Av\u0161ak rovnako prich\u00e1dzaj\u00fa alarmuj\u00face inform\u00e1cie, \u017ee vl\u00e1da Slovenskej republiky pl\u00e1nuje siahnu\u0165 na II. pilier, aby tak vykryla deficit v\u00a0Soci\u00e1lnej pois\u0165ovni, ktor\u00fd sp\u00f4sobuj\u00fa najm\u00e4 13. d\u00f4chodky. Demokrati sa p\u00fdtaj\u00fa, ako id\u00fa \u0161etri\u0165 jednotliv\u00e9 ministerstv\u00e1 na sebe? Ko\u013eko z\u00a0ich rozpo\u010dtov u\u0161etria? U\u017e pri 2 \u2013 3% by to znamenalo pr\u00ednos do \u0161t\u00e1tneho rozpo\u010dtu na \u00farovni 1,5 mld. euro.\u00a0V\u00fdsledkom konsolid\u00e1cie predsa nem\u00f4\u017eu by\u0165 vy\u0161\u0161ie dane, vy\u0161\u0161\u00ed dlh a\u00a0vy\u0161\u0161ie ceny, to je evidentne zbabran\u00e1 konsolid\u00e1cia<\/strong><\/p>\n\n\n\n<p>\u201eVl\u00e1da n\u00e1m s\u013eubovala, \u017ee sa n\u00e1m bude \u017ei\u0165 lacnej\u0161ie a&nbsp;bezpe\u010dnej\u0161ie. Opak je pravdou, v\u0161etko je drah\u0161ie a&nbsp;kriminalita st\u00fapa. Pova\u017eujeme za neprijate\u013en\u00e9, aby ministerstvo ignorovalo z\u00e1kon a&nbsp;neodpovedalo na na\u0161u \u017eiados\u0165. Z\u00e1rove\u0148 sa p\u00fdtame, to naozaj ide ministerstvo financi\u00ed cestou vy\u0161\u0161ej DPH? U\u017e dnes je na hranici chudoby takmer 1. mil. \u013eud\u00ed, \u010do sa stane potom, ke\u010f op\u00e4\u0165 st\u00fapnu ceny? Z&nbsp;\u010doho to maj\u00fa \u013eudia plati\u0165? A&nbsp;najm\u00e4, vl\u00e1da Roberta Fica, absol\u00fatne ne\u0161etr\u00ed na sebe. To \u010do rob\u00ed aktu\u00e1lne vl\u00e1da nie je konsolid\u00e1cia ale o\u017eobra\u010dovanie.\u201c otv\u00e1ra t\u00e9mu Juraj \u0160eliga, podpredseda strany Demokrati<\/p>\n\n\n\n<p>\u201eJe najjednoduch\u0161ie pr\u00eds\u0165 a&nbsp;zobra\u0165 \u013eu\u010fom peniaze z&nbsp;pe\u0148a\u017eeniek prostredn\u00edctvom dan\u00ed, no je to mimoriadne zl\u00fd krok. D\u00e1ta samotn\u00e9ho ministerstva financi\u00ed ukazuj\u00fa, \u017ee efektivita v\u00fdberu dan\u00ed kles\u00e1. Oproti pl\u00e1novan\u00fdm v\u00fdberom \u0161t\u00e1t vybral o&nbsp;takmer 900 mil. euro menej, to je jasn\u00fd ukazovate\u013e, \u017ee u\u017e sme za hranicou \u00fanosnosti. Nehovoriac o&nbsp;tom, \u017ee deficit verejn\u00fdch financi\u00ed bude vy\u0161\u0161ie ako sa odhadovalo, upozornila na to Rada pre rozpo\u010dtov\u00fa zodpovednos\u0165. Plus infl\u00e1cia je vzh\u013eadom na aktu\u00e1lne pomery v&nbsp;E\u00da mimoriadne vysok\u00e1. To v\u0161etko sa e\u0161te zhor\u0161\u00ed, ak vl\u00e1da prist\u00fapi k&nbsp;\u010fal\u0161iemu zvy\u0161ovaniu dan\u00ed. Odrat\u00ed to \u013eud\u00ed od toho, aby u&nbsp;n\u00e1s podnikali, vytv\u00e1rali hodnoty a&nbsp;chceli tu \u017ei\u0165. Nemo\u017eno donekone\u010dna za\u0165a\u017eova\u0165 \u013eud\u00ed.&nbsp;<strong>V\u00fdsledkom konsolid\u00e1cie nem\u00f4\u017eu by\u0165 vy\u0161\u0161ie dane, vy\u0161\u0161\u00ed dlh a&nbsp;vy\u0161\u0161ie ceny, to je evidentne zbabran\u00e1 konsolid\u00e1cia p\u00e1n Kamenick\u00fd.<\/strong>\u201c hovor\u00ed Eduard Heger, b\u00fdval\u00fd premi\u00e9r a&nbsp;minister financi\u00ed.&nbsp;<\/p>\n\n\n\n<p>\u201eCesta nie s\u00fa nov\u00e9 a&nbsp;vy\u0161\u0161ie dane, cesta je optimaliz\u00e1cia verejnej spr\u00e1vy, snaha stimulova\u0165 ekonomiku a&nbsp;\u0161etrenie na \u0161t\u00e1te. Ak by sektor verejnej spr\u00e1vy bol schopn\u00fd u\u0161etri\u0165 len 2 \u2013 3% zo svojich v\u00fddavkov, tak sa bav\u00edme o&nbsp;sume pribli\u017ene 1,5 mld. euro. To by bola v\u00fdznamn\u00e1 pomoc pre \u0161t\u00e1tny rozpo\u010det, ale najm\u00e4 pre pe\u0148a\u017eenky \u013eud\u00ed.&nbsp;<strong>Vyz\u00fdvam Roberta Fica, aby zaviazal svojich ministrov, aby verejne predlo\u017eili zoznam&nbsp;&nbsp;a&nbsp;v\u00fd\u0161ku finan\u010dn\u00fdch prostriedkov, ktor\u00e9 u\u0161etria. Nem\u00f4\u017eete donekone\u010dna \u201ezdiera\u0165\u201c \u013eud\u00ed p\u00e1n Fico.<\/strong>\u201c Hovor\u00ed Eduard Heger<\/p>\n\n\n\n<p>Demokrati z\u00e1rove\u0148 hovoria o\u00a0opatreniach na na\u0161tartovanie ekonomiky, teda zn\u00ed\u017eenie dane, \u00faprava odvodov a\u00a0teda ceny pr\u00e1ce, obnovenie NAKA a\u00a0\u00da\u0160P s\u00a0cie\u013eom postihova\u0165 neplatenie dan\u00ed,\u00a0\u00a0a\u00a0ekonomickej diplomacii na z\u00e1pad, ktorej cie\u013eom je l\u00e1ka\u0165 nov\u00fdch investorov a\u00a0tak posil\u0148ova\u0165 ekonomiku. \u201e<strong>Bez akt\u00edvnej pr\u00e1ce na z\u00edskavanie investorov, bez dobrej reput\u00e1cie a\u00a0funguj\u00faceho pr\u00e1vneho \u0161t\u00e1tu slovensk\u00e1 ekonomika nebude r\u00e1s\u0165, naopak bude klesa\u0165 alebo prinajlep\u0161om stagnova\u0165, to sa neuverite\u013ene prejav\u00ed na \u017eivotnej \u00farovni ob\u010danov.<\/strong>\u00a0Robert Fico to evidentne z\u00a0chorv\u00e1tskej vily nechce vidie\u0165, preto\u017ee k\u00fdm jeho st\u00f4l sa preh\u00fdba, st\u00f4l rod\u00edn na Slovensku je pr\u00e1zdnej\u0161\u00ed a\u00a0pr\u00e1zdnej\u0161\u00ed.\u201c Uzatv\u00e1ra s\u00a0v\u00fdzvou Eduard Heger.\u00a0<\/p>\n\n\n<div class=\"fb-video\" data-href=\"https:\/\/fb.watch\/BcdCUw6jNI\" data-allowfullscreen=\"true\" data-autoplay=\"false\" data-width=\"\" data-show-text=\"false\" data-show-captions=\"true\"><\/div>\n","protected":false},"excerpt":{"rendered":"<p>Strana Demokrati e\u0161te 18. j\u00fala 2025 podala na Ministerstvo financi\u00ed \u017eiados\u0165 o\u00a0poskytnutie inform\u00e1ci\u00ed, ak\u00fdm sp\u00f4sobom bude ministerstvo konsolidova\u0165 verejn\u00e9 financie. Pod\u013ea inform\u00e1ci\u00ed Demokratov je v\u00a0pl\u00e1ne zvy\u0161ovanie DPH a\u017e na 25%, dokonca vybran\u00e9 produkty na 27%, pri\u010dom z\u00e1kladn\u00e9 potraviny pod\u013ea inform\u00e1ci\u00ed Demokratov by mali \u00eds\u0165 na 0% (resp. 1%, kv\u00f4li E\u00da regul\u00e1cii). Av\u0161ak rovnako prich\u00e1dzaj\u00fa alarmuj\u00face [&hellip;]<\/p>\n","protected":false},"author":13,"featured_media":7792,"comment_status":"closed","ping_status":"closed","sticky":false,"template":"","format":"standard","meta":{"_acf_changed":false,"ngg_post_thumbnail":0,"footnotes":""},"categories":[4],"tags":[],"class_list":["post-7791","post","type-post","status-publish","format-standard","has-post-thumbnail","hentry","category-tlacove-spravy"],"acf":[],"yoast_head":"<!-- This site is optimized with the Yoast SEO plugin v27.2 - https:\/\/yoast.com\/product\/yoast-seo-wordpress\/ -->\n<title>Ko\u013eko u\u0161etria ministerstv\u00e1 na sebe? Zbabran\u00e1 konsolid\u00e1cia<\/title>\n<meta name=\"robots\" content=\"index, follow, max-snippet:-1, max-image-preview:large, max-video-preview:-1\" \/>\n<link rel=\"canonical\" href=\"https:\/\/www.smedemokrati.sk\/sv\/kolko-usetria-ministerstva-na-sebe-zbabrana-konsolidacia\/\" \/>\n<meta property=\"og:locale\" content=\"sv_SE\" \/>\n<meta property=\"og:locale:alternate\" content=\"en_US\" \/>\n<meta property=\"og:locale:alternate\" content=\"cs_CZ\" \/>\n<meta property=\"og:locale:alternate\" content=\"hu_HU\" \/>\n<meta property=\"og:locale:alternate\" content=\"sk_SK\" \/>\n<meta property=\"og:type\" content=\"article\" \/>\n<meta property=\"og:title\" content=\"Ko\u013eko u\u0161etria ministerstv\u00e1 na sebe? Zbabran\u00e1 konsolid\u00e1cia\" \/>\n<meta property=\"og:description\" content=\"Strana Demokrati e\u0161te 18. j\u00fala 2025 podala na Ministerstvo financi\u00ed \u017eiados\u0165 o\u00a0poskytnutie inform\u00e1ci\u00ed, ak\u00fdm sp\u00f4sobom bude ministerstvo konsolidova\u0165 verejn\u00e9 financie. Pod\u013ea inform\u00e1ci\u00ed Demokratov je v\u00a0pl\u00e1ne zvy\u0161ovanie DPH a\u017e na 25%, dokonca vybran\u00e9 produkty na 27%, pri\u010dom z\u00e1kladn\u00e9 potraviny pod\u013ea inform\u00e1ci\u00ed Demokratov by mali \u00eds\u0165 na 0% (resp. 1%, kv\u00f4li E\u00da regul\u00e1cii). Av\u0161ak rovnako prich\u00e1dzaj\u00fa alarmuj\u00face [&hellip;]\" \/>\n<meta property=\"og:url\" content=\"https:\/\/www.smedemokrati.sk\/sv\/kolko-usetria-ministerstva-na-sebe-zbabrana-konsolidacia\/\" \/>\n<meta property=\"og:site_name\" content=\"Smedemokrati.sk\" \/>\n<meta property=\"article:publisher\" content=\"https:\/\/www.facebook.com\/smedemokrati2023\" \/>\n<meta property=\"article:published_time\" content=\"2025-08-01T09:41:14+00:00\" \/>\n<meta property=\"article:modified_time\" content=\"2025-08-01T09:41:15+00:00\" \/>\n<meta property=\"og:image\" content=\"https:\/\/www.smedemokrati.sk\/wp-content\/uploads\/2025\/08\/2025-08-01-114017.jpg\" \/>\n\t<meta property=\"og:image:width\" content=\"925\" \/>\n\t<meta property=\"og:image:height\" content=\"530\" \/>\n\t<meta property=\"og:image:type\" content=\"image\/jpeg\" \/>\n<meta name=\"author\" content=\"miro.sopko\" \/>\n<meta name=\"twitter:card\" content=\"summary_large_image\" \/>\n<meta name=\"twitter:label1\" content=\"Skriven av\" \/>\n\t<meta name=\"twitter:data1\" content=\"miro.sopko\" \/>\n\t<meta name=\"twitter:label2\" content=\"Ber\u00e4knad l\u00e4stid\" \/>\n\t<meta name=\"twitter:data2\" content=\"4 minuter\" \/>\n<script type=\"application\/ld+json\" class=\"yoast-schema-graph\">{\"@context\":\"https:\/\/schema.org\",\"@graph\":[{\"@type\":\"Article\",\"@id\":\"https:\/\/www.smedemokrati.sk\/kolko-usetria-ministerstva-na-sebe-zbabrana-konsolidacia\/#article\",\"isPartOf\":{\"@id\":\"https:\/\/www.smedemokrati.sk\/kolko-usetria-ministerstva-na-sebe-zbabrana-konsolidacia\/\"},\"author\":{\"name\":\"miro.sopko\",\"@id\":\"https:\/\/www.smedemokrati.sk\/#\/schema\/person\/21f147c88d605aa7ded900e1e7c344ba\"},\"headline\":\"Ko\u013eko u\u0161etria ministerstv\u00e1 na sebe? Zbabran\u00e1 konsolid\u00e1cia\",\"datePublished\":\"2025-08-01T09:41:14+00:00\",\"dateModified\":\"2025-08-01T09:41:15+00:00\",\"mainEntityOfPage\":{\"@id\":\"https:\/\/www.smedemokrati.sk\/kolko-usetria-ministerstva-na-sebe-zbabrana-konsolidacia\/\"},\"wordCount\":727,\"publisher\":{\"@id\":\"https:\/\/www.smedemokrati.sk\/#organization\"},\"image\":{\"@id\":\"https:\/\/www.smedemokrati.sk\/kolko-usetria-ministerstva-na-sebe-zbabrana-konsolidacia\/#primaryimage\"},\"thumbnailUrl\":\"https:\/\/www.smedemokrati.sk\/wp-content\/uploads\/2025\/08\/2025-08-01-114017.jpg\",\"articleSection\":[\"Tla\u010dov\u00e9 spr\u00e1vy\"],\"inLanguage\":\"sv-SE\"},{\"@type\":\"WebPage\",\"@id\":\"https:\/\/www.smedemokrati.sk\/kolko-usetria-ministerstva-na-sebe-zbabrana-konsolidacia\/\",\"url\":\"https:\/\/www.smedemokrati.sk\/kolko-usetria-ministerstva-na-sebe-zbabrana-konsolidacia\/\",\"name\":\"Ko\u013eko u\u0161etria ministerstv\u00e1 na sebe? Zbabran\u00e1 konsolid\u00e1cia\",\"isPartOf\":{\"@id\":\"https:\/\/www.smedemokrati.sk\/#website\"},\"primaryImageOfPage\":{\"@id\":\"https:\/\/www.smedemokrati.sk\/kolko-usetria-ministerstva-na-sebe-zbabrana-konsolidacia\/#primaryimage\"},\"image\":{\"@id\":\"https:\/\/www.smedemokrati.sk\/kolko-usetria-ministerstva-na-sebe-zbabrana-konsolidacia\/#primaryimage\"},\"thumbnailUrl\":\"https:\/\/www.smedemokrati.sk\/wp-content\/uploads\/2025\/08\/2025-08-01-114017.jpg\",\"datePublished\":\"2025-08-01T09:41:14+00:00\",\"dateModified\":\"2025-08-01T09:41:15+00:00\",\"breadcrumb\":{\"@id\":\"https:\/\/www.smedemokrati.sk\/kolko-usetria-ministerstva-na-sebe-zbabrana-konsolidacia\/#breadcrumb\"},\"inLanguage\":\"sv-SE\",\"potentialAction\":[{\"@type\":\"ReadAction\",\"target\":[\"https:\/\/www.smedemokrati.sk\/kolko-usetria-ministerstva-na-sebe-zbabrana-konsolidacia\/\"]}]},{\"@type\":\"ImageObject\",\"inLanguage\":\"sv-SE\",\"@id\":\"https:\/\/www.smedemokrati.sk\/kolko-usetria-ministerstva-na-sebe-zbabrana-konsolidacia\/#primaryimage\",\"url\":\"https:\/\/www.smedemokrati.sk\/wp-content\/uploads\/2025\/08\/2025-08-01-114017.jpg\",\"contentUrl\":\"https:\/\/www.smedemokrati.sk\/wp-content\/uploads\/2025\/08\/2025-08-01-114017.jpg\",\"width\":925,\"height\":530},{\"@type\":\"BreadcrumbList\",\"@id\":\"https:\/\/www.smedemokrati.sk\/kolko-usetria-ministerstva-na-sebe-zbabrana-konsolidacia\/#breadcrumb\",\"itemListElement\":[{\"@type\":\"ListItem\",\"position\":1,\"name\":\"Domovsk\u00e1 str\u00e1nka\",\"item\":\"https:\/\/www.smedemokrati.sk\/\"},{\"@type\":\"ListItem\",\"position\":2,\"name\":\"Ko\u013eko u\u0161etria ministerstv\u00e1 na sebe? Zbabran\u00e1 konsolid\u00e1cia\"}]},{\"@type\":\"WebSite\",\"@id\":\"https:\/\/www.smedemokrati.sk\/#website\",\"url\":\"https:\/\/www.smedemokrati.sk\/\",\"name\":\"Smedemokrati.sk\",\"description\":\"Demokracia a slu\u0161nos\u0165 zv\u00ed\u0165az\u00ed\",\"publisher\":{\"@id\":\"https:\/\/www.smedemokrati.sk\/#organization\"},\"potentialAction\":[{\"@type\":\"SearchAction\",\"target\":{\"@type\":\"EntryPoint\",\"urlTemplate\":\"https:\/\/www.smedemokrati.sk\/?s={search_term_string}\"},\"query-input\":{\"@type\":\"PropertyValueSpecification\",\"valueRequired\":true,\"valueName\":\"search_term_string\"}}],\"inLanguage\":\"sv-SE\"},{\"@type\":\"Organization\",\"@id\":\"https:\/\/www.smedemokrati.sk\/#organization\",\"name\":\"Smedemokrati.sk\",\"url\":\"https:\/\/www.smedemokrati.sk\/\",\"logo\":{\"@type\":\"ImageObject\",\"inLanguage\":\"sv-SE\",\"@id\":\"https:\/\/www.smedemokrati.sk\/#\/schema\/logo\/image\/\",\"url\":\"https:\/\/www.smedemokrati.sk\/wp-content\/uploads\/2023\/04\/ff.002.jpeg\",\"contentUrl\":\"https:\/\/www.smedemokrati.sk\/wp-content\/uploads\/2023\/04\/ff.002.jpeg\",\"width\":640,\"height\":480,\"caption\":\"Smedemokrati.sk\"},\"image\":{\"@id\":\"https:\/\/www.smedemokrati.sk\/#\/schema\/logo\/image\/\"},\"sameAs\":[\"https:\/\/www.facebook.com\/smedemokrati2023\"]},{\"@type\":\"Person\",\"@id\":\"https:\/\/www.smedemokrati.sk\/#\/schema\/person\/21f147c88d605aa7ded900e1e7c344ba\",\"name\":\"miro.sopko\",\"image\":{\"@type\":\"ImageObject\",\"inLanguage\":\"sv-SE\",\"@id\":\"https:\/\/secure.gravatar.com\/avatar\/267e4a36f704376c109afe3a78740c1f5dd8675a2180a908699e7863c9247606?s=96&d=mm&r=g\",\"url\":\"https:\/\/secure.gravatar.com\/avatar\/267e4a36f704376c109afe3a78740c1f5dd8675a2180a908699e7863c9247606?s=96&d=mm&r=g\",\"contentUrl\":\"https:\/\/secure.gravatar.com\/avatar\/267e4a36f704376c109afe3a78740c1f5dd8675a2180a908699e7863c9247606?s=96&d=mm&r=g\",\"caption\":\"miro.sopko\"},\"url\":\"https:\/\/www.smedemokrati.sk\/sv\/author\/miro-sopko\/\"}]}<\/script>\n<!-- \/ Yoast SEO plugin. -->","yoast_head_json":{"title":"Ko\u013eko u\u0161etria ministerstv\u00e1 na sebe? Zbabran\u00e1 konsolid\u00e1cia","robots":{"index":"index","follow":"follow","max-snippet":"max-snippet:-1","max-image-preview":"max-image-preview:large","max-video-preview":"max-video-preview:-1"},"canonical":"https:\/\/www.smedemokrati.sk\/sv\/kolko-usetria-ministerstva-na-sebe-zbabrana-konsolidacia\/","og_locale":"sv_SE","og_type":"article","og_title":"[:sk]Ko\u013eko u\u0161etria ministerstv\u00e1 na sebe? Zbabran\u00e1 konsolid\u00e1cia[:] - Smedemokrati.sk","og_description":"Strana Demokrati e\u0161te 18. j\u00fala 2025 podala na Ministerstvo financi\u00ed \u017eiados\u0165 o\u00a0poskytnutie inform\u00e1ci\u00ed, ak\u00fdm sp\u00f4sobom bude ministerstvo konsolidova\u0165 verejn\u00e9 financie. Pod\u013ea inform\u00e1ci\u00ed Demokratov je v\u00a0pl\u00e1ne zvy\u0161ovanie DPH a\u017e na 25%, dokonca vybran\u00e9 produkty na 27%, pri\u010dom z\u00e1kladn\u00e9 potraviny pod\u013ea inform\u00e1ci\u00ed Demokratov by mali \u00eds\u0165 na 0% (resp. 1%, kv\u00f4li E\u00da regul\u00e1cii). Av\u0161ak rovnako prich\u00e1dzaj\u00fa alarmuj\u00face [&hellip;]","og_url":"https:\/\/www.smedemokrati.sk\/sv\/kolko-usetria-ministerstva-na-sebe-zbabrana-konsolidacia\/","og_site_name":"Smedemokrati.sk","article_publisher":"https:\/\/www.facebook.com\/smedemokrati2023","article_published_time":"2025-08-01T09:41:14+00:00","article_modified_time":"2025-08-01T09:41:15+00:00","og_image":[{"width":925,"height":530,"url":"https:\/\/www.smedemokrati.sk\/wp-content\/uploads\/2025\/08\/2025-08-01-114017.jpg","type":"image\/jpeg"}],"author":"miro.sopko","twitter_card":"summary_large_image","twitter_misc":{"Skriven av":"miro.sopko","Ber\u00e4knad l\u00e4stid":"4 minuter"},"schema":{"@context":"https:\/\/schema.org","@graph":[{"@type":"Article","@id":"https:\/\/www.smedemokrati.sk\/kolko-usetria-ministerstva-na-sebe-zbabrana-konsolidacia\/#article","isPartOf":{"@id":"https:\/\/www.smedemokrati.sk\/kolko-usetria-ministerstva-na-sebe-zbabrana-konsolidacia\/"},"author":{"name":"miro.sopko","@id":"https:\/\/www.smedemokrati.sk\/#\/schema\/person\/21f147c88d605aa7ded900e1e7c344ba"},"headline":"Ko\u013eko u\u0161etria ministerstv\u00e1 na sebe? Zbabran\u00e1 konsolid\u00e1cia","datePublished":"2025-08-01T09:41:14+00:00","dateModified":"2025-08-01T09:41:15+00:00","mainEntityOfPage":{"@id":"https:\/\/www.smedemokrati.sk\/kolko-usetria-ministerstva-na-sebe-zbabrana-konsolidacia\/"},"wordCount":727,"publisher":{"@id":"https:\/\/www.smedemokrati.sk\/#organization"},"image":{"@id":"https:\/\/www.smedemokrati.sk\/kolko-usetria-ministerstva-na-sebe-zbabrana-konsolidacia\/#primaryimage"},"thumbnailUrl":"https:\/\/www.smedemokrati.sk\/wp-content\/uploads\/2025\/08\/2025-08-01-114017.jpg","articleSection":["Tla\u010dov\u00e9 spr\u00e1vy"],"inLanguage":"sv-SE"},{"@type":"WebPage","@id":"https:\/\/www.smedemokrati.sk\/kolko-usetria-ministerstva-na-sebe-zbabrana-konsolidacia\/","url":"https:\/\/www.smedemokrati.sk\/kolko-usetria-ministerstva-na-sebe-zbabrana-konsolidacia\/","name":"Ko\u013eko u\u0161etria ministerstv\u00e1 na sebe? Zbabran\u00e1 konsolid\u00e1cia","isPartOf":{"@id":"https:\/\/www.smedemokrati.sk\/#website"},"primaryImageOfPage":{"@id":"https:\/\/www.smedemokrati.sk\/kolko-usetria-ministerstva-na-sebe-zbabrana-konsolidacia\/#primaryimage"},"image":{"@id":"https:\/\/www.smedemokrati.sk\/kolko-usetria-ministerstva-na-sebe-zbabrana-konsolidacia\/#primaryimage"},"thumbnailUrl":"https:\/\/www.smedemokrati.sk\/wp-content\/uploads\/2025\/08\/2025-08-01-114017.jpg","datePublished":"2025-08-01T09:41:14+00:00","dateModified":"2025-08-01T09:41:15+00:00","breadcrumb":{"@id":"https:\/\/www.smedemokrati.sk\/kolko-usetria-ministerstva-na-sebe-zbabrana-konsolidacia\/#breadcrumb"},"inLanguage":"sv-SE","potentialAction":[{"@type":"ReadAction","target":["https:\/\/www.smedemokrati.sk\/kolko-usetria-ministerstva-na-sebe-zbabrana-konsolidacia\/"]}]},{"@type":"ImageObject","inLanguage":"sv-SE","@id":"https:\/\/www.smedemokrati.sk\/kolko-usetria-ministerstva-na-sebe-zbabrana-konsolidacia\/#primaryimage","url":"https:\/\/www.smedemokrati.sk\/wp-content\/uploads\/2025\/08\/2025-08-01-114017.jpg","contentUrl":"https:\/\/www.smedemokrati.sk\/wp-content\/uploads\/2025\/08\/2025-08-01-114017.jpg","width":925,"height":530},{"@type":"BreadcrumbList","@id":"https:\/\/www.smedemokrati.sk\/kolko-usetria-ministerstva-na-sebe-zbabrana-konsolidacia\/#breadcrumb","itemListElement":[{"@type":"ListItem","position":1,"name":"Domovsk\u00e1 str\u00e1nka","item":"https:\/\/www.smedemokrati.sk\/"},{"@type":"ListItem","position":2,"name":"Ko\u013eko u\u0161etria ministerstv\u00e1 na sebe? Zbabran\u00e1 konsolid\u00e1cia"}]},{"@type":"WebSite","@id":"https:\/\/www.smedemokrati.sk\/#website","url":"https:\/\/www.smedemokrati.sk\/","name":"Smedemokrati.sk","description":"Demokracia a slu\u0161nos\u0165 zv\u00ed\u0165az\u00ed","publisher":{"@id":"https:\/\/www.smedemokrati.sk\/#organization"},"potentialAction":[{"@type":"SearchAction","target":{"@type":"EntryPoint","urlTemplate":"https:\/\/www.smedemokrati.sk\/?s={search_term_string}"},"query-input":{"@type":"PropertyValueSpecification","valueRequired":true,"valueName":"search_term_string"}}],"inLanguage":"sv-SE"},{"@type":"Organization","@id":"https:\/\/www.smedemokrati.sk\/#organization","name":"Smedemokrati.sk","url":"https:\/\/www.smedemokrati.sk\/","logo":{"@type":"ImageObject","inLanguage":"sv-SE","@id":"https:\/\/www.smedemokrati.sk\/#\/schema\/logo\/image\/","url":"https:\/\/www.smedemokrati.sk\/wp-content\/uploads\/2023\/04\/ff.002.jpeg","contentUrl":"https:\/\/www.smedemokrati.sk\/wp-content\/uploads\/2023\/04\/ff.002.jpeg","width":640,"height":480,"caption":"Smedemokrati.sk"},"image":{"@id":"https:\/\/www.smedemokrati.sk\/#\/schema\/logo\/image\/"},"sameAs":["https:\/\/www.facebook.com\/smedemokrati2023"]},{"@type":"Person","@id":"https:\/\/www.smedemokrati.sk\/#\/schema\/person\/21f147c88d605aa7ded900e1e7c344ba","name":"miro.sopko","image":{"@type":"ImageObject","inLanguage":"sv-SE","@id":"https:\/\/secure.gravatar.com\/avatar\/267e4a36f704376c109afe3a78740c1f5dd8675a2180a908699e7863c9247606?s=96&d=mm&r=g","url":"https:\/\/secure.gravatar.com\/avatar\/267e4a36f704376c109afe3a78740c1f5dd8675a2180a908699e7863c9247606?s=96&d=mm&r=g","contentUrl":"https:\/\/secure.gravatar.com\/avatar\/267e4a36f704376c109afe3a78740c1f5dd8675a2180a908699e7863c9247606?s=96&d=mm&r=g","caption":"miro.sopko"},"url":"https:\/\/www.smedemokrati.sk\/sv\/author\/miro-sopko\/"}]}},"_links":{"self":[{"href":"https:\/\/www.smedemokrati.sk\/sv\/wp-json\/wp\/v2\/posts\/7791","targetHints":{"allow":["GET"]}}],"collection":[{"href":"https:\/\/www.smedemokrati.sk\/sv\/wp-json\/wp\/v2\/posts"}],"about":[{"href":"https:\/\/www.smedemokrati.sk\/sv\/wp-json\/wp\/v2\/types\/post"}],"author":[{"embeddable":true,"href":"https:\/\/www.smedemokrati.sk\/sv\/wp-json\/wp\/v2\/users\/13"}],"replies":[{"embeddable":true,"href":"https:\/\/www.smedemokrati.sk\/sv\/wp-json\/wp\/v2\/comments?post=7791"}],"version-history":[{"count":1,"href":"https:\/\/www.smedemokrati.sk\/sv\/wp-json\/wp\/v2\/posts\/7791\/revisions"}],"predecessor-version":[{"id":7793,"href":"https:\/\/www.smedemokrati.sk\/sv\/wp-json\/wp\/v2\/posts\/7791\/revisions\/7793"}],"wp:featuredmedia":[{"embeddable":true,"href":"https:\/\/www.smedemokrati.sk\/sv\/wp-json\/wp\/v2\/media\/7792"}],"wp:attachment":[{"href":"https:\/\/www.smedemokrati.sk\/sv\/wp-json\/wp\/v2\/media?parent=7791"}],"wp:term":[{"taxonomy":"category","embeddable":true,"href":"https:\/\/www.smedemokrati.sk\/sv\/wp-json\/wp\/v2\/categories?post=7791"},{"taxonomy":"post_tag","embeddable":true,"href":"https:\/\/www.smedemokrati.sk\/sv\/wp-json\/wp\/v2\/tags?post=7791"}],"curies":[{"name":"wp","href":"https:\/\/api.w.org\/{rel}","templated":true}]}}