{"id":7715,"date":"2025-07-18T16:36:50","date_gmt":"2025-07-18T15:36:50","guid":{"rendered":"https:\/\/www.smedemokrati.sk\/?p=7715"},"modified":"2025-07-18T16:38:04","modified_gmt":"2025-07-18T15:38:04","slug":"exminister-hospodarstva-poukazuje-na-pozoruhodne-vysostne-postavenie-podnikov-daniela-kretinskeho-ktoreho-spolocnosti-sa-angazuju-v-plynovom-priemysle","status":"publish","type":"post","link":"https:\/\/www.smedemokrati.sk\/sv\/exminister-hospodarstva-poukazuje-na-pozoruhodne-vysostne-postavenie-podnikov-daniela-kretinskeho-ktoreho-spolocnosti-sa-angazuju-v-plynovom-priemysle\/","title":{"rendered":"Exminister hospod\u00e1rstva poukazuje na pozoruhodne v\u00fdsostn\u00e9 postavenie podnikov Daniela K\u0159etinsk\u00e9ho, ktor\u00e9ho spolo\u010dnosti sa anga\u017euj\u00fa v plynovom priemysle"},"content":{"rendered":"<div id=\"fb-root\"><\/div>\n\n<p><strong>Ide najm\u00e4 o skupinu EPH, ktor\u00e1 sa po n\u00e1stupe 2. Ficovej vl\u00e1dy e\u0161te v roku 2013 stala akcion\u00e1rom slovensk\u00fdch plyn\u00e1rensk\u00fdch podnikov.<\/strong><\/p>\n\n\n\n<blockquote class=\"wp-block-quote is-layout-flow wp-block-quote-is-layout-flow\">\n<p><strong>Ako povedal Babi\u0161:<\/strong><\/p>\n<cite><strong> \u201e\u010co sa \u010dudujete, ve\u010f Fico m\u00e1 spolo\u010dn\u00fd obchod s p\u00e1nom K\u0159etinsk\u00fdm.\u201c<\/strong><\/cite><\/blockquote>\n\n\n\n<blockquote class=\"wp-block-quote is-layout-flow wp-block-quote-is-layout-flow\">\n<p><\/p>\n<\/blockquote>\n\n\n\n<p>\u201eSpolo\u010dnos\u0165 EPH je 49 % vlastn\u00edkom Eustreamu. Premi\u00e9r Fico pla\u010de, \u010do sa stane, ak prestane cez Eustream pr\u00fadi\u0165 rusk\u00fd plyn. O ve\u013ek\u00e9 objemy tranzitu aj dod\u00e1vok rusk\u00e9ho plynu pritom pri\u0161li aj \u010cesi a Rak\u00fa\u0161ania. Po\u010duli ste \u010desk\u00e9ho premi\u00e9ra alebo rak\u00faskeho kancel\u00e1ra, ktor\u00ed preto dali Gazprom \u00faspe\u0161ne na arbitr\u00e1\u017e, aby kv\u00f4li tomu plakali a \u017eiadali od Bruselu \u010di partnerov v E\u00da nejak\u00e9 kompenz\u00e1cie? Nie. Len Fico tu stra\u0161\u00ed, aby chr\u00e1nil z\u00e1ujmy t\u00fdch, \u010do doteraz zar\u00e1baj\u00fa na ruskom plyne,\u201c otv\u00e1ra t\u00e9mu exminister hospod\u00e1rstva Karel Hirman (Demokrati).<\/p>\n\n\n\n<p>\u201e\u00daRSO, ktor\u00e9ho vedenie bolo dosaden\u00e9 po n\u00e1stupe tejto Ficovej vl\u00e1dy, sa zd\u00e1, \u017ee je k spolo\u010dnostiam p\u00e1na K\u0159etinsk\u00e9ho mimoriadne \u0161tedr\u00e9. U\u017e minul\u00fd rok zv\u00fd\u0161ilo Eustreamu tarify za prepravu plynu s od\u00f4vodnen\u00edm, \u017ee sa zastav\u00ed tranzit rusk\u00e9ho plynu. A on sa naozaj zastavil. K\u013e\u00fa\u010dov\u00e1 ot\u00e1zka v\u0161ak znie: \u010do je so zmluvou s Gazpromom? Preto\u017ee SPP m\u00e1 dlhodob\u00fa zmluvu na n\u00e1kup plynu a Eustream m\u00e1 zmluvu na jeho prepravu rovnako s Gazpromom. Ak sa od 1. janu\u00e1ra 2025 cez Slovensko netranzituje rusk\u00fd plyn z Ukrajiny, v akej miere je plnen\u00fd kontrakt, v ktorom je klauzula \u201epreprav alebo zapla\u0165\u201c? Ak Gazprom na\u010falej plat\u00ed Eustreamu za ni\u010d, pova\u017eujem to za minim\u00e1lne zvl\u00e1\u0161tne,\u201c hovor\u00ed exminister Hirman.<\/p>\n\n\n\n<p>\u201eTen ist\u00fd regul\u00e1tor, \u010duduj sa svete, zv\u00fd\u0161il aj poplatky za skladovanie plynu na Slovensku. Kontrolu nad skladovan\u00edm m\u00e1 spolo\u010dnos\u0165 Nafta, kde zhodou okolnost\u00ed je najv\u00e4\u010d\u0161\u00edm akcion\u00e1rom pr\u00e1ve EPH Daniela K\u0159etinsk\u00e9ho. A poplatky za skladovanie ur\u010duje ten ist\u00fd Ficov regul\u00e1tor. Poplatky v SR s\u00fa aktu\u00e1lne a\u017e trojn\u00e1sobne vy\u0161\u0161ie, ako sa plat\u00ed inde v E\u00da. P\u00fdtate sa, kto to zaplat\u00ed? No predsa my, be\u017en\u00ed \u013eudia,\u201c dod\u00e1va Hirman.<\/p>\n\n\n\n<p>\u201eNa dod\u00e1vkach plynu na Slovensku moment\u00e1lne najviac zar\u00e1ba Orb\u00e1nova MVM. A medzi ve\u013ek\u00fdch dod\u00e1vate\u013eov plynu pre SPP sa okrem Orb\u00e1novho MVM mal tento rok sta\u0165 aj EP Commodities, \u010do je obchodn\u00edk patriaci K\u0159etinsk\u00e9ho EPH. Fico sa tu hr\u00e1 na ochrancu slovensk\u00fdch z\u00e1ujmov, ale v skuto\u010dnosti len kryje biznis svojich oligarchick\u00fdch kump\u00e1nov zo susedstva.\u201c upozor\u0148uje exminister.<\/p>\n\n\n\n<p>Predseda Demokratov Jaroslav Na\u010f k tomu dod\u00e1va: \u201eTo, \u010do dnes sledujeme, je u\u010debnicov\u00fd pr\u00edklad politick\u00e9ho k\u0161eftovania. Fico sa v Bruseli tv\u00e1ri, \u017ee br\u00e1ni Slovensko, no doma prihr\u00e1va miliardy oligarchom. Ob\u010danom sa zvy\u0161uj\u00fa ceny energi\u00ed, regul\u00e1tor nastavuje tarify tak, aby vyhovovali vyvolen\u00fdm, a premi\u00e9r e\u0161te obhajuje rusk\u00fd plyn a Gazprom. Babi\u0161 to povedal jasne: \u010co sa \u010dudujete? Ve\u010f Fico m\u00e1 spolo\u010dn\u00fd obchod s p\u00e1nom K\u0159etinsk\u00fdm. Vyzer\u00e1 to tak, \u017ee za tejto vl\u00e1dy Roberta Fica sa vytv\u00e1raj\u00fa ve\u013emi v\u00fdhodn\u00e9 podmienky pre vybran\u00e9 firmy Viktora Orb\u00e1na a z konglomer\u00e1tu firiem okolo Daniela K\u0159etinsk\u00e9ho. My sa p\u00fdtame, dokedy bud\u00fa slovensk\u00ed ob\u010dania plati\u0165 \u00fa\u010dty za Ficove dohody so oligarchami?\u201d<strong><br><\/strong><\/p>\n","protected":false},"excerpt":{"rendered":"<p>Ide najm\u00e4 o skupinu EPH, ktor\u00e1 sa po n\u00e1stupe 2. Ficovej vl\u00e1dy e\u0161te v roku 2013 stala akcion\u00e1rom slovensk\u00fdch plyn\u00e1rensk\u00fdch podnikov. Ako povedal Babi\u0161: \u201e\u010co sa \u010dudujete, ve\u010f Fico m\u00e1 spolo\u010dn\u00fd obchod s p\u00e1nom K\u0159etinsk\u00fdm.\u201c \u201eSpolo\u010dnos\u0165 EPH je 49 % vlastn\u00edkom Eustreamu. Premi\u00e9r Fico pla\u010de, \u010do sa stane, ak prestane cez Eustream pr\u00fadi\u0165 rusk\u00fd plyn. [&hellip;]<\/p>\n","protected":false},"author":13,"featured_media":394,"comment_status":"closed","ping_status":"closed","sticky":false,"template":"","format":"standard","meta":{"_acf_changed":false,"ngg_post_thumbnail":0,"footnotes":""},"categories":[4],"tags":[],"class_list":["post-7715","post","type-post","status-publish","format-standard","has-post-thumbnail","hentry","category-tlacove-spravy"],"acf":[],"yoast_head":"<!-- This site is optimized with the Yoast SEO plugin v27.2 - https:\/\/yoast.com\/product\/yoast-seo-wordpress\/ -->\n<title>Exminister hospod\u00e1rstva poukazuje na pozoruhodne v\u00fdsostn\u00e9 postavenie podnikov Daniela K\u0159etinsk\u00e9ho, ktor\u00e9ho spolo\u010dnosti sa anga\u017euj\u00fa v plynovom priemysle<\/title>\n<meta name=\"robots\" content=\"index, follow, max-snippet:-1, max-image-preview:large, max-video-preview:-1\" \/>\n<link rel=\"canonical\" href=\"https:\/\/www.smedemokrati.sk\/sv\/exminister-hospodarstva-poukazuje-na-pozoruhodne-vysostne-postavenie-podnikov-daniela-kretinskeho-ktoreho-spolocnosti-sa-angazuju-v-plynovom-priemysle\/\" \/>\n<meta property=\"og:locale\" content=\"sv_SE\" \/>\n<meta property=\"og:locale:alternate\" content=\"en_US\" \/>\n<meta property=\"og:locale:alternate\" content=\"cs_CZ\" \/>\n<meta property=\"og:locale:alternate\" content=\"hu_HU\" \/>\n<meta property=\"og:locale:alternate\" content=\"sk_SK\" \/>\n<meta property=\"og:type\" content=\"article\" \/>\n<meta property=\"og:title\" content=\"Exminister hospod\u00e1rstva poukazuje na pozoruhodne v\u00fdsostn\u00e9 postavenie podnikov Daniela K\u0159etinsk\u00e9ho, ktor\u00e9ho spolo\u010dnosti sa anga\u017euj\u00fa v plynovom priemysle\" \/>\n<meta property=\"og:description\" content=\"Ide najm\u00e4 o skupinu EPH, ktor\u00e1 sa po n\u00e1stupe 2. Ficovej vl\u00e1dy e\u0161te v roku 2013 stala akcion\u00e1rom slovensk\u00fdch plyn\u00e1rensk\u00fdch podnikov. Ako povedal Babi\u0161: \u201e\u010co sa \u010dudujete, ve\u010f Fico m\u00e1 spolo\u010dn\u00fd obchod s p\u00e1nom K\u0159etinsk\u00fdm.\u201c \u201eSpolo\u010dnos\u0165 EPH je 49 % vlastn\u00edkom Eustreamu. Premi\u00e9r Fico pla\u010de, \u010do sa stane, ak prestane cez Eustream pr\u00fadi\u0165 rusk\u00fd plyn. [&hellip;]\" \/>\n<meta property=\"og:url\" content=\"https:\/\/www.smedemokrati.sk\/sv\/exminister-hospodarstva-poukazuje-na-pozoruhodne-vysostne-postavenie-podnikov-daniela-kretinskeho-ktoreho-spolocnosti-sa-angazuju-v-plynovom-priemysle\/\" \/>\n<meta property=\"og:site_name\" content=\"Smedemokrati.sk\" \/>\n<meta property=\"article:publisher\" content=\"https:\/\/www.facebook.com\/smedemokrati2023\" \/>\n<meta property=\"article:published_time\" content=\"2025-07-18T15:36:50+00:00\" \/>\n<meta property=\"article:modified_time\" content=\"2025-07-18T15:38:04+00:00\" \/>\n<meta property=\"og:image\" content=\"https:\/\/www.smedemokrati.sk\/wp-content\/uploads\/2023\/03\/KH_web.jpeg\" \/>\n\t<meta property=\"og:image:width\" content=\"1520\" \/>\n\t<meta property=\"og:image:height\" content=\"1080\" \/>\n\t<meta property=\"og:image:type\" content=\"image\/jpeg\" \/>\n<meta name=\"author\" content=\"miro.sopko\" \/>\n<meta name=\"twitter:card\" content=\"summary_large_image\" \/>\n<meta name=\"twitter:label1\" content=\"Skriven av\" \/>\n\t<meta name=\"twitter:data1\" content=\"miro.sopko\" \/>\n\t<meta name=\"twitter:label2\" content=\"Ber\u00e4knad l\u00e4stid\" \/>\n\t<meta name=\"twitter:data2\" content=\"3 minuter\" \/>\n<script type=\"application\/ld+json\" class=\"yoast-schema-graph\">{\"@context\":\"https:\/\/schema.org\",\"@graph\":[{\"@type\":\"Article\",\"@id\":\"https:\/\/www.smedemokrati.sk\/exminister-hospodarstva-poukazuje-na-pozoruhodne-vysostne-postavenie-podnikov-daniela-kretinskeho-ktoreho-spolocnosti-sa-angazuju-v-plynovom-priemysle\/#article\",\"isPartOf\":{\"@id\":\"https:\/\/www.smedemokrati.sk\/exminister-hospodarstva-poukazuje-na-pozoruhodne-vysostne-postavenie-podnikov-daniela-kretinskeho-ktoreho-spolocnosti-sa-angazuju-v-plynovom-priemysle\/\"},\"author\":{\"name\":\"miro.sopko\",\"@id\":\"https:\/\/www.smedemokrati.sk\/#\/schema\/person\/21f147c88d605aa7ded900e1e7c344ba\"},\"headline\":\"Exminister hospod\u00e1rstva poukazuje na pozoruhodne v\u00fdsostn\u00e9 postavenie podnikov Daniela K\u0159etinsk\u00e9ho, ktor\u00e9ho spolo\u010dnosti sa anga\u017euj\u00fa v plynovom priemysle\",\"datePublished\":\"2025-07-18T15:36:50+00:00\",\"dateModified\":\"2025-07-18T15:38:04+00:00\",\"mainEntityOfPage\":{\"@id\":\"https:\/\/www.smedemokrati.sk\/exminister-hospodarstva-poukazuje-na-pozoruhodne-vysostne-postavenie-podnikov-daniela-kretinskeho-ktoreho-spolocnosti-sa-angazuju-v-plynovom-priemysle\/\"},\"wordCount\":594,\"publisher\":{\"@id\":\"https:\/\/www.smedemokrati.sk\/#organization\"},\"image\":{\"@id\":\"https:\/\/www.smedemokrati.sk\/exminister-hospodarstva-poukazuje-na-pozoruhodne-vysostne-postavenie-podnikov-daniela-kretinskeho-ktoreho-spolocnosti-sa-angazuju-v-plynovom-priemysle\/#primaryimage\"},\"thumbnailUrl\":\"https:\/\/www.smedemokrati.sk\/wp-content\/uploads\/2023\/03\/KH_web.jpeg\",\"articleSection\":[\"Tla\u010dov\u00e9 spr\u00e1vy\"],\"inLanguage\":\"sv-SE\"},{\"@type\":\"WebPage\",\"@id\":\"https:\/\/www.smedemokrati.sk\/exminister-hospodarstva-poukazuje-na-pozoruhodne-vysostne-postavenie-podnikov-daniela-kretinskeho-ktoreho-spolocnosti-sa-angazuju-v-plynovom-priemysle\/\",\"url\":\"https:\/\/www.smedemokrati.sk\/exminister-hospodarstva-poukazuje-na-pozoruhodne-vysostne-postavenie-podnikov-daniela-kretinskeho-ktoreho-spolocnosti-sa-angazuju-v-plynovom-priemysle\/\",\"name\":\"Exminister hospod\u00e1rstva poukazuje na pozoruhodne v\u00fdsostn\u00e9 postavenie podnikov Daniela K\u0159etinsk\u00e9ho, ktor\u00e9ho spolo\u010dnosti sa anga\u017euj\u00fa v plynovom priemysle\",\"isPartOf\":{\"@id\":\"https:\/\/www.smedemokrati.sk\/#website\"},\"primaryImageOfPage\":{\"@id\":\"https:\/\/www.smedemokrati.sk\/exminister-hospodarstva-poukazuje-na-pozoruhodne-vysostne-postavenie-podnikov-daniela-kretinskeho-ktoreho-spolocnosti-sa-angazuju-v-plynovom-priemysle\/#primaryimage\"},\"image\":{\"@id\":\"https:\/\/www.smedemokrati.sk\/exminister-hospodarstva-poukazuje-na-pozoruhodne-vysostne-postavenie-podnikov-daniela-kretinskeho-ktoreho-spolocnosti-sa-angazuju-v-plynovom-priemysle\/#primaryimage\"},\"thumbnailUrl\":\"https:\/\/www.smedemokrati.sk\/wp-content\/uploads\/2023\/03\/KH_web.jpeg\",\"datePublished\":\"2025-07-18T15:36:50+00:00\",\"dateModified\":\"2025-07-18T15:38:04+00:00\",\"breadcrumb\":{\"@id\":\"https:\/\/www.smedemokrati.sk\/exminister-hospodarstva-poukazuje-na-pozoruhodne-vysostne-postavenie-podnikov-daniela-kretinskeho-ktoreho-spolocnosti-sa-angazuju-v-plynovom-priemysle\/#breadcrumb\"},\"inLanguage\":\"sv-SE\",\"potentialAction\":[{\"@type\":\"ReadAction\",\"target\":[\"https:\/\/www.smedemokrati.sk\/exminister-hospodarstva-poukazuje-na-pozoruhodne-vysostne-postavenie-podnikov-daniela-kretinskeho-ktoreho-spolocnosti-sa-angazuju-v-plynovom-priemysle\/\"]}]},{\"@type\":\"ImageObject\",\"inLanguage\":\"sv-SE\",\"@id\":\"https:\/\/www.smedemokrati.sk\/exminister-hospodarstva-poukazuje-na-pozoruhodne-vysostne-postavenie-podnikov-daniela-kretinskeho-ktoreho-spolocnosti-sa-angazuju-v-plynovom-priemysle\/#primaryimage\",\"url\":\"https:\/\/www.smedemokrati.sk\/wp-content\/uploads\/2023\/03\/KH_web.jpeg\",\"contentUrl\":\"https:\/\/www.smedemokrati.sk\/wp-content\/uploads\/2023\/03\/KH_web.jpeg\",\"width\":1520,\"height\":1080},{\"@type\":\"BreadcrumbList\",\"@id\":\"https:\/\/www.smedemokrati.sk\/exminister-hospodarstva-poukazuje-na-pozoruhodne-vysostne-postavenie-podnikov-daniela-kretinskeho-ktoreho-spolocnosti-sa-angazuju-v-plynovom-priemysle\/#breadcrumb\",\"itemListElement\":[{\"@type\":\"ListItem\",\"position\":1,\"name\":\"Domovsk\u00e1 str\u00e1nka\",\"item\":\"https:\/\/www.smedemokrati.sk\/\"},{\"@type\":\"ListItem\",\"position\":2,\"name\":\"Exminister hospod\u00e1rstva poukazuje na pozoruhodne v\u00fdsostn\u00e9 postavenie podnikov Daniela K\u0159etinsk\u00e9ho, ktor\u00e9ho spolo\u010dnosti sa anga\u017euj\u00fa v plynovom priemysle\"}]},{\"@type\":\"WebSite\",\"@id\":\"https:\/\/www.smedemokrati.sk\/#website\",\"url\":\"https:\/\/www.smedemokrati.sk\/\",\"name\":\"Smedemokrati.sk\",\"description\":\"Demokracia a slu\u0161nos\u0165 zv\u00ed\u0165az\u00ed\",\"publisher\":{\"@id\":\"https:\/\/www.smedemokrati.sk\/#organization\"},\"potentialAction\":[{\"@type\":\"SearchAction\",\"target\":{\"@type\":\"EntryPoint\",\"urlTemplate\":\"https:\/\/www.smedemokrati.sk\/?s={search_term_string}\"},\"query-input\":{\"@type\":\"PropertyValueSpecification\",\"valueRequired\":true,\"valueName\":\"search_term_string\"}}],\"inLanguage\":\"sv-SE\"},{\"@type\":\"Organization\",\"@id\":\"https:\/\/www.smedemokrati.sk\/#organization\",\"name\":\"Smedemokrati.sk\",\"url\":\"https:\/\/www.smedemokrati.sk\/\",\"logo\":{\"@type\":\"ImageObject\",\"inLanguage\":\"sv-SE\",\"@id\":\"https:\/\/www.smedemokrati.sk\/#\/schema\/logo\/image\/\",\"url\":\"https:\/\/www.smedemokrati.sk\/wp-content\/uploads\/2023\/04\/ff.002.jpeg\",\"contentUrl\":\"https:\/\/www.smedemokrati.sk\/wp-content\/uploads\/2023\/04\/ff.002.jpeg\",\"width\":640,\"height\":480,\"caption\":\"Smedemokrati.sk\"},\"image\":{\"@id\":\"https:\/\/www.smedemokrati.sk\/#\/schema\/logo\/image\/\"},\"sameAs\":[\"https:\/\/www.facebook.com\/smedemokrati2023\"]},{\"@type\":\"Person\",\"@id\":\"https:\/\/www.smedemokrati.sk\/#\/schema\/person\/21f147c88d605aa7ded900e1e7c344ba\",\"name\":\"miro.sopko\",\"image\":{\"@type\":\"ImageObject\",\"inLanguage\":\"sv-SE\",\"@id\":\"https:\/\/secure.gravatar.com\/avatar\/267e4a36f704376c109afe3a78740c1f5dd8675a2180a908699e7863c9247606?s=96&d=mm&r=g\",\"url\":\"https:\/\/secure.gravatar.com\/avatar\/267e4a36f704376c109afe3a78740c1f5dd8675a2180a908699e7863c9247606?s=96&d=mm&r=g\",\"contentUrl\":\"https:\/\/secure.gravatar.com\/avatar\/267e4a36f704376c109afe3a78740c1f5dd8675a2180a908699e7863c9247606?s=96&d=mm&r=g\",\"caption\":\"miro.sopko\"},\"url\":\"https:\/\/www.smedemokrati.sk\/sv\/author\/miro-sopko\/\"}]}<\/script>\n<!-- \/ Yoast SEO plugin. -->","yoast_head_json":{"title":"Exminister hospod\u00e1rstva poukazuje na pozoruhodne v\u00fdsostn\u00e9 postavenie podnikov Daniela K\u0159etinsk\u00e9ho, ktor\u00e9ho spolo\u010dnosti sa anga\u017euj\u00fa v plynovom priemysle","robots":{"index":"index","follow":"follow","max-snippet":"max-snippet:-1","max-image-preview":"max-image-preview:large","max-video-preview":"max-video-preview:-1"},"canonical":"https:\/\/www.smedemokrati.sk\/sv\/exminister-hospodarstva-poukazuje-na-pozoruhodne-vysostne-postavenie-podnikov-daniela-kretinskeho-ktoreho-spolocnosti-sa-angazuju-v-plynovom-priemysle\/","og_locale":"sv_SE","og_type":"article","og_title":"[:sk]Exminister hospod\u00e1rstva poukazuje na pozoruhodne v\u00fdsostn\u00e9 postavenie podnikov Daniela K\u0159etinsk\u00e9ho, ktor\u00e9ho spolo\u010dnosti sa anga\u017euj\u00fa v plynovom priemysle[:] - Smedemokrati.sk","og_description":"Ide najm\u00e4 o skupinu EPH, ktor\u00e1 sa po n\u00e1stupe 2. Ficovej vl\u00e1dy e\u0161te v roku 2013 stala akcion\u00e1rom slovensk\u00fdch plyn\u00e1rensk\u00fdch podnikov. Ako povedal Babi\u0161: \u201e\u010co sa \u010dudujete, ve\u010f Fico m\u00e1 spolo\u010dn\u00fd obchod s p\u00e1nom K\u0159etinsk\u00fdm.\u201c \u201eSpolo\u010dnos\u0165 EPH je 49 % vlastn\u00edkom Eustreamu. Premi\u00e9r Fico pla\u010de, \u010do sa stane, ak prestane cez Eustream pr\u00fadi\u0165 rusk\u00fd plyn. [&hellip;]","og_url":"https:\/\/www.smedemokrati.sk\/sv\/exminister-hospodarstva-poukazuje-na-pozoruhodne-vysostne-postavenie-podnikov-daniela-kretinskeho-ktoreho-spolocnosti-sa-angazuju-v-plynovom-priemysle\/","og_site_name":"Smedemokrati.sk","article_publisher":"https:\/\/www.facebook.com\/smedemokrati2023","article_published_time":"2025-07-18T15:36:50+00:00","article_modified_time":"2025-07-18T15:38:04+00:00","og_image":[{"width":1520,"height":1080,"url":"https:\/\/www.smedemokrati.sk\/wp-content\/uploads\/2023\/03\/KH_web.jpeg","type":"image\/jpeg"}],"author":"miro.sopko","twitter_card":"summary_large_image","twitter_misc":{"Skriven av":"miro.sopko","Ber\u00e4knad l\u00e4stid":"3 minuter"},"schema":{"@context":"https:\/\/schema.org","@graph":[{"@type":"Article","@id":"https:\/\/www.smedemokrati.sk\/exminister-hospodarstva-poukazuje-na-pozoruhodne-vysostne-postavenie-podnikov-daniela-kretinskeho-ktoreho-spolocnosti-sa-angazuju-v-plynovom-priemysle\/#article","isPartOf":{"@id":"https:\/\/www.smedemokrati.sk\/exminister-hospodarstva-poukazuje-na-pozoruhodne-vysostne-postavenie-podnikov-daniela-kretinskeho-ktoreho-spolocnosti-sa-angazuju-v-plynovom-priemysle\/"},"author":{"name":"miro.sopko","@id":"https:\/\/www.smedemokrati.sk\/#\/schema\/person\/21f147c88d605aa7ded900e1e7c344ba"},"headline":"Exminister hospod\u00e1rstva poukazuje na pozoruhodne v\u00fdsostn\u00e9 postavenie podnikov Daniela K\u0159etinsk\u00e9ho, ktor\u00e9ho spolo\u010dnosti sa anga\u017euj\u00fa v plynovom priemysle","datePublished":"2025-07-18T15:36:50+00:00","dateModified":"2025-07-18T15:38:04+00:00","mainEntityOfPage":{"@id":"https:\/\/www.smedemokrati.sk\/exminister-hospodarstva-poukazuje-na-pozoruhodne-vysostne-postavenie-podnikov-daniela-kretinskeho-ktoreho-spolocnosti-sa-angazuju-v-plynovom-priemysle\/"},"wordCount":594,"publisher":{"@id":"https:\/\/www.smedemokrati.sk\/#organization"},"image":{"@id":"https:\/\/www.smedemokrati.sk\/exminister-hospodarstva-poukazuje-na-pozoruhodne-vysostne-postavenie-podnikov-daniela-kretinskeho-ktoreho-spolocnosti-sa-angazuju-v-plynovom-priemysle\/#primaryimage"},"thumbnailUrl":"https:\/\/www.smedemokrati.sk\/wp-content\/uploads\/2023\/03\/KH_web.jpeg","articleSection":["Tla\u010dov\u00e9 spr\u00e1vy"],"inLanguage":"sv-SE"},{"@type":"WebPage","@id":"https:\/\/www.smedemokrati.sk\/exminister-hospodarstva-poukazuje-na-pozoruhodne-vysostne-postavenie-podnikov-daniela-kretinskeho-ktoreho-spolocnosti-sa-angazuju-v-plynovom-priemysle\/","url":"https:\/\/www.smedemokrati.sk\/exminister-hospodarstva-poukazuje-na-pozoruhodne-vysostne-postavenie-podnikov-daniela-kretinskeho-ktoreho-spolocnosti-sa-angazuju-v-plynovom-priemysle\/","name":"Exminister hospod\u00e1rstva poukazuje na pozoruhodne v\u00fdsostn\u00e9 postavenie podnikov Daniela K\u0159etinsk\u00e9ho, ktor\u00e9ho spolo\u010dnosti sa anga\u017euj\u00fa v plynovom priemysle","isPartOf":{"@id":"https:\/\/www.smedemokrati.sk\/#website"},"primaryImageOfPage":{"@id":"https:\/\/www.smedemokrati.sk\/exminister-hospodarstva-poukazuje-na-pozoruhodne-vysostne-postavenie-podnikov-daniela-kretinskeho-ktoreho-spolocnosti-sa-angazuju-v-plynovom-priemysle\/#primaryimage"},"image":{"@id":"https:\/\/www.smedemokrati.sk\/exminister-hospodarstva-poukazuje-na-pozoruhodne-vysostne-postavenie-podnikov-daniela-kretinskeho-ktoreho-spolocnosti-sa-angazuju-v-plynovom-priemysle\/#primaryimage"},"thumbnailUrl":"https:\/\/www.smedemokrati.sk\/wp-content\/uploads\/2023\/03\/KH_web.jpeg","datePublished":"2025-07-18T15:36:50+00:00","dateModified":"2025-07-18T15:38:04+00:00","breadcrumb":{"@id":"https:\/\/www.smedemokrati.sk\/exminister-hospodarstva-poukazuje-na-pozoruhodne-vysostne-postavenie-podnikov-daniela-kretinskeho-ktoreho-spolocnosti-sa-angazuju-v-plynovom-priemysle\/#breadcrumb"},"inLanguage":"sv-SE","potentialAction":[{"@type":"ReadAction","target":["https:\/\/www.smedemokrati.sk\/exminister-hospodarstva-poukazuje-na-pozoruhodne-vysostne-postavenie-podnikov-daniela-kretinskeho-ktoreho-spolocnosti-sa-angazuju-v-plynovom-priemysle\/"]}]},{"@type":"ImageObject","inLanguage":"sv-SE","@id":"https:\/\/www.smedemokrati.sk\/exminister-hospodarstva-poukazuje-na-pozoruhodne-vysostne-postavenie-podnikov-daniela-kretinskeho-ktoreho-spolocnosti-sa-angazuju-v-plynovom-priemysle\/#primaryimage","url":"https:\/\/www.smedemokrati.sk\/wp-content\/uploads\/2023\/03\/KH_web.jpeg","contentUrl":"https:\/\/www.smedemokrati.sk\/wp-content\/uploads\/2023\/03\/KH_web.jpeg","width":1520,"height":1080},{"@type":"BreadcrumbList","@id":"https:\/\/www.smedemokrati.sk\/exminister-hospodarstva-poukazuje-na-pozoruhodne-vysostne-postavenie-podnikov-daniela-kretinskeho-ktoreho-spolocnosti-sa-angazuju-v-plynovom-priemysle\/#breadcrumb","itemListElement":[{"@type":"ListItem","position":1,"name":"Domovsk\u00e1 str\u00e1nka","item":"https:\/\/www.smedemokrati.sk\/"},{"@type":"ListItem","position":2,"name":"Exminister hospod\u00e1rstva poukazuje na pozoruhodne v\u00fdsostn\u00e9 postavenie podnikov Daniela K\u0159etinsk\u00e9ho, ktor\u00e9ho spolo\u010dnosti sa anga\u017euj\u00fa v plynovom priemysle"}]},{"@type":"WebSite","@id":"https:\/\/www.smedemokrati.sk\/#website","url":"https:\/\/www.smedemokrati.sk\/","name":"Smedemokrati.sk","description":"Demokracia a slu\u0161nos\u0165 zv\u00ed\u0165az\u00ed","publisher":{"@id":"https:\/\/www.smedemokrati.sk\/#organization"},"potentialAction":[{"@type":"SearchAction","target":{"@type":"EntryPoint","urlTemplate":"https:\/\/www.smedemokrati.sk\/?s={search_term_string}"},"query-input":{"@type":"PropertyValueSpecification","valueRequired":true,"valueName":"search_term_string"}}],"inLanguage":"sv-SE"},{"@type":"Organization","@id":"https:\/\/www.smedemokrati.sk\/#organization","name":"Smedemokrati.sk","url":"https:\/\/www.smedemokrati.sk\/","logo":{"@type":"ImageObject","inLanguage":"sv-SE","@id":"https:\/\/www.smedemokrati.sk\/#\/schema\/logo\/image\/","url":"https:\/\/www.smedemokrati.sk\/wp-content\/uploads\/2023\/04\/ff.002.jpeg","contentUrl":"https:\/\/www.smedemokrati.sk\/wp-content\/uploads\/2023\/04\/ff.002.jpeg","width":640,"height":480,"caption":"Smedemokrati.sk"},"image":{"@id":"https:\/\/www.smedemokrati.sk\/#\/schema\/logo\/image\/"},"sameAs":["https:\/\/www.facebook.com\/smedemokrati2023"]},{"@type":"Person","@id":"https:\/\/www.smedemokrati.sk\/#\/schema\/person\/21f147c88d605aa7ded900e1e7c344ba","name":"miro.sopko","image":{"@type":"ImageObject","inLanguage":"sv-SE","@id":"https:\/\/secure.gravatar.com\/avatar\/267e4a36f704376c109afe3a78740c1f5dd8675a2180a908699e7863c9247606?s=96&d=mm&r=g","url":"https:\/\/secure.gravatar.com\/avatar\/267e4a36f704376c109afe3a78740c1f5dd8675a2180a908699e7863c9247606?s=96&d=mm&r=g","contentUrl":"https:\/\/secure.gravatar.com\/avatar\/267e4a36f704376c109afe3a78740c1f5dd8675a2180a908699e7863c9247606?s=96&d=mm&r=g","caption":"miro.sopko"},"url":"https:\/\/www.smedemokrati.sk\/sv\/author\/miro-sopko\/"}]}},"_links":{"self":[{"href":"https:\/\/www.smedemokrati.sk\/sv\/wp-json\/wp\/v2\/posts\/7715","targetHints":{"allow":["GET"]}}],"collection":[{"href":"https:\/\/www.smedemokrati.sk\/sv\/wp-json\/wp\/v2\/posts"}],"about":[{"href":"https:\/\/www.smedemokrati.sk\/sv\/wp-json\/wp\/v2\/types\/post"}],"author":[{"embeddable":true,"href":"https:\/\/www.smedemokrati.sk\/sv\/wp-json\/wp\/v2\/users\/13"}],"replies":[{"embeddable":true,"href":"https:\/\/www.smedemokrati.sk\/sv\/wp-json\/wp\/v2\/comments?post=7715"}],"version-history":[{"count":2,"href":"https:\/\/www.smedemokrati.sk\/sv\/wp-json\/wp\/v2\/posts\/7715\/revisions"}],"predecessor-version":[{"id":7717,"href":"https:\/\/www.smedemokrati.sk\/sv\/wp-json\/wp\/v2\/posts\/7715\/revisions\/7717"}],"wp:featuredmedia":[{"embeddable":true,"href":"https:\/\/www.smedemokrati.sk\/sv\/wp-json\/wp\/v2\/media\/394"}],"wp:attachment":[{"href":"https:\/\/www.smedemokrati.sk\/sv\/wp-json\/wp\/v2\/media?parent=7715"}],"wp:term":[{"taxonomy":"category","embeddable":true,"href":"https:\/\/www.smedemokrati.sk\/sv\/wp-json\/wp\/v2\/categories?post=7715"},{"taxonomy":"post_tag","embeddable":true,"href":"https:\/\/www.smedemokrati.sk\/sv\/wp-json\/wp\/v2\/tags?post=7715"}],"curies":[{"name":"wp","href":"https:\/\/api.w.org\/{rel}","templated":true}]}}