{"id":7687,"date":"2025-07-11T10:56:10","date_gmt":"2025-07-11T09:56:10","guid":{"rendered":"https:\/\/www.smedemokrati.sk\/?p=7687"},"modified":"2025-07-11T10:56:11","modified_gmt":"2025-07-11T09:56:11","slug":"bud-je-taraba-spoluvinnik-michala-kicu-s-janom-budajom-alebo-sa-nerozumie-eurofondom","status":"publish","type":"post","link":"https:\/\/www.smedemokrati.sk\/sv\/bud-je-taraba-spoluvinnik-michala-kicu-s-janom-budajom-alebo-sa-nerozumie-eurofondom\/","title":{"rendered":"Bu\u010f je Taraba spoluvinn\u00edk Michala Ki\u010du s J\u00e1nom Budajom, alebo sa nerozumie eurofondom"},"content":{"rendered":"<div id=\"fb-root\"><\/div>\n\n<p><strong>Minister \u017eivotn\u00e9ho prostredia Tom\u00e1\u0161 Taraba v snahe prekry\u0165 svoju pasivitu pri zvl\u00e1dan\u00ed \u0161k\u00f4d po veternej smr\u0161ti na v\u00fdchodnom Slovensku, \u00fa\u010delovo za\u00fato\u010dil na predch\u00e1dzaj\u00face vedenie ministerstva a pok\u00fasil sa spoji\u0165 Demokratov s vy\u0161etrovan\u00edm projektu vodoz\u00e1dr\u017en\u00fdch opatren\u00ed v Ko\u0161ickom samospr\u00e1vnom kraji.<\/strong><\/p>\n\n\n\n<p>T\u00e1to snaha je v\u0161ak \u00faplne absurdn\u00e1, samotn\u00fd dodatok k zmluve o poskytnut\u00ed nen\u00e1vratn\u00e9ho finan\u010dn\u00e9ho pr\u00edspevku bol toti\u017e podp\u00edsan\u00fd 21. decembra 2023, a to v mene Tom\u00e1\u0161a Tarabu. Teda u\u017e po\u010das jeho p\u00f4sobenia vo funkcii ministra. Navy\u0161e, obdobie realiz\u00e1cie projektu skon\u010dilo k 31. decembru 2023, pri\u010dom z\u00e1vere\u010dn\u00e9 z\u00fa\u010dtovanie a kontrola boli mo\u017en\u00e9 a\u017e do 30. j\u00fana 2024. Je Taraba potom spoluvinn\u00edk Michala Ki\u010du a J\u00e1na Budaja?<\/p>\n\n\n\n<p><em>\u201eAk by sme aplikovali logiku p\u00e1na Tarabu, vy\u0161etrovanie eur\u00f3pskej prokurat\u00fary by sa t\u00fdkalo pr\u00e1ve jeho vlastn\u00e9ho obdobia. Je nepochopite\u013en\u00e9, \u017ee bu\u010f tomu nerozumie, alebo vedome zav\u00e1dza verejnos\u0165,\u201c<\/em>&nbsp;uviedol Michal Ki\u010da, enviroexpert Demokratov.<\/p>\n\n\n\n<p>Zd\u00f4raz\u0148ujeme, \u017ee v\u00edtame ak\u00e9ko\u013evek preverovanie eurofondov\u00fdch projektov, vr\u00e1tane z\u00e1sahu &#8221;Kolumbia&#8221;. Zodpovednos\u0165 za spr\u00e1vne \u010derpanie nesie predov\u0161etk\u00fdm prij\u00edmate\u013e pomoci. V tomto pr\u00edpade je to Ko\u0161ick\u00fd samospr\u00e1vny kraj a jeho zmluvn\u00ed partneri. Ak do\u0161lo k pochybeniu, je d\u00f4le\u017eit\u00e9, aby boli vyvoden\u00e9 d\u00f4sledky. Ot\u00e1zkou v\u0161ak zost\u00e1va, pre\u010do nekonal samotn\u00fd minister Taraba, ke\u010f mal v\u0161etky n\u00e1stroje na vykonanie kontroly po\u010das rozhoduj\u00faceho obdobia?<\/p>\n\n\n\n<p>Namiesto odbornej reakcie na aktu\u00e1lnu situ\u00e1ciu a vyjadrenia solidarity s obyvate\u013emi v\u00fdchodn\u00e9ho Slovenska, sa Taraba zbabelo uch\u00fdlil k lacnej politiz\u00e1cii podozrenia zo zneu\u017e\u00edvania eurofondov Ko\u0161ick\u00fdm samospr\u00e1vnym krajom, ktorou len pod\u010diarkol svoju nekompetentnos\u0165 a nepochopenie fungovania eurofondov.<\/p>\n\n\n\n<p>Odmietame ak\u00e9ko\u013evek snahy o kriminaliz\u00e1ciu b\u00fdval\u00e9ho vedenia ministerstva bez d\u00f4kazov. Politika by mala st\u00e1\u0165 na faktoch a zodpovednosti, nie na populizme a klamstv\u00e1ch.<\/p>\n","protected":false},"excerpt":{"rendered":"<p>Minister \u017eivotn\u00e9ho prostredia Tom\u00e1\u0161 Taraba v snahe prekry\u0165 svoju pasivitu pri zvl\u00e1dan\u00ed \u0161k\u00f4d po veternej smr\u0161ti na v\u00fdchodnom Slovensku, \u00fa\u010delovo za\u00fato\u010dil na predch\u00e1dzaj\u00face vedenie ministerstva a pok\u00fasil sa spoji\u0165 Demokratov s vy\u0161etrovan\u00edm projektu vodoz\u00e1dr\u017en\u00fdch opatren\u00ed v Ko\u0161ickom samospr\u00e1vnom kraji. T\u00e1to snaha je v\u0161ak \u00faplne absurdn\u00e1, samotn\u00fd dodatok k zmluve o poskytnut\u00ed nen\u00e1vratn\u00e9ho finan\u010dn\u00e9ho pr\u00edspevku bol [&hellip;]<\/p>\n","protected":false},"author":13,"featured_media":385,"comment_status":"closed","ping_status":"closed","sticky":false,"template":"","format":"standard","meta":{"_acf_changed":false,"ngg_post_thumbnail":0,"footnotes":""},"categories":[4],"tags":[],"class_list":["post-7687","post","type-post","status-publish","format-standard","has-post-thumbnail","hentry","category-tlacove-spravy"],"acf":[],"yoast_head":"<!-- This site is optimized with the Yoast SEO plugin v27.2 - https:\/\/yoast.com\/product\/yoast-seo-wordpress\/ -->\n<title>Bu\u010f je Taraba spoluvinn\u00edk Michala Ki\u010du s J\u00e1nom Budajom, alebo sa nerozumie eurofondom<\/title>\n<meta name=\"robots\" content=\"index, follow, max-snippet:-1, max-image-preview:large, max-video-preview:-1\" \/>\n<link rel=\"canonical\" href=\"https:\/\/www.smedemokrati.sk\/sv\/bud-je-taraba-spoluvinnik-michala-kicu-s-janom-budajom-alebo-sa-nerozumie-eurofondom\/\" \/>\n<meta property=\"og:locale\" content=\"sv_SE\" \/>\n<meta property=\"og:locale:alternate\" content=\"en_US\" \/>\n<meta property=\"og:locale:alternate\" content=\"cs_CZ\" \/>\n<meta property=\"og:locale:alternate\" content=\"hu_HU\" \/>\n<meta property=\"og:locale:alternate\" content=\"sk_SK\" \/>\n<meta property=\"og:type\" content=\"article\" \/>\n<meta property=\"og:title\" content=\"Bu\u010f je Taraba spoluvinn\u00edk Michala Ki\u010du s J\u00e1nom Budajom, alebo sa nerozumie eurofondom\" \/>\n<meta property=\"og:description\" content=\"Minister \u017eivotn\u00e9ho prostredia Tom\u00e1\u0161 Taraba v snahe prekry\u0165 svoju pasivitu pri zvl\u00e1dan\u00ed \u0161k\u00f4d po veternej smr\u0161ti na v\u00fdchodnom Slovensku, \u00fa\u010delovo za\u00fato\u010dil na predch\u00e1dzaj\u00face vedenie ministerstva a pok\u00fasil sa spoji\u0165 Demokratov s vy\u0161etrovan\u00edm projektu vodoz\u00e1dr\u017en\u00fdch opatren\u00ed v Ko\u0161ickom samospr\u00e1vnom kraji. T\u00e1to snaha je v\u0161ak \u00faplne absurdn\u00e1, samotn\u00fd dodatok k zmluve o poskytnut\u00ed nen\u00e1vratn\u00e9ho finan\u010dn\u00e9ho pr\u00edspevku bol [&hellip;]\" \/>\n<meta property=\"og:url\" content=\"https:\/\/www.smedemokrati.sk\/sv\/bud-je-taraba-spoluvinnik-michala-kicu-s-janom-budajom-alebo-sa-nerozumie-eurofondom\/\" \/>\n<meta property=\"og:site_name\" content=\"Smedemokrati.sk\" \/>\n<meta property=\"article:publisher\" content=\"https:\/\/www.facebook.com\/smedemokrati2023\" \/>\n<meta property=\"article:published_time\" content=\"2025-07-11T09:56:10+00:00\" \/>\n<meta property=\"article:modified_time\" content=\"2025-07-11T09:56:11+00:00\" \/>\n<meta property=\"og:image\" content=\"https:\/\/www.smedemokrati.sk\/wp-content\/uploads\/2023\/04\/MKica.jpg\" \/>\n\t<meta property=\"og:image:width\" content=\"1520\" \/>\n\t<meta property=\"og:image:height\" content=\"1080\" \/>\n\t<meta property=\"og:image:type\" content=\"image\/jpeg\" \/>\n<meta name=\"author\" content=\"miro.sopko\" \/>\n<meta name=\"twitter:card\" content=\"summary_large_image\" \/>\n<meta name=\"twitter:label1\" content=\"Skriven av\" \/>\n\t<meta name=\"twitter:data1\" content=\"miro.sopko\" \/>\n\t<meta name=\"twitter:label2\" content=\"Ber\u00e4knad l\u00e4stid\" \/>\n\t<meta name=\"twitter:data2\" content=\"2 minuter\" \/>\n<script type=\"application\/ld+json\" class=\"yoast-schema-graph\">{\"@context\":\"https:\/\/schema.org\",\"@graph\":[{\"@type\":\"Article\",\"@id\":\"https:\/\/www.smedemokrati.sk\/bud-je-taraba-spoluvinnik-michala-kicu-s-janom-budajom-alebo-sa-nerozumie-eurofondom\/#article\",\"isPartOf\":{\"@id\":\"https:\/\/www.smedemokrati.sk\/bud-je-taraba-spoluvinnik-michala-kicu-s-janom-budajom-alebo-sa-nerozumie-eurofondom\/\"},\"author\":{\"name\":\"miro.sopko\",\"@id\":\"https:\/\/www.smedemokrati.sk\/#\/schema\/person\/21f147c88d605aa7ded900e1e7c344ba\"},\"headline\":\"Bu\u010f je Taraba spoluvinn\u00edk Michala Ki\u010du s J\u00e1nom Budajom, alebo sa nerozumie eurofondom\",\"datePublished\":\"2025-07-11T09:56:10+00:00\",\"dateModified\":\"2025-07-11T09:56:11+00:00\",\"mainEntityOfPage\":{\"@id\":\"https:\/\/www.smedemokrati.sk\/bud-je-taraba-spoluvinnik-michala-kicu-s-janom-budajom-alebo-sa-nerozumie-eurofondom\/\"},\"wordCount\":362,\"publisher\":{\"@id\":\"https:\/\/www.smedemokrati.sk\/#organization\"},\"image\":{\"@id\":\"https:\/\/www.smedemokrati.sk\/bud-je-taraba-spoluvinnik-michala-kicu-s-janom-budajom-alebo-sa-nerozumie-eurofondom\/#primaryimage\"},\"thumbnailUrl\":\"https:\/\/www.smedemokrati.sk\/wp-content\/uploads\/2023\/04\/MKica.jpg\",\"articleSection\":[\"Tla\u010dov\u00e9 spr\u00e1vy\"],\"inLanguage\":\"sv-SE\"},{\"@type\":\"WebPage\",\"@id\":\"https:\/\/www.smedemokrati.sk\/bud-je-taraba-spoluvinnik-michala-kicu-s-janom-budajom-alebo-sa-nerozumie-eurofondom\/\",\"url\":\"https:\/\/www.smedemokrati.sk\/bud-je-taraba-spoluvinnik-michala-kicu-s-janom-budajom-alebo-sa-nerozumie-eurofondom\/\",\"name\":\"Bu\u010f je Taraba spoluvinn\u00edk Michala Ki\u010du s J\u00e1nom Budajom, alebo sa nerozumie eurofondom\",\"isPartOf\":{\"@id\":\"https:\/\/www.smedemokrati.sk\/#website\"},\"primaryImageOfPage\":{\"@id\":\"https:\/\/www.smedemokrati.sk\/bud-je-taraba-spoluvinnik-michala-kicu-s-janom-budajom-alebo-sa-nerozumie-eurofondom\/#primaryimage\"},\"image\":{\"@id\":\"https:\/\/www.smedemokrati.sk\/bud-je-taraba-spoluvinnik-michala-kicu-s-janom-budajom-alebo-sa-nerozumie-eurofondom\/#primaryimage\"},\"thumbnailUrl\":\"https:\/\/www.smedemokrati.sk\/wp-content\/uploads\/2023\/04\/MKica.jpg\",\"datePublished\":\"2025-07-11T09:56:10+00:00\",\"dateModified\":\"2025-07-11T09:56:11+00:00\",\"breadcrumb\":{\"@id\":\"https:\/\/www.smedemokrati.sk\/bud-je-taraba-spoluvinnik-michala-kicu-s-janom-budajom-alebo-sa-nerozumie-eurofondom\/#breadcrumb\"},\"inLanguage\":\"sv-SE\",\"potentialAction\":[{\"@type\":\"ReadAction\",\"target\":[\"https:\/\/www.smedemokrati.sk\/bud-je-taraba-spoluvinnik-michala-kicu-s-janom-budajom-alebo-sa-nerozumie-eurofondom\/\"]}]},{\"@type\":\"ImageObject\",\"inLanguage\":\"sv-SE\",\"@id\":\"https:\/\/www.smedemokrati.sk\/bud-je-taraba-spoluvinnik-michala-kicu-s-janom-budajom-alebo-sa-nerozumie-eurofondom\/#primaryimage\",\"url\":\"https:\/\/www.smedemokrati.sk\/wp-content\/uploads\/2023\/04\/MKica.jpg\",\"contentUrl\":\"https:\/\/www.smedemokrati.sk\/wp-content\/uploads\/2023\/04\/MKica.jpg\",\"width\":1520,\"height\":1080},{\"@type\":\"BreadcrumbList\",\"@id\":\"https:\/\/www.smedemokrati.sk\/bud-je-taraba-spoluvinnik-michala-kicu-s-janom-budajom-alebo-sa-nerozumie-eurofondom\/#breadcrumb\",\"itemListElement\":[{\"@type\":\"ListItem\",\"position\":1,\"name\":\"Domovsk\u00e1 str\u00e1nka\",\"item\":\"https:\/\/www.smedemokrati.sk\/\"},{\"@type\":\"ListItem\",\"position\":2,\"name\":\"Bu\u010f je Taraba spoluvinn\u00edk Michala Ki\u010du s J\u00e1nom Budajom, alebo sa nerozumie eurofondom\"}]},{\"@type\":\"WebSite\",\"@id\":\"https:\/\/www.smedemokrati.sk\/#website\",\"url\":\"https:\/\/www.smedemokrati.sk\/\",\"name\":\"Smedemokrati.sk\",\"description\":\"Demokracia a slu\u0161nos\u0165 zv\u00ed\u0165az\u00ed\",\"publisher\":{\"@id\":\"https:\/\/www.smedemokrati.sk\/#organization\"},\"potentialAction\":[{\"@type\":\"SearchAction\",\"target\":{\"@type\":\"EntryPoint\",\"urlTemplate\":\"https:\/\/www.smedemokrati.sk\/?s={search_term_string}\"},\"query-input\":{\"@type\":\"PropertyValueSpecification\",\"valueRequired\":true,\"valueName\":\"search_term_string\"}}],\"inLanguage\":\"sv-SE\"},{\"@type\":\"Organization\",\"@id\":\"https:\/\/www.smedemokrati.sk\/#organization\",\"name\":\"Smedemokrati.sk\",\"url\":\"https:\/\/www.smedemokrati.sk\/\",\"logo\":{\"@type\":\"ImageObject\",\"inLanguage\":\"sv-SE\",\"@id\":\"https:\/\/www.smedemokrati.sk\/#\/schema\/logo\/image\/\",\"url\":\"https:\/\/www.smedemokrati.sk\/wp-content\/uploads\/2023\/04\/ff.002.jpeg\",\"contentUrl\":\"https:\/\/www.smedemokrati.sk\/wp-content\/uploads\/2023\/04\/ff.002.jpeg\",\"width\":640,\"height\":480,\"caption\":\"Smedemokrati.sk\"},\"image\":{\"@id\":\"https:\/\/www.smedemokrati.sk\/#\/schema\/logo\/image\/\"},\"sameAs\":[\"https:\/\/www.facebook.com\/smedemokrati2023\"]},{\"@type\":\"Person\",\"@id\":\"https:\/\/www.smedemokrati.sk\/#\/schema\/person\/21f147c88d605aa7ded900e1e7c344ba\",\"name\":\"miro.sopko\",\"image\":{\"@type\":\"ImageObject\",\"inLanguage\":\"sv-SE\",\"@id\":\"https:\/\/secure.gravatar.com\/avatar\/267e4a36f704376c109afe3a78740c1f5dd8675a2180a908699e7863c9247606?s=96&d=mm&r=g\",\"url\":\"https:\/\/secure.gravatar.com\/avatar\/267e4a36f704376c109afe3a78740c1f5dd8675a2180a908699e7863c9247606?s=96&d=mm&r=g\",\"contentUrl\":\"https:\/\/secure.gravatar.com\/avatar\/267e4a36f704376c109afe3a78740c1f5dd8675a2180a908699e7863c9247606?s=96&d=mm&r=g\",\"caption\":\"miro.sopko\"},\"url\":\"https:\/\/www.smedemokrati.sk\/sv\/author\/miro-sopko\/\"}]}<\/script>\n<!-- \/ Yoast SEO plugin. -->","yoast_head_json":{"title":"Bu\u010f je Taraba spoluvinn\u00edk Michala Ki\u010du s J\u00e1nom Budajom, alebo sa nerozumie eurofondom","robots":{"index":"index","follow":"follow","max-snippet":"max-snippet:-1","max-image-preview":"max-image-preview:large","max-video-preview":"max-video-preview:-1"},"canonical":"https:\/\/www.smedemokrati.sk\/sv\/bud-je-taraba-spoluvinnik-michala-kicu-s-janom-budajom-alebo-sa-nerozumie-eurofondom\/","og_locale":"sv_SE","og_type":"article","og_title":"[:sk]Bu\u010f je Taraba spoluvinn\u00edk Michala Ki\u010du s J\u00e1nom Budajom, alebo sa nerozumie eurofondom[:] - Smedemokrati.sk","og_description":"Minister \u017eivotn\u00e9ho prostredia Tom\u00e1\u0161 Taraba v snahe prekry\u0165 svoju pasivitu pri zvl\u00e1dan\u00ed \u0161k\u00f4d po veternej smr\u0161ti na v\u00fdchodnom Slovensku, \u00fa\u010delovo za\u00fato\u010dil na predch\u00e1dzaj\u00face vedenie ministerstva a pok\u00fasil sa spoji\u0165 Demokratov s vy\u0161etrovan\u00edm projektu vodoz\u00e1dr\u017en\u00fdch opatren\u00ed v Ko\u0161ickom samospr\u00e1vnom kraji. T\u00e1to snaha je v\u0161ak \u00faplne absurdn\u00e1, samotn\u00fd dodatok k zmluve o poskytnut\u00ed nen\u00e1vratn\u00e9ho finan\u010dn\u00e9ho pr\u00edspevku bol [&hellip;]","og_url":"https:\/\/www.smedemokrati.sk\/sv\/bud-je-taraba-spoluvinnik-michala-kicu-s-janom-budajom-alebo-sa-nerozumie-eurofondom\/","og_site_name":"Smedemokrati.sk","article_publisher":"https:\/\/www.facebook.com\/smedemokrati2023","article_published_time":"2025-07-11T09:56:10+00:00","article_modified_time":"2025-07-11T09:56:11+00:00","og_image":[{"width":1520,"height":1080,"url":"https:\/\/www.smedemokrati.sk\/wp-content\/uploads\/2023\/04\/MKica.jpg","type":"image\/jpeg"}],"author":"miro.sopko","twitter_card":"summary_large_image","twitter_misc":{"Skriven av":"miro.sopko","Ber\u00e4knad l\u00e4stid":"2 minuter"},"schema":{"@context":"https:\/\/schema.org","@graph":[{"@type":"Article","@id":"https:\/\/www.smedemokrati.sk\/bud-je-taraba-spoluvinnik-michala-kicu-s-janom-budajom-alebo-sa-nerozumie-eurofondom\/#article","isPartOf":{"@id":"https:\/\/www.smedemokrati.sk\/bud-je-taraba-spoluvinnik-michala-kicu-s-janom-budajom-alebo-sa-nerozumie-eurofondom\/"},"author":{"name":"miro.sopko","@id":"https:\/\/www.smedemokrati.sk\/#\/schema\/person\/21f147c88d605aa7ded900e1e7c344ba"},"headline":"Bu\u010f je Taraba spoluvinn\u00edk Michala Ki\u010du s J\u00e1nom Budajom, alebo sa nerozumie eurofondom","datePublished":"2025-07-11T09:56:10+00:00","dateModified":"2025-07-11T09:56:11+00:00","mainEntityOfPage":{"@id":"https:\/\/www.smedemokrati.sk\/bud-je-taraba-spoluvinnik-michala-kicu-s-janom-budajom-alebo-sa-nerozumie-eurofondom\/"},"wordCount":362,"publisher":{"@id":"https:\/\/www.smedemokrati.sk\/#organization"},"image":{"@id":"https:\/\/www.smedemokrati.sk\/bud-je-taraba-spoluvinnik-michala-kicu-s-janom-budajom-alebo-sa-nerozumie-eurofondom\/#primaryimage"},"thumbnailUrl":"https:\/\/www.smedemokrati.sk\/wp-content\/uploads\/2023\/04\/MKica.jpg","articleSection":["Tla\u010dov\u00e9 spr\u00e1vy"],"inLanguage":"sv-SE"},{"@type":"WebPage","@id":"https:\/\/www.smedemokrati.sk\/bud-je-taraba-spoluvinnik-michala-kicu-s-janom-budajom-alebo-sa-nerozumie-eurofondom\/","url":"https:\/\/www.smedemokrati.sk\/bud-je-taraba-spoluvinnik-michala-kicu-s-janom-budajom-alebo-sa-nerozumie-eurofondom\/","name":"Bu\u010f je Taraba spoluvinn\u00edk Michala Ki\u010du s J\u00e1nom Budajom, alebo sa nerozumie eurofondom","isPartOf":{"@id":"https:\/\/www.smedemokrati.sk\/#website"},"primaryImageOfPage":{"@id":"https:\/\/www.smedemokrati.sk\/bud-je-taraba-spoluvinnik-michala-kicu-s-janom-budajom-alebo-sa-nerozumie-eurofondom\/#primaryimage"},"image":{"@id":"https:\/\/www.smedemokrati.sk\/bud-je-taraba-spoluvinnik-michala-kicu-s-janom-budajom-alebo-sa-nerozumie-eurofondom\/#primaryimage"},"thumbnailUrl":"https:\/\/www.smedemokrati.sk\/wp-content\/uploads\/2023\/04\/MKica.jpg","datePublished":"2025-07-11T09:56:10+00:00","dateModified":"2025-07-11T09:56:11+00:00","breadcrumb":{"@id":"https:\/\/www.smedemokrati.sk\/bud-je-taraba-spoluvinnik-michala-kicu-s-janom-budajom-alebo-sa-nerozumie-eurofondom\/#breadcrumb"},"inLanguage":"sv-SE","potentialAction":[{"@type":"ReadAction","target":["https:\/\/www.smedemokrati.sk\/bud-je-taraba-spoluvinnik-michala-kicu-s-janom-budajom-alebo-sa-nerozumie-eurofondom\/"]}]},{"@type":"ImageObject","inLanguage":"sv-SE","@id":"https:\/\/www.smedemokrati.sk\/bud-je-taraba-spoluvinnik-michala-kicu-s-janom-budajom-alebo-sa-nerozumie-eurofondom\/#primaryimage","url":"https:\/\/www.smedemokrati.sk\/wp-content\/uploads\/2023\/04\/MKica.jpg","contentUrl":"https:\/\/www.smedemokrati.sk\/wp-content\/uploads\/2023\/04\/MKica.jpg","width":1520,"height":1080},{"@type":"BreadcrumbList","@id":"https:\/\/www.smedemokrati.sk\/bud-je-taraba-spoluvinnik-michala-kicu-s-janom-budajom-alebo-sa-nerozumie-eurofondom\/#breadcrumb","itemListElement":[{"@type":"ListItem","position":1,"name":"Domovsk\u00e1 str\u00e1nka","item":"https:\/\/www.smedemokrati.sk\/"},{"@type":"ListItem","position":2,"name":"Bu\u010f je Taraba spoluvinn\u00edk Michala Ki\u010du s J\u00e1nom Budajom, alebo sa nerozumie eurofondom"}]},{"@type":"WebSite","@id":"https:\/\/www.smedemokrati.sk\/#website","url":"https:\/\/www.smedemokrati.sk\/","name":"Smedemokrati.sk","description":"Demokracia a slu\u0161nos\u0165 zv\u00ed\u0165az\u00ed","publisher":{"@id":"https:\/\/www.smedemokrati.sk\/#organization"},"potentialAction":[{"@type":"SearchAction","target":{"@type":"EntryPoint","urlTemplate":"https:\/\/www.smedemokrati.sk\/?s={search_term_string}"},"query-input":{"@type":"PropertyValueSpecification","valueRequired":true,"valueName":"search_term_string"}}],"inLanguage":"sv-SE"},{"@type":"Organization","@id":"https:\/\/www.smedemokrati.sk\/#organization","name":"Smedemokrati.sk","url":"https:\/\/www.smedemokrati.sk\/","logo":{"@type":"ImageObject","inLanguage":"sv-SE","@id":"https:\/\/www.smedemokrati.sk\/#\/schema\/logo\/image\/","url":"https:\/\/www.smedemokrati.sk\/wp-content\/uploads\/2023\/04\/ff.002.jpeg","contentUrl":"https:\/\/www.smedemokrati.sk\/wp-content\/uploads\/2023\/04\/ff.002.jpeg","width":640,"height":480,"caption":"Smedemokrati.sk"},"image":{"@id":"https:\/\/www.smedemokrati.sk\/#\/schema\/logo\/image\/"},"sameAs":["https:\/\/www.facebook.com\/smedemokrati2023"]},{"@type":"Person","@id":"https:\/\/www.smedemokrati.sk\/#\/schema\/person\/21f147c88d605aa7ded900e1e7c344ba","name":"miro.sopko","image":{"@type":"ImageObject","inLanguage":"sv-SE","@id":"https:\/\/secure.gravatar.com\/avatar\/267e4a36f704376c109afe3a78740c1f5dd8675a2180a908699e7863c9247606?s=96&d=mm&r=g","url":"https:\/\/secure.gravatar.com\/avatar\/267e4a36f704376c109afe3a78740c1f5dd8675a2180a908699e7863c9247606?s=96&d=mm&r=g","contentUrl":"https:\/\/secure.gravatar.com\/avatar\/267e4a36f704376c109afe3a78740c1f5dd8675a2180a908699e7863c9247606?s=96&d=mm&r=g","caption":"miro.sopko"},"url":"https:\/\/www.smedemokrati.sk\/sv\/author\/miro-sopko\/"}]}},"_links":{"self":[{"href":"https:\/\/www.smedemokrati.sk\/sv\/wp-json\/wp\/v2\/posts\/7687","targetHints":{"allow":["GET"]}}],"collection":[{"href":"https:\/\/www.smedemokrati.sk\/sv\/wp-json\/wp\/v2\/posts"}],"about":[{"href":"https:\/\/www.smedemokrati.sk\/sv\/wp-json\/wp\/v2\/types\/post"}],"author":[{"embeddable":true,"href":"https:\/\/www.smedemokrati.sk\/sv\/wp-json\/wp\/v2\/users\/13"}],"replies":[{"embeddable":true,"href":"https:\/\/www.smedemokrati.sk\/sv\/wp-json\/wp\/v2\/comments?post=7687"}],"version-history":[{"count":1,"href":"https:\/\/www.smedemokrati.sk\/sv\/wp-json\/wp\/v2\/posts\/7687\/revisions"}],"predecessor-version":[{"id":7688,"href":"https:\/\/www.smedemokrati.sk\/sv\/wp-json\/wp\/v2\/posts\/7687\/revisions\/7688"}],"wp:featuredmedia":[{"embeddable":true,"href":"https:\/\/www.smedemokrati.sk\/sv\/wp-json\/wp\/v2\/media\/385"}],"wp:attachment":[{"href":"https:\/\/www.smedemokrati.sk\/sv\/wp-json\/wp\/v2\/media?parent=7687"}],"wp:term":[{"taxonomy":"category","embeddable":true,"href":"https:\/\/www.smedemokrati.sk\/sv\/wp-json\/wp\/v2\/categories?post=7687"},{"taxonomy":"post_tag","embeddable":true,"href":"https:\/\/www.smedemokrati.sk\/sv\/wp-json\/wp\/v2\/tags?post=7687"}],"curies":[{"name":"wp","href":"https:\/\/api.w.org\/{rel}","templated":true}]}}