{"id":7683,"date":"2025-07-10T13:18:38","date_gmt":"2025-07-10T12:18:38","guid":{"rendered":"https:\/\/www.smedemokrati.sk\/?p=7683"},"modified":"2025-07-10T13:21:45","modified_gmt":"2025-07-10T12:21:45","slug":"fico-a-jeho-regulator-pripravuju-energeticku-nespravodlivost","status":"publish","type":"post","link":"https:\/\/www.smedemokrati.sk\/sv\/fico-a-jeho-regulator-pripravuju-energeticku-nespravodlivost\/","title":{"rendered":"Fico a jeho regul\u00e1tor pripravuj\u00fa energetick\u00fa nespravodlivos\u0165"},"content":{"rendered":"<div id=\"fb-root\"><\/div>\n\n<p><strong>Viacdetn\u00e9 a viacgenera\u010dn\u00e9 rodiny a najm\u00e4 v\u0161etky dom\u00e1cnosti na severe Slovenska sa musia pripravi\u0165 na prudk\u00fd n\u00e1rast cien energi\u00ed. D\u00f4vodom je pripravovan\u00e1 nov\u00e1 cenov\u00e1 regul\u00e1cia zo strany \u00daradu pre regul\u00e1ciu sie\u0165ov\u00fdch odvetv\u00ed (\u00daRSO), ktor\u00e9ho \u010deln\u00ed predstavitelia boli dosaden\u00ed Ficovou vl\u00e1dou.<br><\/strong><br><em>\u201e\u00daRSO pripravuje n\u00e1vrh, pod\u013ea ktor\u00e9ho by od janu\u00e1ra 2026 dom\u00e1cnosti platili za elektrinu a plyn t\u00fdm viac, \u010d\u00edm v\u00e4\u010d\u0161\u00ed bude ich celkov\u00fd odber. Pod\u013ea \u0161\u00e9fa \u00daRSO Holjen\u010d\u00edka je to vraj \u2018soci\u00e1lne spravodlivej\u0161ie\u2019. Je to v\u0161ak odborne aj soci\u00e1lne \u00fapln\u00fd nezmysel,\u201c<\/em>&nbsp;vyhl\u00e1sil exminister hospod\u00e1rstva Karel Hirman (Demokrati).<\/p>\n\n\n\n<p>Pod\u013ea Hirmana nov\u00fd n\u00e1vrh potrest\u00e1 presne tie dom\u00e1cnosti, ktor\u00e9 s\u00fa najviac zranite\u013en\u00e9 viacpo\u010detn\u00e9 rodiny a dom\u00e1cnosti v chladnej\u0161\u00edch klimatick\u00fdch oblastiach&nbsp;<em>\u201eZ\u00e1kladn\u00fdm ekonomick\u00fdm pravidlom je, \u017ee \u010d\u00edm viac odober\u00e1te, t\u00fdm ni\u017e\u0161iu jednotkov\u00fa cenu by ste mali ma\u0165. Tento n\u00e1vrh rob\u00ed prav\u00fd opak a trest\u00e1 v\u00e1s za to, \u017ee m\u00e1te ve\u013ek\u00fa rodinu alebo b\u00fdvate na severe, kde v zime mrzne,\u201c&nbsp;<\/em>povedal b\u00fdval\u00fd minister.<\/p>\n\n\n\n<p>Hirman pova\u017euje n\u00e1vrh \u00daRSO za soci\u00e1lne necitliv\u00fd a odborn\u00e9 zlyhanie. Upozor\u0148uje, \u017ee spotreba energi\u00ed nez\u00e1vis\u00ed len od \u017eivotn\u00e9ho \u0161t\u00fdlu, ale najm\u00e4 od po\u010dtu \u010dlenov v dom\u00e1cnosti, klimatick\u00fdch podmienok a mo\u017enost\u00ed investova\u0165 do \u00fasporn\u00fdch opatren\u00ed:&nbsp;<em>\u201eStava\u0165 soci\u00e1lnu energetick\u00fa politiku na v\u00fd\u0161ke spotreby je d\u00f4kazom neznalosti reality. Nie ka\u017ed\u00fd, kto m\u00e1 vy\u0161\u0161iu spotrebu, je zbohatl\u00edk s baz\u00e9nom. M\u00f4\u017ee \u00eds\u0165 o p\u00e4\u0165\u010dlenn\u00fa rodinu v dome na Orave, ktor\u00e1 si nem\u00f4\u017ee dovoli\u0165 zateplenie alebo tepeln\u00e9 \u010derpadlo,\u201c<\/em>&nbsp;dodal Hirman.<\/p>\n\n\n\n<p>Za mimoriadne nebezpe\u010dn\u00e9 ozna\u010dil aj vyjadrenie predsedu \u00daRSO Holjen\u010d\u00edka, ktor\u00fd svoj n\u00e1vrh od\u00f4vodnil \u00fadajnou \u201eekonomickou samovra\u017edou Eur\u00f3py\u201c po odpojen\u00ed sa od rusk\u00fdch energi\u00ed.<\/p>\n\n\n\n<p><em>\u201eTvrdi\u0165, \u017ee bez rusk\u00e9ho plynu p\u00e1chame ekonomick\u00fa samovra\u017edu, je \u010dist\u00e1 politick\u00e1 propaganda. Dne\u0161n\u00e1 cena plynu na trhu je desa\u0165n\u00e1sobne ni\u017e\u0161ia ako v \u010dase, ke\u010f rusk\u00fd plyn pr\u00fadil cez Ukrajinu. Holjen\u010d\u00edk nepracuje s faktami, ale \u0161\u00edri \u00fa\u010delov\u00e9 klamstv\u00e1. A navy\u0161e, svoj\u00edm n\u00e1vrhom m\u00f4\u017ee skuto\u010dne vyvola\u0165 n\u00e1rast energetickej chudoby,\u201c<\/em>&nbsp;uzavrel Hirman.<\/p>\n\n\n<div class=\"fb-video\" data-href=\"https:\/\/fb.watch\/ALpEgXN-jA\" data-allowfullscreen=\"true\" data-autoplay=\"false\" data-width=\"\" data-show-text=\"false\" data-show-captions=\"true\"><\/div>\n","protected":false},"excerpt":{"rendered":"<p>Viacdetn\u00e9 a viacgenera\u010dn\u00e9 rodiny a najm\u00e4 v\u0161etky dom\u00e1cnosti na severe Slovenska sa musia pripravi\u0165 na prudk\u00fd n\u00e1rast cien energi\u00ed. D\u00f4vodom je pripravovan\u00e1 nov\u00e1 cenov\u00e1 regul\u00e1cia zo strany \u00daradu pre regul\u00e1ciu sie\u0165ov\u00fdch odvetv\u00ed (\u00daRSO), ktor\u00e9ho \u010deln\u00ed predstavitelia boli dosaden\u00ed Ficovou vl\u00e1dou.\u201e\u00daRSO pripravuje n\u00e1vrh, pod\u013ea ktor\u00e9ho by od janu\u00e1ra 2026 dom\u00e1cnosti platili za elektrinu a plyn t\u00fdm [&hellip;]<\/p>\n","protected":false},"author":13,"featured_media":7684,"comment_status":"closed","ping_status":"closed","sticky":false,"template":"","format":"standard","meta":{"_acf_changed":false,"ngg_post_thumbnail":0,"footnotes":""},"categories":[4],"tags":[],"class_list":["post-7683","post","type-post","status-publish","format-standard","has-post-thumbnail","hentry","category-tlacove-spravy"],"acf":[],"yoast_head":"<!-- This site is optimized with the Yoast SEO plugin v27.2 - https:\/\/yoast.com\/product\/yoast-seo-wordpress\/ -->\n<title>Fico a jeho regul\u00e1tor pripravuj\u00fa energetick\u00fa nespravodlivos\u0165<\/title>\n<meta name=\"robots\" content=\"index, follow, max-snippet:-1, max-image-preview:large, max-video-preview:-1\" \/>\n<link rel=\"canonical\" href=\"https:\/\/www.smedemokrati.sk\/sv\/fico-a-jeho-regulator-pripravuju-energeticku-nespravodlivost\/\" \/>\n<meta property=\"og:locale\" content=\"sv_SE\" \/>\n<meta property=\"og:locale:alternate\" content=\"en_US\" \/>\n<meta property=\"og:locale:alternate\" content=\"cs_CZ\" \/>\n<meta property=\"og:locale:alternate\" content=\"hu_HU\" \/>\n<meta property=\"og:locale:alternate\" content=\"sk_SK\" \/>\n<meta property=\"og:type\" content=\"article\" \/>\n<meta property=\"og:title\" content=\"Fico a jeho regul\u00e1tor pripravuj\u00fa energetick\u00fa nespravodlivos\u0165\" \/>\n<meta property=\"og:description\" content=\"Viacdetn\u00e9 a viacgenera\u010dn\u00e9 rodiny a najm\u00e4 v\u0161etky dom\u00e1cnosti na severe Slovenska sa musia pripravi\u0165 na prudk\u00fd n\u00e1rast cien energi\u00ed. D\u00f4vodom je pripravovan\u00e1 nov\u00e1 cenov\u00e1 regul\u00e1cia zo strany \u00daradu pre regul\u00e1ciu sie\u0165ov\u00fdch odvetv\u00ed (\u00daRSO), ktor\u00e9ho \u010deln\u00ed predstavitelia boli dosaden\u00ed Ficovou vl\u00e1dou.\u201e\u00daRSO pripravuje n\u00e1vrh, pod\u013ea ktor\u00e9ho by od janu\u00e1ra 2026 dom\u00e1cnosti platili za elektrinu a plyn t\u00fdm [&hellip;]\" \/>\n<meta property=\"og:url\" content=\"https:\/\/www.smedemokrati.sk\/sv\/fico-a-jeho-regulator-pripravuju-energeticku-nespravodlivost\/\" \/>\n<meta property=\"og:site_name\" content=\"Smedemokrati.sk\" \/>\n<meta property=\"article:publisher\" content=\"https:\/\/www.facebook.com\/smedemokrati2023\" \/>\n<meta property=\"article:published_time\" content=\"2025-07-10T12:18:38+00:00\" \/>\n<meta property=\"article:modified_time\" content=\"2025-07-10T12:21:45+00:00\" \/>\n<meta property=\"og:image\" content=\"https:\/\/www.smedemokrati.sk\/wp-content\/uploads\/2025\/07\/2025-07-10-14_17_11-1-Facebook-e1752149907815.jpg\" \/>\n\t<meta property=\"og:image:width\" content=\"1288\" \/>\n\t<meta property=\"og:image:height\" content=\"847\" \/>\n\t<meta property=\"og:image:type\" content=\"image\/jpeg\" \/>\n<meta name=\"author\" content=\"miro.sopko\" \/>\n<meta name=\"twitter:card\" content=\"summary_large_image\" \/>\n<meta name=\"twitter:label1\" content=\"Skriven av\" \/>\n\t<meta name=\"twitter:data1\" content=\"miro.sopko\" \/>\n\t<meta name=\"twitter:label2\" content=\"Ber\u00e4knad l\u00e4stid\" \/>\n\t<meta name=\"twitter:data2\" content=\"2 minuter\" \/>\n<script type=\"application\/ld+json\" class=\"yoast-schema-graph\">{\"@context\":\"https:\/\/schema.org\",\"@graph\":[{\"@type\":\"Article\",\"@id\":\"https:\/\/www.smedemokrati.sk\/fico-a-jeho-regulator-pripravuju-energeticku-nespravodlivost\/#article\",\"isPartOf\":{\"@id\":\"https:\/\/www.smedemokrati.sk\/fico-a-jeho-regulator-pripravuju-energeticku-nespravodlivost\/\"},\"author\":{\"name\":\"miro.sopko\",\"@id\":\"https:\/\/www.smedemokrati.sk\/#\/schema\/person\/21f147c88d605aa7ded900e1e7c344ba\"},\"headline\":\"Fico a jeho regul\u00e1tor pripravuj\u00fa energetick\u00fa nespravodlivos\u0165\",\"datePublished\":\"2025-07-10T12:18:38+00:00\",\"dateModified\":\"2025-07-10T12:21:45+00:00\",\"mainEntityOfPage\":{\"@id\":\"https:\/\/www.smedemokrati.sk\/fico-a-jeho-regulator-pripravuju-energeticku-nespravodlivost\/\"},\"wordCount\":406,\"publisher\":{\"@id\":\"https:\/\/www.smedemokrati.sk\/#organization\"},\"image\":{\"@id\":\"https:\/\/www.smedemokrati.sk\/fico-a-jeho-regulator-pripravuju-energeticku-nespravodlivost\/#primaryimage\"},\"thumbnailUrl\":\"https:\/\/www.smedemokrati.sk\/wp-content\/uploads\/2025\/07\/2025-07-10-14_17_11-1-Facebook-e1752149907815.jpg\",\"articleSection\":[\"Tla\u010dov\u00e9 spr\u00e1vy\"],\"inLanguage\":\"sv-SE\"},{\"@type\":\"WebPage\",\"@id\":\"https:\/\/www.smedemokrati.sk\/fico-a-jeho-regulator-pripravuju-energeticku-nespravodlivost\/\",\"url\":\"https:\/\/www.smedemokrati.sk\/fico-a-jeho-regulator-pripravuju-energeticku-nespravodlivost\/\",\"name\":\"Fico a jeho regul\u00e1tor pripravuj\u00fa energetick\u00fa nespravodlivos\u0165\",\"isPartOf\":{\"@id\":\"https:\/\/www.smedemokrati.sk\/#website\"},\"primaryImageOfPage\":{\"@id\":\"https:\/\/www.smedemokrati.sk\/fico-a-jeho-regulator-pripravuju-energeticku-nespravodlivost\/#primaryimage\"},\"image\":{\"@id\":\"https:\/\/www.smedemokrati.sk\/fico-a-jeho-regulator-pripravuju-energeticku-nespravodlivost\/#primaryimage\"},\"thumbnailUrl\":\"https:\/\/www.smedemokrati.sk\/wp-content\/uploads\/2025\/07\/2025-07-10-14_17_11-1-Facebook-e1752149907815.jpg\",\"datePublished\":\"2025-07-10T12:18:38+00:00\",\"dateModified\":\"2025-07-10T12:21:45+00:00\",\"breadcrumb\":{\"@id\":\"https:\/\/www.smedemokrati.sk\/fico-a-jeho-regulator-pripravuju-energeticku-nespravodlivost\/#breadcrumb\"},\"inLanguage\":\"sv-SE\",\"potentialAction\":[{\"@type\":\"ReadAction\",\"target\":[\"https:\/\/www.smedemokrati.sk\/fico-a-jeho-regulator-pripravuju-energeticku-nespravodlivost\/\"]}]},{\"@type\":\"ImageObject\",\"inLanguage\":\"sv-SE\",\"@id\":\"https:\/\/www.smedemokrati.sk\/fico-a-jeho-regulator-pripravuju-energeticku-nespravodlivost\/#primaryimage\",\"url\":\"https:\/\/www.smedemokrati.sk\/wp-content\/uploads\/2025\/07\/2025-07-10-14_17_11-1-Facebook-e1752149907815.jpg\",\"contentUrl\":\"https:\/\/www.smedemokrati.sk\/wp-content\/uploads\/2025\/07\/2025-07-10-14_17_11-1-Facebook-e1752149907815.jpg\",\"width\":1288,\"height\":847},{\"@type\":\"BreadcrumbList\",\"@id\":\"https:\/\/www.smedemokrati.sk\/fico-a-jeho-regulator-pripravuju-energeticku-nespravodlivost\/#breadcrumb\",\"itemListElement\":[{\"@type\":\"ListItem\",\"position\":1,\"name\":\"Domovsk\u00e1 str\u00e1nka\",\"item\":\"https:\/\/www.smedemokrati.sk\/\"},{\"@type\":\"ListItem\",\"position\":2,\"name\":\"Fico a jeho regul\u00e1tor pripravuj\u00fa energetick\u00fa nespravodlivos\u0165\"}]},{\"@type\":\"WebSite\",\"@id\":\"https:\/\/www.smedemokrati.sk\/#website\",\"url\":\"https:\/\/www.smedemokrati.sk\/\",\"name\":\"Smedemokrati.sk\",\"description\":\"Demokracia a slu\u0161nos\u0165 zv\u00ed\u0165az\u00ed\",\"publisher\":{\"@id\":\"https:\/\/www.smedemokrati.sk\/#organization\"},\"potentialAction\":[{\"@type\":\"SearchAction\",\"target\":{\"@type\":\"EntryPoint\",\"urlTemplate\":\"https:\/\/www.smedemokrati.sk\/?s={search_term_string}\"},\"query-input\":{\"@type\":\"PropertyValueSpecification\",\"valueRequired\":true,\"valueName\":\"search_term_string\"}}],\"inLanguage\":\"sv-SE\"},{\"@type\":\"Organization\",\"@id\":\"https:\/\/www.smedemokrati.sk\/#organization\",\"name\":\"Smedemokrati.sk\",\"url\":\"https:\/\/www.smedemokrati.sk\/\",\"logo\":{\"@type\":\"ImageObject\",\"inLanguage\":\"sv-SE\",\"@id\":\"https:\/\/www.smedemokrati.sk\/#\/schema\/logo\/image\/\",\"url\":\"https:\/\/www.smedemokrati.sk\/wp-content\/uploads\/2023\/04\/ff.002.jpeg\",\"contentUrl\":\"https:\/\/www.smedemokrati.sk\/wp-content\/uploads\/2023\/04\/ff.002.jpeg\",\"width\":640,\"height\":480,\"caption\":\"Smedemokrati.sk\"},\"image\":{\"@id\":\"https:\/\/www.smedemokrati.sk\/#\/schema\/logo\/image\/\"},\"sameAs\":[\"https:\/\/www.facebook.com\/smedemokrati2023\"]},{\"@type\":\"Person\",\"@id\":\"https:\/\/www.smedemokrati.sk\/#\/schema\/person\/21f147c88d605aa7ded900e1e7c344ba\",\"name\":\"miro.sopko\",\"image\":{\"@type\":\"ImageObject\",\"inLanguage\":\"sv-SE\",\"@id\":\"https:\/\/secure.gravatar.com\/avatar\/267e4a36f704376c109afe3a78740c1f5dd8675a2180a908699e7863c9247606?s=96&d=mm&r=g\",\"url\":\"https:\/\/secure.gravatar.com\/avatar\/267e4a36f704376c109afe3a78740c1f5dd8675a2180a908699e7863c9247606?s=96&d=mm&r=g\",\"contentUrl\":\"https:\/\/secure.gravatar.com\/avatar\/267e4a36f704376c109afe3a78740c1f5dd8675a2180a908699e7863c9247606?s=96&d=mm&r=g\",\"caption\":\"miro.sopko\"},\"url\":\"https:\/\/www.smedemokrati.sk\/sv\/author\/miro-sopko\/\"}]}<\/script>\n<!-- \/ Yoast SEO plugin. -->","yoast_head_json":{"title":"Fico a jeho regul\u00e1tor pripravuj\u00fa energetick\u00fa nespravodlivos\u0165","robots":{"index":"index","follow":"follow","max-snippet":"max-snippet:-1","max-image-preview":"max-image-preview:large","max-video-preview":"max-video-preview:-1"},"canonical":"https:\/\/www.smedemokrati.sk\/sv\/fico-a-jeho-regulator-pripravuju-energeticku-nespravodlivost\/","og_locale":"sv_SE","og_type":"article","og_title":"[:sk]Fico a jeho regul\u00e1tor pripravuj\u00fa energetick\u00fa nespravodlivos\u0165[:] - Smedemokrati.sk","og_description":"Viacdetn\u00e9 a viacgenera\u010dn\u00e9 rodiny a najm\u00e4 v\u0161etky dom\u00e1cnosti na severe Slovenska sa musia pripravi\u0165 na prudk\u00fd n\u00e1rast cien energi\u00ed. D\u00f4vodom je pripravovan\u00e1 nov\u00e1 cenov\u00e1 regul\u00e1cia zo strany \u00daradu pre regul\u00e1ciu sie\u0165ov\u00fdch odvetv\u00ed (\u00daRSO), ktor\u00e9ho \u010deln\u00ed predstavitelia boli dosaden\u00ed Ficovou vl\u00e1dou.\u201e\u00daRSO pripravuje n\u00e1vrh, pod\u013ea ktor\u00e9ho by od janu\u00e1ra 2026 dom\u00e1cnosti platili za elektrinu a plyn t\u00fdm [&hellip;]","og_url":"https:\/\/www.smedemokrati.sk\/sv\/fico-a-jeho-regulator-pripravuju-energeticku-nespravodlivost\/","og_site_name":"Smedemokrati.sk","article_publisher":"https:\/\/www.facebook.com\/smedemokrati2023","article_published_time":"2025-07-10T12:18:38+00:00","article_modified_time":"2025-07-10T12:21:45+00:00","og_image":[{"width":1288,"height":847,"url":"https:\/\/www.smedemokrati.sk\/wp-content\/uploads\/2025\/07\/2025-07-10-14_17_11-1-Facebook-e1752149907815.jpg","type":"image\/jpeg"}],"author":"miro.sopko","twitter_card":"summary_large_image","twitter_misc":{"Skriven av":"miro.sopko","Ber\u00e4knad l\u00e4stid":"2 minuter"},"schema":{"@context":"https:\/\/schema.org","@graph":[{"@type":"Article","@id":"https:\/\/www.smedemokrati.sk\/fico-a-jeho-regulator-pripravuju-energeticku-nespravodlivost\/#article","isPartOf":{"@id":"https:\/\/www.smedemokrati.sk\/fico-a-jeho-regulator-pripravuju-energeticku-nespravodlivost\/"},"author":{"name":"miro.sopko","@id":"https:\/\/www.smedemokrati.sk\/#\/schema\/person\/21f147c88d605aa7ded900e1e7c344ba"},"headline":"Fico a jeho regul\u00e1tor pripravuj\u00fa energetick\u00fa nespravodlivos\u0165","datePublished":"2025-07-10T12:18:38+00:00","dateModified":"2025-07-10T12:21:45+00:00","mainEntityOfPage":{"@id":"https:\/\/www.smedemokrati.sk\/fico-a-jeho-regulator-pripravuju-energeticku-nespravodlivost\/"},"wordCount":406,"publisher":{"@id":"https:\/\/www.smedemokrati.sk\/#organization"},"image":{"@id":"https:\/\/www.smedemokrati.sk\/fico-a-jeho-regulator-pripravuju-energeticku-nespravodlivost\/#primaryimage"},"thumbnailUrl":"https:\/\/www.smedemokrati.sk\/wp-content\/uploads\/2025\/07\/2025-07-10-14_17_11-1-Facebook-e1752149907815.jpg","articleSection":["Tla\u010dov\u00e9 spr\u00e1vy"],"inLanguage":"sv-SE"},{"@type":"WebPage","@id":"https:\/\/www.smedemokrati.sk\/fico-a-jeho-regulator-pripravuju-energeticku-nespravodlivost\/","url":"https:\/\/www.smedemokrati.sk\/fico-a-jeho-regulator-pripravuju-energeticku-nespravodlivost\/","name":"Fico a jeho regul\u00e1tor pripravuj\u00fa energetick\u00fa nespravodlivos\u0165","isPartOf":{"@id":"https:\/\/www.smedemokrati.sk\/#website"},"primaryImageOfPage":{"@id":"https:\/\/www.smedemokrati.sk\/fico-a-jeho-regulator-pripravuju-energeticku-nespravodlivost\/#primaryimage"},"image":{"@id":"https:\/\/www.smedemokrati.sk\/fico-a-jeho-regulator-pripravuju-energeticku-nespravodlivost\/#primaryimage"},"thumbnailUrl":"https:\/\/www.smedemokrati.sk\/wp-content\/uploads\/2025\/07\/2025-07-10-14_17_11-1-Facebook-e1752149907815.jpg","datePublished":"2025-07-10T12:18:38+00:00","dateModified":"2025-07-10T12:21:45+00:00","breadcrumb":{"@id":"https:\/\/www.smedemokrati.sk\/fico-a-jeho-regulator-pripravuju-energeticku-nespravodlivost\/#breadcrumb"},"inLanguage":"sv-SE","potentialAction":[{"@type":"ReadAction","target":["https:\/\/www.smedemokrati.sk\/fico-a-jeho-regulator-pripravuju-energeticku-nespravodlivost\/"]}]},{"@type":"ImageObject","inLanguage":"sv-SE","@id":"https:\/\/www.smedemokrati.sk\/fico-a-jeho-regulator-pripravuju-energeticku-nespravodlivost\/#primaryimage","url":"https:\/\/www.smedemokrati.sk\/wp-content\/uploads\/2025\/07\/2025-07-10-14_17_11-1-Facebook-e1752149907815.jpg","contentUrl":"https:\/\/www.smedemokrati.sk\/wp-content\/uploads\/2025\/07\/2025-07-10-14_17_11-1-Facebook-e1752149907815.jpg","width":1288,"height":847},{"@type":"BreadcrumbList","@id":"https:\/\/www.smedemokrati.sk\/fico-a-jeho-regulator-pripravuju-energeticku-nespravodlivost\/#breadcrumb","itemListElement":[{"@type":"ListItem","position":1,"name":"Domovsk\u00e1 str\u00e1nka","item":"https:\/\/www.smedemokrati.sk\/"},{"@type":"ListItem","position":2,"name":"Fico a jeho regul\u00e1tor pripravuj\u00fa energetick\u00fa nespravodlivos\u0165"}]},{"@type":"WebSite","@id":"https:\/\/www.smedemokrati.sk\/#website","url":"https:\/\/www.smedemokrati.sk\/","name":"Smedemokrati.sk","description":"Demokracia a slu\u0161nos\u0165 zv\u00ed\u0165az\u00ed","publisher":{"@id":"https:\/\/www.smedemokrati.sk\/#organization"},"potentialAction":[{"@type":"SearchAction","target":{"@type":"EntryPoint","urlTemplate":"https:\/\/www.smedemokrati.sk\/?s={search_term_string}"},"query-input":{"@type":"PropertyValueSpecification","valueRequired":true,"valueName":"search_term_string"}}],"inLanguage":"sv-SE"},{"@type":"Organization","@id":"https:\/\/www.smedemokrati.sk\/#organization","name":"Smedemokrati.sk","url":"https:\/\/www.smedemokrati.sk\/","logo":{"@type":"ImageObject","inLanguage":"sv-SE","@id":"https:\/\/www.smedemokrati.sk\/#\/schema\/logo\/image\/","url":"https:\/\/www.smedemokrati.sk\/wp-content\/uploads\/2023\/04\/ff.002.jpeg","contentUrl":"https:\/\/www.smedemokrati.sk\/wp-content\/uploads\/2023\/04\/ff.002.jpeg","width":640,"height":480,"caption":"Smedemokrati.sk"},"image":{"@id":"https:\/\/www.smedemokrati.sk\/#\/schema\/logo\/image\/"},"sameAs":["https:\/\/www.facebook.com\/smedemokrati2023"]},{"@type":"Person","@id":"https:\/\/www.smedemokrati.sk\/#\/schema\/person\/21f147c88d605aa7ded900e1e7c344ba","name":"miro.sopko","image":{"@type":"ImageObject","inLanguage":"sv-SE","@id":"https:\/\/secure.gravatar.com\/avatar\/267e4a36f704376c109afe3a78740c1f5dd8675a2180a908699e7863c9247606?s=96&d=mm&r=g","url":"https:\/\/secure.gravatar.com\/avatar\/267e4a36f704376c109afe3a78740c1f5dd8675a2180a908699e7863c9247606?s=96&d=mm&r=g","contentUrl":"https:\/\/secure.gravatar.com\/avatar\/267e4a36f704376c109afe3a78740c1f5dd8675a2180a908699e7863c9247606?s=96&d=mm&r=g","caption":"miro.sopko"},"url":"https:\/\/www.smedemokrati.sk\/sv\/author\/miro-sopko\/"}]}},"_links":{"self":[{"href":"https:\/\/www.smedemokrati.sk\/sv\/wp-json\/wp\/v2\/posts\/7683","targetHints":{"allow":["GET"]}}],"collection":[{"href":"https:\/\/www.smedemokrati.sk\/sv\/wp-json\/wp\/v2\/posts"}],"about":[{"href":"https:\/\/www.smedemokrati.sk\/sv\/wp-json\/wp\/v2\/types\/post"}],"author":[{"embeddable":true,"href":"https:\/\/www.smedemokrati.sk\/sv\/wp-json\/wp\/v2\/users\/13"}],"replies":[{"embeddable":true,"href":"https:\/\/www.smedemokrati.sk\/sv\/wp-json\/wp\/v2\/comments?post=7683"}],"version-history":[{"count":1,"href":"https:\/\/www.smedemokrati.sk\/sv\/wp-json\/wp\/v2\/posts\/7683\/revisions"}],"predecessor-version":[{"id":7685,"href":"https:\/\/www.smedemokrati.sk\/sv\/wp-json\/wp\/v2\/posts\/7683\/revisions\/7685"}],"wp:featuredmedia":[{"embeddable":true,"href":"https:\/\/www.smedemokrati.sk\/sv\/wp-json\/wp\/v2\/media\/7684"}],"wp:attachment":[{"href":"https:\/\/www.smedemokrati.sk\/sv\/wp-json\/wp\/v2\/media?parent=7683"}],"wp:term":[{"taxonomy":"category","embeddable":true,"href":"https:\/\/www.smedemokrati.sk\/sv\/wp-json\/wp\/v2\/categories?post=7683"},{"taxonomy":"post_tag","embeddable":true,"href":"https:\/\/www.smedemokrati.sk\/sv\/wp-json\/wp\/v2\/tags?post=7683"}],"curies":[{"name":"wp","href":"https:\/\/api.w.org\/{rel}","templated":true}]}}