{"id":7679,"date":"2025-07-10T12:17:09","date_gmt":"2025-07-10T11:17:09","guid":{"rendered":"https:\/\/www.smedemokrati.sk\/?p=7679"},"modified":"2025-07-10T12:28:20","modified_gmt":"2025-07-10T11:28:20","slug":"pellegrini-aj-kalinak-maju-modru-knizku-ich-nastup-na-vojensky-vycvik-je-pokrytecke-divadlo-gluck-mohol-dokonca-porusit-zakon","status":"publish","type":"post","link":"https:\/\/www.smedemokrati.sk\/sv\/pellegrini-aj-kalinak-maju-modru-knizku-ich-nastup-na-vojensky-vycvik-je-pokrytecke-divadlo-gluck-mohol-dokonca-porusit-zakon\/","title":{"rendered":"Pellegrini aj Kali\u0148\u00e1k maj\u00fa modr\u00fa kni\u017eku. Ich n\u00e1stup na vojensk\u00fd v\u00fdcvik je pokryteck\u00e9 divadlo, Gluck mohol dokonca poru\u0161i\u0165 z\u00e1kon"},"content":{"rendered":"<div id=\"fb-root\"><\/div>\n\n<p><strong>B\u00fdval\u00fd minister obrany Jaroslav Na\u010f kritizuje, \u017ee do tzv. n\u00e1rodn\u00fdch obrann\u00fdch s\u00edl dnes nast\u00fapili predstavitelia vl\u00e1dy, ktor\u00ed s\u00fa dr\u017eite\u013emi modrej kni\u017eky, teda boli ofici\u00e1lne uznan\u00ed ako nesp\u00f4sobil\u00ed vykon\u00e1va\u0165 \u00falohy v prospech obrany \u0161t\u00e1tu. Upozor\u0148uje najm\u00e4 na Petra Pellegriniho a R\u00f3berta Kali\u0148\u00e1ka a dod\u00e1va, \u017ee v pr\u00edpade poslanca Smeru Richarda Glucka m\u00f4\u017ee \u00eds\u0165 dokonca o v\u00e1\u017ene poru\u0161enie legislat\u00edvy.<\/strong><\/p>\n\n\n\n<p><em>\u201ePodv\u00e1dzali vtedy, ke\u010f si vybavovali modr\u00e9 kni\u017eky, alebo klam\u00fa verejnos\u0165 teraz? Tak Pellegrini, ako aj Kali\u0148\u00e1k s\u00fa dr\u017eite\u013emi modrej kni\u017eky teda potvrdenia, \u017ee nie s\u00fa sp\u00f4sobil\u00ed vykon\u00e1va\u0165 \u00falohy na obranu vlasti a dnes nastupuj\u00fa na v\u00fdcvik? P\u00fdtam sa, \u010di u nich do\u0161lo k z\u00e1zra\u010dn\u00e9mu uzdraveniu. Vyz\u00fdvam ich, aby predlo\u017eili dokumenty, na z\u00e1klade ktor\u00fdch s\u00fa teraz pova\u017eovan\u00ed za sp\u00f4sobil\u00fdch br\u00e1ni\u0165 Slovensk\u00fa republiku,\u201c<\/em>&nbsp;vyhl\u00e1sil exminister obrany.<\/p>\n\n\n\n<p>Na\u010f z\u00e1rove\u0148 upozor\u0148uje, \u017ee na dne\u0161nej tla\u010dovej konferencii bol v prvom rade nast\u00fapen\u00fd aj poslanec za stranu Smer Richard Gluck, ktor\u00fd v minulosti podp\u00edsal vyhl\u00e1senie o odopret\u00ed v\u00fdkonu mimoriadnej slu\u017eby. To znamen\u00e1, \u017ee ak by na Slovensku nastala mimoriadna situ\u00e1cia, odmietol by bojova\u0165 za vlas\u0165 so zbra\u0148ou v ruke.<\/p>\n\n\n\n<p><em>\u201eJedin\u00fd sp\u00f4sob, ako m\u00f4\u017ee nast\u00fapi\u0165 na v\u00fdcvik, je ten, \u017ee disponuje ofici\u00e1lnym rozhodnut\u00edm o sp\u00e4\u0165vzat\u00ed tohto vyhl\u00e1senia. Predpoklad\u00e1m, \u017ee poslanec NR SR dodr\u017eiava z\u00e1kony a po\u017eiadal na pr\u00edslu\u0161nom okresnom \u00farade v mieste svojho trval\u00e9ho bydliska o sp\u00e4\u0165vzatie. Vyz\u00fdvam poslanca Glucka, aby tento dokument predlo\u017eil, preto\u017ee to je jedin\u00fd sp\u00f4sob, ako m\u00f4\u017ee v s\u00falade s legislat\u00edvou nast\u00fapi\u0165 na vojensk\u00fd v\u00fdcvik,\u201c<\/em>&nbsp;dodal Na\u010f.<\/p>\n\n\n\n<p><em>\u201eN\u00e1rodn\u00e9 obrann\u00e9 sily s\u00fa de facto akt\u00edvne z\u00e1lohy, ku ktor\u00fdm som ako minister pripravil potrebn\u00fa legislat\u00edvu. Viete, kto vtedy t\u00fato iniciat\u00edvu v parlamente nepodporil? Pr\u00e1ve t\u00ed, ktor\u00ed sa dnes ako prv\u00ed obliekali do mask\u00e1\u010dov na \u010dele s Petrom Pellegrinim,\u201c<\/em>&nbsp;uzatv\u00e1ra dne\u0161n\u00e9 vyhl\u00e1senie predseda strany Demokrati Jaroslav Na\u010f.<\/p>\n\n\n\n<p>K t\u00e9me J. Na\u010f od 26:30<\/p>\n\n\n<div class=\"fb-video\" data-href=\"https:\/\/www.facebook.com\/smedemokrati2023\/videos\/717781574477492\" data-allowfullscreen=\"true\" data-autoplay=\"false\" data-width=\"\" data-show-text=\"false\" data-show-captions=\"true\"><\/div>\n","protected":false},"excerpt":{"rendered":"<p>B\u00fdval\u00fd minister obrany Jaroslav Na\u010f kritizuje, \u017ee do tzv. n\u00e1rodn\u00fdch obrann\u00fdch s\u00edl dnes nast\u00fapili predstavitelia vl\u00e1dy, ktor\u00ed s\u00fa dr\u017eite\u013emi modrej kni\u017eky, teda boli ofici\u00e1lne uznan\u00ed ako nesp\u00f4sobil\u00ed vykon\u00e1va\u0165 \u00falohy v prospech obrany \u0161t\u00e1tu. Upozor\u0148uje najm\u00e4 na Petra Pellegriniho a R\u00f3berta Kali\u0148\u00e1ka a dod\u00e1va, \u017ee v pr\u00edpade poslanca Smeru Richarda Glucka m\u00f4\u017ee \u00eds\u0165 dokonca o v\u00e1\u017ene [&hellip;]<\/p>\n","protected":false},"author":13,"featured_media":7680,"comment_status":"closed","ping_status":"closed","sticky":false,"template":"","format":"standard","meta":{"_acf_changed":false,"ngg_post_thumbnail":0,"footnotes":""},"categories":[4],"tags":[],"class_list":["post-7679","post","type-post","status-publish","format-standard","has-post-thumbnail","hentry","category-tlacove-spravy"],"acf":[],"yoast_head":"<!-- This site is optimized with the Yoast SEO plugin v27.2 - https:\/\/yoast.com\/product\/yoast-seo-wordpress\/ -->\n<title>Pellegrini aj Kali\u0148\u00e1k maj\u00fa modr\u00fa kni\u017eku. Ich n\u00e1stup na vojensk\u00fd v\u00fdcvik je pokryteck\u00e9 divadlo, Gluck mohol dokonca poru\u0161i\u0165 z\u00e1kon<\/title>\n<meta name=\"description\" content=\"B\u00fdval\u00fd minister obrany Jaroslav Na\u010f kritizuje, \u017ee do tzv. n\u00e1rodn\u00fdch obrann\u00fdch s\u00edl dnes nast\u00fapili predstavitelia vl\u00e1dy, ktor\u00ed s\u00fa dr\u017eite\u013emi modrej kni\u017eky, teda boli ofici\u00e1lne uznan\u00ed ako nesp\u00f4sobil\u00ed vykon\u00e1va\u0165 \u00falohy v prospech obrany \u0161t\u00e1tu. Upozor\u0148uje najm\u00e4 na Petra Pellegriniho a R\u00f3berta Kali\u0148\u00e1ka a dod\u00e1va, \u017ee v pr\u00edpade poslanca Smeru Richarda Glucka m\u00f4\u017ee \u00eds\u0165 dokonca o v\u00e1\u017ene poru\u0161enie legislat\u00edvy.\" \/>\n<meta name=\"robots\" content=\"index, follow, max-snippet:-1, max-image-preview:large, max-video-preview:-1\" \/>\n<link rel=\"canonical\" href=\"https:\/\/www.smedemokrati.sk\/sv\/pellegrini-aj-kalinak-maju-modru-knizku-ich-nastup-na-vojensky-vycvik-je-pokrytecke-divadlo-gluck-mohol-dokonca-porusit-zakon\/\" \/>\n<meta property=\"og:locale\" content=\"sv_SE\" \/>\n<meta property=\"og:locale:alternate\" content=\"en_US\" \/>\n<meta property=\"og:locale:alternate\" content=\"cs_CZ\" \/>\n<meta property=\"og:locale:alternate\" content=\"hu_HU\" \/>\n<meta property=\"og:locale:alternate\" content=\"sk_SK\" \/>\n<meta property=\"og:type\" content=\"article\" \/>\n<meta property=\"og:title\" content=\"Pellegrini aj Kali\u0148\u00e1k maj\u00fa modr\u00fa kni\u017eku. Ich n\u00e1stup na vojensk\u00fd v\u00fdcvik je pokryteck\u00e9 divadlo, Gluck mohol dokonca poru\u0161i\u0165 z\u00e1kon\" \/>\n<meta property=\"og:description\" content=\"B\u00fdval\u00fd minister obrany Jaroslav Na\u010f kritizuje, \u017ee do tzv. n\u00e1rodn\u00fdch obrann\u00fdch s\u00edl dnes nast\u00fapili predstavitelia vl\u00e1dy, ktor\u00ed s\u00fa dr\u017eite\u013emi modrej kni\u017eky, teda boli ofici\u00e1lne uznan\u00ed ako nesp\u00f4sobil\u00ed vykon\u00e1va\u0165 \u00falohy v prospech obrany \u0161t\u00e1tu. Upozor\u0148uje najm\u00e4 na Petra Pellegriniho a R\u00f3berta Kali\u0148\u00e1ka a dod\u00e1va, \u017ee v pr\u00edpade poslanca Smeru Richarda Glucka m\u00f4\u017ee \u00eds\u0165 dokonca o v\u00e1\u017ene poru\u0161enie legislat\u00edvy.\" \/>\n<meta property=\"og:url\" content=\"https:\/\/www.smedemokrati.sk\/sv\/pellegrini-aj-kalinak-maju-modru-knizku-ich-nastup-na-vojensky-vycvik-je-pokrytecke-divadlo-gluck-mohol-dokonca-porusit-zakon\/\" \/>\n<meta property=\"og:site_name\" content=\"Smedemokrati.sk\" \/>\n<meta property=\"article:publisher\" content=\"https:\/\/www.facebook.com\/smedemokrati2023\" \/>\n<meta property=\"article:published_time\" content=\"2025-07-10T11:17:09+00:00\" \/>\n<meta property=\"article:modified_time\" content=\"2025-07-10T11:28:20+00:00\" \/>\n<meta property=\"og:image\" content=\"https:\/\/www.smedemokrati.sk\/wp-content\/uploads\/2025\/07\/2025-07-10-13_10_47-Fotogalerie_-Slovensky-ministr-obrany-Robert-Kalinak-a-prezident-Peter-Pellegrin.jpg\" \/>\n\t<meta property=\"og:image:width\" content=\"1563\" \/>\n\t<meta property=\"og:image:height\" content=\"999\" \/>\n\t<meta property=\"og:image:type\" content=\"image\/jpeg\" \/>\n<meta name=\"author\" content=\"miro.sopko\" \/>\n<meta name=\"twitter:card\" content=\"summary_large_image\" \/>\n<meta name=\"twitter:label1\" content=\"Skriven av\" \/>\n\t<meta name=\"twitter:data1\" content=\"miro.sopko\" \/>\n\t<meta name=\"twitter:label2\" content=\"Ber\u00e4knad l\u00e4stid\" \/>\n\t<meta name=\"twitter:data2\" content=\"2 minuter\" \/>\n<script type=\"application\/ld+json\" class=\"yoast-schema-graph\">{\"@context\":\"https:\/\/schema.org\",\"@graph\":[{\"@type\":\"Article\",\"@id\":\"https:\/\/www.smedemokrati.sk\/pellegrini-aj-kalinak-maju-modru-knizku-ich-nastup-na-vojensky-vycvik-je-pokrytecke-divadlo-gluck-mohol-dokonca-porusit-zakon\/#article\",\"isPartOf\":{\"@id\":\"https:\/\/www.smedemokrati.sk\/pellegrini-aj-kalinak-maju-modru-knizku-ich-nastup-na-vojensky-vycvik-je-pokrytecke-divadlo-gluck-mohol-dokonca-porusit-zakon\/\"},\"author\":{\"name\":\"miro.sopko\",\"@id\":\"https:\/\/www.smedemokrati.sk\/#\/schema\/person\/21f147c88d605aa7ded900e1e7c344ba\"},\"headline\":\"Pellegrini aj Kali\u0148\u00e1k maj\u00fa modr\u00fa kni\u017eku. Ich n\u00e1stup na vojensk\u00fd v\u00fdcvik je pokryteck\u00e9 divadlo, Gluck mohol dokonca poru\u0161i\u0165 z\u00e1kon\",\"datePublished\":\"2025-07-10T11:17:09+00:00\",\"dateModified\":\"2025-07-10T11:28:20+00:00\",\"mainEntityOfPage\":{\"@id\":\"https:\/\/www.smedemokrati.sk\/pellegrini-aj-kalinak-maju-modru-knizku-ich-nastup-na-vojensky-vycvik-je-pokrytecke-divadlo-gluck-mohol-dokonca-porusit-zakon\/\"},\"wordCount\":418,\"publisher\":{\"@id\":\"https:\/\/www.smedemokrati.sk\/#organization\"},\"image\":{\"@id\":\"https:\/\/www.smedemokrati.sk\/pellegrini-aj-kalinak-maju-modru-knizku-ich-nastup-na-vojensky-vycvik-je-pokrytecke-divadlo-gluck-mohol-dokonca-porusit-zakon\/#primaryimage\"},\"thumbnailUrl\":\"https:\/\/www.smedemokrati.sk\/wp-content\/uploads\/2025\/07\/2025-07-10-13_10_47-Fotogalerie_-Slovensky-ministr-obrany-Robert-Kalinak-a-prezident-Peter-Pellegrin.jpg\",\"articleSection\":[\"Tla\u010dov\u00e9 spr\u00e1vy\"],\"inLanguage\":\"sv-SE\"},{\"@type\":\"WebPage\",\"@id\":\"https:\/\/www.smedemokrati.sk\/pellegrini-aj-kalinak-maju-modru-knizku-ich-nastup-na-vojensky-vycvik-je-pokrytecke-divadlo-gluck-mohol-dokonca-porusit-zakon\/\",\"url\":\"https:\/\/www.smedemokrati.sk\/pellegrini-aj-kalinak-maju-modru-knizku-ich-nastup-na-vojensky-vycvik-je-pokrytecke-divadlo-gluck-mohol-dokonca-porusit-zakon\/\",\"name\":\"Pellegrini aj Kali\u0148\u00e1k maj\u00fa modr\u00fa kni\u017eku. Ich n\u00e1stup na vojensk\u00fd v\u00fdcvik je pokryteck\u00e9 divadlo, Gluck mohol dokonca poru\u0161i\u0165 z\u00e1kon\",\"isPartOf\":{\"@id\":\"https:\/\/www.smedemokrati.sk\/#website\"},\"primaryImageOfPage\":{\"@id\":\"https:\/\/www.smedemokrati.sk\/pellegrini-aj-kalinak-maju-modru-knizku-ich-nastup-na-vojensky-vycvik-je-pokrytecke-divadlo-gluck-mohol-dokonca-porusit-zakon\/#primaryimage\"},\"image\":{\"@id\":\"https:\/\/www.smedemokrati.sk\/pellegrini-aj-kalinak-maju-modru-knizku-ich-nastup-na-vojensky-vycvik-je-pokrytecke-divadlo-gluck-mohol-dokonca-porusit-zakon\/#primaryimage\"},\"thumbnailUrl\":\"https:\/\/www.smedemokrati.sk\/wp-content\/uploads\/2025\/07\/2025-07-10-13_10_47-Fotogalerie_-Slovensky-ministr-obrany-Robert-Kalinak-a-prezident-Peter-Pellegrin.jpg\",\"datePublished\":\"2025-07-10T11:17:09+00:00\",\"dateModified\":\"2025-07-10T11:28:20+00:00\",\"description\":\"B\u00fdval\u00fd minister obrany Jaroslav Na\u010f kritizuje, \u017ee do tzv. n\u00e1rodn\u00fdch obrann\u00fdch s\u00edl dnes nast\u00fapili predstavitelia vl\u00e1dy, ktor\u00ed s\u00fa dr\u017eite\u013emi modrej kni\u017eky, teda boli ofici\u00e1lne uznan\u00ed ako nesp\u00f4sobil\u00ed vykon\u00e1va\u0165 \u00falohy v prospech obrany \u0161t\u00e1tu. Upozor\u0148uje najm\u00e4 na Petra Pellegriniho a R\u00f3berta Kali\u0148\u00e1ka a dod\u00e1va, \u017ee v pr\u00edpade poslanca Smeru Richarda Glucka m\u00f4\u017ee \u00eds\u0165 dokonca o v\u00e1\u017ene poru\u0161enie legislat\u00edvy.\",\"breadcrumb\":{\"@id\":\"https:\/\/www.smedemokrati.sk\/pellegrini-aj-kalinak-maju-modru-knizku-ich-nastup-na-vojensky-vycvik-je-pokrytecke-divadlo-gluck-mohol-dokonca-porusit-zakon\/#breadcrumb\"},\"inLanguage\":\"sv-SE\",\"potentialAction\":[{\"@type\":\"ReadAction\",\"target\":[\"https:\/\/www.smedemokrati.sk\/pellegrini-aj-kalinak-maju-modru-knizku-ich-nastup-na-vojensky-vycvik-je-pokrytecke-divadlo-gluck-mohol-dokonca-porusit-zakon\/\"]}]},{\"@type\":\"ImageObject\",\"inLanguage\":\"sv-SE\",\"@id\":\"https:\/\/www.smedemokrati.sk\/pellegrini-aj-kalinak-maju-modru-knizku-ich-nastup-na-vojensky-vycvik-je-pokrytecke-divadlo-gluck-mohol-dokonca-porusit-zakon\/#primaryimage\",\"url\":\"https:\/\/www.smedemokrati.sk\/wp-content\/uploads\/2025\/07\/2025-07-10-13_10_47-Fotogalerie_-Slovensky-ministr-obrany-Robert-Kalinak-a-prezident-Peter-Pellegrin.jpg\",\"contentUrl\":\"https:\/\/www.smedemokrati.sk\/wp-content\/uploads\/2025\/07\/2025-07-10-13_10_47-Fotogalerie_-Slovensky-ministr-obrany-Robert-Kalinak-a-prezident-Peter-Pellegrin.jpg\",\"width\":1563,\"height\":999},{\"@type\":\"BreadcrumbList\",\"@id\":\"https:\/\/www.smedemokrati.sk\/pellegrini-aj-kalinak-maju-modru-knizku-ich-nastup-na-vojensky-vycvik-je-pokrytecke-divadlo-gluck-mohol-dokonca-porusit-zakon\/#breadcrumb\",\"itemListElement\":[{\"@type\":\"ListItem\",\"position\":1,\"name\":\"Domovsk\u00e1 str\u00e1nka\",\"item\":\"https:\/\/www.smedemokrati.sk\/\"},{\"@type\":\"ListItem\",\"position\":2,\"name\":\"Pellegrini aj Kali\u0148\u00e1k maj\u00fa modr\u00fa kni\u017eku. Ich n\u00e1stup na vojensk\u00fd v\u00fdcvik je pokryteck\u00e9 divadlo, Gluck mohol dokonca poru\u0161i\u0165 z\u00e1kon\"}]},{\"@type\":\"WebSite\",\"@id\":\"https:\/\/www.smedemokrati.sk\/#website\",\"url\":\"https:\/\/www.smedemokrati.sk\/\",\"name\":\"Smedemokrati.sk\",\"description\":\"Demokracia a slu\u0161nos\u0165 zv\u00ed\u0165az\u00ed\",\"publisher\":{\"@id\":\"https:\/\/www.smedemokrati.sk\/#organization\"},\"potentialAction\":[{\"@type\":\"SearchAction\",\"target\":{\"@type\":\"EntryPoint\",\"urlTemplate\":\"https:\/\/www.smedemokrati.sk\/?s={search_term_string}\"},\"query-input\":{\"@type\":\"PropertyValueSpecification\",\"valueRequired\":true,\"valueName\":\"search_term_string\"}}],\"inLanguage\":\"sv-SE\"},{\"@type\":\"Organization\",\"@id\":\"https:\/\/www.smedemokrati.sk\/#organization\",\"name\":\"Smedemokrati.sk\",\"url\":\"https:\/\/www.smedemokrati.sk\/\",\"logo\":{\"@type\":\"ImageObject\",\"inLanguage\":\"sv-SE\",\"@id\":\"https:\/\/www.smedemokrati.sk\/#\/schema\/logo\/image\/\",\"url\":\"https:\/\/www.smedemokrati.sk\/wp-content\/uploads\/2023\/04\/ff.002.jpeg\",\"contentUrl\":\"https:\/\/www.smedemokrati.sk\/wp-content\/uploads\/2023\/04\/ff.002.jpeg\",\"width\":640,\"height\":480,\"caption\":\"Smedemokrati.sk\"},\"image\":{\"@id\":\"https:\/\/www.smedemokrati.sk\/#\/schema\/logo\/image\/\"},\"sameAs\":[\"https:\/\/www.facebook.com\/smedemokrati2023\"]},{\"@type\":\"Person\",\"@id\":\"https:\/\/www.smedemokrati.sk\/#\/schema\/person\/21f147c88d605aa7ded900e1e7c344ba\",\"name\":\"miro.sopko\",\"image\":{\"@type\":\"ImageObject\",\"inLanguage\":\"sv-SE\",\"@id\":\"https:\/\/secure.gravatar.com\/avatar\/267e4a36f704376c109afe3a78740c1f5dd8675a2180a908699e7863c9247606?s=96&d=mm&r=g\",\"url\":\"https:\/\/secure.gravatar.com\/avatar\/267e4a36f704376c109afe3a78740c1f5dd8675a2180a908699e7863c9247606?s=96&d=mm&r=g\",\"contentUrl\":\"https:\/\/secure.gravatar.com\/avatar\/267e4a36f704376c109afe3a78740c1f5dd8675a2180a908699e7863c9247606?s=96&d=mm&r=g\",\"caption\":\"miro.sopko\"},\"url\":\"https:\/\/www.smedemokrati.sk\/sv\/author\/miro-sopko\/\"}]}<\/script>\n<!-- \/ Yoast SEO plugin. -->","yoast_head_json":{"title":"Pellegrini aj Kali\u0148\u00e1k maj\u00fa modr\u00fa kni\u017eku. Ich n\u00e1stup na vojensk\u00fd v\u00fdcvik je pokryteck\u00e9 divadlo, Gluck mohol dokonca poru\u0161i\u0165 z\u00e1kon","description":"B\u00fdval\u00fd minister obrany Jaroslav Na\u010f kritizuje, \u017ee do tzv. n\u00e1rodn\u00fdch obrann\u00fdch s\u00edl dnes nast\u00fapili predstavitelia vl\u00e1dy, ktor\u00ed s\u00fa dr\u017eite\u013emi modrej kni\u017eky, teda boli ofici\u00e1lne uznan\u00ed ako nesp\u00f4sobil\u00ed vykon\u00e1va\u0165 \u00falohy v prospech obrany \u0161t\u00e1tu. Upozor\u0148uje najm\u00e4 na Petra Pellegriniho a R\u00f3berta Kali\u0148\u00e1ka a dod\u00e1va, \u017ee v pr\u00edpade poslanca Smeru Richarda Glucka m\u00f4\u017ee \u00eds\u0165 dokonca o v\u00e1\u017ene poru\u0161enie legislat\u00edvy.","robots":{"index":"index","follow":"follow","max-snippet":"max-snippet:-1","max-image-preview":"max-image-preview:large","max-video-preview":"max-video-preview:-1"},"canonical":"https:\/\/www.smedemokrati.sk\/sv\/pellegrini-aj-kalinak-maju-modru-knizku-ich-nastup-na-vojensky-vycvik-je-pokrytecke-divadlo-gluck-mohol-dokonca-porusit-zakon\/","og_locale":"sv_SE","og_type":"article","og_title":"[:sk]Pellegrini aj Kali\u0148\u00e1k maj\u00fa modr\u00fa kni\u017eku. Ich n\u00e1stup na vojensk\u00fd v\u00fdcvik je pokryteck\u00e9 divadlo, Gluck mohol dokonca poru\u0161i\u0165 z\u00e1kon[:] - Smedemokrati.sk","og_description":"[:sk]B\u00fdval\u00fd minister obrany Jaroslav Na\u010f kritizuje, \u017ee do tzv. n\u00e1rodn\u00fdch obrann\u00fdch s\u00edl dnes nast\u00fapili predstavitelia vl\u00e1dy, ktor\u00ed s\u00fa dr\u017eite\u013emi modrej kni\u017eky, teda boli ofici\u00e1lne uznan\u00ed ako nesp\u00f4sobil\u00ed vykon\u00e1va\u0165 \u00falohy v prospech obrany \u0161t\u00e1tu. Upozor\u0148uje najm\u00e4 na Petra Pellegriniho a R\u00f3berta Kali\u0148\u00e1ka a dod\u00e1va, \u017ee v pr\u00edpade poslanca Smeru Richarda Glucka m\u00f4\u017ee \u00eds\u0165 dokonca o v\u00e1\u017ene poru\u0161enie legislat\u00edvy.[:]","og_url":"https:\/\/www.smedemokrati.sk\/sv\/pellegrini-aj-kalinak-maju-modru-knizku-ich-nastup-na-vojensky-vycvik-je-pokrytecke-divadlo-gluck-mohol-dokonca-porusit-zakon\/","og_site_name":"Smedemokrati.sk","article_publisher":"https:\/\/www.facebook.com\/smedemokrati2023","article_published_time":"2025-07-10T11:17:09+00:00","article_modified_time":"2025-07-10T11:28:20+00:00","og_image":[{"width":1563,"height":999,"url":"https:\/\/www.smedemokrati.sk\/wp-content\/uploads\/2025\/07\/2025-07-10-13_10_47-Fotogalerie_-Slovensky-ministr-obrany-Robert-Kalinak-a-prezident-Peter-Pellegrin.jpg","type":"image\/jpeg"}],"author":"miro.sopko","twitter_card":"summary_large_image","twitter_misc":{"Skriven av":"miro.sopko","Ber\u00e4knad l\u00e4stid":"2 minuter"},"schema":{"@context":"https:\/\/schema.org","@graph":[{"@type":"Article","@id":"https:\/\/www.smedemokrati.sk\/pellegrini-aj-kalinak-maju-modru-knizku-ich-nastup-na-vojensky-vycvik-je-pokrytecke-divadlo-gluck-mohol-dokonca-porusit-zakon\/#article","isPartOf":{"@id":"https:\/\/www.smedemokrati.sk\/pellegrini-aj-kalinak-maju-modru-knizku-ich-nastup-na-vojensky-vycvik-je-pokrytecke-divadlo-gluck-mohol-dokonca-porusit-zakon\/"},"author":{"name":"miro.sopko","@id":"https:\/\/www.smedemokrati.sk\/#\/schema\/person\/21f147c88d605aa7ded900e1e7c344ba"},"headline":"Pellegrini aj Kali\u0148\u00e1k maj\u00fa modr\u00fa kni\u017eku. Ich n\u00e1stup na vojensk\u00fd v\u00fdcvik je pokryteck\u00e9 divadlo, Gluck mohol dokonca poru\u0161i\u0165 z\u00e1kon","datePublished":"2025-07-10T11:17:09+00:00","dateModified":"2025-07-10T11:28:20+00:00","mainEntityOfPage":{"@id":"https:\/\/www.smedemokrati.sk\/pellegrini-aj-kalinak-maju-modru-knizku-ich-nastup-na-vojensky-vycvik-je-pokrytecke-divadlo-gluck-mohol-dokonca-porusit-zakon\/"},"wordCount":418,"publisher":{"@id":"https:\/\/www.smedemokrati.sk\/#organization"},"image":{"@id":"https:\/\/www.smedemokrati.sk\/pellegrini-aj-kalinak-maju-modru-knizku-ich-nastup-na-vojensky-vycvik-je-pokrytecke-divadlo-gluck-mohol-dokonca-porusit-zakon\/#primaryimage"},"thumbnailUrl":"https:\/\/www.smedemokrati.sk\/wp-content\/uploads\/2025\/07\/2025-07-10-13_10_47-Fotogalerie_-Slovensky-ministr-obrany-Robert-Kalinak-a-prezident-Peter-Pellegrin.jpg","articleSection":["Tla\u010dov\u00e9 spr\u00e1vy"],"inLanguage":"sv-SE"},{"@type":"WebPage","@id":"https:\/\/www.smedemokrati.sk\/pellegrini-aj-kalinak-maju-modru-knizku-ich-nastup-na-vojensky-vycvik-je-pokrytecke-divadlo-gluck-mohol-dokonca-porusit-zakon\/","url":"https:\/\/www.smedemokrati.sk\/pellegrini-aj-kalinak-maju-modru-knizku-ich-nastup-na-vojensky-vycvik-je-pokrytecke-divadlo-gluck-mohol-dokonca-porusit-zakon\/","name":"Pellegrini aj Kali\u0148\u00e1k maj\u00fa modr\u00fa kni\u017eku. Ich n\u00e1stup na vojensk\u00fd v\u00fdcvik je pokryteck\u00e9 divadlo, Gluck mohol dokonca poru\u0161i\u0165 z\u00e1kon","isPartOf":{"@id":"https:\/\/www.smedemokrati.sk\/#website"},"primaryImageOfPage":{"@id":"https:\/\/www.smedemokrati.sk\/pellegrini-aj-kalinak-maju-modru-knizku-ich-nastup-na-vojensky-vycvik-je-pokrytecke-divadlo-gluck-mohol-dokonca-porusit-zakon\/#primaryimage"},"image":{"@id":"https:\/\/www.smedemokrati.sk\/pellegrini-aj-kalinak-maju-modru-knizku-ich-nastup-na-vojensky-vycvik-je-pokrytecke-divadlo-gluck-mohol-dokonca-porusit-zakon\/#primaryimage"},"thumbnailUrl":"https:\/\/www.smedemokrati.sk\/wp-content\/uploads\/2025\/07\/2025-07-10-13_10_47-Fotogalerie_-Slovensky-ministr-obrany-Robert-Kalinak-a-prezident-Peter-Pellegrin.jpg","datePublished":"2025-07-10T11:17:09+00:00","dateModified":"2025-07-10T11:28:20+00:00","description":"B\u00fdval\u00fd minister obrany Jaroslav Na\u010f kritizuje, \u017ee do tzv. n\u00e1rodn\u00fdch obrann\u00fdch s\u00edl dnes nast\u00fapili predstavitelia vl\u00e1dy, ktor\u00ed s\u00fa dr\u017eite\u013emi modrej kni\u017eky, teda boli ofici\u00e1lne uznan\u00ed ako nesp\u00f4sobil\u00ed vykon\u00e1va\u0165 \u00falohy v prospech obrany \u0161t\u00e1tu. Upozor\u0148uje najm\u00e4 na Petra Pellegriniho a R\u00f3berta Kali\u0148\u00e1ka a dod\u00e1va, \u017ee v pr\u00edpade poslanca Smeru Richarda Glucka m\u00f4\u017ee \u00eds\u0165 dokonca o v\u00e1\u017ene poru\u0161enie legislat\u00edvy.","breadcrumb":{"@id":"https:\/\/www.smedemokrati.sk\/pellegrini-aj-kalinak-maju-modru-knizku-ich-nastup-na-vojensky-vycvik-je-pokrytecke-divadlo-gluck-mohol-dokonca-porusit-zakon\/#breadcrumb"},"inLanguage":"sv-SE","potentialAction":[{"@type":"ReadAction","target":["https:\/\/www.smedemokrati.sk\/pellegrini-aj-kalinak-maju-modru-knizku-ich-nastup-na-vojensky-vycvik-je-pokrytecke-divadlo-gluck-mohol-dokonca-porusit-zakon\/"]}]},{"@type":"ImageObject","inLanguage":"sv-SE","@id":"https:\/\/www.smedemokrati.sk\/pellegrini-aj-kalinak-maju-modru-knizku-ich-nastup-na-vojensky-vycvik-je-pokrytecke-divadlo-gluck-mohol-dokonca-porusit-zakon\/#primaryimage","url":"https:\/\/www.smedemokrati.sk\/wp-content\/uploads\/2025\/07\/2025-07-10-13_10_47-Fotogalerie_-Slovensky-ministr-obrany-Robert-Kalinak-a-prezident-Peter-Pellegrin.jpg","contentUrl":"https:\/\/www.smedemokrati.sk\/wp-content\/uploads\/2025\/07\/2025-07-10-13_10_47-Fotogalerie_-Slovensky-ministr-obrany-Robert-Kalinak-a-prezident-Peter-Pellegrin.jpg","width":1563,"height":999},{"@type":"BreadcrumbList","@id":"https:\/\/www.smedemokrati.sk\/pellegrini-aj-kalinak-maju-modru-knizku-ich-nastup-na-vojensky-vycvik-je-pokrytecke-divadlo-gluck-mohol-dokonca-porusit-zakon\/#breadcrumb","itemListElement":[{"@type":"ListItem","position":1,"name":"Domovsk\u00e1 str\u00e1nka","item":"https:\/\/www.smedemokrati.sk\/"},{"@type":"ListItem","position":2,"name":"Pellegrini aj Kali\u0148\u00e1k maj\u00fa modr\u00fa kni\u017eku. Ich n\u00e1stup na vojensk\u00fd v\u00fdcvik je pokryteck\u00e9 divadlo, Gluck mohol dokonca poru\u0161i\u0165 z\u00e1kon"}]},{"@type":"WebSite","@id":"https:\/\/www.smedemokrati.sk\/#website","url":"https:\/\/www.smedemokrati.sk\/","name":"Smedemokrati.sk","description":"Demokracia a slu\u0161nos\u0165 zv\u00ed\u0165az\u00ed","publisher":{"@id":"https:\/\/www.smedemokrati.sk\/#organization"},"potentialAction":[{"@type":"SearchAction","target":{"@type":"EntryPoint","urlTemplate":"https:\/\/www.smedemokrati.sk\/?s={search_term_string}"},"query-input":{"@type":"PropertyValueSpecification","valueRequired":true,"valueName":"search_term_string"}}],"inLanguage":"sv-SE"},{"@type":"Organization","@id":"https:\/\/www.smedemokrati.sk\/#organization","name":"Smedemokrati.sk","url":"https:\/\/www.smedemokrati.sk\/","logo":{"@type":"ImageObject","inLanguage":"sv-SE","@id":"https:\/\/www.smedemokrati.sk\/#\/schema\/logo\/image\/","url":"https:\/\/www.smedemokrati.sk\/wp-content\/uploads\/2023\/04\/ff.002.jpeg","contentUrl":"https:\/\/www.smedemokrati.sk\/wp-content\/uploads\/2023\/04\/ff.002.jpeg","width":640,"height":480,"caption":"Smedemokrati.sk"},"image":{"@id":"https:\/\/www.smedemokrati.sk\/#\/schema\/logo\/image\/"},"sameAs":["https:\/\/www.facebook.com\/smedemokrati2023"]},{"@type":"Person","@id":"https:\/\/www.smedemokrati.sk\/#\/schema\/person\/21f147c88d605aa7ded900e1e7c344ba","name":"miro.sopko","image":{"@type":"ImageObject","inLanguage":"sv-SE","@id":"https:\/\/secure.gravatar.com\/avatar\/267e4a36f704376c109afe3a78740c1f5dd8675a2180a908699e7863c9247606?s=96&d=mm&r=g","url":"https:\/\/secure.gravatar.com\/avatar\/267e4a36f704376c109afe3a78740c1f5dd8675a2180a908699e7863c9247606?s=96&d=mm&r=g","contentUrl":"https:\/\/secure.gravatar.com\/avatar\/267e4a36f704376c109afe3a78740c1f5dd8675a2180a908699e7863c9247606?s=96&d=mm&r=g","caption":"miro.sopko"},"url":"https:\/\/www.smedemokrati.sk\/sv\/author\/miro-sopko\/"}]}},"_links":{"self":[{"href":"https:\/\/www.smedemokrati.sk\/sv\/wp-json\/wp\/v2\/posts\/7679","targetHints":{"allow":["GET"]}}],"collection":[{"href":"https:\/\/www.smedemokrati.sk\/sv\/wp-json\/wp\/v2\/posts"}],"about":[{"href":"https:\/\/www.smedemokrati.sk\/sv\/wp-json\/wp\/v2\/types\/post"}],"author":[{"embeddable":true,"href":"https:\/\/www.smedemokrati.sk\/sv\/wp-json\/wp\/v2\/users\/13"}],"replies":[{"embeddable":true,"href":"https:\/\/www.smedemokrati.sk\/sv\/wp-json\/wp\/v2\/comments?post=7679"}],"version-history":[{"count":2,"href":"https:\/\/www.smedemokrati.sk\/sv\/wp-json\/wp\/v2\/posts\/7679\/revisions"}],"predecessor-version":[{"id":7682,"href":"https:\/\/www.smedemokrati.sk\/sv\/wp-json\/wp\/v2\/posts\/7679\/revisions\/7682"}],"wp:featuredmedia":[{"embeddable":true,"href":"https:\/\/www.smedemokrati.sk\/sv\/wp-json\/wp\/v2\/media\/7680"}],"wp:attachment":[{"href":"https:\/\/www.smedemokrati.sk\/sv\/wp-json\/wp\/v2\/media?parent=7679"}],"wp:term":[{"taxonomy":"category","embeddable":true,"href":"https:\/\/www.smedemokrati.sk\/sv\/wp-json\/wp\/v2\/categories?post=7679"},{"taxonomy":"post_tag","embeddable":true,"href":"https:\/\/www.smedemokrati.sk\/sv\/wp-json\/wp\/v2\/tags?post=7679"}],"curies":[{"name":"wp","href":"https:\/\/api.w.org\/{rel}","templated":true}]}}