{"id":7671,"date":"2025-07-08T13:48:52","date_gmt":"2025-07-08T12:48:52","guid":{"rendered":"https:\/\/www.smedemokrati.sk\/?p=7671"},"modified":"2025-07-08T13:53:09","modified_gmt":"2025-07-08T12:53:09","slug":"primator-presova-f-olha-skody-na-uzemi-presova-su-na-urovni-milionov-ziadame-vladu-aby-vyhlasila-mimoriadnu-situaciu-na-urovni-kraja","status":"publish","type":"post","link":"https:\/\/www.smedemokrati.sk\/sv\/primator-presova-f-olha-skody-na-uzemi-presova-su-na-urovni-milionov-ziadame-vladu-aby-vyhlasila-mimoriadnu-situaciu-na-urovni-kraja\/","title":{"rendered":"Prim\u00e1tor Pre\u0161ova F. O\u013eha: \u0160kody na \u00fazem\u00ed Pre\u0161ova s\u00fa na \u00farovni mili\u00f3nov, \u017eiadame vl\u00e1du, aby vyhl\u00e1sila mimoriadnu situ\u00e1ciu na \u00farovni kraja"},"content":{"rendered":"<div id=\"fb-root\"><\/div>\n\n<p><strong>Po veternej smr\u0161ti Demokrati vyz\u00fdvaj\u00fa vl\u00e1du na bezodkladn\u00e9 vyhl\u00e1senie mimoriadnej situ\u00e1cie priamo na \u00farovni kraja a vy\u010dlenenie finan\u010dn\u00fdch prostriedkov z rezervy predsedu vl\u00e1dy. Je nemyslite\u013en\u00e9, aby sa na zvl\u00e1danie d\u00f4sledkov veternej smr\u0161te museli sklada\u0165 ob\u010dania vo verejn\u00fdch zbierkach. Vl\u00e1da situ\u00e1ciu z\u00e1va\u017ene podcenila.<\/strong><\/p>\n\n\n\n<p><em>\u201eV\u010dera po 18. hodine sme vyhl\u00e1sili mimoriadnu situ\u00e1ciu na \u00farovni mesta. Tie n\u00e1sledky s\u00fa v niektor\u00fdch pr\u00edpadoch viac ne\u017e v\u00e1\u017ene, preto\u017ee evidujeme strhnut\u00e9 strechy, pol\u00e1man\u00e9 stovky stromov, desiatky po\u0161koden\u00fdch \u00e1ut a \u010fal\u0161ieho majetku ob\u010danov. Prakticky nepretr\u017eite sme v nasaden\u00ed a sna\u017e\u00edme sa \u010do najr\u00fdchlej\u0161ie vysporiada\u0165 so \u0161kodami,\u201c<\/em>&nbsp;otv\u00e1ra t\u00e9mu prim\u00e1tor mesta Pre\u0161ov Franti\u0161ek O\u013eha (Demokrati).<\/p>\n\n\n\n<p>Pokra\u010duje, \u017ee na\u010falej prebieha \u010distenie kanaliz\u00e1ci\u00ed a pripravuj\u00fa sa \u010fal\u0161ie opatrenia, a to vzh\u013eadom na nepriazniv\u00fa predpove\u010f po\u010dasia:&nbsp;<em>\u201ePomoc od ozbrojen\u00fdch s\u00edl a \u010fal\u0161\u00edch \u0161t\u00e1tnych zlo\u017eiek bude asi v istom bode nevyhnutn\u00e1. Je preto d\u00f4le\u017eit\u00e9, aby bola mimoriadna situ\u00e1cia vyhl\u00e1sen\u00e1 aj na \u00farovni kraja a o tom pr\u00e1ve rokujeme. \u010eakujem v\u0161etk\u00fdm, ktor\u00ed pom\u00e1haj\u00fa, a dovo\u013ete mi osobitne po\u010fakova\u0165 hasi\u010dsk\u00e9mu zboru, ktor\u00fd odv\u00e1dza profesion\u00e1lnu robotu.\u201c<\/em><\/p>\n\n\n\n<p><em>\u201eJe obrovsk\u00fdm \u0161\u0165ast\u00edm, \u017ee nedo\u0161lo k v\u00e1\u017enej\u0161\u00edm zraneniam. Vl\u00e1da v\u0161ak situ\u00e1ciu mimoriadne podcenila. Komunikoval som nielen s prim\u00e1torom mesta Pre\u0161ov, ale aj so starostami obc\u00ed a \u010fal\u0161\u00edch miest, kde je moment\u00e1lne vyhl\u00e1sen\u00e1 mimoriadna situ\u00e1cia. Jednozna\u010dne mala by\u0165 ihne\u010f vyhl\u00e1sen\u00e1 mimoriadna situ\u00e1cia na \u00farovni kraja. To by prispelo k lep\u0161ej koordin\u00e1cii z\u00e1chrann\u00fdch zlo\u017eiek, umo\u017enilo \u0161ir\u0161ie zapojenie ozbrojen\u00fdch s\u00edl, odbremenilo najm\u00e4 men\u0161ie obce a u\u013eah\u010dilo financovanie odstra\u0148ovania \u0161k\u00f4d. Tie m\u00f4\u017eu celoslovensky dosiahnu\u0165 desiatky mili\u00f3nov eur,\u201c&nbsp;<\/em>hovor\u00ed Michal Ki\u010da z predsedn\u00edctva Demokratov, ktor\u00fd je z\u00e1rove\u0148 enviroexpertom.<\/p>\n\n\n\n<p>Pokra\u010duje, \u017ee vl\u00e1da by sa mala n\u00e1sledkom ni\u010div\u00e9ho po\u010dasia a klimatick\u00fdch zmien kone\u010dne venova\u0165 systematicky:&nbsp;<em>\u201ePova\u017eujem za neakceptovate\u013en\u00e9, \u017ee na element\u00e1rne potreby postihnut\u00fdch ob\u010danov sa musia sklada\u0165 \u013eudia vo verejn\u00fdch zbierkach. Presne na tieto \u00fa\u010dely toti\u017e sl\u00fa\u017ei rezerva predsedu vl\u00e1dy. O jej vyu\u017eit\u00ed v\u0161ak nepo\u010du\u0165 ni\u010d. Rozumiem, \u017ee vl\u00e1da nezasad\u00e1, no je nemyslite\u013en\u00e9, \u017ee po tom, \u010do v Gelnici bola strhnut\u00e1 strecha bytovky, sa musia na opravy sklada\u0165 ob\u010dania. Vyz\u00fdvam Roberta Fica, Kali\u0148\u00e1ka a \u0160utaja E\u0161toka, aby sadli do svojich limuz\u00edn a vycestovala do zasiahnut\u00fdch miest a obc\u00ed. Dovolenky v Chorv\u00e1tsku musia po\u010dka\u0165. K miestnym zatia\u013e nikto z vl\u00e1dy nepri\u0161iel,\u201c<\/em>&nbsp;povedal Michal Ki\u010da.<\/p>\n\n\n\n<p><em>\u201eChcem odk\u00e1za\u0165 najm\u00e4 ministerstvu \u017eivotn\u00e9ho prostredia, aby kone\u010dne bralo v\u00e1\u017ene d\u00f4sledky klimatick\u00fdch zmien na obyvate\u013eov regi\u00f3nov, miest a obc\u00ed,\u201c<\/em>&nbsp;uzavrel t\u00e9mu prim\u00e1tor mesta Pre\u0161ov.<\/p>\n\n\n<div class=\"fb-video\" data-href=\"https:\/\/fb.watch\/AIBTNgJs6V\" data-allowfullscreen=\"true\" data-autoplay=\"false\" data-width=\"\" data-show-text=\"false\" data-show-captions=\"true\"><\/div>\n","protected":false},"excerpt":{"rendered":"<p>Po veternej smr\u0161ti Demokrati vyz\u00fdvaj\u00fa vl\u00e1du na bezodkladn\u00e9 vyhl\u00e1senie mimoriadnej situ\u00e1cie priamo na \u00farovni kraja a vy\u010dlenenie finan\u010dn\u00fdch prostriedkov z rezervy predsedu vl\u00e1dy. Je nemyslite\u013en\u00e9, aby sa na zvl\u00e1danie d\u00f4sledkov veternej smr\u0161te museli sklada\u0165 ob\u010dania vo verejn\u00fdch zbierkach. Vl\u00e1da situ\u00e1ciu z\u00e1va\u017ene podcenila. \u201eV\u010dera po 18. hodine sme vyhl\u00e1sili mimoriadnu situ\u00e1ciu na \u00farovni mesta. Tie n\u00e1sledky [&hellip;]<\/p>\n","protected":false},"author":13,"featured_media":7672,"comment_status":"closed","ping_status":"closed","sticky":false,"template":"","format":"standard","meta":{"_acf_changed":false,"ngg_post_thumbnail":0,"footnotes":""},"categories":[4],"tags":[],"class_list":["post-7671","post","type-post","status-publish","format-standard","has-post-thumbnail","hentry","category-tlacove-spravy"],"acf":[],"yoast_head":"<!-- This site is optimized with the Yoast SEO plugin v27.2 - https:\/\/yoast.com\/product\/yoast-seo-wordpress\/ -->\n<title>Prim\u00e1tor Pre\u0161ova F. O\u013eha: \u0160kody na \u00fazem\u00ed Pre\u0161ova s\u00fa na \u00farovni mili\u00f3nov, \u017eiadame vl\u00e1du, aby vyhl\u00e1sila mimoriadnu situ\u00e1ciu na \u00farovni kraja<\/title>\n<meta name=\"robots\" content=\"index, follow, max-snippet:-1, max-image-preview:large, max-video-preview:-1\" \/>\n<link rel=\"canonical\" href=\"https:\/\/www.smedemokrati.sk\/sv\/primator-presova-f-olha-skody-na-uzemi-presova-su-na-urovni-milionov-ziadame-vladu-aby-vyhlasila-mimoriadnu-situaciu-na-urovni-kraja\/\" \/>\n<meta property=\"og:locale\" content=\"sv_SE\" \/>\n<meta property=\"og:locale:alternate\" content=\"en_US\" \/>\n<meta property=\"og:locale:alternate\" content=\"cs_CZ\" \/>\n<meta property=\"og:locale:alternate\" content=\"hu_HU\" \/>\n<meta property=\"og:locale:alternate\" content=\"sk_SK\" \/>\n<meta property=\"og:type\" content=\"article\" \/>\n<meta property=\"og:title\" content=\"Prim\u00e1tor Pre\u0161ova F. O\u013eha: \u0160kody na \u00fazem\u00ed Pre\u0161ova s\u00fa na \u00farovni mili\u00f3nov, \u017eiadame vl\u00e1du, aby vyhl\u00e1sila mimoriadnu situ\u00e1ciu na \u00farovni kraja\" \/>\n<meta property=\"og:description\" content=\"Po veternej smr\u0161ti Demokrati vyz\u00fdvaj\u00fa vl\u00e1du na bezodkladn\u00e9 vyhl\u00e1senie mimoriadnej situ\u00e1cie priamo na \u00farovni kraja a vy\u010dlenenie finan\u010dn\u00fdch prostriedkov z rezervy predsedu vl\u00e1dy. Je nemyslite\u013en\u00e9, aby sa na zvl\u00e1danie d\u00f4sledkov veternej smr\u0161te museli sklada\u0165 ob\u010dania vo verejn\u00fdch zbierkach. Vl\u00e1da situ\u00e1ciu z\u00e1va\u017ene podcenila. \u201eV\u010dera po 18. hodine sme vyhl\u00e1sili mimoriadnu situ\u00e1ciu na \u00farovni mesta. Tie n\u00e1sledky [&hellip;]\" \/>\n<meta property=\"og:url\" content=\"https:\/\/www.smedemokrati.sk\/sv\/primator-presova-f-olha-skody-na-uzemi-presova-su-na-urovni-milionov-ziadame-vladu-aby-vyhlasila-mimoriadnu-situaciu-na-urovni-kraja\/\" \/>\n<meta property=\"og:site_name\" content=\"Smedemokrati.sk\" \/>\n<meta property=\"article:publisher\" content=\"https:\/\/www.facebook.com\/smedemokrati2023\" \/>\n<meta property=\"article:published_time\" content=\"2025-07-08T12:48:52+00:00\" \/>\n<meta property=\"article:modified_time\" content=\"2025-07-08T12:53:09+00:00\" \/>\n<meta property=\"og:image\" content=\"https:\/\/www.smedemokrati.sk\/wp-content\/uploads\/2025\/07\/olha-klimaticka-zmena.jpg\" \/>\n\t<meta property=\"og:image:width\" content=\"1518\" \/>\n\t<meta property=\"og:image:height\" content=\"863\" \/>\n\t<meta property=\"og:image:type\" content=\"image\/jpeg\" \/>\n<meta name=\"author\" content=\"miro.sopko\" \/>\n<meta name=\"twitter:card\" content=\"summary_large_image\" \/>\n<meta name=\"twitter:label1\" content=\"Skriven av\" \/>\n\t<meta name=\"twitter:data1\" content=\"miro.sopko\" \/>\n\t<meta name=\"twitter:label2\" content=\"Ber\u00e4knad l\u00e4stid\" \/>\n\t<meta name=\"twitter:data2\" content=\"3 minuter\" \/>\n<script type=\"application\/ld+json\" class=\"yoast-schema-graph\">{\"@context\":\"https:\/\/schema.org\",\"@graph\":[{\"@type\":\"Article\",\"@id\":\"https:\/\/www.smedemokrati.sk\/primator-presova-f-olha-skody-na-uzemi-presova-su-na-urovni-milionov-ziadame-vladu-aby-vyhlasila-mimoriadnu-situaciu-na-urovni-kraja\/#article\",\"isPartOf\":{\"@id\":\"https:\/\/www.smedemokrati.sk\/primator-presova-f-olha-skody-na-uzemi-presova-su-na-urovni-milionov-ziadame-vladu-aby-vyhlasila-mimoriadnu-situaciu-na-urovni-kraja\/\"},\"author\":{\"name\":\"miro.sopko\",\"@id\":\"https:\/\/www.smedemokrati.sk\/#\/schema\/person\/21f147c88d605aa7ded900e1e7c344ba\"},\"headline\":\"Prim\u00e1tor Pre\u0161ova F. O\u013eha: \u0160kody na \u00fazem\u00ed Pre\u0161ova s\u00fa na \u00farovni mili\u00f3nov, \u017eiadame vl\u00e1du, aby vyhl\u00e1sila mimoriadnu situ\u00e1ciu na \u00farovni kraja\",\"datePublished\":\"2025-07-08T12:48:52+00:00\",\"dateModified\":\"2025-07-08T12:53:09+00:00\",\"mainEntityOfPage\":{\"@id\":\"https:\/\/www.smedemokrati.sk\/primator-presova-f-olha-skody-na-uzemi-presova-su-na-urovni-milionov-ziadame-vladu-aby-vyhlasila-mimoriadnu-situaciu-na-urovni-kraja\/\"},\"wordCount\":562,\"publisher\":{\"@id\":\"https:\/\/www.smedemokrati.sk\/#organization\"},\"image\":{\"@id\":\"https:\/\/www.smedemokrati.sk\/primator-presova-f-olha-skody-na-uzemi-presova-su-na-urovni-milionov-ziadame-vladu-aby-vyhlasila-mimoriadnu-situaciu-na-urovni-kraja\/#primaryimage\"},\"thumbnailUrl\":\"https:\/\/www.smedemokrati.sk\/wp-content\/uploads\/2025\/07\/olha-klimaticka-zmena.jpg\",\"articleSection\":[\"Tla\u010dov\u00e9 spr\u00e1vy\"],\"inLanguage\":\"sv-SE\"},{\"@type\":\"WebPage\",\"@id\":\"https:\/\/www.smedemokrati.sk\/primator-presova-f-olha-skody-na-uzemi-presova-su-na-urovni-milionov-ziadame-vladu-aby-vyhlasila-mimoriadnu-situaciu-na-urovni-kraja\/\",\"url\":\"https:\/\/www.smedemokrati.sk\/primator-presova-f-olha-skody-na-uzemi-presova-su-na-urovni-milionov-ziadame-vladu-aby-vyhlasila-mimoriadnu-situaciu-na-urovni-kraja\/\",\"name\":\"Prim\u00e1tor Pre\u0161ova F. O\u013eha: \u0160kody na \u00fazem\u00ed Pre\u0161ova s\u00fa na \u00farovni mili\u00f3nov, \u017eiadame vl\u00e1du, aby vyhl\u00e1sila mimoriadnu situ\u00e1ciu na \u00farovni kraja\",\"isPartOf\":{\"@id\":\"https:\/\/www.smedemokrati.sk\/#website\"},\"primaryImageOfPage\":{\"@id\":\"https:\/\/www.smedemokrati.sk\/primator-presova-f-olha-skody-na-uzemi-presova-su-na-urovni-milionov-ziadame-vladu-aby-vyhlasila-mimoriadnu-situaciu-na-urovni-kraja\/#primaryimage\"},\"image\":{\"@id\":\"https:\/\/www.smedemokrati.sk\/primator-presova-f-olha-skody-na-uzemi-presova-su-na-urovni-milionov-ziadame-vladu-aby-vyhlasila-mimoriadnu-situaciu-na-urovni-kraja\/#primaryimage\"},\"thumbnailUrl\":\"https:\/\/www.smedemokrati.sk\/wp-content\/uploads\/2025\/07\/olha-klimaticka-zmena.jpg\",\"datePublished\":\"2025-07-08T12:48:52+00:00\",\"dateModified\":\"2025-07-08T12:53:09+00:00\",\"breadcrumb\":{\"@id\":\"https:\/\/www.smedemokrati.sk\/primator-presova-f-olha-skody-na-uzemi-presova-su-na-urovni-milionov-ziadame-vladu-aby-vyhlasila-mimoriadnu-situaciu-na-urovni-kraja\/#breadcrumb\"},\"inLanguage\":\"sv-SE\",\"potentialAction\":[{\"@type\":\"ReadAction\",\"target\":[\"https:\/\/www.smedemokrati.sk\/primator-presova-f-olha-skody-na-uzemi-presova-su-na-urovni-milionov-ziadame-vladu-aby-vyhlasila-mimoriadnu-situaciu-na-urovni-kraja\/\"]}]},{\"@type\":\"ImageObject\",\"inLanguage\":\"sv-SE\",\"@id\":\"https:\/\/www.smedemokrati.sk\/primator-presova-f-olha-skody-na-uzemi-presova-su-na-urovni-milionov-ziadame-vladu-aby-vyhlasila-mimoriadnu-situaciu-na-urovni-kraja\/#primaryimage\",\"url\":\"https:\/\/www.smedemokrati.sk\/wp-content\/uploads\/2025\/07\/olha-klimaticka-zmena.jpg\",\"contentUrl\":\"https:\/\/www.smedemokrati.sk\/wp-content\/uploads\/2025\/07\/olha-klimaticka-zmena.jpg\",\"width\":1518,\"height\":863},{\"@type\":\"BreadcrumbList\",\"@id\":\"https:\/\/www.smedemokrati.sk\/primator-presova-f-olha-skody-na-uzemi-presova-su-na-urovni-milionov-ziadame-vladu-aby-vyhlasila-mimoriadnu-situaciu-na-urovni-kraja\/#breadcrumb\",\"itemListElement\":[{\"@type\":\"ListItem\",\"position\":1,\"name\":\"Domovsk\u00e1 str\u00e1nka\",\"item\":\"https:\/\/www.smedemokrati.sk\/\"},{\"@type\":\"ListItem\",\"position\":2,\"name\":\"Prim\u00e1tor Pre\u0161ova F. O\u013eha: \u0160kody na \u00fazem\u00ed Pre\u0161ova s\u00fa na \u00farovni mili\u00f3nov, \u017eiadame vl\u00e1du, aby vyhl\u00e1sila mimoriadnu situ\u00e1ciu na \u00farovni kraja\"}]},{\"@type\":\"WebSite\",\"@id\":\"https:\/\/www.smedemokrati.sk\/#website\",\"url\":\"https:\/\/www.smedemokrati.sk\/\",\"name\":\"Smedemokrati.sk\",\"description\":\"Demokracia a slu\u0161nos\u0165 zv\u00ed\u0165az\u00ed\",\"publisher\":{\"@id\":\"https:\/\/www.smedemokrati.sk\/#organization\"},\"potentialAction\":[{\"@type\":\"SearchAction\",\"target\":{\"@type\":\"EntryPoint\",\"urlTemplate\":\"https:\/\/www.smedemokrati.sk\/?s={search_term_string}\"},\"query-input\":{\"@type\":\"PropertyValueSpecification\",\"valueRequired\":true,\"valueName\":\"search_term_string\"}}],\"inLanguage\":\"sv-SE\"},{\"@type\":\"Organization\",\"@id\":\"https:\/\/www.smedemokrati.sk\/#organization\",\"name\":\"Smedemokrati.sk\",\"url\":\"https:\/\/www.smedemokrati.sk\/\",\"logo\":{\"@type\":\"ImageObject\",\"inLanguage\":\"sv-SE\",\"@id\":\"https:\/\/www.smedemokrati.sk\/#\/schema\/logo\/image\/\",\"url\":\"https:\/\/www.smedemokrati.sk\/wp-content\/uploads\/2023\/04\/ff.002.jpeg\",\"contentUrl\":\"https:\/\/www.smedemokrati.sk\/wp-content\/uploads\/2023\/04\/ff.002.jpeg\",\"width\":640,\"height\":480,\"caption\":\"Smedemokrati.sk\"},\"image\":{\"@id\":\"https:\/\/www.smedemokrati.sk\/#\/schema\/logo\/image\/\"},\"sameAs\":[\"https:\/\/www.facebook.com\/smedemokrati2023\"]},{\"@type\":\"Person\",\"@id\":\"https:\/\/www.smedemokrati.sk\/#\/schema\/person\/21f147c88d605aa7ded900e1e7c344ba\",\"name\":\"miro.sopko\",\"image\":{\"@type\":\"ImageObject\",\"inLanguage\":\"sv-SE\",\"@id\":\"https:\/\/secure.gravatar.com\/avatar\/267e4a36f704376c109afe3a78740c1f5dd8675a2180a908699e7863c9247606?s=96&d=mm&r=g\",\"url\":\"https:\/\/secure.gravatar.com\/avatar\/267e4a36f704376c109afe3a78740c1f5dd8675a2180a908699e7863c9247606?s=96&d=mm&r=g\",\"contentUrl\":\"https:\/\/secure.gravatar.com\/avatar\/267e4a36f704376c109afe3a78740c1f5dd8675a2180a908699e7863c9247606?s=96&d=mm&r=g\",\"caption\":\"miro.sopko\"},\"url\":\"https:\/\/www.smedemokrati.sk\/sv\/author\/miro-sopko\/\"}]}<\/script>\n<!-- \/ Yoast SEO plugin. -->","yoast_head_json":{"title":"Prim\u00e1tor Pre\u0161ova F. O\u013eha: \u0160kody na \u00fazem\u00ed Pre\u0161ova s\u00fa na \u00farovni mili\u00f3nov, \u017eiadame vl\u00e1du, aby vyhl\u00e1sila mimoriadnu situ\u00e1ciu na \u00farovni kraja","robots":{"index":"index","follow":"follow","max-snippet":"max-snippet:-1","max-image-preview":"max-image-preview:large","max-video-preview":"max-video-preview:-1"},"canonical":"https:\/\/www.smedemokrati.sk\/sv\/primator-presova-f-olha-skody-na-uzemi-presova-su-na-urovni-milionov-ziadame-vladu-aby-vyhlasila-mimoriadnu-situaciu-na-urovni-kraja\/","og_locale":"sv_SE","og_type":"article","og_title":"[:sk]Prim\u00e1tor Pre\u0161ova F. O\u013eha: \u0160kody na \u00fazem\u00ed Pre\u0161ova s\u00fa na \u00farovni mili\u00f3nov, \u017eiadame vl\u00e1du, aby vyhl\u00e1sila mimoriadnu situ\u00e1ciu na \u00farovni kraja[:] - Smedemokrati.sk","og_description":"Po veternej smr\u0161ti Demokrati vyz\u00fdvaj\u00fa vl\u00e1du na bezodkladn\u00e9 vyhl\u00e1senie mimoriadnej situ\u00e1cie priamo na \u00farovni kraja a vy\u010dlenenie finan\u010dn\u00fdch prostriedkov z rezervy predsedu vl\u00e1dy. Je nemyslite\u013en\u00e9, aby sa na zvl\u00e1danie d\u00f4sledkov veternej smr\u0161te museli sklada\u0165 ob\u010dania vo verejn\u00fdch zbierkach. Vl\u00e1da situ\u00e1ciu z\u00e1va\u017ene podcenila. \u201eV\u010dera po 18. hodine sme vyhl\u00e1sili mimoriadnu situ\u00e1ciu na \u00farovni mesta. Tie n\u00e1sledky [&hellip;]","og_url":"https:\/\/www.smedemokrati.sk\/sv\/primator-presova-f-olha-skody-na-uzemi-presova-su-na-urovni-milionov-ziadame-vladu-aby-vyhlasila-mimoriadnu-situaciu-na-urovni-kraja\/","og_site_name":"Smedemokrati.sk","article_publisher":"https:\/\/www.facebook.com\/smedemokrati2023","article_published_time":"2025-07-08T12:48:52+00:00","article_modified_time":"2025-07-08T12:53:09+00:00","og_image":[{"width":1518,"height":863,"url":"https:\/\/www.smedemokrati.sk\/wp-content\/uploads\/2025\/07\/olha-klimaticka-zmena.jpg","type":"image\/jpeg"}],"author":"miro.sopko","twitter_card":"summary_large_image","twitter_misc":{"Skriven av":"miro.sopko","Ber\u00e4knad l\u00e4stid":"3 minuter"},"schema":{"@context":"https:\/\/schema.org","@graph":[{"@type":"Article","@id":"https:\/\/www.smedemokrati.sk\/primator-presova-f-olha-skody-na-uzemi-presova-su-na-urovni-milionov-ziadame-vladu-aby-vyhlasila-mimoriadnu-situaciu-na-urovni-kraja\/#article","isPartOf":{"@id":"https:\/\/www.smedemokrati.sk\/primator-presova-f-olha-skody-na-uzemi-presova-su-na-urovni-milionov-ziadame-vladu-aby-vyhlasila-mimoriadnu-situaciu-na-urovni-kraja\/"},"author":{"name":"miro.sopko","@id":"https:\/\/www.smedemokrati.sk\/#\/schema\/person\/21f147c88d605aa7ded900e1e7c344ba"},"headline":"Prim\u00e1tor Pre\u0161ova F. O\u013eha: \u0160kody na \u00fazem\u00ed Pre\u0161ova s\u00fa na \u00farovni mili\u00f3nov, \u017eiadame vl\u00e1du, aby vyhl\u00e1sila mimoriadnu situ\u00e1ciu na \u00farovni kraja","datePublished":"2025-07-08T12:48:52+00:00","dateModified":"2025-07-08T12:53:09+00:00","mainEntityOfPage":{"@id":"https:\/\/www.smedemokrati.sk\/primator-presova-f-olha-skody-na-uzemi-presova-su-na-urovni-milionov-ziadame-vladu-aby-vyhlasila-mimoriadnu-situaciu-na-urovni-kraja\/"},"wordCount":562,"publisher":{"@id":"https:\/\/www.smedemokrati.sk\/#organization"},"image":{"@id":"https:\/\/www.smedemokrati.sk\/primator-presova-f-olha-skody-na-uzemi-presova-su-na-urovni-milionov-ziadame-vladu-aby-vyhlasila-mimoriadnu-situaciu-na-urovni-kraja\/#primaryimage"},"thumbnailUrl":"https:\/\/www.smedemokrati.sk\/wp-content\/uploads\/2025\/07\/olha-klimaticka-zmena.jpg","articleSection":["Tla\u010dov\u00e9 spr\u00e1vy"],"inLanguage":"sv-SE"},{"@type":"WebPage","@id":"https:\/\/www.smedemokrati.sk\/primator-presova-f-olha-skody-na-uzemi-presova-su-na-urovni-milionov-ziadame-vladu-aby-vyhlasila-mimoriadnu-situaciu-na-urovni-kraja\/","url":"https:\/\/www.smedemokrati.sk\/primator-presova-f-olha-skody-na-uzemi-presova-su-na-urovni-milionov-ziadame-vladu-aby-vyhlasila-mimoriadnu-situaciu-na-urovni-kraja\/","name":"Prim\u00e1tor Pre\u0161ova F. O\u013eha: \u0160kody na \u00fazem\u00ed Pre\u0161ova s\u00fa na \u00farovni mili\u00f3nov, \u017eiadame vl\u00e1du, aby vyhl\u00e1sila mimoriadnu situ\u00e1ciu na \u00farovni kraja","isPartOf":{"@id":"https:\/\/www.smedemokrati.sk\/#website"},"primaryImageOfPage":{"@id":"https:\/\/www.smedemokrati.sk\/primator-presova-f-olha-skody-na-uzemi-presova-su-na-urovni-milionov-ziadame-vladu-aby-vyhlasila-mimoriadnu-situaciu-na-urovni-kraja\/#primaryimage"},"image":{"@id":"https:\/\/www.smedemokrati.sk\/primator-presova-f-olha-skody-na-uzemi-presova-su-na-urovni-milionov-ziadame-vladu-aby-vyhlasila-mimoriadnu-situaciu-na-urovni-kraja\/#primaryimage"},"thumbnailUrl":"https:\/\/www.smedemokrati.sk\/wp-content\/uploads\/2025\/07\/olha-klimaticka-zmena.jpg","datePublished":"2025-07-08T12:48:52+00:00","dateModified":"2025-07-08T12:53:09+00:00","breadcrumb":{"@id":"https:\/\/www.smedemokrati.sk\/primator-presova-f-olha-skody-na-uzemi-presova-su-na-urovni-milionov-ziadame-vladu-aby-vyhlasila-mimoriadnu-situaciu-na-urovni-kraja\/#breadcrumb"},"inLanguage":"sv-SE","potentialAction":[{"@type":"ReadAction","target":["https:\/\/www.smedemokrati.sk\/primator-presova-f-olha-skody-na-uzemi-presova-su-na-urovni-milionov-ziadame-vladu-aby-vyhlasila-mimoriadnu-situaciu-na-urovni-kraja\/"]}]},{"@type":"ImageObject","inLanguage":"sv-SE","@id":"https:\/\/www.smedemokrati.sk\/primator-presova-f-olha-skody-na-uzemi-presova-su-na-urovni-milionov-ziadame-vladu-aby-vyhlasila-mimoriadnu-situaciu-na-urovni-kraja\/#primaryimage","url":"https:\/\/www.smedemokrati.sk\/wp-content\/uploads\/2025\/07\/olha-klimaticka-zmena.jpg","contentUrl":"https:\/\/www.smedemokrati.sk\/wp-content\/uploads\/2025\/07\/olha-klimaticka-zmena.jpg","width":1518,"height":863},{"@type":"BreadcrumbList","@id":"https:\/\/www.smedemokrati.sk\/primator-presova-f-olha-skody-na-uzemi-presova-su-na-urovni-milionov-ziadame-vladu-aby-vyhlasila-mimoriadnu-situaciu-na-urovni-kraja\/#breadcrumb","itemListElement":[{"@type":"ListItem","position":1,"name":"Domovsk\u00e1 str\u00e1nka","item":"https:\/\/www.smedemokrati.sk\/"},{"@type":"ListItem","position":2,"name":"Prim\u00e1tor Pre\u0161ova F. O\u013eha: \u0160kody na \u00fazem\u00ed Pre\u0161ova s\u00fa na \u00farovni mili\u00f3nov, \u017eiadame vl\u00e1du, aby vyhl\u00e1sila mimoriadnu situ\u00e1ciu na \u00farovni kraja"}]},{"@type":"WebSite","@id":"https:\/\/www.smedemokrati.sk\/#website","url":"https:\/\/www.smedemokrati.sk\/","name":"Smedemokrati.sk","description":"Demokracia a slu\u0161nos\u0165 zv\u00ed\u0165az\u00ed","publisher":{"@id":"https:\/\/www.smedemokrati.sk\/#organization"},"potentialAction":[{"@type":"SearchAction","target":{"@type":"EntryPoint","urlTemplate":"https:\/\/www.smedemokrati.sk\/?s={search_term_string}"},"query-input":{"@type":"PropertyValueSpecification","valueRequired":true,"valueName":"search_term_string"}}],"inLanguage":"sv-SE"},{"@type":"Organization","@id":"https:\/\/www.smedemokrati.sk\/#organization","name":"Smedemokrati.sk","url":"https:\/\/www.smedemokrati.sk\/","logo":{"@type":"ImageObject","inLanguage":"sv-SE","@id":"https:\/\/www.smedemokrati.sk\/#\/schema\/logo\/image\/","url":"https:\/\/www.smedemokrati.sk\/wp-content\/uploads\/2023\/04\/ff.002.jpeg","contentUrl":"https:\/\/www.smedemokrati.sk\/wp-content\/uploads\/2023\/04\/ff.002.jpeg","width":640,"height":480,"caption":"Smedemokrati.sk"},"image":{"@id":"https:\/\/www.smedemokrati.sk\/#\/schema\/logo\/image\/"},"sameAs":["https:\/\/www.facebook.com\/smedemokrati2023"]},{"@type":"Person","@id":"https:\/\/www.smedemokrati.sk\/#\/schema\/person\/21f147c88d605aa7ded900e1e7c344ba","name":"miro.sopko","image":{"@type":"ImageObject","inLanguage":"sv-SE","@id":"https:\/\/secure.gravatar.com\/avatar\/267e4a36f704376c109afe3a78740c1f5dd8675a2180a908699e7863c9247606?s=96&d=mm&r=g","url":"https:\/\/secure.gravatar.com\/avatar\/267e4a36f704376c109afe3a78740c1f5dd8675a2180a908699e7863c9247606?s=96&d=mm&r=g","contentUrl":"https:\/\/secure.gravatar.com\/avatar\/267e4a36f704376c109afe3a78740c1f5dd8675a2180a908699e7863c9247606?s=96&d=mm&r=g","caption":"miro.sopko"},"url":"https:\/\/www.smedemokrati.sk\/sv\/author\/miro-sopko\/"}]}},"_links":{"self":[{"href":"https:\/\/www.smedemokrati.sk\/sv\/wp-json\/wp\/v2\/posts\/7671","targetHints":{"allow":["GET"]}}],"collection":[{"href":"https:\/\/www.smedemokrati.sk\/sv\/wp-json\/wp\/v2\/posts"}],"about":[{"href":"https:\/\/www.smedemokrati.sk\/sv\/wp-json\/wp\/v2\/types\/post"}],"author":[{"embeddable":true,"href":"https:\/\/www.smedemokrati.sk\/sv\/wp-json\/wp\/v2\/users\/13"}],"replies":[{"embeddable":true,"href":"https:\/\/www.smedemokrati.sk\/sv\/wp-json\/wp\/v2\/comments?post=7671"}],"version-history":[{"count":1,"href":"https:\/\/www.smedemokrati.sk\/sv\/wp-json\/wp\/v2\/posts\/7671\/revisions"}],"predecessor-version":[{"id":7673,"href":"https:\/\/www.smedemokrati.sk\/sv\/wp-json\/wp\/v2\/posts\/7671\/revisions\/7673"}],"wp:featuredmedia":[{"embeddable":true,"href":"https:\/\/www.smedemokrati.sk\/sv\/wp-json\/wp\/v2\/media\/7672"}],"wp:attachment":[{"href":"https:\/\/www.smedemokrati.sk\/sv\/wp-json\/wp\/v2\/media?parent=7671"}],"wp:term":[{"taxonomy":"category","embeddable":true,"href":"https:\/\/www.smedemokrati.sk\/sv\/wp-json\/wp\/v2\/categories?post=7671"},{"taxonomy":"post_tag","embeddable":true,"href":"https:\/\/www.smedemokrati.sk\/sv\/wp-json\/wp\/v2\/tags?post=7671"}],"curies":[{"name":"wp","href":"https:\/\/api.w.org\/{rel}","templated":true}]}}